{"id":1507,"date":"2019-01-05T14:37:22","date_gmt":"2019-01-05T12:37:22","guid":{"rendered":"https:\/\/www.welovecycling.com\/nl\/?p=1507"},"modified":"2019-02-04T14:39:12","modified_gmt":"2019-02-04T12:39:12","slug":"dumoulin-minder-tevreden-over-tour-parcours-focus-op-de-giro","status":"publish","type":"post","link":"https:\/\/www.welovecycling.com\/nl\/dumoulin-minder-tevreden-over-tour-parcours-focus-op-de-giro\/","title":{"rendered":"Dumoulin minder tevreden over Tour-parcours; focus op de Giro"},"content":{"rendered":"<p><strong>Sunweb-renner Dumoulin hoopt op een herhaling van 2017. Net als toen wil hij dit seizoen de roze trui winnen. En hoewel hij niet erg blij is met het voorgestelde parcours van de Tour de France, keert hij ook daar terug.<\/strong><\/p>\n<p>\u201cHet parcours van de Tour werd bekendgemaakt toen ik op huwelijksreis was en midden in de bergen van Nepal zat. Ik zat met m\u2019n vrouw in een cabine op 3.000 meter hoogte. Toen we weer verbinding met Wi-Fi hadden, keek ik even op m\u2019n telefoon. Ik was toen ietwat teleurgesteld over het parcours.\u201d<\/p>\n<p><a href=\"https:\/\/d2p6e6u75xmxt8.cloudfront.net\/11\/2019\/02\/profimedia-0373173600.jpg\"><img loading=\"lazy\" decoding=\"async\" class=\"size-full wp-image-1508\" src=\"https:\/\/d2p6e6u75xmxt8.cloudfront.net\/11\/2019\/02\/profimedia-0373173600.jpg\" alt=\"\" width=\"1250\" height=\"833\" srcset=\"https:\/\/d2p6e6u75xmxt8.cloudfront.net\/11\/2019\/02\/profimedia-0373173600.jpg 1250w, https:\/\/d2p6e6u75xmxt8.cloudfront.net\/11\/2019\/02\/profimedia-0373173600-300x200.jpg 300w, https:\/\/d2p6e6u75xmxt8.cloudfront.net\/11\/2019\/02\/profimedia-0373173600-768x512.jpg 768w, https:\/\/d2p6e6u75xmxt8.cloudfront.net\/11\/2019\/02\/profimedia-0373173600-1024x682.jpg 1024w, https:\/\/d2p6e6u75xmxt8.cloudfront.net\/11\/2019\/02\/profimedia-0373173600-272x182.jpg 272w\" sizes=\"auto, (max-width: 1250px) 100vw, 1250px\" \/><\/a><span style=\"font-size: 12pt;\">Het moet een behoorlijke tegenvaller zijn geweest voor de Nederlander. Dumoulin geeft namelijk aan dat algemeen manager Iwan Spekenbrink van Sunweb en hijzelf al hun zinnen op de Tour hadden gezet.\u00a0<\/span><\/p>\n<p><span style=\"font-size: 12pt;\">\u201cNa de presentatie van de Tour begon ik te twijfelen of de Tour wel h\u00e9t doel moest zijn. Ik schreef (naar Spekenbrink, red.): \u2018Voordat je een besluit neemt, moeten we praten.\u2019 Het team heeft uiteindelijk de knoop doorgehakt. Het was een moeilijke keuze, omdat ik weet dat er niet heel veel jaren resten om de Tour te kunnen winnen. Maar 2019 is gewoon geen goed jaar om alles op de Tour te zetten.\u201d<\/span><\/p>\n<p><span style=\"font-size: 12pt;\">De Giro is meer op het lijf geschreven van Dumoulin, aangezien daar 58,5 tijdritkilometers in zitten, verdeeld over drie individuele tijdritten. De Tour heeft 54 tijdritkilometers, maar de helft daarvan wordt afgelegd tijdens een ploegentijdrit. Chris Froome keert dit jaar niet terug naar Itali\u00eb, maar desalniettemin is de concurrentie ongekend groot. Vincenzo Nibali, Simon Yates, Primo\u017e Rogli\u010d en Egan Bernal zijn enkele van de grote namen. De 28-jarige Dumoulin kijkt er naar uit om de strijd met hen aan te gaan.<\/span><\/p>\n<figure id=\"attachment_1509\" aria-describedby=\"caption-attachment-1509\" style=\"width: 1250px\" class=\"wp-caption alignnone\"><a href=\"https:\/\/d2p6e6u75xmxt8.cloudfront.net\/11\/2019\/02\/profimedia-0379501303.jpg\"><img loading=\"lazy\" decoding=\"async\" class=\"size-full wp-image-1509\" src=\"https:\/\/d2p6e6u75xmxt8.cloudfront.net\/11\/2019\/02\/profimedia-0379501303.jpg\" alt=\"\" width=\"1250\" height=\"832\" srcset=\"https:\/\/d2p6e6u75xmxt8.cloudfront.net\/11\/2019\/02\/profimedia-0379501303.jpg 1250w, https:\/\/d2p6e6u75xmxt8.cloudfront.net\/11\/2019\/02\/profimedia-0379501303-300x200.jpg 300w, https:\/\/d2p6e6u75xmxt8.cloudfront.net\/11\/2019\/02\/profimedia-0379501303-768x511.jpg 768w, https:\/\/d2p6e6u75xmxt8.cloudfront.net\/11\/2019\/02\/profimedia-0379501303-1024x682.jpg 1024w, https:\/\/d2p6e6u75xmxt8.cloudfront.net\/11\/2019\/02\/profimedia-0379501303-272x182.jpg 272w\" sizes=\"auto, (max-width: 1250px) 100vw, 1250px\" \/><\/a><figcaption id=\"caption-attachment-1509\" class=\"wp-caption-text\">Primoz Roglic and Tom Dumoulin ride in the last kilometers of the 17th stage of the 2018 Tour de France.\u00a0\u00a9 Profimedia, AFP<\/figcaption><\/figure>\n<p>&nbsp;<\/p>\n<p>\u201cIk zie het plan erg zitten om van de Giro weer mijn hoofddoel te maken, omdat ik denk dat dat de grote ronde is die me het beste ligt.\u201d<\/p>\n<p>Hij geeft echter toe dat hij hoopt ooit te kunnen juichen in Parijs.<\/p>\n<p>\u201cZeker na afgelopen jaar heb ik gevoeld dat ik echt heel graag een keer de Tour de France wil winnen. Dat zou het ultieme zijn en ik weet nu ook dat die droom waarheid kan worden. Ik hoop dit jaar opnieuw goed in de Tour te zijn, maar dit is niet het juiste seizoen om me volledig op die ronde te richten.\u201d<\/p>\n","protected":false},"excerpt":{"rendered":"<p>Sunweb-renner Dumoulin hoopt op een herhaling van 2017. Net als toen wil hij dit seizoen de roze trui winnen. En [&hellip;]<\/p>\n","protected":false},"author":64,"featured_media":1511,"comment_status":"open","ping_status":"open","sticky":false,"template":"","format":"standard","meta":{"footnotes":""},"categories":[12,5],"tags":[16,17,13],"global-categories":[],"class_list":["post-1507","post","type-post","status-publish","format-standard","has-post-thumbnail","hentry","category-tour-de-france-2019","category-wielrennen","tag-dumoulin","tag-giro-ditalia","tag-tour-de-france"],"yoast_head":"<!-- This site is optimized with the Yoast SEO Premium plugin v25.3 (Yoast SEO v25.9) - https:\/\/yoast.com\/wordpress\/plugins\/seo\/ -->\n<title>Dumoulin minder tevreden over Tour-parcours; focus op de Giro - \u0160koda - We Love Cycling - Netherland<\/title>\n<meta name=\"robots\" content=\"index, follow, max-snippet:-1, max-image-preview:large, max-video-preview:-1\" \/>\n<link rel=\"canonical\" href=\"https:\/\/www.welovecycling.com\/nl\/dumoulin-minder-tevreden-over-tour-parcours-focus-op-de-giro\/\" \/>\n<meta property=\"og:locale\" content=\"nl_NL\" \/>\n<meta property=\"og:type\" content=\"article\" \/>\n<meta property=\"og:title\" content=\"Dumoulin minder tevreden over Tour-parcours; focus op de Giro\" \/>\n<meta property=\"og:description\" content=\"Sunweb-renner Dumoulin hoopt op een herhaling van 2017. Net als toen wil hij dit seizoen de roze trui winnen. En [&hellip;]\" \/>\n<meta property=\"og:url\" content=\"https:\/\/www.welovecycling.com\/nl\/dumoulin-minder-tevreden-over-tour-parcours-focus-op-de-giro\/\" \/>\n<meta property=\"og:site_name\" content=\"\u0160koda - We Love Cycling - Netherland\" \/>\n<meta property=\"article:published_time\" content=\"2019-01-05T12:37:22+00:00\" \/>\n<meta property=\"article:modified_time\" content=\"2019-02-04T12:39:12+00:00\" \/>\n<meta property=\"og:image\" content=\"https:\/\/d2p6e6u75xmxt8.cloudfront.net\/11\/2019\/02\/Tom-Dumoulin-profimedia-0405156045.jpg\" \/>\n\t<meta property=\"og:image:width\" content=\"1366\" \/>\n\t<meta property=\"og:image:height\" content=\"600\" \/>\n\t<meta property=\"og:image:type\" content=\"image\/jpeg\" \/>\n<meta name=\"author\" content=\"sjoukje.ursem\" \/>\n<meta name=\"twitter:card\" content=\"summary_large_image\" \/>\n<meta name=\"twitter:label1\" content=\"Written by\" \/>\n\t<meta name=\"twitter:data1\" content=\"Monica Buck\" \/>\n\t<meta name=\"twitter:label2\" content=\"Est. reading time\" \/>\n\t<meta name=\"twitter:data2\" content=\"4\" \/>\n<script type=\"application\/ld+json\" class=\"yoast-schema-graph\">{\"@context\":\"https:\/\/schema.org\",\"@graph\":[{\"@type\":\"WebPage\",\"@id\":\"https:\/\/www.welovecycling.com\/nl\/dumoulin-minder-tevreden-over-tour-parcours-focus-op-de-giro\/\",\"url\":\"https:\/\/www.welovecycling.com\/nl\/dumoulin-minder-tevreden-over-tour-parcours-focus-op-de-giro\/\",\"name\":\"Dumoulin minder tevreden over Tour-parcours; focus op de Giro - \u0160koda - We Love Cycling - Netherland\",\"isPartOf\":{\"@id\":\"https:\/\/www.welovecycling.com\/nl\/#website\"},\"primaryImageOfPage\":{\"@id\":\"https:\/\/www.welovecycling.com\/nl\/dumoulin-minder-tevreden-over-tour-parcours-focus-op-de-giro\/#primaryimage\"},\"image\":{\"@id\":\"https:\/\/www.welovecycling.com\/nl\/dumoulin-minder-tevreden-over-tour-parcours-focus-op-de-giro\/#primaryimage\"},\"thumbnailUrl\":\"https:\/\/d2p6e6u75xmxt8.cloudfront.net\/11\/2019\/02\/Tom-Dumoulin-profimedia-0405156045.jpg\",\"datePublished\":\"2019-01-05T12:37:22+00:00\",\"dateModified\":\"2019-02-04T12:39:12+00:00\",\"author\":{\"@id\":\"https:\/\/www.welovecycling.com\/nl\/#\/schema\/person\/7c6490f8e66e59aca1731df4a9d57edf\"},\"breadcrumb\":{\"@id\":\"https:\/\/www.welovecycling.com\/nl\/dumoulin-minder-tevreden-over-tour-parcours-focus-op-de-giro\/#breadcrumb\"},\"inLanguage\":\"nl\",\"potentialAction\":[{\"@type\":\"ReadAction\",\"target\":[\"https:\/\/www.welovecycling.com\/nl\/dumoulin-minder-tevreden-over-tour-parcours-focus-op-de-giro\/\"]}]},{\"@type\":\"ImageObject\",\"inLanguage\":\"nl\",\"@id\":\"https:\/\/www.welovecycling.com\/nl\/dumoulin-minder-tevreden-over-tour-parcours-focus-op-de-giro\/#primaryimage\",\"url\":\"https:\/\/d2p6e6u75xmxt8.cloudfront.net\/11\/2019\/02\/Tom-Dumoulin-profimedia-0405156045.jpg\",\"contentUrl\":\"https:\/\/d2p6e6u75xmxt8.cloudfront.net\/11\/2019\/02\/Tom-Dumoulin-profimedia-0405156045.jpg\",\"width\":1366,\"height\":600},{\"@type\":\"BreadcrumbList\",\"@id\":\"https:\/\/www.welovecycling.com\/nl\/dumoulin-minder-tevreden-over-tour-parcours-focus-op-de-giro\/#breadcrumb\",\"itemListElement\":[{\"@type\":\"ListItem\",\"position\":1,\"name\":\"Home\",\"item\":\"https:\/\/www.welovecycling.com\/nl\/\"},{\"@type\":\"ListItem\",\"position\":2,\"name\":\"Dumoulin minder tevreden over Tour-parcours; focus op de Giro\"}]},{\"@type\":\"WebSite\",\"@id\":\"https:\/\/www.welovecycling.com\/nl\/#website\",\"url\":\"https:\/\/www.welovecycling.com\/nl\/\",\"name\":\"\u0160koda - We Love Cycling - Netherland\",\"description\":\"\u0160koda We Love Cycling - Netherland\",\"potentialAction\":[{\"@type\":\"SearchAction\",\"target\":{\"@type\":\"EntryPoint\",\"urlTemplate\":\"https:\/\/www.welovecycling.com\/nl\/?s={search_term_string}\"},\"query-input\":{\"@type\":\"PropertyValueSpecification\",\"valueRequired\":true,\"valueName\":\"search_term_string\"}}],\"inLanguage\":\"nl\"},{\"@type\":\"Person\",\"@id\":\"https:\/\/www.welovecycling.com\/nl\/#\/schema\/person\/7c6490f8e66e59aca1731df4a9d57edf\",\"name\":\"sjoukje.ursem\",\"image\":{\"@type\":\"ImageObject\",\"inLanguage\":\"nl\",\"@id\":\"https:\/\/www.welovecycling.com\/nl\/#\/schema\/person\/image\/\",\"url\":\"https:\/\/secure.gravatar.com\/avatar\/017bbcda7dfd84aa890830525b7366b3d4bcd1c9d1966b4fe6e52a845e149cdf?s=96&d=mm&r=g\",\"contentUrl\":\"https:\/\/secure.gravatar.com\/avatar\/017bbcda7dfd84aa890830525b7366b3d4bcd1c9d1966b4fe6e52a845e149cdf?s=96&d=mm&r=g\",\"caption\":\"sjoukje.ursem\"},\"url\":\"https:\/\/www.welovecycling.com\/nl\/author\/sjoukje-ursem\/\"}]}<\/script>\n<!-- \/ Yoast SEO Premium plugin. -->","yoast_head_json":{"title":"Dumoulin minder tevreden over Tour-parcours; focus op de Giro - \u0160koda - We Love Cycling - Netherland","robots":{"index":"index","follow":"follow","max-snippet":"max-snippet:-1","max-image-preview":"max-image-preview:large","max-video-preview":"max-video-preview:-1"},"canonical":"https:\/\/www.welovecycling.com\/nl\/dumoulin-minder-tevreden-over-tour-parcours-focus-op-de-giro\/","og_locale":"nl_NL","og_type":"article","og_title":"Dumoulin minder tevreden over Tour-parcours; focus op de Giro","og_description":"Sunweb-renner Dumoulin hoopt op een herhaling van 2017. Net als toen wil hij dit seizoen de roze trui winnen. En [&hellip;]","og_url":"https:\/\/www.welovecycling.com\/nl\/dumoulin-minder-tevreden-over-tour-parcours-focus-op-de-giro\/","og_site_name":"\u0160koda - We Love Cycling - Netherland","article_published_time":"2019-01-05T12:37:22+00:00","article_modified_time":"2019-02-04T12:39:12+00:00","og_image":[{"width":1366,"height":600,"url":"https:\/\/d2p6e6u75xmxt8.cloudfront.net\/11\/2019\/02\/Tom-Dumoulin-profimedia-0405156045.jpg","type":"image\/jpeg"}],"author":"sjoukje.ursem","twitter_card":"summary_large_image","twitter_misc":{"Written by":"Monica Buck","Est. reading time":"4"},"schema":{"@context":"https:\/\/schema.org","@graph":[{"@type":"WebPage","@id":"https:\/\/www.welovecycling.com\/nl\/dumoulin-minder-tevreden-over-tour-parcours-focus-op-de-giro\/","url":"https:\/\/www.welovecycling.com\/nl\/dumoulin-minder-tevreden-over-tour-parcours-focus-op-de-giro\/","name":"Dumoulin minder tevreden over Tour-parcours; focus op de Giro - \u0160koda - We Love Cycling - Netherland","isPartOf":{"@id":"https:\/\/www.welovecycling.com\/nl\/#website"},"primaryImageOfPage":{"@id":"https:\/\/www.welovecycling.com\/nl\/dumoulin-minder-tevreden-over-tour-parcours-focus-op-de-giro\/#primaryimage"},"image":{"@id":"https:\/\/www.welovecycling.com\/nl\/dumoulin-minder-tevreden-over-tour-parcours-focus-op-de-giro\/#primaryimage"},"thumbnailUrl":"https:\/\/d2p6e6u75xmxt8.cloudfront.net\/11\/2019\/02\/Tom-Dumoulin-profimedia-0405156045.jpg","datePublished":"2019-01-05T12:37:22+00:00","dateModified":"2019-02-04T12:39:12+00:00","author":{"@id":"https:\/\/www.welovecycling.com\/nl\/#\/schema\/person\/7c6490f8e66e59aca1731df4a9d57edf"},"breadcrumb":{"@id":"https:\/\/www.welovecycling.com\/nl\/dumoulin-minder-tevreden-over-tour-parcours-focus-op-de-giro\/#breadcrumb"},"inLanguage":"nl","potentialAction":[{"@type":"ReadAction","target":["https:\/\/www.welovecycling.com\/nl\/dumoulin-minder-tevreden-over-tour-parcours-focus-op-de-giro\/"]}]},{"@type":"ImageObject","inLanguage":"nl","@id":"https:\/\/www.welovecycling.com\/nl\/dumoulin-minder-tevreden-over-tour-parcours-focus-op-de-giro\/#primaryimage","url":"https:\/\/d2p6e6u75xmxt8.cloudfront.net\/11\/2019\/02\/Tom-Dumoulin-profimedia-0405156045.jpg","contentUrl":"https:\/\/d2p6e6u75xmxt8.cloudfront.net\/11\/2019\/02\/Tom-Dumoulin-profimedia-0405156045.jpg","width":1366,"height":600},{"@type":"BreadcrumbList","@id":"https:\/\/www.welovecycling.com\/nl\/dumoulin-minder-tevreden-over-tour-parcours-focus-op-de-giro\/#breadcrumb","itemListElement":[{"@type":"ListItem","position":1,"name":"Home","item":"https:\/\/www.welovecycling.com\/nl\/"},{"@type":"ListItem","position":2,"name":"Dumoulin minder tevreden over Tour-parcours; focus op de Giro"}]},{"@type":"WebSite","@id":"https:\/\/www.welovecycling.com\/nl\/#website","url":"https:\/\/www.welovecycling.com\/nl\/","name":"\u0160koda - We Love Cycling - Netherland","description":"\u0160koda We Love Cycling - Netherland","potentialAction":[{"@type":"SearchAction","target":{"@type":"EntryPoint","urlTemplate":"https:\/\/www.welovecycling.com\/nl\/?s={search_term_string}"},"query-input":{"@type":"PropertyValueSpecification","valueRequired":true,"valueName":"search_term_string"}}],"inLanguage":"nl"},{"@type":"Person","@id":"https:\/\/www.welovecycling.com\/nl\/#\/schema\/person\/7c6490f8e66e59aca1731df4a9d57edf","name":"sjoukje.ursem","image":{"@type":"ImageObject","inLanguage":"nl","@id":"https:\/\/www.welovecycling.com\/nl\/#\/schema\/person\/image\/","url":"https:\/\/secure.gravatar.com\/avatar\/017bbcda7dfd84aa890830525b7366b3d4bcd1c9d1966b4fe6e52a845e149cdf?s=96&d=mm&r=g","contentUrl":"https:\/\/secure.gravatar.com\/avatar\/017bbcda7dfd84aa890830525b7366b3d4bcd1c9d1966b4fe6e52a845e149cdf?s=96&d=mm&r=g","caption":"sjoukje.ursem"},"url":"https:\/\/www.welovecycling.com\/nl\/author\/sjoukje-ursem\/"}]}},"_links":{"self":[{"href":"https:\/\/www.welovecycling.com\/nl\/wp-json\/wp\/v2\/posts\/1507","targetHints":{"allow":["GET"]}}],"collection":[{"href":"https:\/\/www.welovecycling.com\/nl\/wp-json\/wp\/v2\/posts"}],"about":[{"href":"https:\/\/www.welovecycling.com\/nl\/wp-json\/wp\/v2\/types\/post"}],"author":[{"embeddable":true,"href":"https:\/\/www.welovecycling.com\/nl\/wp-json\/wp\/v2\/users\/64"}],"replies":[{"embeddable":true,"href":"https:\/\/www.welovecycling.com\/nl\/wp-json\/wp\/v2\/comments?post=1507"}],"version-history":[{"count":2,"href":"https:\/\/www.welovecycling.com\/nl\/wp-json\/wp\/v2\/posts\/1507\/revisions"}],"predecessor-version":[{"id":1524,"href":"https:\/\/www.welovecycling.com\/nl\/wp-json\/wp\/v2\/posts\/1507\/revisions\/1524"}],"wp:featuredmedia":[{"embeddable":true,"href":"https:\/\/www.welovecycling.com\/nl\/wp-json\/wp\/v2\/media\/1511"}],"wp:attachment":[{"href":"https:\/\/www.welovecycling.com\/nl\/wp-json\/wp\/v2\/media?parent=1507"}],"wp:term":[{"taxonomy":"category","embeddable":true,"href":"https:\/\/www.welovecycling.com\/nl\/wp-json\/wp\/v2\/categories?post=1507"},{"taxonomy":"post_tag","embeddable":true,"href":"https:\/\/www.welovecycling.com\/nl\/wp-json\/wp\/v2\/tags?post=1507"},{"taxonomy":"global-categories","embeddable":true,"href":"https:\/\/www.welovecycling.com\/nl\/wp-json\/wp\/v2\/global-categories?post=1507"}],"curies":[{"name":"wp","href":"https:\/\/api.w.org\/{rel}","templated":true}]}}