{"id":1441,"date":"2018-09-06T16:43:50","date_gmt":"2018-09-06T14:43:50","guid":{"rendered":"https:\/\/www.welovecycling.com\/nl\/?p=1441"},"modified":"2018-09-06T16:43:50","modified_gmt":"2018-09-06T14:43:50","slug":"een-kijkje-in-de-keuken-bij-de-bikes-coffee-shop-van-den-haag","status":"publish","type":"post","link":"https:\/\/www.welovecycling.com\/nl\/een-kijkje-in-de-keuken-bij-de-bikes-coffee-shop-van-den-haag\/","title":{"rendered":"Een kijkje in de keuken bij de \u2018Bikes &#038; Coffee\u2019 shop van Den Haag"},"content":{"rendered":"<p><strong>Je kunt niet langs Lola Bikes and Coffee Shop lopen zonder er even naar binnen te gaan. Dat is precies wat we ervaarden tijdens ons bezoek aan Den Haag in Nederland. We wilden een snelle blik in het caf\u00e9 werpen. Maar de korte koffiepauze mondde uit in een interview met Nick Bons, eigenaar van \u00e9\u00e9n van de mooiste wielerclubs van Europa.<\/strong><!--more--><\/p>\n<p><em><strong>Nick, zou je de zaak eens willen voorstellen aan ons?<\/strong><\/em><\/p>\n<p>Het is een fietsen- en koffiezaak in \u00e9\u00e9n. We bestaan sinds 2012 en daarmee zijn we in Nederland de eerste club in onze soort. Met behulp van crowdfunding namen we de zaak over van de vorige eigenaar. Het zijn dus fietsers die Lola in eigendom hebben. Koffie en fietscultuur nemen een bijzondere plaats bij ons in. We maken daarbij koffie bij wedstrijden om de UCI MTB wereldbeker en ondersteunen de Child Cancer Foundation. Elk jaar fietsen we daarvoor. We hebben ook ons eigen team in Kampala, in Uganda. We proberen echt aan onze omgeving te denken.\u201d<\/p>\n<figure id=\"attachment_1442\" aria-describedby=\"caption-attachment-1442\" style=\"width: 1377px\" class=\"wp-caption alignnone\"><a href=\"https:\/\/d2p6e6u75xmxt8.cloudfront.net\/11\/2018\/08\/AdamMarsalLola.jpg\"><img loading=\"lazy\" decoding=\"async\" class=\"size-full wp-image-1442\" src=\"https:\/\/d2p6e6u75xmxt8.cloudfront.net\/11\/2018\/08\/AdamMarsalLola.jpg\" alt=\"\" width=\"1377\" height=\"918\" srcset=\"https:\/\/d2p6e6u75xmxt8.cloudfront.net\/11\/2018\/08\/AdamMarsalLola.jpg 1377w, https:\/\/d2p6e6u75xmxt8.cloudfront.net\/11\/2018\/08\/AdamMarsalLola-300x200.jpg 300w, https:\/\/d2p6e6u75xmxt8.cloudfront.net\/11\/2018\/08\/AdamMarsalLola-768x512.jpg 768w, https:\/\/d2p6e6u75xmxt8.cloudfront.net\/11\/2018\/08\/AdamMarsalLola-1024x683.jpg 1024w, https:\/\/d2p6e6u75xmxt8.cloudfront.net\/11\/2018\/08\/AdamMarsalLola-272x182.jpg 272w\" sizes=\"auto, (max-width: 1377px) 100vw, 1377px\" \/><\/a><figcaption id=\"caption-attachment-1442\" class=\"wp-caption-text\">Nick Bons, the owner of one of the most beautiful cycling clubs in Europe<\/figcaption><\/figure>\n<div id='gallery-1' class='gallery galleryid-1441 gallery-columns-3 gallery-size-large'><figure class='gallery-item'>\n\t\t\t<div class='gallery-icon landscape'>\n\t\t\t\t<a href='https:\/\/d2p6e6u75xmxt8.cloudfront.net\/11\/2018\/08\/AdamMarsalLola1.jpg'><img loading=\"lazy\" decoding=\"async\" width=\"1024\" height=\"683\" src=\"https:\/\/d2p6e6u75xmxt8.cloudfront.net\/11\/2018\/08\/AdamMarsalLola1-1024x683.jpg\" class=\"attachment-large size-large\" alt=\"\" srcset=\"https:\/\/d2p6e6u75xmxt8.cloudfront.net\/11\/2018\/08\/AdamMarsalLola1-1024x683.jpg 1024w, https:\/\/d2p6e6u75xmxt8.cloudfront.net\/11\/2018\/08\/AdamMarsalLola1-300x200.jpg 300w, https:\/\/d2p6e6u75xmxt8.cloudfront.net\/11\/2018\/08\/AdamMarsalLola1-768x512.jpg 768w, https:\/\/d2p6e6u75xmxt8.cloudfront.net\/11\/2018\/08\/AdamMarsalLola1-272x182.jpg 272w, https:\/\/d2p6e6u75xmxt8.cloudfront.net\/11\/2018\/08\/AdamMarsalLola1.jpg 1377w\" sizes=\"auto, (max-width: 1024px) 100vw, 1024px\" \/><\/a>\n\t\t\t<\/div><\/figure><figure class='gallery-item'>\n\t\t\t<div class='gallery-icon landscape'>\n\t\t\t\t<a href='https:\/\/d2p6e6u75xmxt8.cloudfront.net\/11\/2018\/08\/AdamMarsalLola5.jpg'><img loading=\"lazy\" decoding=\"async\" width=\"1024\" height=\"683\" src=\"https:\/\/d2p6e6u75xmxt8.cloudfront.net\/11\/2018\/08\/AdamMarsalLola5-1024x683.jpg\" class=\"attachment-large size-large\" alt=\"\" srcset=\"https:\/\/d2p6e6u75xmxt8.cloudfront.net\/11\/2018\/08\/AdamMarsalLola5-1024x683.jpg 1024w, https:\/\/d2p6e6u75xmxt8.cloudfront.net\/11\/2018\/08\/AdamMarsalLola5-300x200.jpg 300w, https:\/\/d2p6e6u75xmxt8.cloudfront.net\/11\/2018\/08\/AdamMarsalLola5-768x512.jpg 768w, https:\/\/d2p6e6u75xmxt8.cloudfront.net\/11\/2018\/08\/AdamMarsalLola5-272x182.jpg 272w, https:\/\/d2p6e6u75xmxt8.cloudfront.net\/11\/2018\/08\/AdamMarsalLola5.jpg 1377w\" sizes=\"auto, (max-width: 1024px) 100vw, 1024px\" \/><\/a>\n\t\t\t<\/div><\/figure><figure class='gallery-item'>\n\t\t\t<div class='gallery-icon landscape'>\n\t\t\t\t<a href='https:\/\/d2p6e6u75xmxt8.cloudfront.net\/11\/2018\/08\/AdamMarsalLola7.jpg'><img loading=\"lazy\" decoding=\"async\" width=\"1024\" height=\"683\" src=\"https:\/\/d2p6e6u75xmxt8.cloudfront.net\/11\/2018\/08\/AdamMarsalLola7-1024x683.jpg\" class=\"attachment-large size-large\" alt=\"\" srcset=\"https:\/\/d2p6e6u75xmxt8.cloudfront.net\/11\/2018\/08\/AdamMarsalLola7-1024x683.jpg 1024w, https:\/\/d2p6e6u75xmxt8.cloudfront.net\/11\/2018\/08\/AdamMarsalLola7-300x200.jpg 300w, https:\/\/d2p6e6u75xmxt8.cloudfront.net\/11\/2018\/08\/AdamMarsalLola7-768x512.jpg 768w, https:\/\/d2p6e6u75xmxt8.cloudfront.net\/11\/2018\/08\/AdamMarsalLola7-272x182.jpg 272w, https:\/\/d2p6e6u75xmxt8.cloudfront.net\/11\/2018\/08\/AdamMarsalLola7.jpg 1377w\" sizes=\"auto, (max-width: 1024px) 100vw, 1024px\" \/><\/a>\n\t\t\t<\/div><\/figure>\n\t\t<\/div>\n\n<p><em><strong>Heb je voorbeelden?<\/strong><\/em><\/p>\n<p>We gebruiken biologische koffiebonen uit Peru en Colombia. We hebben bewust voor Colombia gekozen. Niet alleen omdat dat een geweldig koffieland is, maar ook omdat wielrennen er steeds populairder wordt. Dat is een goede combinatie.<\/p>\n<p><em><strong>Ik heb begrepen dat er ook fietsritten vanuit de zaak starten. Klopt dat?<\/strong><\/em><\/p>\n<p>De Lola Cycling Club rides starten elke woensdagavond om half zeven, direct na het werk. Deelname aan de ritten is gratis, iedereen is uitgenodigd om met ons mee te doen. Je hebt alleen maar een fiets en helm nodig. Er zitten geen beperkingen of verplichtingen aan het lidmaatschap, er is niets wat mensen tegenhoudt. We gaan over mooie paadjes, onder meer langs de duinen. De ronde is ongeveer 40 kilometer.<\/p>\n<p><em><strong>Wat als je als toerists naar Den Haag komt?\u00a0<\/strong><\/em><\/p>\n<p>Ook dan ben je bij ons van harte welkom. We verhuren fietsen en uitrusting, ook schoenen en helmen, dus er is geen reden om niet te komen (zegt hij lachend, red.). Daarnaast zijn er twee andere Lola clubs. De ene heet The Lola Dolphins. Daar is elke maandag een <em>lady ride<\/em>. Mannen mogen meerijden, maar het zijn de vrouwen die het tempo bepalen.<\/p>\n<p><a href=\"https:\/\/d2p6e6u75xmxt8.cloudfront.net\/11\/2018\/08\/AdamMarsalLola2.jpg\"><img loading=\"lazy\" decoding=\"async\" class=\"alignnone size-full wp-image-1443\" src=\"https:\/\/d2p6e6u75xmxt8.cloudfront.net\/11\/2018\/08\/AdamMarsalLola2.jpg\" alt=\"\" width=\"1377\" height=\"918\" srcset=\"https:\/\/d2p6e6u75xmxt8.cloudfront.net\/11\/2018\/08\/AdamMarsalLola2.jpg 1377w, https:\/\/d2p6e6u75xmxt8.cloudfront.net\/11\/2018\/08\/AdamMarsalLola2-300x200.jpg 300w, https:\/\/d2p6e6u75xmxt8.cloudfront.net\/11\/2018\/08\/AdamMarsalLola2-768x512.jpg 768w, https:\/\/d2p6e6u75xmxt8.cloudfront.net\/11\/2018\/08\/AdamMarsalLola2-1024x683.jpg 1024w, https:\/\/d2p6e6u75xmxt8.cloudfront.net\/11\/2018\/08\/AdamMarsalLola2-272x182.jpg 272w\" sizes=\"auto, (max-width: 1377px) 100vw, 1377px\" \/><\/a><\/p>\n<p><em><strong>Waar komt de naam vandaan?<\/strong><\/em><\/p>\n<p>Lola is een meisje dat de wereld van koffie en fietsen ontdekt. Ze is nu de deur uit voor een fietsrit.<\/p>\n<p><em><strong>Is Lola een bestaand persoon?<\/strong><\/em><\/p>\n<p>Ik kan dat niet zeggen, maar ze is in ieder geval de belangrijkste persoon in ons bedrijf (zegt hij lachend, red.). Lola is eigenlijk de hele community. Het zou iedereen kunnen zijn die besluit zich bij ons aan te sluiten.<\/p>\n<p><em><strong>Verkopen jullie ook fietsen?<\/strong><\/em><\/p>\n<p>We zijn offici\u00eble verkooppunten van Cinelli, Pashley en Cerli. We bieden ook tweedehandsfietsen die wij zelf hebben opgeknapt. Een tijdje terug hebben we fietsen geleverd aan de reddingsbrigade op het strand van Scheveningen. We verhuren tevens fat bikes voor de rides op het strand.<\/p>\n<div id='gallery-2' class='gallery galleryid-1441 gallery-columns-2 gallery-size-large'><figure class='gallery-item'>\n\t\t\t<div class='gallery-icon landscape'>\n\t\t\t\t<a href='https:\/\/d2p6e6u75xmxt8.cloudfront.net\/11\/2018\/08\/AdamMarsalLola4.jpg'><img loading=\"lazy\" decoding=\"async\" width=\"1024\" height=\"683\" src=\"https:\/\/d2p6e6u75xmxt8.cloudfront.net\/11\/2018\/08\/AdamMarsalLola4-1024x683.jpg\" class=\"attachment-large size-large\" alt=\"\" srcset=\"https:\/\/d2p6e6u75xmxt8.cloudfront.net\/11\/2018\/08\/AdamMarsalLola4-1024x683.jpg 1024w, https:\/\/d2p6e6u75xmxt8.cloudfront.net\/11\/2018\/08\/AdamMarsalLola4-300x200.jpg 300w, https:\/\/d2p6e6u75xmxt8.cloudfront.net\/11\/2018\/08\/AdamMarsalLola4-768x512.jpg 768w, https:\/\/d2p6e6u75xmxt8.cloudfront.net\/11\/2018\/08\/AdamMarsalLola4-272x182.jpg 272w, https:\/\/d2p6e6u75xmxt8.cloudfront.net\/11\/2018\/08\/AdamMarsalLola4.jpg 1377w\" sizes=\"auto, (max-width: 1024px) 100vw, 1024px\" \/><\/a>\n\t\t\t<\/div><\/figure><figure class='gallery-item'>\n\t\t\t<div class='gallery-icon landscape'>\n\t\t\t\t<a href='https:\/\/d2p6e6u75xmxt8.cloudfront.net\/11\/2018\/08\/AdamMarsalLola3.jpg'><img loading=\"lazy\" decoding=\"async\" width=\"1024\" height=\"683\" src=\"https:\/\/d2p6e6u75xmxt8.cloudfront.net\/11\/2018\/08\/AdamMarsalLola3-1024x683.jpg\" class=\"attachment-large size-large\" alt=\"\" srcset=\"https:\/\/d2p6e6u75xmxt8.cloudfront.net\/11\/2018\/08\/AdamMarsalLola3-1024x683.jpg 1024w, https:\/\/d2p6e6u75xmxt8.cloudfront.net\/11\/2018\/08\/AdamMarsalLola3-300x200.jpg 300w, https:\/\/d2p6e6u75xmxt8.cloudfront.net\/11\/2018\/08\/AdamMarsalLola3-768x512.jpg 768w, https:\/\/d2p6e6u75xmxt8.cloudfront.net\/11\/2018\/08\/AdamMarsalLola3-272x182.jpg 272w, https:\/\/d2p6e6u75xmxt8.cloudfront.net\/11\/2018\/08\/AdamMarsalLola3.jpg 1377w\" sizes=\"auto, (max-width: 1024px) 100vw, 1024px\" \/><\/a>\n\t\t\t<\/div><\/figure>\n\t\t<\/div>\n\n<p><a href=\"https:\/\/d2p6e6u75xmxt8.cloudfront.net\/11\/2018\/08\/AdamMarsalLola8.jpg\"><img loading=\"lazy\" decoding=\"async\" class=\"alignnone size-full wp-image-1444\" src=\"https:\/\/d2p6e6u75xmxt8.cloudfront.net\/11\/2018\/08\/AdamMarsalLola8.jpg\" alt=\"\" width=\"1377\" height=\"918\" srcset=\"https:\/\/d2p6e6u75xmxt8.cloudfront.net\/11\/2018\/08\/AdamMarsalLola8.jpg 1377w, https:\/\/d2p6e6u75xmxt8.cloudfront.net\/11\/2018\/08\/AdamMarsalLola8-300x200.jpg 300w, https:\/\/d2p6e6u75xmxt8.cloudfront.net\/11\/2018\/08\/AdamMarsalLola8-768x512.jpg 768w, https:\/\/d2p6e6u75xmxt8.cloudfront.net\/11\/2018\/08\/AdamMarsalLola8-1024x683.jpg 1024w, https:\/\/d2p6e6u75xmxt8.cloudfront.net\/11\/2018\/08\/AdamMarsalLola8-272x182.jpg 272w\" sizes=\"auto, (max-width: 1377px) 100vw, 1377px\" \/><\/a><\/p>\n<p><em><strong>Wat is jouw betrokkenheid met fietsen?<\/strong><\/em><\/p>\n<p>Ik fiets vanaf m\u2019n twaalfde. Toen kreeg ik een fiets van mijn opa. Sindsdien heb ik op de mooiste plekken van Europa gefietst, samen met vrienden. Pasgeleden heb ik het mountainbiken ontdekt. Eigenlijk ben ik gek op elke vorm van fietsen. Als er mensen met grote fietstassen in onze zaak komen, dan ben ik altijd enthousiast en benieuwd naar hun reisverhalen. Voor mij is fietsen niet zozeer een sport; het is een passie. Ik fiets elke dag.<\/p>\n<p><em><strong>Passen mountainbiken en Nederland wel bij elkaar?\u00a0<\/strong><\/em><\/p>\n<p>Dat is een vraag die vele buitenlanders hebben. En terecht, want ons land is natuurlijk helemaal vlak. We hebben echt prachtige duinen en paadjes rond de stad die geschikt zijn voor mountainbikers. Met Bart Brentjens heeft Nederland de eerste olympische winnaar ooit van een cross-country. Hij won goud in 1996. We ondersteunen zijn mountainbiketeam met koffie.<\/p>\n<p><em><strong>Wat voor soort klanten bezoeken je zaak?\u00a0<\/strong><\/em><\/p>\n<p>We zitten dicht tegen het stadscentrum, dus er komen hier veel toeristen. Onze koffiestandaard is behoorlijk hoog. Daarom staan we hoog op de lijst met beste koffiespots. Bezoekers die hier een kop koffie drinken, zijn divers. We verwelkomen alle koffieliefhebbers, ook medewerkers van naastgelegen kantoorpanden die graag een koffie voor onderweg willen.<\/p>\n<ul>\n<li>Ga naar <a href=\"https:\/\/www.facebook.com\/LolaBikesandCoffee\/\">Facebook<\/a> als je wil fietsen met Lola Club.<\/li>\n<\/ul>\n","protected":false},"excerpt":{"rendered":"<p>Je kunt niet langs Lola Bikes and Coffee Shop lopen zonder er even naar binnen te gaan. Dat is precies [&hellip;]<\/p>\n","protected":false},"author":64,"featured_media":1446,"comment_status":"open","ping_status":"open","sticky":false,"template":"","format":"standard","meta":{"footnotes":""},"categories":[3],"tags":[],"global-categories":[],"class_list":["post-1441","post","type-post","status-publish","format-standard","has-post-thumbnail","hentry","category-fietsen"],"yoast_head":"<!-- This site is optimized with the Yoast SEO Premium plugin v25.3 (Yoast SEO v25.9) - https:\/\/yoast.com\/wordpress\/plugins\/seo\/ -->\n<title>Een kijkje in de keuken bij de \u2018Bikes &amp; Coffee\u2019 shop van Den Haag - \u0160koda - We Love Cycling - Netherland<\/title>\n<meta name=\"robots\" content=\"index, follow, max-snippet:-1, max-image-preview:large, max-video-preview:-1\" \/>\n<link rel=\"canonical\" href=\"https:\/\/www.welovecycling.com\/nl\/een-kijkje-in-de-keuken-bij-de-bikes-coffee-shop-van-den-haag\/\" \/>\n<meta property=\"og:locale\" content=\"nl_NL\" \/>\n<meta property=\"og:type\" content=\"article\" \/>\n<meta property=\"og:title\" content=\"Een kijkje in de keuken bij de \u2018Bikes &amp; Coffee\u2019 shop van Den Haag\" \/>\n<meta property=\"og:description\" content=\"Je kunt niet langs Lola Bikes and Coffee Shop lopen zonder er even naar binnen te gaan. Dat is precies [&hellip;]\" \/>\n<meta property=\"og:url\" content=\"https:\/\/www.welovecycling.com\/nl\/een-kijkje-in-de-keuken-bij-de-bikes-coffee-shop-van-den-haag\/\" \/>\n<meta property=\"og:site_name\" content=\"\u0160koda - We Love Cycling - Netherland\" \/>\n<meta property=\"article:published_time\" content=\"2018-09-06T14:43:50+00:00\" \/>\n<meta property=\"og:image\" content=\"https:\/\/d2p6e6u75xmxt8.cloudfront.net\/11\/2018\/08\/lolacvr.jpg\" \/>\n\t<meta property=\"og:image:width\" content=\"1366\" \/>\n\t<meta property=\"og:image:height\" content=\"600\" \/>\n\t<meta property=\"og:image:type\" content=\"image\/jpeg\" \/>\n<meta name=\"author\" content=\"sjoukje.ursem\" \/>\n<meta name=\"twitter:card\" content=\"summary_large_image\" \/>\n<meta name=\"twitter:label1\" content=\"Written by\" \/>\n\t<meta name=\"twitter:data1\" content=\"Adam Marsal\" \/>\n\t<meta name=\"twitter:label2\" content=\"Est. reading time\" \/>\n\t<meta name=\"twitter:data2\" content=\"6\" \/>\n<script type=\"application\/ld+json\" class=\"yoast-schema-graph\">{\"@context\":\"https:\/\/schema.org\",\"@graph\":[{\"@type\":\"WebPage\",\"@id\":\"https:\/\/www.welovecycling.com\/nl\/een-kijkje-in-de-keuken-bij-de-bikes-coffee-shop-van-den-haag\/\",\"url\":\"https:\/\/www.welovecycling.com\/nl\/een-kijkje-in-de-keuken-bij-de-bikes-coffee-shop-van-den-haag\/\",\"name\":\"Een kijkje in de keuken bij de \u2018Bikes & Coffee\u2019 shop van Den Haag - \u0160koda - We Love Cycling - Netherland\",\"isPartOf\":{\"@id\":\"https:\/\/www.welovecycling.com\/nl\/#website\"},\"primaryImageOfPage\":{\"@id\":\"https:\/\/www.welovecycling.com\/nl\/een-kijkje-in-de-keuken-bij-de-bikes-coffee-shop-van-den-haag\/#primaryimage\"},\"image\":{\"@id\":\"https:\/\/www.welovecycling.com\/nl\/een-kijkje-in-de-keuken-bij-de-bikes-coffee-shop-van-den-haag\/#primaryimage\"},\"thumbnailUrl\":\"https:\/\/d2p6e6u75xmxt8.cloudfront.net\/11\/2018\/08\/lolacvr.jpg\",\"datePublished\":\"2018-09-06T14:43:50+00:00\",\"author\":{\"@id\":\"https:\/\/www.welovecycling.com\/nl\/#\/schema\/person\/7c6490f8e66e59aca1731df4a9d57edf\"},\"breadcrumb\":{\"@id\":\"https:\/\/www.welovecycling.com\/nl\/een-kijkje-in-de-keuken-bij-de-bikes-coffee-shop-van-den-haag\/#breadcrumb\"},\"inLanguage\":\"nl\",\"potentialAction\":[{\"@type\":\"ReadAction\",\"target\":[\"https:\/\/www.welovecycling.com\/nl\/een-kijkje-in-de-keuken-bij-de-bikes-coffee-shop-van-den-haag\/\"]}]},{\"@type\":\"ImageObject\",\"inLanguage\":\"nl\",\"@id\":\"https:\/\/www.welovecycling.com\/nl\/een-kijkje-in-de-keuken-bij-de-bikes-coffee-shop-van-den-haag\/#primaryimage\",\"url\":\"https:\/\/d2p6e6u75xmxt8.cloudfront.net\/11\/2018\/08\/lolacvr.jpg\",\"contentUrl\":\"https:\/\/d2p6e6u75xmxt8.cloudfront.net\/11\/2018\/08\/lolacvr.jpg\",\"width\":1366,\"height\":600},{\"@type\":\"BreadcrumbList\",\"@id\":\"https:\/\/www.welovecycling.com\/nl\/een-kijkje-in-de-keuken-bij-de-bikes-coffee-shop-van-den-haag\/#breadcrumb\",\"itemListElement\":[{\"@type\":\"ListItem\",\"position\":1,\"name\":\"Home\",\"item\":\"https:\/\/www.welovecycling.com\/nl\/\"},{\"@type\":\"ListItem\",\"position\":2,\"name\":\"Een kijkje in de keuken bij de \u2018Bikes &#038; Coffee\u2019 shop van Den Haag\"}]},{\"@type\":\"WebSite\",\"@id\":\"https:\/\/www.welovecycling.com\/nl\/#website\",\"url\":\"https:\/\/www.welovecycling.com\/nl\/\",\"name\":\"\u0160koda - We Love Cycling - Netherland\",\"description\":\"\u0160koda We Love Cycling - Netherland\",\"potentialAction\":[{\"@type\":\"SearchAction\",\"target\":{\"@type\":\"EntryPoint\",\"urlTemplate\":\"https:\/\/www.welovecycling.com\/nl\/?s={search_term_string}\"},\"query-input\":{\"@type\":\"PropertyValueSpecification\",\"valueRequired\":true,\"valueName\":\"search_term_string\"}}],\"inLanguage\":\"nl\"},{\"@type\":\"Person\",\"@id\":\"https:\/\/www.welovecycling.com\/nl\/#\/schema\/person\/7c6490f8e66e59aca1731df4a9d57edf\",\"name\":\"sjoukje.ursem\",\"image\":{\"@type\":\"ImageObject\",\"inLanguage\":\"nl\",\"@id\":\"https:\/\/www.welovecycling.com\/nl\/#\/schema\/person\/image\/\",\"url\":\"https:\/\/secure.gravatar.com\/avatar\/017bbcda7dfd84aa890830525b7366b3d4bcd1c9d1966b4fe6e52a845e149cdf?s=96&d=mm&r=g\",\"contentUrl\":\"https:\/\/secure.gravatar.com\/avatar\/017bbcda7dfd84aa890830525b7366b3d4bcd1c9d1966b4fe6e52a845e149cdf?s=96&d=mm&r=g\",\"caption\":\"sjoukje.ursem\"},\"url\":\"https:\/\/www.welovecycling.com\/nl\/author\/sjoukje-ursem\/\"}]}<\/script>\n<!-- \/ Yoast SEO Premium plugin. -->","yoast_head_json":{"title":"Een kijkje in de keuken bij de \u2018Bikes & Coffee\u2019 shop van Den Haag - \u0160koda - We Love Cycling - Netherland","robots":{"index":"index","follow":"follow","max-snippet":"max-snippet:-1","max-image-preview":"max-image-preview:large","max-video-preview":"max-video-preview:-1"},"canonical":"https:\/\/www.welovecycling.com\/nl\/een-kijkje-in-de-keuken-bij-de-bikes-coffee-shop-van-den-haag\/","og_locale":"nl_NL","og_type":"article","og_title":"Een kijkje in de keuken bij de \u2018Bikes & Coffee\u2019 shop van Den Haag","og_description":"Je kunt niet langs Lola Bikes and Coffee Shop lopen zonder er even naar binnen te gaan. Dat is precies [&hellip;]","og_url":"https:\/\/www.welovecycling.com\/nl\/een-kijkje-in-de-keuken-bij-de-bikes-coffee-shop-van-den-haag\/","og_site_name":"\u0160koda - We Love Cycling - Netherland","article_published_time":"2018-09-06T14:43:50+00:00","og_image":[{"width":1366,"height":600,"url":"https:\/\/d2p6e6u75xmxt8.cloudfront.net\/11\/2018\/08\/lolacvr.jpg","type":"image\/jpeg"}],"author":"sjoukje.ursem","twitter_card":"summary_large_image","twitter_misc":{"Written by":"Adam Marsal","Est. reading time":"6"},"schema":{"@context":"https:\/\/schema.org","@graph":[{"@type":"WebPage","@id":"https:\/\/www.welovecycling.com\/nl\/een-kijkje-in-de-keuken-bij-de-bikes-coffee-shop-van-den-haag\/","url":"https:\/\/www.welovecycling.com\/nl\/een-kijkje-in-de-keuken-bij-de-bikes-coffee-shop-van-den-haag\/","name":"Een kijkje in de keuken bij de \u2018Bikes & Coffee\u2019 shop van Den Haag - \u0160koda - We Love Cycling - Netherland","isPartOf":{"@id":"https:\/\/www.welovecycling.com\/nl\/#website"},"primaryImageOfPage":{"@id":"https:\/\/www.welovecycling.com\/nl\/een-kijkje-in-de-keuken-bij-de-bikes-coffee-shop-van-den-haag\/#primaryimage"},"image":{"@id":"https:\/\/www.welovecycling.com\/nl\/een-kijkje-in-de-keuken-bij-de-bikes-coffee-shop-van-den-haag\/#primaryimage"},"thumbnailUrl":"https:\/\/d2p6e6u75xmxt8.cloudfront.net\/11\/2018\/08\/lolacvr.jpg","datePublished":"2018-09-06T14:43:50+00:00","author":{"@id":"https:\/\/www.welovecycling.com\/nl\/#\/schema\/person\/7c6490f8e66e59aca1731df4a9d57edf"},"breadcrumb":{"@id":"https:\/\/www.welovecycling.com\/nl\/een-kijkje-in-de-keuken-bij-de-bikes-coffee-shop-van-den-haag\/#breadcrumb"},"inLanguage":"nl","potentialAction":[{"@type":"ReadAction","target":["https:\/\/www.welovecycling.com\/nl\/een-kijkje-in-de-keuken-bij-de-bikes-coffee-shop-van-den-haag\/"]}]},{"@type":"ImageObject","inLanguage":"nl","@id":"https:\/\/www.welovecycling.com\/nl\/een-kijkje-in-de-keuken-bij-de-bikes-coffee-shop-van-den-haag\/#primaryimage","url":"https:\/\/d2p6e6u75xmxt8.cloudfront.net\/11\/2018\/08\/lolacvr.jpg","contentUrl":"https:\/\/d2p6e6u75xmxt8.cloudfront.net\/11\/2018\/08\/lolacvr.jpg","width":1366,"height":600},{"@type":"BreadcrumbList","@id":"https:\/\/www.welovecycling.com\/nl\/een-kijkje-in-de-keuken-bij-de-bikes-coffee-shop-van-den-haag\/#breadcrumb","itemListElement":[{"@type":"ListItem","position":1,"name":"Home","item":"https:\/\/www.welovecycling.com\/nl\/"},{"@type":"ListItem","position":2,"name":"Een kijkje in de keuken bij de \u2018Bikes &#038; Coffee\u2019 shop van Den Haag"}]},{"@type":"WebSite","@id":"https:\/\/www.welovecycling.com\/nl\/#website","url":"https:\/\/www.welovecycling.com\/nl\/","name":"\u0160koda - We Love Cycling - Netherland","description":"\u0160koda We Love Cycling - Netherland","potentialAction":[{"@type":"SearchAction","target":{"@type":"EntryPoint","urlTemplate":"https:\/\/www.welovecycling.com\/nl\/?s={search_term_string}"},"query-input":{"@type":"PropertyValueSpecification","valueRequired":true,"valueName":"search_term_string"}}],"inLanguage":"nl"},{"@type":"Person","@id":"https:\/\/www.welovecycling.com\/nl\/#\/schema\/person\/7c6490f8e66e59aca1731df4a9d57edf","name":"sjoukje.ursem","image":{"@type":"ImageObject","inLanguage":"nl","@id":"https:\/\/www.welovecycling.com\/nl\/#\/schema\/person\/image\/","url":"https:\/\/secure.gravatar.com\/avatar\/017bbcda7dfd84aa890830525b7366b3d4bcd1c9d1966b4fe6e52a845e149cdf?s=96&d=mm&r=g","contentUrl":"https:\/\/secure.gravatar.com\/avatar\/017bbcda7dfd84aa890830525b7366b3d4bcd1c9d1966b4fe6e52a845e149cdf?s=96&d=mm&r=g","caption":"sjoukje.ursem"},"url":"https:\/\/www.welovecycling.com\/nl\/author\/sjoukje-ursem\/"}]}},"_links":{"self":[{"href":"https:\/\/www.welovecycling.com\/nl\/wp-json\/wp\/v2\/posts\/1441","targetHints":{"allow":["GET"]}}],"collection":[{"href":"https:\/\/www.welovecycling.com\/nl\/wp-json\/wp\/v2\/posts"}],"about":[{"href":"https:\/\/www.welovecycling.com\/nl\/wp-json\/wp\/v2\/types\/post"}],"author":[{"embeddable":true,"href":"https:\/\/www.welovecycling.com\/nl\/wp-json\/wp\/v2\/users\/64"}],"replies":[{"embeddable":true,"href":"https:\/\/www.welovecycling.com\/nl\/wp-json\/wp\/v2\/comments?post=1441"}],"version-history":[{"count":2,"href":"https:\/\/www.welovecycling.com\/nl\/wp-json\/wp\/v2\/posts\/1441\/revisions"}],"predecessor-version":[{"id":1450,"href":"https:\/\/www.welovecycling.com\/nl\/wp-json\/wp\/v2\/posts\/1441\/revisions\/1450"}],"wp:featuredmedia":[{"embeddable":true,"href":"https:\/\/www.welovecycling.com\/nl\/wp-json\/wp\/v2\/media\/1446"}],"wp:attachment":[{"href":"https:\/\/www.welovecycling.com\/nl\/wp-json\/wp\/v2\/media?parent=1441"}],"wp:term":[{"taxonomy":"category","embeddable":true,"href":"https:\/\/www.welovecycling.com\/nl\/wp-json\/wp\/v2\/categories?post=1441"},{"taxonomy":"post_tag","embeddable":true,"href":"https:\/\/www.welovecycling.com\/nl\/wp-json\/wp\/v2\/tags?post=1441"},{"taxonomy":"global-categories","embeddable":true,"href":"https:\/\/www.welovecycling.com\/nl\/wp-json\/wp\/v2\/global-categories?post=1441"}],"curies":[{"name":"wp","href":"https:\/\/api.w.org\/{rel}","templated":true}]}}