{"id":4295,"date":"2024-08-27T12:45:12","date_gmt":"2024-08-27T12:45:12","guid":{"rendered":"https:\/\/www.welovecycling.com\/ie\/?p=4295"},"modified":"2024-08-27T12:45:12","modified_gmt":"2024-08-27T12:45:12","slug":"westport-women-on-wheels-take-on-epic-mizen-to-malin-charity-cycle","status":"publish","type":"post","link":"https:\/\/www.welovecycling.com\/ie\/2024\/08\/27\/westport-women-on-wheels-take-on-epic-mizen-to-malin-charity-cycle\/","title":{"rendered":"Westport Women on Wheels take on epic Mizen to Malin charity cycle"},"content":{"rendered":"<p><strong>This September, a remarkable group of 17 women from Co. Mayo will embark on one of Ireland&#8217;s most iconic cycling challenges: the Mizen to Malin journey.<\/strong> Spanning 605 km, this north-south route takes the cyclists from the rugged coastline of Mizen Head in Cork, the southernmost point of Ireland, all the way to Malin Head in Donegal, the northernmost tip of the isle.<\/p>\n<p>This incredible endeavour is more than just a test of physical endurance\u2014it&#8217;s a powerful statement of community spirit and dedication to two vital causes, the Mayo Roscommon Hospice Foundation and the Mayo Rape Crisis Centre.<\/p>\n<p><strong>A vision born from passion<\/strong><\/p>\n<p>The group, known as Westport Women On Wheels (WOW), is made up of members from the Westport Triathlon Club and Covey Wheelers Cycling Club, in which they have spent months in preparation for this event. Their journey is a testament to what can be achieved when a shared goal unites people with a common passion for cycling and a commitment to making a difference.<\/p>\n<p>The idea for this all-female cycle came from Colette Sweeney, a seasoned Ironman athlete and a central figure at the Westport Leisure Centre. Colette\u2019s vision was to bring together women from her local community for a challenge that would not only test their physical limits but also serve a greater purpose. &#8220;When you\u2019re part of a club and you all come together for a good cause, it brings the entire community together,&#8221; she explains.<\/p>\n<p><img loading=\"lazy\" decoding=\"async\" class=\"aligncenter size-large wp-image-4296\" src=\"https:\/\/d2p6e6u75xmxt8.cloudfront.net\/14\/2024\/08\/PHOTO-2024-07-15-13-40-36-1-1024x683.webp\" alt=\"\" width=\"1024\" height=\"683\" srcset=\"https:\/\/d2p6e6u75xmxt8.cloudfront.net\/14\/2024\/08\/PHOTO-2024-07-15-13-40-36-1-1024x683.webp 1024w, https:\/\/d2p6e6u75xmxt8.cloudfront.net\/14\/2024\/08\/PHOTO-2024-07-15-13-40-36-1-300x200.webp 300w, https:\/\/d2p6e6u75xmxt8.cloudfront.net\/14\/2024\/08\/PHOTO-2024-07-15-13-40-36-1-768x512.webp 768w, https:\/\/d2p6e6u75xmxt8.cloudfront.net\/14\/2024\/08\/PHOTO-2024-07-15-13-40-36-1-1536x1024.webp 1536w, https:\/\/d2p6e6u75xmxt8.cloudfront.net\/14\/2024\/08\/PHOTO-2024-07-15-13-40-36-1-1920x1280.webp 1920w, https:\/\/d2p6e6u75xmxt8.cloudfront.net\/14\/2024\/08\/PHOTO-2024-07-15-13-40-36-1-400x267.webp 400w, https:\/\/d2p6e6u75xmxt8.cloudfront.net\/14\/2024\/08\/PHOTO-2024-07-15-13-40-36-1-272x182.webp 272w, https:\/\/d2p6e6u75xmxt8.cloudfront.net\/14\/2024\/08\/PHOTO-2024-07-15-13-40-36-1.webp 2048w, https:\/\/d2p6e6u75xmxt8.cloudfront.net\/14\/2024\/08\/PHOTO-2024-07-15-13-40-36-1-1920x1280.webp 1920w\" sizes=\"auto, (max-width: 1024px) 100vw, 1024px\" \/><\/p>\n<p>Under her leadership, the group has grown into a formidable team, ready to tackle the famous Mizen to Malin route. The challenge has already had a unifying effect on the participants, drawing them closer as they push through the rigorous training regime, often battling the unpredictable Irish weather!<\/p>\n<p><strong>Training for the challenge of a lifetime<\/strong><\/p>\n<p>Training for such a demanding event is no small feat. The Westport WOW team has spent countless hours on the roads, navigating the hills and valleys of Mayo, and participating in numerous long-distance cycling events to build up their stamina. These women have cycled through rain, wind, and sun, covering over 40,000 km collectively\u2014a distance that speaks volumes about their dedication and determination.<\/p>\n<p>Their preparation included participation in several high-profile cycling events across Ireland, which served both as practice and motivation. The team took on the \u0160koda Celtic Cycling Series, the \u0160koda Tour de Conamara (140 km) and the \u0160koda Ring of Clare (160km), as well as the Cunga Ram (115 km) in Galway, the Gran Fondo Sligo (135 km), the Westportif (160 km) and the Ballina Salmon Sportif. (120 km) Each of these events presented its own set of challenges, from steep climbs to long stretches of open road, all of which have contributed to the team&#8217;s readiness for the Mizen to Malin journey.<\/p>\n<p><img loading=\"lazy\" decoding=\"async\" class=\"aligncenter size-full wp-image-4297\" src=\"https:\/\/d2p6e6u75xmxt8.cloudfront.net\/14\/2024\/08\/IMG_8049.webp\" alt=\"\" width=\"960\" height=\"627\" srcset=\"https:\/\/d2p6e6u75xmxt8.cloudfront.net\/14\/2024\/08\/IMG_8049.webp 960w, https:\/\/d2p6e6u75xmxt8.cloudfront.net\/14\/2024\/08\/IMG_8049-300x196.webp 300w, https:\/\/d2p6e6u75xmxt8.cloudfront.net\/14\/2024\/08\/IMG_8049-768x502.webp 768w, https:\/\/d2p6e6u75xmxt8.cloudfront.net\/14\/2024\/08\/IMG_8049-400x261.webp 400w\" sizes=\"auto, (max-width: 960px) 100vw, 960px\" \/><\/p>\n<p><strong>The strategy behind the ride<\/strong><\/p>\n<p>The decision to embark on this epic cycle in early September was a strategic one. The group plans to take advantage of the prevailing southerly winds, which are expected to provide a helpful boost as they make their way northward. Every detail of the journey has been meticulously planned, from the route to the daily stages, ensuring that the cyclists are well-prepared for the challenges ahead.<\/p>\n<p>The journey begins on September 3rd with a relatively short 26 km ride from Mizen Head to Schull in Cork. This initial leg serves as a warm-up before the more demanding days that follow. On September 4th, the cyclists will cover 147 km from Schull to Charleville, navigating through the heart of Cork. The following day, they will tackle the longest stretch of the journey, a 157 km\u00a0 ride from Charleville to Athlone, crossing through the Midlands and into the west. On September 6th, the group will cycle 128 km from Athlone to Enniskillen. The final day, September 7th, will see the women cover 147 km from Enniskillen to Malin Head, completing their epic journey in this beautiful corner of Donegal.<\/p>\n<p><strong>A cause close to their hearts<\/strong><\/p>\n<p>While the physical challenge is immense, the motivation behind it is what truly drives these women forward. All funds raised through their efforts will be donated to the Mayo Roscommon Hospice and the Mayo Rape Crisis Centre, two charities that provide essential services to the local community.<\/p>\n<p>The <a href=\"https:\/\/www.hospice.ie\/\">Mayo Roscommon Hospice<\/a> offers palliative care to those with life-limiting illnesses, ensuring that patients and their families receive the support they need during the most challenging times. Meanwhile, the <a href=\"https:\/\/www.mrcc.ie\/\">Mayo Rape Crisis Centre<\/a> provides vital services to survivors of sexual violence, offering counselling and support to help them rebuild their lives.<\/p>\n<p>The Westport WOW team has set up an <a href=\"https:\/\/www.idonate.ie\/event\/wowm2m\">iDonate page<\/a> to collect donations, and they are calling on the public to support their cause. Every donation, big or small, makes a difference and contributes to the life-changing work of these two fantastic Irish charities. If you\u2019d like more information, you can also contact Louise Healy on 089 2331612 or healy.louise@gmail.com.<\/p>\n<p>As the women of Westport Women on Wheels gear up for their epic ride, they carry with them the hopes and support of their community, knowing that every pedal stroke brings them closer to their goal\u2014both on the road and in their mission to make a lasting impact!<\/p>\n<p><em>Looking to take on a new challenge? <\/em><a href=\"https:\/\/www.welovecycling.com\/ie\/2024\/03\/20\/letape-by-tour-de-france-makes-its-irish-debut-in-killarney\/\"><em>L\u2019Etape by Tour de France makes its Irish debut<\/em><\/a><em> next month, and it\u2019s certainly an event not to be missed!<\/em><\/p>\n","protected":false},"excerpt":{"rendered":"<p>This September, a remarkable group of 17 women from Co. Mayo will embark on one of Ireland&#8217;s most iconic cycling [&hellip;]<\/p>\n","protected":false},"author":96,"featured_media":4298,"comment_status":"open","ping_status":"open","sticky":false,"template":"","format":"standard","meta":{"footnotes":""},"categories":[70],"tags":[],"global-categories":[73],"class_list":["post-4295","post","type-post","status-publish","format-standard","has-post-thumbnail","hentry","category-cycling-in-ireland","global-categories-cycling"],"yoast_head":"<!-- This site is optimized with the Yoast SEO Premium plugin v25.3 (Yoast SEO v25.9) - https:\/\/yoast.com\/wordpress\/plugins\/seo\/ -->\n<title>Westport Women on Wheels take on epic Mizen to Malin charity cycle - \u0160koda We Love Cycling - Ireland<\/title>\n<meta name=\"robots\" content=\"index, follow, max-snippet:-1, max-image-preview:large, max-video-preview:-1\" \/>\n<link rel=\"canonical\" href=\"https:\/\/www.welovecycling.com\/ie\/2024\/08\/27\/westport-women-on-wheels-take-on-epic-mizen-to-malin-charity-cycle\/\" \/>\n<meta property=\"og:locale\" content=\"en_US\" \/>\n<meta property=\"og:type\" content=\"article\" \/>\n<meta property=\"og:title\" content=\"Westport Women on Wheels take on epic Mizen to Malin charity cycle\" \/>\n<meta property=\"og:description\" content=\"This September, a remarkable group of 17 women from Co. Mayo will embark on one of Ireland&#8217;s most iconic cycling [&hellip;]\" \/>\n<meta property=\"og:url\" content=\"https:\/\/www.welovecycling.com\/ie\/2024\/08\/27\/westport-women-on-wheels-take-on-epic-mizen-to-malin-charity-cycle\/\" \/>\n<meta property=\"og:site_name\" content=\"\u0160koda We Love Cycling - Ireland\" \/>\n<meta property=\"article:published_time\" content=\"2024-08-27T12:45:12+00:00\" \/>\n<meta property=\"og:image\" content=\"https:\/\/d2p6e6u75xmxt8.cloudfront.net\/14\/2024\/08\/image2.webp\" \/>\n\t<meta property=\"og:image:width\" content=\"2048\" \/>\n\t<meta property=\"og:image:height\" content=\"1476\" \/>\n\t<meta property=\"og:image:type\" content=\"image\/webp\" \/>\n<meta name=\"author\" content=\"ciarabreen\" \/>\n<meta name=\"twitter:card\" content=\"summary_large_image\" \/>\n<meta name=\"twitter:label1\" content=\"Written by\" \/>\n\t<meta name=\"twitter:data1\" content=\"ciarabreen\" \/>\n\t<meta name=\"twitter:label2\" content=\"Est. reading time\" \/>\n\t<meta name=\"twitter:data2\" content=\"4 minutes\" \/>\n<script type=\"application\/ld+json\" class=\"yoast-schema-graph\">{\"@context\":\"https:\/\/schema.org\",\"@graph\":[{\"@type\":\"WebPage\",\"@id\":\"https:\/\/www.welovecycling.com\/ie\/2024\/08\/27\/westport-women-on-wheels-take-on-epic-mizen-to-malin-charity-cycle\/\",\"url\":\"https:\/\/www.welovecycling.com\/ie\/2024\/08\/27\/westport-women-on-wheels-take-on-epic-mizen-to-malin-charity-cycle\/\",\"name\":\"Westport Women on Wheels take on epic Mizen to Malin charity cycle - \u0160koda We Love Cycling - Ireland\",\"isPartOf\":{\"@id\":\"https:\/\/www.welovecycling.com\/ie\/#website\"},\"primaryImageOfPage\":{\"@id\":\"https:\/\/www.welovecycling.com\/ie\/2024\/08\/27\/westport-women-on-wheels-take-on-epic-mizen-to-malin-charity-cycle\/#primaryimage\"},\"image\":{\"@id\":\"https:\/\/www.welovecycling.com\/ie\/2024\/08\/27\/westport-women-on-wheels-take-on-epic-mizen-to-malin-charity-cycle\/#primaryimage\"},\"thumbnailUrl\":\"https:\/\/d2p6e6u75xmxt8.cloudfront.net\/14\/2024\/08\/image2.webp\",\"datePublished\":\"2024-08-27T12:45:12+00:00\",\"author\":{\"@id\":\"https:\/\/www.welovecycling.com\/ie\/#\/schema\/person\/77414fc27b78622bdf4fc3a165b44d08\"},\"inLanguage\":\"en-GB\",\"potentialAction\":[{\"@type\":\"ReadAction\",\"target\":[\"https:\/\/www.welovecycling.com\/ie\/2024\/08\/27\/westport-women-on-wheels-take-on-epic-mizen-to-malin-charity-cycle\/\"]}]},{\"@type\":\"ImageObject\",\"inLanguage\":\"en-GB\",\"@id\":\"https:\/\/www.welovecycling.com\/ie\/2024\/08\/27\/westport-women-on-wheels-take-on-epic-mizen-to-malin-charity-cycle\/#primaryimage\",\"url\":\"https:\/\/d2p6e6u75xmxt8.cloudfront.net\/14\/2024\/08\/image2.webp\",\"contentUrl\":\"https:\/\/d2p6e6u75xmxt8.cloudfront.net\/14\/2024\/08\/image2.webp\",\"width\":2048,\"height\":1476},{\"@type\":\"WebSite\",\"@id\":\"https:\/\/www.welovecycling.com\/ie\/#website\",\"url\":\"https:\/\/www.welovecycling.com\/ie\/\",\"name\":\"\u0160koda We Love Cycling - Ireland\",\"description\":\"Just another \u0160koda WeLoveCycling Sites site\",\"potentialAction\":[{\"@type\":\"SearchAction\",\"target\":{\"@type\":\"EntryPoint\",\"urlTemplate\":\"https:\/\/www.welovecycling.com\/ie\/?s={search_term_string}\"},\"query-input\":{\"@type\":\"PropertyValueSpecification\",\"valueRequired\":true,\"valueName\":\"search_term_string\"}}],\"inLanguage\":\"en-GB\"},{\"@type\":\"Person\",\"@id\":\"https:\/\/www.welovecycling.com\/ie\/#\/schema\/person\/77414fc27b78622bdf4fc3a165b44d08\",\"name\":\"ciarabreen\",\"image\":{\"@type\":\"ImageObject\",\"inLanguage\":\"en-GB\",\"@id\":\"https:\/\/www.welovecycling.com\/ie\/#\/schema\/person\/image\/\",\"url\":\"https:\/\/secure.gravatar.com\/avatar\/f751ecb0138da6f10fd321bedfa1aba0407cbf92d86ef61dbc2c27e63991f457?s=96&d=mm&r=g\",\"contentUrl\":\"https:\/\/secure.gravatar.com\/avatar\/f751ecb0138da6f10fd321bedfa1aba0407cbf92d86ef61dbc2c27e63991f457?s=96&d=mm&r=g\",\"caption\":\"ciarabreen\"},\"url\":\"https:\/\/www.welovecycling.com\/ie\/author\/ciarabreen\/\"}]}<\/script>\n<!-- \/ Yoast SEO Premium plugin. -->","yoast_head_json":{"title":"Westport Women on Wheels take on epic Mizen to Malin charity cycle - \u0160koda We Love Cycling - Ireland","robots":{"index":"index","follow":"follow","max-snippet":"max-snippet:-1","max-image-preview":"max-image-preview:large","max-video-preview":"max-video-preview:-1"},"canonical":"https:\/\/www.welovecycling.com\/ie\/2024\/08\/27\/westport-women-on-wheels-take-on-epic-mizen-to-malin-charity-cycle\/","og_locale":"en_US","og_type":"article","og_title":"Westport Women on Wheels take on epic Mizen to Malin charity cycle","og_description":"This September, a remarkable group of 17 women from Co. Mayo will embark on one of Ireland&#8217;s most iconic cycling [&hellip;]","og_url":"https:\/\/www.welovecycling.com\/ie\/2024\/08\/27\/westport-women-on-wheels-take-on-epic-mizen-to-malin-charity-cycle\/","og_site_name":"\u0160koda We Love Cycling - Ireland","article_published_time":"2024-08-27T12:45:12+00:00","og_image":[{"width":2048,"height":1476,"url":"https:\/\/d2p6e6u75xmxt8.cloudfront.net\/14\/2024\/08\/image2.webp","type":"image\/webp"}],"author":"ciarabreen","twitter_card":"summary_large_image","twitter_misc":{"Written by":"ciarabreen","Est. reading time":"4 minutes"},"schema":{"@context":"https:\/\/schema.org","@graph":[{"@type":"WebPage","@id":"https:\/\/www.welovecycling.com\/ie\/2024\/08\/27\/westport-women-on-wheels-take-on-epic-mizen-to-malin-charity-cycle\/","url":"https:\/\/www.welovecycling.com\/ie\/2024\/08\/27\/westport-women-on-wheels-take-on-epic-mizen-to-malin-charity-cycle\/","name":"Westport Women on Wheels take on epic Mizen to Malin charity cycle - \u0160koda We Love Cycling - Ireland","isPartOf":{"@id":"https:\/\/www.welovecycling.com\/ie\/#website"},"primaryImageOfPage":{"@id":"https:\/\/www.welovecycling.com\/ie\/2024\/08\/27\/westport-women-on-wheels-take-on-epic-mizen-to-malin-charity-cycle\/#primaryimage"},"image":{"@id":"https:\/\/www.welovecycling.com\/ie\/2024\/08\/27\/westport-women-on-wheels-take-on-epic-mizen-to-malin-charity-cycle\/#primaryimage"},"thumbnailUrl":"https:\/\/d2p6e6u75xmxt8.cloudfront.net\/14\/2024\/08\/image2.webp","datePublished":"2024-08-27T12:45:12+00:00","author":{"@id":"https:\/\/www.welovecycling.com\/ie\/#\/schema\/person\/77414fc27b78622bdf4fc3a165b44d08"},"inLanguage":"en-GB","potentialAction":[{"@type":"ReadAction","target":["https:\/\/www.welovecycling.com\/ie\/2024\/08\/27\/westport-women-on-wheels-take-on-epic-mizen-to-malin-charity-cycle\/"]}]},{"@type":"ImageObject","inLanguage":"en-GB","@id":"https:\/\/www.welovecycling.com\/ie\/2024\/08\/27\/westport-women-on-wheels-take-on-epic-mizen-to-malin-charity-cycle\/#primaryimage","url":"https:\/\/d2p6e6u75xmxt8.cloudfront.net\/14\/2024\/08\/image2.webp","contentUrl":"https:\/\/d2p6e6u75xmxt8.cloudfront.net\/14\/2024\/08\/image2.webp","width":2048,"height":1476},{"@type":"WebSite","@id":"https:\/\/www.welovecycling.com\/ie\/#website","url":"https:\/\/www.welovecycling.com\/ie\/","name":"\u0160koda We Love Cycling - Ireland","description":"Just another \u0160koda WeLoveCycling Sites site","potentialAction":[{"@type":"SearchAction","target":{"@type":"EntryPoint","urlTemplate":"https:\/\/www.welovecycling.com\/ie\/?s={search_term_string}"},"query-input":{"@type":"PropertyValueSpecification","valueRequired":true,"valueName":"search_term_string"}}],"inLanguage":"en-GB"},{"@type":"Person","@id":"https:\/\/www.welovecycling.com\/ie\/#\/schema\/person\/77414fc27b78622bdf4fc3a165b44d08","name":"ciarabreen","image":{"@type":"ImageObject","inLanguage":"en-GB","@id":"https:\/\/www.welovecycling.com\/ie\/#\/schema\/person\/image\/","url":"https:\/\/secure.gravatar.com\/avatar\/f751ecb0138da6f10fd321bedfa1aba0407cbf92d86ef61dbc2c27e63991f457?s=96&d=mm&r=g","contentUrl":"https:\/\/secure.gravatar.com\/avatar\/f751ecb0138da6f10fd321bedfa1aba0407cbf92d86ef61dbc2c27e63991f457?s=96&d=mm&r=g","caption":"ciarabreen"},"url":"https:\/\/www.welovecycling.com\/ie\/author\/ciarabreen\/"}]}},"_links":{"self":[{"href":"https:\/\/www.welovecycling.com\/ie\/wp-json\/wp\/v2\/posts\/4295","targetHints":{"allow":["GET"]}}],"collection":[{"href":"https:\/\/www.welovecycling.com\/ie\/wp-json\/wp\/v2\/posts"}],"about":[{"href":"https:\/\/www.welovecycling.com\/ie\/wp-json\/wp\/v2\/types\/post"}],"author":[{"embeddable":true,"href":"https:\/\/www.welovecycling.com\/ie\/wp-json\/wp\/v2\/users\/96"}],"replies":[{"embeddable":true,"href":"https:\/\/www.welovecycling.com\/ie\/wp-json\/wp\/v2\/comments?post=4295"}],"version-history":[{"count":2,"href":"https:\/\/www.welovecycling.com\/ie\/wp-json\/wp\/v2\/posts\/4295\/revisions"}],"predecessor-version":[{"id":4300,"href":"https:\/\/www.welovecycling.com\/ie\/wp-json\/wp\/v2\/posts\/4295\/revisions\/4300"}],"wp:featuredmedia":[{"embeddable":true,"href":"https:\/\/www.welovecycling.com\/ie\/wp-json\/wp\/v2\/media\/4298"}],"wp:attachment":[{"href":"https:\/\/www.welovecycling.com\/ie\/wp-json\/wp\/v2\/media?parent=4295"}],"wp:term":[{"taxonomy":"category","embeddable":true,"href":"https:\/\/www.welovecycling.com\/ie\/wp-json\/wp\/v2\/categories?post=4295"},{"taxonomy":"post_tag","embeddable":true,"href":"https:\/\/www.welovecycling.com\/ie\/wp-json\/wp\/v2\/tags?post=4295"},{"taxonomy":"global-categories","embeddable":true,"href":"https:\/\/www.welovecycling.com\/ie\/wp-json\/wp\/v2\/global-categories?post=4295"}],"curies":[{"name":"wp","href":"https:\/\/api.w.org\/{rel}","templated":true}]}}