{"id":4085,"date":"2023-12-12T16:25:51","date_gmt":"2023-12-12T16:25:51","guid":{"rendered":"https:\/\/www.welovecycling.com\/ie\/?p=4085"},"modified":"2023-12-12T16:25:51","modified_gmt":"2023-12-12T16:25:51","slug":"2023-a-cycling-year-in-review","status":"publish","type":"post","link":"https:\/\/www.welovecycling.com\/ie\/2023\/12\/12\/2023-a-cycling-year-in-review\/","title":{"rendered":"2023 \u2013 A Cycling Year in Review"},"content":{"rendered":"<p><strong>As 2023 draws to a close, it&#8217;s time to reflect on the remarkable journey of cycling in Ireland over the past twelve months<\/strong>. This past year has been a pivotal year for the Irish cycling community, marked by significant achievements, inspiring events and notable advancements in cycling infrastructure.<\/p>\n<p>Let\u2019s revisit the highlights that shaped the Irish cycling scene in 2023. From the thrilling races that captivated enthusiasts to the grassroots initiatives that brought more people onto their bikes, we\u2019re only too excited as to what 2024 will bring!<\/p>\n<h3><strong>Success both at home and abroad for Team Ireland<\/strong><\/h3>\n<p><u>Giro d&#8217;Italia<\/u><\/p>\n<p>In famed Grand Tours like the Giro d&#8217;Italia, Irish riders continued to impress with their resilience and competitive spirit.<\/p>\n<p>Ben Healy made his Grand Tour debut for Team Ireland at this year\u2019s Giro d\u2019Italia, and on 13th May won his first Grand Tour stage a week later! Meanwhile, seasoned rider Eddie Dunbar came a respectable 7th place overall, a fantastic achievement for the Cork-born cyclist.<\/p>\n<p><a href=\"https:\/\/www.instagram.com\/p\/CsrT1S-Mw0H\/?igshid=MzRlODBiNWFlZA==\">https:\/\/www.instagram.com\/p\/CsrT1S-Mw0H\/?igshid=MzRlODBiNWFlZA==<\/a><\/p>\n<p><u>UCI Road World Championships<\/u><\/p>\n<p>The 2023 UCI Road World Championships saw a strong Irish team participating, with representation in the elite men and women, U23 men and women, as well as junior men and women&#8217;s events!<\/p>\n<p>The Irish side\u2019s commendable performance in the Championships was a testament to the growing strength and depth of Irish professional cycling this year. Stand out performances include \u00c1ine Doherty who achieved an impressive 39th place overall and Lucy Benezet Minns who followed in 43rd place within the junior women&#8217;s category.<\/p>\n<p><a href=\"https:\/\/www.instagram.com\/p\/Cv7ORIGsyDw\/?igshid=MzRlODBiNWFlZA==\">https:\/\/www.instagram.com\/p\/Cv7ORIGsyDw\/?igshid=MzRlODBiNWFlZA==<\/a><\/p>\n<p><u>R\u00e1s na mBan<\/u><\/p>\n<p>As Ireland\u2019s premier women\u2019s event, this year\u2019s R\u00e1s na mBan was certainly an affair to remember with fantastic performances from some of the world\u2019s best cycling stars.<\/p>\n<p>It was a great start for the Irish side, as Mia Griffin secured the opening stage win. Ireland\u2019s Caoimhe O\u2019Brien and Ellen McDermott also achieved second and third place positions respectively in Stage 6.<\/p>\n<p>In the end, Dutch powerhouse Manon de Boer managed to hold her ground against persistent late challenges to claim the 2023 R\u00e1s na mBan magenta jersey and overall title. Take a look at the full R\u00e1s na mBan recap <a href=\"https:\/\/www.welovecycling.com\/ie\/2023\/09\/25\/ras-na-mban-2023-a-rundown-of-irelands-premier-womens-road-race\/\">here<\/a> for full details on how each stage unfolded!<\/p>\n<p><a href=\"https:\/\/www.instagram.com\/p\/CxLp2lwML1i\/?igshid=MzRlODBiNWFlZA==\">https:\/\/www.instagram.com\/p\/CxLp2lwML1i\/?igshid=MzRlODBiNWFlZA==<\/a><\/p>\n<h3><strong>Brand new Irish cycling infrastructure and initiatives<\/strong><\/h3>\n<p>One of the most notable developments of 2023 in Ireland was the substantial investment in cycling infrastructure. New bike lanes and cycling-friendly urban planning initiatives in cities and towns right across the island have made cycling safer and more accessible.<\/p>\n<p>Work recently commenced on a brand-new cycling lane that will run alongside an existing train line between Malahide and Donabate, which is perfect for avid cyclists in North County Dublin. There was also the welcome news earlier this year that the Irish government has committed to spending \u20ac290 million on 1,000km of new walking and cycling infrastructure across the country. More information about the scheme can be found<a href=\"https:\/\/www.cyclingireland.ie\/news-item\/cycling-ireland-welcome-290m-investment-in-active-travel-projects-in-2023-\/\"> here.<\/a><\/p>\n<p>Grassroots efforts flourished this year, with lots of community-led cycling events and programmes open to enthusiasts across the country. From Bike Week, HER Outdoors Week and <a href=\"https:\/\/www.welovecycling.com\/ie\/2023\/06\/25\/ride-with-pride-celebrating-pride-month-2023\/\">Ride with Pride<\/a>, thousands of cyclists took part in these brilliant events which championed everyday people.<\/p>\n<p>The \u0160koda Tour de Conamara and \u0160koda Ring of Clare which form part of the \u0160koda Celtic Series were also huge successes. These non-competitive cycles are perfect for cyclists looking for a social ride around some of Ireland\u2019s most beautiful scenery. Back in June, <a href=\"https:\/\/www.welovecycling.com\/ie\/2023\/06\/25\/skoda-tour-de-conamara-takes-the-spotlight\/\">we chatted to Tour de Conamara participant Libor Pavlas<\/a> who told us more about the event and why it\u2019s so popular.<\/p>\n<p><em>\u00a0<\/em><\/p>\n<p><em>With an increasing number of people in Ireland embracing cycling and a competitive scene which is going from strength to strength, the coming year is set to be really promising. Here\u2019s to 2024!<\/em><\/p>\n<p>&nbsp;<\/p>\n","protected":false},"excerpt":{"rendered":"<p>As 2023 draws to a close, it&#8217;s time to reflect on the remarkable journey of cycling in Ireland over the [&hellip;]<\/p>\n","protected":false},"author":96,"featured_media":4087,"comment_status":"open","ping_status":"open","sticky":false,"template":"","format":"standard","meta":{"footnotes":""},"categories":[70],"tags":[],"global-categories":[73],"class_list":["post-4085","post","type-post","status-publish","format-standard","has-post-thumbnail","hentry","category-cycling-in-ireland","global-categories-cycling"],"yoast_head":"<!-- This site is optimized with the Yoast SEO Premium plugin v25.3 (Yoast SEO v25.9) - https:\/\/yoast.com\/wordpress\/plugins\/seo\/ -->\n<title>2023 \u2013 A Cycling Year in Review - \u0160koda We Love Cycling - Ireland<\/title>\n<meta name=\"description\" content=\"As 2023 draws to a close, it&#039;s time to reflect on the remarkable journey of cycling in Ireland over the past twelve months.\" \/>\n<meta name=\"robots\" content=\"index, follow, max-snippet:-1, max-image-preview:large, max-video-preview:-1\" \/>\n<link rel=\"canonical\" href=\"https:\/\/www.welovecycling.com\/ie\/2023\/12\/12\/2023-a-cycling-year-in-review\/\" \/>\n<meta property=\"og:locale\" content=\"en_US\" \/>\n<meta property=\"og:type\" content=\"article\" \/>\n<meta property=\"og:title\" content=\"2023 \u2013 A Cycling Year in Review\" \/>\n<meta property=\"og:description\" content=\"As 2023 draws to a close, it&#039;s time to reflect on the remarkable journey of cycling in Ireland over the past twelve months.\" \/>\n<meta property=\"og:url\" content=\"https:\/\/www.welovecycling.com\/ie\/2023\/12\/12\/2023-a-cycling-year-in-review\/\" \/>\n<meta property=\"og:site_name\" content=\"\u0160koda We Love Cycling - Ireland\" \/>\n<meta property=\"article:published_time\" content=\"2023-12-12T16:25:51+00:00\" \/>\n<meta property=\"og:image\" content=\"https:\/\/d2p6e6u75xmxt8.cloudfront.net\/14\/2023\/12\/Cycling-year-in-review-scaled.webp\" \/>\n\t<meta property=\"og:image:width\" content=\"2560\" \/>\n\t<meta property=\"og:image:height\" content=\"1920\" \/>\n\t<meta property=\"og:image:type\" content=\"image\/webp\" \/>\n<meta name=\"author\" content=\"ciarabreen\" \/>\n<meta name=\"twitter:card\" content=\"summary_large_image\" \/>\n<meta name=\"twitter:label1\" content=\"Written by\" \/>\n\t<meta name=\"twitter:data1\" content=\"ciarabreen\" \/>\n\t<meta name=\"twitter:label2\" content=\"Est. reading time\" \/>\n\t<meta name=\"twitter:data2\" content=\"3 minutes\" \/>\n<script type=\"application\/ld+json\" class=\"yoast-schema-graph\">{\"@context\":\"https:\/\/schema.org\",\"@graph\":[{\"@type\":\"WebPage\",\"@id\":\"https:\/\/www.welovecycling.com\/ie\/2023\/12\/12\/2023-a-cycling-year-in-review\/\",\"url\":\"https:\/\/www.welovecycling.com\/ie\/2023\/12\/12\/2023-a-cycling-year-in-review\/\",\"name\":\"2023 \u2013 A Cycling Year in Review - \u0160koda We Love Cycling - Ireland\",\"isPartOf\":{\"@id\":\"https:\/\/www.welovecycling.com\/ie\/#website\"},\"primaryImageOfPage\":{\"@id\":\"https:\/\/www.welovecycling.com\/ie\/2023\/12\/12\/2023-a-cycling-year-in-review\/#primaryimage\"},\"image\":{\"@id\":\"https:\/\/www.welovecycling.com\/ie\/2023\/12\/12\/2023-a-cycling-year-in-review\/#primaryimage\"},\"thumbnailUrl\":\"https:\/\/d2p6e6u75xmxt8.cloudfront.net\/14\/2023\/12\/Cycling-year-in-review-scaled.webp\",\"datePublished\":\"2023-12-12T16:25:51+00:00\",\"author\":{\"@id\":\"https:\/\/www.welovecycling.com\/ie\/#\/schema\/person\/77414fc27b78622bdf4fc3a165b44d08\"},\"description\":\"As 2023 draws to a close, it's time to reflect on the remarkable journey of cycling in Ireland over the past twelve months.\",\"inLanguage\":\"en-GB\",\"potentialAction\":[{\"@type\":\"ReadAction\",\"target\":[\"https:\/\/www.welovecycling.com\/ie\/2023\/12\/12\/2023-a-cycling-year-in-review\/\"]}]},{\"@type\":\"ImageObject\",\"inLanguage\":\"en-GB\",\"@id\":\"https:\/\/www.welovecycling.com\/ie\/2023\/12\/12\/2023-a-cycling-year-in-review\/#primaryimage\",\"url\":\"https:\/\/d2p6e6u75xmxt8.cloudfront.net\/14\/2023\/12\/Cycling-year-in-review-scaled.webp\",\"contentUrl\":\"https:\/\/d2p6e6u75xmxt8.cloudfront.net\/14\/2023\/12\/Cycling-year-in-review-scaled.webp\",\"width\":2560,\"height\":1920},{\"@type\":\"WebSite\",\"@id\":\"https:\/\/www.welovecycling.com\/ie\/#website\",\"url\":\"https:\/\/www.welovecycling.com\/ie\/\",\"name\":\"\u0160koda We Love Cycling - Ireland\",\"description\":\"Just another \u0160koda WeLoveCycling Sites site\",\"potentialAction\":[{\"@type\":\"SearchAction\",\"target\":{\"@type\":\"EntryPoint\",\"urlTemplate\":\"https:\/\/www.welovecycling.com\/ie\/?s={search_term_string}\"},\"query-input\":{\"@type\":\"PropertyValueSpecification\",\"valueRequired\":true,\"valueName\":\"search_term_string\"}}],\"inLanguage\":\"en-GB\"},{\"@type\":\"Person\",\"@id\":\"https:\/\/www.welovecycling.com\/ie\/#\/schema\/person\/77414fc27b78622bdf4fc3a165b44d08\",\"name\":\"ciarabreen\",\"image\":{\"@type\":\"ImageObject\",\"inLanguage\":\"en-GB\",\"@id\":\"https:\/\/www.welovecycling.com\/ie\/#\/schema\/person\/image\/\",\"url\":\"https:\/\/secure.gravatar.com\/avatar\/f751ecb0138da6f10fd321bedfa1aba0407cbf92d86ef61dbc2c27e63991f457?s=96&d=mm&r=g\",\"contentUrl\":\"https:\/\/secure.gravatar.com\/avatar\/f751ecb0138da6f10fd321bedfa1aba0407cbf92d86ef61dbc2c27e63991f457?s=96&d=mm&r=g\",\"caption\":\"ciarabreen\"},\"url\":\"https:\/\/www.welovecycling.com\/ie\/author\/ciarabreen\/\"}]}<\/script>\n<!-- \/ Yoast SEO Premium plugin. -->","yoast_head_json":{"title":"2023 \u2013 A Cycling Year in Review - \u0160koda We Love Cycling - Ireland","description":"As 2023 draws to a close, it's time to reflect on the remarkable journey of cycling in Ireland over the past twelve months.","robots":{"index":"index","follow":"follow","max-snippet":"max-snippet:-1","max-image-preview":"max-image-preview:large","max-video-preview":"max-video-preview:-1"},"canonical":"https:\/\/www.welovecycling.com\/ie\/2023\/12\/12\/2023-a-cycling-year-in-review\/","og_locale":"en_US","og_type":"article","og_title":"2023 \u2013 A Cycling Year in Review","og_description":"As 2023 draws to a close, it's time to reflect on the remarkable journey of cycling in Ireland over the past twelve months.","og_url":"https:\/\/www.welovecycling.com\/ie\/2023\/12\/12\/2023-a-cycling-year-in-review\/","og_site_name":"\u0160koda We Love Cycling - Ireland","article_published_time":"2023-12-12T16:25:51+00:00","og_image":[{"width":2560,"height":1920,"url":"https:\/\/d2p6e6u75xmxt8.cloudfront.net\/14\/2023\/12\/Cycling-year-in-review-scaled.webp","type":"image\/webp"}],"author":"ciarabreen","twitter_card":"summary_large_image","twitter_misc":{"Written by":"ciarabreen","Est. reading time":"3 minutes"},"schema":{"@context":"https:\/\/schema.org","@graph":[{"@type":"WebPage","@id":"https:\/\/www.welovecycling.com\/ie\/2023\/12\/12\/2023-a-cycling-year-in-review\/","url":"https:\/\/www.welovecycling.com\/ie\/2023\/12\/12\/2023-a-cycling-year-in-review\/","name":"2023 \u2013 A Cycling Year in Review - \u0160koda We Love Cycling - Ireland","isPartOf":{"@id":"https:\/\/www.welovecycling.com\/ie\/#website"},"primaryImageOfPage":{"@id":"https:\/\/www.welovecycling.com\/ie\/2023\/12\/12\/2023-a-cycling-year-in-review\/#primaryimage"},"image":{"@id":"https:\/\/www.welovecycling.com\/ie\/2023\/12\/12\/2023-a-cycling-year-in-review\/#primaryimage"},"thumbnailUrl":"https:\/\/d2p6e6u75xmxt8.cloudfront.net\/14\/2023\/12\/Cycling-year-in-review-scaled.webp","datePublished":"2023-12-12T16:25:51+00:00","author":{"@id":"https:\/\/www.welovecycling.com\/ie\/#\/schema\/person\/77414fc27b78622bdf4fc3a165b44d08"},"description":"As 2023 draws to a close, it's time to reflect on the remarkable journey of cycling in Ireland over the past twelve months.","inLanguage":"en-GB","potentialAction":[{"@type":"ReadAction","target":["https:\/\/www.welovecycling.com\/ie\/2023\/12\/12\/2023-a-cycling-year-in-review\/"]}]},{"@type":"ImageObject","inLanguage":"en-GB","@id":"https:\/\/www.welovecycling.com\/ie\/2023\/12\/12\/2023-a-cycling-year-in-review\/#primaryimage","url":"https:\/\/d2p6e6u75xmxt8.cloudfront.net\/14\/2023\/12\/Cycling-year-in-review-scaled.webp","contentUrl":"https:\/\/d2p6e6u75xmxt8.cloudfront.net\/14\/2023\/12\/Cycling-year-in-review-scaled.webp","width":2560,"height":1920},{"@type":"WebSite","@id":"https:\/\/www.welovecycling.com\/ie\/#website","url":"https:\/\/www.welovecycling.com\/ie\/","name":"\u0160koda We Love Cycling - Ireland","description":"Just another \u0160koda WeLoveCycling Sites site","potentialAction":[{"@type":"SearchAction","target":{"@type":"EntryPoint","urlTemplate":"https:\/\/www.welovecycling.com\/ie\/?s={search_term_string}"},"query-input":{"@type":"PropertyValueSpecification","valueRequired":true,"valueName":"search_term_string"}}],"inLanguage":"en-GB"},{"@type":"Person","@id":"https:\/\/www.welovecycling.com\/ie\/#\/schema\/person\/77414fc27b78622bdf4fc3a165b44d08","name":"ciarabreen","image":{"@type":"ImageObject","inLanguage":"en-GB","@id":"https:\/\/www.welovecycling.com\/ie\/#\/schema\/person\/image\/","url":"https:\/\/secure.gravatar.com\/avatar\/f751ecb0138da6f10fd321bedfa1aba0407cbf92d86ef61dbc2c27e63991f457?s=96&d=mm&r=g","contentUrl":"https:\/\/secure.gravatar.com\/avatar\/f751ecb0138da6f10fd321bedfa1aba0407cbf92d86ef61dbc2c27e63991f457?s=96&d=mm&r=g","caption":"ciarabreen"},"url":"https:\/\/www.welovecycling.com\/ie\/author\/ciarabreen\/"}]}},"_links":{"self":[{"href":"https:\/\/www.welovecycling.com\/ie\/wp-json\/wp\/v2\/posts\/4085","targetHints":{"allow":["GET"]}}],"collection":[{"href":"https:\/\/www.welovecycling.com\/ie\/wp-json\/wp\/v2\/posts"}],"about":[{"href":"https:\/\/www.welovecycling.com\/ie\/wp-json\/wp\/v2\/types\/post"}],"author":[{"embeddable":true,"href":"https:\/\/www.welovecycling.com\/ie\/wp-json\/wp\/v2\/users\/96"}],"replies":[{"embeddable":true,"href":"https:\/\/www.welovecycling.com\/ie\/wp-json\/wp\/v2\/comments?post=4085"}],"version-history":[{"count":2,"href":"https:\/\/www.welovecycling.com\/ie\/wp-json\/wp\/v2\/posts\/4085\/revisions"}],"predecessor-version":[{"id":4088,"href":"https:\/\/www.welovecycling.com\/ie\/wp-json\/wp\/v2\/posts\/4085\/revisions\/4088"}],"wp:featuredmedia":[{"embeddable":true,"href":"https:\/\/www.welovecycling.com\/ie\/wp-json\/wp\/v2\/media\/4087"}],"wp:attachment":[{"href":"https:\/\/www.welovecycling.com\/ie\/wp-json\/wp\/v2\/media?parent=4085"}],"wp:term":[{"taxonomy":"category","embeddable":true,"href":"https:\/\/www.welovecycling.com\/ie\/wp-json\/wp\/v2\/categories?post=4085"},{"taxonomy":"post_tag","embeddable":true,"href":"https:\/\/www.welovecycling.com\/ie\/wp-json\/wp\/v2\/tags?post=4085"},{"taxonomy":"global-categories","embeddable":true,"href":"https:\/\/www.welovecycling.com\/ie\/wp-json\/wp\/v2\/global-categories?post=4085"}],"curies":[{"name":"wp","href":"https:\/\/api.w.org\/{rel}","templated":true}]}}