{"id":3010,"date":"2021-06-29T08:29:03","date_gmt":"2021-06-29T08:29:03","guid":{"rendered":"https:\/\/www.welovecycling.com\/ie\/?p=3010"},"modified":"2021-06-29T08:29:03","modified_gmt":"2021-06-29T08:29:03","slug":"creating-the-red-enyaq-iv-how-does-it-feel-to-be-the-tour-de-france-director","status":"publish","type":"post","link":"https:\/\/www.welovecycling.com\/ie\/2021\/06\/29\/creating-the-red-enyaq-iv-how-does-it-feel-to-be-the-tour-de-france-director\/","title":{"rendered":"Creating the Red ENYAQ iV: How Does It Feel to Be the Tour de France Director?"},"content":{"rendered":"<p><strong>It took me nearly an hour to reach the \u0160koda headquarters in Mlad\u00e1 Boleslav and then another half an hour sporting along narrow, rural roads. The place is called Led\u010de. Be careful not to follow the GPS navigation blindly as I did, which resulted in a trip to the woods and ending up in the middle of nowhere.<\/strong><\/p>\n<p><!--more--><\/p>\n<p>\u201cThe same happened to several people including a truck driver with a long trailer. It took him almost an hour to get back using only his wing mirrors,\u201d says Best Modell founder Martin Smutn\u00fd. Luckily for me, I forgot about hooking a trailer to my car today.<\/p>\n<figure id=\"attachment_3011\" aria-describedby=\"caption-attachment-3011\" style=\"width: 1024px\" class=\"wp-caption alignnone\"><a href=\"https:\/\/d2p6e6u75xmxt8.cloudfront.net\/2\/2021\/06\/FM7B8660.jpg\"><img loading=\"lazy\" decoding=\"async\" class=\"wp-image-3011 size-large\" src=\"https:\/\/d2p6e6u75xmxt8.cloudfront.net\/14\/2021\/06\/FM7B8660-1024x683.jpg\" alt=\"\u0160koda ENYAQ iV\" width=\"1024\" height=\"683\" srcset=\"https:\/\/d2p6e6u75xmxt8.cloudfront.net\/14\/2021\/06\/FM7B8660-1024x683.jpg 1024w, https:\/\/d2p6e6u75xmxt8.cloudfront.net\/14\/2021\/06\/FM7B8660-300x200.jpg 300w, https:\/\/d2p6e6u75xmxt8.cloudfront.net\/14\/2021\/06\/FM7B8660-768x512.jpg 768w, https:\/\/d2p6e6u75xmxt8.cloudfront.net\/14\/2021\/06\/FM7B8660-272x182.jpg 272w, https:\/\/d2p6e6u75xmxt8.cloudfront.net\/14\/2021\/06\/FM7B8660.jpg 1182w\" sizes=\"auto, (max-width: 1024px) 100vw, 1024px\" \/><\/a><figcaption id=\"caption-attachment-3011\" class=\"wp-caption-text\">Waiting for the modification.<\/figcaption><\/figure>\n<p>Best Modell is an inconspicuous Czech company based in an even more inconspicuous Czech village. If you eventually get there, you might not even notice the company hidden behind a front yard full of old and used cars. Attention is not desired anyway, as most company activities fit into the \u2018classified\u2019 or even \u2018top-secret\u2019 category.<\/p>\n<p>In a workshop divided into three halls, some of the future \u0160koda models are designed and shaped. Some of them will be introduced five years from now, which is the reason why all visitors must leave their smartphones strictly switched off.<\/p>\n<p>The project that brought me here, on the contrary, is something millions of Tour de France fans watch on their screens these days. The workshop I&#8217;m about to enter is a place where the cars of the <a href=\"https:\/\/www.letour.fr\/en\/\">Tour de France<\/a> director and other main officials are modified. These vehicles will follow the entire peloton throughout the most famous cycling event in the world.<\/p>\n<figure id=\"attachment_3012\" aria-describedby=\"caption-attachment-3012\" style=\"width: 1024px\" class=\"wp-caption alignnone\"><a href=\"https:\/\/d2p6e6u75xmxt8.cloudfront.net\/2\/2021\/06\/Red-ENYAQ-iV.jpg\"><img loading=\"lazy\" decoding=\"async\" class=\"wp-image-3012 size-large\" src=\"https:\/\/d2p6e6u75xmxt8.cloudfront.net\/14\/2021\/06\/Red-ENYAQ-iV-1024x682.jpg\" alt=\"Red ENYAQ iV modification\" width=\"1024\" height=\"682\" srcset=\"https:\/\/d2p6e6u75xmxt8.cloudfront.net\/14\/2021\/06\/Red-ENYAQ-iV-1024x682.jpg 1024w, https:\/\/d2p6e6u75xmxt8.cloudfront.net\/14\/2021\/06\/Red-ENYAQ-iV-300x200.jpg 300w, https:\/\/d2p6e6u75xmxt8.cloudfront.net\/14\/2021\/06\/Red-ENYAQ-iV-768x512.jpg 768w, https:\/\/d2p6e6u75xmxt8.cloudfront.net\/14\/2021\/06\/Red-ENYAQ-iV-272x182.jpg 272w, https:\/\/d2p6e6u75xmxt8.cloudfront.net\/14\/2021\/06\/Red-ENYAQ-iV.jpg 1037w\" sizes=\"auto, (max-width: 1024px) 100vw, 1024px\" \/><\/a><figcaption id=\"caption-attachment-3012\" class=\"wp-caption-text\">This is where the magic happens.<\/figcaption><\/figure>\n<p>Mr. <a href=\"https:\/\/www.welovecycling.com\/wide\/2021\/02\/10\/christian-prudhomme-is-reasonably-optimistic-about-the-2021-racing-calendar\/\">Christian Prudhomme<\/a> will start the Tour de France on June 26 from one of the ENYAQ iVs hidden behind a gate with a sign reading: &#8220;Enter accompanied by authorised personnel only.&#8221; With the kind permission of Martin Smutn\u00fd, I enter the hall just to come across a big surprise.<\/p>\n<p>While on TV the cars are beautiful and shiny, their poor metal bodies are now concealed underneath a semi-transparent plastic. It only takes a few more steps to get me completely mesmerised. All the cars are now stripped of their upholstery. Looking at them more closely, I find most of the interior lining is gone, with many cables, wires, clamps and seals poking out from every corner. Did they really deserve that?<\/p>\n<div id='gallery-1' class='gallery galleryid-3010 gallery-columns-2 gallery-size-large'><figure class='gallery-item'>\n\t\t\t<div class='gallery-icon landscape'>\n\t\t\t\t<a href='https:\/\/d2p6e6u75xmxt8.cloudfront.net\/14\/2021\/06\/FM7B8685.jpg'><img loading=\"lazy\" decoding=\"async\" width=\"1024\" height=\"682\" src=\"https:\/\/d2p6e6u75xmxt8.cloudfront.net\/14\/2021\/06\/FM7B8685-1024x682.jpg\" class=\"attachment-large size-large\" alt=\"\" srcset=\"https:\/\/d2p6e6u75xmxt8.cloudfront.net\/14\/2021\/06\/FM7B8685-1024x682.jpg 1024w, https:\/\/d2p6e6u75xmxt8.cloudfront.net\/14\/2021\/06\/FM7B8685-300x200.jpg 300w, https:\/\/d2p6e6u75xmxt8.cloudfront.net\/14\/2021\/06\/FM7B8685-768x511.jpg 768w, https:\/\/d2p6e6u75xmxt8.cloudfront.net\/14\/2021\/06\/FM7B8685-272x182.jpg 272w, https:\/\/d2p6e6u75xmxt8.cloudfront.net\/14\/2021\/06\/FM7B8685.jpg 1275w\" sizes=\"auto, (max-width: 1024px) 100vw, 1024px\" \/><\/a>\n\t\t\t<\/div><\/figure><figure class='gallery-item'>\n\t\t\t<div class='gallery-icon landscape'>\n\t\t\t\t<a href='https:\/\/d2p6e6u75xmxt8.cloudfront.net\/14\/2021\/06\/FM7B8726.jpg'><img loading=\"lazy\" decoding=\"async\" width=\"1024\" height=\"682\" src=\"https:\/\/d2p6e6u75xmxt8.cloudfront.net\/14\/2021\/06\/FM7B8726-1024x682.jpg\" class=\"attachment-large size-large\" alt=\"Apparently, they did.\" srcset=\"https:\/\/d2p6e6u75xmxt8.cloudfront.net\/14\/2021\/06\/FM7B8726-1024x682.jpg 1024w, https:\/\/d2p6e6u75xmxt8.cloudfront.net\/14\/2021\/06\/FM7B8726-300x200.jpg 300w, https:\/\/d2p6e6u75xmxt8.cloudfront.net\/14\/2021\/06\/FM7B8726-768x512.jpg 768w, https:\/\/d2p6e6u75xmxt8.cloudfront.net\/14\/2021\/06\/FM7B8726-272x182.jpg 272w, https:\/\/d2p6e6u75xmxt8.cloudfront.net\/14\/2021\/06\/FM7B8726.jpg 1489w\" sizes=\"auto, (max-width: 1024px) 100vw, 1024px\" \/><\/a>\n\t\t\t<\/div><\/figure>\n\t\t<\/div>\n\n<p>&#8220;Well, they did indeed,&#8221; Mr. Smutn\u00fd assures me. All the cars were stripped down to the bone so the additional devices could get plugged into the power supply from two extra batteries. The list of the devices was meticulously composed by commissaries of the Tour to turn ordinary <a href=\"https:\/\/www.skoda-auto.com\/models\/range\/enyaq-iv\">\u0160koda ENYAQ iV<\/a> cars into mobile offices on four wheels.<\/p>\n<p>Before Mr. Prudhomme can wave at the spectators through the sunroof, somebody has to cut it out. First, the technicians have to dismantle the whole interior, cut out the hole while also cutting the existing reinforcements, then weld the sunroof, seal it and connect it to the power supply. The entire ceiling is now waiting for a new lining. For the director to have something to hold on to, the roof racks are raised a few centimetres so he can comfortably grip them.<\/p>\n<div id='gallery-2' class='gallery galleryid-3010 gallery-columns-2 gallery-size-large'><figure class='gallery-item'>\n\t\t\t<div class='gallery-icon landscape'>\n\t\t\t\t<a href='https:\/\/d2p6e6u75xmxt8.cloudfront.net\/14\/2021\/06\/FM7B8694.jpg'><img loading=\"lazy\" decoding=\"async\" width=\"1024\" height=\"682\" src=\"https:\/\/d2p6e6u75xmxt8.cloudfront.net\/14\/2021\/06\/FM7B8694-1024x682.jpg\" class=\"attachment-large size-large\" alt=\"The director&#039;s car in the making.\" srcset=\"https:\/\/d2p6e6u75xmxt8.cloudfront.net\/14\/2021\/06\/FM7B8694-1024x682.jpg 1024w, https:\/\/d2p6e6u75xmxt8.cloudfront.net\/14\/2021\/06\/FM7B8694-300x200.jpg 300w, https:\/\/d2p6e6u75xmxt8.cloudfront.net\/14\/2021\/06\/FM7B8694-768x512.jpg 768w, https:\/\/d2p6e6u75xmxt8.cloudfront.net\/14\/2021\/06\/FM7B8694-272x182.jpg 272w, https:\/\/d2p6e6u75xmxt8.cloudfront.net\/14\/2021\/06\/FM7B8694.jpg 1303w\" sizes=\"auto, (max-width: 1024px) 100vw, 1024px\" \/><\/a>\n\t\t\t<\/div><\/figure><figure class='gallery-item'>\n\t\t\t<div class='gallery-icon landscape'>\n\t\t\t\t<a href='https:\/\/d2p6e6u75xmxt8.cloudfront.net\/14\/2021\/06\/FM7B8799.jpg'><img loading=\"lazy\" decoding=\"async\" width=\"1024\" height=\"683\" src=\"https:\/\/d2p6e6u75xmxt8.cloudfront.net\/14\/2021\/06\/FM7B8799-1024x683.jpg\" class=\"attachment-large size-large\" alt=\"The additional devices need to be plugged into the power supply from two extra batteries.\" srcset=\"https:\/\/d2p6e6u75xmxt8.cloudfront.net\/14\/2021\/06\/FM7B8799-1024x683.jpg 1024w, https:\/\/d2p6e6u75xmxt8.cloudfront.net\/14\/2021\/06\/FM7B8799-300x200.jpg 300w, https:\/\/d2p6e6u75xmxt8.cloudfront.net\/14\/2021\/06\/FM7B8799-768x512.jpg 768w, https:\/\/d2p6e6u75xmxt8.cloudfront.net\/14\/2021\/06\/FM7B8799-272x182.jpg 272w, https:\/\/d2p6e6u75xmxt8.cloudfront.net\/14\/2021\/06\/FM7B8799.jpg 1434w\" sizes=\"auto, (max-width: 1024px) 100vw, 1024px\" \/><\/a>\n\t\t\t<\/div><\/figure>\n\t\t<\/div>\n\n<p>Aside from the sunroof, an additional radio, six antennas, beacons and horns will be installed. The famed refrigerator can be found between the rear seats to accommodate two bottles of champagne that will be served to VIP guests during the race. Two seventy-five ampere batteries have been placed in a special compartment in the boot to power all of the additional devices.<\/p>\n<p>The team works under tremendous pressure. Due to last year&#8217;s experience, commissaries have much more detailed requirements now.<\/p>\n<p>&#8220;This year, we had to take care of brand-new radios and all the equipment since the commissaries decided to replace the current model with <a href=\"https:\/\/www.kenwood.com\/\">Kenwood,<\/a>&#8221; Mr. Smutn\u00fd says. Since these radios were not available anywhere in Czechia, the team&#8217;s retailer had to buy some from Belgium and the rest from Canada. The antennas were acquired in France while the beacons were imported from Italy. Moreover, the air conditioning has been modified to allow more chilled air to reach the rear seats.<\/p>\n<p><a href=\"https:\/\/d2p6e6u75xmxt8.cloudfront.net\/2\/2021\/06\/FM7B9025-scaled.jpg\"><img loading=\"lazy\" decoding=\"async\" class=\"alignnone size-large wp-image-3013\" src=\"https:\/\/d2p6e6u75xmxt8.cloudfront.net\/14\/2021\/06\/FM7B9025-scaled-1024x683.jpg\" alt=\"\u0160koda ENYAQ iV interior\" width=\"1024\" height=\"683\" srcset=\"https:\/\/d2p6e6u75xmxt8.cloudfront.net\/14\/2021\/06\/FM7B9025-scaled-1024x683.jpg 1024w, https:\/\/d2p6e6u75xmxt8.cloudfront.net\/14\/2021\/06\/FM7B9025-scaled-300x200.jpg 300w, https:\/\/d2p6e6u75xmxt8.cloudfront.net\/14\/2021\/06\/FM7B9025-scaled-768x512.jpg 768w, https:\/\/d2p6e6u75xmxt8.cloudfront.net\/14\/2021\/06\/FM7B9025-scaled-1536x1024.jpg 1536w, https:\/\/d2p6e6u75xmxt8.cloudfront.net\/14\/2021\/06\/FM7B9025-scaled-2048x1366.jpg 2048w, https:\/\/d2p6e6u75xmxt8.cloudfront.net\/14\/2021\/06\/FM7B9025-scaled-1920x1280.jpg 1920w, https:\/\/d2p6e6u75xmxt8.cloudfront.net\/14\/2021\/06\/FM7B9025-scaled-272x182.jpg 272w, https:\/\/d2p6e6u75xmxt8.cloudfront.net\/14\/2021\/06\/FM7B9025-scaled-1920x1280.jpg 1920w\" sizes=\"auto, (max-width: 1024px) 100vw, 1024px\" \/><\/a><\/p>\n<div id='gallery-3' class='gallery galleryid-3010 gallery-columns-2 gallery-size-large'><figure class='gallery-item'>\n\t\t\t<div class='gallery-icon landscape'>\n\t\t\t\t<a href='https:\/\/d2p6e6u75xmxt8.cloudfront.net\/14\/2021\/06\/FM7B8946.jpg'><img loading=\"lazy\" decoding=\"async\" width=\"1024\" height=\"683\" src=\"https:\/\/d2p6e6u75xmxt8.cloudfront.net\/14\/2021\/06\/FM7B8946-1024x683.jpg\" class=\"attachment-large size-large\" alt=\"\" srcset=\"https:\/\/d2p6e6u75xmxt8.cloudfront.net\/14\/2021\/06\/FM7B8946-1024x683.jpg 1024w, https:\/\/d2p6e6u75xmxt8.cloudfront.net\/14\/2021\/06\/FM7B8946-300x200.jpg 300w, https:\/\/d2p6e6u75xmxt8.cloudfront.net\/14\/2021\/06\/FM7B8946-768x512.jpg 768w, https:\/\/d2p6e6u75xmxt8.cloudfront.net\/14\/2021\/06\/FM7B8946-1536x1024.jpg 1536w, https:\/\/d2p6e6u75xmxt8.cloudfront.net\/14\/2021\/06\/FM7B8946-272x182.jpg 272w, https:\/\/d2p6e6u75xmxt8.cloudfront.net\/14\/2021\/06\/FM7B8946.jpg 1659w\" sizes=\"auto, (max-width: 1024px) 100vw, 1024px\" \/><\/a>\n\t\t\t<\/div><\/figure><figure class='gallery-item'>\n\t\t\t<div class='gallery-icon landscape'>\n\t\t\t\t<a href='https:\/\/d2p6e6u75xmxt8.cloudfront.net\/14\/2021\/06\/FM7B8958.jpg'><img loading=\"lazy\" decoding=\"async\" width=\"1024\" height=\"683\" src=\"https:\/\/d2p6e6u75xmxt8.cloudfront.net\/14\/2021\/06\/FM7B8958-1024x683.jpg\" class=\"attachment-large size-large\" alt=\"The car needs an additional radio.\" srcset=\"https:\/\/d2p6e6u75xmxt8.cloudfront.net\/14\/2021\/06\/FM7B8958-1024x683.jpg 1024w, https:\/\/d2p6e6u75xmxt8.cloudfront.net\/14\/2021\/06\/FM7B8958-300x200.jpg 300w, https:\/\/d2p6e6u75xmxt8.cloudfront.net\/14\/2021\/06\/FM7B8958-768x512.jpg 768w, https:\/\/d2p6e6u75xmxt8.cloudfront.net\/14\/2021\/06\/FM7B8958-1536x1024.jpg 1536w, https:\/\/d2p6e6u75xmxt8.cloudfront.net\/14\/2021\/06\/FM7B8958-272x182.jpg 272w, https:\/\/d2p6e6u75xmxt8.cloudfront.net\/14\/2021\/06\/FM7B8958.jpg 1914w\" sizes=\"auto, (max-width: 1024px) 100vw, 1024px\" \/><\/a>\n\t\t\t<\/div><\/figure>\n\t\t<\/div>\n\n<p>Traditionally, the installation of a refrigerator between the rear seats turned out to be a tough one. The cooling box was upholstered with the same leather that covers the rest of the car&#8217;s interior. A custom-made central control panel responsible for the operation of all the new devices also comes into the space between the rear seats. This also includes sockets and chargers: both USB and USB-C are available for the crew. The most significant exterior change features an advertisement banner carrier mounted on the front hood.<\/p>\n<p>Although it seems impossible at the time of my visit, all four cars will be finished in under four days. All the cables will be connected to the batteries and concealed behind the new lining. Even upon close inspection, one could hardly tell that the adaptations were not factory fitted but made in a relatively small garage by a private custom company. We wish them good luck on their mission.<\/p>\n","protected":false},"excerpt":{"rendered":"<p>It took me nearly an hour to reach the \u0160koda headquarters in Mlad\u00e1 Boleslav and then another half an hour [&hellip;]<\/p>\n","protected":false},"author":96,"featured_media":3015,"comment_status":"open","ping_status":"open","sticky":false,"template":"","format":"standard","meta":{"footnotes":""},"categories":[68],"tags":[111],"global-categories":[],"class_list":["post-3010","post","type-post","status-publish","format-standard","has-post-thumbnail","hentry","category-professional-cycling","tag-tour-de-france-2021"],"yoast_head":"<!-- This site is optimized with the Yoast SEO Premium plugin v25.3 (Yoast SEO v25.9) - https:\/\/yoast.com\/wordpress\/plugins\/seo\/ -->\n<title>Creating the Red ENYAQ iV: The Tour de France Director&#039;s Car<\/title>\n<meta name=\"robots\" content=\"index, follow, max-snippet:-1, max-image-preview:large, max-video-preview:-1\" \/>\n<link rel=\"canonical\" href=\"https:\/\/www.welovecycling.com\/ie\/2021\/06\/29\/creating-the-red-enyaq-iv-how-does-it-feel-to-be-the-tour-de-france-director\/\" \/>\n<meta property=\"og:locale\" content=\"en_US\" \/>\n<meta property=\"og:type\" content=\"article\" \/>\n<meta property=\"og:title\" content=\"Creating the Red ENYAQ iV: How Does It Feel to Be the Tour de France Director?\" \/>\n<meta property=\"og:description\" content=\"It took me nearly an hour to reach the \u0160koda headquarters in Mlad\u00e1 Boleslav and then another half an hour [&hellip;]\" \/>\n<meta property=\"og:url\" content=\"https:\/\/www.welovecycling.com\/ie\/2021\/06\/29\/creating-the-red-enyaq-iv-how-does-it-feel-to-be-the-tour-de-france-director\/\" \/>\n<meta property=\"og:site_name\" content=\"\u0160koda We Love Cycling - Ireland\" \/>\n<meta property=\"article:published_time\" content=\"2021-06-29T08:29:03+00:00\" \/>\n<meta property=\"og:image\" content=\"https:\/\/d2p6e6u75xmxt8.cloudfront.net\/14\/2021\/06\/ENYAQ-iV-CVR.jpg\" \/>\n\t<meta property=\"og:image:width\" content=\"1366\" \/>\n\t<meta property=\"og:image:height\" content=\"596\" \/>\n\t<meta property=\"og:image:type\" content=\"image\/jpeg\" \/>\n<meta name=\"author\" content=\"ciarabreen\" \/>\n<meta name=\"twitter:card\" content=\"summary_large_image\" \/>\n<meta name=\"twitter:label1\" content=\"Written by\" \/>\n\t<meta name=\"twitter:data1\" content=\"We Love Cycling\" \/>\n\t<meta name=\"twitter:label2\" content=\"Est. reading time\" \/>\n\t<meta name=\"twitter:data2\" content=\"6\" \/>\n<script type=\"application\/ld+json\" class=\"yoast-schema-graph\">{\"@context\":\"https:\/\/schema.org\",\"@graph\":[{\"@type\":\"WebPage\",\"@id\":\"https:\/\/www.welovecycling.com\/ie\/2021\/06\/29\/creating-the-red-enyaq-iv-how-does-it-feel-to-be-the-tour-de-france-director\/\",\"url\":\"https:\/\/www.welovecycling.com\/ie\/2021\/06\/29\/creating-the-red-enyaq-iv-how-does-it-feel-to-be-the-tour-de-france-director\/\",\"name\":\"Creating the Red ENYAQ iV: The Tour de France Director's Car\",\"isPartOf\":{\"@id\":\"https:\/\/www.welovecycling.com\/ie\/#website\"},\"primaryImageOfPage\":{\"@id\":\"https:\/\/www.welovecycling.com\/ie\/2021\/06\/29\/creating-the-red-enyaq-iv-how-does-it-feel-to-be-the-tour-de-france-director\/#primaryimage\"},\"image\":{\"@id\":\"https:\/\/www.welovecycling.com\/ie\/2021\/06\/29\/creating-the-red-enyaq-iv-how-does-it-feel-to-be-the-tour-de-france-director\/#primaryimage\"},\"thumbnailUrl\":\"https:\/\/d2p6e6u75xmxt8.cloudfront.net\/14\/2021\/06\/ENYAQ-iV-CVR.jpg\",\"datePublished\":\"2021-06-29T08:29:03+00:00\",\"author\":{\"@id\":\"https:\/\/www.welovecycling.com\/ie\/#\/schema\/person\/77414fc27b78622bdf4fc3a165b44d08\"},\"inLanguage\":\"en-GB\",\"potentialAction\":[{\"@type\":\"ReadAction\",\"target\":[\"https:\/\/www.welovecycling.com\/ie\/2021\/06\/29\/creating-the-red-enyaq-iv-how-does-it-feel-to-be-the-tour-de-france-director\/\"]}]},{\"@type\":\"ImageObject\",\"inLanguage\":\"en-GB\",\"@id\":\"https:\/\/www.welovecycling.com\/ie\/2021\/06\/29\/creating-the-red-enyaq-iv-how-does-it-feel-to-be-the-tour-de-france-director\/#primaryimage\",\"url\":\"https:\/\/d2p6e6u75xmxt8.cloudfront.net\/14\/2021\/06\/ENYAQ-iV-CVR.jpg\",\"contentUrl\":\"https:\/\/d2p6e6u75xmxt8.cloudfront.net\/14\/2021\/06\/ENYAQ-iV-CVR.jpg\",\"width\":1366,\"height\":596,\"caption\":\"\u0160koda ENYAQ iV\"},{\"@type\":\"WebSite\",\"@id\":\"https:\/\/www.welovecycling.com\/ie\/#website\",\"url\":\"https:\/\/www.welovecycling.com\/ie\/\",\"name\":\"\u0160koda We Love Cycling - Ireland\",\"description\":\"Just another \u0160koda WeLoveCycling Sites site\",\"potentialAction\":[{\"@type\":\"SearchAction\",\"target\":{\"@type\":\"EntryPoint\",\"urlTemplate\":\"https:\/\/www.welovecycling.com\/ie\/?s={search_term_string}\"},\"query-input\":{\"@type\":\"PropertyValueSpecification\",\"valueRequired\":true,\"valueName\":\"search_term_string\"}}],\"inLanguage\":\"en-GB\"},{\"@type\":\"Person\",\"@id\":\"https:\/\/www.welovecycling.com\/ie\/#\/schema\/person\/77414fc27b78622bdf4fc3a165b44d08\",\"name\":\"ciarabreen\",\"image\":{\"@type\":\"ImageObject\",\"inLanguage\":\"en-GB\",\"@id\":\"https:\/\/www.welovecycling.com\/ie\/#\/schema\/person\/image\/\",\"url\":\"https:\/\/secure.gravatar.com\/avatar\/f751ecb0138da6f10fd321bedfa1aba0407cbf92d86ef61dbc2c27e63991f457?s=96&d=mm&r=g\",\"contentUrl\":\"https:\/\/secure.gravatar.com\/avatar\/f751ecb0138da6f10fd321bedfa1aba0407cbf92d86ef61dbc2c27e63991f457?s=96&d=mm&r=g\",\"caption\":\"ciarabreen\"},\"url\":\"https:\/\/www.welovecycling.com\/ie\/author\/ciarabreen\/\"}]}<\/script>\n<!-- \/ Yoast SEO Premium plugin. -->","yoast_head_json":{"title":"Creating the Red ENYAQ iV: The Tour de France Director's Car","robots":{"index":"index","follow":"follow","max-snippet":"max-snippet:-1","max-image-preview":"max-image-preview:large","max-video-preview":"max-video-preview:-1"},"canonical":"https:\/\/www.welovecycling.com\/ie\/2021\/06\/29\/creating-the-red-enyaq-iv-how-does-it-feel-to-be-the-tour-de-france-director\/","og_locale":"en_US","og_type":"article","og_title":"Creating the Red ENYAQ iV: How Does It Feel to Be the Tour de France Director?","og_description":"It took me nearly an hour to reach the \u0160koda headquarters in Mlad\u00e1 Boleslav and then another half an hour [&hellip;]","og_url":"https:\/\/www.welovecycling.com\/ie\/2021\/06\/29\/creating-the-red-enyaq-iv-how-does-it-feel-to-be-the-tour-de-france-director\/","og_site_name":"\u0160koda We Love Cycling - Ireland","article_published_time":"2021-06-29T08:29:03+00:00","og_image":[{"width":1366,"height":596,"url":"https:\/\/d2p6e6u75xmxt8.cloudfront.net\/14\/2021\/06\/ENYAQ-iV-CVR.jpg","type":"image\/jpeg"}],"author":"ciarabreen","twitter_card":"summary_large_image","twitter_misc":{"Written by":"We Love Cycling","Est. reading time":"6"},"schema":{"@context":"https:\/\/schema.org","@graph":[{"@type":"WebPage","@id":"https:\/\/www.welovecycling.com\/ie\/2021\/06\/29\/creating-the-red-enyaq-iv-how-does-it-feel-to-be-the-tour-de-france-director\/","url":"https:\/\/www.welovecycling.com\/ie\/2021\/06\/29\/creating-the-red-enyaq-iv-how-does-it-feel-to-be-the-tour-de-france-director\/","name":"Creating the Red ENYAQ iV: The Tour de France Director's Car","isPartOf":{"@id":"https:\/\/www.welovecycling.com\/ie\/#website"},"primaryImageOfPage":{"@id":"https:\/\/www.welovecycling.com\/ie\/2021\/06\/29\/creating-the-red-enyaq-iv-how-does-it-feel-to-be-the-tour-de-france-director\/#primaryimage"},"image":{"@id":"https:\/\/www.welovecycling.com\/ie\/2021\/06\/29\/creating-the-red-enyaq-iv-how-does-it-feel-to-be-the-tour-de-france-director\/#primaryimage"},"thumbnailUrl":"https:\/\/d2p6e6u75xmxt8.cloudfront.net\/14\/2021\/06\/ENYAQ-iV-CVR.jpg","datePublished":"2021-06-29T08:29:03+00:00","author":{"@id":"https:\/\/www.welovecycling.com\/ie\/#\/schema\/person\/77414fc27b78622bdf4fc3a165b44d08"},"inLanguage":"en-GB","potentialAction":[{"@type":"ReadAction","target":["https:\/\/www.welovecycling.com\/ie\/2021\/06\/29\/creating-the-red-enyaq-iv-how-does-it-feel-to-be-the-tour-de-france-director\/"]}]},{"@type":"ImageObject","inLanguage":"en-GB","@id":"https:\/\/www.welovecycling.com\/ie\/2021\/06\/29\/creating-the-red-enyaq-iv-how-does-it-feel-to-be-the-tour-de-france-director\/#primaryimage","url":"https:\/\/d2p6e6u75xmxt8.cloudfront.net\/14\/2021\/06\/ENYAQ-iV-CVR.jpg","contentUrl":"https:\/\/d2p6e6u75xmxt8.cloudfront.net\/14\/2021\/06\/ENYAQ-iV-CVR.jpg","width":1366,"height":596,"caption":"\u0160koda ENYAQ iV"},{"@type":"WebSite","@id":"https:\/\/www.welovecycling.com\/ie\/#website","url":"https:\/\/www.welovecycling.com\/ie\/","name":"\u0160koda We Love Cycling - Ireland","description":"Just another \u0160koda WeLoveCycling Sites site","potentialAction":[{"@type":"SearchAction","target":{"@type":"EntryPoint","urlTemplate":"https:\/\/www.welovecycling.com\/ie\/?s={search_term_string}"},"query-input":{"@type":"PropertyValueSpecification","valueRequired":true,"valueName":"search_term_string"}}],"inLanguage":"en-GB"},{"@type":"Person","@id":"https:\/\/www.welovecycling.com\/ie\/#\/schema\/person\/77414fc27b78622bdf4fc3a165b44d08","name":"ciarabreen","image":{"@type":"ImageObject","inLanguage":"en-GB","@id":"https:\/\/www.welovecycling.com\/ie\/#\/schema\/person\/image\/","url":"https:\/\/secure.gravatar.com\/avatar\/f751ecb0138da6f10fd321bedfa1aba0407cbf92d86ef61dbc2c27e63991f457?s=96&d=mm&r=g","contentUrl":"https:\/\/secure.gravatar.com\/avatar\/f751ecb0138da6f10fd321bedfa1aba0407cbf92d86ef61dbc2c27e63991f457?s=96&d=mm&r=g","caption":"ciarabreen"},"url":"https:\/\/www.welovecycling.com\/ie\/author\/ciarabreen\/"}]}},"_links":{"self":[{"href":"https:\/\/www.welovecycling.com\/ie\/wp-json\/wp\/v2\/posts\/3010","targetHints":{"allow":["GET"]}}],"collection":[{"href":"https:\/\/www.welovecycling.com\/ie\/wp-json\/wp\/v2\/posts"}],"about":[{"href":"https:\/\/www.welovecycling.com\/ie\/wp-json\/wp\/v2\/types\/post"}],"author":[{"embeddable":true,"href":"https:\/\/www.welovecycling.com\/ie\/wp-json\/wp\/v2\/users\/96"}],"replies":[{"embeddable":true,"href":"https:\/\/www.welovecycling.com\/ie\/wp-json\/wp\/v2\/comments?post=3010"}],"version-history":[{"count":1,"href":"https:\/\/www.welovecycling.com\/ie\/wp-json\/wp\/v2\/posts\/3010\/revisions"}],"predecessor-version":[{"id":3014,"href":"https:\/\/www.welovecycling.com\/ie\/wp-json\/wp\/v2\/posts\/3010\/revisions\/3014"}],"wp:featuredmedia":[{"embeddable":true,"href":"https:\/\/www.welovecycling.com\/ie\/wp-json\/wp\/v2\/media\/3015"}],"wp:attachment":[{"href":"https:\/\/www.welovecycling.com\/ie\/wp-json\/wp\/v2\/media?parent=3010"}],"wp:term":[{"taxonomy":"category","embeddable":true,"href":"https:\/\/www.welovecycling.com\/ie\/wp-json\/wp\/v2\/categories?post=3010"},{"taxonomy":"post_tag","embeddable":true,"href":"https:\/\/www.welovecycling.com\/ie\/wp-json\/wp\/v2\/tags?post=3010"},{"taxonomy":"global-categories","embeddable":true,"href":"https:\/\/www.welovecycling.com\/ie\/wp-json\/wp\/v2\/global-categories?post=3010"}],"curies":[{"name":"wp","href":"https:\/\/api.w.org\/{rel}","templated":true}]}}