{"id":1602,"date":"2020-06-03T08:48:10","date_gmt":"2020-06-03T08:48:10","guid":{"rendered":"https:\/\/www.welovecycling.com\/ie\/?p=1602"},"modified":"2020-06-03T10:00:18","modified_gmt":"2020-06-03T10:00:18","slug":"world-bicycle-day-2020-and-skoda-a-tradition-of-excellence-on-two-wheels-too","status":"publish","type":"post","link":"https:\/\/www.welovecycling.com\/ie\/2020\/06\/03\/world-bicycle-day-2020-and-skoda-a-tradition-of-excellence-on-two-wheels-too\/","title":{"rendered":"World Bicycle Day 2020 and \u0160koda: A tradition of excellence on two wheels, too"},"content":{"rendered":"<p style=\"text-align: left;\"><span style=\"font-size: 12pt;\">\u0160koda\u2019s product portfolio includes not only cars but also a wide range of bicycles. The company\u2019s success story began with them in 1895, which is reason enough to remember its historical roots on World Bicycle Day. To this day, the Czech car manufacturer, which is celebrating its 125<sup>th<\/sup> anniversary this year, maintains a close connection to the bicycle \u2013 and not only through its long-term sponsorship of the Tour de France. \u0160koda\u2019s current bicycle collection comprises 17 models and ranges from children\u2019s bicycles, classic city bikes, high-quality mountain bikes and racing bikes to e-bikes. A practical folding bike, which fits into the boot of every \u0160koda model, is a Simply Clever solution that rounds off the range.\u00a0<\/span><\/p>\n<p style=\"text-align: left;\"><span style=\"font-size: 12pt;\">On this day of World Bicycle Day, \u0160koda commemorates the foundation of the company 125 years ago. The two founding fathers V\u00e1clav Laurin and V\u00e1clav Klement laid the foundation stone for the company\u2019s success story in 1895 when they established their bicycle workshop. It was only later that the two dedicated themselves to building motorcycles and automobiles. This is one of the reasons why the Czech car manufacturer is still closely associated with cycling today: it has been supporting the Tour de France as an official main partner for the past 16 years and provides the necessary vehicles for the organisation and race management as well as numerous bicycle racing teams. In addition, \u0160koda is also involved in many other national and international cycling events as a sponsor. Following the corona-related cycling break, the Czech car manufacturer is now promoting discussions with cycling professionals via livestream as part of the global campaign <a href=\"https:\/\/www.skoda-storyboard.com\/en\/press-releases\/ride2unite-skoda-hosts-livestream-with-cycling-pros-motivating-fans-to-take-part-in-sports\/\">#Ride2Unite aimed at motivating fans to get involved in the sport<\/a>.<\/span><\/p>\n<p style=\"text-align: left;\"><span style=\"font-size: 12pt;\">Given the company\u2019s history, \u0160koda continues to focus on bicycle as well as automotive engineering. The manufacturer has steadily expanded its bike collection in recent years and offers the right model for every situation. The range currently comprises 17 high-quality models, including racing bikes, mountain bikes, children\u2019s bikes, city bikes and modern e-bikes. Details typical of the brand such as crystalline elements, splashes of colour in green and silver and the contoured \u0160koda logo characterise the design.<\/span><\/p>\n<p style=\"text-align: left;\"><span style=\"font-size: 12pt;\"><strong>Four state-of-the-art e-mountain bikes with premium off-road features<\/strong><\/span><\/p>\n<p style=\"text-align: left;\"><span style=\"font-size: 12pt;\">As the newest members of the current e-bike generation, the e-mountain bikes EMTB FULL and EMTB round off the top end of the range with the cross models E-BIKE and E-BIKE LADY. The EMTB FULL is a full-suspension e-mountain bike, while its sister model EMTB is a hardtail version with a front suspension fork. Both top models use the powerful Shimano drive STEPS E7000 as well as the high-performance down-tube battery STEPS BT-E8010 with a capacity of 504Wh.<\/span><\/p>\n<p style=\"text-align: left;\"><span style=\"font-size: 12pt;\"><strong>Three colourful bicycles for children<\/strong><\/span><\/p>\n<p style=\"text-align: left;\"><span style=\"font-size: 12pt;\">For the youngest cyclists, \u0160koda offers the KID 16, KID 20 and KID 24 children\u2019s bikes with rim sizes between 16 and 24 inches. All models are presented in a fresh design that combines a white frame with crystalline motifs, yellow and green colours and the \u0160koda logo in silver.<\/span><\/p>\n<p style=\"text-align: left;\"><span style=\"font-size: 12pt;\"><strong>Two high-quality road bikes with ultra-light carbon frame<\/strong><\/span><\/p>\n<p style=\"text-align: left;\"><span style=\"font-size: 12pt;\">As an official partner of the Tour de France, \u0160koda also offers two high-quality racing bikes featuring premium components in its bicycle collection. Both have lightweight frames and carbon forks. The top model ROAD ELITE, weighing in at 7.9 kilograms, incorporates ULTEGRA-R8000 components from Shimano and rides on tubeless tyres with wheels from DT Swiss. The ROAD model weighs 9.6 kilograms and, like the top model, is available in four frame sizes.<\/span><\/p>\n<p style=\"text-align: left;\"><span style=\"font-size: 12pt;\"><strong>Three robust MTB models with superior off-road features<\/strong><\/span><\/p>\n<p style=\"text-align: left;\"><span style=\"font-size: 12pt;\">Bike enthusiasts who prefer to venture off the beaten track are guaranteed to find the right partner in the MTB 29 FULL, MTB 29 and MTB LADY mountain bikes. The full-suspension MTB 29 FULL with a carbon frame is the bestseller in the \u0160koda portfolio. Components including the SRAM Eagle gearshift and DT Swiss suspension with 100 millimetres of travel and adjustable damping make for an exhilarating off-road riding experience. The hardtail version MTB 29 has a sprung front fork and, like its sister model, is available in three frame sizes. The MTB LADY comes in two frame sizes and has a unique frame geometry. The women\u2019s model also features different aesthetic qualities from the other two mountain bikes.<\/span><\/p>\n<p style=\"text-align: left;\"><span style=\"font-size: 12pt;\"><strong>Three practical city bikes and a Simply Clever folding bike<\/strong><\/span><\/p>\n<p style=\"text-align: left;\"><span style=\"font-size: 12pt;\">\u0160koda\u2019s city bikes combine a retro look, reminiscent of the company\u2019s early days, with state-of-the-art bicycle technology, making them perfect for everyday use. The VOITURETTE and CITY are painted in classic black, have a brown saddle, brown handlebar grips and beige tyres. The CITY LADY model is painted cream and has brown tyres. The 7-speed gears and brakes are from Shimano and represent reliability and suitability for everyday use. The VOITURETTE model is equipped with a modern drive belt that replaces the conventional chain for a particularly comfortable ride.<\/span><\/p>\n<p style=\"text-align: left;\"><span style=\"font-size: 12pt;\">The STRETCHGO embodying \u0160koda\u2019s Simply Clever claim: Motorists, in particular, will appreciate this practical folding bike that fits neatly in the boot, making it the perfect companion for the last mile. It features a Shimano 7-speed cassette and offers a comfortable seating position and a good view in urban traffic.<\/span><\/p>\n<p style=\"text-align: left;\"><span style=\"font-size: 14pt;\"><strong><span style=\"color: #008000;\">\u0160koda bicycles, genuine accessories and other branded items are available from \u0160koda dealers. You can find the list of\u00a0 \u0160koda dealers <a href=\"https:\/\/www.skoda.ie\/tools\/dealerlocator\">here<\/a>.<\/span><\/strong><\/span><\/p>\n","protected":false},"excerpt":{"rendered":"<p>\u0160koda\u2019s product portfolio includes not only cars but also a wide range of bicycles. The company\u2019s success story began with [&hellip;]<\/p>\n","protected":false},"author":96,"featured_media":1612,"comment_status":"open","ping_status":"open","sticky":false,"template":"","format":"standard","meta":{"footnotes":""},"categories":[69],"tags":[],"global-categories":[73],"class_list":["post-1602","post","type-post","status-publish","format-standard","has-post-thumbnail","hentry","category-mostly-for-fun","global-categories-cycling"],"yoast_head":"<!-- This site is optimized with the Yoast SEO Premium plugin v25.3 (Yoast SEO v25.9) - https:\/\/yoast.com\/wordpress\/plugins\/seo\/ -->\n<title>World Bicycle Day 2020 and \u0160koda: A tradition of excellence on two wheels, too - \u0160koda We Love Cycling - Ireland<\/title>\n<meta name=\"robots\" content=\"index, follow, max-snippet:-1, max-image-preview:large, max-video-preview:-1\" \/>\n<link rel=\"canonical\" href=\"https:\/\/www.welovecycling.com\/ie\/2020\/06\/03\/world-bicycle-day-2020-and-skoda-a-tradition-of-excellence-on-two-wheels-too\/\" \/>\n<meta property=\"og:locale\" content=\"en_US\" \/>\n<meta property=\"og:type\" content=\"article\" \/>\n<meta property=\"og:title\" content=\"World Bicycle Day 2020 and \u0160koda: A tradition of excellence on two wheels, too\" \/>\n<meta property=\"og:description\" content=\"\u0160koda\u2019s product portfolio includes not only cars but also a wide range of bicycles. The company\u2019s success story began with [&hellip;]\" \/>\n<meta property=\"og:url\" content=\"https:\/\/www.welovecycling.com\/ie\/2020\/06\/03\/world-bicycle-day-2020-and-skoda-a-tradition-of-excellence-on-two-wheels-too\/\" \/>\n<meta property=\"og:site_name\" content=\"\u0160koda We Love Cycling - Ireland\" \/>\n<meta property=\"article:published_time\" content=\"2020-06-03T08:48:10+00:00\" \/>\n<meta property=\"article:modified_time\" content=\"2020-06-03T10:00:18+00:00\" \/>\n<meta property=\"og:image\" content=\"https:\/\/d2p6e6u75xmxt8.cloudfront.net\/14\/2020\/06\/road-elite.11a1bbaf9977f4ee4f214e3d56883965.fit-1450x760-1.jpg\" \/>\n\t<meta property=\"og:image:width\" content=\"1140\" \/>\n\t<meta property=\"og:image:height\" content=\"760\" \/>\n\t<meta property=\"og:image:type\" content=\"image\/jpeg\" \/>\n<meta name=\"author\" content=\"ciarabreen\" \/>\n<meta name=\"twitter:card\" content=\"summary_large_image\" \/>\n<meta name=\"twitter:label1\" content=\"Written by\" \/>\n\t<meta name=\"twitter:data1\" content=\"ciarabreen\" \/>\n\t<meta name=\"twitter:label2\" content=\"Est. reading time\" \/>\n\t<meta name=\"twitter:data2\" content=\"4 minutes\" \/>\n<script type=\"application\/ld+json\" class=\"yoast-schema-graph\">{\"@context\":\"https:\/\/schema.org\",\"@graph\":[{\"@type\":\"WebPage\",\"@id\":\"https:\/\/www.welovecycling.com\/ie\/2020\/06\/03\/world-bicycle-day-2020-and-skoda-a-tradition-of-excellence-on-two-wheels-too\/\",\"url\":\"https:\/\/www.welovecycling.com\/ie\/2020\/06\/03\/world-bicycle-day-2020-and-skoda-a-tradition-of-excellence-on-two-wheels-too\/\",\"name\":\"World Bicycle Day 2020 and \u0160koda: A tradition of excellence on two wheels, too - \u0160koda We Love Cycling - Ireland\",\"isPartOf\":{\"@id\":\"https:\/\/www.welovecycling.com\/ie\/#website\"},\"primaryImageOfPage\":{\"@id\":\"https:\/\/www.welovecycling.com\/ie\/2020\/06\/03\/world-bicycle-day-2020-and-skoda-a-tradition-of-excellence-on-two-wheels-too\/#primaryimage\"},\"image\":{\"@id\":\"https:\/\/www.welovecycling.com\/ie\/2020\/06\/03\/world-bicycle-day-2020-and-skoda-a-tradition-of-excellence-on-two-wheels-too\/#primaryimage\"},\"thumbnailUrl\":\"https:\/\/d2p6e6u75xmxt8.cloudfront.net\/14\/2020\/06\/road-elite.11a1bbaf9977f4ee4f214e3d56883965.fit-1450x760-1.jpg\",\"datePublished\":\"2020-06-03T08:48:10+00:00\",\"dateModified\":\"2020-06-03T10:00:18+00:00\",\"author\":{\"@id\":\"https:\/\/www.welovecycling.com\/ie\/#\/schema\/person\/77414fc27b78622bdf4fc3a165b44d08\"},\"inLanguage\":\"en-GB\",\"potentialAction\":[{\"@type\":\"ReadAction\",\"target\":[\"https:\/\/www.welovecycling.com\/ie\/2020\/06\/03\/world-bicycle-day-2020-and-skoda-a-tradition-of-excellence-on-two-wheels-too\/\"]}]},{\"@type\":\"ImageObject\",\"inLanguage\":\"en-GB\",\"@id\":\"https:\/\/www.welovecycling.com\/ie\/2020\/06\/03\/world-bicycle-day-2020-and-skoda-a-tradition-of-excellence-on-two-wheels-too\/#primaryimage\",\"url\":\"https:\/\/d2p6e6u75xmxt8.cloudfront.net\/14\/2020\/06\/road-elite.11a1bbaf9977f4ee4f214e3d56883965.fit-1450x760-1.jpg\",\"contentUrl\":\"https:\/\/d2p6e6u75xmxt8.cloudfront.net\/14\/2020\/06\/road-elite.11a1bbaf9977f4ee4f214e3d56883965.fit-1450x760-1.jpg\",\"width\":1140,\"height\":760},{\"@type\":\"WebSite\",\"@id\":\"https:\/\/www.welovecycling.com\/ie\/#website\",\"url\":\"https:\/\/www.welovecycling.com\/ie\/\",\"name\":\"\u0160koda We Love Cycling - Ireland\",\"description\":\"Just another \u0160koda WeLoveCycling Sites site\",\"potentialAction\":[{\"@type\":\"SearchAction\",\"target\":{\"@type\":\"EntryPoint\",\"urlTemplate\":\"https:\/\/www.welovecycling.com\/ie\/?s={search_term_string}\"},\"query-input\":{\"@type\":\"PropertyValueSpecification\",\"valueRequired\":true,\"valueName\":\"search_term_string\"}}],\"inLanguage\":\"en-GB\"},{\"@type\":\"Person\",\"@id\":\"https:\/\/www.welovecycling.com\/ie\/#\/schema\/person\/77414fc27b78622bdf4fc3a165b44d08\",\"name\":\"ciarabreen\",\"image\":{\"@type\":\"ImageObject\",\"inLanguage\":\"en-GB\",\"@id\":\"https:\/\/www.welovecycling.com\/ie\/#\/schema\/person\/image\/\",\"url\":\"https:\/\/secure.gravatar.com\/avatar\/f751ecb0138da6f10fd321bedfa1aba0407cbf92d86ef61dbc2c27e63991f457?s=96&d=mm&r=g\",\"contentUrl\":\"https:\/\/secure.gravatar.com\/avatar\/f751ecb0138da6f10fd321bedfa1aba0407cbf92d86ef61dbc2c27e63991f457?s=96&d=mm&r=g\",\"caption\":\"ciarabreen\"},\"url\":\"https:\/\/www.welovecycling.com\/ie\/author\/ciarabreen\/\"}]}<\/script>\n<!-- \/ Yoast SEO Premium plugin. -->","yoast_head_json":{"title":"World Bicycle Day 2020 and \u0160koda: A tradition of excellence on two wheels, too - \u0160koda We Love Cycling - Ireland","robots":{"index":"index","follow":"follow","max-snippet":"max-snippet:-1","max-image-preview":"max-image-preview:large","max-video-preview":"max-video-preview:-1"},"canonical":"https:\/\/www.welovecycling.com\/ie\/2020\/06\/03\/world-bicycle-day-2020-and-skoda-a-tradition-of-excellence-on-two-wheels-too\/","og_locale":"en_US","og_type":"article","og_title":"World Bicycle Day 2020 and \u0160koda: A tradition of excellence on two wheels, too","og_description":"\u0160koda\u2019s product portfolio includes not only cars but also a wide range of bicycles. The company\u2019s success story began with [&hellip;]","og_url":"https:\/\/www.welovecycling.com\/ie\/2020\/06\/03\/world-bicycle-day-2020-and-skoda-a-tradition-of-excellence-on-two-wheels-too\/","og_site_name":"\u0160koda We Love Cycling - Ireland","article_published_time":"2020-06-03T08:48:10+00:00","article_modified_time":"2020-06-03T10:00:18+00:00","og_image":[{"width":1140,"height":760,"url":"https:\/\/d2p6e6u75xmxt8.cloudfront.net\/14\/2020\/06\/road-elite.11a1bbaf9977f4ee4f214e3d56883965.fit-1450x760-1.jpg","type":"image\/jpeg"}],"author":"ciarabreen","twitter_card":"summary_large_image","twitter_misc":{"Written by":"ciarabreen","Est. reading time":"4 minutes"},"schema":{"@context":"https:\/\/schema.org","@graph":[{"@type":"WebPage","@id":"https:\/\/www.welovecycling.com\/ie\/2020\/06\/03\/world-bicycle-day-2020-and-skoda-a-tradition-of-excellence-on-two-wheels-too\/","url":"https:\/\/www.welovecycling.com\/ie\/2020\/06\/03\/world-bicycle-day-2020-and-skoda-a-tradition-of-excellence-on-two-wheels-too\/","name":"World Bicycle Day 2020 and \u0160koda: A tradition of excellence on two wheels, too - \u0160koda We Love Cycling - Ireland","isPartOf":{"@id":"https:\/\/www.welovecycling.com\/ie\/#website"},"primaryImageOfPage":{"@id":"https:\/\/www.welovecycling.com\/ie\/2020\/06\/03\/world-bicycle-day-2020-and-skoda-a-tradition-of-excellence-on-two-wheels-too\/#primaryimage"},"image":{"@id":"https:\/\/www.welovecycling.com\/ie\/2020\/06\/03\/world-bicycle-day-2020-and-skoda-a-tradition-of-excellence-on-two-wheels-too\/#primaryimage"},"thumbnailUrl":"https:\/\/d2p6e6u75xmxt8.cloudfront.net\/14\/2020\/06\/road-elite.11a1bbaf9977f4ee4f214e3d56883965.fit-1450x760-1.jpg","datePublished":"2020-06-03T08:48:10+00:00","dateModified":"2020-06-03T10:00:18+00:00","author":{"@id":"https:\/\/www.welovecycling.com\/ie\/#\/schema\/person\/77414fc27b78622bdf4fc3a165b44d08"},"inLanguage":"en-GB","potentialAction":[{"@type":"ReadAction","target":["https:\/\/www.welovecycling.com\/ie\/2020\/06\/03\/world-bicycle-day-2020-and-skoda-a-tradition-of-excellence-on-two-wheels-too\/"]}]},{"@type":"ImageObject","inLanguage":"en-GB","@id":"https:\/\/www.welovecycling.com\/ie\/2020\/06\/03\/world-bicycle-day-2020-and-skoda-a-tradition-of-excellence-on-two-wheels-too\/#primaryimage","url":"https:\/\/d2p6e6u75xmxt8.cloudfront.net\/14\/2020\/06\/road-elite.11a1bbaf9977f4ee4f214e3d56883965.fit-1450x760-1.jpg","contentUrl":"https:\/\/d2p6e6u75xmxt8.cloudfront.net\/14\/2020\/06\/road-elite.11a1bbaf9977f4ee4f214e3d56883965.fit-1450x760-1.jpg","width":1140,"height":760},{"@type":"WebSite","@id":"https:\/\/www.welovecycling.com\/ie\/#website","url":"https:\/\/www.welovecycling.com\/ie\/","name":"\u0160koda We Love Cycling - Ireland","description":"Just another \u0160koda WeLoveCycling Sites site","potentialAction":[{"@type":"SearchAction","target":{"@type":"EntryPoint","urlTemplate":"https:\/\/www.welovecycling.com\/ie\/?s={search_term_string}"},"query-input":{"@type":"PropertyValueSpecification","valueRequired":true,"valueName":"search_term_string"}}],"inLanguage":"en-GB"},{"@type":"Person","@id":"https:\/\/www.welovecycling.com\/ie\/#\/schema\/person\/77414fc27b78622bdf4fc3a165b44d08","name":"ciarabreen","image":{"@type":"ImageObject","inLanguage":"en-GB","@id":"https:\/\/www.welovecycling.com\/ie\/#\/schema\/person\/image\/","url":"https:\/\/secure.gravatar.com\/avatar\/f751ecb0138da6f10fd321bedfa1aba0407cbf92d86ef61dbc2c27e63991f457?s=96&d=mm&r=g","contentUrl":"https:\/\/secure.gravatar.com\/avatar\/f751ecb0138da6f10fd321bedfa1aba0407cbf92d86ef61dbc2c27e63991f457?s=96&d=mm&r=g","caption":"ciarabreen"},"url":"https:\/\/www.welovecycling.com\/ie\/author\/ciarabreen\/"}]}},"_links":{"self":[{"href":"https:\/\/www.welovecycling.com\/ie\/wp-json\/wp\/v2\/posts\/1602","targetHints":{"allow":["GET"]}}],"collection":[{"href":"https:\/\/www.welovecycling.com\/ie\/wp-json\/wp\/v2\/posts"}],"about":[{"href":"https:\/\/www.welovecycling.com\/ie\/wp-json\/wp\/v2\/types\/post"}],"author":[{"embeddable":true,"href":"https:\/\/www.welovecycling.com\/ie\/wp-json\/wp\/v2\/users\/96"}],"replies":[{"embeddable":true,"href":"https:\/\/www.welovecycling.com\/ie\/wp-json\/wp\/v2\/comments?post=1602"}],"version-history":[{"count":2,"href":"https:\/\/www.welovecycling.com\/ie\/wp-json\/wp\/v2\/posts\/1602\/revisions"}],"predecessor-version":[{"id":1613,"href":"https:\/\/www.welovecycling.com\/ie\/wp-json\/wp\/v2\/posts\/1602\/revisions\/1613"}],"wp:featuredmedia":[{"embeddable":true,"href":"https:\/\/www.welovecycling.com\/ie\/wp-json\/wp\/v2\/media\/1612"}],"wp:attachment":[{"href":"https:\/\/www.welovecycling.com\/ie\/wp-json\/wp\/v2\/media?parent=1602"}],"wp:term":[{"taxonomy":"category","embeddable":true,"href":"https:\/\/www.welovecycling.com\/ie\/wp-json\/wp\/v2\/categories?post=1602"},{"taxonomy":"post_tag","embeddable":true,"href":"https:\/\/www.welovecycling.com\/ie\/wp-json\/wp\/v2\/tags?post=1602"},{"taxonomy":"global-categories","embeddable":true,"href":"https:\/\/www.welovecycling.com\/ie\/wp-json\/wp\/v2\/global-categories?post=1602"}],"curies":[{"name":"wp","href":"https:\/\/api.w.org\/{rel}","templated":true}]}}