{"id":9987,"date":"2021-01-29T08:00:39","date_gmt":"2021-01-29T07:00:39","guid":{"rendered":"https:\/\/www.welovecycling.com\/hu\/?p=9987"},"modified":"2021-01-22T17:15:59","modified_gmt":"2021-01-22T16:15:59","slug":"mads-pedersen-azt-a-bizonyos-zold-skoda-mezt-akarja","status":"publish","type":"post","link":"https:\/\/www.welovecycling.com\/hu\/orszaguti-kerekpar\/mads-pedersen-azt-a-bizonyos-zold-skoda-mezt-akarja\/","title":{"rendered":"Mads Pedersen azt a bizonyos z\u00f6ld \u0160koda mezt akarja"},"content":{"rendered":"<p><strong>Mads Pedersen a vil\u00e1gm\u00e9ret\u0171 j\u00e1rv\u00e1nynak k\u00f6sz\u00f6nhet\u0151en sok versenyen nem viselhette a sziv\u00e1rv\u00e1nymezt. Ezen azonban mostant\u00f3l v\u00e1ltoztatni szeretne. Ahogy egy szezon el\u0151tti sajt\u00f3t\u00e1j\u00e9koztat\u00f3n elmondta, a 2021-es vil\u00e1gbajnoks\u00e1gon \u0151 t\u0171zte ki mag\u00e1nak a legt\u00f6bb c\u00e9lt. <\/strong><\/p>\n<p><!--more--><em>\u201eHa csak egy futamot v\u00e1laszthatn\u00e9k, amit megnyerhetn\u00e9k, akkor szeretn\u00e9m visszaszerezni a World kup\u00e1t. K\u00e1r, hogy nem tudom megmutatni a gyerekeimnek a roubaixi p\u00e1ly\u00e1n k\u00e9sz\u00fclt fot\u00f3kat, amiken mezben vagyok \u2013 ez volt a legnehezebb r\u00e9sze a nem versenyz\u0151s id\u0151szaknak.\u201d<\/em><\/p>\n<p>A 24 \u00e9ves ker\u00e9kp\u00e1rosnak m\u00e1s tervei is vannak. Pedersen tavaly megnyerte a Gent-Wevelgemet, \u00e1ll\u00edt\u00e1sa szerint pedig k\u00e9szen \u00e1ll meger\u0151s\u00edteni poz\u00edci\u00f3j\u00e1t. Jasper Stuyven ebben maxim\u00e1lisan t\u00e1mogatja, \u00e9s ez ford\u00edtva is \u00edgy van.<\/p>\n<div class=\"embed-controller-wrapper\">\n<blockquote class=\"twitter-tweet\" data-width=\"500\" data-dnt=\"true\">\n<p lang=\"en\" dir=\"ltr\">\ud83d\udea8TEAM NEWS!<\/p>\n<p>Provisional major goals for Trek-Segafredo leaders:<\/p>\n<p>Classics: <a href=\"https:\/\/twitter.com\/Jasperstuyven?ref_src=twsrc%5Etfw\">@Jasperstuyven<\/a> and <a href=\"https:\/\/twitter.com\/Mads__Pedersen?ref_src=twsrc%5Etfw\">@Mads__Pedersen<\/a> \ud83d\udcaa\ud83d\udcaa<br \/>Giro: <a href=\"https:\/\/twitter.com\/vincenzonibali?ref_src=twsrc%5Etfw\">@vincenzonibali<\/a>, <a href=\"https:\/\/twitter.com\/BaukeMollema?ref_src=twsrc%5Etfw\">@BaukeMollema<\/a> and <a href=\"https:\/\/twitter.com\/giuliocicco1?ref_src=twsrc%5Etfw\">@giuliocicco1<\/a> \ud83d\udc68\u200d\ud83d\udc68\u200d\ud83d\udc66<br \/>Tour: Nibali, Mollema, Stuyven and Pedersen \ud83d\udeb5\ud83d\udeb5\ud83d\udcaa\ud83d\udcaa<br \/>Vuelta: Ciccone \ud83c\udf1f <a href=\"https:\/\/t.co\/hLBwdOaXfY\">pic.twitter.com\/hLBwdOaXfY<\/a><\/p>\n<p>&mdash; Lidl-Trek (@LidlTrek) <a href=\"https:\/\/twitter.com\/LidlTrek\/status\/1348609095088164865?ref_src=twsrc%5Etfw\">January 11, 2021<\/a><\/p><\/blockquote>\n<p><script async data-src=\"https:\/\/platform.twitter.com\/widgets.js\" charset=\"utf-8\"><\/script><\/div>\n<p><em>\u201eAmiben szerintem kiss\u00e9 k\u00fcl\u00f6nb\u00f6z\u00fcnk n\u00e9h\u00e1ny sr\u00e1ct\u00f3l, az az, hogy \u00f6r\u00fcl\u00fcnk a m\u00e1sik siker\u00e9nek, s\u0151t, a versenyek sor\u00e1n val\u00f3j\u00e1ban egym\u00e1snak drukkolunk. Engem nem b\u00e1nt, ha Jasper ker\u00fcl a dobog\u00f3ra. P\u00e9ld\u00e1ul Gent-Wevelgemben k\u00fcl\u00f6n\u00f6sen \u00f6r\u00fcln\u00e9k annak, ha Jasper nyerne. Csup\u00e1n er\u0151sebb\u00e9 tesz minket az, hogy k\u00e9t \u00fct\u0151k\u00e1rty\u00e1nk is van. Ez egy kir\u00e1ly p\u00e1ros &#8211; nem is rossz egy p\u00f3kerj\u00e1t\u00e9kban. \u201d<\/em><\/p>\n<p>A t\u00e9t nem kicsi, f\u0151leg, ha Wout Van Aert \u00e9s Mathieu van der Poel is a mez\u0151nyben vannak. Pedersen azonban tudja, hogy a legjobbak ellen is nyerhet.<\/p>\n<figure id=\"attachment_9989\" aria-describedby=\"caption-attachment-9989\" style=\"width: 1024px\" class=\"wp-caption alignnone\"><a href=\"https:\/\/d2p6e6u75xmxt8.cloudfront.net\/2\/2021\/01\/Wout-van-Aert-profimedia-0564373637-1.jpg\"><img loading=\"lazy\" decoding=\"async\" class=\"wp-image-9989 size-large\" src=\"https:\/\/d2p6e6u75xmxt8.cloudfront.net\/12\/2021\/01\/Wout-van-Aert-profimedia-0564373637-1-1024x665.jpg\" alt=\"Wout van Aert and Mathies van der Poel\" width=\"1024\" height=\"665\" srcset=\"https:\/\/d2p6e6u75xmxt8.cloudfront.net\/12\/2021\/01\/Wout-van-Aert-profimedia-0564373637-1-1024x665.jpg 1024w, https:\/\/d2p6e6u75xmxt8.cloudfront.net\/12\/2021\/01\/Wout-van-Aert-profimedia-0564373637-1-300x195.jpg 300w, https:\/\/d2p6e6u75xmxt8.cloudfront.net\/12\/2021\/01\/Wout-van-Aert-profimedia-0564373637-1-768x499.jpg 768w, https:\/\/d2p6e6u75xmxt8.cloudfront.net\/12\/2021\/01\/Wout-van-Aert-profimedia-0564373637-1.jpg 1250w\" sizes=\"auto, (max-width: 1024px) 100vw, 1024px\" \/><\/a><figcaption id=\"caption-attachment-9989\" class=\"wp-caption-text\"><em>Wout Van Aert \u00e9s Mathieu van der Poel kem\u00e9ny ellenfelek, de Pedersen rem\u00e9nykedik a gy\u0151zelemben. \u00a9 Profimedia<\/em><\/figcaption><\/figure>\n<p><em>\u201e\u0150k sem verhetetlenek. M\u00e1r bebizony\u00edtottam, hogy le lehet \u0151ket gy\u0151zni. Nem lehetek els\u0151 mindig, mint ahogy \u0151k sem nyerhetnek minden alkalommal. De tudom, hogy meg tudom \u0151ket verni \u00e9s ez nekem el\u00e9g. &#8220;<\/em><\/p>\n<p>Egyel\u0151re ezek a tervek vannak kil\u00e1t\u00e1sban 2021-re, de vannak m\u00e1s elk\u00e9pzel\u00e9sek is a d\u00e1n versenyz\u0151 fej\u00e9ben. A 2022-es Tour de France Koppenh\u00e1g\u00e1ban kezd\u0151dik, \u00e9s a 2. szakasz \u00fatvonala Pedersen lakhely\u00e9t j\u00e1rja k\u00f6r\u00fcl &#8211; teh\u00e1t igaz\u00e1n k\u00fcl\u00f6nleges lenne sz\u00e1m\u00e1ra, ha megszerezhetn\u00e9 a s\u00e1rga trik\u00f3t. Term\u00e9szetesen, amikor a Tour mezekr\u0151l besz\u00e9l\u00fcnk, nem szabad megfeledkezn\u00fcnk a \u0160koda z\u00f6ld mez\u00e9r\u0151l sem.<\/p>\n<p><em>\u201eMost l\u00e1tom ennek a lehet\u0151s\u00e9g\u00e9t is. A Tour t\u00f6k\u00e9letes alkalom lenne hozz\u00e1, j\u00f3l is \u00e1ll nekem a z\u00f6ld, h\u00e1t mi\u00e9rt ne? J\u00f3 lenne, ha z\u00f6ld mez lenne felakasztva a falamra, amikor abbahagyom a bicikliz\u00e9st.\u201d<\/em><\/p>\n<p>Mit gondolsz, milyen lesz Pedersen 2021-ben? Val\u00f3ban a \u0160koda z\u00f6ld mez\u00e9ben fog fesz\u00edteni?<\/p>\n","protected":false},"excerpt":{"rendered":"<p>Mads Pedersen a vil\u00e1gm\u00e9ret\u0171 j\u00e1rv\u00e1nynak k\u00f6sz\u00f6nhet\u0151en sok versenyen nem viselhette a sziv\u00e1rv\u00e1nymezt. Ezen azonban mostant\u00f3l v\u00e1ltoztatni szeretne. Ahogy egy szezon [&hellip;]<\/p>\n","protected":false},"author":71,"featured_media":9991,"comment_status":"open","ping_status":"open","sticky":false,"template":"","format":"standard","meta":{"footnotes":""},"categories":[8],"tags":[],"global-categories":[],"class_list":["post-9987","post","type-post","status-publish","format-standard","has-post-thumbnail","hentry","category-orszaguti-kerekpar"],"yoast_head":"<!-- This site is optimized with the Yoast SEO Premium plugin v25.3 (Yoast SEO v25.9) - https:\/\/yoast.com\/wordpress\/plugins\/seo\/ -->\n<title>Mads Pedersen azt a bizonyos z\u00f6ld \u0160koda mezt akarja - \u0160koda We Love Cycling - Magyarorsz\u00e1g<\/title>\n<meta name=\"description\" content=\"Mads Pedersen a vil\u00e1gm\u00e9ret\u0171 j\u00e1rv\u00e1nynak k\u00f6sz\u00f6nhet\u0151en sok versenyen nem viselhette a sziv\u00e1rv\u00e1nymezt. Ezen azonban mostant\u00f3l v\u00e1ltoztatni szeretne. Ahogy egy szezon el\u0151tti sajt\u00f3t\u00e1j\u00e9koztat\u00f3n elmondta, a 2021-es vil\u00e1gbajnoks\u00e1gon \u0151 t\u0171zte ki mag\u00e1nak a legt\u00f6bb c\u00e9lt.\" \/>\n<meta name=\"robots\" content=\"index, follow, max-snippet:-1, max-image-preview:large, max-video-preview:-1\" \/>\n<link rel=\"canonical\" href=\"https:\/\/www.welovecycling.com\/hu\/orszaguti-kerekpar\/mads-pedersen-azt-a-bizonyos-zold-skoda-mezt-akarja\/\" \/>\n<meta property=\"og:locale\" content=\"hu_HU\" \/>\n<meta property=\"og:type\" content=\"article\" \/>\n<meta property=\"og:title\" content=\"Mads Pedersen azt a bizonyos z\u00f6ld \u0160koda mezt akarja\" \/>\n<meta property=\"og:description\" content=\"Mads Pedersen a vil\u00e1gm\u00e9ret\u0171 j\u00e1rv\u00e1nynak k\u00f6sz\u00f6nhet\u0151en sok versenyen nem viselhette a sziv\u00e1rv\u00e1nymezt. Ezen azonban mostant\u00f3l v\u00e1ltoztatni szeretne. Ahogy egy szezon el\u0151tti sajt\u00f3t\u00e1j\u00e9koztat\u00f3n elmondta, a 2021-es vil\u00e1gbajnoks\u00e1gon \u0151 t\u0171zte ki mag\u00e1nak a legt\u00f6bb c\u00e9lt.\" \/>\n<meta property=\"og:url\" content=\"https:\/\/www.welovecycling.com\/hu\/orszaguti-kerekpar\/mads-pedersen-azt-a-bizonyos-zold-skoda-mezt-akarja\/\" \/>\n<meta property=\"og:site_name\" content=\"\u0160koda We Love Cycling - Magyarorsz\u00e1g\" \/>\n<meta property=\"article:publisher\" content=\"https:\/\/www.facebook.com\/WeLoveCyclingHungary\/\" \/>\n<meta property=\"article:published_time\" content=\"2021-01-29T07:00:39+00:00\" \/>\n<meta property=\"og:image\" content=\"https:\/\/d2p6e6u75xmxt8.cloudfront.net\/12\/2021\/01\/Mads-Pedersen-profimedia-0558152868-CVR.jpg\" \/>\n\t<meta property=\"og:image:width\" content=\"1366\" \/>\n\t<meta property=\"og:image:height\" content=\"600\" \/>\n\t<meta property=\"og:image:type\" content=\"image\/jpeg\" \/>\n<meta name=\"author\" content=\"hegyizs\" \/>\n<meta name=\"twitter:card\" content=\"summary_large_image\" \/>\n<meta name=\"twitter:label1\" content=\"Written by\" \/>\n\t<meta name=\"twitter:data1\" content=\"Monica Buck\" \/>\n\t<meta name=\"twitter:label2\" content=\"Est. reading time\" \/>\n\t<meta name=\"twitter:data2\" content=\"4\" \/>\n<script type=\"application\/ld+json\" class=\"yoast-schema-graph\">{\"@context\":\"https:\/\/schema.org\",\"@graph\":[{\"@type\":\"WebPage\",\"@id\":\"https:\/\/www.welovecycling.com\/hu\/orszaguti-kerekpar\/mads-pedersen-azt-a-bizonyos-zold-skoda-mezt-akarja\/\",\"url\":\"https:\/\/www.welovecycling.com\/hu\/orszaguti-kerekpar\/mads-pedersen-azt-a-bizonyos-zold-skoda-mezt-akarja\/\",\"name\":\"Mads Pedersen azt a bizonyos z\u00f6ld \u0160koda mezt akarja - \u0160koda We Love Cycling - Magyarorsz\u00e1g\",\"isPartOf\":{\"@id\":\"https:\/\/www.welovecycling.com\/hu\/#website\"},\"primaryImageOfPage\":{\"@id\":\"https:\/\/www.welovecycling.com\/hu\/orszaguti-kerekpar\/mads-pedersen-azt-a-bizonyos-zold-skoda-mezt-akarja\/#primaryimage\"},\"image\":{\"@id\":\"https:\/\/www.welovecycling.com\/hu\/orszaguti-kerekpar\/mads-pedersen-azt-a-bizonyos-zold-skoda-mezt-akarja\/#primaryimage\"},\"thumbnailUrl\":\"https:\/\/d2p6e6u75xmxt8.cloudfront.net\/12\/2021\/01\/Mads-Pedersen-profimedia-0558152868-CVR.jpg\",\"datePublished\":\"2021-01-29T07:00:39+00:00\",\"author\":{\"@id\":\"https:\/\/www.welovecycling.com\/hu\/#\/schema\/person\/414a2aebf1801691a5320edb6468e194\"},\"description\":\"Mads Pedersen a vil\u00e1gm\u00e9ret\u0171 j\u00e1rv\u00e1nynak k\u00f6sz\u00f6nhet\u0151en sok versenyen nem viselhette a sziv\u00e1rv\u00e1nymezt. Ezen azonban mostant\u00f3l v\u00e1ltoztatni szeretne. Ahogy egy szezon el\u0151tti sajt\u00f3t\u00e1j\u00e9koztat\u00f3n elmondta, a 2021-es vil\u00e1gbajnoks\u00e1gon \u0151 t\u0171zte ki mag\u00e1nak a legt\u00f6bb c\u00e9lt.\",\"breadcrumb\":{\"@id\":\"https:\/\/www.welovecycling.com\/hu\/orszaguti-kerekpar\/mads-pedersen-azt-a-bizonyos-zold-skoda-mezt-akarja\/#breadcrumb\"},\"inLanguage\":\"hu\",\"potentialAction\":[{\"@type\":\"ReadAction\",\"target\":[\"https:\/\/www.welovecycling.com\/hu\/orszaguti-kerekpar\/mads-pedersen-azt-a-bizonyos-zold-skoda-mezt-akarja\/\"]}]},{\"@type\":\"ImageObject\",\"inLanguage\":\"hu\",\"@id\":\"https:\/\/www.welovecycling.com\/hu\/orszaguti-kerekpar\/mads-pedersen-azt-a-bizonyos-zold-skoda-mezt-akarja\/#primaryimage\",\"url\":\"https:\/\/d2p6e6u75xmxt8.cloudfront.net\/12\/2021\/01\/Mads-Pedersen-profimedia-0558152868-CVR.jpg\",\"contentUrl\":\"https:\/\/d2p6e6u75xmxt8.cloudfront.net\/12\/2021\/01\/Mads-Pedersen-profimedia-0558152868-CVR.jpg\",\"width\":1366,\"height\":600,\"caption\":\"Mads Pedersen\"},{\"@type\":\"BreadcrumbList\",\"@id\":\"https:\/\/www.welovecycling.com\/hu\/orszaguti-kerekpar\/mads-pedersen-azt-a-bizonyos-zold-skoda-mezt-akarja\/#breadcrumb\",\"itemListElement\":[{\"@type\":\"ListItem\",\"position\":1,\"name\":\"Home\",\"item\":\"https:\/\/www.welovecycling.com\/hu\/\"},{\"@type\":\"ListItem\",\"position\":2,\"name\":\"Mads Pedersen azt a bizonyos z\u00f6ld \u0160koda mezt akarja\"}]},{\"@type\":\"WebSite\",\"@id\":\"https:\/\/www.welovecycling.com\/hu\/#website\",\"url\":\"https:\/\/www.welovecycling.com\/hu\/\",\"name\":\"\u0160koda We Love Cycling - Magyarorsz\u00e1g\",\"description\":\"\u0160koda WeLoveCycling\",\"potentialAction\":[{\"@type\":\"SearchAction\",\"target\":{\"@type\":\"EntryPoint\",\"urlTemplate\":\"https:\/\/www.welovecycling.com\/hu\/?s={search_term_string}\"},\"query-input\":{\"@type\":\"PropertyValueSpecification\",\"valueRequired\":true,\"valueName\":\"search_term_string\"}}],\"inLanguage\":\"hu\"},{\"@type\":\"Person\",\"@id\":\"https:\/\/www.welovecycling.com\/hu\/#\/schema\/person\/414a2aebf1801691a5320edb6468e194\",\"name\":\"hegyizs\",\"image\":{\"@type\":\"ImageObject\",\"inLanguage\":\"hu\",\"@id\":\"https:\/\/www.welovecycling.com\/hu\/#\/schema\/person\/image\/\",\"url\":\"https:\/\/secure.gravatar.com\/avatar\/02cf8a7906b8cf90cecb4679defac7cfd33a1c2e3b88e4903d947f3bb58eedd3?s=96&d=mm&r=g\",\"contentUrl\":\"https:\/\/secure.gravatar.com\/avatar\/02cf8a7906b8cf90cecb4679defac7cfd33a1c2e3b88e4903d947f3bb58eedd3?s=96&d=mm&r=g\",\"caption\":\"hegyizs\"},\"url\":\"https:\/\/www.welovecycling.com\/hu\/author\/hegyizs\/\"}]}<\/script>\n<!-- \/ Yoast SEO Premium plugin. -->","yoast_head_json":{"title":"Mads Pedersen azt a bizonyos z\u00f6ld \u0160koda mezt akarja - \u0160koda We Love Cycling - Magyarorsz\u00e1g","description":"Mads Pedersen a vil\u00e1gm\u00e9ret\u0171 j\u00e1rv\u00e1nynak k\u00f6sz\u00f6nhet\u0151en sok versenyen nem viselhette a sziv\u00e1rv\u00e1nymezt. Ezen azonban mostant\u00f3l v\u00e1ltoztatni szeretne. Ahogy egy szezon el\u0151tti sajt\u00f3t\u00e1j\u00e9koztat\u00f3n elmondta, a 2021-es vil\u00e1gbajnoks\u00e1gon \u0151 t\u0171zte ki mag\u00e1nak a legt\u00f6bb c\u00e9lt.","robots":{"index":"index","follow":"follow","max-snippet":"max-snippet:-1","max-image-preview":"max-image-preview:large","max-video-preview":"max-video-preview:-1"},"canonical":"https:\/\/www.welovecycling.com\/hu\/orszaguti-kerekpar\/mads-pedersen-azt-a-bizonyos-zold-skoda-mezt-akarja\/","og_locale":"hu_HU","og_type":"article","og_title":"Mads Pedersen azt a bizonyos z\u00f6ld \u0160koda mezt akarja","og_description":"Mads Pedersen a vil\u00e1gm\u00e9ret\u0171 j\u00e1rv\u00e1nynak k\u00f6sz\u00f6nhet\u0151en sok versenyen nem viselhette a sziv\u00e1rv\u00e1nymezt. Ezen azonban mostant\u00f3l v\u00e1ltoztatni szeretne. Ahogy egy szezon el\u0151tti sajt\u00f3t\u00e1j\u00e9koztat\u00f3n elmondta, a 2021-es vil\u00e1gbajnoks\u00e1gon \u0151 t\u0171zte ki mag\u00e1nak a legt\u00f6bb c\u00e9lt.","og_url":"https:\/\/www.welovecycling.com\/hu\/orszaguti-kerekpar\/mads-pedersen-azt-a-bizonyos-zold-skoda-mezt-akarja\/","og_site_name":"\u0160koda We Love Cycling - Magyarorsz\u00e1g","article_publisher":"https:\/\/www.facebook.com\/WeLoveCyclingHungary\/","article_published_time":"2021-01-29T07:00:39+00:00","og_image":[{"width":1366,"height":600,"url":"https:\/\/d2p6e6u75xmxt8.cloudfront.net\/12\/2021\/01\/Mads-Pedersen-profimedia-0558152868-CVR.jpg","type":"image\/jpeg"}],"author":"hegyizs","twitter_card":"summary_large_image","twitter_misc":{"Written by":"Monica Buck","Est. reading time":"4"},"schema":{"@context":"https:\/\/schema.org","@graph":[{"@type":"WebPage","@id":"https:\/\/www.welovecycling.com\/hu\/orszaguti-kerekpar\/mads-pedersen-azt-a-bizonyos-zold-skoda-mezt-akarja\/","url":"https:\/\/www.welovecycling.com\/hu\/orszaguti-kerekpar\/mads-pedersen-azt-a-bizonyos-zold-skoda-mezt-akarja\/","name":"Mads Pedersen azt a bizonyos z\u00f6ld \u0160koda mezt akarja - \u0160koda We Love Cycling - Magyarorsz\u00e1g","isPartOf":{"@id":"https:\/\/www.welovecycling.com\/hu\/#website"},"primaryImageOfPage":{"@id":"https:\/\/www.welovecycling.com\/hu\/orszaguti-kerekpar\/mads-pedersen-azt-a-bizonyos-zold-skoda-mezt-akarja\/#primaryimage"},"image":{"@id":"https:\/\/www.welovecycling.com\/hu\/orszaguti-kerekpar\/mads-pedersen-azt-a-bizonyos-zold-skoda-mezt-akarja\/#primaryimage"},"thumbnailUrl":"https:\/\/d2p6e6u75xmxt8.cloudfront.net\/12\/2021\/01\/Mads-Pedersen-profimedia-0558152868-CVR.jpg","datePublished":"2021-01-29T07:00:39+00:00","author":{"@id":"https:\/\/www.welovecycling.com\/hu\/#\/schema\/person\/414a2aebf1801691a5320edb6468e194"},"description":"Mads Pedersen a vil\u00e1gm\u00e9ret\u0171 j\u00e1rv\u00e1nynak k\u00f6sz\u00f6nhet\u0151en sok versenyen nem viselhette a sziv\u00e1rv\u00e1nymezt. Ezen azonban mostant\u00f3l v\u00e1ltoztatni szeretne. Ahogy egy szezon el\u0151tti sajt\u00f3t\u00e1j\u00e9koztat\u00f3n elmondta, a 2021-es vil\u00e1gbajnoks\u00e1gon \u0151 t\u0171zte ki mag\u00e1nak a legt\u00f6bb c\u00e9lt.","breadcrumb":{"@id":"https:\/\/www.welovecycling.com\/hu\/orszaguti-kerekpar\/mads-pedersen-azt-a-bizonyos-zold-skoda-mezt-akarja\/#breadcrumb"},"inLanguage":"hu","potentialAction":[{"@type":"ReadAction","target":["https:\/\/www.welovecycling.com\/hu\/orszaguti-kerekpar\/mads-pedersen-azt-a-bizonyos-zold-skoda-mezt-akarja\/"]}]},{"@type":"ImageObject","inLanguage":"hu","@id":"https:\/\/www.welovecycling.com\/hu\/orszaguti-kerekpar\/mads-pedersen-azt-a-bizonyos-zold-skoda-mezt-akarja\/#primaryimage","url":"https:\/\/d2p6e6u75xmxt8.cloudfront.net\/12\/2021\/01\/Mads-Pedersen-profimedia-0558152868-CVR.jpg","contentUrl":"https:\/\/d2p6e6u75xmxt8.cloudfront.net\/12\/2021\/01\/Mads-Pedersen-profimedia-0558152868-CVR.jpg","width":1366,"height":600,"caption":"Mads Pedersen"},{"@type":"BreadcrumbList","@id":"https:\/\/www.welovecycling.com\/hu\/orszaguti-kerekpar\/mads-pedersen-azt-a-bizonyos-zold-skoda-mezt-akarja\/#breadcrumb","itemListElement":[{"@type":"ListItem","position":1,"name":"Home","item":"https:\/\/www.welovecycling.com\/hu\/"},{"@type":"ListItem","position":2,"name":"Mads Pedersen azt a bizonyos z\u00f6ld \u0160koda mezt akarja"}]},{"@type":"WebSite","@id":"https:\/\/www.welovecycling.com\/hu\/#website","url":"https:\/\/www.welovecycling.com\/hu\/","name":"\u0160koda We Love Cycling - Magyarorsz\u00e1g","description":"\u0160koda WeLoveCycling","potentialAction":[{"@type":"SearchAction","target":{"@type":"EntryPoint","urlTemplate":"https:\/\/www.welovecycling.com\/hu\/?s={search_term_string}"},"query-input":{"@type":"PropertyValueSpecification","valueRequired":true,"valueName":"search_term_string"}}],"inLanguage":"hu"},{"@type":"Person","@id":"https:\/\/www.welovecycling.com\/hu\/#\/schema\/person\/414a2aebf1801691a5320edb6468e194","name":"hegyizs","image":{"@type":"ImageObject","inLanguage":"hu","@id":"https:\/\/www.welovecycling.com\/hu\/#\/schema\/person\/image\/","url":"https:\/\/secure.gravatar.com\/avatar\/02cf8a7906b8cf90cecb4679defac7cfd33a1c2e3b88e4903d947f3bb58eedd3?s=96&d=mm&r=g","contentUrl":"https:\/\/secure.gravatar.com\/avatar\/02cf8a7906b8cf90cecb4679defac7cfd33a1c2e3b88e4903d947f3bb58eedd3?s=96&d=mm&r=g","caption":"hegyizs"},"url":"https:\/\/www.welovecycling.com\/hu\/author\/hegyizs\/"}]}},"_links":{"self":[{"href":"https:\/\/www.welovecycling.com\/hu\/wp-json\/wp\/v2\/posts\/9987","targetHints":{"allow":["GET"]}}],"collection":[{"href":"https:\/\/www.welovecycling.com\/hu\/wp-json\/wp\/v2\/posts"}],"about":[{"href":"https:\/\/www.welovecycling.com\/hu\/wp-json\/wp\/v2\/types\/post"}],"author":[{"embeddable":true,"href":"https:\/\/www.welovecycling.com\/hu\/wp-json\/wp\/v2\/users\/71"}],"replies":[{"embeddable":true,"href":"https:\/\/www.welovecycling.com\/hu\/wp-json\/wp\/v2\/comments?post=9987"}],"version-history":[{"count":2,"href":"https:\/\/www.welovecycling.com\/hu\/wp-json\/wp\/v2\/posts\/9987\/revisions"}],"predecessor-version":[{"id":10007,"href":"https:\/\/www.welovecycling.com\/hu\/wp-json\/wp\/v2\/posts\/9987\/revisions\/10007"}],"wp:featuredmedia":[{"embeddable":true,"href":"https:\/\/www.welovecycling.com\/hu\/wp-json\/wp\/v2\/media\/9991"}],"wp:attachment":[{"href":"https:\/\/www.welovecycling.com\/hu\/wp-json\/wp\/v2\/media?parent=9987"}],"wp:term":[{"taxonomy":"category","embeddable":true,"href":"https:\/\/www.welovecycling.com\/hu\/wp-json\/wp\/v2\/categories?post=9987"},{"taxonomy":"post_tag","embeddable":true,"href":"https:\/\/www.welovecycling.com\/hu\/wp-json\/wp\/v2\/tags?post=9987"},{"taxonomy":"global-categories","embeddable":true,"href":"https:\/\/www.welovecycling.com\/hu\/wp-json\/wp\/v2\/global-categories?post=9987"}],"curies":[{"name":"wp","href":"https:\/\/api.w.org\/{rel}","templated":true}]}}