{"id":9977,"date":"2021-01-28T08:00:06","date_gmt":"2021-01-28T07:00:06","guid":{"rendered":"https:\/\/www.welovecycling.com\/hu\/?p=9977"},"modified":"2021-01-22T17:15:00","modified_gmt":"2021-01-22T16:15:00","slug":"7-tipp-igy-fejleszd-tokelyre-a-sajat-bringas-palyad","status":"publish","type":"post","link":"https:\/\/www.welovecycling.com\/hu\/trekking-mtb\/7-tipp-igy-fejleszd-tokelyre-a-sajat-bringas-palyad\/","title":{"rendered":"7 tipp: \u00cdgy fejleszd t\u00f6k\u00e9lyre a saj\u00e1t bring\u00e1s p\u00e1ly\u00e1d"},"content":{"rendered":"<p><strong>Gondolkozol a k\u00f6rnyez\u0151 \u00f6sv\u00e9nyek jav\u00edt\u00e1s\u00e1n vagy egy saj\u00e1t \u00fatvonal megalkot\u00e1s\u00e1n? Az alapok elsaj\u00e1t\u00edt\u00e1sa \u00e9rdek\u00e9ben felvett\u00fck a kapcsolatot Jan Ofnerrel, a <em>Bike Park Geisskopf<\/em> \u00e9p\u00edt\u00e9si \u00e9s karbantart\u00e1si szem\u00e9lyzet\u00e9nek vezet\u0151j\u00e9vel. Jan a 10 \u00e9ves p\u00e1lyafut\u00e1sa \u00e9s a csehorsz\u00e1gi <em>Bike Park Spicak<\/em> \u00fatvonal \u00e9p\u00edt\u00e9se sor\u00e1n szerezte tapasztalatait. \u00d6t \u00e9vvel ezel\u0151tt csatlakozott egy neves nyomvonaltervez\u0151, Diddie Schneider tulajdon\u00e1ban l\u00e9v\u0151 c\u00e9ghez, aki az MTB p\u00e1ly\u00e1k tervez\u00e9s\u00e9\u00e9rt felel\u0151s a n\u00e9metorsz\u00e1gi Petzen, Willingen \u00e9s Geisskopf \u00fcd\u00fcl\u0151helyeken. A <em>Geisskopf-MTBZone-Bikepark<\/em>, amely N\u00e9metorsz\u00e1g egyik legnagyobb ker\u00e9kp\u00e1ros parkja k\u00e9pviseli, t\u00f6bb mint 10 \u00fatvonalat foglal mag\u00e1ban. Ilyenek p\u00e9ld\u00e1ul a halad\u00f3 p\u00e1ly\u00e1k a DH \u00e9s az enduro versenyz\u0151k sz\u00e1m\u00e1ra, valamint a kezd\u0151knek k\u00e9sz\u00edtett flow p\u00e1lya \u00e9s k\u00e9szs\u00e9gfejleszt\u0151 k\u00f6zpont. Kell enn\u00e9l t\u00f6bb? Kezdd el te is t\u00f6k\u00e9letes\u00edteni saj\u00e1t \u00fatvonaladat a Geisskopf \u00e9p\u00edt\u0151mester\u00e9nek tippjeivel!<\/strong><\/p>\n<p><!--more--><\/p>\n<h2><strong>Jogi szempontok<\/strong><\/h2>\n<p>Teljesen kiz\u00e1rt, hogy enged\u00e9ly n\u00e9lk\u00fcl \u00e9p\u00edts ki \u00faj \u00fatvonalat. Az illeg\u00e1lis MTB p\u00e1ly\u00e1k nem csak negat\u00edvan hatnak a ker\u00e9kp\u00e1ros k\u00f6z\u00f6ss\u00e9gre, de ael\u0151bb vagy ut\u00f3bb le is z\u00e1rhatj\u00e1k \u0151ket a ter\u00fclet birtokosai, a vad\u00e1szok vagy a t\u00far\u00e1z\u00f3k miatt. Ha b\u00e1rmikor az az \u00f6tleted t\u00e1madna, hogy \u00e9p\u00edtesz egy bringap\u00e1ly\u00e1t, tegy\u00e9l meg mindent annak \u00e9rdek\u00e9ben, hogy megtal\u00e1ld az ingatlan tulajdonosait, \u00e9s meg tudjatok \u00e1llapodni a ter\u00fcleten t\u00f6rt\u00e9n\u0151 ker\u00e9kp\u00e1roz\u00e1s \u00fcgy\u00e9ben. Legyen sz\u00f3 ak\u00e1r mag\u00e1nk\u00e9zben vagy \u00e1llami tulajdonban l\u00e9v\u0151 erd\u0151r\u0151l, a tulajdonosok, illetve a felel\u0151s szem\u00e9lyek egyar\u00e1nt meglep\u0151dhetnek az \u00f6tleteden. Ennek ellen\u00e9re m\u00e9g mindig jobb elmondani nekik a terveidet, mint enged\u00e9ly n\u00e9lk\u00fcl elkezdeni \u00e1sni \u00e9s arra v\u00e1rni, mikor veszi \u00e9sze valaki. Egyes orsz\u00e1gokban a mountain bike-oz\u00e1s szembeni el\u0151\u00edt\u00e9let nagy akad\u00e1lyt jelenthet, de ha siker\u00fcl meggy\u0151zn\u00f6d a tulajdonost az \u00e9p\u00edtkez\u00e9s ideiglenes jelleg\u00e9re hivatkozva, nyert \u00fcgyed van.<\/p>\n<figure id=\"attachment_9980\" aria-describedby=\"caption-attachment-9980\" style=\"width: 1024px\" class=\"wp-caption alignnone\"><a href=\"https:\/\/d2p6e6u75xmxt8.cloudfront.net\/2\/2021\/01\/MTB-trail-profimedia-0555951745.jpg\"><img loading=\"lazy\" decoding=\"async\" class=\"wp-image-9980 size-large\" src=\"https:\/\/d2p6e6u75xmxt8.cloudfront.net\/12\/2021\/01\/MTB-trail-profimedia-0555951745-1024x682.jpg\" alt=\"MTB trail\" width=\"1024\" height=\"682\" srcset=\"https:\/\/d2p6e6u75xmxt8.cloudfront.net\/12\/2021\/01\/MTB-trail-profimedia-0555951745-1024x682.jpg 1024w, https:\/\/d2p6e6u75xmxt8.cloudfront.net\/12\/2021\/01\/MTB-trail-profimedia-0555951745-300x200.jpg 300w, https:\/\/d2p6e6u75xmxt8.cloudfront.net\/12\/2021\/01\/MTB-trail-profimedia-0555951745-768x512.jpg 768w, https:\/\/d2p6e6u75xmxt8.cloudfront.net\/12\/2021\/01\/MTB-trail-profimedia-0555951745-272x182.jpg 272w, https:\/\/d2p6e6u75xmxt8.cloudfront.net\/12\/2021\/01\/MTB-trail-profimedia-0555951745.jpg 1250w\" sizes=\"auto, (max-width: 1024px) 100vw, 1024px\" \/><\/a><figcaption id=\"caption-attachment-9980\" class=\"wp-caption-text\"><em>Ne \u00e9p\u00edts illeg\u00e1lisan MTB \u00fatvonalakat! \u00a9 Profimedia<\/em><\/figcaption><\/figure>\n<h2><strong>Terepvizsg\u00e1lat<\/strong><\/h2>\n<p>Az els\u0151 l\u00e9p\u00e9s: bej\u00e1rni a hegyoldalt, fentr\u0151l lefel\u00e9. Pr\u00f3b\u00e1ld meg elk\u00e9pzelni az \u00fatvonal ir\u00e1ny\u00e1t a rendelkez\u00e9sre \u00e1ll\u00f3 term\u00e9szeti adotts\u00e1gok r\u00e9szek\u00e9nt. Tapasztalt p\u00e1lya\u00e9p\u00edt\u0151k olyan elemeket haszn\u00e1lnak, mint a szikl\u00e1k, kit\u00fcremked\u00e9sek, falak vagy kid\u0151lt fat\u00f6rzsek, \u00e9s ezeket k\u00e9pesek \u00fagy elhelyezni az \u00fatvonalon, mintha \u00e9kszer\u00e9szek lenn\u00e9nek \u00e9s gy\u00f6ngy\u00f6t f\u0171zn\u00e9nek egy nyakl\u00e1ncra. Tervez\u00e9s k\u00f6zben ker\u00fcld el a vizes helyeket, amelyek m\u00e1r egy kis es\u0151 ut\u00e1n is j\u00e1rhatatlanok. Az els\u0151 terepkutat\u00e1st legjobb es\u0151z\u00e9s ut\u00e1n megejteni, amikor a sz\u00e1raz ter\u00fcletek k\u00f6nnyen megk\u00fcl\u00f6nb\u00f6ztethet\u0151k a nedvesekt\u0151l.<\/p>\n<h2><strong>D\u00f6nt\u00e9shozatal<\/strong><\/h2>\n<p>Minden biciklis m\u00e1st szeret. M\u00edg egyesek a cs\u00fasz\u00f3s gy\u00f6kerekkel, l\u00e9pcs\u0151kkel \u00e9s sziklakertekkel teli technikai \u00f6sv\u00e9nyeket kedvelik, m\u00e1sok f\u0151leg a flow-ra koncentr\u00e1lnak. Az \u00faj \u00e9p\u00edt\u0151mester szerep\u00e9ben neked kell d\u00f6ntened ezekr\u0151l a k\u00e9rd\u00e9sekr\u0151l. A legn\u00e9pszer\u0171bb p\u00e1ly\u00e1k nagyon sz\u00f3rakoztat\u00f3ak a j\u00f3l \u00f6sszekapcsolt funkci\u00f3k miatt, \u00edgy z\u00f6kken\u0151mentes \u00e9s zavartalan rajtuk az \u00fat. M\u00edg a downhill utak meredekebbek, a flow p\u00e1ly\u00e1knak szel\u00eddebbnek kell lenni\u00fck, legfeljebb 5% -os lejt\u00e9ssel. Ha siker\u00fcl \u00fagy kialak\u00edtanod egy \u00fatvonalat, hogy k\u00f6zben az adott helysz\u00ednt hat\u00e9konyan haszn\u00e1lod fel, akkor sokkal hosszabb utat nyerhetsz. Egy olyan v\u00edzics\u00fazdak\u00e9nt gondolj erre, amit egy \u00e9p\u00edt\u00e9sz egy korl\u00e1tozott bels\u0151 ter\u0171 aquaparkba szor\u00edtott. Tov\u00e1bb\u00e1 a nyomvonal enyhe lejt\u00e9ssel t\u00f6rt\u00e9n\u0151 vezet\u00e9s\u00e9hez n\u00e9ha bele kell v\u00e1jni a domboldalba.<\/p>\n<p>https:\/\/www.instagram.com\/p\/CE_ZRjiil_f\/?utm_source=ig_web_copy_link<\/p>\n<h2><strong>Fenntarthat\u00f3s\u00e1g<\/strong><\/h2>\n<p>Az ugrat\u00f3k meg\u00e9p\u00edt\u00e9se bonyolultabb, mivel rengeteg \u00e9p\u00edt\u0151anyagra van hozz\u00e1juk sz\u00fcks\u00e9g, amelyeket vagy az adott helysz\u00ednb\u0151l kell kinyerned, vagy m\u00e1shonnan kell hozatnod. Azt javasoljuk, hogy ker\u00fcld a m\u00e1sfajta talaj \u00e1thelyez\u00e9s\u00e9t a helysz\u00ednre, mivel ez nem csak furcs\u00e1nak t\u0171nik majd a nagy elt\u00e9r\u00e9s miatt, de a fenntarthat\u00f3s\u00e1g elveit sem szolg\u00e1lja. Ugyanezen okb\u00f3l kifoly\u00f3lag tart\u00f3zkodj az ott \u00e9l\u0151 f\u00e1k \u00e9s n\u00f6v\u00e9nyek kiv\u00e1g\u00e1s\u00e1t\u00f3l is! Az \u00fatvonalat \u00fagy kell kialak\u00edtanod, hogy az vizu\u00e1lisan \u00f6sszehangban legyen a t\u00e1jjal. Ha az \u00f6sv\u00e9ny sz\u00e9pnek \u00e9s rendezettnek t\u0171nik, nagyobb es\u00e9lye van arra, hogy a t\u00f6bbi erd\u0151j\u00e1r\u00f3 \u00e9rintetlen\u00fcl hagyja majd.<\/p>\n<h2><strong>A flow-\u00e9lm\u00e9ny<\/strong><\/h2>\n<p>A flow-\u00e9lm\u00e9nyekkel teli nyomvonal \u00e9p\u00edt\u00e9se azt jelenti, hogy a bring\u00e1sok k\u00f6nnyed\u00e9n \u00e9s jelent\u0151sebb f\u00e9kez\u00e9sek n\u00e9lk\u00fcl haladhatnak v\u00e9gig rajta. Ez nemcsak j\u00e1t\u00e9koss\u00e1 \u00e9s sz\u00f3rakoztat\u00f3v\u00e1 teszi az \u00f6sv\u00e9nyt, hanem hozz\u00e1j\u00e1rul annak \u00e9lettartam\u00e1hoz is, mivel a f\u00e9kez\u00e9sek k\u00fcl\u00f6nb\u00f6z\u0151 k\u00e1rokat okoznak, els\u0151sorban a kanyarok el\u0151tt. A kanyarok sugar\u00e1nak illenie kell a becs\u00fclt bel\u00e9p\u00e9si sebess\u00e9ghez. Min\u00e9l nagyobb a sebess\u00e9g, ann\u00e1l nagyobb a sug\u00e1r. A helyes ar\u00e1nyok megtal\u00e1l\u00e1s\u00e1nak egyetlen m\u00f3dja az, ha sok tapasztalattal rendelkezel, vagy egy ker\u00e9kp\u00e1rral leellen\u0151rz\u00f6d a megfelel\u0151 sebess\u00e9get. A sebess\u00e9g megtart\u00e1sa \u00e9rdek\u00e9ben tan\u00e1csos ferde kanyarokat \u00e9p\u00edteni. Ezek lehet\u0151v\u00e9 teszik a nagy sebess\u00e9g\u0171 \u00e1thalad\u00e1st, \u00e9s nagyon sz\u00f3rakoztat\u00f3ak is, de sok \u00e9p\u00edt\u0151anyagot ig\u00e9nyelnek \u00e9s a megfelel\u0151 v\u00edzelvezet\u00e9s is kulcsfontoss\u00e1g\u00fa a tervez\u00e9s\u00fck sor\u00e1n.<\/p>\n<p>https:\/\/www.instagram.com\/p\/CGPu9i0C_Ge\/?utm_source=ig_web_copy_link<\/p>\n<h2><strong>V\u00edzgazd\u00e1lkod\u00e1s<\/strong><\/h2>\n<p>Az es\u0151- \u00e9s foly\u00f3v\u00edz s\u00falyos k\u00e1rokat okozhat. A hossz\u00fa, egyenes \u00e9s meredek r\u00e9szek cs\u00faszdak\u00e9nt m\u0171k\u00f6dhetnek, ahol a v\u00edz \u00f6sszegy\u0171lik \u00e9s foly\u00f3k\u00e9nt fut kereszt\u00fcl rajtuk, elpuszt\u00edtva mindent, ami az \u00fatj\u00e1ba ker\u00fcl. A s\u00edk helyek pedig tavakk\u00e1 alakulhatnak. A v\u00edzelvezet\u00e9s teh\u00e1t t\u00e9nyleg kulcsfontoss\u00e1g\u00fa. A legs\u00e9r\u00fcl\u00e9kenyebb r\u00e9szeket j\u00e1rd be es\u0151z\u00e9s ut\u00e1n egy kap\u00e1val, \u00e9s \u00e1ss v\u00e1ly\u00fakat a gy\u00f6kerek ment\u00e9n, hogy a v\u00edz el tudjon folyni.<\/p>\n<h2><strong>Eszk\u00f6z\u00f6k<\/strong><\/h2>\n<p>A nyomvonal meg\u00e9p\u00edt\u00e9s\u00e9hez \u00e9s alak\u00edt\u00e1s\u00e1hoz t\u00f6bb eszk\u00f6zre is sz\u00fcks\u00e9ged lesz. A min\u0151s\u00e9gi \u00e9s dr\u00e1g\u00e1bb m\u0171szerek hosszabb ideig teljes\u00edtenek j\u00f3l \u00e9s cs\u00f6kkentik az \u00e1ltalad sz\u00fcks\u00e9ges er\u0151befektet\u00e9st is. Az \u00e1s\u00f3 alapvet\u0151 eszk\u00f6z a t\u00f6m\u00f6r talaj ki\u00e1s\u00e1s\u00e1hoz, a lap\u00e1t pedig seg\u00edt a puha anyagok, p\u00e9ld\u00e1ul a talaj, a homok vagy a szennyez\u0151anyagok mozgat\u00e1s\u00e1ban. A magas kanyarok fel\u00e9p\u00edt\u00e9s\u00e9hez sok f\u00f6ldre lesz sz\u00fcks\u00e9g, amely kisebb er\u0151fesz\u00edt\u00e9ssel mozgathat\u00f3, ha fellaz\u00edtod. A hosszabb ny\u00e9llel rendelkez\u0151 eszk\u00f6z\u00f6k cs\u00f6kkentik az izoml\u00e1z kialakul\u00e1s\u00e1t, am\u00edg elmozgatod a f\u00f6ldet a forr\u00e1st\u00f3l a p\u00e1ly\u00e1ig. Haszn\u00e1lj f\u0171r\u00e9szt a cserj\u00e9k \u00e9s \u00e1gak lev\u00e1g\u00e1s\u00e1hoz, a fejsze pedig akkor j\u00f6het j\u00f3l, ha makacsabb gy\u00f6kerekkel kell megk\u00fczdened. A n\u00f6v\u00e9nyek elt\u00e1vol\u00edt\u00e1s\u00e1ra, apr\u00f3 gy\u00f6kerek lev\u00e1g\u00e1s\u00e1ra vagy v\u00edztelen\u00edt\u00e9skor a v\u00e1ly\u00fak \u00e1s\u00e1s\u00e1ra a kapa a megfelel\u0151 eszk\u00f6z. A cs\u00e1k\u00e1ny fellaz\u00edtja a talajt, valamint seg\u00edt az \u00e9p\u00edt\u0151anyagok kinyer\u00e9s\u00e9ben \u00e9s a lejt\u0151k kialak\u00edt\u00e1s\u00e1ban.<\/p>\n<p>Most m\u00e1r mindent tudsz. Sok kreativit\u00e1st k\u00edv\u00e1nunk neked saj\u00e1t p\u00e1ly\u00e1d fel\u00e9p\u00edt\u00e9s\u00e9hez!<\/p>\n","protected":false},"excerpt":{"rendered":"<p>Gondolkozol a k\u00f6rnyez\u0151 \u00f6sv\u00e9nyek jav\u00edt\u00e1s\u00e1n vagy egy saj\u00e1t \u00fatvonal megalkot\u00e1s\u00e1n? Az alapok elsaj\u00e1t\u00edt\u00e1sa \u00e9rdek\u00e9ben felvett\u00fck a kapcsolatot Jan Ofnerrel, a [&hellip;]<\/p>\n","protected":false},"author":71,"featured_media":9982,"comment_status":"open","ping_status":"open","sticky":false,"template":"","format":"standard","meta":{"footnotes":""},"categories":[7],"tags":[],"global-categories":[],"class_list":["post-9977","post","type-post","status-publish","format-standard","has-post-thumbnail","hentry","category-trekking-mtb"],"yoast_head":"<!-- This site is optimized with the Yoast SEO Premium plugin v25.3 (Yoast SEO v25.9) - https:\/\/yoast.com\/wordpress\/plugins\/seo\/ -->\n<title>7 tipp: \u00cdgy fejleszd t\u00f6k\u00e9lyre a saj\u00e1t bring\u00e1s p\u00e1ly\u00e1d<\/title>\n<meta name=\"description\" content=\"Gondolkozol a k\u00f6rnyez\u0151 \u00f6sv\u00e9nyek jav\u00edt\u00e1s\u00e1n vagy egy saj\u00e1t \u00fatvonal megalkot\u00e1s\u00e1n?\" \/>\n<meta name=\"robots\" content=\"index, follow, max-snippet:-1, max-image-preview:large, max-video-preview:-1\" \/>\n<link rel=\"canonical\" href=\"https:\/\/www.welovecycling.com\/hu\/trekking-mtb\/7-tipp-igy-fejleszd-tokelyre-a-sajat-bringas-palyad\/\" \/>\n<meta property=\"og:locale\" content=\"hu_HU\" \/>\n<meta property=\"og:type\" content=\"article\" \/>\n<meta property=\"og:title\" content=\"7 tipp: \u00cdgy fejleszd t\u00f6k\u00e9lyre a saj\u00e1t bring\u00e1s p\u00e1ly\u00e1d\" \/>\n<meta property=\"og:description\" content=\"Gondolkozol a k\u00f6rnyez\u0151 \u00f6sv\u00e9nyek jav\u00edt\u00e1s\u00e1n vagy egy saj\u00e1t \u00fatvonal megalkot\u00e1s\u00e1n?\" \/>\n<meta property=\"og:url\" content=\"https:\/\/www.welovecycling.com\/hu\/trekking-mtb\/7-tipp-igy-fejleszd-tokelyre-a-sajat-bringas-palyad\/\" \/>\n<meta property=\"og:site_name\" content=\"\u0160koda We Love Cycling - Magyarorsz\u00e1g\" \/>\n<meta property=\"article:publisher\" content=\"https:\/\/www.facebook.com\/WeLoveCyclingHungary\/\" \/>\n<meta property=\"article:published_time\" content=\"2021-01-28T07:00:06+00:00\" \/>\n<meta property=\"og:image\" content=\"https:\/\/d2p6e6u75xmxt8.cloudfront.net\/12\/2021\/01\/Bike-park-profimedia-0541515097-CVR.jpg\" \/>\n\t<meta property=\"og:image:width\" content=\"1366\" \/>\n\t<meta property=\"og:image:height\" content=\"600\" \/>\n\t<meta property=\"og:image:type\" content=\"image\/jpeg\" \/>\n<meta name=\"author\" content=\"hegyizs\" \/>\n<meta name=\"twitter:card\" content=\"summary_large_image\" \/>\n<meta name=\"twitter:label1\" content=\"Written by\" \/>\n\t<meta name=\"twitter:data1\" content=\"Adam Marsal\" \/>\n\t<meta name=\"twitter:label2\" content=\"Est. reading time\" \/>\n\t<meta name=\"twitter:data2\" content=\"6\" \/>\n<script type=\"application\/ld+json\" class=\"yoast-schema-graph\">{\"@context\":\"https:\/\/schema.org\",\"@graph\":[{\"@type\":\"WebPage\",\"@id\":\"https:\/\/www.welovecycling.com\/hu\/trekking-mtb\/7-tipp-igy-fejleszd-tokelyre-a-sajat-bringas-palyad\/\",\"url\":\"https:\/\/www.welovecycling.com\/hu\/trekking-mtb\/7-tipp-igy-fejleszd-tokelyre-a-sajat-bringas-palyad\/\",\"name\":\"7 tipp: \u00cdgy fejleszd t\u00f6k\u00e9lyre a saj\u00e1t bring\u00e1s p\u00e1ly\u00e1d\",\"isPartOf\":{\"@id\":\"https:\/\/www.welovecycling.com\/hu\/#website\"},\"primaryImageOfPage\":{\"@id\":\"https:\/\/www.welovecycling.com\/hu\/trekking-mtb\/7-tipp-igy-fejleszd-tokelyre-a-sajat-bringas-palyad\/#primaryimage\"},\"image\":{\"@id\":\"https:\/\/www.welovecycling.com\/hu\/trekking-mtb\/7-tipp-igy-fejleszd-tokelyre-a-sajat-bringas-palyad\/#primaryimage\"},\"thumbnailUrl\":\"https:\/\/d2p6e6u75xmxt8.cloudfront.net\/12\/2021\/01\/Bike-park-profimedia-0541515097-CVR.jpg\",\"datePublished\":\"2021-01-28T07:00:06+00:00\",\"author\":{\"@id\":\"https:\/\/www.welovecycling.com\/hu\/#\/schema\/person\/414a2aebf1801691a5320edb6468e194\"},\"description\":\"Gondolkozol a k\u00f6rnyez\u0151 \u00f6sv\u00e9nyek jav\u00edt\u00e1s\u00e1n vagy egy saj\u00e1t \u00fatvonal megalkot\u00e1s\u00e1n?\",\"breadcrumb\":{\"@id\":\"https:\/\/www.welovecycling.com\/hu\/trekking-mtb\/7-tipp-igy-fejleszd-tokelyre-a-sajat-bringas-palyad\/#breadcrumb\"},\"inLanguage\":\"hu\",\"potentialAction\":[{\"@type\":\"ReadAction\",\"target\":[\"https:\/\/www.welovecycling.com\/hu\/trekking-mtb\/7-tipp-igy-fejleszd-tokelyre-a-sajat-bringas-palyad\/\"]}]},{\"@type\":\"ImageObject\",\"inLanguage\":\"hu\",\"@id\":\"https:\/\/www.welovecycling.com\/hu\/trekking-mtb\/7-tipp-igy-fejleszd-tokelyre-a-sajat-bringas-palyad\/#primaryimage\",\"url\":\"https:\/\/d2p6e6u75xmxt8.cloudfront.net\/12\/2021\/01\/Bike-park-profimedia-0541515097-CVR.jpg\",\"contentUrl\":\"https:\/\/d2p6e6u75xmxt8.cloudfront.net\/12\/2021\/01\/Bike-park-profimedia-0541515097-CVR.jpg\",\"width\":1366,\"height\":600,\"caption\":\"Bike park\"},{\"@type\":\"BreadcrumbList\",\"@id\":\"https:\/\/www.welovecycling.com\/hu\/trekking-mtb\/7-tipp-igy-fejleszd-tokelyre-a-sajat-bringas-palyad\/#breadcrumb\",\"itemListElement\":[{\"@type\":\"ListItem\",\"position\":1,\"name\":\"Home\",\"item\":\"https:\/\/www.welovecycling.com\/hu\/\"},{\"@type\":\"ListItem\",\"position\":2,\"name\":\"7 tipp: \u00cdgy fejleszd t\u00f6k\u00e9lyre a saj\u00e1t bring\u00e1s p\u00e1ly\u00e1d\"}]},{\"@type\":\"WebSite\",\"@id\":\"https:\/\/www.welovecycling.com\/hu\/#website\",\"url\":\"https:\/\/www.welovecycling.com\/hu\/\",\"name\":\"\u0160koda We Love Cycling - Magyarorsz\u00e1g\",\"description\":\"\u0160koda WeLoveCycling\",\"potentialAction\":[{\"@type\":\"SearchAction\",\"target\":{\"@type\":\"EntryPoint\",\"urlTemplate\":\"https:\/\/www.welovecycling.com\/hu\/?s={search_term_string}\"},\"query-input\":{\"@type\":\"PropertyValueSpecification\",\"valueRequired\":true,\"valueName\":\"search_term_string\"}}],\"inLanguage\":\"hu\"},{\"@type\":\"Person\",\"@id\":\"https:\/\/www.welovecycling.com\/hu\/#\/schema\/person\/414a2aebf1801691a5320edb6468e194\",\"name\":\"hegyizs\",\"image\":{\"@type\":\"ImageObject\",\"inLanguage\":\"hu\",\"@id\":\"https:\/\/www.welovecycling.com\/hu\/#\/schema\/person\/image\/\",\"url\":\"https:\/\/secure.gravatar.com\/avatar\/02cf8a7906b8cf90cecb4679defac7cfd33a1c2e3b88e4903d947f3bb58eedd3?s=96&d=mm&r=g\",\"contentUrl\":\"https:\/\/secure.gravatar.com\/avatar\/02cf8a7906b8cf90cecb4679defac7cfd33a1c2e3b88e4903d947f3bb58eedd3?s=96&d=mm&r=g\",\"caption\":\"hegyizs\"},\"url\":\"https:\/\/www.welovecycling.com\/hu\/author\/hegyizs\/\"}]}<\/script>\n<!-- \/ Yoast SEO Premium plugin. -->","yoast_head_json":{"title":"7 tipp: \u00cdgy fejleszd t\u00f6k\u00e9lyre a saj\u00e1t bring\u00e1s p\u00e1ly\u00e1d","description":"Gondolkozol a k\u00f6rnyez\u0151 \u00f6sv\u00e9nyek jav\u00edt\u00e1s\u00e1n vagy egy saj\u00e1t \u00fatvonal megalkot\u00e1s\u00e1n?","robots":{"index":"index","follow":"follow","max-snippet":"max-snippet:-1","max-image-preview":"max-image-preview:large","max-video-preview":"max-video-preview:-1"},"canonical":"https:\/\/www.welovecycling.com\/hu\/trekking-mtb\/7-tipp-igy-fejleszd-tokelyre-a-sajat-bringas-palyad\/","og_locale":"hu_HU","og_type":"article","og_title":"7 tipp: \u00cdgy fejleszd t\u00f6k\u00e9lyre a saj\u00e1t bring\u00e1s p\u00e1ly\u00e1d","og_description":"Gondolkozol a k\u00f6rnyez\u0151 \u00f6sv\u00e9nyek jav\u00edt\u00e1s\u00e1n vagy egy saj\u00e1t \u00fatvonal megalkot\u00e1s\u00e1n?","og_url":"https:\/\/www.welovecycling.com\/hu\/trekking-mtb\/7-tipp-igy-fejleszd-tokelyre-a-sajat-bringas-palyad\/","og_site_name":"\u0160koda We Love Cycling - Magyarorsz\u00e1g","article_publisher":"https:\/\/www.facebook.com\/WeLoveCyclingHungary\/","article_published_time":"2021-01-28T07:00:06+00:00","og_image":[{"width":1366,"height":600,"url":"https:\/\/d2p6e6u75xmxt8.cloudfront.net\/12\/2021\/01\/Bike-park-profimedia-0541515097-CVR.jpg","type":"image\/jpeg"}],"author":"hegyizs","twitter_card":"summary_large_image","twitter_misc":{"Written by":"Adam Marsal","Est. reading time":"6"},"schema":{"@context":"https:\/\/schema.org","@graph":[{"@type":"WebPage","@id":"https:\/\/www.welovecycling.com\/hu\/trekking-mtb\/7-tipp-igy-fejleszd-tokelyre-a-sajat-bringas-palyad\/","url":"https:\/\/www.welovecycling.com\/hu\/trekking-mtb\/7-tipp-igy-fejleszd-tokelyre-a-sajat-bringas-palyad\/","name":"7 tipp: \u00cdgy fejleszd t\u00f6k\u00e9lyre a saj\u00e1t bring\u00e1s p\u00e1ly\u00e1d","isPartOf":{"@id":"https:\/\/www.welovecycling.com\/hu\/#website"},"primaryImageOfPage":{"@id":"https:\/\/www.welovecycling.com\/hu\/trekking-mtb\/7-tipp-igy-fejleszd-tokelyre-a-sajat-bringas-palyad\/#primaryimage"},"image":{"@id":"https:\/\/www.welovecycling.com\/hu\/trekking-mtb\/7-tipp-igy-fejleszd-tokelyre-a-sajat-bringas-palyad\/#primaryimage"},"thumbnailUrl":"https:\/\/d2p6e6u75xmxt8.cloudfront.net\/12\/2021\/01\/Bike-park-profimedia-0541515097-CVR.jpg","datePublished":"2021-01-28T07:00:06+00:00","author":{"@id":"https:\/\/www.welovecycling.com\/hu\/#\/schema\/person\/414a2aebf1801691a5320edb6468e194"},"description":"Gondolkozol a k\u00f6rnyez\u0151 \u00f6sv\u00e9nyek jav\u00edt\u00e1s\u00e1n vagy egy saj\u00e1t \u00fatvonal megalkot\u00e1s\u00e1n?","breadcrumb":{"@id":"https:\/\/www.welovecycling.com\/hu\/trekking-mtb\/7-tipp-igy-fejleszd-tokelyre-a-sajat-bringas-palyad\/#breadcrumb"},"inLanguage":"hu","potentialAction":[{"@type":"ReadAction","target":["https:\/\/www.welovecycling.com\/hu\/trekking-mtb\/7-tipp-igy-fejleszd-tokelyre-a-sajat-bringas-palyad\/"]}]},{"@type":"ImageObject","inLanguage":"hu","@id":"https:\/\/www.welovecycling.com\/hu\/trekking-mtb\/7-tipp-igy-fejleszd-tokelyre-a-sajat-bringas-palyad\/#primaryimage","url":"https:\/\/d2p6e6u75xmxt8.cloudfront.net\/12\/2021\/01\/Bike-park-profimedia-0541515097-CVR.jpg","contentUrl":"https:\/\/d2p6e6u75xmxt8.cloudfront.net\/12\/2021\/01\/Bike-park-profimedia-0541515097-CVR.jpg","width":1366,"height":600,"caption":"Bike park"},{"@type":"BreadcrumbList","@id":"https:\/\/www.welovecycling.com\/hu\/trekking-mtb\/7-tipp-igy-fejleszd-tokelyre-a-sajat-bringas-palyad\/#breadcrumb","itemListElement":[{"@type":"ListItem","position":1,"name":"Home","item":"https:\/\/www.welovecycling.com\/hu\/"},{"@type":"ListItem","position":2,"name":"7 tipp: \u00cdgy fejleszd t\u00f6k\u00e9lyre a saj\u00e1t bring\u00e1s p\u00e1ly\u00e1d"}]},{"@type":"WebSite","@id":"https:\/\/www.welovecycling.com\/hu\/#website","url":"https:\/\/www.welovecycling.com\/hu\/","name":"\u0160koda We Love Cycling - Magyarorsz\u00e1g","description":"\u0160koda WeLoveCycling","potentialAction":[{"@type":"SearchAction","target":{"@type":"EntryPoint","urlTemplate":"https:\/\/www.welovecycling.com\/hu\/?s={search_term_string}"},"query-input":{"@type":"PropertyValueSpecification","valueRequired":true,"valueName":"search_term_string"}}],"inLanguage":"hu"},{"@type":"Person","@id":"https:\/\/www.welovecycling.com\/hu\/#\/schema\/person\/414a2aebf1801691a5320edb6468e194","name":"hegyizs","image":{"@type":"ImageObject","inLanguage":"hu","@id":"https:\/\/www.welovecycling.com\/hu\/#\/schema\/person\/image\/","url":"https:\/\/secure.gravatar.com\/avatar\/02cf8a7906b8cf90cecb4679defac7cfd33a1c2e3b88e4903d947f3bb58eedd3?s=96&d=mm&r=g","contentUrl":"https:\/\/secure.gravatar.com\/avatar\/02cf8a7906b8cf90cecb4679defac7cfd33a1c2e3b88e4903d947f3bb58eedd3?s=96&d=mm&r=g","caption":"hegyizs"},"url":"https:\/\/www.welovecycling.com\/hu\/author\/hegyizs\/"}]}},"_links":{"self":[{"href":"https:\/\/www.welovecycling.com\/hu\/wp-json\/wp\/v2\/posts\/9977","targetHints":{"allow":["GET"]}}],"collection":[{"href":"https:\/\/www.welovecycling.com\/hu\/wp-json\/wp\/v2\/posts"}],"about":[{"href":"https:\/\/www.welovecycling.com\/hu\/wp-json\/wp\/v2\/types\/post"}],"author":[{"embeddable":true,"href":"https:\/\/www.welovecycling.com\/hu\/wp-json\/wp\/v2\/users\/71"}],"replies":[{"embeddable":true,"href":"https:\/\/www.welovecycling.com\/hu\/wp-json\/wp\/v2\/comments?post=9977"}],"version-history":[{"count":2,"href":"https:\/\/www.welovecycling.com\/hu\/wp-json\/wp\/v2\/posts\/9977\/revisions"}],"predecessor-version":[{"id":10009,"href":"https:\/\/www.welovecycling.com\/hu\/wp-json\/wp\/v2\/posts\/9977\/revisions\/10009"}],"wp:featuredmedia":[{"embeddable":true,"href":"https:\/\/www.welovecycling.com\/hu\/wp-json\/wp\/v2\/media\/9982"}],"wp:attachment":[{"href":"https:\/\/www.welovecycling.com\/hu\/wp-json\/wp\/v2\/media?parent=9977"}],"wp:term":[{"taxonomy":"category","embeddable":true,"href":"https:\/\/www.welovecycling.com\/hu\/wp-json\/wp\/v2\/categories?post=9977"},{"taxonomy":"post_tag","embeddable":true,"href":"https:\/\/www.welovecycling.com\/hu\/wp-json\/wp\/v2\/tags?post=9977"},{"taxonomy":"global-categories","embeddable":true,"href":"https:\/\/www.welovecycling.com\/hu\/wp-json\/wp\/v2\/global-categories?post=9977"}],"curies":[{"name":"wp","href":"https:\/\/api.w.org\/{rel}","templated":true}]}}