{"id":9973,"date":"2021-01-24T08:00:49","date_gmt":"2021-01-24T07:00:49","guid":{"rendered":"https:\/\/www.welovecycling.com\/hu\/?p=9973"},"modified":"2021-01-15T17:10:54","modified_gmt":"2021-01-15T16:10:54","slug":"peter-sagan-mindenhol-indul-ahol-csak-indulni-lehet","status":"publish","type":"post","link":"https:\/\/www.welovecycling.com\/hu\/orszaguti-kerekpar\/peter-sagan-mindenhol-indul-ahol-csak-indulni-lehet\/","title":{"rendered":"Peter Sagan mindenhol indul, ahol csak indulni lehet"},"content":{"rendered":"<p><strong>A szlov\u00e1k kar\u00e9kp\u00e1ros k\u00f6zz\u00e9tette 2021-es terveit: a Grand Tour-ok mellett a klasszikusokon \u00e9s a toki\u00f3i Olimpi\u00e1n is indul.<\/strong><!--more--><\/p>\n<p>A h\u00e1romszoros vil\u00e1gbajnok 12. szezonja igen s\u0171r\u0171 lesz: m\u00e1jusban visszat\u00e9r a Giro d&#8217;Italia-ra &#8211; 2019-ben deb\u00fct\u00e1lt az olasz versenyen &#8211; miel\u0151tt a Tour de France-re indulna, ahol rem\u00e9nyei szerint visszaszerzi a z\u00f6ld trik\u00f3t.<\/p>\n<p>Ebben a szezonban nem kell d\u00f6ntenie a klasszikusok \u00e9s a Giro d\u2019Italia k\u00f6z\u00f6tt, ahogy el\u0151z\u0151 \u00e9vben tette a koronav\u00edrus miatt. \u00cdgy m\u00e1sodszor is indulhat a Tour de Flanders-en \u00e9s a P\u00e1rizs-Roubaix verseny is, \u00e9s n\u00f6velheti gy\u0151zelmei sz\u00e1m\u00e1t a tavalyi \u00e9vhez k\u00e9pest, amikor egyed\u00fcl az olasz nagyversenyr\u0151l t\u00e1vozhatott nyertesk\u00e9nt.<\/p>\n<figure id=\"attachment_9975\" aria-describedby=\"caption-attachment-9975\" style=\"width: 1024px\" class=\"wp-caption aligncenter\"><img loading=\"lazy\" decoding=\"async\" class=\"size-large wp-image-9975\" src=\"https:\/\/d2p6e6u75xmxt8.cloudfront.net\/12\/2021\/01\/2914209-59878188-2560-1440-1024x576.jpg\" alt=\"\" width=\"1024\" height=\"576\" srcset=\"https:\/\/d2p6e6u75xmxt8.cloudfront.net\/12\/2021\/01\/2914209-59878188-2560-1440-1024x576.jpg 1024w, https:\/\/d2p6e6u75xmxt8.cloudfront.net\/12\/2021\/01\/2914209-59878188-2560-1440-300x169.jpg 300w, https:\/\/d2p6e6u75xmxt8.cloudfront.net\/12\/2021\/01\/2914209-59878188-2560-1440-768x432.jpg 768w, https:\/\/d2p6e6u75xmxt8.cloudfront.net\/12\/2021\/01\/2914209-59878188-2560-1440-1536x864.jpg 1536w, https:\/\/d2p6e6u75xmxt8.cloudfront.net\/12\/2021\/01\/2914209-59878188-2560-1440-2048x1152.jpg 2048w, https:\/\/d2p6e6u75xmxt8.cloudfront.net\/12\/2021\/01\/2914209-59878188-2560-1440-1920x1080.jpg 1920w, https:\/\/d2p6e6u75xmxt8.cloudfront.net\/12\/2021\/01\/2914209-59878188-2560-1440-1920x1080.jpg 1920w\" sizes=\"auto, (max-width: 1024px) 100vw, 1024px\" \/><figcaption id=\"caption-attachment-9975\" class=\"wp-caption-text\">Fot\u00f3: Luca Bettini \/ AFP<\/figcaption><\/figure>\n<p><em>&#8220;Komoly v\u00e1ltoz\u00e1sok voltak a hagyom\u00e1nyos programhoz k\u00e9pest 2020-ban&#8221;<\/em> &#8211; mondta J\u00e1n Valach, a Bora-Hansgrohe sportigazgat\u00f3ja a Pravda szlov\u00e1k lapnak. <em>\u201eDe azt hiszem, Sagan j\u00f3l teljes\u00edtett. A Tour-on mindennap harcolt a z\u00f6ld trik\u00f3\u00e9rt, majd folytatta a k\u00fczdelmet a Giro-n is.\u201d<\/em><\/p>\n<p>Valach szerint az, hogy Sagan nem tudta megszerezni a Tour z\u00f6ld trik\u00f3j\u00e1t, a felk\u00e9sz\u00fcl\u00e9si id\u0151 hi\u00e1nya miatt t\u00f6rt\u00e9nt. A szezon a nizzai rajt el\u0151tt mind\u00f6ssze egy h\u00f3nappal indult \u00fajra.<\/p>\n<p><em>\u201eA kor\u00e1bbi \u00e9vekben m\u00e1s volt a menetrend, az \u00faj helyzet miatt kevesebb ideje volt felk\u00e9sz\u00fclni\u201d<\/em> \u2013 nyilatkozta Valach. A szakember szerint Sagan fejl\u0151d\u00e9s\u00e9t a klasszikus versenyeken l\u00e1thatjuk majd legink\u00e1bb, \u00e9s a kora \u2013 k\u00e9t nap m\u00falva lesz 31 \u00e9ves \u2013 csak seg\u00edteni fogja \u0151t ebben.<\/p>\n<p><em>\u201eTerm\u00e9szetesen az is fontos, hogy meg\u0151rizze ment\u00e1lis energi\u00e1j\u00e1t, \u00e9s \u00e9lvezze a versenyz\u00e9st. Sagan egy harcos, \u00e9s m\u00e9g mindig k\u00e9pes meglepet\u00e9seket okozni, k\u00fcl\u00f6n\u00f6sen a klasszikusokon \u00e9s a sprintekben.\u201d<\/em><\/p>\n<p><em>Forr\u00e1s: <\/em><a href=\"https:\/\/www.cyclingweekly.com\/news\/racing\/peter-sagan-to-ride-two-grand-tours-the-classics-and-olympics-in-2021-487734\"><em>cyclingweekly.com<\/em><\/a><\/p>\n<p><em>Bor\u00edt\u00f3k\u00e9p:<\/em> <em>Stuart Franklin\/Getty Images<\/em><\/p>\n","protected":false},"excerpt":{"rendered":"<p>A szlov\u00e1k kar\u00e9kp\u00e1ros k\u00f6zz\u00e9tette 2021-es terveit: a Grand Tour-ok mellett a klasszikusokon \u00e9s a toki\u00f3i Olimpi\u00e1n is indul.<\/p>\n","protected":false},"author":71,"featured_media":9974,"comment_status":"closed","ping_status":"closed","sticky":false,"template":"","format":"standard","meta":{"footnotes":""},"categories":[8],"tags":[],"global-categories":[],"class_list":["post-9973","post","type-post","status-publish","format-standard","has-post-thumbnail","hentry","category-orszaguti-kerekpar"],"yoast_head":"<!-- This site is optimized with the Yoast SEO Premium plugin v25.3 (Yoast SEO v25.9) - https:\/\/yoast.com\/wordpress\/plugins\/seo\/ -->\n<title>Peter Sagan mindenhol indul, ahol csak indulni lehet - \u0160koda We Love Cycling - Magyarorsz\u00e1g<\/title>\n<meta name=\"description\" content=\"A szlov\u00e1k kar\u00e9kp\u00e1ros k\u00f6zz\u00e9tette 2021-es terveit: a Grand Tour-ok mellett a klasszikusokon \u00e9s a toki\u00f3i Olimpi\u00e1n is indul.\" \/>\n<meta name=\"robots\" content=\"index, follow, max-snippet:-1, max-image-preview:large, max-video-preview:-1\" \/>\n<link rel=\"canonical\" href=\"https:\/\/www.welovecycling.com\/hu\/orszaguti-kerekpar\/peter-sagan-mindenhol-indul-ahol-csak-indulni-lehet\/\" \/>\n<meta property=\"og:locale\" content=\"hu_HU\" \/>\n<meta property=\"og:type\" content=\"article\" \/>\n<meta property=\"og:title\" content=\"Peter Sagan mindenhol indul, ahol csak indulni lehet\" \/>\n<meta property=\"og:description\" content=\"A szlov\u00e1k kar\u00e9kp\u00e1ros k\u00f6zz\u00e9tette 2021-es terveit: a Grand Tour-ok mellett a klasszikusokon \u00e9s a toki\u00f3i Olimpi\u00e1n is indul.\" \/>\n<meta property=\"og:url\" content=\"https:\/\/www.welovecycling.com\/hu\/orszaguti-kerekpar\/peter-sagan-mindenhol-indul-ahol-csak-indulni-lehet\/\" \/>\n<meta property=\"og:site_name\" content=\"\u0160koda We Love Cycling - Magyarorsz\u00e1g\" \/>\n<meta property=\"article:publisher\" content=\"https:\/\/www.facebook.com\/WeLoveCyclingHungary\/\" \/>\n<meta property=\"article:published_time\" content=\"2021-01-24T07:00:49+00:00\" \/>\n<meta property=\"og:image\" content=\"https:\/\/d2p6e6u75xmxt8.cloudfront.net\/12\/2021\/01\/GettyImages-1281472276-920x613-1.jpg\" \/>\n\t<meta property=\"og:image:width\" content=\"920\" \/>\n\t<meta property=\"og:image:height\" content=\"613\" \/>\n\t<meta property=\"og:image:type\" content=\"image\/jpeg\" \/>\n<meta name=\"author\" content=\"hegyizs\" \/>\n<meta name=\"twitter:card\" content=\"summary_large_image\" \/>\n<meta name=\"twitter:label1\" content=\"Written by\" \/>\n\t<meta name=\"twitter:data1\" content=\"WLC\" \/>\n\t<meta name=\"twitter:label2\" content=\"Est. reading time\" \/>\n\t<meta name=\"twitter:data2\" content=\"2 minutes\" \/>\n<script type=\"application\/ld+json\" class=\"yoast-schema-graph\">{\"@context\":\"https:\/\/schema.org\",\"@graph\":[{\"@type\":\"WebPage\",\"@id\":\"https:\/\/www.welovecycling.com\/hu\/orszaguti-kerekpar\/peter-sagan-mindenhol-indul-ahol-csak-indulni-lehet\/\",\"url\":\"https:\/\/www.welovecycling.com\/hu\/orszaguti-kerekpar\/peter-sagan-mindenhol-indul-ahol-csak-indulni-lehet\/\",\"name\":\"Peter Sagan mindenhol indul, ahol csak indulni lehet - \u0160koda We Love Cycling - Magyarorsz\u00e1g\",\"isPartOf\":{\"@id\":\"https:\/\/www.welovecycling.com\/hu\/#website\"},\"primaryImageOfPage\":{\"@id\":\"https:\/\/www.welovecycling.com\/hu\/orszaguti-kerekpar\/peter-sagan-mindenhol-indul-ahol-csak-indulni-lehet\/#primaryimage\"},\"image\":{\"@id\":\"https:\/\/www.welovecycling.com\/hu\/orszaguti-kerekpar\/peter-sagan-mindenhol-indul-ahol-csak-indulni-lehet\/#primaryimage\"},\"thumbnailUrl\":\"https:\/\/d2p6e6u75xmxt8.cloudfront.net\/12\/2021\/01\/GettyImages-1281472276-920x613-1.jpg\",\"datePublished\":\"2021-01-24T07:00:49+00:00\",\"author\":{\"@id\":\"https:\/\/www.welovecycling.com\/hu\/#\/schema\/person\/414a2aebf1801691a5320edb6468e194\"},\"description\":\"A szlov\u00e1k kar\u00e9kp\u00e1ros k\u00f6zz\u00e9tette 2021-es terveit: a Grand Tour-ok mellett a klasszikusokon \u00e9s a toki\u00f3i Olimpi\u00e1n is indul.\",\"breadcrumb\":{\"@id\":\"https:\/\/www.welovecycling.com\/hu\/orszaguti-kerekpar\/peter-sagan-mindenhol-indul-ahol-csak-indulni-lehet\/#breadcrumb\"},\"inLanguage\":\"hu\",\"potentialAction\":[{\"@type\":\"ReadAction\",\"target\":[\"https:\/\/www.welovecycling.com\/hu\/orszaguti-kerekpar\/peter-sagan-mindenhol-indul-ahol-csak-indulni-lehet\/\"]}]},{\"@type\":\"ImageObject\",\"inLanguage\":\"hu\",\"@id\":\"https:\/\/www.welovecycling.com\/hu\/orszaguti-kerekpar\/peter-sagan-mindenhol-indul-ahol-csak-indulni-lehet\/#primaryimage\",\"url\":\"https:\/\/d2p6e6u75xmxt8.cloudfront.net\/12\/2021\/01\/GettyImages-1281472276-920x613-1.jpg\",\"contentUrl\":\"https:\/\/d2p6e6u75xmxt8.cloudfront.net\/12\/2021\/01\/GettyImages-1281472276-920x613-1.jpg\",\"width\":920,\"height\":613},{\"@type\":\"BreadcrumbList\",\"@id\":\"https:\/\/www.welovecycling.com\/hu\/orszaguti-kerekpar\/peter-sagan-mindenhol-indul-ahol-csak-indulni-lehet\/#breadcrumb\",\"itemListElement\":[{\"@type\":\"ListItem\",\"position\":1,\"name\":\"Home\",\"item\":\"https:\/\/www.welovecycling.com\/hu\/\"},{\"@type\":\"ListItem\",\"position\":2,\"name\":\"Peter Sagan mindenhol indul, ahol csak indulni lehet\"}]},{\"@type\":\"WebSite\",\"@id\":\"https:\/\/www.welovecycling.com\/hu\/#website\",\"url\":\"https:\/\/www.welovecycling.com\/hu\/\",\"name\":\"\u0160koda We Love Cycling - Magyarorsz\u00e1g\",\"description\":\"\u0160koda WeLoveCycling\",\"potentialAction\":[{\"@type\":\"SearchAction\",\"target\":{\"@type\":\"EntryPoint\",\"urlTemplate\":\"https:\/\/www.welovecycling.com\/hu\/?s={search_term_string}\"},\"query-input\":{\"@type\":\"PropertyValueSpecification\",\"valueRequired\":true,\"valueName\":\"search_term_string\"}}],\"inLanguage\":\"hu\"},{\"@type\":\"Person\",\"@id\":\"https:\/\/www.welovecycling.com\/hu\/#\/schema\/person\/414a2aebf1801691a5320edb6468e194\",\"name\":\"hegyizs\",\"image\":{\"@type\":\"ImageObject\",\"inLanguage\":\"hu\",\"@id\":\"https:\/\/www.welovecycling.com\/hu\/#\/schema\/person\/image\/\",\"url\":\"https:\/\/secure.gravatar.com\/avatar\/02cf8a7906b8cf90cecb4679defac7cfd33a1c2e3b88e4903d947f3bb58eedd3?s=96&d=mm&r=g\",\"contentUrl\":\"https:\/\/secure.gravatar.com\/avatar\/02cf8a7906b8cf90cecb4679defac7cfd33a1c2e3b88e4903d947f3bb58eedd3?s=96&d=mm&r=g\",\"caption\":\"hegyizs\"},\"url\":\"https:\/\/www.welovecycling.com\/hu\/author\/hegyizs\/\"}]}<\/script>\n<!-- \/ Yoast SEO Premium plugin. -->","yoast_head_json":{"title":"Peter Sagan mindenhol indul, ahol csak indulni lehet - \u0160koda We Love Cycling - Magyarorsz\u00e1g","description":"A szlov\u00e1k kar\u00e9kp\u00e1ros k\u00f6zz\u00e9tette 2021-es terveit: a Grand Tour-ok mellett a klasszikusokon \u00e9s a toki\u00f3i Olimpi\u00e1n is indul.","robots":{"index":"index","follow":"follow","max-snippet":"max-snippet:-1","max-image-preview":"max-image-preview:large","max-video-preview":"max-video-preview:-1"},"canonical":"https:\/\/www.welovecycling.com\/hu\/orszaguti-kerekpar\/peter-sagan-mindenhol-indul-ahol-csak-indulni-lehet\/","og_locale":"hu_HU","og_type":"article","og_title":"Peter Sagan mindenhol indul, ahol csak indulni lehet","og_description":"A szlov\u00e1k kar\u00e9kp\u00e1ros k\u00f6zz\u00e9tette 2021-es terveit: a Grand Tour-ok mellett a klasszikusokon \u00e9s a toki\u00f3i Olimpi\u00e1n is indul.","og_url":"https:\/\/www.welovecycling.com\/hu\/orszaguti-kerekpar\/peter-sagan-mindenhol-indul-ahol-csak-indulni-lehet\/","og_site_name":"\u0160koda We Love Cycling - Magyarorsz\u00e1g","article_publisher":"https:\/\/www.facebook.com\/WeLoveCyclingHungary\/","article_published_time":"2021-01-24T07:00:49+00:00","og_image":[{"width":920,"height":613,"url":"https:\/\/d2p6e6u75xmxt8.cloudfront.net\/12\/2021\/01\/GettyImages-1281472276-920x613-1.jpg","type":"image\/jpeg"}],"author":"hegyizs","twitter_card":"summary_large_image","twitter_misc":{"Written by":"WLC","Est. reading time":"2 minutes"},"schema":{"@context":"https:\/\/schema.org","@graph":[{"@type":"WebPage","@id":"https:\/\/www.welovecycling.com\/hu\/orszaguti-kerekpar\/peter-sagan-mindenhol-indul-ahol-csak-indulni-lehet\/","url":"https:\/\/www.welovecycling.com\/hu\/orszaguti-kerekpar\/peter-sagan-mindenhol-indul-ahol-csak-indulni-lehet\/","name":"Peter Sagan mindenhol indul, ahol csak indulni lehet - \u0160koda We Love Cycling - Magyarorsz\u00e1g","isPartOf":{"@id":"https:\/\/www.welovecycling.com\/hu\/#website"},"primaryImageOfPage":{"@id":"https:\/\/www.welovecycling.com\/hu\/orszaguti-kerekpar\/peter-sagan-mindenhol-indul-ahol-csak-indulni-lehet\/#primaryimage"},"image":{"@id":"https:\/\/www.welovecycling.com\/hu\/orszaguti-kerekpar\/peter-sagan-mindenhol-indul-ahol-csak-indulni-lehet\/#primaryimage"},"thumbnailUrl":"https:\/\/d2p6e6u75xmxt8.cloudfront.net\/12\/2021\/01\/GettyImages-1281472276-920x613-1.jpg","datePublished":"2021-01-24T07:00:49+00:00","author":{"@id":"https:\/\/www.welovecycling.com\/hu\/#\/schema\/person\/414a2aebf1801691a5320edb6468e194"},"description":"A szlov\u00e1k kar\u00e9kp\u00e1ros k\u00f6zz\u00e9tette 2021-es terveit: a Grand Tour-ok mellett a klasszikusokon \u00e9s a toki\u00f3i Olimpi\u00e1n is indul.","breadcrumb":{"@id":"https:\/\/www.welovecycling.com\/hu\/orszaguti-kerekpar\/peter-sagan-mindenhol-indul-ahol-csak-indulni-lehet\/#breadcrumb"},"inLanguage":"hu","potentialAction":[{"@type":"ReadAction","target":["https:\/\/www.welovecycling.com\/hu\/orszaguti-kerekpar\/peter-sagan-mindenhol-indul-ahol-csak-indulni-lehet\/"]}]},{"@type":"ImageObject","inLanguage":"hu","@id":"https:\/\/www.welovecycling.com\/hu\/orszaguti-kerekpar\/peter-sagan-mindenhol-indul-ahol-csak-indulni-lehet\/#primaryimage","url":"https:\/\/d2p6e6u75xmxt8.cloudfront.net\/12\/2021\/01\/GettyImages-1281472276-920x613-1.jpg","contentUrl":"https:\/\/d2p6e6u75xmxt8.cloudfront.net\/12\/2021\/01\/GettyImages-1281472276-920x613-1.jpg","width":920,"height":613},{"@type":"BreadcrumbList","@id":"https:\/\/www.welovecycling.com\/hu\/orszaguti-kerekpar\/peter-sagan-mindenhol-indul-ahol-csak-indulni-lehet\/#breadcrumb","itemListElement":[{"@type":"ListItem","position":1,"name":"Home","item":"https:\/\/www.welovecycling.com\/hu\/"},{"@type":"ListItem","position":2,"name":"Peter Sagan mindenhol indul, ahol csak indulni lehet"}]},{"@type":"WebSite","@id":"https:\/\/www.welovecycling.com\/hu\/#website","url":"https:\/\/www.welovecycling.com\/hu\/","name":"\u0160koda We Love Cycling - Magyarorsz\u00e1g","description":"\u0160koda WeLoveCycling","potentialAction":[{"@type":"SearchAction","target":{"@type":"EntryPoint","urlTemplate":"https:\/\/www.welovecycling.com\/hu\/?s={search_term_string}"},"query-input":{"@type":"PropertyValueSpecification","valueRequired":true,"valueName":"search_term_string"}}],"inLanguage":"hu"},{"@type":"Person","@id":"https:\/\/www.welovecycling.com\/hu\/#\/schema\/person\/414a2aebf1801691a5320edb6468e194","name":"hegyizs","image":{"@type":"ImageObject","inLanguage":"hu","@id":"https:\/\/www.welovecycling.com\/hu\/#\/schema\/person\/image\/","url":"https:\/\/secure.gravatar.com\/avatar\/02cf8a7906b8cf90cecb4679defac7cfd33a1c2e3b88e4903d947f3bb58eedd3?s=96&d=mm&r=g","contentUrl":"https:\/\/secure.gravatar.com\/avatar\/02cf8a7906b8cf90cecb4679defac7cfd33a1c2e3b88e4903d947f3bb58eedd3?s=96&d=mm&r=g","caption":"hegyizs"},"url":"https:\/\/www.welovecycling.com\/hu\/author\/hegyizs\/"}]}},"_links":{"self":[{"href":"https:\/\/www.welovecycling.com\/hu\/wp-json\/wp\/v2\/posts\/9973","targetHints":{"allow":["GET"]}}],"collection":[{"href":"https:\/\/www.welovecycling.com\/hu\/wp-json\/wp\/v2\/posts"}],"about":[{"href":"https:\/\/www.welovecycling.com\/hu\/wp-json\/wp\/v2\/types\/post"}],"author":[{"embeddable":true,"href":"https:\/\/www.welovecycling.com\/hu\/wp-json\/wp\/v2\/users\/71"}],"replies":[{"embeddable":true,"href":"https:\/\/www.welovecycling.com\/hu\/wp-json\/wp\/v2\/comments?post=9973"}],"version-history":[{"count":1,"href":"https:\/\/www.welovecycling.com\/hu\/wp-json\/wp\/v2\/posts\/9973\/revisions"}],"predecessor-version":[{"id":9976,"href":"https:\/\/www.welovecycling.com\/hu\/wp-json\/wp\/v2\/posts\/9973\/revisions\/9976"}],"wp:featuredmedia":[{"embeddable":true,"href":"https:\/\/www.welovecycling.com\/hu\/wp-json\/wp\/v2\/media\/9974"}],"wp:attachment":[{"href":"https:\/\/www.welovecycling.com\/hu\/wp-json\/wp\/v2\/media?parent=9973"}],"wp:term":[{"taxonomy":"category","embeddable":true,"href":"https:\/\/www.welovecycling.com\/hu\/wp-json\/wp\/v2\/categories?post=9973"},{"taxonomy":"post_tag","embeddable":true,"href":"https:\/\/www.welovecycling.com\/hu\/wp-json\/wp\/v2\/tags?post=9973"},{"taxonomy":"global-categories","embeddable":true,"href":"https:\/\/www.welovecycling.com\/hu\/wp-json\/wp\/v2\/global-categories?post=9973"}],"curies":[{"name":"wp","href":"https:\/\/api.w.org\/{rel}","templated":true}]}}