{"id":9967,"date":"2021-01-23T08:00:42","date_gmt":"2021-01-23T07:00:42","guid":{"rendered":"https:\/\/www.welovecycling.com\/hu\/?p=9967"},"modified":"2021-01-15T17:10:17","modified_gmt":"2021-01-15T16:10:17","slug":"a-fahej-jo-akkor-megart-belole-a-sok","status":"publish","type":"post","link":"https:\/\/www.welovecycling.com\/hu\/edzes-es-eletmod\/a-fahej-jo-akkor-megart-belole-a-sok\/","title":{"rendered":"A fah\u00e9j j\u00f3. Akkor meg\u00e1rt bel\u0151le a sok?"},"content":{"rendered":"<p><strong>Ha eddig nem szerepelt az \u00e9trendedben ez a f\u0171szer, gyorsan add hozz\u00e1! Persze, nem kan\u00e1llal kell enni, ahogy p\u00e1r \u00e9ve sokan tett\u00e9k a <em>\u201efah\u00e9j kih\u00edv\u00e1s\u201d <\/em>sor\u00e1n, de ha t\u00e9nyleg f\u0171szerk\u00e9nt haszn\u00e1lod, rengeteg pozit\u00edv hat\u00e1s\u00e1t \u00e9lvezheted. \u00c9s nem is fulladsz meg t\u0151le!<\/strong><!--more--><\/p>\n<p>T\u00e9len k\u00fcl\u00f6n\u00f6sen szeretj\u00fck, hiszen er\u0151s illata melegs\u00e9ggel t\u00f6lt el minket, \u00edze pedig a gyerekkori m\u00e9zeskal\u00e1csos kar\u00e1csonyokra \u00e9s a feln\u0151ttkori forraltboroz\u00f3s est\u00e9kre eml\u00e9keztet.<\/p>\n<p><em>&#8220;A fah\u00e9j egy arom\u00e1s f\u0171szer, amely a k\u00e1mforfa sz\u00e1r\u00edtott k\u00e9rg\u00e9b\u0151l sz\u00e1rmazik&#8221;<\/em> \u2013 magyar\u00e1zta Robin Foroutan, a T\u00e1pl\u00e1lkoz\u00e1si \u00e9s Dietetikai Akad\u00e9mia sz\u00f3viv\u0151je. <em>&#8220;A fah\u00e9jnak k\u00e9t f\u0151 t\u00edpusa van: a ceylon fah\u00e9j, m\u00e1s n\u00e9ven igazi fah\u00e9j \u00e9s a cassia fah\u00e9j, ami olcs\u00f3bb \u00e9s \u00e1ltal\u00e1ban feldolgozott \u00e9lelmiszerekben haszn\u00e1lj\u00e1k.&#8221;<\/em><\/p>\n<figure id=\"attachment_9969\" aria-describedby=\"caption-attachment-9969\" style=\"width: 1024px\" class=\"wp-caption aligncenter\"><img loading=\"lazy\" decoding=\"async\" class=\"size-large wp-image-9969\" src=\"https:\/\/d2p6e6u75xmxt8.cloudfront.net\/12\/2021\/01\/fahejak-es-fahejvirag-indoneziabol-es-ceylonbol-is-415-2-1024x648.jpg\" alt=\"\" width=\"1024\" height=\"648\" srcset=\"https:\/\/d2p6e6u75xmxt8.cloudfront.net\/12\/2021\/01\/fahejak-es-fahejvirag-indoneziabol-es-ceylonbol-is-415-2-1024x648.jpg 1024w, https:\/\/d2p6e6u75xmxt8.cloudfront.net\/12\/2021\/01\/fahejak-es-fahejvirag-indoneziabol-es-ceylonbol-is-415-2-300x190.jpg 300w, https:\/\/d2p6e6u75xmxt8.cloudfront.net\/12\/2021\/01\/fahejak-es-fahejvirag-indoneziabol-es-ceylonbol-is-415-2-768x486.jpg 768w, https:\/\/d2p6e6u75xmxt8.cloudfront.net\/12\/2021\/01\/fahejak-es-fahejvirag-indoneziabol-es-ceylonbol-is-415-2.jpg 1280w\" sizes=\"auto, (max-width: 1024px) 100vw, 1024px\" \/><figcaption id=\"caption-attachment-9969\" class=\"wp-caption-text\">A k\u00fcl\u00f6nbs\u00e9g a ceyloni \u00e9s cassia fah\u00e9j k\u00f6z\u00f6tt szemmel l\u00e1that\u00f3. Fot\u00f3: alpaka.hu<\/figcaption><\/figure>\n<p>Nem csak finom, de olyan hat\u00e1ssal van az eg\u00e9szs\u00e9gedre, amit ki sem n\u00e9zn\u00e9l ezekb\u0151l a kis fadarabk\u00e1kb\u00f3l! Ker\u00e9kp\u00e1rosk\u00e9nt pedig remek\u00fcl ki tudod ezt haszn\u00e1lni.<\/p>\n<h2><strong>A fah\u00e9j 5 el\u0151nye bring\u00e1sok sz\u00e1m\u00e1ra<\/strong><\/h2>\n<h3><strong>1. Hozz\u00e1j\u00e1rul a v\u00e9rcukorszint egyens\u00faly\u00e1hoz<\/strong><\/h3>\n<p>A fah\u00e9jban tal\u00e1lhat\u00f3 polifenol antioxid\u00e1nsok \u00fagy hatnak, mint az inzulin, ami azt jelenti, hogy el\u0151 seg\u00edtik a gl\u00fck\u00f3z \u00e1raml\u00e1s\u00e1t a v\u00e9rb\u0151l a sejtekbe. Ez az\u00e9rt fontos a ker\u00e9kp\u00e1rosok sz\u00e1m\u00e1ra, mert min\u00e9l gyorsabban jut be a cukor az izmokba, ann\u00e1l gyorsabban el\u00e9gethet\u0151 \u00fczemanyagk\u00e9nt.<\/p>\n<h3><strong>2. Cs\u00f6kkenti a koleszterinszintet<\/strong><\/h3>\n<p>Igazolja, hogy a fah\u00e9j szerepet j\u00e1tszhat a koleszterinszint\u00fcnk cs\u00f6kkent\u00e9s\u00e9ben, hogy azoknak az egereknek, akik fah\u00e9jkivonatot tartalmaz\u00f3 \u00e9teleket fogyasztottak, l\u00e9nyegesen magasabb volt a HDL (j\u00f3) koleszterinszintj\u00fck. Ez pedig hozz\u00e1j\u00e1rulhat a teljes \u00e9s az LDL (rossz) koleszterinszint cs\u00f6kkent\u00e9s\u00e9hez is \u2013 magyar\u00e1zta Ginger Hultin, a ChampagneNutrition tulajdonosa.<\/p>\n<p><em>\u201eEz k\u00fcl\u00f6n\u00f6sen fontos azoknak, akiknek magas a koleszterinszintj\u00fck, vagy cukorbetegek\u201d<\/em> \u2013 tette hozz\u00e1 Hultin.<\/p>\n<figure id=\"attachment_9970\" aria-describedby=\"caption-attachment-9970\" style=\"width: 960px\" class=\"wp-caption aligncenter\"><img loading=\"lazy\" decoding=\"async\" class=\"size-full wp-image-9970\" src=\"https:\/\/d2p6e6u75xmxt8.cloudfront.net\/12\/2021\/01\/cinnamon-3809537_960_720.jpg\" alt=\"\" width=\"960\" height=\"570\" srcset=\"https:\/\/d2p6e6u75xmxt8.cloudfront.net\/12\/2021\/01\/cinnamon-3809537_960_720.jpg 960w, https:\/\/d2p6e6u75xmxt8.cloudfront.net\/12\/2021\/01\/cinnamon-3809537_960_720-300x178.jpg 300w, https:\/\/d2p6e6u75xmxt8.cloudfront.net\/12\/2021\/01\/cinnamon-3809537_960_720-768x456.jpg 768w\" sizes=\"auto, (max-width: 960px) 100vw, 960px\" \/><figcaption id=\"caption-attachment-9970\" class=\"wp-caption-text\">Fot\u00f3: pixabay.com<\/figcaption><\/figure>\n<p>Egy m\u00e1sik k\u00eds\u00e9rlet is al\u00e1t\u00e1masztotta ezt az elm\u00e9letet. A r\u00e9sztvev\u0151k napi 1, 3 vagy 6 gramm fah\u00e9jat fogyasztottak 40 napon \u00e1t, illetve voltak, akik placebot kaptak a f\u0171szer helyett. Akik val\u00f3ban fah\u00e9jat vittek be, a kutat\u00e1s v\u00e9g\u00e9re alacsonyabb LDL koleszterinnel rendelkeztek, m\u00edg a placebot fogyaszt\u00f3kn\u00e1l nem v\u00e1ltozott a koleszterinszint.<\/p>\n<h3><strong>3. Seg\u00edti az erek m\u0171k\u00f6d\u00e9s\u00e9t<\/strong><\/h3>\n<p>\u00c1llatokkal folytatott kutat\u00e1sok kimutatt\u00e1k, hogy a fah\u00e9j \u00e9rt\u00e1g\u00edt\u00f3 hat\u00e1s\u00fa, \u00edgy jav\u00edtja a v\u00e9r\u00e1raml\u00e1st. <em>\u201eEgyike azoknak a term\u00e9szetes \u00e9teleknek, melyek fitot\u00e1panyagokat tartalmaznak, \u00edgy seg\u00edtik az erek t\u00e1gul\u00e1s\u00e1t\u201d<\/em> \u2013 mondta Foroutan.<\/p>\n<h3><strong>4. Cs\u00f6kkenti a gyullad\u00e1st<\/strong><\/h3>\n<p>A fah\u00e9jas te\u00e1t fogyaszt\u00f3k magasabb antioxid\u00e1ns-szinttel rendelkeznek, mint azok, akik fah\u00e9j n\u00e9lk\u00fcl issz\u00e1k az italt. Ez val\u00f3sz\u00edn\u0171leg az\u00e9rt van, mert a fah\u00e9jban tal\u00e1lhat\u00f3 antioxid\u00e1ns flavonoidok \u00e9s az ill\u00f3olajok, mint p\u00e9ld\u00e1ul a fah\u00e9jaldehid, a szabad gy\u00f6k\u00f6k elt\u00e1vol\u00edt\u00f3jak\u00e9nt megv\u00e9dik a sejteket a k\u00e1rosod\u00e1st\u00f3l, \u00edgy szerepet j\u00e1tszhatnak a gyullad\u00e1s cs\u00f6kkent\u00e9s\u00e9ben. Seg\u00edt teh\u00e1t egy kiad\u00f3s edz\u00e9s ut\u00e1n regener\u00e1l\u00f3dni!<\/p>\n<figure id=\"attachment_9971\" aria-describedby=\"caption-attachment-9971\" style=\"width: 1024px\" class=\"wp-caption aligncenter\"><img loading=\"lazy\" decoding=\"async\" class=\"size-large wp-image-9971\" src=\"https:\/\/d2p6e6u75xmxt8.cloudfront.net\/12\/2021\/01\/pexels-photo-1717767-1024x683.jpeg\" alt=\"\" width=\"1024\" height=\"683\" srcset=\"https:\/\/d2p6e6u75xmxt8.cloudfront.net\/12\/2021\/01\/pexels-photo-1717767-1024x683.jpeg 1024w, https:\/\/d2p6e6u75xmxt8.cloudfront.net\/12\/2021\/01\/pexels-photo-1717767-300x200.jpeg 300w, https:\/\/d2p6e6u75xmxt8.cloudfront.net\/12\/2021\/01\/pexels-photo-1717767-768x512.jpeg 768w, https:\/\/d2p6e6u75xmxt8.cloudfront.net\/12\/2021\/01\/pexels-photo-1717767-1536x1024.jpeg 1536w, https:\/\/d2p6e6u75xmxt8.cloudfront.net\/12\/2021\/01\/pexels-photo-1717767-2048x1365.jpeg 2048w, https:\/\/d2p6e6u75xmxt8.cloudfront.net\/12\/2021\/01\/pexels-photo-1717767-1920x1280.jpeg 1920w, https:\/\/d2p6e6u75xmxt8.cloudfront.net\/12\/2021\/01\/pexels-photo-1717767-272x182.jpeg 272w, https:\/\/d2p6e6u75xmxt8.cloudfront.net\/12\/2021\/01\/pexels-photo-1717767-1920x1280.jpeg 1920w\" sizes=\"auto, (max-width: 1024px) 100vw, 1024px\" \/><figcaption id=\"caption-attachment-9971\" class=\"wp-caption-text\">Fah\u00e9jas tea, hmm! Fot\u00f3: pexels.com<\/figcaption><\/figure>\n<h3><strong>5. Seg\u00edt kevesebb cukrot enni<\/strong><\/h3>\n<p>Ha fah\u00e9jat sz\u00f3rsz az \u00e9telre, az \u00edze becsaphatja a nyelved, \u00edgy \u00e9desebbnek \u00e9rzed az \u00e9telt, mint amilyen val\u00f3j\u00e1ban. Ez seg\u00edthet a hozz\u00e1adott cukor mennyis\u00e9g\u00e9nek cs\u00f6kkent\u00e9s\u00e9ben.<\/p>\n<h2><strong>Mennyit egy\u00fcnk bel\u0151le?<\/strong><\/h2>\n<p>Ahhoz, hogy megtapasztald j\u00f3t\u00e9kony hat\u00e1sait, viszonylag sokat kell bel\u0151le fogyasztanod, azonban nem szabad t\u00falz\u00e1sba esni. Egyes tanulm\u00e1nyok szerint napi egy te\u00e1skan\u00e1lnyi fah\u00e9jat be\u00e9p\u00edthetsz az \u00e9trendedbe. Ez valamivel kevesebb, mint 3 gramm. B\u00e1r a k\u00eds\u00e9rletek sor\u00e1n enn\u00e9l nagyobb mennyis\u00e9gben fogyasztott\u00e1k az alanyok a f\u0171szert, fontos tudni, hogy a t\u00fal sok fah\u00e9j mell\u00e9khat\u00e1sokat id\u00e9zhet el\u0151. Egy te\u00e1skan\u00e1lnyi 7-18 mg kumarint tartalmaz, ami nagy mennyis\u00e9gben irrit\u00e1lhatja a m\u00e1jat \u00e9s az em\u00e9szt\u0151rendszer ny\u00e1lkah\u00e1rty\u00e1j\u00e1t.<\/p>\n<p>Forr\u00e1s: <a href=\"https:\/\/www.bicycling.com\/health-nutrition\/a35154033\/benefits-of-cinnamon\/\">bicycling.com<\/a><\/p>\n","protected":false},"excerpt":{"rendered":"<p>Ha eddig nem szerepelt az \u00e9trendedben ez a f\u0171szer, gyorsan add hozz\u00e1! Persze, nem kan\u00e1llal kell enni, ahogy p\u00e1r \u00e9ve [&hellip;]<\/p>\n","protected":false},"author":71,"featured_media":9968,"comment_status":"closed","ping_status":"closed","sticky":false,"template":"","format":"standard","meta":{"footnotes":""},"categories":[6],"tags":[],"global-categories":[],"class_list":["post-9967","post","type-post","status-publish","format-standard","has-post-thumbnail","hentry","category-edzes-es-eletmod"],"yoast_head":"<!-- This site is optimized with the Yoast SEO Premium plugin v25.3 (Yoast SEO v25.9) - https:\/\/yoast.com\/wordpress\/plugins\/seo\/ -->\n<title>A fah\u00e9j j\u00f3. Akkor meg\u00e1rt bel\u0151le a sok? - \u0160koda We Love Cycling - Magyarorsz\u00e1g<\/title>\n<meta name=\"description\" content=\"Ha eddig nem szerepelt az \u00e9trendedben ez a f\u0171szer, gyorsan add hozz\u00e1! Persze, nem kan\u00e1llal kell enni, ahogy p\u00e1r \u00e9ve sokan tett\u00e9k a \u201efah\u00e9j kih\u00edv\u00e1s\u201d sor\u00e1n, de ha t\u00e9nyleg f\u0171szerk\u00e9nt haszn\u00e1lod, rengeteg pozit\u00edv hat\u00e1s\u00e1t \u00e9lvezheted. \u00c9s nem is fulladsz meg t\u0151le!\" \/>\n<meta name=\"robots\" content=\"index, follow, max-snippet:-1, max-image-preview:large, max-video-preview:-1\" \/>\n<link rel=\"canonical\" href=\"https:\/\/www.welovecycling.com\/hu\/edzes-es-eletmod\/a-fahej-jo-akkor-megart-belole-a-sok\/\" \/>\n<meta property=\"og:locale\" content=\"hu_HU\" \/>\n<meta property=\"og:type\" content=\"article\" \/>\n<meta property=\"og:title\" content=\"A fah\u00e9j j\u00f3. Akkor meg\u00e1rt bel\u0151le a sok?\" \/>\n<meta property=\"og:description\" content=\"Ha eddig nem szerepelt az \u00e9trendedben ez a f\u0171szer, gyorsan add hozz\u00e1! Persze, nem kan\u00e1llal kell enni, ahogy p\u00e1r \u00e9ve sokan tett\u00e9k a \u201efah\u00e9j kih\u00edv\u00e1s\u201d sor\u00e1n, de ha t\u00e9nyleg f\u0171szerk\u00e9nt haszn\u00e1lod, rengeteg pozit\u00edv hat\u00e1s\u00e1t \u00e9lvezheted. \u00c9s nem is fulladsz meg t\u0151le!\" \/>\n<meta property=\"og:url\" content=\"https:\/\/www.welovecycling.com\/hu\/edzes-es-eletmod\/a-fahej-jo-akkor-megart-belole-a-sok\/\" \/>\n<meta property=\"og:site_name\" content=\"\u0160koda We Love Cycling - Magyarorsz\u00e1g\" \/>\n<meta property=\"article:publisher\" content=\"https:\/\/www.facebook.com\/WeLoveCyclingHungary\/\" \/>\n<meta property=\"article:published_time\" content=\"2021-01-23T07:00:42+00:00\" \/>\n<meta property=\"og:image\" content=\"https:\/\/d2p6e6u75xmxt8.cloudfront.net\/12\/2021\/01\/cinnamon-1971496_1280.jpg\" \/>\n\t<meta property=\"og:image:width\" content=\"1280\" \/>\n\t<meta property=\"og:image:height\" content=\"853\" \/>\n\t<meta property=\"og:image:type\" content=\"image\/jpeg\" \/>\n<meta name=\"author\" content=\"hegyizs\" \/>\n<meta name=\"twitter:card\" content=\"summary_large_image\" \/>\n<meta name=\"twitter:label1\" content=\"Written by\" \/>\n\t<meta name=\"twitter:data1\" content=\"WLC\" \/>\n\t<meta name=\"twitter:label2\" content=\"Est. reading time\" \/>\n\t<meta name=\"twitter:data2\" content=\"4 minutes\" \/>\n<script type=\"application\/ld+json\" class=\"yoast-schema-graph\">{\"@context\":\"https:\/\/schema.org\",\"@graph\":[{\"@type\":\"WebPage\",\"@id\":\"https:\/\/www.welovecycling.com\/hu\/edzes-es-eletmod\/a-fahej-jo-akkor-megart-belole-a-sok\/\",\"url\":\"https:\/\/www.welovecycling.com\/hu\/edzes-es-eletmod\/a-fahej-jo-akkor-megart-belole-a-sok\/\",\"name\":\"A fah\u00e9j j\u00f3. Akkor meg\u00e1rt bel\u0151le a sok? - \u0160koda We Love Cycling - Magyarorsz\u00e1g\",\"isPartOf\":{\"@id\":\"https:\/\/www.welovecycling.com\/hu\/#website\"},\"primaryImageOfPage\":{\"@id\":\"https:\/\/www.welovecycling.com\/hu\/edzes-es-eletmod\/a-fahej-jo-akkor-megart-belole-a-sok\/#primaryimage\"},\"image\":{\"@id\":\"https:\/\/www.welovecycling.com\/hu\/edzes-es-eletmod\/a-fahej-jo-akkor-megart-belole-a-sok\/#primaryimage\"},\"thumbnailUrl\":\"https:\/\/d2p6e6u75xmxt8.cloudfront.net\/12\/2021\/01\/cinnamon-1971496_1280.jpg\",\"datePublished\":\"2021-01-23T07:00:42+00:00\",\"author\":{\"@id\":\"https:\/\/www.welovecycling.com\/hu\/#\/schema\/person\/414a2aebf1801691a5320edb6468e194\"},\"description\":\"Ha eddig nem szerepelt az \u00e9trendedben ez a f\u0171szer, gyorsan add hozz\u00e1! Persze, nem kan\u00e1llal kell enni, ahogy p\u00e1r \u00e9ve sokan tett\u00e9k a \u201efah\u00e9j kih\u00edv\u00e1s\u201d sor\u00e1n, de ha t\u00e9nyleg f\u0171szerk\u00e9nt haszn\u00e1lod, rengeteg pozit\u00edv hat\u00e1s\u00e1t \u00e9lvezheted. \u00c9s nem is fulladsz meg t\u0151le!\",\"breadcrumb\":{\"@id\":\"https:\/\/www.welovecycling.com\/hu\/edzes-es-eletmod\/a-fahej-jo-akkor-megart-belole-a-sok\/#breadcrumb\"},\"inLanguage\":\"hu\",\"potentialAction\":[{\"@type\":\"ReadAction\",\"target\":[\"https:\/\/www.welovecycling.com\/hu\/edzes-es-eletmod\/a-fahej-jo-akkor-megart-belole-a-sok\/\"]}]},{\"@type\":\"ImageObject\",\"inLanguage\":\"hu\",\"@id\":\"https:\/\/www.welovecycling.com\/hu\/edzes-es-eletmod\/a-fahej-jo-akkor-megart-belole-a-sok\/#primaryimage\",\"url\":\"https:\/\/d2p6e6u75xmxt8.cloudfront.net\/12\/2021\/01\/cinnamon-1971496_1280.jpg\",\"contentUrl\":\"https:\/\/d2p6e6u75xmxt8.cloudfront.net\/12\/2021\/01\/cinnamon-1971496_1280.jpg\",\"width\":1280,\"height\":853},{\"@type\":\"BreadcrumbList\",\"@id\":\"https:\/\/www.welovecycling.com\/hu\/edzes-es-eletmod\/a-fahej-jo-akkor-megart-belole-a-sok\/#breadcrumb\",\"itemListElement\":[{\"@type\":\"ListItem\",\"position\":1,\"name\":\"Home\",\"item\":\"https:\/\/www.welovecycling.com\/hu\/\"},{\"@type\":\"ListItem\",\"position\":2,\"name\":\"A fah\u00e9j j\u00f3. Akkor meg\u00e1rt bel\u0151le a sok?\"}]},{\"@type\":\"WebSite\",\"@id\":\"https:\/\/www.welovecycling.com\/hu\/#website\",\"url\":\"https:\/\/www.welovecycling.com\/hu\/\",\"name\":\"\u0160koda We Love Cycling - Magyarorsz\u00e1g\",\"description\":\"\u0160koda WeLoveCycling\",\"potentialAction\":[{\"@type\":\"SearchAction\",\"target\":{\"@type\":\"EntryPoint\",\"urlTemplate\":\"https:\/\/www.welovecycling.com\/hu\/?s={search_term_string}\"},\"query-input\":{\"@type\":\"PropertyValueSpecification\",\"valueRequired\":true,\"valueName\":\"search_term_string\"}}],\"inLanguage\":\"hu\"},{\"@type\":\"Person\",\"@id\":\"https:\/\/www.welovecycling.com\/hu\/#\/schema\/person\/414a2aebf1801691a5320edb6468e194\",\"name\":\"hegyizs\",\"image\":{\"@type\":\"ImageObject\",\"inLanguage\":\"hu\",\"@id\":\"https:\/\/www.welovecycling.com\/hu\/#\/schema\/person\/image\/\",\"url\":\"https:\/\/secure.gravatar.com\/avatar\/02cf8a7906b8cf90cecb4679defac7cfd33a1c2e3b88e4903d947f3bb58eedd3?s=96&d=mm&r=g\",\"contentUrl\":\"https:\/\/secure.gravatar.com\/avatar\/02cf8a7906b8cf90cecb4679defac7cfd33a1c2e3b88e4903d947f3bb58eedd3?s=96&d=mm&r=g\",\"caption\":\"hegyizs\"},\"url\":\"https:\/\/www.welovecycling.com\/hu\/author\/hegyizs\/\"}]}<\/script>\n<!-- \/ Yoast SEO Premium plugin. -->","yoast_head_json":{"title":"A fah\u00e9j j\u00f3. Akkor meg\u00e1rt bel\u0151le a sok? - \u0160koda We Love Cycling - Magyarorsz\u00e1g","description":"Ha eddig nem szerepelt az \u00e9trendedben ez a f\u0171szer, gyorsan add hozz\u00e1! Persze, nem kan\u00e1llal kell enni, ahogy p\u00e1r \u00e9ve sokan tett\u00e9k a \u201efah\u00e9j kih\u00edv\u00e1s\u201d sor\u00e1n, de ha t\u00e9nyleg f\u0171szerk\u00e9nt haszn\u00e1lod, rengeteg pozit\u00edv hat\u00e1s\u00e1t \u00e9lvezheted. \u00c9s nem is fulladsz meg t\u0151le!","robots":{"index":"index","follow":"follow","max-snippet":"max-snippet:-1","max-image-preview":"max-image-preview:large","max-video-preview":"max-video-preview:-1"},"canonical":"https:\/\/www.welovecycling.com\/hu\/edzes-es-eletmod\/a-fahej-jo-akkor-megart-belole-a-sok\/","og_locale":"hu_HU","og_type":"article","og_title":"A fah\u00e9j j\u00f3. Akkor meg\u00e1rt bel\u0151le a sok?","og_description":"Ha eddig nem szerepelt az \u00e9trendedben ez a f\u0171szer, gyorsan add hozz\u00e1! Persze, nem kan\u00e1llal kell enni, ahogy p\u00e1r \u00e9ve sokan tett\u00e9k a \u201efah\u00e9j kih\u00edv\u00e1s\u201d sor\u00e1n, de ha t\u00e9nyleg f\u0171szerk\u00e9nt haszn\u00e1lod, rengeteg pozit\u00edv hat\u00e1s\u00e1t \u00e9lvezheted. \u00c9s nem is fulladsz meg t\u0151le!","og_url":"https:\/\/www.welovecycling.com\/hu\/edzes-es-eletmod\/a-fahej-jo-akkor-megart-belole-a-sok\/","og_site_name":"\u0160koda We Love Cycling - Magyarorsz\u00e1g","article_publisher":"https:\/\/www.facebook.com\/WeLoveCyclingHungary\/","article_published_time":"2021-01-23T07:00:42+00:00","og_image":[{"width":1280,"height":853,"url":"https:\/\/d2p6e6u75xmxt8.cloudfront.net\/12\/2021\/01\/cinnamon-1971496_1280.jpg","type":"image\/jpeg"}],"author":"hegyizs","twitter_card":"summary_large_image","twitter_misc":{"Written by":"WLC","Est. reading time":"4 minutes"},"schema":{"@context":"https:\/\/schema.org","@graph":[{"@type":"WebPage","@id":"https:\/\/www.welovecycling.com\/hu\/edzes-es-eletmod\/a-fahej-jo-akkor-megart-belole-a-sok\/","url":"https:\/\/www.welovecycling.com\/hu\/edzes-es-eletmod\/a-fahej-jo-akkor-megart-belole-a-sok\/","name":"A fah\u00e9j j\u00f3. Akkor meg\u00e1rt bel\u0151le a sok? - \u0160koda We Love Cycling - Magyarorsz\u00e1g","isPartOf":{"@id":"https:\/\/www.welovecycling.com\/hu\/#website"},"primaryImageOfPage":{"@id":"https:\/\/www.welovecycling.com\/hu\/edzes-es-eletmod\/a-fahej-jo-akkor-megart-belole-a-sok\/#primaryimage"},"image":{"@id":"https:\/\/www.welovecycling.com\/hu\/edzes-es-eletmod\/a-fahej-jo-akkor-megart-belole-a-sok\/#primaryimage"},"thumbnailUrl":"https:\/\/d2p6e6u75xmxt8.cloudfront.net\/12\/2021\/01\/cinnamon-1971496_1280.jpg","datePublished":"2021-01-23T07:00:42+00:00","author":{"@id":"https:\/\/www.welovecycling.com\/hu\/#\/schema\/person\/414a2aebf1801691a5320edb6468e194"},"description":"Ha eddig nem szerepelt az \u00e9trendedben ez a f\u0171szer, gyorsan add hozz\u00e1! Persze, nem kan\u00e1llal kell enni, ahogy p\u00e1r \u00e9ve sokan tett\u00e9k a \u201efah\u00e9j kih\u00edv\u00e1s\u201d sor\u00e1n, de ha t\u00e9nyleg f\u0171szerk\u00e9nt haszn\u00e1lod, rengeteg pozit\u00edv hat\u00e1s\u00e1t \u00e9lvezheted. \u00c9s nem is fulladsz meg t\u0151le!","breadcrumb":{"@id":"https:\/\/www.welovecycling.com\/hu\/edzes-es-eletmod\/a-fahej-jo-akkor-megart-belole-a-sok\/#breadcrumb"},"inLanguage":"hu","potentialAction":[{"@type":"ReadAction","target":["https:\/\/www.welovecycling.com\/hu\/edzes-es-eletmod\/a-fahej-jo-akkor-megart-belole-a-sok\/"]}]},{"@type":"ImageObject","inLanguage":"hu","@id":"https:\/\/www.welovecycling.com\/hu\/edzes-es-eletmod\/a-fahej-jo-akkor-megart-belole-a-sok\/#primaryimage","url":"https:\/\/d2p6e6u75xmxt8.cloudfront.net\/12\/2021\/01\/cinnamon-1971496_1280.jpg","contentUrl":"https:\/\/d2p6e6u75xmxt8.cloudfront.net\/12\/2021\/01\/cinnamon-1971496_1280.jpg","width":1280,"height":853},{"@type":"BreadcrumbList","@id":"https:\/\/www.welovecycling.com\/hu\/edzes-es-eletmod\/a-fahej-jo-akkor-megart-belole-a-sok\/#breadcrumb","itemListElement":[{"@type":"ListItem","position":1,"name":"Home","item":"https:\/\/www.welovecycling.com\/hu\/"},{"@type":"ListItem","position":2,"name":"A fah\u00e9j j\u00f3. Akkor meg\u00e1rt bel\u0151le a sok?"}]},{"@type":"WebSite","@id":"https:\/\/www.welovecycling.com\/hu\/#website","url":"https:\/\/www.welovecycling.com\/hu\/","name":"\u0160koda We Love Cycling - Magyarorsz\u00e1g","description":"\u0160koda WeLoveCycling","potentialAction":[{"@type":"SearchAction","target":{"@type":"EntryPoint","urlTemplate":"https:\/\/www.welovecycling.com\/hu\/?s={search_term_string}"},"query-input":{"@type":"PropertyValueSpecification","valueRequired":true,"valueName":"search_term_string"}}],"inLanguage":"hu"},{"@type":"Person","@id":"https:\/\/www.welovecycling.com\/hu\/#\/schema\/person\/414a2aebf1801691a5320edb6468e194","name":"hegyizs","image":{"@type":"ImageObject","inLanguage":"hu","@id":"https:\/\/www.welovecycling.com\/hu\/#\/schema\/person\/image\/","url":"https:\/\/secure.gravatar.com\/avatar\/02cf8a7906b8cf90cecb4679defac7cfd33a1c2e3b88e4903d947f3bb58eedd3?s=96&d=mm&r=g","contentUrl":"https:\/\/secure.gravatar.com\/avatar\/02cf8a7906b8cf90cecb4679defac7cfd33a1c2e3b88e4903d947f3bb58eedd3?s=96&d=mm&r=g","caption":"hegyizs"},"url":"https:\/\/www.welovecycling.com\/hu\/author\/hegyizs\/"}]}},"_links":{"self":[{"href":"https:\/\/www.welovecycling.com\/hu\/wp-json\/wp\/v2\/posts\/9967","targetHints":{"allow":["GET"]}}],"collection":[{"href":"https:\/\/www.welovecycling.com\/hu\/wp-json\/wp\/v2\/posts"}],"about":[{"href":"https:\/\/www.welovecycling.com\/hu\/wp-json\/wp\/v2\/types\/post"}],"author":[{"embeddable":true,"href":"https:\/\/www.welovecycling.com\/hu\/wp-json\/wp\/v2\/users\/71"}],"replies":[{"embeddable":true,"href":"https:\/\/www.welovecycling.com\/hu\/wp-json\/wp\/v2\/comments?post=9967"}],"version-history":[{"count":1,"href":"https:\/\/www.welovecycling.com\/hu\/wp-json\/wp\/v2\/posts\/9967\/revisions"}],"predecessor-version":[{"id":9972,"href":"https:\/\/www.welovecycling.com\/hu\/wp-json\/wp\/v2\/posts\/9967\/revisions\/9972"}],"wp:featuredmedia":[{"embeddable":true,"href":"https:\/\/www.welovecycling.com\/hu\/wp-json\/wp\/v2\/media\/9968"}],"wp:attachment":[{"href":"https:\/\/www.welovecycling.com\/hu\/wp-json\/wp\/v2\/media?parent=9967"}],"wp:term":[{"taxonomy":"category","embeddable":true,"href":"https:\/\/www.welovecycling.com\/hu\/wp-json\/wp\/v2\/categories?post=9967"},{"taxonomy":"post_tag","embeddable":true,"href":"https:\/\/www.welovecycling.com\/hu\/wp-json\/wp\/v2\/tags?post=9967"},{"taxonomy":"global-categories","embeddable":true,"href":"https:\/\/www.welovecycling.com\/hu\/wp-json\/wp\/v2\/global-categories?post=9967"}],"curies":[{"name":"wp","href":"https:\/\/api.w.org\/{rel}","templated":true}]}}