{"id":9957,"date":"2021-01-22T08:00:42","date_gmt":"2021-01-22T07:00:42","guid":{"rendered":"https:\/\/www.welovecycling.com\/hu\/?p=9957"},"modified":"2021-01-15T17:09:29","modified_gmt":"2021-01-15T16:09:29","slug":"a-ferfi-aki-300-bringat-adott-a-raszorulo-gyerekeknek","status":"publish","type":"post","link":"https:\/\/www.welovecycling.com\/hu\/kozosseg-es-kultura\/a-ferfi-aki-300-bringat-adott-a-raszorulo-gyerekeknek\/","title":{"rendered":"A f\u00e9rfi, aki 300 bring\u00e1t adott a r\u00e1szorul\u00f3 gyerekeknek"},"content":{"rendered":"<p><strong>Amikor 2020 december\u00e9ben bementek a v\u00e1s\u00e1rl\u00f3k a floridai kisboltba, az \u00e9lelmiszerek \u00e9s m\u00e1s term\u00e9kek polcain k\u00edv\u00fcl egy halom gyermekker\u00e9kp\u00e1rba botlottak. A k\u00edv\u00e1ncsibbak, akik \u00e9rdekl\u0151dtek a ker\u00e9kp\u00e1r-hegyr\u0151l, megtudt\u00e1k, hogy a j\u00e1rg\u00e1nyok hamarosan \u00faton lesznek a kev\u00e9sb\u00e9 szerencs\u00e9s gyermekek fel\u00e9.<\/strong><\/p>\n<p><!--more--><\/p>\n<p>Nem ez volt az els\u0151 ker\u00e9kp\u00e1r-adom\u00e1nyoz\u00e1s, amit Georges Elou, a Shlomo Gourmet Subs and Deli tulajdonosa szervezett. 2020-ban m\u00e1r a 9. zajlott, \u00e9s a Covid-19 j\u00e1rv\u00e1ny zord esem\u00e9nyei (\u00e9s az ezzel j\u00e1r\u00f3 ker\u00e9kp\u00e1rhi\u00e1ny) ellen\u00e9re nagyon sikeresnek bizonyult. A helyi k\u00f6z\u00f6ss\u00e9g teljes erej\u00e9vel gy\u0171jt\u00f6tte a bicikliket!<\/p>\n<p>Kar\u00e1csony est\u00e9j\u00e9n pedig elind\u00edtott\u00e1k \u0151ket \u00fatjukra, aminek v\u00e9g\u00e9n r\u00e1szorul\u00f3 gyerekeknek okoztak \u00f6r\u00f6met.<\/p>\n<figure id=\"attachment_9958\" aria-describedby=\"caption-attachment-9958\" style=\"width: 1024px\" class=\"wp-caption alignnone\"><a href=\"https:\/\/d2p6e6u75xmxt8.cloudfront.net\/2\/2021\/01\/Elou-profimedia-0573134371.jpg\"><img loading=\"lazy\" decoding=\"async\" class=\"wp-image-9958 size-large\" src=\"https:\/\/d2p6e6u75xmxt8.cloudfront.net\/12\/2021\/01\/Elou-profimedia-0573134371-1024x670.jpg\" alt=\"Georges Elou\" width=\"1024\" height=\"670\" srcset=\"https:\/\/d2p6e6u75xmxt8.cloudfront.net\/12\/2021\/01\/Elou-profimedia-0573134371-1024x670.jpg 1024w, https:\/\/d2p6e6u75xmxt8.cloudfront.net\/12\/2021\/01\/Elou-profimedia-0573134371-300x196.jpg 300w, https:\/\/d2p6e6u75xmxt8.cloudfront.net\/12\/2021\/01\/Elou-profimedia-0573134371-768x503.jpg 768w, https:\/\/d2p6e6u75xmxt8.cloudfront.net\/12\/2021\/01\/Elou-profimedia-0573134371.jpg 1250w\" sizes=\"auto, (max-width: 1024px) 100vw, 1024px\" \/><\/a><figcaption id=\"caption-attachment-9958\" class=\"wp-caption-text\"><em>Georges Elou, a Shlomo Gourmet Subs and Deli tulajdonosa bar\u00e1tn\u0151j\u00e9vel, Becca Raith-lel. \u00a9 Profimedia<\/em><\/figcaption><\/figure>\n<p>Georges nem haszn\u00e1lta rekl\u00e1mk\u00e9nt az esem\u00e9nyt, mivel \u00fagy gondolja, hogy a j\u00f3t\u00e9konys\u00e1gi cselekedeteknek nem kell pomp\u00e1s m\u0171sorokk\u00e1 v\u00e1lniuk. Ez\u00e9rt abban b\u00edzott, hogy sz\u00e1jr\u00f3l sz\u00e1jra terjed majd a kezdem\u00e9nyez\u00e9s. V\u00e9g\u00fcl csaknem 300 gyerek kapott \u00faj biciklit!<\/p>\n<p>\u201e<em>A ker\u00e9kp\u00e1r nem csup\u00e1n j\u00e1t\u00e9k egy gyerek sz\u00e1m\u00e1ra. Szabads\u00e1got is jelent\u201d<\/em> \u2013 nyilatkozta Georges.<\/p>\n","protected":false},"excerpt":{"rendered":"<p>Amikor 2020 december\u00e9ben bementek a v\u00e1s\u00e1rl\u00f3k a floridai kisboltba, az \u00e9lelmiszerek \u00e9s m\u00e1s term\u00e9kek polcain k\u00edv\u00fcl egy halom gyermekker\u00e9kp\u00e1rba botlottak. [&hellip;]<\/p>\n","protected":false},"author":71,"featured_media":9960,"comment_status":"closed","ping_status":"closed","sticky":false,"template":"","format":"standard","meta":{"footnotes":""},"categories":[12],"tags":[],"global-categories":[],"class_list":["post-9957","post","type-post","status-publish","format-standard","has-post-thumbnail","hentry","category-kozosseg-es-kultura"],"yoast_head":"<!-- This site is optimized with the Yoast SEO Premium plugin v25.3 (Yoast SEO v25.9) - https:\/\/yoast.com\/wordpress\/plugins\/seo\/ -->\n<title>A f\u00e9rfi, aki 300 bring\u00e1t adott a r\u00e1szorul\u00f3 gyerekeknek - \u0160koda We Love Cycling - Magyarorsz\u00e1g<\/title>\n<meta name=\"description\" content=\"Amikor 2020 december\u00e9ben bementek a v\u00e1s\u00e1rl\u00f3k a floridai kisboltba, az \u00e9lelmiszerek \u00e9s m\u00e1s term\u00e9kek polcain k\u00edv\u00fcl egy halom gyermekker\u00e9kp\u00e1rba botlottak. A k\u00edv\u00e1ncsibbak, akik \u00e9rdekl\u0151dtek a ker\u00e9kp\u00e1r-hegyr\u0151l, megtudt\u00e1k, hogy a j\u00e1rg\u00e1nyok hamarosan \u00faton lesznek a kev\u00e9sb\u00e9 szerencs\u00e9s gyermekek fel\u00e9.\" \/>\n<meta name=\"robots\" content=\"index, follow, max-snippet:-1, max-image-preview:large, max-video-preview:-1\" \/>\n<link rel=\"canonical\" href=\"https:\/\/www.welovecycling.com\/hu\/kozosseg-es-kultura\/a-ferfi-aki-300-bringat-adott-a-raszorulo-gyerekeknek\/\" \/>\n<meta property=\"og:locale\" content=\"hu_HU\" \/>\n<meta property=\"og:type\" content=\"article\" \/>\n<meta property=\"og:title\" content=\"A f\u00e9rfi, aki 300 bring\u00e1t adott a r\u00e1szorul\u00f3 gyerekeknek\" \/>\n<meta property=\"og:description\" content=\"Amikor 2020 december\u00e9ben bementek a v\u00e1s\u00e1rl\u00f3k a floridai kisboltba, az \u00e9lelmiszerek \u00e9s m\u00e1s term\u00e9kek polcain k\u00edv\u00fcl egy halom gyermekker\u00e9kp\u00e1rba botlottak. A k\u00edv\u00e1ncsibbak, akik \u00e9rdekl\u0151dtek a ker\u00e9kp\u00e1r-hegyr\u0151l, megtudt\u00e1k, hogy a j\u00e1rg\u00e1nyok hamarosan \u00faton lesznek a kev\u00e9sb\u00e9 szerencs\u00e9s gyermekek fel\u00e9.\" \/>\n<meta property=\"og:url\" content=\"https:\/\/www.welovecycling.com\/hu\/kozosseg-es-kultura\/a-ferfi-aki-300-bringat-adott-a-raszorulo-gyerekeknek\/\" \/>\n<meta property=\"og:site_name\" content=\"\u0160koda We Love Cycling - Magyarorsz\u00e1g\" \/>\n<meta property=\"article:publisher\" content=\"https:\/\/www.facebook.com\/WeLoveCyclingHungary\/\" \/>\n<meta property=\"article:published_time\" content=\"2021-01-22T07:00:42+00:00\" \/>\n<meta property=\"og:image\" content=\"https:\/\/d2p6e6u75xmxt8.cloudfront.net\/12\/2021\/01\/Georges-Elou-profimedia-0573134375-CVR.jpg\" \/>\n\t<meta property=\"og:image:width\" content=\"1366\" \/>\n\t<meta property=\"og:image:height\" content=\"600\" \/>\n\t<meta property=\"og:image:type\" content=\"image\/jpeg\" \/>\n<meta name=\"author\" content=\"hegyizs\" \/>\n<meta name=\"twitter:card\" content=\"summary_large_image\" \/>\n<meta name=\"twitter:label1\" content=\"Written by\" \/>\n\t<meta name=\"twitter:data1\" content=\"Tereza Antonova\" \/>\n\t<meta name=\"twitter:label2\" content=\"Est. reading time\" \/>\n\t<meta name=\"twitter:data2\" content=\"4\" \/>\n<script type=\"application\/ld+json\" class=\"yoast-schema-graph\">{\"@context\":\"https:\/\/schema.org\",\"@graph\":[{\"@type\":\"WebPage\",\"@id\":\"https:\/\/www.welovecycling.com\/hu\/kozosseg-es-kultura\/a-ferfi-aki-300-bringat-adott-a-raszorulo-gyerekeknek\/\",\"url\":\"https:\/\/www.welovecycling.com\/hu\/kozosseg-es-kultura\/a-ferfi-aki-300-bringat-adott-a-raszorulo-gyerekeknek\/\",\"name\":\"A f\u00e9rfi, aki 300 bring\u00e1t adott a r\u00e1szorul\u00f3 gyerekeknek - \u0160koda We Love Cycling - Magyarorsz\u00e1g\",\"isPartOf\":{\"@id\":\"https:\/\/www.welovecycling.com\/hu\/#website\"},\"primaryImageOfPage\":{\"@id\":\"https:\/\/www.welovecycling.com\/hu\/kozosseg-es-kultura\/a-ferfi-aki-300-bringat-adott-a-raszorulo-gyerekeknek\/#primaryimage\"},\"image\":{\"@id\":\"https:\/\/www.welovecycling.com\/hu\/kozosseg-es-kultura\/a-ferfi-aki-300-bringat-adott-a-raszorulo-gyerekeknek\/#primaryimage\"},\"thumbnailUrl\":\"https:\/\/d2p6e6u75xmxt8.cloudfront.net\/12\/2021\/01\/Georges-Elou-profimedia-0573134375-CVR.jpg\",\"datePublished\":\"2021-01-22T07:00:42+00:00\",\"author\":{\"@id\":\"https:\/\/www.welovecycling.com\/hu\/#\/schema\/person\/414a2aebf1801691a5320edb6468e194\"},\"description\":\"Amikor 2020 december\u00e9ben bementek a v\u00e1s\u00e1rl\u00f3k a floridai kisboltba, az \u00e9lelmiszerek \u00e9s m\u00e1s term\u00e9kek polcain k\u00edv\u00fcl egy halom gyermekker\u00e9kp\u00e1rba botlottak. A k\u00edv\u00e1ncsibbak, akik \u00e9rdekl\u0151dtek a ker\u00e9kp\u00e1r-hegyr\u0151l, megtudt\u00e1k, hogy a j\u00e1rg\u00e1nyok hamarosan \u00faton lesznek a kev\u00e9sb\u00e9 szerencs\u00e9s gyermekek fel\u00e9.\",\"breadcrumb\":{\"@id\":\"https:\/\/www.welovecycling.com\/hu\/kozosseg-es-kultura\/a-ferfi-aki-300-bringat-adott-a-raszorulo-gyerekeknek\/#breadcrumb\"},\"inLanguage\":\"hu\",\"potentialAction\":[{\"@type\":\"ReadAction\",\"target\":[\"https:\/\/www.welovecycling.com\/hu\/kozosseg-es-kultura\/a-ferfi-aki-300-bringat-adott-a-raszorulo-gyerekeknek\/\"]}]},{\"@type\":\"ImageObject\",\"inLanguage\":\"hu\",\"@id\":\"https:\/\/www.welovecycling.com\/hu\/kozosseg-es-kultura\/a-ferfi-aki-300-bringat-adott-a-raszorulo-gyerekeknek\/#primaryimage\",\"url\":\"https:\/\/d2p6e6u75xmxt8.cloudfront.net\/12\/2021\/01\/Georges-Elou-profimedia-0573134375-CVR.jpg\",\"contentUrl\":\"https:\/\/d2p6e6u75xmxt8.cloudfront.net\/12\/2021\/01\/Georges-Elou-profimedia-0573134375-CVR.jpg\",\"width\":1366,\"height\":600},{\"@type\":\"BreadcrumbList\",\"@id\":\"https:\/\/www.welovecycling.com\/hu\/kozosseg-es-kultura\/a-ferfi-aki-300-bringat-adott-a-raszorulo-gyerekeknek\/#breadcrumb\",\"itemListElement\":[{\"@type\":\"ListItem\",\"position\":1,\"name\":\"Home\",\"item\":\"https:\/\/www.welovecycling.com\/hu\/\"},{\"@type\":\"ListItem\",\"position\":2,\"name\":\"A f\u00e9rfi, aki 300 bring\u00e1t adott a r\u00e1szorul\u00f3 gyerekeknek\"}]},{\"@type\":\"WebSite\",\"@id\":\"https:\/\/www.welovecycling.com\/hu\/#website\",\"url\":\"https:\/\/www.welovecycling.com\/hu\/\",\"name\":\"\u0160koda We Love Cycling - Magyarorsz\u00e1g\",\"description\":\"\u0160koda WeLoveCycling\",\"potentialAction\":[{\"@type\":\"SearchAction\",\"target\":{\"@type\":\"EntryPoint\",\"urlTemplate\":\"https:\/\/www.welovecycling.com\/hu\/?s={search_term_string}\"},\"query-input\":{\"@type\":\"PropertyValueSpecification\",\"valueRequired\":true,\"valueName\":\"search_term_string\"}}],\"inLanguage\":\"hu\"},{\"@type\":\"Person\",\"@id\":\"https:\/\/www.welovecycling.com\/hu\/#\/schema\/person\/414a2aebf1801691a5320edb6468e194\",\"name\":\"hegyizs\",\"image\":{\"@type\":\"ImageObject\",\"inLanguage\":\"hu\",\"@id\":\"https:\/\/www.welovecycling.com\/hu\/#\/schema\/person\/image\/\",\"url\":\"https:\/\/secure.gravatar.com\/avatar\/02cf8a7906b8cf90cecb4679defac7cfd33a1c2e3b88e4903d947f3bb58eedd3?s=96&d=mm&r=g\",\"contentUrl\":\"https:\/\/secure.gravatar.com\/avatar\/02cf8a7906b8cf90cecb4679defac7cfd33a1c2e3b88e4903d947f3bb58eedd3?s=96&d=mm&r=g\",\"caption\":\"hegyizs\"},\"url\":\"https:\/\/www.welovecycling.com\/hu\/author\/hegyizs\/\"}]}<\/script>\n<!-- \/ Yoast SEO Premium plugin. -->","yoast_head_json":{"title":"A f\u00e9rfi, aki 300 bring\u00e1t adott a r\u00e1szorul\u00f3 gyerekeknek - \u0160koda We Love Cycling - Magyarorsz\u00e1g","description":"Amikor 2020 december\u00e9ben bementek a v\u00e1s\u00e1rl\u00f3k a floridai kisboltba, az \u00e9lelmiszerek \u00e9s m\u00e1s term\u00e9kek polcain k\u00edv\u00fcl egy halom gyermekker\u00e9kp\u00e1rba botlottak. A k\u00edv\u00e1ncsibbak, akik \u00e9rdekl\u0151dtek a ker\u00e9kp\u00e1r-hegyr\u0151l, megtudt\u00e1k, hogy a j\u00e1rg\u00e1nyok hamarosan \u00faton lesznek a kev\u00e9sb\u00e9 szerencs\u00e9s gyermekek fel\u00e9.","robots":{"index":"index","follow":"follow","max-snippet":"max-snippet:-1","max-image-preview":"max-image-preview:large","max-video-preview":"max-video-preview:-1"},"canonical":"https:\/\/www.welovecycling.com\/hu\/kozosseg-es-kultura\/a-ferfi-aki-300-bringat-adott-a-raszorulo-gyerekeknek\/","og_locale":"hu_HU","og_type":"article","og_title":"A f\u00e9rfi, aki 300 bring\u00e1t adott a r\u00e1szorul\u00f3 gyerekeknek","og_description":"Amikor 2020 december\u00e9ben bementek a v\u00e1s\u00e1rl\u00f3k a floridai kisboltba, az \u00e9lelmiszerek \u00e9s m\u00e1s term\u00e9kek polcain k\u00edv\u00fcl egy halom gyermekker\u00e9kp\u00e1rba botlottak. A k\u00edv\u00e1ncsibbak, akik \u00e9rdekl\u0151dtek a ker\u00e9kp\u00e1r-hegyr\u0151l, megtudt\u00e1k, hogy a j\u00e1rg\u00e1nyok hamarosan \u00faton lesznek a kev\u00e9sb\u00e9 szerencs\u00e9s gyermekek fel\u00e9.","og_url":"https:\/\/www.welovecycling.com\/hu\/kozosseg-es-kultura\/a-ferfi-aki-300-bringat-adott-a-raszorulo-gyerekeknek\/","og_site_name":"\u0160koda We Love Cycling - Magyarorsz\u00e1g","article_publisher":"https:\/\/www.facebook.com\/WeLoveCyclingHungary\/","article_published_time":"2021-01-22T07:00:42+00:00","og_image":[{"width":1366,"height":600,"url":"https:\/\/d2p6e6u75xmxt8.cloudfront.net\/12\/2021\/01\/Georges-Elou-profimedia-0573134375-CVR.jpg","type":"image\/jpeg"}],"author":"hegyizs","twitter_card":"summary_large_image","twitter_misc":{"Written by":"Tereza Antonova","Est. reading time":"4"},"schema":{"@context":"https:\/\/schema.org","@graph":[{"@type":"WebPage","@id":"https:\/\/www.welovecycling.com\/hu\/kozosseg-es-kultura\/a-ferfi-aki-300-bringat-adott-a-raszorulo-gyerekeknek\/","url":"https:\/\/www.welovecycling.com\/hu\/kozosseg-es-kultura\/a-ferfi-aki-300-bringat-adott-a-raszorulo-gyerekeknek\/","name":"A f\u00e9rfi, aki 300 bring\u00e1t adott a r\u00e1szorul\u00f3 gyerekeknek - \u0160koda We Love Cycling - Magyarorsz\u00e1g","isPartOf":{"@id":"https:\/\/www.welovecycling.com\/hu\/#website"},"primaryImageOfPage":{"@id":"https:\/\/www.welovecycling.com\/hu\/kozosseg-es-kultura\/a-ferfi-aki-300-bringat-adott-a-raszorulo-gyerekeknek\/#primaryimage"},"image":{"@id":"https:\/\/www.welovecycling.com\/hu\/kozosseg-es-kultura\/a-ferfi-aki-300-bringat-adott-a-raszorulo-gyerekeknek\/#primaryimage"},"thumbnailUrl":"https:\/\/d2p6e6u75xmxt8.cloudfront.net\/12\/2021\/01\/Georges-Elou-profimedia-0573134375-CVR.jpg","datePublished":"2021-01-22T07:00:42+00:00","author":{"@id":"https:\/\/www.welovecycling.com\/hu\/#\/schema\/person\/414a2aebf1801691a5320edb6468e194"},"description":"Amikor 2020 december\u00e9ben bementek a v\u00e1s\u00e1rl\u00f3k a floridai kisboltba, az \u00e9lelmiszerek \u00e9s m\u00e1s term\u00e9kek polcain k\u00edv\u00fcl egy halom gyermekker\u00e9kp\u00e1rba botlottak. A k\u00edv\u00e1ncsibbak, akik \u00e9rdekl\u0151dtek a ker\u00e9kp\u00e1r-hegyr\u0151l, megtudt\u00e1k, hogy a j\u00e1rg\u00e1nyok hamarosan \u00faton lesznek a kev\u00e9sb\u00e9 szerencs\u00e9s gyermekek fel\u00e9.","breadcrumb":{"@id":"https:\/\/www.welovecycling.com\/hu\/kozosseg-es-kultura\/a-ferfi-aki-300-bringat-adott-a-raszorulo-gyerekeknek\/#breadcrumb"},"inLanguage":"hu","potentialAction":[{"@type":"ReadAction","target":["https:\/\/www.welovecycling.com\/hu\/kozosseg-es-kultura\/a-ferfi-aki-300-bringat-adott-a-raszorulo-gyerekeknek\/"]}]},{"@type":"ImageObject","inLanguage":"hu","@id":"https:\/\/www.welovecycling.com\/hu\/kozosseg-es-kultura\/a-ferfi-aki-300-bringat-adott-a-raszorulo-gyerekeknek\/#primaryimage","url":"https:\/\/d2p6e6u75xmxt8.cloudfront.net\/12\/2021\/01\/Georges-Elou-profimedia-0573134375-CVR.jpg","contentUrl":"https:\/\/d2p6e6u75xmxt8.cloudfront.net\/12\/2021\/01\/Georges-Elou-profimedia-0573134375-CVR.jpg","width":1366,"height":600},{"@type":"BreadcrumbList","@id":"https:\/\/www.welovecycling.com\/hu\/kozosseg-es-kultura\/a-ferfi-aki-300-bringat-adott-a-raszorulo-gyerekeknek\/#breadcrumb","itemListElement":[{"@type":"ListItem","position":1,"name":"Home","item":"https:\/\/www.welovecycling.com\/hu\/"},{"@type":"ListItem","position":2,"name":"A f\u00e9rfi, aki 300 bring\u00e1t adott a r\u00e1szorul\u00f3 gyerekeknek"}]},{"@type":"WebSite","@id":"https:\/\/www.welovecycling.com\/hu\/#website","url":"https:\/\/www.welovecycling.com\/hu\/","name":"\u0160koda We Love Cycling - Magyarorsz\u00e1g","description":"\u0160koda WeLoveCycling","potentialAction":[{"@type":"SearchAction","target":{"@type":"EntryPoint","urlTemplate":"https:\/\/www.welovecycling.com\/hu\/?s={search_term_string}"},"query-input":{"@type":"PropertyValueSpecification","valueRequired":true,"valueName":"search_term_string"}}],"inLanguage":"hu"},{"@type":"Person","@id":"https:\/\/www.welovecycling.com\/hu\/#\/schema\/person\/414a2aebf1801691a5320edb6468e194","name":"hegyizs","image":{"@type":"ImageObject","inLanguage":"hu","@id":"https:\/\/www.welovecycling.com\/hu\/#\/schema\/person\/image\/","url":"https:\/\/secure.gravatar.com\/avatar\/02cf8a7906b8cf90cecb4679defac7cfd33a1c2e3b88e4903d947f3bb58eedd3?s=96&d=mm&r=g","contentUrl":"https:\/\/secure.gravatar.com\/avatar\/02cf8a7906b8cf90cecb4679defac7cfd33a1c2e3b88e4903d947f3bb58eedd3?s=96&d=mm&r=g","caption":"hegyizs"},"url":"https:\/\/www.welovecycling.com\/hu\/author\/hegyizs\/"}]}},"_links":{"self":[{"href":"https:\/\/www.welovecycling.com\/hu\/wp-json\/wp\/v2\/posts\/9957","targetHints":{"allow":["GET"]}}],"collection":[{"href":"https:\/\/www.welovecycling.com\/hu\/wp-json\/wp\/v2\/posts"}],"about":[{"href":"https:\/\/www.welovecycling.com\/hu\/wp-json\/wp\/v2\/types\/post"}],"author":[{"embeddable":true,"href":"https:\/\/www.welovecycling.com\/hu\/wp-json\/wp\/v2\/users\/71"}],"replies":[{"embeddable":true,"href":"https:\/\/www.welovecycling.com\/hu\/wp-json\/wp\/v2\/comments?post=9957"}],"version-history":[{"count":2,"href":"https:\/\/www.welovecycling.com\/hu\/wp-json\/wp\/v2\/posts\/9957\/revisions"}],"predecessor-version":[{"id":9966,"href":"https:\/\/www.welovecycling.com\/hu\/wp-json\/wp\/v2\/posts\/9957\/revisions\/9966"}],"wp:featuredmedia":[{"embeddable":true,"href":"https:\/\/www.welovecycling.com\/hu\/wp-json\/wp\/v2\/media\/9960"}],"wp:attachment":[{"href":"https:\/\/www.welovecycling.com\/hu\/wp-json\/wp\/v2\/media?parent=9957"}],"wp:term":[{"taxonomy":"category","embeddable":true,"href":"https:\/\/www.welovecycling.com\/hu\/wp-json\/wp\/v2\/categories?post=9957"},{"taxonomy":"post_tag","embeddable":true,"href":"https:\/\/www.welovecycling.com\/hu\/wp-json\/wp\/v2\/tags?post=9957"},{"taxonomy":"global-categories","embeddable":true,"href":"https:\/\/www.welovecycling.com\/hu\/wp-json\/wp\/v2\/global-categories?post=9957"}],"curies":[{"name":"wp","href":"https:\/\/api.w.org\/{rel}","templated":true}]}}