{"id":9952,"date":"2021-01-20T08:00:20","date_gmt":"2021-01-20T07:00:20","guid":{"rendered":"https:\/\/www.welovecycling.com\/hu\/?p=9952"},"modified":"2021-01-15T17:08:08","modified_gmt":"2021-01-15T16:08:08","slug":"cyclocross-az-olimpian","status":"publish","type":"post","link":"https:\/\/www.welovecycling.com\/hu\/trekking-mtb\/cyclocross-az-olimpian\/","title":{"rendered":"Cyclocross az olimpi\u00e1n?"},"content":{"rendered":"<p><strong>Az UCI m\u00e1r r\u00e9g\u00f3ta (\u00e9s val\u00f3sz\u00edn\u0171leg m\u00e9g sok\u00e1ig) lobbizik az\u00e9rt, hogy a cyclocross olimpiai sport\u00e1gg\u00e1 v\u00e1ljon. A test\u00fclet azonban nem a ny\u00e1ri j\u00e1t\u00e9kokat vette c\u00e9lba, mint ahogy azt v\u00e1rtuk, hanem azt szeretn\u00e9, hogy a cross a t\u00e9li olimpia r\u00e9sze legyen.<\/strong><!--more--><\/p>\n<p>A buktat\u00f3 azonban tov\u00e1bbra is a NOB alap\u00edt\u00f3 okirata, ami el\u0151\u00edrja, hogy a t\u00e9li olimpi\u00e1n csak olyan sport szerepelhet, amit havon vagy j\u00e9gen kell \u0171zni. Ez volt az oka annak, hogy a 2020-as Cyclocross Vil\u00e1gkupa fordul\u00f3j\u00e1t a sv\u00e1jci Villarsban tervezt\u00e9k megtartani, 1300 m\u00e9teres magass\u00e1gban. <em>&#8220;Abban rem\u00e9nykedt\u00fcnk, hogy a h\u00f3 majd meggy\u0151zi Thomas Bach-ot, a NOB eln\u00f6k\u00e9t&#8221;<\/em> &#8211; mondta Peter Van den Abeele, az UCI sportigazgat\u00f3ja a WielerFlits c\u00edm\u0171 holland ker\u00e9kp\u00e1ros kiadv\u00e1ny decemberben megrendezett kerekasztal-besz\u00e9lget\u00e9s\u00e9n. <em>\u201eSajnos a COVID-19 kereszt\u00fclh\u00fazta a sz\u00e1m\u00edt\u00e1sainkat.\u201d<\/em><\/p>\n<figure id=\"attachment_9953\" aria-describedby=\"caption-attachment-9953\" style=\"width: 1250px\" class=\"wp-caption alignnone\"><img loading=\"lazy\" decoding=\"async\" class=\"size-full wp-image-9953\" src=\"https:\/\/d2p6e6u75xmxt8.cloudfront.net\/12\/2021\/01\/Ceylin-Del-Carmen-Alvarado-profimedia-0578201191.jpg\" alt=\"Cyclocross Ceylin Del Carmen Alvarado\" width=\"1250\" height=\"833\" srcset=\"https:\/\/d2p6e6u75xmxt8.cloudfront.net\/12\/2021\/01\/Ceylin-Del-Carmen-Alvarado-profimedia-0578201191.jpg 1250w, https:\/\/d2p6e6u75xmxt8.cloudfront.net\/12\/2021\/01\/Ceylin-Del-Carmen-Alvarado-profimedia-0578201191-300x200.jpg 300w, https:\/\/d2p6e6u75xmxt8.cloudfront.net\/12\/2021\/01\/Ceylin-Del-Carmen-Alvarado-profimedia-0578201191-1024x682.jpg 1024w, https:\/\/d2p6e6u75xmxt8.cloudfront.net\/12\/2021\/01\/Ceylin-Del-Carmen-Alvarado-profimedia-0578201191-768x512.jpg 768w, https:\/\/d2p6e6u75xmxt8.cloudfront.net\/12\/2021\/01\/Ceylin-Del-Carmen-Alvarado-profimedia-0578201191-272x182.jpg 272w\" sizes=\"auto, (max-width: 1250px) 100vw, 1250px\" \/><figcaption id=\"caption-attachment-9953\" class=\"wp-caption-text\"><em>A holland Ceylin Del Carmen Alvarado megnyeri a \u2019Herentals Crosst\u2019 n\u0151i elit cyclocross versenyt. \u00a9 Profimedia<\/em><\/figcaption><\/figure>\n<p>Ennek ellen\u00e9re azonban a lobbitev\u00e9kenys\u00e9g folytat\u00f3dik. Az ok, ami\u00e9rt az UCI \u00e9s az \u00f6sszes cyclocross versenyz\u0151 alig v\u00e1rja, hogy a sport megjelenjen az olimpi\u00e1n, nem m\u00e1s, mint a p\u00e9nz. A m\u00e1r eml\u00edtett kerekasztal-besz\u00e9lget\u00e9sen Tomas Van Den Spiegel, a cyclocross versenyek szervez\u0151je \u00e9s Tom Van Damme, a belga ker\u00e9kp\u00e1ros sz\u00f6vets\u00e9g eln\u00f6ke elmondta, hogy az olimpiai befogad\u00e1s p\u00e9nz\u00fcgyi t\u00e1mogat\u00e1ssal j\u00e1r a <em>\u201ecross versenyz\u0151k sz\u00e1m\u00e1ra, \u00e9s ez\u00e1ltal fellend\u00edti a sport gazdas\u00e1g\u00e1t.&#8221;<\/em> Ez az egyik oka annak, hogy a hegyiker\u00e9kp\u00e1roz\u00e1s t\u00f6bb orsz\u00e1gban \u00e1tvette a hatalmat a cross felett.\u00a0 \u201e<em>A montisok kapnak t\u00e1mogat\u00e1st, de a cyclocrossosok nem. Az olimpi\u00e1t megc\u00e9lz\u00f3 sportol\u00f3k nagyobb es\u00e9llyel jutnak p\u00e9nzhez\u201d<\/em> &#8211; mondta Van Damme.<\/p>\n<p><em>\u201eBelgium kiv\u00e9telt jelen abban a tekintetben, hogy a cyclocross szt\u00e1rjait j\u00f3l fizetik. Sok orsz\u00e1gban ez ink\u00e1bb csak egy hobbi&#8221;<\/em> &#8211; jegyezte meg. Van Den Spiegel szerint az olimpiai szerepl\u00e9s sokkal t\u00f6bb p\u00e9nzt szabad\u00edt fel a nemzeti sz\u00f6vets\u00e9gek sz\u00e1m\u00e1ra.<\/p>\n<figure id=\"attachment_9954\" aria-describedby=\"caption-attachment-9954\" style=\"width: 1250px\" class=\"wp-caption alignnone\"><img loading=\"lazy\" decoding=\"async\" class=\"size-full wp-image-9954\" src=\"https:\/\/d2p6e6u75xmxt8.cloudfront.net\/12\/2021\/01\/Sanne-Cant-profimedia-0580630923.jpg\" alt=\"Sanne Cant\" width=\"1250\" height=\"833\" srcset=\"https:\/\/d2p6e6u75xmxt8.cloudfront.net\/12\/2021\/01\/Sanne-Cant-profimedia-0580630923.jpg 1250w, https:\/\/d2p6e6u75xmxt8.cloudfront.net\/12\/2021\/01\/Sanne-Cant-profimedia-0580630923-300x200.jpg 300w, https:\/\/d2p6e6u75xmxt8.cloudfront.net\/12\/2021\/01\/Sanne-Cant-profimedia-0580630923-1024x682.jpg 1024w, https:\/\/d2p6e6u75xmxt8.cloudfront.net\/12\/2021\/01\/Sanne-Cant-profimedia-0580630923-768x512.jpg 768w, https:\/\/d2p6e6u75xmxt8.cloudfront.net\/12\/2021\/01\/Sanne-Cant-profimedia-0580630923-272x182.jpg 272w\" sizes=\"auto, (max-width: 1250px) 100vw, 1250px\" \/><figcaption id=\"caption-attachment-9954\" class=\"wp-caption-text\"><em>A belga Sanne Cant akci\u00f3ban, a hulsti \u2019Vestingcross\u2019 ker\u00e9kp\u00e1rversenyen. \u00a9 Profimedia<\/em><\/figcaption><\/figure>\n<p>Term\u00e9szetesen azt gondoln\u00e1nk, hogy k\u00f6nnyebb lenne a ny\u00e1ri olimpi\u00e1n elfogadtani a sport\u00e1gat. Nos, nem igaz\u00e1n. Egyr\u00e9szt a keresztid\u00e9ny \u0151sszel \u00e9s t\u00e9len \u00e1t tart, \u00edgy a t\u00e9li olimpia term\u00e9szetesebben illeszkedne a sport napt\u00e1r\u00e1ba. Ezenk\u00edv\u00fcl a ny\u00e1ri j\u00e1t\u00e9kok 28 sport\u00e1gra (a break t\u00e1ncot is bele\u00e9rtve!), 300 esem\u00e9nyre \u00e9s 10 000 sportol\u00f3ra korl\u00e1toz\u00f3dnak. Ez azt jelenten\u00e9, hogy egy ker\u00e9kp\u00e1ros esem\u00e9nyt &#8211; vagy egy olyan sport\u00e1gat, amely m\u00e1r nem \u00e9rdekel senkit &#8211; ki kellene dobni az olimpi\u00e1r\u00f3l, hogy helyet kaphasson a cyclocross. A t\u00e9li olimpi\u00e1n nincsenek ilyen korl\u00e1toz\u00e1sok. Csak az, hogy a sportot havon vagy j\u00e9gen kell j\u00e1tszani.<\/p>\n<p>Ha te is szeretn\u00e9d t\u00e1mogatni a sport\u00e1gat, <a href=\"https:\/\/www.change.org\/p\/comit%C3%A9-international-olympique-cyclocross-in-the-list-of-olympic-winter-sports\">ezzel az online pet\u00edci\u00f3val<\/a> megteheted. A cikk \u00edr\u00e1s\u00e1nak pillanat\u00e1ban 4739 al\u00e1\u00edr\u00e1s gy\u0171lt \u00f6ssze. A c\u00e9l 5000! A pet\u00edci\u00f3 egy r\u00e9sze \u00edgy hangzik: <em>\u201eA cyclocross tiszt\u00e1n t\u00e9li sport, amelyet \u00e9vek \u00f3ta gyakorolnak a vil\u00e1g minden t\u00e1j\u00e1n (term\u00e9szetesen minden olyan orsz\u00e1gban, ahol a t\u00e9li olimpiai j\u00e1t\u00e9kok sz\u00e1mos sport\u00e1g\u00e1t gyakorolj\u00e1k). Az es\u0151, a s\u00e1r, a hideg, a j\u00e9g \u00e9s a h\u00f3 nem \u00e1ll\u00edtja meg a cross versenyz\u0151ket.\u201d<\/em><\/p>\n","protected":false},"excerpt":{"rendered":"<p>Az UCI m\u00e1r r\u00e9g\u00f3ta (\u00e9s val\u00f3sz\u00edn\u0171leg m\u00e9g sok\u00e1ig) lobbizik az\u00e9rt, hogy a cyclocross olimpiai sport\u00e1gg\u00e1 v\u00e1ljon. A test\u00fclet azonban nem [&hellip;]<\/p>\n","protected":false},"author":71,"featured_media":9956,"comment_status":"closed","ping_status":"closed","sticky":false,"template":"","format":"standard","meta":{"footnotes":""},"categories":[7],"tags":[],"global-categories":[],"class_list":["post-9952","post","type-post","status-publish","format-standard","has-post-thumbnail","hentry","category-trekking-mtb"],"yoast_head":"<!-- This site is optimized with the Yoast SEO Premium plugin v25.3 (Yoast SEO v25.9) - https:\/\/yoast.com\/wordpress\/plugins\/seo\/ -->\n<title>Cyclocross az olimpi\u00e1n?<\/title>\n<meta name=\"description\" content=\"Az UCI m\u00e1r r\u00e9g\u00f3ta (\u00e9s val\u00f3sz\u00edn\u0171leg m\u00e9g sok\u00e1ig) lobbizik az\u00e9rt, hogy a cyclocross olimpiai sport\u00e1gg\u00e1 v\u00e1ljon. A test\u00fclet azonban nem a ny\u00e1ri j\u00e1t\u00e9kokat vette c\u00e9lba, mint ahogy azt v\u00e1rtuk, hanem azt szeretn\u00e9, hogy a cross a t\u00e9li olimpia r\u00e9sze legyen.\" \/>\n<meta name=\"robots\" content=\"index, follow, max-snippet:-1, max-image-preview:large, max-video-preview:-1\" \/>\n<link rel=\"canonical\" href=\"https:\/\/www.welovecycling.com\/hu\/trekking-mtb\/cyclocross-az-olimpian\/\" \/>\n<meta property=\"og:locale\" content=\"hu_HU\" \/>\n<meta property=\"og:type\" content=\"article\" \/>\n<meta property=\"og:title\" content=\"Cyclocross az olimpi\u00e1n?\" \/>\n<meta property=\"og:description\" content=\"Az UCI m\u00e1r r\u00e9g\u00f3ta (\u00e9s val\u00f3sz\u00edn\u0171leg m\u00e9g sok\u00e1ig) lobbizik az\u00e9rt, hogy a cyclocross olimpiai sport\u00e1gg\u00e1 v\u00e1ljon. A test\u00fclet azonban nem a ny\u00e1ri j\u00e1t\u00e9kokat vette c\u00e9lba, mint ahogy azt v\u00e1rtuk, hanem azt szeretn\u00e9, hogy a cross a t\u00e9li olimpia r\u00e9sze legyen.\" \/>\n<meta property=\"og:url\" content=\"https:\/\/www.welovecycling.com\/hu\/trekking-mtb\/cyclocross-az-olimpian\/\" \/>\n<meta property=\"og:site_name\" content=\"\u0160koda We Love Cycling - Magyarorsz\u00e1g\" \/>\n<meta property=\"article:publisher\" content=\"https:\/\/www.facebook.com\/WeLoveCyclingHungary\/\" \/>\n<meta property=\"article:published_time\" content=\"2021-01-20T07:00:20+00:00\" \/>\n<meta property=\"og:image\" content=\"https:\/\/d2p6e6u75xmxt8.cloudfront.net\/12\/2021\/01\/Mathieu-Van-Der-Poel-profimedia-0404045640-1.jpg\" \/>\n\t<meta property=\"og:image:width\" content=\"1366\" \/>\n\t<meta property=\"og:image:height\" content=\"600\" \/>\n\t<meta property=\"og:image:type\" content=\"image\/jpeg\" \/>\n<meta name=\"author\" content=\"hegyizs\" \/>\n<meta name=\"twitter:card\" content=\"summary_large_image\" \/>\n<meta name=\"twitter:label1\" content=\"Written by\" \/>\n\t<meta name=\"twitter:data1\" content=\"Siegfried Mortkowitz\" \/>\n\t<meta name=\"twitter:label2\" content=\"Est. reading time\" \/>\n\t<meta name=\"twitter:data2\" content=\"5\" \/>\n<script type=\"application\/ld+json\" class=\"yoast-schema-graph\">{\"@context\":\"https:\/\/schema.org\",\"@graph\":[{\"@type\":\"WebPage\",\"@id\":\"https:\/\/www.welovecycling.com\/hu\/trekking-mtb\/cyclocross-az-olimpian\/\",\"url\":\"https:\/\/www.welovecycling.com\/hu\/trekking-mtb\/cyclocross-az-olimpian\/\",\"name\":\"Cyclocross az olimpi\u00e1n?\",\"isPartOf\":{\"@id\":\"https:\/\/www.welovecycling.com\/hu\/#website\"},\"primaryImageOfPage\":{\"@id\":\"https:\/\/www.welovecycling.com\/hu\/trekking-mtb\/cyclocross-az-olimpian\/#primaryimage\"},\"image\":{\"@id\":\"https:\/\/www.welovecycling.com\/hu\/trekking-mtb\/cyclocross-az-olimpian\/#primaryimage\"},\"thumbnailUrl\":\"https:\/\/d2p6e6u75xmxt8.cloudfront.net\/12\/2021\/01\/Mathieu-Van-Der-Poel-profimedia-0404045640-1.jpg\",\"datePublished\":\"2021-01-20T07:00:20+00:00\",\"author\":{\"@id\":\"https:\/\/www.welovecycling.com\/hu\/#\/schema\/person\/414a2aebf1801691a5320edb6468e194\"},\"description\":\"Az UCI m\u00e1r r\u00e9g\u00f3ta (\u00e9s val\u00f3sz\u00edn\u0171leg m\u00e9g sok\u00e1ig) lobbizik az\u00e9rt, hogy a cyclocross olimpiai sport\u00e1gg\u00e1 v\u00e1ljon. A test\u00fclet azonban nem a ny\u00e1ri j\u00e1t\u00e9kokat vette c\u00e9lba, mint ahogy azt v\u00e1rtuk, hanem azt szeretn\u00e9, hogy a cross a t\u00e9li olimpia r\u00e9sze legyen.\",\"breadcrumb\":{\"@id\":\"https:\/\/www.welovecycling.com\/hu\/trekking-mtb\/cyclocross-az-olimpian\/#breadcrumb\"},\"inLanguage\":\"hu\",\"potentialAction\":[{\"@type\":\"ReadAction\",\"target\":[\"https:\/\/www.welovecycling.com\/hu\/trekking-mtb\/cyclocross-az-olimpian\/\"]}]},{\"@type\":\"ImageObject\",\"inLanguage\":\"hu\",\"@id\":\"https:\/\/www.welovecycling.com\/hu\/trekking-mtb\/cyclocross-az-olimpian\/#primaryimage\",\"url\":\"https:\/\/d2p6e6u75xmxt8.cloudfront.net\/12\/2021\/01\/Mathieu-Van-Der-Poel-profimedia-0404045640-1.jpg\",\"contentUrl\":\"https:\/\/d2p6e6u75xmxt8.cloudfront.net\/12\/2021\/01\/Mathieu-Van-Der-Poel-profimedia-0404045640-1.jpg\",\"width\":1366,\"height\":600,\"caption\":\"Mathieu Van Der Poel\"},{\"@type\":\"BreadcrumbList\",\"@id\":\"https:\/\/www.welovecycling.com\/hu\/trekking-mtb\/cyclocross-az-olimpian\/#breadcrumb\",\"itemListElement\":[{\"@type\":\"ListItem\",\"position\":1,\"name\":\"Home\",\"item\":\"https:\/\/www.welovecycling.com\/hu\/\"},{\"@type\":\"ListItem\",\"position\":2,\"name\":\"Cyclocross az olimpi\u00e1n?\"}]},{\"@type\":\"WebSite\",\"@id\":\"https:\/\/www.welovecycling.com\/hu\/#website\",\"url\":\"https:\/\/www.welovecycling.com\/hu\/\",\"name\":\"\u0160koda We Love Cycling - Magyarorsz\u00e1g\",\"description\":\"\u0160koda WeLoveCycling\",\"potentialAction\":[{\"@type\":\"SearchAction\",\"target\":{\"@type\":\"EntryPoint\",\"urlTemplate\":\"https:\/\/www.welovecycling.com\/hu\/?s={search_term_string}\"},\"query-input\":{\"@type\":\"PropertyValueSpecification\",\"valueRequired\":true,\"valueName\":\"search_term_string\"}}],\"inLanguage\":\"hu\"},{\"@type\":\"Person\",\"@id\":\"https:\/\/www.welovecycling.com\/hu\/#\/schema\/person\/414a2aebf1801691a5320edb6468e194\",\"name\":\"hegyizs\",\"image\":{\"@type\":\"ImageObject\",\"inLanguage\":\"hu\",\"@id\":\"https:\/\/www.welovecycling.com\/hu\/#\/schema\/person\/image\/\",\"url\":\"https:\/\/secure.gravatar.com\/avatar\/02cf8a7906b8cf90cecb4679defac7cfd33a1c2e3b88e4903d947f3bb58eedd3?s=96&d=mm&r=g\",\"contentUrl\":\"https:\/\/secure.gravatar.com\/avatar\/02cf8a7906b8cf90cecb4679defac7cfd33a1c2e3b88e4903d947f3bb58eedd3?s=96&d=mm&r=g\",\"caption\":\"hegyizs\"},\"url\":\"https:\/\/www.welovecycling.com\/hu\/author\/hegyizs\/\"}]}<\/script>\n<!-- \/ Yoast SEO Premium plugin. -->","yoast_head_json":{"title":"Cyclocross az olimpi\u00e1n?","description":"Az UCI m\u00e1r r\u00e9g\u00f3ta (\u00e9s val\u00f3sz\u00edn\u0171leg m\u00e9g sok\u00e1ig) lobbizik az\u00e9rt, hogy a cyclocross olimpiai sport\u00e1gg\u00e1 v\u00e1ljon. A test\u00fclet azonban nem a ny\u00e1ri j\u00e1t\u00e9kokat vette c\u00e9lba, mint ahogy azt v\u00e1rtuk, hanem azt szeretn\u00e9, hogy a cross a t\u00e9li olimpia r\u00e9sze legyen.","robots":{"index":"index","follow":"follow","max-snippet":"max-snippet:-1","max-image-preview":"max-image-preview:large","max-video-preview":"max-video-preview:-1"},"canonical":"https:\/\/www.welovecycling.com\/hu\/trekking-mtb\/cyclocross-az-olimpian\/","og_locale":"hu_HU","og_type":"article","og_title":"Cyclocross az olimpi\u00e1n?","og_description":"Az UCI m\u00e1r r\u00e9g\u00f3ta (\u00e9s val\u00f3sz\u00edn\u0171leg m\u00e9g sok\u00e1ig) lobbizik az\u00e9rt, hogy a cyclocross olimpiai sport\u00e1gg\u00e1 v\u00e1ljon. A test\u00fclet azonban nem a ny\u00e1ri j\u00e1t\u00e9kokat vette c\u00e9lba, mint ahogy azt v\u00e1rtuk, hanem azt szeretn\u00e9, hogy a cross a t\u00e9li olimpia r\u00e9sze legyen.","og_url":"https:\/\/www.welovecycling.com\/hu\/trekking-mtb\/cyclocross-az-olimpian\/","og_site_name":"\u0160koda We Love Cycling - Magyarorsz\u00e1g","article_publisher":"https:\/\/www.facebook.com\/WeLoveCyclingHungary\/","article_published_time":"2021-01-20T07:00:20+00:00","og_image":[{"width":1366,"height":600,"url":"https:\/\/d2p6e6u75xmxt8.cloudfront.net\/12\/2021\/01\/Mathieu-Van-Der-Poel-profimedia-0404045640-1.jpg","type":"image\/jpeg"}],"author":"hegyizs","twitter_card":"summary_large_image","twitter_misc":{"Written by":"Siegfried Mortkowitz","Est. reading time":"5"},"schema":{"@context":"https:\/\/schema.org","@graph":[{"@type":"WebPage","@id":"https:\/\/www.welovecycling.com\/hu\/trekking-mtb\/cyclocross-az-olimpian\/","url":"https:\/\/www.welovecycling.com\/hu\/trekking-mtb\/cyclocross-az-olimpian\/","name":"Cyclocross az olimpi\u00e1n?","isPartOf":{"@id":"https:\/\/www.welovecycling.com\/hu\/#website"},"primaryImageOfPage":{"@id":"https:\/\/www.welovecycling.com\/hu\/trekking-mtb\/cyclocross-az-olimpian\/#primaryimage"},"image":{"@id":"https:\/\/www.welovecycling.com\/hu\/trekking-mtb\/cyclocross-az-olimpian\/#primaryimage"},"thumbnailUrl":"https:\/\/d2p6e6u75xmxt8.cloudfront.net\/12\/2021\/01\/Mathieu-Van-Der-Poel-profimedia-0404045640-1.jpg","datePublished":"2021-01-20T07:00:20+00:00","author":{"@id":"https:\/\/www.welovecycling.com\/hu\/#\/schema\/person\/414a2aebf1801691a5320edb6468e194"},"description":"Az UCI m\u00e1r r\u00e9g\u00f3ta (\u00e9s val\u00f3sz\u00edn\u0171leg m\u00e9g sok\u00e1ig) lobbizik az\u00e9rt, hogy a cyclocross olimpiai sport\u00e1gg\u00e1 v\u00e1ljon. A test\u00fclet azonban nem a ny\u00e1ri j\u00e1t\u00e9kokat vette c\u00e9lba, mint ahogy azt v\u00e1rtuk, hanem azt szeretn\u00e9, hogy a cross a t\u00e9li olimpia r\u00e9sze legyen.","breadcrumb":{"@id":"https:\/\/www.welovecycling.com\/hu\/trekking-mtb\/cyclocross-az-olimpian\/#breadcrumb"},"inLanguage":"hu","potentialAction":[{"@type":"ReadAction","target":["https:\/\/www.welovecycling.com\/hu\/trekking-mtb\/cyclocross-az-olimpian\/"]}]},{"@type":"ImageObject","inLanguage":"hu","@id":"https:\/\/www.welovecycling.com\/hu\/trekking-mtb\/cyclocross-az-olimpian\/#primaryimage","url":"https:\/\/d2p6e6u75xmxt8.cloudfront.net\/12\/2021\/01\/Mathieu-Van-Der-Poel-profimedia-0404045640-1.jpg","contentUrl":"https:\/\/d2p6e6u75xmxt8.cloudfront.net\/12\/2021\/01\/Mathieu-Van-Der-Poel-profimedia-0404045640-1.jpg","width":1366,"height":600,"caption":"Mathieu Van Der Poel"},{"@type":"BreadcrumbList","@id":"https:\/\/www.welovecycling.com\/hu\/trekking-mtb\/cyclocross-az-olimpian\/#breadcrumb","itemListElement":[{"@type":"ListItem","position":1,"name":"Home","item":"https:\/\/www.welovecycling.com\/hu\/"},{"@type":"ListItem","position":2,"name":"Cyclocross az olimpi\u00e1n?"}]},{"@type":"WebSite","@id":"https:\/\/www.welovecycling.com\/hu\/#website","url":"https:\/\/www.welovecycling.com\/hu\/","name":"\u0160koda We Love Cycling - Magyarorsz\u00e1g","description":"\u0160koda WeLoveCycling","potentialAction":[{"@type":"SearchAction","target":{"@type":"EntryPoint","urlTemplate":"https:\/\/www.welovecycling.com\/hu\/?s={search_term_string}"},"query-input":{"@type":"PropertyValueSpecification","valueRequired":true,"valueName":"search_term_string"}}],"inLanguage":"hu"},{"@type":"Person","@id":"https:\/\/www.welovecycling.com\/hu\/#\/schema\/person\/414a2aebf1801691a5320edb6468e194","name":"hegyizs","image":{"@type":"ImageObject","inLanguage":"hu","@id":"https:\/\/www.welovecycling.com\/hu\/#\/schema\/person\/image\/","url":"https:\/\/secure.gravatar.com\/avatar\/02cf8a7906b8cf90cecb4679defac7cfd33a1c2e3b88e4903d947f3bb58eedd3?s=96&d=mm&r=g","contentUrl":"https:\/\/secure.gravatar.com\/avatar\/02cf8a7906b8cf90cecb4679defac7cfd33a1c2e3b88e4903d947f3bb58eedd3?s=96&d=mm&r=g","caption":"hegyizs"},"url":"https:\/\/www.welovecycling.com\/hu\/author\/hegyizs\/"}]}},"_links":{"self":[{"href":"https:\/\/www.welovecycling.com\/hu\/wp-json\/wp\/v2\/posts\/9952","targetHints":{"allow":["GET"]}}],"collection":[{"href":"https:\/\/www.welovecycling.com\/hu\/wp-json\/wp\/v2\/posts"}],"about":[{"href":"https:\/\/www.welovecycling.com\/hu\/wp-json\/wp\/v2\/types\/post"}],"author":[{"embeddable":true,"href":"https:\/\/www.welovecycling.com\/hu\/wp-json\/wp\/v2\/users\/71"}],"replies":[{"embeddable":true,"href":"https:\/\/www.welovecycling.com\/hu\/wp-json\/wp\/v2\/comments?post=9952"}],"version-history":[{"count":2,"href":"https:\/\/www.welovecycling.com\/hu\/wp-json\/wp\/v2\/posts\/9952\/revisions"}],"predecessor-version":[{"id":9965,"href":"https:\/\/www.welovecycling.com\/hu\/wp-json\/wp\/v2\/posts\/9952\/revisions\/9965"}],"wp:featuredmedia":[{"embeddable":true,"href":"https:\/\/www.welovecycling.com\/hu\/wp-json\/wp\/v2\/media\/9956"}],"wp:attachment":[{"href":"https:\/\/www.welovecycling.com\/hu\/wp-json\/wp\/v2\/media?parent=9952"}],"wp:term":[{"taxonomy":"category","embeddable":true,"href":"https:\/\/www.welovecycling.com\/hu\/wp-json\/wp\/v2\/categories?post=9952"},{"taxonomy":"post_tag","embeddable":true,"href":"https:\/\/www.welovecycling.com\/hu\/wp-json\/wp\/v2\/tags?post=9952"},{"taxonomy":"global-categories","embeddable":true,"href":"https:\/\/www.welovecycling.com\/hu\/wp-json\/wp\/v2\/global-categories?post=9952"}],"curies":[{"name":"wp","href":"https:\/\/api.w.org\/{rel}","templated":true}]}}