{"id":9936,"date":"2021-01-18T08:00:15","date_gmt":"2021-01-18T07:00:15","guid":{"rendered":"https:\/\/www.welovecycling.com\/hu\/?p=9936"},"modified":"2021-01-15T17:06:59","modified_gmt":"2021-01-15T16:06:59","slug":"nincs-szukseged-uj-biciklire","status":"publish","type":"post","link":"https:\/\/www.welovecycling.com\/hu\/kozosseg-es-kultura\/nincs-szukseged-uj-biciklire\/","title":{"rendered":"Nincs sz\u00fcks\u00e9ged \u00faj biciklire!"},"content":{"rendered":"<p><strong>A ker\u00e9kp\u00e1rpiac hi\u00e1nnyal k\u00fczd, az \u00f6sszegy\u0171jt\u00f6tt p\u00e9nzednek pedig jobb helye van a bankban, mint az utakon. Mutatjuk, mi\u00e9rt!<\/strong><!--more--><\/p>\n<h2><strong>Pont j\u00f3l n\u00e9z ki a bring\u00e1d!<\/strong><\/h2>\n<p>Teljesen j\u00f3 egy 2016-os Bianchi modell. Na \u00e9s, ha \u00e9pp lecs\u00faszt\u00e1l az \u00fajabbr\u00f3l? Csak n\u00e9gy \u00e9v m\u00falva megy majd ki a divatb\u00f3l, m\u00e9g megveheted k\u00e9s\u0151bb is! A ker\u00e9kp\u00e1roz\u00e1s nem a divatr\u00f3l sz\u00f3l! Ugye\u2026?<\/p>\n<lite-youtube videoid=7R2y_ESKy88 params=\"enablejsapi=1\" style=\"background-image: url('https:\/\/i.ytimg.com\/vi_webp\/7R2y_ESKy88\/maxresdefault.webp');\"><\/lite-youtube>\n<p>Hiszen nagyon dr\u00e1g\u00e1k az olyan tit\u00e1nv\u00e1zas klasszikus sz\u00e9ps\u00e9gek, mint amilyen Van Nicholas Rowtag\u00e9. Persze, te is meg\u00e9p\u00edtheted a saj\u00e1tod, amivel rengeteg p\u00e9nzt megtakar\u00edthatsz, viszont sok id\u0151t kell r\u00e1\u00e1ldoznod.<\/p>\n<h2><strong>\u00c1pold \u00e9s tuningold!<\/strong><\/h2>\n<p>A ker\u00e9kp\u00e1runk karbantart\u00e1sa az \u00e9let egyik legnagyobb \u00f6r\u00f6me. Valah\u00e1nyszor legurulok a 2013-as Trek bring\u00e1mmal a felhajt\u00f3r\u00f3l, elt\u00f6lt a b\u00fcszkes\u00e9g, hogy nem kell \u00faj biciklit v\u00e1s\u00e1rolnom, mert mindent zs\u00edrtalan\u00edtok \u00e9s zs\u00edrozok, ami zs\u00edrtalan\u00edt\u00e1sra \u00e9s zs\u00edroz\u00e1sra szorul.<\/p>\n<lite-youtube videoid=VLOnV9Ey27E params=\"enablejsapi=1\" style=\"background-image: url('https:\/\/i.ytimg.com\/vi_webp\/VLOnV9Ey27E\/maxresdefault.webp');\"><\/lite-youtube>\n<p>Azt\u00e1n el\u00f6nt a melegs\u00e9g, ahogy eszembe jut, amikor a Trek l\u00e1nckerek\u00e9t lecser\u00e9ltem egy jobbra, azt\u00e1n a kerekeit Aeolus Elite-re, \u00e9s v\u00e9g\u00fcl a korm\u00e1nyt Primaver\u00e1ra, amikor le volt \u00e1razva. \u00c9s persze a p\u00e9nz is felvillan lelki szemeim el\u0151tt, amit megsp\u00f3roltam azzal, hogy nem vettem \u00faj biciklit, hanem a megl\u00e9v\u0151t tuningoltam.<\/p>\n<h2><strong>A ker\u00e9kp\u00e1rok sokoldal\u00faak<\/strong><\/h2>\n<p>Egy bar\u00e1tom leszokott a montikr\u00f3l \u00e9s vett egy gravel bring\u00e1t. Nem r\u00e9g kipr\u00f3b\u00e1lta a klipszeket, azt\u00e1n \u00fagy d\u00f6nt\u00f6tt, vesz egy orsz\u00e1g\u00fatit is. Mekkora pazarl\u00e1s! Csak \u00e1t kellett volna \u00e1ll\u00edtani a nyereg magass\u00e1g\u00e1t \u00e9s kicsit \u00e1talak\u00edtani a megl\u00e9v\u0151 j\u00e1rg\u00e1nyt\u2026 de h\u00e1t, ki vagyok \u00e9n, hogy belesz\u00f3ljak?<\/p>\n<lite-youtube videoid=vIrnJCRDj4s params=\"enablejsapi=1\" style=\"background-image: url('https:\/\/i.ytimg.com\/vi_webp\/vIrnJCRDj4s\/maxresdefault.webp');\"><\/lite-youtube>\n<p>Egy m\u00e1sik ismer\u0151s\u00f6m a v\u00e1ll\u00e1t t\u00f6rte, amikor gravel biciklij\u00e9n legurult egy vesz\u00e9lyes lejt\u0151n. A feles\u00e9ge megtiltotta neki, hogy megint ilyen \u0151r\u00fclts\u00e9get csin\u00e1ljon. \u0150 persze megtal\u00e1lta a kiskaput, hiszen technikailag val\u00f3ban biztons\u00e1gosabb, ha egy \u00faj MTB-vel teszi meg ugyanezt. \u00c9n azt mondom, hallgass a feles\u00e9gedre! Ha betartod a szab\u00e1lyokat, nem kell \u00faj biciklit venned.<\/p>\n","protected":false},"excerpt":{"rendered":"<p>A ker\u00e9kp\u00e1rpiac hi\u00e1nnyal k\u00fczd, az \u00f6sszegy\u0171jt\u00f6tt p\u00e9nzednek pedig jobb helye van a bankban, mint az utakon. Mutatjuk, mi\u00e9rt!<\/p>\n","protected":false},"author":71,"featured_media":9940,"comment_status":"closed","ping_status":"closed","sticky":false,"template":"","format":"standard","meta":{"footnotes":""},"categories":[12],"tags":[],"global-categories":[],"class_list":["post-9936","post","type-post","status-publish","format-standard","has-post-thumbnail","hentry","category-kozosseg-es-kultura"],"yoast_head":"<!-- This site is optimized with the Yoast SEO Premium plugin v25.3 (Yoast SEO v25.9) - https:\/\/yoast.com\/wordpress\/plugins\/seo\/ -->\n<title>Nincs sz\u00fcks\u00e9ged \u00faj biciklire! - \u0160koda We Love Cycling - Magyarorsz\u00e1g<\/title>\n<meta name=\"description\" content=\"A ker\u00e9kp\u00e1rpiac hi\u00e1nnyal k\u00fczd, az \u00f6sszegy\u0171jt\u00f6tt p\u00e9nzednek pedig jobb helye van a bankban, mint az utakon. Mutatjuk, mi\u00e9rt!\" \/>\n<meta name=\"robots\" content=\"index, follow, max-snippet:-1, max-image-preview:large, max-video-preview:-1\" \/>\n<link rel=\"canonical\" href=\"https:\/\/www.welovecycling.com\/hu\/kozosseg-es-kultura\/nincs-szukseged-uj-biciklire\/\" \/>\n<meta property=\"og:locale\" content=\"hu_HU\" \/>\n<meta property=\"og:type\" content=\"article\" \/>\n<meta property=\"og:title\" content=\"Nincs sz\u00fcks\u00e9ged \u00faj biciklire!\" \/>\n<meta property=\"og:description\" content=\"A ker\u00e9kp\u00e1rpiac hi\u00e1nnyal k\u00fczd, az \u00f6sszegy\u0171jt\u00f6tt p\u00e9nzednek pedig jobb helye van a bankban, mint az utakon. Mutatjuk, mi\u00e9rt!\" \/>\n<meta property=\"og:url\" content=\"https:\/\/www.welovecycling.com\/hu\/kozosseg-es-kultura\/nincs-szukseged-uj-biciklire\/\" \/>\n<meta property=\"og:site_name\" content=\"\u0160koda We Love Cycling - Magyarorsz\u00e1g\" \/>\n<meta property=\"article:publisher\" content=\"https:\/\/www.facebook.com\/WeLoveCyclingHungary\/\" \/>\n<meta property=\"article:published_time\" content=\"2021-01-18T07:00:15+00:00\" \/>\n<meta property=\"og:image\" content=\"https:\/\/d2p6e6u75xmxt8.cloudfront.net\/12\/2021\/01\/Bike-Shop-CVR-profimedia-0571456937.jpg\" \/>\n\t<meta property=\"og:image:width\" content=\"1366\" \/>\n\t<meta property=\"og:image:height\" content=\"600\" \/>\n\t<meta property=\"og:image:type\" content=\"image\/jpeg\" \/>\n<meta name=\"author\" content=\"hegyizs\" \/>\n<meta name=\"twitter:card\" content=\"summary_large_image\" \/>\n<meta name=\"twitter:label1\" content=\"Written by\" \/>\n\t<meta name=\"twitter:data1\" content=\"Christopher Ashley\" \/>\n\t<meta name=\"twitter:label2\" content=\"Est. reading time\" \/>\n\t<meta name=\"twitter:data2\" content=\"5\" \/>\n<script type=\"application\/ld+json\" class=\"yoast-schema-graph\">{\"@context\":\"https:\/\/schema.org\",\"@graph\":[{\"@type\":\"WebPage\",\"@id\":\"https:\/\/www.welovecycling.com\/hu\/kozosseg-es-kultura\/nincs-szukseged-uj-biciklire\/\",\"url\":\"https:\/\/www.welovecycling.com\/hu\/kozosseg-es-kultura\/nincs-szukseged-uj-biciklire\/\",\"name\":\"Nincs sz\u00fcks\u00e9ged \u00faj biciklire! - \u0160koda We Love Cycling - Magyarorsz\u00e1g\",\"isPartOf\":{\"@id\":\"https:\/\/www.welovecycling.com\/hu\/#website\"},\"primaryImageOfPage\":{\"@id\":\"https:\/\/www.welovecycling.com\/hu\/kozosseg-es-kultura\/nincs-szukseged-uj-biciklire\/#primaryimage\"},\"image\":{\"@id\":\"https:\/\/www.welovecycling.com\/hu\/kozosseg-es-kultura\/nincs-szukseged-uj-biciklire\/#primaryimage\"},\"thumbnailUrl\":\"https:\/\/d2p6e6u75xmxt8.cloudfront.net\/12\/2021\/01\/Bike-Shop-CVR-profimedia-0571456937.jpg\",\"datePublished\":\"2021-01-18T07:00:15+00:00\",\"author\":{\"@id\":\"https:\/\/www.welovecycling.com\/hu\/#\/schema\/person\/414a2aebf1801691a5320edb6468e194\"},\"description\":\"A ker\u00e9kp\u00e1rpiac hi\u00e1nnyal k\u00fczd, az \u00f6sszegy\u0171jt\u00f6tt p\u00e9nzednek pedig jobb helye van a bankban, mint az utakon. Mutatjuk, mi\u00e9rt!\",\"breadcrumb\":{\"@id\":\"https:\/\/www.welovecycling.com\/hu\/kozosseg-es-kultura\/nincs-szukseged-uj-biciklire\/#breadcrumb\"},\"inLanguage\":\"hu\",\"potentialAction\":[{\"@type\":\"ReadAction\",\"target\":[\"https:\/\/www.welovecycling.com\/hu\/kozosseg-es-kultura\/nincs-szukseged-uj-biciklire\/\"]}]},{\"@type\":\"ImageObject\",\"inLanguage\":\"hu\",\"@id\":\"https:\/\/www.welovecycling.com\/hu\/kozosseg-es-kultura\/nincs-szukseged-uj-biciklire\/#primaryimage\",\"url\":\"https:\/\/d2p6e6u75xmxt8.cloudfront.net\/12\/2021\/01\/Bike-Shop-CVR-profimedia-0571456937.jpg\",\"contentUrl\":\"https:\/\/d2p6e6u75xmxt8.cloudfront.net\/12\/2021\/01\/Bike-Shop-CVR-profimedia-0571456937.jpg\",\"width\":1366,\"height\":600,\"caption\":\"Bike Shop\"},{\"@type\":\"BreadcrumbList\",\"@id\":\"https:\/\/www.welovecycling.com\/hu\/kozosseg-es-kultura\/nincs-szukseged-uj-biciklire\/#breadcrumb\",\"itemListElement\":[{\"@type\":\"ListItem\",\"position\":1,\"name\":\"Home\",\"item\":\"https:\/\/www.welovecycling.com\/hu\/\"},{\"@type\":\"ListItem\",\"position\":2,\"name\":\"Nincs sz\u00fcks\u00e9ged \u00faj biciklire!\"}]},{\"@type\":\"WebSite\",\"@id\":\"https:\/\/www.welovecycling.com\/hu\/#website\",\"url\":\"https:\/\/www.welovecycling.com\/hu\/\",\"name\":\"\u0160koda We Love Cycling - Magyarorsz\u00e1g\",\"description\":\"\u0160koda WeLoveCycling\",\"potentialAction\":[{\"@type\":\"SearchAction\",\"target\":{\"@type\":\"EntryPoint\",\"urlTemplate\":\"https:\/\/www.welovecycling.com\/hu\/?s={search_term_string}\"},\"query-input\":{\"@type\":\"PropertyValueSpecification\",\"valueRequired\":true,\"valueName\":\"search_term_string\"}}],\"inLanguage\":\"hu\"},{\"@type\":\"Person\",\"@id\":\"https:\/\/www.welovecycling.com\/hu\/#\/schema\/person\/414a2aebf1801691a5320edb6468e194\",\"name\":\"hegyizs\",\"image\":{\"@type\":\"ImageObject\",\"inLanguage\":\"hu\",\"@id\":\"https:\/\/www.welovecycling.com\/hu\/#\/schema\/person\/image\/\",\"url\":\"https:\/\/secure.gravatar.com\/avatar\/02cf8a7906b8cf90cecb4679defac7cfd33a1c2e3b88e4903d947f3bb58eedd3?s=96&d=mm&r=g\",\"contentUrl\":\"https:\/\/secure.gravatar.com\/avatar\/02cf8a7906b8cf90cecb4679defac7cfd33a1c2e3b88e4903d947f3bb58eedd3?s=96&d=mm&r=g\",\"caption\":\"hegyizs\"},\"url\":\"https:\/\/www.welovecycling.com\/hu\/author\/hegyizs\/\"}]}<\/script>\n<!-- \/ Yoast SEO Premium plugin. -->","yoast_head_json":{"title":"Nincs sz\u00fcks\u00e9ged \u00faj biciklire! - \u0160koda We Love Cycling - Magyarorsz\u00e1g","description":"A ker\u00e9kp\u00e1rpiac hi\u00e1nnyal k\u00fczd, az \u00f6sszegy\u0171jt\u00f6tt p\u00e9nzednek pedig jobb helye van a bankban, mint az utakon. Mutatjuk, mi\u00e9rt!","robots":{"index":"index","follow":"follow","max-snippet":"max-snippet:-1","max-image-preview":"max-image-preview:large","max-video-preview":"max-video-preview:-1"},"canonical":"https:\/\/www.welovecycling.com\/hu\/kozosseg-es-kultura\/nincs-szukseged-uj-biciklire\/","og_locale":"hu_HU","og_type":"article","og_title":"Nincs sz\u00fcks\u00e9ged \u00faj biciklire!","og_description":"A ker\u00e9kp\u00e1rpiac hi\u00e1nnyal k\u00fczd, az \u00f6sszegy\u0171jt\u00f6tt p\u00e9nzednek pedig jobb helye van a bankban, mint az utakon. Mutatjuk, mi\u00e9rt!","og_url":"https:\/\/www.welovecycling.com\/hu\/kozosseg-es-kultura\/nincs-szukseged-uj-biciklire\/","og_site_name":"\u0160koda We Love Cycling - Magyarorsz\u00e1g","article_publisher":"https:\/\/www.facebook.com\/WeLoveCyclingHungary\/","article_published_time":"2021-01-18T07:00:15+00:00","og_image":[{"width":1366,"height":600,"url":"https:\/\/d2p6e6u75xmxt8.cloudfront.net\/12\/2021\/01\/Bike-Shop-CVR-profimedia-0571456937.jpg","type":"image\/jpeg"}],"author":"hegyizs","twitter_card":"summary_large_image","twitter_misc":{"Written by":"Christopher Ashley","Est. reading time":"5"},"schema":{"@context":"https:\/\/schema.org","@graph":[{"@type":"WebPage","@id":"https:\/\/www.welovecycling.com\/hu\/kozosseg-es-kultura\/nincs-szukseged-uj-biciklire\/","url":"https:\/\/www.welovecycling.com\/hu\/kozosseg-es-kultura\/nincs-szukseged-uj-biciklire\/","name":"Nincs sz\u00fcks\u00e9ged \u00faj biciklire! - \u0160koda We Love Cycling - Magyarorsz\u00e1g","isPartOf":{"@id":"https:\/\/www.welovecycling.com\/hu\/#website"},"primaryImageOfPage":{"@id":"https:\/\/www.welovecycling.com\/hu\/kozosseg-es-kultura\/nincs-szukseged-uj-biciklire\/#primaryimage"},"image":{"@id":"https:\/\/www.welovecycling.com\/hu\/kozosseg-es-kultura\/nincs-szukseged-uj-biciklire\/#primaryimage"},"thumbnailUrl":"https:\/\/d2p6e6u75xmxt8.cloudfront.net\/12\/2021\/01\/Bike-Shop-CVR-profimedia-0571456937.jpg","datePublished":"2021-01-18T07:00:15+00:00","author":{"@id":"https:\/\/www.welovecycling.com\/hu\/#\/schema\/person\/414a2aebf1801691a5320edb6468e194"},"description":"A ker\u00e9kp\u00e1rpiac hi\u00e1nnyal k\u00fczd, az \u00f6sszegy\u0171jt\u00f6tt p\u00e9nzednek pedig jobb helye van a bankban, mint az utakon. Mutatjuk, mi\u00e9rt!","breadcrumb":{"@id":"https:\/\/www.welovecycling.com\/hu\/kozosseg-es-kultura\/nincs-szukseged-uj-biciklire\/#breadcrumb"},"inLanguage":"hu","potentialAction":[{"@type":"ReadAction","target":["https:\/\/www.welovecycling.com\/hu\/kozosseg-es-kultura\/nincs-szukseged-uj-biciklire\/"]}]},{"@type":"ImageObject","inLanguage":"hu","@id":"https:\/\/www.welovecycling.com\/hu\/kozosseg-es-kultura\/nincs-szukseged-uj-biciklire\/#primaryimage","url":"https:\/\/d2p6e6u75xmxt8.cloudfront.net\/12\/2021\/01\/Bike-Shop-CVR-profimedia-0571456937.jpg","contentUrl":"https:\/\/d2p6e6u75xmxt8.cloudfront.net\/12\/2021\/01\/Bike-Shop-CVR-profimedia-0571456937.jpg","width":1366,"height":600,"caption":"Bike Shop"},{"@type":"BreadcrumbList","@id":"https:\/\/www.welovecycling.com\/hu\/kozosseg-es-kultura\/nincs-szukseged-uj-biciklire\/#breadcrumb","itemListElement":[{"@type":"ListItem","position":1,"name":"Home","item":"https:\/\/www.welovecycling.com\/hu\/"},{"@type":"ListItem","position":2,"name":"Nincs sz\u00fcks\u00e9ged \u00faj biciklire!"}]},{"@type":"WebSite","@id":"https:\/\/www.welovecycling.com\/hu\/#website","url":"https:\/\/www.welovecycling.com\/hu\/","name":"\u0160koda We Love Cycling - Magyarorsz\u00e1g","description":"\u0160koda WeLoveCycling","potentialAction":[{"@type":"SearchAction","target":{"@type":"EntryPoint","urlTemplate":"https:\/\/www.welovecycling.com\/hu\/?s={search_term_string}"},"query-input":{"@type":"PropertyValueSpecification","valueRequired":true,"valueName":"search_term_string"}}],"inLanguage":"hu"},{"@type":"Person","@id":"https:\/\/www.welovecycling.com\/hu\/#\/schema\/person\/414a2aebf1801691a5320edb6468e194","name":"hegyizs","image":{"@type":"ImageObject","inLanguage":"hu","@id":"https:\/\/www.welovecycling.com\/hu\/#\/schema\/person\/image\/","url":"https:\/\/secure.gravatar.com\/avatar\/02cf8a7906b8cf90cecb4679defac7cfd33a1c2e3b88e4903d947f3bb58eedd3?s=96&d=mm&r=g","contentUrl":"https:\/\/secure.gravatar.com\/avatar\/02cf8a7906b8cf90cecb4679defac7cfd33a1c2e3b88e4903d947f3bb58eedd3?s=96&d=mm&r=g","caption":"hegyizs"},"url":"https:\/\/www.welovecycling.com\/hu\/author\/hegyizs\/"}]}},"_links":{"self":[{"href":"https:\/\/www.welovecycling.com\/hu\/wp-json\/wp\/v2\/posts\/9936","targetHints":{"allow":["GET"]}}],"collection":[{"href":"https:\/\/www.welovecycling.com\/hu\/wp-json\/wp\/v2\/posts"}],"about":[{"href":"https:\/\/www.welovecycling.com\/hu\/wp-json\/wp\/v2\/types\/post"}],"author":[{"embeddable":true,"href":"https:\/\/www.welovecycling.com\/hu\/wp-json\/wp\/v2\/users\/71"}],"replies":[{"embeddable":true,"href":"https:\/\/www.welovecycling.com\/hu\/wp-json\/wp\/v2\/comments?post=9936"}],"version-history":[{"count":1,"href":"https:\/\/www.welovecycling.com\/hu\/wp-json\/wp\/v2\/posts\/9936\/revisions"}],"predecessor-version":[{"id":9961,"href":"https:\/\/www.welovecycling.com\/hu\/wp-json\/wp\/v2\/posts\/9936\/revisions\/9961"}],"wp:featuredmedia":[{"embeddable":true,"href":"https:\/\/www.welovecycling.com\/hu\/wp-json\/wp\/v2\/media\/9940"}],"wp:attachment":[{"href":"https:\/\/www.welovecycling.com\/hu\/wp-json\/wp\/v2\/media?parent=9936"}],"wp:term":[{"taxonomy":"category","embeddable":true,"href":"https:\/\/www.welovecycling.com\/hu\/wp-json\/wp\/v2\/categories?post=9936"},{"taxonomy":"post_tag","embeddable":true,"href":"https:\/\/www.welovecycling.com\/hu\/wp-json\/wp\/v2\/tags?post=9936"},{"taxonomy":"global-categories","embeddable":true,"href":"https:\/\/www.welovecycling.com\/hu\/wp-json\/wp\/v2\/global-categories?post=9936"}],"curies":[{"name":"wp","href":"https:\/\/api.w.org\/{rel}","templated":true}]}}