{"id":9923,"date":"2021-01-16T08:00:30","date_gmt":"2021-01-16T07:00:30","guid":{"rendered":"https:\/\/www.welovecycling.com\/hu\/?p=9923"},"modified":"2021-01-11T11:34:15","modified_gmt":"2021-01-11T10:34:15","slug":"az-oruletbe-kergetnek-az-edessegek","status":"publish","type":"post","link":"https:\/\/www.welovecycling.com\/hu\/edzes-es-eletmod\/az-oruletbe-kergetnek-az-edessegek\/","title":{"rendered":"Az \u0151r\u00fcletbe kergetnek az \u00e9dess\u00e9gek!"},"content":{"rendered":"<p><strong>Szeretn\u00e9l eg\u00e9szs\u00e9gesen \u00e9tkezni, de \u00fagy t\u0171nik, csak nem tudod elengedni a csokol\u00e1d\u00e9t? Ez a cikk neked sz\u00f3l! Van n\u00e9h\u00e1ny tipikus probl\u00e9ma, ami megakad\u00e1lyozza az embereket abban, hogy hossz\u00fa t\u00e1von eg\u00e9szs\u00e9gesen t\u00e1pl\u00e1lkozzanak, \u00e9s az \u00e9dess\u00e9g ut\u00e1ni v\u00e1gyakoz\u00e1s mindenk\u00e9ppen ilyen. Tanuljunk meg n\u00e9h\u00e1ny tr\u00fckk\u00f6t, amelyek seg\u00edtenek megszabadulni a s\u00f3v\u00e1rg\u00e1st\u00f3l!<\/strong><!--more--><\/p>\n<h2><strong>Az\u00e9rt vannak, hogy t\u00fal sokat egy\u00e9l bel\u0151l\u00fck<\/strong><\/h2>\n<p>Az \u00e9des \u00e9telek fogyaszt\u00e1sa \u00f6nmag\u00e1ban nem jelent probl\u00e9m\u00e1t. Az \u00e9des \u00edz az eg\u00e9szs\u00e9ges \u00e9trend r\u00e9sze is lehet. Csak akkor ker\u00fclhetsz bajba, ha er\u0151sen feldolgozott, \u201e\u00f3cska\u201d \u00e9dess\u00e9gekre v\u00e1gysz. A helyzet az, hogy az olyan snackek, mint a csokol\u00e1d\u00e9, az M&amp;M\u2019s, a KitKat, a s\u00fctem\u00e9nyek, a kekszek \u00e9s a s\u00fctik, nem csak cukrot tartalmaznak. Ezek a cukor, a zs\u00edr \u00e9s a s\u00f3 ellen\u00e1llhatatlan kombin\u00e1ci\u00f3i. Az \u00e9lelmiszer-gy\u00e1rt\u00f3k tudj\u00e1k ezt, \u00e9s sz\u00e1nd\u00e9kosan k\u00e9sz\u00edtenek addikt\u00edv \u00e9dess\u00e9geket. Ez j\u00f3 az \u00fczleti \u00e9let sz\u00e1m\u00e1ra, de k\u00e1ros az eg\u00e9szs\u00e9gre.<\/p>\n<figure id=\"attachment_9924\" aria-describedby=\"caption-attachment-9924\" style=\"width: 1280px\" class=\"wp-caption alignnone\"><img loading=\"lazy\" decoding=\"async\" class=\"size-full wp-image-9924\" src=\"https:\/\/d2p6e6u75xmxt8.cloudfront.net\/12\/2021\/01\/pexels-arminas-raudys-808941.jpg\" alt=\"Sweets\" width=\"1280\" height=\"853\" srcset=\"https:\/\/d2p6e6u75xmxt8.cloudfront.net\/12\/2021\/01\/pexels-arminas-raudys-808941.jpg 1280w, https:\/\/d2p6e6u75xmxt8.cloudfront.net\/12\/2021\/01\/pexels-arminas-raudys-808941-300x200.jpg 300w, https:\/\/d2p6e6u75xmxt8.cloudfront.net\/12\/2021\/01\/pexels-arminas-raudys-808941-1024x682.jpg 1024w, https:\/\/d2p6e6u75xmxt8.cloudfront.net\/12\/2021\/01\/pexels-arminas-raudys-808941-768x512.jpg 768w, https:\/\/d2p6e6u75xmxt8.cloudfront.net\/12\/2021\/01\/pexels-arminas-raudys-808941-272x182.jpg 272w\" sizes=\"auto, (max-width: 1280px) 100vw, 1280px\" \/><figcaption id=\"caption-attachment-9924\" class=\"wp-caption-text\"><em>Csak akkor ker\u00fclhetsz bajba, ha er\u0151sen feldolgozott \u201e\u00f3cska\u201d \u00e9dess\u00e9gekre v\u00e1gysz.<\/em><\/figcaption><\/figure>\n<p>\u00c9s ezek a feldolgozott \u00e9dess\u00e9gek nemcsak nagyon addikt\u00edvak, hanem egyszer\u0171en fogyaszthat\u00f3k is. M\u00e9g ha a kelk\u00e1poszta ugyanolyan f\u00fcgg\u0151s\u00e9get is okozna, mint a csokol\u00e1d\u00e9, akkor sem lenne ugyanaz a hat\u00e1sa. Ez az\u00e9rt van, mert a kelk\u00e1poszta fogyaszt\u00e1sa sok r\u00e1g\u00e1st ig\u00e9nyel, m\u00edg a csokol\u00e1d\u00e9 egyszer\u0171en elolvad a sz\u00e1dban.<\/p>\n<h2><strong>Minden\u00fctt ott vannak!<\/strong><\/h2>\n<p>Az olyan \u00e9dess\u00e9geknek, mint a csokol\u00e1d\u00e9, a cukork\u00e1k vagy a s\u00fctem\u00e9nyek, rendelkeznek m\u00e9g egy \u00fct\u0151k\u00e1rty\u00e1val. Mindenhol ott vannak! \u00c1ltal\u00e1ban sok\u00e1ig el\u00e1llnak, \u00e9s mindenki szereti \u0151ket. Ez\u00e9rt szinte minden \u00fczletben megtal\u00e1lhat\u00f3ak, s\u0151t, ak\u00e1r az utc\u00e1n is tal\u00e1lkozhatsz vel\u00fck automat\u00e1kban vagy kirakatokban. Ett\u0151l a vizu\u00e1lis ingert\u0151l elkezdesz v\u00e1gyakozni r\u00e1juk, innent\u0151l pedig m\u00e1r nem okoz gondot a beszerz\u00e9s\u00fck.<\/p>\n<p>Mindez azt jelenti, hogy nem a te hib\u00e1d, hogy nagyon v\u00e1gysz az \u00e9dess\u00e9gre. Sajnos m\u00e9g mindig rajtad m\u00falik, hogy le tudod-e k\u00fczdeni ezeket a v\u00e1gyakat. \u00cdme, n\u00e9h\u00e1ny tipp, hogyan pr\u00f3b\u00e1ld meg!<\/p>\n<figure id=\"attachment_9925\" aria-describedby=\"caption-attachment-9925\" style=\"width: 1280px\" class=\"wp-caption alignnone\"><img loading=\"lazy\" decoding=\"async\" class=\"size-full wp-image-9925\" src=\"https:\/\/d2p6e6u75xmxt8.cloudfront.net\/12\/2021\/01\/pexels-caio-65547.jpg\" alt=\"Sweets\" width=\"1280\" height=\"851\" srcset=\"https:\/\/d2p6e6u75xmxt8.cloudfront.net\/12\/2021\/01\/pexels-caio-65547.jpg 1280w, https:\/\/d2p6e6u75xmxt8.cloudfront.net\/12\/2021\/01\/pexels-caio-65547-300x199.jpg 300w, https:\/\/d2p6e6u75xmxt8.cloudfront.net\/12\/2021\/01\/pexels-caio-65547-1024x681.jpg 1024w, https:\/\/d2p6e6u75xmxt8.cloudfront.net\/12\/2021\/01\/pexels-caio-65547-768x511.jpg 768w, https:\/\/d2p6e6u75xmxt8.cloudfront.net\/12\/2021\/01\/pexels-caio-65547-272x182.jpg 272w\" sizes=\"auto, (max-width: 1280px) 100vw, 1280px\" \/><figcaption id=\"caption-attachment-9925\" class=\"wp-caption-text\"><em>A feldolgozott \u00e9dess\u00e9gek nemcsak nagyon addikt\u00edvak, hanem egyszer\u0171en fogyaszthat\u00f3k is.<\/em><\/figcaption><\/figure>\n<h2><strong>Kuk\u00e1ba vel\u00fck!<\/strong><\/h2>\n<p>Az a helyzet, hogy ha van otthon \u00e9dess\u00e9g, azt el\u0151bb-ut\u00f3bb meg fogod enni. Hossz\u00fa t\u00e1von nem hagyatkozhatsz kiz\u00e1r\u00f3lag az akarater\u0151dre! Els\u0151 l\u00e9p\u00e9sk\u00e9nt t\u00e1vol\u00edts el minden b\u0171n\u00f6s \u00e9lvezetet a konyh\u00e1b\u00f3l! Ha legk\u00f6zelebb ki kell menned a h\u00e1zb\u00f3l, ha megk\u00edv\u00e1nsz egy kis csokit, tal\u00e1n k\u00f6nnyebben ellen\u00e1llsz majd.<\/p>\n<h2><strong>Helyettes\u00edtsd eg\u00e9szs\u00e9ges nasival!<\/strong><\/h2>\n<p>Szerencs\u00e9re ugyanez vonatkozik szinte minden \u00e9telre. T\u00f6ltsd fel az \u00e9l\u00e9skamr\u00e1t friss term\u00e9kekkel, \u00e9s megl\u00e1tod, a gy\u00fcm\u00f6lcs- \u00e9s z\u00f6lds\u00e9gfogyaszt\u00e1sod is n\u0151ni fog. Tedd otthoni k\u00f6rnyezeted olyann\u00e1, ami lehet\u0151v\u00e9 teszi az eg\u00e9szs\u00e9ges t\u00e1pl\u00e1lkoz\u00e1st! A csata fel\u00e9t m\u00e1r meg is nyerted.<\/p>\n<figure id=\"attachment_9926\" aria-describedby=\"caption-attachment-9926\" style=\"width: 1280px\" class=\"wp-caption alignnone\"><img loading=\"lazy\" decoding=\"async\" class=\"size-full wp-image-9926\" src=\"https:\/\/d2p6e6u75xmxt8.cloudfront.net\/12\/2021\/01\/pexels-daria-shevtsova-1508665.jpg\" alt=\"Blackberries\" width=\"1280\" height=\"853\" srcset=\"https:\/\/d2p6e6u75xmxt8.cloudfront.net\/12\/2021\/01\/pexels-daria-shevtsova-1508665.jpg 1280w, https:\/\/d2p6e6u75xmxt8.cloudfront.net\/12\/2021\/01\/pexels-daria-shevtsova-1508665-300x200.jpg 300w, https:\/\/d2p6e6u75xmxt8.cloudfront.net\/12\/2021\/01\/pexels-daria-shevtsova-1508665-1024x682.jpg 1024w, https:\/\/d2p6e6u75xmxt8.cloudfront.net\/12\/2021\/01\/pexels-daria-shevtsova-1508665-768x512.jpg 768w, https:\/\/d2p6e6u75xmxt8.cloudfront.net\/12\/2021\/01\/pexels-daria-shevtsova-1508665-272x182.jpg 272w\" sizes=\"auto, (max-width: 1280px) 100vw, 1280px\" \/><figcaption id=\"caption-attachment-9926\" class=\"wp-caption-text\"><em>Cser\u00e9ld le az \u00e9dess\u00e9geket eg\u00e9szs\u00e9ges \u00e9telekre!<\/em><\/figcaption><\/figure>\n<h2><strong>R\u00e1gj t\u00f6bbet!<\/strong><\/h2>\n<p>A j\u00f3llakotts\u00e1g \u00e9rz\u00e9se is seg\u00edt cs\u00f6kkenteni az \u00e9dess\u00e9g ut\u00e1ni v\u00e1gyat. A feldolgozott \u00e9telek \u00e1ltal\u00e1ban sok kal\u00f3ri\u00e1t tartalmaznak, kis adagokban. Ez azt jelenti, hogy a gyomrod nem telik meg t\u0151l\u00fck. A sok z\u00f6lds\u00e9get tartalmaz\u00f3 teljes \u00e9rt\u00e9k\u0171 \u00e9telek ellenben sokkal t\u00f6bb helyet foglalnak el a gyomrodban, \u00edgy er\u0151sebb lesz a j\u00f3llakotts\u00e1g \u00e9rz\u00e9sed. J\u00f3 alapszab\u00e1ly, hogy r\u00e1gd meg alaposan az \u00e9telt! Min\u00e9l t\u00f6bbet r\u00e1gsz, ann\u00e1l hamarabb j\u00f3llaksz!<\/p>\n","protected":false},"excerpt":{"rendered":"<p>Szeretn\u00e9l eg\u00e9szs\u00e9gesen \u00e9tkezni, de \u00fagy t\u0171nik, csak nem tudod elengedni a csokol\u00e1d\u00e9t? Ez a cikk neked sz\u00f3l! Van n\u00e9h\u00e1ny tipikus [&hellip;]<\/p>\n","protected":false},"author":71,"featured_media":9928,"comment_status":"open","ping_status":"open","sticky":false,"template":"","format":"standard","meta":{"footnotes":""},"categories":[6],"tags":[],"global-categories":[],"class_list":["post-9923","post","type-post","status-publish","format-standard","has-post-thumbnail","hentry","category-edzes-es-eletmod"],"yoast_head":"<!-- This site is optimized with the Yoast SEO Premium plugin v25.3 (Yoast SEO v25.9) - https:\/\/yoast.com\/wordpress\/plugins\/seo\/ -->\n<title>Az \u0151r\u00fcletbe kergetnek az \u00e9dess\u00e9gek!<\/title>\n<meta name=\"description\" content=\"Szeretn\u00e9l eg\u00e9szs\u00e9gesen \u00e9tkezni, de \u00fagy t\u0171nik, csak nem tudod elengedni a csokol\u00e1d\u00e9t? Ez a cikk neked sz\u00f3l!\" \/>\n<meta name=\"robots\" content=\"index, follow, max-snippet:-1, max-image-preview:large, max-video-preview:-1\" \/>\n<link rel=\"canonical\" href=\"https:\/\/www.welovecycling.com\/hu\/edzes-es-eletmod\/az-oruletbe-kergetnek-az-edessegek\/\" \/>\n<meta property=\"og:locale\" content=\"hu_HU\" \/>\n<meta property=\"og:type\" content=\"article\" \/>\n<meta property=\"og:title\" content=\"Az \u0151r\u00fcletbe kergetnek az \u00e9dess\u00e9gek!\" \/>\n<meta property=\"og:description\" content=\"Szeretn\u00e9l eg\u00e9szs\u00e9gesen \u00e9tkezni, de \u00fagy t\u0171nik, csak nem tudod elengedni a csokol\u00e1d\u00e9t? Ez a cikk neked sz\u00f3l!\" \/>\n<meta property=\"og:url\" content=\"https:\/\/www.welovecycling.com\/hu\/edzes-es-eletmod\/az-oruletbe-kergetnek-az-edessegek\/\" \/>\n<meta property=\"og:site_name\" content=\"\u0160koda We Love Cycling - Magyarorsz\u00e1g\" \/>\n<meta property=\"article:publisher\" content=\"https:\/\/www.facebook.com\/WeLoveCyclingHungary\/\" \/>\n<meta property=\"article:published_time\" content=\"2021-01-16T07:00:30+00:00\" \/>\n<meta property=\"og:image\" content=\"https:\/\/d2p6e6u75xmxt8.cloudfront.net\/12\/2021\/01\/Pexels-Sweets-CVR.jpg\" \/>\n\t<meta property=\"og:image:width\" content=\"1366\" \/>\n\t<meta property=\"og:image:height\" content=\"600\" \/>\n\t<meta property=\"og:image:type\" content=\"image\/jpeg\" \/>\n<meta name=\"author\" content=\"hegyizs\" \/>\n<meta name=\"twitter:card\" content=\"summary_large_image\" \/>\n<meta name=\"twitter:label1\" content=\"Written by\" \/>\n\t<meta name=\"twitter:data1\" content=\"Jiri Kaloc\" \/>\n\t<meta name=\"twitter:label2\" content=\"Est. reading time\" \/>\n\t<meta name=\"twitter:data2\" content=\"5\" \/>\n<script type=\"application\/ld+json\" class=\"yoast-schema-graph\">{\"@context\":\"https:\/\/schema.org\",\"@graph\":[{\"@type\":\"WebPage\",\"@id\":\"https:\/\/www.welovecycling.com\/hu\/edzes-es-eletmod\/az-oruletbe-kergetnek-az-edessegek\/\",\"url\":\"https:\/\/www.welovecycling.com\/hu\/edzes-es-eletmod\/az-oruletbe-kergetnek-az-edessegek\/\",\"name\":\"Az \u0151r\u00fcletbe kergetnek az \u00e9dess\u00e9gek!\",\"isPartOf\":{\"@id\":\"https:\/\/www.welovecycling.com\/hu\/#website\"},\"primaryImageOfPage\":{\"@id\":\"https:\/\/www.welovecycling.com\/hu\/edzes-es-eletmod\/az-oruletbe-kergetnek-az-edessegek\/#primaryimage\"},\"image\":{\"@id\":\"https:\/\/www.welovecycling.com\/hu\/edzes-es-eletmod\/az-oruletbe-kergetnek-az-edessegek\/#primaryimage\"},\"thumbnailUrl\":\"https:\/\/d2p6e6u75xmxt8.cloudfront.net\/12\/2021\/01\/Pexels-Sweets-CVR.jpg\",\"datePublished\":\"2021-01-16T07:00:30+00:00\",\"author\":{\"@id\":\"https:\/\/www.welovecycling.com\/hu\/#\/schema\/person\/414a2aebf1801691a5320edb6468e194\"},\"description\":\"Szeretn\u00e9l eg\u00e9szs\u00e9gesen \u00e9tkezni, de \u00fagy t\u0171nik, csak nem tudod elengedni a csokol\u00e1d\u00e9t? Ez a cikk neked sz\u00f3l!\",\"breadcrumb\":{\"@id\":\"https:\/\/www.welovecycling.com\/hu\/edzes-es-eletmod\/az-oruletbe-kergetnek-az-edessegek\/#breadcrumb\"},\"inLanguage\":\"hu\",\"potentialAction\":[{\"@type\":\"ReadAction\",\"target\":[\"https:\/\/www.welovecycling.com\/hu\/edzes-es-eletmod\/az-oruletbe-kergetnek-az-edessegek\/\"]}]},{\"@type\":\"ImageObject\",\"inLanguage\":\"hu\",\"@id\":\"https:\/\/www.welovecycling.com\/hu\/edzes-es-eletmod\/az-oruletbe-kergetnek-az-edessegek\/#primaryimage\",\"url\":\"https:\/\/d2p6e6u75xmxt8.cloudfront.net\/12\/2021\/01\/Pexels-Sweets-CVR.jpg\",\"contentUrl\":\"https:\/\/d2p6e6u75xmxt8.cloudfront.net\/12\/2021\/01\/Pexels-Sweets-CVR.jpg\",\"width\":1366,\"height\":600,\"caption\":\"Sweets\"},{\"@type\":\"BreadcrumbList\",\"@id\":\"https:\/\/www.welovecycling.com\/hu\/edzes-es-eletmod\/az-oruletbe-kergetnek-az-edessegek\/#breadcrumb\",\"itemListElement\":[{\"@type\":\"ListItem\",\"position\":1,\"name\":\"Home\",\"item\":\"https:\/\/www.welovecycling.com\/hu\/\"},{\"@type\":\"ListItem\",\"position\":2,\"name\":\"Az \u0151r\u00fcletbe kergetnek az \u00e9dess\u00e9gek!\"}]},{\"@type\":\"WebSite\",\"@id\":\"https:\/\/www.welovecycling.com\/hu\/#website\",\"url\":\"https:\/\/www.welovecycling.com\/hu\/\",\"name\":\"\u0160koda We Love Cycling - Magyarorsz\u00e1g\",\"description\":\"\u0160koda WeLoveCycling\",\"potentialAction\":[{\"@type\":\"SearchAction\",\"target\":{\"@type\":\"EntryPoint\",\"urlTemplate\":\"https:\/\/www.welovecycling.com\/hu\/?s={search_term_string}\"},\"query-input\":{\"@type\":\"PropertyValueSpecification\",\"valueRequired\":true,\"valueName\":\"search_term_string\"}}],\"inLanguage\":\"hu\"},{\"@type\":\"Person\",\"@id\":\"https:\/\/www.welovecycling.com\/hu\/#\/schema\/person\/414a2aebf1801691a5320edb6468e194\",\"name\":\"hegyizs\",\"image\":{\"@type\":\"ImageObject\",\"inLanguage\":\"hu\",\"@id\":\"https:\/\/www.welovecycling.com\/hu\/#\/schema\/person\/image\/\",\"url\":\"https:\/\/secure.gravatar.com\/avatar\/02cf8a7906b8cf90cecb4679defac7cfd33a1c2e3b88e4903d947f3bb58eedd3?s=96&d=mm&r=g\",\"contentUrl\":\"https:\/\/secure.gravatar.com\/avatar\/02cf8a7906b8cf90cecb4679defac7cfd33a1c2e3b88e4903d947f3bb58eedd3?s=96&d=mm&r=g\",\"caption\":\"hegyizs\"},\"url\":\"https:\/\/www.welovecycling.com\/hu\/author\/hegyizs\/\"}]}<\/script>\n<!-- \/ Yoast SEO Premium plugin. -->","yoast_head_json":{"title":"Az \u0151r\u00fcletbe kergetnek az \u00e9dess\u00e9gek!","description":"Szeretn\u00e9l eg\u00e9szs\u00e9gesen \u00e9tkezni, de \u00fagy t\u0171nik, csak nem tudod elengedni a csokol\u00e1d\u00e9t? Ez a cikk neked sz\u00f3l!","robots":{"index":"index","follow":"follow","max-snippet":"max-snippet:-1","max-image-preview":"max-image-preview:large","max-video-preview":"max-video-preview:-1"},"canonical":"https:\/\/www.welovecycling.com\/hu\/edzes-es-eletmod\/az-oruletbe-kergetnek-az-edessegek\/","og_locale":"hu_HU","og_type":"article","og_title":"Az \u0151r\u00fcletbe kergetnek az \u00e9dess\u00e9gek!","og_description":"Szeretn\u00e9l eg\u00e9szs\u00e9gesen \u00e9tkezni, de \u00fagy t\u0171nik, csak nem tudod elengedni a csokol\u00e1d\u00e9t? Ez a cikk neked sz\u00f3l!","og_url":"https:\/\/www.welovecycling.com\/hu\/edzes-es-eletmod\/az-oruletbe-kergetnek-az-edessegek\/","og_site_name":"\u0160koda We Love Cycling - Magyarorsz\u00e1g","article_publisher":"https:\/\/www.facebook.com\/WeLoveCyclingHungary\/","article_published_time":"2021-01-16T07:00:30+00:00","og_image":[{"width":1366,"height":600,"url":"https:\/\/d2p6e6u75xmxt8.cloudfront.net\/12\/2021\/01\/Pexels-Sweets-CVR.jpg","type":"image\/jpeg"}],"author":"hegyizs","twitter_card":"summary_large_image","twitter_misc":{"Written by":"Jiri Kaloc","Est. reading time":"5"},"schema":{"@context":"https:\/\/schema.org","@graph":[{"@type":"WebPage","@id":"https:\/\/www.welovecycling.com\/hu\/edzes-es-eletmod\/az-oruletbe-kergetnek-az-edessegek\/","url":"https:\/\/www.welovecycling.com\/hu\/edzes-es-eletmod\/az-oruletbe-kergetnek-az-edessegek\/","name":"Az \u0151r\u00fcletbe kergetnek az \u00e9dess\u00e9gek!","isPartOf":{"@id":"https:\/\/www.welovecycling.com\/hu\/#website"},"primaryImageOfPage":{"@id":"https:\/\/www.welovecycling.com\/hu\/edzes-es-eletmod\/az-oruletbe-kergetnek-az-edessegek\/#primaryimage"},"image":{"@id":"https:\/\/www.welovecycling.com\/hu\/edzes-es-eletmod\/az-oruletbe-kergetnek-az-edessegek\/#primaryimage"},"thumbnailUrl":"https:\/\/d2p6e6u75xmxt8.cloudfront.net\/12\/2021\/01\/Pexels-Sweets-CVR.jpg","datePublished":"2021-01-16T07:00:30+00:00","author":{"@id":"https:\/\/www.welovecycling.com\/hu\/#\/schema\/person\/414a2aebf1801691a5320edb6468e194"},"description":"Szeretn\u00e9l eg\u00e9szs\u00e9gesen \u00e9tkezni, de \u00fagy t\u0171nik, csak nem tudod elengedni a csokol\u00e1d\u00e9t? Ez a cikk neked sz\u00f3l!","breadcrumb":{"@id":"https:\/\/www.welovecycling.com\/hu\/edzes-es-eletmod\/az-oruletbe-kergetnek-az-edessegek\/#breadcrumb"},"inLanguage":"hu","potentialAction":[{"@type":"ReadAction","target":["https:\/\/www.welovecycling.com\/hu\/edzes-es-eletmod\/az-oruletbe-kergetnek-az-edessegek\/"]}]},{"@type":"ImageObject","inLanguage":"hu","@id":"https:\/\/www.welovecycling.com\/hu\/edzes-es-eletmod\/az-oruletbe-kergetnek-az-edessegek\/#primaryimage","url":"https:\/\/d2p6e6u75xmxt8.cloudfront.net\/12\/2021\/01\/Pexels-Sweets-CVR.jpg","contentUrl":"https:\/\/d2p6e6u75xmxt8.cloudfront.net\/12\/2021\/01\/Pexels-Sweets-CVR.jpg","width":1366,"height":600,"caption":"Sweets"},{"@type":"BreadcrumbList","@id":"https:\/\/www.welovecycling.com\/hu\/edzes-es-eletmod\/az-oruletbe-kergetnek-az-edessegek\/#breadcrumb","itemListElement":[{"@type":"ListItem","position":1,"name":"Home","item":"https:\/\/www.welovecycling.com\/hu\/"},{"@type":"ListItem","position":2,"name":"Az \u0151r\u00fcletbe kergetnek az \u00e9dess\u00e9gek!"}]},{"@type":"WebSite","@id":"https:\/\/www.welovecycling.com\/hu\/#website","url":"https:\/\/www.welovecycling.com\/hu\/","name":"\u0160koda We Love Cycling - Magyarorsz\u00e1g","description":"\u0160koda WeLoveCycling","potentialAction":[{"@type":"SearchAction","target":{"@type":"EntryPoint","urlTemplate":"https:\/\/www.welovecycling.com\/hu\/?s={search_term_string}"},"query-input":{"@type":"PropertyValueSpecification","valueRequired":true,"valueName":"search_term_string"}}],"inLanguage":"hu"},{"@type":"Person","@id":"https:\/\/www.welovecycling.com\/hu\/#\/schema\/person\/414a2aebf1801691a5320edb6468e194","name":"hegyizs","image":{"@type":"ImageObject","inLanguage":"hu","@id":"https:\/\/www.welovecycling.com\/hu\/#\/schema\/person\/image\/","url":"https:\/\/secure.gravatar.com\/avatar\/02cf8a7906b8cf90cecb4679defac7cfd33a1c2e3b88e4903d947f3bb58eedd3?s=96&d=mm&r=g","contentUrl":"https:\/\/secure.gravatar.com\/avatar\/02cf8a7906b8cf90cecb4679defac7cfd33a1c2e3b88e4903d947f3bb58eedd3?s=96&d=mm&r=g","caption":"hegyizs"},"url":"https:\/\/www.welovecycling.com\/hu\/author\/hegyizs\/"}]}},"_links":{"self":[{"href":"https:\/\/www.welovecycling.com\/hu\/wp-json\/wp\/v2\/posts\/9923","targetHints":{"allow":["GET"]}}],"collection":[{"href":"https:\/\/www.welovecycling.com\/hu\/wp-json\/wp\/v2\/posts"}],"about":[{"href":"https:\/\/www.welovecycling.com\/hu\/wp-json\/wp\/v2\/types\/post"}],"author":[{"embeddable":true,"href":"https:\/\/www.welovecycling.com\/hu\/wp-json\/wp\/v2\/users\/71"}],"replies":[{"embeddable":true,"href":"https:\/\/www.welovecycling.com\/hu\/wp-json\/wp\/v2\/comments?post=9923"}],"version-history":[{"count":2,"href":"https:\/\/www.welovecycling.com\/hu\/wp-json\/wp\/v2\/posts\/9923\/revisions"}],"predecessor-version":[{"id":9933,"href":"https:\/\/www.welovecycling.com\/hu\/wp-json\/wp\/v2\/posts\/9923\/revisions\/9933"}],"wp:featuredmedia":[{"embeddable":true,"href":"https:\/\/www.welovecycling.com\/hu\/wp-json\/wp\/v2\/media\/9928"}],"wp:attachment":[{"href":"https:\/\/www.welovecycling.com\/hu\/wp-json\/wp\/v2\/media?parent=9923"}],"wp:term":[{"taxonomy":"category","embeddable":true,"href":"https:\/\/www.welovecycling.com\/hu\/wp-json\/wp\/v2\/categories?post=9923"},{"taxonomy":"post_tag","embeddable":true,"href":"https:\/\/www.welovecycling.com\/hu\/wp-json\/wp\/v2\/tags?post=9923"},{"taxonomy":"global-categories","embeddable":true,"href":"https:\/\/www.welovecycling.com\/hu\/wp-json\/wp\/v2\/global-categories?post=9923"}],"curies":[{"name":"wp","href":"https:\/\/api.w.org\/{rel}","templated":true}]}}