{"id":9918,"date":"2021-01-15T08:00:12","date_gmt":"2021-01-15T07:00:12","guid":{"rendered":"https:\/\/www.welovecycling.com\/hu\/?p=9918"},"modified":"2021-01-11T11:33:29","modified_gmt":"2021-01-11T10:33:29","slug":"5-tipp-ami-mindenkinel-mukodik-alvas","status":"publish","type":"post","link":"https:\/\/www.welovecycling.com\/hu\/edzes-es-eletmod\/5-tipp-ami-mindenkinel-mukodik-alvas\/","title":{"rendered":"5 tipp, ami mindenkin\u00e9l m\u0171k\u00f6dik \u2013 Alv\u00e1s"},"content":{"rendered":"<p><strong>\u00dagy t\u0171nhet, az alv\u00e1snak nem sok k\u00f6ze van a di\u00e9t\u00e1hoz, m\u00e1rpedig ez egy olyan cikksorozat, ami err\u0151l sz\u00f3l. A kutat\u00e1sok ugyanis m\u00e1st mondanak. Az alv\u00e1s a legt\u00f6bb ember sz\u00e1m\u00e1ra nagy hat\u00e1ssal van az \u00e9tkez\u00e9sre! N\u00e9zz\u00fck, hogyan!<\/strong><\/p>\n<h2><!--more--><\/h2>\n<h2><strong>Jobban befoly\u00e1sol, mint gondoln\u00e1d<\/strong><\/h2>\n<p>Sok ember nagyon kem\u00e9nyen betartja az \u00e9trendj\u00e9t, m\u00e9gsem siker\u00fcl el\u00e9rnie a kit\u0171z\u00f6tt c\u00e9ljait. Vajon mi\u00e9rt? A v\u00e1lasz az alv\u00e1smin\u0151s\u00e9gben rejlik. Ennek jav\u00edt\u00e1sa gyakran a s\u00falycs\u00f6kken\u00e9s vagy a teljes\u00edtm\u00e9nyszint n\u00f6vel\u00e9s\u00e9nek kulcsa. Ennek oka, hogy test\u00fcnknek probl\u00e9m\u00e1i vannak a legfontosabb hormonok szab\u00e1lyoz\u00e1s\u00e1val, ha nem alszunk eleget.<\/p>\n<figure id=\"attachment_9919\" aria-describedby=\"caption-attachment-9919\" style=\"width: 1024px\" class=\"wp-caption alignnone\"><a href=\"https:\/\/d2p6e6u75xmxt8.cloudfront.net\/2\/2020\/12\/sleep-pexels-ivan-oboleninov-935777.jpg\"><img loading=\"lazy\" decoding=\"async\" class=\"wp-image-9919 size-large\" src=\"https:\/\/d2p6e6u75xmxt8.cloudfront.net\/12\/2021\/01\/sleep-pexels-ivan-oboleninov-935777-1024x682.jpg\" alt=\"Sleeping woman\" width=\"1024\" height=\"682\" srcset=\"https:\/\/d2p6e6u75xmxt8.cloudfront.net\/12\/2021\/01\/sleep-pexels-ivan-oboleninov-935777-1024x682.jpg 1024w, https:\/\/d2p6e6u75xmxt8.cloudfront.net\/12\/2021\/01\/sleep-pexels-ivan-oboleninov-935777-300x200.jpg 300w, https:\/\/d2p6e6u75xmxt8.cloudfront.net\/12\/2021\/01\/sleep-pexels-ivan-oboleninov-935777-768x512.jpg 768w, https:\/\/d2p6e6u75xmxt8.cloudfront.net\/12\/2021\/01\/sleep-pexels-ivan-oboleninov-935777-272x182.jpg 272w, https:\/\/d2p6e6u75xmxt8.cloudfront.net\/12\/2021\/01\/sleep-pexels-ivan-oboleninov-935777.jpg 1280w\" sizes=\"auto, (max-width: 1024px) 100vw, 1024px\" \/><\/a><figcaption id=\"caption-attachment-9919\" class=\"wp-caption-text\"><em>Ha stresszesen, a probl\u00e9m\u00e1idon agyalva b\u00fajsz \u00e1gyba, nem sz\u00e1m\u00edthatsz nyugodt \u00e9jszak\u00e1ra. Egy esti ritu\u00e1l\u00e9 seg\u00edthet, ha nehezen alszol el vagy gyakran fel\u00e9bredsz \u00e9jjel.<\/em><\/figcaption><\/figure>\n<p>Ha 6 \u00f3r\u00e1t alszol, amikor a testednek val\u00f3j\u00e1ban 8 \u00f3r\u00e1ra van sz\u00fcks\u00e9ge, akkor a gyomrod sokkal t\u00f6bb ghrelin nev\u0171 hormont termel, ami fokozza az \u00e9hs\u00e9get. Ugyanakkor cs\u00f6kken a leptin-szinted, ami pedig a j\u00f3llakotts\u00e1ghoz j\u00e1rul hozz\u00e1. V\u00e9g\u00fcl pedig az endokannabinoid szinted is n\u0151, \u00edgy jobban k\u00edv\u00e1nod majd a finom \u00e9teleket. Ez egy olyan kombin\u00e1ci\u00f3, ami igencsak megnehez\u00edti a norm\u00e1lis mennyis\u00e9g\u0171 \u00e9telfogyaszt\u00e1st \u00e9s a megfelel\u0151 \u00e9telv\u00e1laszt\u00e1st.<\/p>\n<h2><strong>Rossz alv\u00e1s = rossz \u00e9tkez\u00e9s<\/strong><\/h2>\n<p>A tudom\u00e1ny azt mutatja, hogy szinte mindenki hajlamos t\u00f6bbet enni \u00e9s rosszabb \u00e9teleket v\u00e1lasztani, ha alv\u00e1shi\u00e1nyban szenved. Ha nem alszol eleget, \u00e9hesebben kelsz, \u00e9s jobban v\u00e1gysz az \u00e9dess\u00e9gekre. R\u00e1ad\u00e1sul, ha hosszabb ideig \u00e9bren vagy, akkor m\u00e9g t\u00f6bb id\u0151d is van arra, hogy megk\u00edv\u00e1nd ezeket a finom, de eg\u00e9szs\u00e9gtelen \u00e9teleket! A kutat\u00e1sok szerint mindezek miatt a rosszul alv\u00f3 emberek naponta k\u00f6r\u00fclbel\u00fcl 300 kal\u00f3ri\u00e1val t\u00f6bbet esznek azokhoz k\u00e9pest, akik eleget alszanak.<\/p>\n<figure id=\"attachment_9920\" aria-describedby=\"caption-attachment-9920\" style=\"width: 1024px\" class=\"wp-caption alignnone\"><a href=\"https:\/\/d2p6e6u75xmxt8.cloudfront.net\/2\/2020\/12\/Man-sleeping-profimedia-0554147633.jpg\"><img loading=\"lazy\" decoding=\"async\" class=\"size-large wp-image-9920\" src=\"https:\/\/d2p6e6u75xmxt8.cloudfront.net\/12\/2021\/01\/Man-sleeping-profimedia-0554147633-1024x682.jpg\" alt=\"Man sleeping\" width=\"1024\" height=\"682\" srcset=\"https:\/\/d2p6e6u75xmxt8.cloudfront.net\/12\/2021\/01\/Man-sleeping-profimedia-0554147633-1024x682.jpg 1024w, https:\/\/d2p6e6u75xmxt8.cloudfront.net\/12\/2021\/01\/Man-sleeping-profimedia-0554147633-300x200.jpg 300w, https:\/\/d2p6e6u75xmxt8.cloudfront.net\/12\/2021\/01\/Man-sleeping-profimedia-0554147633-768x512.jpg 768w, https:\/\/d2p6e6u75xmxt8.cloudfront.net\/12\/2021\/01\/Man-sleeping-profimedia-0554147633-272x182.jpg 272w, https:\/\/d2p6e6u75xmxt8.cloudfront.net\/12\/2021\/01\/Man-sleeping-profimedia-0554147633.jpg 1250w\" sizes=\"auto, (max-width: 1024px) 100vw, 1024px\" \/><\/a><figcaption id=\"caption-attachment-9920\" class=\"wp-caption-text\"><em>Ha siker\u00fclt jav\u00edtanod alv\u00e1si szok\u00e1saidon, k\u00f6nnyebb lesz betartani egy eg\u00e9szs\u00e9ges \u00e9trendet. \u00a9 Profimedia<\/em><\/figcaption><\/figure>\n<h2><strong>Az eg\u00e9szs\u00e9gedre is k\u00e1ros<\/strong><\/h2>\n<p>Mintha nem lenne el\u00e9g, hogy a rossz alv\u00e1s rossz \u00e9tkez\u00e9si v\u00e1laszt\u00e1sokhoz vezet, m\u00e9g az eg\u00e9szs\u00e9gi \u00e1llapotunkra is k\u00e1ros. M\u00e1r egy \u00e9jszak\u00e1nyi alv\u00e1shi\u00e1ny n\u00f6velheti a k\u00f6vetkez\u0151 napon a v\u00e9rnyom\u00e1st! Azt is kimutatt\u00e1k, hogy a szok\u00e1sosn\u00e1l mind\u00f6ssze egy \u00f3r\u00e1val kevesebb alv\u00e1s &#8211; amit 1,5 milli\u00e1rd ember megtapasztal a ny\u00e1ri \u00f3ra\u00e1t\u00e1ll\u00edt\u00e1s miatt &#8211; jelent\u0151sen megn\u00f6veli a sz\u00edvroham kock\u00e1zat\u00e1t. A rossz alv\u00e1s fog\u00e9konyabb\u00e1 tesz a fert\u0151z\u00e9sekre is.<\/p>\n<h2><strong>Hogyan aludj j\u00f3l?<\/strong><\/h2>\n<p>Teljesen vil\u00e1gos, hogy ha jav\u00edtani akarsz az \u00e9trendeden, j\u00f3l kell aludnod. Sajnos a legt\u00f6bben nem alszunk eleget. Egy \u00e1tlagos embernek k\u00f6r\u00fclbel\u00fcl 8,5 \u00f3r\u00e1t kell az \u00e1gyban t\u00f6ltenie, hogy el tudja \u00e9rni a sz\u00fcks\u00e9ges 8 \u00f3ra alv\u00e1st. Ha k\u00edv\u00e1ncsi vagy, hogyan n\u00f6velheted az alv\u00e1ssal t\u00f6lt\u00f6tt id\u0151t, \u00e9s jav\u00edtani szeretn\u00e9d az alv\u00e1s min\u0151s\u00e9g\u00e9t \u00e9s rendszeress\u00e9g\u00e9t, olvasd el <a href=\"https:\/\/www.welovecycling.com\/hu\/edzes-es-eletmod\/igy-vedd-a-mentalis-egeszseged-a-karantenban-is\/\">alv\u00e1sr\u00f3l sz\u00f3l\u00f3 cikk\u00fcnket<\/a>!<\/p>\n","protected":false},"excerpt":{"rendered":"<p>\u00dagy t\u0171nhet, az alv\u00e1snak nem sok k\u00f6ze van a di\u00e9t\u00e1hoz, m\u00e1rpedig ez egy olyan cikksorozat, ami err\u0151l sz\u00f3l. A kutat\u00e1sok [&hellip;]<\/p>\n","protected":false},"author":71,"featured_media":9922,"comment_status":"open","ping_status":"open","sticky":false,"template":"","format":"standard","meta":{"footnotes":""},"categories":[6],"tags":[],"global-categories":[],"class_list":["post-9918","post","type-post","status-publish","format-standard","has-post-thumbnail","hentry","category-edzes-es-eletmod"],"yoast_head":"<!-- This site is optimized with the Yoast SEO Premium plugin v25.3 (Yoast SEO v25.9) - https:\/\/yoast.com\/wordpress\/plugins\/seo\/ -->\n<title>5 tipp, ami mindenkin\u00e9l m\u0171k\u00f6dik \u2013 Alv\u00e1s<\/title>\n<meta name=\"description\" content=\"\u00dagy t\u0171nhet, az alv\u00e1snak nem sok k\u00f6ze van a di\u00e9t\u00e1hoz, m\u00e1rpedig ez egy olyan cikksorozat, ami err\u0151l sz\u00f3l. A kutat\u00e1sok ugyanis m\u00e1st mondanak. Az alv\u00e1s a legt\u00f6bb ember sz\u00e1m\u00e1ra nagy hat\u00e1ssal van az \u00e9tkez\u00e9sre! N\u00e9zz\u00fck, hogyan!\" \/>\n<meta name=\"robots\" content=\"index, follow, max-snippet:-1, max-image-preview:large, max-video-preview:-1\" \/>\n<link rel=\"canonical\" href=\"https:\/\/www.welovecycling.com\/hu\/edzes-es-eletmod\/5-tipp-ami-mindenkinel-mukodik-alvas\/\" \/>\n<meta property=\"og:locale\" content=\"hu_HU\" \/>\n<meta property=\"og:type\" content=\"article\" \/>\n<meta property=\"og:title\" content=\"5 tipp, ami mindenkin\u00e9l m\u0171k\u00f6dik \u2013 Alv\u00e1s\" \/>\n<meta property=\"og:description\" content=\"\u00dagy t\u0171nhet, az alv\u00e1snak nem sok k\u00f6ze van a di\u00e9t\u00e1hoz, m\u00e1rpedig ez egy olyan cikksorozat, ami err\u0151l sz\u00f3l. A kutat\u00e1sok ugyanis m\u00e1st mondanak. Az alv\u00e1s a legt\u00f6bb ember sz\u00e1m\u00e1ra nagy hat\u00e1ssal van az \u00e9tkez\u00e9sre! N\u00e9zz\u00fck, hogyan!\" \/>\n<meta property=\"og:url\" content=\"https:\/\/www.welovecycling.com\/hu\/edzes-es-eletmod\/5-tipp-ami-mindenkinel-mukodik-alvas\/\" \/>\n<meta property=\"og:site_name\" content=\"\u0160koda We Love Cycling - Magyarorsz\u00e1g\" \/>\n<meta property=\"article:publisher\" content=\"https:\/\/www.facebook.com\/WeLoveCyclingHungary\/\" \/>\n<meta property=\"article:published_time\" content=\"2021-01-15T07:00:12+00:00\" \/>\n<meta property=\"og:image\" content=\"https:\/\/d2p6e6u75xmxt8.cloudfront.net\/12\/2021\/01\/Sleep-pexels-photo-271897.jpg\" \/>\n\t<meta property=\"og:image:width\" content=\"1366\" \/>\n\t<meta property=\"og:image:height\" content=\"600\" \/>\n\t<meta property=\"og:image:type\" content=\"image\/jpeg\" \/>\n<meta name=\"author\" content=\"hegyizs\" \/>\n<meta name=\"twitter:card\" content=\"summary_large_image\" \/>\n<meta name=\"twitter:label1\" content=\"Written by\" \/>\n\t<meta name=\"twitter:data1\" content=\"Jiri Kaloc\" \/>\n\t<meta name=\"twitter:label2\" content=\"Est. reading time\" \/>\n\t<meta name=\"twitter:data2\" content=\"5\" \/>\n<script type=\"application\/ld+json\" class=\"yoast-schema-graph\">{\"@context\":\"https:\/\/schema.org\",\"@graph\":[{\"@type\":\"WebPage\",\"@id\":\"https:\/\/www.welovecycling.com\/hu\/edzes-es-eletmod\/5-tipp-ami-mindenkinel-mukodik-alvas\/\",\"url\":\"https:\/\/www.welovecycling.com\/hu\/edzes-es-eletmod\/5-tipp-ami-mindenkinel-mukodik-alvas\/\",\"name\":\"5 tipp, ami mindenkin\u00e9l m\u0171k\u00f6dik \u2013 Alv\u00e1s\",\"isPartOf\":{\"@id\":\"https:\/\/www.welovecycling.com\/hu\/#website\"},\"primaryImageOfPage\":{\"@id\":\"https:\/\/www.welovecycling.com\/hu\/edzes-es-eletmod\/5-tipp-ami-mindenkinel-mukodik-alvas\/#primaryimage\"},\"image\":{\"@id\":\"https:\/\/www.welovecycling.com\/hu\/edzes-es-eletmod\/5-tipp-ami-mindenkinel-mukodik-alvas\/#primaryimage\"},\"thumbnailUrl\":\"https:\/\/d2p6e6u75xmxt8.cloudfront.net\/12\/2021\/01\/Sleep-pexels-photo-271897.jpg\",\"datePublished\":\"2021-01-15T07:00:12+00:00\",\"author\":{\"@id\":\"https:\/\/www.welovecycling.com\/hu\/#\/schema\/person\/414a2aebf1801691a5320edb6468e194\"},\"description\":\"\u00dagy t\u0171nhet, az alv\u00e1snak nem sok k\u00f6ze van a di\u00e9t\u00e1hoz, m\u00e1rpedig ez egy olyan cikksorozat, ami err\u0151l sz\u00f3l. A kutat\u00e1sok ugyanis m\u00e1st mondanak. Az alv\u00e1s a legt\u00f6bb ember sz\u00e1m\u00e1ra nagy hat\u00e1ssal van az \u00e9tkez\u00e9sre! N\u00e9zz\u00fck, hogyan!\",\"breadcrumb\":{\"@id\":\"https:\/\/www.welovecycling.com\/hu\/edzes-es-eletmod\/5-tipp-ami-mindenkinel-mukodik-alvas\/#breadcrumb\"},\"inLanguage\":\"hu\",\"potentialAction\":[{\"@type\":\"ReadAction\",\"target\":[\"https:\/\/www.welovecycling.com\/hu\/edzes-es-eletmod\/5-tipp-ami-mindenkinel-mukodik-alvas\/\"]}]},{\"@type\":\"ImageObject\",\"inLanguage\":\"hu\",\"@id\":\"https:\/\/www.welovecycling.com\/hu\/edzes-es-eletmod\/5-tipp-ami-mindenkinel-mukodik-alvas\/#primaryimage\",\"url\":\"https:\/\/d2p6e6u75xmxt8.cloudfront.net\/12\/2021\/01\/Sleep-pexels-photo-271897.jpg\",\"contentUrl\":\"https:\/\/d2p6e6u75xmxt8.cloudfront.net\/12\/2021\/01\/Sleep-pexels-photo-271897.jpg\",\"width\":1366,\"height\":600,\"caption\":\"Sleep\"},{\"@type\":\"BreadcrumbList\",\"@id\":\"https:\/\/www.welovecycling.com\/hu\/edzes-es-eletmod\/5-tipp-ami-mindenkinel-mukodik-alvas\/#breadcrumb\",\"itemListElement\":[{\"@type\":\"ListItem\",\"position\":1,\"name\":\"Home\",\"item\":\"https:\/\/www.welovecycling.com\/hu\/\"},{\"@type\":\"ListItem\",\"position\":2,\"name\":\"5 tipp, ami mindenkin\u00e9l m\u0171k\u00f6dik \u2013 Alv\u00e1s\"}]},{\"@type\":\"WebSite\",\"@id\":\"https:\/\/www.welovecycling.com\/hu\/#website\",\"url\":\"https:\/\/www.welovecycling.com\/hu\/\",\"name\":\"\u0160koda We Love Cycling - Magyarorsz\u00e1g\",\"description\":\"\u0160koda WeLoveCycling\",\"potentialAction\":[{\"@type\":\"SearchAction\",\"target\":{\"@type\":\"EntryPoint\",\"urlTemplate\":\"https:\/\/www.welovecycling.com\/hu\/?s={search_term_string}\"},\"query-input\":{\"@type\":\"PropertyValueSpecification\",\"valueRequired\":true,\"valueName\":\"search_term_string\"}}],\"inLanguage\":\"hu\"},{\"@type\":\"Person\",\"@id\":\"https:\/\/www.welovecycling.com\/hu\/#\/schema\/person\/414a2aebf1801691a5320edb6468e194\",\"name\":\"hegyizs\",\"image\":{\"@type\":\"ImageObject\",\"inLanguage\":\"hu\",\"@id\":\"https:\/\/www.welovecycling.com\/hu\/#\/schema\/person\/image\/\",\"url\":\"https:\/\/secure.gravatar.com\/avatar\/02cf8a7906b8cf90cecb4679defac7cfd33a1c2e3b88e4903d947f3bb58eedd3?s=96&d=mm&r=g\",\"contentUrl\":\"https:\/\/secure.gravatar.com\/avatar\/02cf8a7906b8cf90cecb4679defac7cfd33a1c2e3b88e4903d947f3bb58eedd3?s=96&d=mm&r=g\",\"caption\":\"hegyizs\"},\"url\":\"https:\/\/www.welovecycling.com\/hu\/author\/hegyizs\/\"}]}<\/script>\n<!-- \/ Yoast SEO Premium plugin. -->","yoast_head_json":{"title":"5 tipp, ami mindenkin\u00e9l m\u0171k\u00f6dik \u2013 Alv\u00e1s","description":"\u00dagy t\u0171nhet, az alv\u00e1snak nem sok k\u00f6ze van a di\u00e9t\u00e1hoz, m\u00e1rpedig ez egy olyan cikksorozat, ami err\u0151l sz\u00f3l. A kutat\u00e1sok ugyanis m\u00e1st mondanak. Az alv\u00e1s a legt\u00f6bb ember sz\u00e1m\u00e1ra nagy hat\u00e1ssal van az \u00e9tkez\u00e9sre! N\u00e9zz\u00fck, hogyan!","robots":{"index":"index","follow":"follow","max-snippet":"max-snippet:-1","max-image-preview":"max-image-preview:large","max-video-preview":"max-video-preview:-1"},"canonical":"https:\/\/www.welovecycling.com\/hu\/edzes-es-eletmod\/5-tipp-ami-mindenkinel-mukodik-alvas\/","og_locale":"hu_HU","og_type":"article","og_title":"5 tipp, ami mindenkin\u00e9l m\u0171k\u00f6dik \u2013 Alv\u00e1s","og_description":"\u00dagy t\u0171nhet, az alv\u00e1snak nem sok k\u00f6ze van a di\u00e9t\u00e1hoz, m\u00e1rpedig ez egy olyan cikksorozat, ami err\u0151l sz\u00f3l. A kutat\u00e1sok ugyanis m\u00e1st mondanak. Az alv\u00e1s a legt\u00f6bb ember sz\u00e1m\u00e1ra nagy hat\u00e1ssal van az \u00e9tkez\u00e9sre! N\u00e9zz\u00fck, hogyan!","og_url":"https:\/\/www.welovecycling.com\/hu\/edzes-es-eletmod\/5-tipp-ami-mindenkinel-mukodik-alvas\/","og_site_name":"\u0160koda We Love Cycling - Magyarorsz\u00e1g","article_publisher":"https:\/\/www.facebook.com\/WeLoveCyclingHungary\/","article_published_time":"2021-01-15T07:00:12+00:00","og_image":[{"width":1366,"height":600,"url":"https:\/\/d2p6e6u75xmxt8.cloudfront.net\/12\/2021\/01\/Sleep-pexels-photo-271897.jpg","type":"image\/jpeg"}],"author":"hegyizs","twitter_card":"summary_large_image","twitter_misc":{"Written by":"Jiri Kaloc","Est. reading time":"5"},"schema":{"@context":"https:\/\/schema.org","@graph":[{"@type":"WebPage","@id":"https:\/\/www.welovecycling.com\/hu\/edzes-es-eletmod\/5-tipp-ami-mindenkinel-mukodik-alvas\/","url":"https:\/\/www.welovecycling.com\/hu\/edzes-es-eletmod\/5-tipp-ami-mindenkinel-mukodik-alvas\/","name":"5 tipp, ami mindenkin\u00e9l m\u0171k\u00f6dik \u2013 Alv\u00e1s","isPartOf":{"@id":"https:\/\/www.welovecycling.com\/hu\/#website"},"primaryImageOfPage":{"@id":"https:\/\/www.welovecycling.com\/hu\/edzes-es-eletmod\/5-tipp-ami-mindenkinel-mukodik-alvas\/#primaryimage"},"image":{"@id":"https:\/\/www.welovecycling.com\/hu\/edzes-es-eletmod\/5-tipp-ami-mindenkinel-mukodik-alvas\/#primaryimage"},"thumbnailUrl":"https:\/\/d2p6e6u75xmxt8.cloudfront.net\/12\/2021\/01\/Sleep-pexels-photo-271897.jpg","datePublished":"2021-01-15T07:00:12+00:00","author":{"@id":"https:\/\/www.welovecycling.com\/hu\/#\/schema\/person\/414a2aebf1801691a5320edb6468e194"},"description":"\u00dagy t\u0171nhet, az alv\u00e1snak nem sok k\u00f6ze van a di\u00e9t\u00e1hoz, m\u00e1rpedig ez egy olyan cikksorozat, ami err\u0151l sz\u00f3l. A kutat\u00e1sok ugyanis m\u00e1st mondanak. Az alv\u00e1s a legt\u00f6bb ember sz\u00e1m\u00e1ra nagy hat\u00e1ssal van az \u00e9tkez\u00e9sre! N\u00e9zz\u00fck, hogyan!","breadcrumb":{"@id":"https:\/\/www.welovecycling.com\/hu\/edzes-es-eletmod\/5-tipp-ami-mindenkinel-mukodik-alvas\/#breadcrumb"},"inLanguage":"hu","potentialAction":[{"@type":"ReadAction","target":["https:\/\/www.welovecycling.com\/hu\/edzes-es-eletmod\/5-tipp-ami-mindenkinel-mukodik-alvas\/"]}]},{"@type":"ImageObject","inLanguage":"hu","@id":"https:\/\/www.welovecycling.com\/hu\/edzes-es-eletmod\/5-tipp-ami-mindenkinel-mukodik-alvas\/#primaryimage","url":"https:\/\/d2p6e6u75xmxt8.cloudfront.net\/12\/2021\/01\/Sleep-pexels-photo-271897.jpg","contentUrl":"https:\/\/d2p6e6u75xmxt8.cloudfront.net\/12\/2021\/01\/Sleep-pexels-photo-271897.jpg","width":1366,"height":600,"caption":"Sleep"},{"@type":"BreadcrumbList","@id":"https:\/\/www.welovecycling.com\/hu\/edzes-es-eletmod\/5-tipp-ami-mindenkinel-mukodik-alvas\/#breadcrumb","itemListElement":[{"@type":"ListItem","position":1,"name":"Home","item":"https:\/\/www.welovecycling.com\/hu\/"},{"@type":"ListItem","position":2,"name":"5 tipp, ami mindenkin\u00e9l m\u0171k\u00f6dik \u2013 Alv\u00e1s"}]},{"@type":"WebSite","@id":"https:\/\/www.welovecycling.com\/hu\/#website","url":"https:\/\/www.welovecycling.com\/hu\/","name":"\u0160koda We Love Cycling - Magyarorsz\u00e1g","description":"\u0160koda WeLoveCycling","potentialAction":[{"@type":"SearchAction","target":{"@type":"EntryPoint","urlTemplate":"https:\/\/www.welovecycling.com\/hu\/?s={search_term_string}"},"query-input":{"@type":"PropertyValueSpecification","valueRequired":true,"valueName":"search_term_string"}}],"inLanguage":"hu"},{"@type":"Person","@id":"https:\/\/www.welovecycling.com\/hu\/#\/schema\/person\/414a2aebf1801691a5320edb6468e194","name":"hegyizs","image":{"@type":"ImageObject","inLanguage":"hu","@id":"https:\/\/www.welovecycling.com\/hu\/#\/schema\/person\/image\/","url":"https:\/\/secure.gravatar.com\/avatar\/02cf8a7906b8cf90cecb4679defac7cfd33a1c2e3b88e4903d947f3bb58eedd3?s=96&d=mm&r=g","contentUrl":"https:\/\/secure.gravatar.com\/avatar\/02cf8a7906b8cf90cecb4679defac7cfd33a1c2e3b88e4903d947f3bb58eedd3?s=96&d=mm&r=g","caption":"hegyizs"},"url":"https:\/\/www.welovecycling.com\/hu\/author\/hegyizs\/"}]}},"_links":{"self":[{"href":"https:\/\/www.welovecycling.com\/hu\/wp-json\/wp\/v2\/posts\/9918","targetHints":{"allow":["GET"]}}],"collection":[{"href":"https:\/\/www.welovecycling.com\/hu\/wp-json\/wp\/v2\/posts"}],"about":[{"href":"https:\/\/www.welovecycling.com\/hu\/wp-json\/wp\/v2\/types\/post"}],"author":[{"embeddable":true,"href":"https:\/\/www.welovecycling.com\/hu\/wp-json\/wp\/v2\/users\/71"}],"replies":[{"embeddable":true,"href":"https:\/\/www.welovecycling.com\/hu\/wp-json\/wp\/v2\/comments?post=9918"}],"version-history":[{"count":2,"href":"https:\/\/www.welovecycling.com\/hu\/wp-json\/wp\/v2\/posts\/9918\/revisions"}],"predecessor-version":[{"id":9932,"href":"https:\/\/www.welovecycling.com\/hu\/wp-json\/wp\/v2\/posts\/9918\/revisions\/9932"}],"wp:featuredmedia":[{"embeddable":true,"href":"https:\/\/www.welovecycling.com\/hu\/wp-json\/wp\/v2\/media\/9922"}],"wp:attachment":[{"href":"https:\/\/www.welovecycling.com\/hu\/wp-json\/wp\/v2\/media?parent=9918"}],"wp:term":[{"taxonomy":"category","embeddable":true,"href":"https:\/\/www.welovecycling.com\/hu\/wp-json\/wp\/v2\/categories?post=9918"},{"taxonomy":"post_tag","embeddable":true,"href":"https:\/\/www.welovecycling.com\/hu\/wp-json\/wp\/v2\/tags?post=9918"},{"taxonomy":"global-categories","embeddable":true,"href":"https:\/\/www.welovecycling.com\/hu\/wp-json\/wp\/v2\/global-categories?post=9918"}],"curies":[{"name":"wp","href":"https:\/\/api.w.org\/{rel}","templated":true}]}}