{"id":9913,"date":"2021-01-14T08:00:39","date_gmt":"2021-01-14T07:00:39","guid":{"rendered":"https:\/\/www.welovecycling.com\/hu\/?p=9913"},"modified":"2021-01-11T12:28:29","modified_gmt":"2021-01-11T11:28:29","slug":"5-tipp-hogy-megalapozd-a-bringas-teljesitmenyed-az-evre","status":"publish","type":"post","link":"https:\/\/www.welovecycling.com\/hu\/trekking-mtb\/5-tipp-hogy-megalapozd-a-bringas-teljesitmenyed-az-evre\/","title":{"rendered":"5 tipp, hogy megalapozd a bring\u00e1s teljes\u00edtm\u00e9nyed az \u00e9vre"},"content":{"rendered":"<p><strong>Elm\u00faltak az \u00fcnnepek \u00e9s vel\u00fck egy\u00fctt szerencs\u00e9re ez az \u0151r\u00fclt 2020-as \u00e9v is! Itt az ideje el\u0151re tekinteni \u00e9s megtervezni a k\u00f6vetkez\u0151 \u00e9vet. \u00cdme, n\u00e9h\u00e1ny tipp, amik seg\u00edtenek \u00e9letst\u00edlusod \u00e9s edz\u00e9si szok\u00e1said fejleszt\u00e9s\u00e9ben, hogy az \u00faj \u00e9vben a lehet\u0151 leghamarabb el\u00e9rd a legjobb form\u00e1d!<\/strong><!--more--><\/p>\n<h2><strong>\u00dclj nyeregbe minden nap!<\/strong><\/h2>\n<p>A legfontosabb, hogy \u00fajra rendszeress\u00e9 tedd a ker\u00e9kp\u00e1roz\u00e1st. Teljes\u00edts egy kih\u00edv\u00e1st, ha kezd\u0151 vagy, \u00fclj egy h\u00e9ten \u00e1t mindennap nyeregbe, ha gyakorlott bring\u00e1s, legyen 14 nap! A c\u00e9l nem az, hogy el\u00e9rj\u00fcnk bizonyos sz\u00e1m\u00fa \u00f3r\u00e1t vagy meghat\u00e1rozott sebess\u00e9get. Csak szokd meg, hogy id\u0151t t\u00f6ltesz a bicikliden, rendszeresen! Tehetsz hossz\u00fa vagy r\u00f6videbb t\u00far\u00e1kat, de az is el\u00e9g, ha eltekersz a kisboltig. Am\u00edg mindennap legal\u00e1bb 20 percet a bring\u00e1don t\u00f6ltesz, j\u00f3 vagy!<\/p>\n<figure id=\"attachment_9914\" aria-describedby=\"caption-attachment-9914\" style=\"width: 1250px\" class=\"wp-caption alignnone\"><img loading=\"lazy\" decoding=\"async\" class=\"size-full wp-image-9914\" src=\"https:\/\/d2p6e6u75xmxt8.cloudfront.net\/12\/2021\/01\/Cycling-in-Mist-profimedia-0580412337.jpg\" alt=\"Cycling in the Mist\" width=\"1250\" height=\"703\" srcset=\"https:\/\/d2p6e6u75xmxt8.cloudfront.net\/12\/2021\/01\/Cycling-in-Mist-profimedia-0580412337.jpg 1250w, https:\/\/d2p6e6u75xmxt8.cloudfront.net\/12\/2021\/01\/Cycling-in-Mist-profimedia-0580412337-300x169.jpg 300w, https:\/\/d2p6e6u75xmxt8.cloudfront.net\/12\/2021\/01\/Cycling-in-Mist-profimedia-0580412337-1024x576.jpg 1024w, https:\/\/d2p6e6u75xmxt8.cloudfront.net\/12\/2021\/01\/Cycling-in-Mist-profimedia-0580412337-768x432.jpg 768w\" sizes=\"auto, (max-width: 1250px) 100vw, 1250px\" \/><figcaption id=\"caption-attachment-9914\" class=\"wp-caption-text\"><em>Ker\u00e9kp\u00e1roz\u00e1s a r\u00e9gi Mangotsfield csom\u00f3pont mellett egy k\u00f6d\u00f6s reggelen. \u00a9 Profimedia<\/em><\/figcaption><\/figure>\n<h2><strong>\u00c9p\u00edts kapcsolatokat!<\/strong><\/h2>\n<p>Az egyetlen dolog, ami jobb, mint a ker\u00e9kp\u00e1roz\u00e1s, az a ker\u00e9kp\u00e1roz\u00e1s bar\u00e1tokkal. Ne becs\u00fcld al\u00e1 a ker\u00e9kp\u00e1ros k\u00f6z\u00f6ss\u00e9gek erej\u00e9t! Legyen sz\u00f3 bar\u00e1tokr\u00f3l, csal\u00e1dr\u00f3l, ker\u00e9kp\u00e1ros klubr\u00f3l vagy virtu\u00e1lis csapatr\u00f3l, mindenk\u00e9ppen vegy\u00e9l r\u00e9szt az \u00e9let\u00fckben! Csatlakozz egy csoportos t\u00far\u00e1hoz, e-versenyhez vagy egy edz\u00e9shez a k\u00f6vetkez\u0151 h\u00e9ten! Nem sz\u00e1m\u00edt, hogy form\u00e1ban vagy-e vagy sem. A legfontosabb az, hogy kapcsolatban maradj m\u00e1sokkal, \u00e9s meg tudd osztani a ker\u00e9kp\u00e1roz\u00e1s \u00e9lm\u00e9ny\u00e9t a sz\u00e1modra fontos emberekkel. \u0150k fognak majd t\u00e1mogatni az \u00e9v h\u00e1tral\u00e9v\u0151 r\u00e9sz\u00e9ben. Seg\u00edtenek kitartani a c\u00e9ljaid mellett, \u00e9s egy\u00fctt \u00fcnnepelnek veled, ha el\u00e9red \u0151ket!<\/p>\n<h2><strong>Vissza a norm\u00e1lis alv\u00e1srendhez!<\/strong><\/h2>\n<p>Az alv\u00e1s nem csak a regener\u00e1l\u00f3d\u00e1s \u00e9s a teljes\u00edtm\u00e9ny\u00fcnk jav\u00edt\u00e1sa miatt fontos. A j\u00f3 alv\u00e1s lehet\u0151v\u00e9 teszi azt is, hogy legyen energi\u00e1d \u00e9s kedved, hogy akkor is tekerj egy k\u00f6rt, ha a k\u00f6r\u00fclm\u00e9nyek nem t\u00f6k\u00e9letesek. \u00dcgyelj arra, hogy legal\u00e1bb 8 \u00f3r\u00e1t t\u00f6lts az \u00e1gyban! \u00c1ll\u00edts be figyelmeztet\u0151t a lefekv\u00e9shez, ha kell. H\u00e1l\u00f3szob\u00e1d legyen s\u00f6t\u00e9t, csendes \u00e9s h\u0171v\u00f6s az optim\u00e1lis alv\u00e1smin\u0151s\u00e9g \u00e9rdek\u00e9ben. Olvasd el <a href=\"https:\/\/www.welovecycling.com\/hu\/edzes-es-eletmod\/immunerosites-oszre-4-tipp-a-jo-alvashoz\/\">alv\u00e1sr\u00f3l sz\u00f3l\u00f3 cikk\u00fcnket<\/a>, ha tov\u00e1bbi tippeket keresel arra vonatkoz\u00f3an, hogyan lehet gyorsan zavartalan \u00e1lomba zuhanni.<\/p>\n<figure id=\"attachment_9915\" aria-describedby=\"caption-attachment-9915\" style=\"width: 1250px\" class=\"wp-caption alignnone\"><img loading=\"lazy\" decoding=\"async\" class=\"size-full wp-image-9915\" src=\"https:\/\/d2p6e6u75xmxt8.cloudfront.net\/12\/2021\/01\/Cycling-in-Mist-profimedia-0580412080.jpg\" alt=\"Cycling in the mist\" width=\"1250\" height=\"999\" srcset=\"https:\/\/d2p6e6u75xmxt8.cloudfront.net\/12\/2021\/01\/Cycling-in-Mist-profimedia-0580412080.jpg 1250w, https:\/\/d2p6e6u75xmxt8.cloudfront.net\/12\/2021\/01\/Cycling-in-Mist-profimedia-0580412080-300x240.jpg 300w, https:\/\/d2p6e6u75xmxt8.cloudfront.net\/12\/2021\/01\/Cycling-in-Mist-profimedia-0580412080-1024x818.jpg 1024w, https:\/\/d2p6e6u75xmxt8.cloudfront.net\/12\/2021\/01\/Cycling-in-Mist-profimedia-0580412080-768x614.jpg 768w\" sizes=\"auto, (max-width: 1250px) 100vw, 1250px\" \/><figcaption id=\"caption-attachment-9915\" class=\"wp-caption-text\">\u00a9 Profimedia<\/figcaption><\/figure>\n<h2><strong>F\u0151zz!<\/strong><\/h2>\n<p>Az \u00e9tel a sport fontos r\u00e9sze. Ha j\u00f3l csin\u00e1lod, rengeteg energi\u00e1t, gyors fel\u00e9p\u00fcl\u00e9st \u00e9s karcs\u00fa testet \u00e9rhetsz el. Sajnos sokf\u00e9le m\u00f3don lehet helyesen \u00e9s helytelen\u00fcl enni, \u00e9s sz\u00e1mos t\u00e9nyez\u0151 az egy\u00e9ni ig\u00e9nyeken \u00e9s preferenci\u00e1kon m\u00falik. Egy dolog biztos: szinte minden ker\u00e9kp\u00e1rosnak seg\u00edt, ha mag\u00e1nak f\u0151z! Ha sz\u00e1nsz egy kis id\u0151t arra, hogy legal\u00e1bb n\u00e9h\u00e1ny \u00e9telt elk\u00e9sz\u00edts, biztosan javulni fog az \u00e9trended. Az otthon k\u00e9sz\u00edtett \u00e9telek kev\u00e9sb\u00e9 feldolgozottak, t\u00f6bb rostot \u00e9s n\u00e9lk\u00fcl\u00f6zhetetlen t\u00e1panyagot tartalmaznak. Id\u0151befektet\u00e9s, de ha a rutin r\u00e9sz\u00e9v\u00e9 v\u00e1lik, sokszorosan megt\u00e9r\u00fcl!<\/p>\n<h2><strong>Er\u0151s\u00edts!<\/strong><\/h2>\n<p>A kirak\u00f3s utols\u00f3 darabja az er\u0151nl\u00e9ti edz\u00e9s. A t\u00e9li id\u0151szak ide\u00e1lis az er\u0151nl\u00e9t\u00fcnk jav\u00edt\u00e1s\u00e1ra. Pr\u00f3b\u00e1lj heti 2-3 er\u0151s\u00edt\u0151 edz\u00e9st v\u00e9gezni, \u00f6sszpontos\u00edts a teljes test \u00e1tmozgat\u00e1s\u00e1ra. A guggol\u00e1sok, kit\u00f6r\u00e9sek, fekv\u0151t\u00e1maszok \u00e9s fel\u00fcl\u00e9sek otthon is elv\u00e9gezhet\u0151k! K\u00e9s\u0151bb s\u00falyokkal is dolgozhatsz, de adj egy kis id\u0151t a testednek, hogy megszokja a terhel\u00e9st!<\/p>\n","protected":false},"excerpt":{"rendered":"<p>Elm\u00faltak az \u00fcnnepek \u00e9s vel\u00fck egy\u00fctt szerencs\u00e9re ez az \u0151r\u00fclt 2020-as \u00e9v is! Itt az ideje el\u0151re tekinteni \u00e9s megtervezni [&hellip;]<\/p>\n","protected":false},"author":71,"featured_media":9917,"comment_status":"open","ping_status":"open","sticky":false,"template":"","format":"standard","meta":{"footnotes":""},"categories":[7],"tags":[],"global-categories":[],"class_list":["post-9913","post","type-post","status-publish","format-standard","has-post-thumbnail","hentry","category-trekking-mtb"],"yoast_head":"<!-- This site is optimized with the Yoast SEO Premium plugin v25.3 (Yoast SEO v25.9) - https:\/\/yoast.com\/wordpress\/plugins\/seo\/ -->\n<title>5 tipp, hogy megalapozd a bring\u00e1s teljes\u00edtm\u00e9nyed az \u00e9vre<\/title>\n<meta name=\"description\" content=\"Elm\u00faltak az \u00fcnnepek \u00e9s vel\u00fck egy\u00fctt szerencs\u00e9re ez az \u0151r\u00fclt 2020-as \u00e9v is! Itt az ideje el\u0151re tekinteni \u00e9s megtervezni a k\u00f6vetkez\u0151 \u00e9vet.\" \/>\n<meta name=\"robots\" content=\"index, follow, max-snippet:-1, max-image-preview:large, max-video-preview:-1\" \/>\n<link rel=\"canonical\" href=\"https:\/\/www.welovecycling.com\/hu\/trekking-mtb\/5-tipp-hogy-megalapozd-a-bringas-teljesitmenyed-az-evre\/\" \/>\n<meta property=\"og:locale\" content=\"hu_HU\" \/>\n<meta property=\"og:type\" content=\"article\" \/>\n<meta property=\"og:title\" content=\"5 tipp, hogy megalapozd a bring\u00e1s teljes\u00edtm\u00e9nyed az \u00e9vre\" \/>\n<meta property=\"og:description\" content=\"Elm\u00faltak az \u00fcnnepek \u00e9s vel\u00fck egy\u00fctt szerencs\u00e9re ez az \u0151r\u00fclt 2020-as \u00e9v is! Itt az ideje el\u0151re tekinteni \u00e9s megtervezni a k\u00f6vetkez\u0151 \u00e9vet. \u00cdme, n\u00e9h\u00e1ny tipp, amik seg\u00edtenek \u00e9letst\u00edlusod \u00e9s edz\u00e9si szok\u00e1said fejleszt\u00e9s\u00e9ben, hogy az \u00faj \u00e9vben a lehet\u0151 leghamarabb el\u00e9rd a legjobb form\u00e1d!\" \/>\n<meta property=\"og:url\" content=\"https:\/\/www.welovecycling.com\/hu\/trekking-mtb\/5-tipp-hogy-megalapozd-a-bringas-teljesitmenyed-az-evre\/\" \/>\n<meta property=\"og:site_name\" content=\"\u0160koda We Love Cycling - Magyarorsz\u00e1g\" \/>\n<meta property=\"article:publisher\" content=\"https:\/\/www.facebook.com\/WeLoveCyclingHungary\/\" \/>\n<meta property=\"article:published_time\" content=\"2021-01-14T07:00:39+00:00\" \/>\n<meta property=\"og:image\" content=\"https:\/\/d2p6e6u75xmxt8.cloudfront.net\/12\/2021\/01\/Cyclists-Mountains-profimedia-0480738799.jpg\" \/>\n\t<meta property=\"og:image:width\" content=\"1366\" \/>\n\t<meta property=\"og:image:height\" content=\"600\" \/>\n\t<meta property=\"og:image:type\" content=\"image\/jpeg\" \/>\n<meta name=\"author\" content=\"hegyizs\" \/>\n<meta name=\"twitter:card\" content=\"summary_large_image\" \/>\n<meta name=\"twitter:title\" content=\"5 tipp, hogy megalapozd a bring\u00e1s teljes\u00edtm\u00e9nyed az \u00e9vre\" \/>\n<meta name=\"twitter:label1\" content=\"Written by\" \/>\n\t<meta name=\"twitter:data1\" content=\"Jiri Kaloc\" \/>\n\t<meta name=\"twitter:label2\" content=\"Est. reading time\" \/>\n\t<meta name=\"twitter:data2\" content=\"5\" \/>\n<script type=\"application\/ld+json\" class=\"yoast-schema-graph\">{\"@context\":\"https:\/\/schema.org\",\"@graph\":[{\"@type\":\"WebPage\",\"@id\":\"https:\/\/www.welovecycling.com\/hu\/trekking-mtb\/5-tipp-hogy-megalapozd-a-bringas-teljesitmenyed-az-evre\/\",\"url\":\"https:\/\/www.welovecycling.com\/hu\/trekking-mtb\/5-tipp-hogy-megalapozd-a-bringas-teljesitmenyed-az-evre\/\",\"name\":\"5 tipp, hogy megalapozd a bring\u00e1s teljes\u00edtm\u00e9nyed az \u00e9vre\",\"isPartOf\":{\"@id\":\"https:\/\/www.welovecycling.com\/hu\/#website\"},\"primaryImageOfPage\":{\"@id\":\"https:\/\/www.welovecycling.com\/hu\/trekking-mtb\/5-tipp-hogy-megalapozd-a-bringas-teljesitmenyed-az-evre\/#primaryimage\"},\"image\":{\"@id\":\"https:\/\/www.welovecycling.com\/hu\/trekking-mtb\/5-tipp-hogy-megalapozd-a-bringas-teljesitmenyed-az-evre\/#primaryimage\"},\"thumbnailUrl\":\"https:\/\/d2p6e6u75xmxt8.cloudfront.net\/12\/2021\/01\/Cyclists-Mountains-profimedia-0480738799.jpg\",\"datePublished\":\"2021-01-14T07:00:39+00:00\",\"author\":{\"@id\":\"https:\/\/www.welovecycling.com\/hu\/#\/schema\/person\/414a2aebf1801691a5320edb6468e194\"},\"description\":\"Elm\u00faltak az \u00fcnnepek \u00e9s vel\u00fck egy\u00fctt szerencs\u00e9re ez az \u0151r\u00fclt 2020-as \u00e9v is! Itt az ideje el\u0151re tekinteni \u00e9s megtervezni a k\u00f6vetkez\u0151 \u00e9vet.\",\"breadcrumb\":{\"@id\":\"https:\/\/www.welovecycling.com\/hu\/trekking-mtb\/5-tipp-hogy-megalapozd-a-bringas-teljesitmenyed-az-evre\/#breadcrumb\"},\"inLanguage\":\"hu\",\"potentialAction\":[{\"@type\":\"ReadAction\",\"target\":[\"https:\/\/www.welovecycling.com\/hu\/trekking-mtb\/5-tipp-hogy-megalapozd-a-bringas-teljesitmenyed-az-evre\/\"]}]},{\"@type\":\"ImageObject\",\"inLanguage\":\"hu\",\"@id\":\"https:\/\/www.welovecycling.com\/hu\/trekking-mtb\/5-tipp-hogy-megalapozd-a-bringas-teljesitmenyed-az-evre\/#primaryimage\",\"url\":\"https:\/\/d2p6e6u75xmxt8.cloudfront.net\/12\/2021\/01\/Cyclists-Mountains-profimedia-0480738799.jpg\",\"contentUrl\":\"https:\/\/d2p6e6u75xmxt8.cloudfront.net\/12\/2021\/01\/Cyclists-Mountains-profimedia-0480738799.jpg\",\"width\":1366,\"height\":600,\"caption\":\"Cyclists and Mountains\"},{\"@type\":\"BreadcrumbList\",\"@id\":\"https:\/\/www.welovecycling.com\/hu\/trekking-mtb\/5-tipp-hogy-megalapozd-a-bringas-teljesitmenyed-az-evre\/#breadcrumb\",\"itemListElement\":[{\"@type\":\"ListItem\",\"position\":1,\"name\":\"Home\",\"item\":\"https:\/\/www.welovecycling.com\/hu\/\"},{\"@type\":\"ListItem\",\"position\":2,\"name\":\"5 tipp, hogy megalapozd a bring\u00e1s teljes\u00edtm\u00e9nyed az \u00e9vre\"}]},{\"@type\":\"WebSite\",\"@id\":\"https:\/\/www.welovecycling.com\/hu\/#website\",\"url\":\"https:\/\/www.welovecycling.com\/hu\/\",\"name\":\"\u0160koda We Love Cycling - Magyarorsz\u00e1g\",\"description\":\"\u0160koda WeLoveCycling\",\"potentialAction\":[{\"@type\":\"SearchAction\",\"target\":{\"@type\":\"EntryPoint\",\"urlTemplate\":\"https:\/\/www.welovecycling.com\/hu\/?s={search_term_string}\"},\"query-input\":{\"@type\":\"PropertyValueSpecification\",\"valueRequired\":true,\"valueName\":\"search_term_string\"}}],\"inLanguage\":\"hu\"},{\"@type\":\"Person\",\"@id\":\"https:\/\/www.welovecycling.com\/hu\/#\/schema\/person\/414a2aebf1801691a5320edb6468e194\",\"name\":\"hegyizs\",\"image\":{\"@type\":\"ImageObject\",\"inLanguage\":\"hu\",\"@id\":\"https:\/\/www.welovecycling.com\/hu\/#\/schema\/person\/image\/\",\"url\":\"https:\/\/secure.gravatar.com\/avatar\/02cf8a7906b8cf90cecb4679defac7cfd33a1c2e3b88e4903d947f3bb58eedd3?s=96&d=mm&r=g\",\"contentUrl\":\"https:\/\/secure.gravatar.com\/avatar\/02cf8a7906b8cf90cecb4679defac7cfd33a1c2e3b88e4903d947f3bb58eedd3?s=96&d=mm&r=g\",\"caption\":\"hegyizs\"},\"url\":\"https:\/\/www.welovecycling.com\/hu\/author\/hegyizs\/\"}]}<\/script>\n<!-- \/ Yoast SEO Premium plugin. -->","yoast_head_json":{"title":"5 tipp, hogy megalapozd a bring\u00e1s teljes\u00edtm\u00e9nyed az \u00e9vre","description":"Elm\u00faltak az \u00fcnnepek \u00e9s vel\u00fck egy\u00fctt szerencs\u00e9re ez az \u0151r\u00fclt 2020-as \u00e9v is! Itt az ideje el\u0151re tekinteni \u00e9s megtervezni a k\u00f6vetkez\u0151 \u00e9vet.","robots":{"index":"index","follow":"follow","max-snippet":"max-snippet:-1","max-image-preview":"max-image-preview:large","max-video-preview":"max-video-preview:-1"},"canonical":"https:\/\/www.welovecycling.com\/hu\/trekking-mtb\/5-tipp-hogy-megalapozd-a-bringas-teljesitmenyed-az-evre\/","og_locale":"hu_HU","og_type":"article","og_title":"5 tipp, hogy megalapozd a bring\u00e1s teljes\u00edtm\u00e9nyed az \u00e9vre","og_description":"Elm\u00faltak az \u00fcnnepek \u00e9s vel\u00fck egy\u00fctt szerencs\u00e9re ez az \u0151r\u00fclt 2020-as \u00e9v is! Itt az ideje el\u0151re tekinteni \u00e9s megtervezni a k\u00f6vetkez\u0151 \u00e9vet. \u00cdme, n\u00e9h\u00e1ny tipp, amik seg\u00edtenek \u00e9letst\u00edlusod \u00e9s edz\u00e9si szok\u00e1said fejleszt\u00e9s\u00e9ben, hogy az \u00faj \u00e9vben a lehet\u0151 leghamarabb el\u00e9rd a legjobb form\u00e1d!","og_url":"https:\/\/www.welovecycling.com\/hu\/trekking-mtb\/5-tipp-hogy-megalapozd-a-bringas-teljesitmenyed-az-evre\/","og_site_name":"\u0160koda We Love Cycling - Magyarorsz\u00e1g","article_publisher":"https:\/\/www.facebook.com\/WeLoveCyclingHungary\/","article_published_time":"2021-01-14T07:00:39+00:00","og_image":[{"width":1366,"height":600,"url":"https:\/\/d2p6e6u75xmxt8.cloudfront.net\/12\/2021\/01\/Cyclists-Mountains-profimedia-0480738799.jpg","type":"image\/jpeg"}],"author":"hegyizs","twitter_card":"summary_large_image","twitter_title":"5 tipp, hogy megalapozd a bring\u00e1s teljes\u00edtm\u00e9nyed az \u00e9vre","twitter_misc":{"Written by":"Jiri Kaloc","Est. reading time":"5"},"schema":{"@context":"https:\/\/schema.org","@graph":[{"@type":"WebPage","@id":"https:\/\/www.welovecycling.com\/hu\/trekking-mtb\/5-tipp-hogy-megalapozd-a-bringas-teljesitmenyed-az-evre\/","url":"https:\/\/www.welovecycling.com\/hu\/trekking-mtb\/5-tipp-hogy-megalapozd-a-bringas-teljesitmenyed-az-evre\/","name":"5 tipp, hogy megalapozd a bring\u00e1s teljes\u00edtm\u00e9nyed az \u00e9vre","isPartOf":{"@id":"https:\/\/www.welovecycling.com\/hu\/#website"},"primaryImageOfPage":{"@id":"https:\/\/www.welovecycling.com\/hu\/trekking-mtb\/5-tipp-hogy-megalapozd-a-bringas-teljesitmenyed-az-evre\/#primaryimage"},"image":{"@id":"https:\/\/www.welovecycling.com\/hu\/trekking-mtb\/5-tipp-hogy-megalapozd-a-bringas-teljesitmenyed-az-evre\/#primaryimage"},"thumbnailUrl":"https:\/\/d2p6e6u75xmxt8.cloudfront.net\/12\/2021\/01\/Cyclists-Mountains-profimedia-0480738799.jpg","datePublished":"2021-01-14T07:00:39+00:00","author":{"@id":"https:\/\/www.welovecycling.com\/hu\/#\/schema\/person\/414a2aebf1801691a5320edb6468e194"},"description":"Elm\u00faltak az \u00fcnnepek \u00e9s vel\u00fck egy\u00fctt szerencs\u00e9re ez az \u0151r\u00fclt 2020-as \u00e9v is! Itt az ideje el\u0151re tekinteni \u00e9s megtervezni a k\u00f6vetkez\u0151 \u00e9vet.","breadcrumb":{"@id":"https:\/\/www.welovecycling.com\/hu\/trekking-mtb\/5-tipp-hogy-megalapozd-a-bringas-teljesitmenyed-az-evre\/#breadcrumb"},"inLanguage":"hu","potentialAction":[{"@type":"ReadAction","target":["https:\/\/www.welovecycling.com\/hu\/trekking-mtb\/5-tipp-hogy-megalapozd-a-bringas-teljesitmenyed-az-evre\/"]}]},{"@type":"ImageObject","inLanguage":"hu","@id":"https:\/\/www.welovecycling.com\/hu\/trekking-mtb\/5-tipp-hogy-megalapozd-a-bringas-teljesitmenyed-az-evre\/#primaryimage","url":"https:\/\/d2p6e6u75xmxt8.cloudfront.net\/12\/2021\/01\/Cyclists-Mountains-profimedia-0480738799.jpg","contentUrl":"https:\/\/d2p6e6u75xmxt8.cloudfront.net\/12\/2021\/01\/Cyclists-Mountains-profimedia-0480738799.jpg","width":1366,"height":600,"caption":"Cyclists and Mountains"},{"@type":"BreadcrumbList","@id":"https:\/\/www.welovecycling.com\/hu\/trekking-mtb\/5-tipp-hogy-megalapozd-a-bringas-teljesitmenyed-az-evre\/#breadcrumb","itemListElement":[{"@type":"ListItem","position":1,"name":"Home","item":"https:\/\/www.welovecycling.com\/hu\/"},{"@type":"ListItem","position":2,"name":"5 tipp, hogy megalapozd a bring\u00e1s teljes\u00edtm\u00e9nyed az \u00e9vre"}]},{"@type":"WebSite","@id":"https:\/\/www.welovecycling.com\/hu\/#website","url":"https:\/\/www.welovecycling.com\/hu\/","name":"\u0160koda We Love Cycling - Magyarorsz\u00e1g","description":"\u0160koda WeLoveCycling","potentialAction":[{"@type":"SearchAction","target":{"@type":"EntryPoint","urlTemplate":"https:\/\/www.welovecycling.com\/hu\/?s={search_term_string}"},"query-input":{"@type":"PropertyValueSpecification","valueRequired":true,"valueName":"search_term_string"}}],"inLanguage":"hu"},{"@type":"Person","@id":"https:\/\/www.welovecycling.com\/hu\/#\/schema\/person\/414a2aebf1801691a5320edb6468e194","name":"hegyizs","image":{"@type":"ImageObject","inLanguage":"hu","@id":"https:\/\/www.welovecycling.com\/hu\/#\/schema\/person\/image\/","url":"https:\/\/secure.gravatar.com\/avatar\/02cf8a7906b8cf90cecb4679defac7cfd33a1c2e3b88e4903d947f3bb58eedd3?s=96&d=mm&r=g","contentUrl":"https:\/\/secure.gravatar.com\/avatar\/02cf8a7906b8cf90cecb4679defac7cfd33a1c2e3b88e4903d947f3bb58eedd3?s=96&d=mm&r=g","caption":"hegyizs"},"url":"https:\/\/www.welovecycling.com\/hu\/author\/hegyizs\/"}]}},"_links":{"self":[{"href":"https:\/\/www.welovecycling.com\/hu\/wp-json\/wp\/v2\/posts\/9913","targetHints":{"allow":["GET"]}}],"collection":[{"href":"https:\/\/www.welovecycling.com\/hu\/wp-json\/wp\/v2\/posts"}],"about":[{"href":"https:\/\/www.welovecycling.com\/hu\/wp-json\/wp\/v2\/types\/post"}],"author":[{"embeddable":true,"href":"https:\/\/www.welovecycling.com\/hu\/wp-json\/wp\/v2\/users\/71"}],"replies":[{"embeddable":true,"href":"https:\/\/www.welovecycling.com\/hu\/wp-json\/wp\/v2\/comments?post=9913"}],"version-history":[{"count":2,"href":"https:\/\/www.welovecycling.com\/hu\/wp-json\/wp\/v2\/posts\/9913\/revisions"}],"predecessor-version":[{"id":9931,"href":"https:\/\/www.welovecycling.com\/hu\/wp-json\/wp\/v2\/posts\/9913\/revisions\/9931"}],"wp:featuredmedia":[{"embeddable":true,"href":"https:\/\/www.welovecycling.com\/hu\/wp-json\/wp\/v2\/media\/9917"}],"wp:attachment":[{"href":"https:\/\/www.welovecycling.com\/hu\/wp-json\/wp\/v2\/media?parent=9913"}],"wp:term":[{"taxonomy":"category","embeddable":true,"href":"https:\/\/www.welovecycling.com\/hu\/wp-json\/wp\/v2\/categories?post=9913"},{"taxonomy":"post_tag","embeddable":true,"href":"https:\/\/www.welovecycling.com\/hu\/wp-json\/wp\/v2\/tags?post=9913"},{"taxonomy":"global-categories","embeddable":true,"href":"https:\/\/www.welovecycling.com\/hu\/wp-json\/wp\/v2\/global-categories?post=9913"}],"curies":[{"name":"wp","href":"https:\/\/api.w.org\/{rel}","templated":true}]}}