{"id":9902,"date":"2021-01-11T08:00:48","date_gmt":"2021-01-11T07:00:48","guid":{"rendered":"https:\/\/www.welovecycling.com\/hu\/?p=9902"},"modified":"2021-01-10T19:55:22","modified_gmt":"2021-01-10T18:55:22","slug":"5-tipp-ami-mindenkinel-mukodik-zoldsegek-es-gyumolcsok","status":"publish","type":"post","link":"https:\/\/www.welovecycling.com\/hu\/edzes-es-eletmod\/5-tipp-ami-mindenkinel-mukodik-zoldsegek-es-gyumolcsok\/","title":{"rendered":"5 tipp, ami mindenkin\u00e9l m\u0171k\u00f6dik \u2013 Z\u00f6lds\u00e9gek \u00e9s gy\u00fcm\u00f6lcs\u00f6k"},"content":{"rendered":"<p><strong>Nem kell hozz\u00e1 t\u00fal sok tapasztalat, hogy tudjuk, hogy ha fogy\u00f3k\u00far\u00e1zni akarunk, sok z\u00f6lds\u00e9get kell enn\u00fcnk. Ez mindenkire igaz. De mi\u00e9rt? Miben j\u00e1rul hozz\u00e1 az eg\u00e9szs\u00e9g\u00fcnkh\u00f6z? Melyik gy\u00fcm\u00f6lcs \u00e9s z\u00f6lds\u00e9g a legjobb? N\u00e9zz\u00fck csak!<\/strong><\/p>\n<p><!--more--><\/p>\n<h2><strong>Seg\u00edtenek leadni a plusz kil\u00f3kat<\/strong><\/h2>\n<p>A ter\u00fcletet \u00e9rint\u0151 kutat\u00e1sok szerint, hogy ha sok gy\u00fcm\u00f6lcs\u00f6t \u00e9s z\u00f6lds\u00e9get eszel, k\u00f6nnyebben \u00e9rheted el optim\u00e1lis s\u00falyod. Ennek oka, hogy ezek az \u00e9telek, k\u00fcl\u00f6n\u00f6sen a kem\u00e9ny\u00edt\u0151t nem tartalmaz\u00f3 z\u00f6lds\u00e9gek \u00e9s gy\u00fcm\u00f6lcs\u00f6k, tele vannak rostokkal \u00e9s v\u00edzzel. Ez a k\u00e9t dolog seg\u00edt abban, hogy j\u00f3llakj, \u00e9s \u00edgy lehet\u0151v\u00e9 teszi, hogy kevesebb kal\u00f3ri\u00e1t fogyassz. K\u00f6r\u00fclbel\u00fcl 15 k\u00f6zepes s\u00e1rgar\u00e9p\u00e1t kell megenned, hogy annyi kal\u00f3ri\u00e1t vigy\u00e9l be, mint egy gyors\u00e9ttermi hamburgerb\u0151l!<\/p>\n<h2><a href=\"https:\/\/d2p6e6u75xmxt8.cloudfront.net\/2\/2020\/12\/Carrots-pexels-mali-maeder-65174.jpg\"><img loading=\"lazy\" decoding=\"async\" class=\"alignnone size-large wp-image-9903\" src=\"https:\/\/d2p6e6u75xmxt8.cloudfront.net\/12\/2021\/01\/Carrots-pexels-mali-maeder-65174-1024x682.jpg\" alt=\"Carrots\" width=\"1024\" height=\"682\" srcset=\"https:\/\/d2p6e6u75xmxt8.cloudfront.net\/12\/2021\/01\/Carrots-pexels-mali-maeder-65174-1024x682.jpg 1024w, https:\/\/d2p6e6u75xmxt8.cloudfront.net\/12\/2021\/01\/Carrots-pexels-mali-maeder-65174-300x200.jpg 300w, https:\/\/d2p6e6u75xmxt8.cloudfront.net\/12\/2021\/01\/Carrots-pexels-mali-maeder-65174-768x511.jpg 768w, https:\/\/d2p6e6u75xmxt8.cloudfront.net\/12\/2021\/01\/Carrots-pexels-mali-maeder-65174-272x182.jpg 272w, https:\/\/d2p6e6u75xmxt8.cloudfront.net\/12\/2021\/01\/Carrots-pexels-mali-maeder-65174.jpg 1280w\" sizes=\"auto, (max-width: 1024px) 100vw, 1024px\" \/><\/a><\/h2>\n<h2><strong>Cs\u00f6kkenthetik a betegs\u00e9gek kock\u00e1zat\u00e1t<\/strong><\/h2>\n<p>Val\u00f3sz\u00edn\u0171leg a legfontosabb oka, hogy igyeksz\u00fcnk sok z\u00f6lds\u00e9get fogyasztani, az az eg\u00e9szs\u00e9g\u00fcnk. A z\u00f6lds\u00e9gek tele vannak antioxid\u00e1nsokkal, vitaminokkal, \u00e1sv\u00e1nyi anyagokkal \u00e9s \u00e9rt\u00e9kes fitot\u00e1panyagokkal. Sz\u00e1mos tudom\u00e1nyos bizony\u00edt\u00e9k t\u00e1masztja al\u00e1, hogy min\u00e9l t\u00f6bb z\u00f6lds\u00e9get \u00e9s gy\u00fcm\u00f6lcs\u00f6t fogyasztunk, ann\u00e1l ink\u00e1bb cs\u00f6kken egyes betegs\u00e9gek kialakul\u00e1s\u00e1nak kock\u00e1zata, mint amilyenek a sz\u00edvbetegs\u00e9gek, az agyv\u00e9rz\u00e9s \u00e9s a r\u00e1k. R\u00e1ad\u00e1sul egyre t\u00f6bb tanulm\u00e1ny utal arra, hogy a z\u00f6lds\u00e9g a neurodegenerat\u00edv betegs\u00e9gek kialakul\u00e1s\u00e1nak kock\u00e1zat\u00e1t is cs\u00f6kkentheti.<\/p>\n<h2><strong>Gy\u0171jtsd \u00f6ssze mind az \u00f6t sz\u00ednt!<\/strong><\/h2>\n<p>A z\u00f6lds\u00e9g- \u00e9s gy\u00fcm\u00f6lcsfogyaszt\u00e1s egyszer\u0171 dolog, \u00f3ri\u00e1si el\u0151ny\u00f6kkel. Melyiket \u00e9rdemes legink\u00e1bb bevinni? Az \u00e1fonya gazdag antioxid\u00e1nsokban, a m\u00e1ln\u00e1ban pedig sok a rost, de melyik a jobb? Szerencs\u00e9re nincs egyetlen nyertes. Akkor j\u00e1rsz a legjobban, ha k\u00fcl\u00f6nf\u00e9le gy\u00fcm\u00f6lcs\u00f6ket \u00e9s z\u00f6lds\u00e9geket fogyaszt.<\/p>\n<p><a href=\"https:\/\/d2p6e6u75xmxt8.cloudfront.net\/2\/2020\/12\/Fruits-pexels-trang-doan-1132047.jpg\"><img loading=\"lazy\" decoding=\"async\" class=\"alignnone size-large wp-image-9904\" src=\"https:\/\/d2p6e6u75xmxt8.cloudfront.net\/12\/2021\/01\/Fruits-pexels-trang-doan-1132047-1024x768.jpg\" alt=\"Fruits\" width=\"1024\" height=\"768\" srcset=\"https:\/\/d2p6e6u75xmxt8.cloudfront.net\/12\/2021\/01\/Fruits-pexels-trang-doan-1132047-1024x768.jpg 1024w, https:\/\/d2p6e6u75xmxt8.cloudfront.net\/12\/2021\/01\/Fruits-pexels-trang-doan-1132047-300x225.jpg 300w, https:\/\/d2p6e6u75xmxt8.cloudfront.net\/12\/2021\/01\/Fruits-pexels-trang-doan-1132047-768x576.jpg 768w, https:\/\/d2p6e6u75xmxt8.cloudfront.net\/12\/2021\/01\/Fruits-pexels-trang-doan-1132047.jpg 1280w\" sizes=\"auto, (max-width: 1024px) 100vw, 1024px\" \/><\/a><\/p>\n<p>Mindegyik z\u00f6lds\u00e9g egyedi antioxid\u00e1nsokat, vitaminokat, \u00e1sv\u00e1nyi anyagokat \u00e9s fitot\u00e1panyagokat tartalmaz. Min\u00e9l t\u00f6bbf\u00e9le fajt\u00e1t illeszt\u00fcnk be az \u00e9trend\u00fcnkbe, ann\u00e1l jobb. V\u00e1logass sz\u00edn alapj\u00e1n! Egy gy\u00fcm\u00f6lcs vagy z\u00f6lds\u00e9g sz\u00edne \u00e1ltal\u00e1ban megmondja, melyik fitot\u00e1panyagban gazdag. Teh\u00e1t, ha figyelsz r\u00e1, hogy minden nap egy\u00e9l n\u00e9h\u00e1ny gy\u00fcm\u00f6lcs\u00f6t \u00e9s z\u00f6lds\u00e9get az al\u00e1bbi \u00f6t alapsz\u00edn mindegyik\u00e9b\u0151l, akkor remek\u00fcl fogsz teljes\u00edteni!<\/p>\n<p><strong>Z\u00f6ld<\/strong> &#8211; spen\u00f3t, brokkoli, r\u00f3mai sal\u00e1ta, k\u00e1poszta, z\u00f6ldbab, kelbimb\u00f3, kelk\u00e1poszta<br \/>\n<strong>Piros<\/strong> &#8211; paradicsom, v\u00f6r\u00f6s \u00e1fonya, meggy, m\u00e1lna, v\u00f6r\u00f6s k\u00e1poszta, grapefruit, chili paprika, papaya<br \/>\n<strong>Narancs <\/strong>&#8211; citrusf\u00e9l\u00e9k, t\u00f6k, s\u00e1rgar\u00e9pa, gy\u00f6mb\u00e9r, \u0151szibarack, \u00e9desburgonya<br \/>\n<strong>Feh\u00e9r<\/strong> &#8211; fokhagyma, hagyma, alma, k\u00f3kusz, pasztern\u00e1k, zeller gy\u00f6k\u00e9r<br \/>\n<strong>Lila<\/strong> &#8211; c\u00e9kla, padlizs\u00e1n, \u00e1fonya, szilva, szeder, sz\u0151l\u0151<\/p>\n","protected":false},"excerpt":{"rendered":"<p>Nem kell hozz\u00e1 t\u00fal sok tapasztalat, hogy tudjuk, hogy ha fogy\u00f3k\u00far\u00e1zni akarunk, sok z\u00f6lds\u00e9get kell enn\u00fcnk. Ez mindenkire igaz. De [&hellip;]<\/p>\n","protected":false},"author":71,"featured_media":9906,"comment_status":"closed","ping_status":"closed","sticky":false,"template":"","format":"standard","meta":{"footnotes":""},"categories":[6],"tags":[],"global-categories":[],"class_list":["post-9902","post","type-post","status-publish","format-standard","has-post-thumbnail","hentry","category-edzes-es-eletmod"],"yoast_head":"<!-- This site is optimized with the Yoast SEO Premium plugin v25.3 (Yoast SEO v25.9) - https:\/\/yoast.com\/wordpress\/plugins\/seo\/ -->\n<title>5 tipp, ami mindenkin\u00e9l m\u0171k\u00f6dik \u2013 Z\u00f6lds\u00e9gek \u00e9s gy\u00fcm\u00f6lcs\u00f6k<\/title>\n<meta name=\"description\" content=\"Nem kell hozz\u00e1 t\u00fal sok tapasztalat, hogy tudjuk, hogy ha fogy\u00f3k\u00far\u00e1zni akarunk, sok z\u00f6lds\u00e9get kell enn\u00fcnk.\" \/>\n<meta name=\"robots\" content=\"index, follow, max-snippet:-1, max-image-preview:large, max-video-preview:-1\" \/>\n<link rel=\"canonical\" href=\"https:\/\/www.welovecycling.com\/hu\/edzes-es-eletmod\/5-tipp-ami-mindenkinel-mukodik-zoldsegek-es-gyumolcsok\/\" \/>\n<meta property=\"og:locale\" content=\"hu_HU\" \/>\n<meta property=\"og:type\" content=\"article\" \/>\n<meta property=\"og:title\" content=\"5 tipp, ami mindenkin\u00e9l m\u0171k\u00f6dik \u2013 Z\u00f6lds\u00e9gek \u00e9s gy\u00fcm\u00f6lcs\u00f6k\" \/>\n<meta property=\"og:description\" content=\"Nem kell hozz\u00e1 t\u00fal sok tapasztalat, hogy tudjuk, hogy ha fogy\u00f3k\u00far\u00e1zni akarunk, sok z\u00f6lds\u00e9get kell enn\u00fcnk. Ez mindenkire igaz. De mi\u00e9rt? Miben j\u00e1rul hozz\u00e1 az eg\u00e9szs\u00e9g\u00fcnkh\u00f6z? Melyik gy\u00fcm\u00f6lcs \u00e9s z\u00f6lds\u00e9g a legjobb? N\u00e9zz\u00fck csak!\" \/>\n<meta property=\"og:url\" content=\"https:\/\/www.welovecycling.com\/hu\/edzes-es-eletmod\/5-tipp-ami-mindenkinel-mukodik-zoldsegek-es-gyumolcsok\/\" \/>\n<meta property=\"og:site_name\" content=\"\u0160koda We Love Cycling - Magyarorsz\u00e1g\" \/>\n<meta property=\"article:publisher\" content=\"https:\/\/www.facebook.com\/WeLoveCyclingHungary\/\" \/>\n<meta property=\"article:published_time\" content=\"2021-01-11T07:00:48+00:00\" \/>\n<meta property=\"og:image\" content=\"https:\/\/d2p6e6u75xmxt8.cloudfront.net\/12\/2021\/01\/Fruits-and-vegetables-profimedia-0305930665-CVR.jpg\" \/>\n\t<meta property=\"og:image:width\" content=\"1366\" \/>\n\t<meta property=\"og:image:height\" content=\"600\" \/>\n\t<meta property=\"og:image:type\" content=\"image\/jpeg\" \/>\n<meta name=\"author\" content=\"hegyizs\" \/>\n<meta name=\"twitter:card\" content=\"summary_large_image\" \/>\n<meta name=\"twitter:label1\" content=\"Written by\" \/>\n\t<meta name=\"twitter:data1\" content=\"Jiri Kaloc\" \/>\n\t<meta name=\"twitter:label2\" content=\"Est. reading time\" \/>\n\t<meta name=\"twitter:data2\" content=\"5\" \/>\n<script type=\"application\/ld+json\" class=\"yoast-schema-graph\">{\"@context\":\"https:\/\/schema.org\",\"@graph\":[{\"@type\":\"WebPage\",\"@id\":\"https:\/\/www.welovecycling.com\/hu\/edzes-es-eletmod\/5-tipp-ami-mindenkinel-mukodik-zoldsegek-es-gyumolcsok\/\",\"url\":\"https:\/\/www.welovecycling.com\/hu\/edzes-es-eletmod\/5-tipp-ami-mindenkinel-mukodik-zoldsegek-es-gyumolcsok\/\",\"name\":\"5 tipp, ami mindenkin\u00e9l m\u0171k\u00f6dik \u2013 Z\u00f6lds\u00e9gek \u00e9s gy\u00fcm\u00f6lcs\u00f6k\",\"isPartOf\":{\"@id\":\"https:\/\/www.welovecycling.com\/hu\/#website\"},\"primaryImageOfPage\":{\"@id\":\"https:\/\/www.welovecycling.com\/hu\/edzes-es-eletmod\/5-tipp-ami-mindenkinel-mukodik-zoldsegek-es-gyumolcsok\/#primaryimage\"},\"image\":{\"@id\":\"https:\/\/www.welovecycling.com\/hu\/edzes-es-eletmod\/5-tipp-ami-mindenkinel-mukodik-zoldsegek-es-gyumolcsok\/#primaryimage\"},\"thumbnailUrl\":\"https:\/\/d2p6e6u75xmxt8.cloudfront.net\/12\/2021\/01\/Fruits-and-vegetables-profimedia-0305930665-CVR.jpg\",\"datePublished\":\"2021-01-11T07:00:48+00:00\",\"author\":{\"@id\":\"https:\/\/www.welovecycling.com\/hu\/#\/schema\/person\/414a2aebf1801691a5320edb6468e194\"},\"description\":\"Nem kell hozz\u00e1 t\u00fal sok tapasztalat, hogy tudjuk, hogy ha fogy\u00f3k\u00far\u00e1zni akarunk, sok z\u00f6lds\u00e9get kell enn\u00fcnk.\",\"breadcrumb\":{\"@id\":\"https:\/\/www.welovecycling.com\/hu\/edzes-es-eletmod\/5-tipp-ami-mindenkinel-mukodik-zoldsegek-es-gyumolcsok\/#breadcrumb\"},\"inLanguage\":\"hu\",\"potentialAction\":[{\"@type\":\"ReadAction\",\"target\":[\"https:\/\/www.welovecycling.com\/hu\/edzes-es-eletmod\/5-tipp-ami-mindenkinel-mukodik-zoldsegek-es-gyumolcsok\/\"]}]},{\"@type\":\"ImageObject\",\"inLanguage\":\"hu\",\"@id\":\"https:\/\/www.welovecycling.com\/hu\/edzes-es-eletmod\/5-tipp-ami-mindenkinel-mukodik-zoldsegek-es-gyumolcsok\/#primaryimage\",\"url\":\"https:\/\/d2p6e6u75xmxt8.cloudfront.net\/12\/2021\/01\/Fruits-and-vegetables-profimedia-0305930665-CVR.jpg\",\"contentUrl\":\"https:\/\/d2p6e6u75xmxt8.cloudfront.net\/12\/2021\/01\/Fruits-and-vegetables-profimedia-0305930665-CVR.jpg\",\"width\":1366,\"height\":600,\"caption\":\"Fruits and vegetables\"},{\"@type\":\"BreadcrumbList\",\"@id\":\"https:\/\/www.welovecycling.com\/hu\/edzes-es-eletmod\/5-tipp-ami-mindenkinel-mukodik-zoldsegek-es-gyumolcsok\/#breadcrumb\",\"itemListElement\":[{\"@type\":\"ListItem\",\"position\":1,\"name\":\"Home\",\"item\":\"https:\/\/www.welovecycling.com\/hu\/\"},{\"@type\":\"ListItem\",\"position\":2,\"name\":\"5 tipp, ami mindenkin\u00e9l m\u0171k\u00f6dik \u2013 Z\u00f6lds\u00e9gek \u00e9s gy\u00fcm\u00f6lcs\u00f6k\"}]},{\"@type\":\"WebSite\",\"@id\":\"https:\/\/www.welovecycling.com\/hu\/#website\",\"url\":\"https:\/\/www.welovecycling.com\/hu\/\",\"name\":\"\u0160koda We Love Cycling - Magyarorsz\u00e1g\",\"description\":\"\u0160koda WeLoveCycling\",\"potentialAction\":[{\"@type\":\"SearchAction\",\"target\":{\"@type\":\"EntryPoint\",\"urlTemplate\":\"https:\/\/www.welovecycling.com\/hu\/?s={search_term_string}\"},\"query-input\":{\"@type\":\"PropertyValueSpecification\",\"valueRequired\":true,\"valueName\":\"search_term_string\"}}],\"inLanguage\":\"hu\"},{\"@type\":\"Person\",\"@id\":\"https:\/\/www.welovecycling.com\/hu\/#\/schema\/person\/414a2aebf1801691a5320edb6468e194\",\"name\":\"hegyizs\",\"image\":{\"@type\":\"ImageObject\",\"inLanguage\":\"hu\",\"@id\":\"https:\/\/www.welovecycling.com\/hu\/#\/schema\/person\/image\/\",\"url\":\"https:\/\/secure.gravatar.com\/avatar\/02cf8a7906b8cf90cecb4679defac7cfd33a1c2e3b88e4903d947f3bb58eedd3?s=96&d=mm&r=g\",\"contentUrl\":\"https:\/\/secure.gravatar.com\/avatar\/02cf8a7906b8cf90cecb4679defac7cfd33a1c2e3b88e4903d947f3bb58eedd3?s=96&d=mm&r=g\",\"caption\":\"hegyizs\"},\"url\":\"https:\/\/www.welovecycling.com\/hu\/author\/hegyizs\/\"}]}<\/script>\n<!-- \/ Yoast SEO Premium plugin. -->","yoast_head_json":{"title":"5 tipp, ami mindenkin\u00e9l m\u0171k\u00f6dik \u2013 Z\u00f6lds\u00e9gek \u00e9s gy\u00fcm\u00f6lcs\u00f6k","description":"Nem kell hozz\u00e1 t\u00fal sok tapasztalat, hogy tudjuk, hogy ha fogy\u00f3k\u00far\u00e1zni akarunk, sok z\u00f6lds\u00e9get kell enn\u00fcnk.","robots":{"index":"index","follow":"follow","max-snippet":"max-snippet:-1","max-image-preview":"max-image-preview:large","max-video-preview":"max-video-preview:-1"},"canonical":"https:\/\/www.welovecycling.com\/hu\/edzes-es-eletmod\/5-tipp-ami-mindenkinel-mukodik-zoldsegek-es-gyumolcsok\/","og_locale":"hu_HU","og_type":"article","og_title":"5 tipp, ami mindenkin\u00e9l m\u0171k\u00f6dik \u2013 Z\u00f6lds\u00e9gek \u00e9s gy\u00fcm\u00f6lcs\u00f6k","og_description":"Nem kell hozz\u00e1 t\u00fal sok tapasztalat, hogy tudjuk, hogy ha fogy\u00f3k\u00far\u00e1zni akarunk, sok z\u00f6lds\u00e9get kell enn\u00fcnk. Ez mindenkire igaz. De mi\u00e9rt? Miben j\u00e1rul hozz\u00e1 az eg\u00e9szs\u00e9g\u00fcnkh\u00f6z? Melyik gy\u00fcm\u00f6lcs \u00e9s z\u00f6lds\u00e9g a legjobb? N\u00e9zz\u00fck csak!","og_url":"https:\/\/www.welovecycling.com\/hu\/edzes-es-eletmod\/5-tipp-ami-mindenkinel-mukodik-zoldsegek-es-gyumolcsok\/","og_site_name":"\u0160koda We Love Cycling - Magyarorsz\u00e1g","article_publisher":"https:\/\/www.facebook.com\/WeLoveCyclingHungary\/","article_published_time":"2021-01-11T07:00:48+00:00","og_image":[{"width":1366,"height":600,"url":"https:\/\/d2p6e6u75xmxt8.cloudfront.net\/12\/2021\/01\/Fruits-and-vegetables-profimedia-0305930665-CVR.jpg","type":"image\/jpeg"}],"author":"hegyizs","twitter_card":"summary_large_image","twitter_misc":{"Written by":"Jiri Kaloc","Est. reading time":"5"},"schema":{"@context":"https:\/\/schema.org","@graph":[{"@type":"WebPage","@id":"https:\/\/www.welovecycling.com\/hu\/edzes-es-eletmod\/5-tipp-ami-mindenkinel-mukodik-zoldsegek-es-gyumolcsok\/","url":"https:\/\/www.welovecycling.com\/hu\/edzes-es-eletmod\/5-tipp-ami-mindenkinel-mukodik-zoldsegek-es-gyumolcsok\/","name":"5 tipp, ami mindenkin\u00e9l m\u0171k\u00f6dik \u2013 Z\u00f6lds\u00e9gek \u00e9s gy\u00fcm\u00f6lcs\u00f6k","isPartOf":{"@id":"https:\/\/www.welovecycling.com\/hu\/#website"},"primaryImageOfPage":{"@id":"https:\/\/www.welovecycling.com\/hu\/edzes-es-eletmod\/5-tipp-ami-mindenkinel-mukodik-zoldsegek-es-gyumolcsok\/#primaryimage"},"image":{"@id":"https:\/\/www.welovecycling.com\/hu\/edzes-es-eletmod\/5-tipp-ami-mindenkinel-mukodik-zoldsegek-es-gyumolcsok\/#primaryimage"},"thumbnailUrl":"https:\/\/d2p6e6u75xmxt8.cloudfront.net\/12\/2021\/01\/Fruits-and-vegetables-profimedia-0305930665-CVR.jpg","datePublished":"2021-01-11T07:00:48+00:00","author":{"@id":"https:\/\/www.welovecycling.com\/hu\/#\/schema\/person\/414a2aebf1801691a5320edb6468e194"},"description":"Nem kell hozz\u00e1 t\u00fal sok tapasztalat, hogy tudjuk, hogy ha fogy\u00f3k\u00far\u00e1zni akarunk, sok z\u00f6lds\u00e9get kell enn\u00fcnk.","breadcrumb":{"@id":"https:\/\/www.welovecycling.com\/hu\/edzes-es-eletmod\/5-tipp-ami-mindenkinel-mukodik-zoldsegek-es-gyumolcsok\/#breadcrumb"},"inLanguage":"hu","potentialAction":[{"@type":"ReadAction","target":["https:\/\/www.welovecycling.com\/hu\/edzes-es-eletmod\/5-tipp-ami-mindenkinel-mukodik-zoldsegek-es-gyumolcsok\/"]}]},{"@type":"ImageObject","inLanguage":"hu","@id":"https:\/\/www.welovecycling.com\/hu\/edzes-es-eletmod\/5-tipp-ami-mindenkinel-mukodik-zoldsegek-es-gyumolcsok\/#primaryimage","url":"https:\/\/d2p6e6u75xmxt8.cloudfront.net\/12\/2021\/01\/Fruits-and-vegetables-profimedia-0305930665-CVR.jpg","contentUrl":"https:\/\/d2p6e6u75xmxt8.cloudfront.net\/12\/2021\/01\/Fruits-and-vegetables-profimedia-0305930665-CVR.jpg","width":1366,"height":600,"caption":"Fruits and vegetables"},{"@type":"BreadcrumbList","@id":"https:\/\/www.welovecycling.com\/hu\/edzes-es-eletmod\/5-tipp-ami-mindenkinel-mukodik-zoldsegek-es-gyumolcsok\/#breadcrumb","itemListElement":[{"@type":"ListItem","position":1,"name":"Home","item":"https:\/\/www.welovecycling.com\/hu\/"},{"@type":"ListItem","position":2,"name":"5 tipp, ami mindenkin\u00e9l m\u0171k\u00f6dik \u2013 Z\u00f6lds\u00e9gek \u00e9s gy\u00fcm\u00f6lcs\u00f6k"}]},{"@type":"WebSite","@id":"https:\/\/www.welovecycling.com\/hu\/#website","url":"https:\/\/www.welovecycling.com\/hu\/","name":"\u0160koda We Love Cycling - Magyarorsz\u00e1g","description":"\u0160koda WeLoveCycling","potentialAction":[{"@type":"SearchAction","target":{"@type":"EntryPoint","urlTemplate":"https:\/\/www.welovecycling.com\/hu\/?s={search_term_string}"},"query-input":{"@type":"PropertyValueSpecification","valueRequired":true,"valueName":"search_term_string"}}],"inLanguage":"hu"},{"@type":"Person","@id":"https:\/\/www.welovecycling.com\/hu\/#\/schema\/person\/414a2aebf1801691a5320edb6468e194","name":"hegyizs","image":{"@type":"ImageObject","inLanguage":"hu","@id":"https:\/\/www.welovecycling.com\/hu\/#\/schema\/person\/image\/","url":"https:\/\/secure.gravatar.com\/avatar\/02cf8a7906b8cf90cecb4679defac7cfd33a1c2e3b88e4903d947f3bb58eedd3?s=96&d=mm&r=g","contentUrl":"https:\/\/secure.gravatar.com\/avatar\/02cf8a7906b8cf90cecb4679defac7cfd33a1c2e3b88e4903d947f3bb58eedd3?s=96&d=mm&r=g","caption":"hegyizs"},"url":"https:\/\/www.welovecycling.com\/hu\/author\/hegyizs\/"}]}},"_links":{"self":[{"href":"https:\/\/www.welovecycling.com\/hu\/wp-json\/wp\/v2\/posts\/9902","targetHints":{"allow":["GET"]}}],"collection":[{"href":"https:\/\/www.welovecycling.com\/hu\/wp-json\/wp\/v2\/posts"}],"about":[{"href":"https:\/\/www.welovecycling.com\/hu\/wp-json\/wp\/v2\/types\/post"}],"author":[{"embeddable":true,"href":"https:\/\/www.welovecycling.com\/hu\/wp-json\/wp\/v2\/users\/71"}],"replies":[{"embeddable":true,"href":"https:\/\/www.welovecycling.com\/hu\/wp-json\/wp\/v2\/comments?post=9902"}],"version-history":[{"count":2,"href":"https:\/\/www.welovecycling.com\/hu\/wp-json\/wp\/v2\/posts\/9902\/revisions"}],"predecessor-version":[{"id":9929,"href":"https:\/\/www.welovecycling.com\/hu\/wp-json\/wp\/v2\/posts\/9902\/revisions\/9929"}],"wp:featuredmedia":[{"embeddable":true,"href":"https:\/\/www.welovecycling.com\/hu\/wp-json\/wp\/v2\/media\/9906"}],"wp:attachment":[{"href":"https:\/\/www.welovecycling.com\/hu\/wp-json\/wp\/v2\/media?parent=9902"}],"wp:term":[{"taxonomy":"category","embeddable":true,"href":"https:\/\/www.welovecycling.com\/hu\/wp-json\/wp\/v2\/categories?post=9902"},{"taxonomy":"post_tag","embeddable":true,"href":"https:\/\/www.welovecycling.com\/hu\/wp-json\/wp\/v2\/tags?post=9902"},{"taxonomy":"global-categories","embeddable":true,"href":"https:\/\/www.welovecycling.com\/hu\/wp-json\/wp\/v2\/global-categories?post=9902"}],"curies":[{"name":"wp","href":"https:\/\/api.w.org\/{rel}","templated":true}]}}