{"id":9897,"date":"2021-01-17T08:00:01","date_gmt":"2021-01-17T07:00:01","guid":{"rendered":"https:\/\/www.welovecycling.com\/hu\/?p=9897"},"modified":"2021-01-11T11:34:57","modified_gmt":"2021-01-11T10:34:57","slug":"tanulhatunk-egyet-s-mast-fabio-arutol","status":"publish","type":"post","link":"https:\/\/www.welovecycling.com\/hu\/orszaguti-kerekpar\/tanulhatunk-egyet-s-mast-fabio-arutol\/","title":{"rendered":"Tanulhatunk egyet, s m\u00e1st Fabio Arut\u00f3l!"},"content":{"rendered":"<p><strong>Mintha csak s\u00e1rf\u00fcrd\u0151t vett volna. Pontosan \u00edgy n\u00e9zett ki Fabio Aru janu\u00e1r elej\u00e9n, amikor a v\u00e9kony orsz\u00e1g\u00fatis \u00fajra cyclocrossozni kezdett. Mindannyian tanulhatunk egy-k\u00e9t dolgot Arut\u00f3l. P\u00e9ld\u00e1ul azt, hogy visszat\u00e9rhetsz oda, ahonnan j\u00f6tt\u00e9l, azokhoz a kis \u00f6r\u00f6m\u00f6kh\u00f6z, amelyeket kor\u00e1bban \u00e9rezt\u00e9l, akkor is, ha id\u0151k\u00f6zben munk\u00e1v\u00e1 v\u00e1ltak. A szenved\u00e9lyt \u00fajra lehet \u00e9leszteni!<\/strong><!--more--><\/p>\n<p><em>&#8220;Jobban \u00e9rzem magam s\u00e1rosan, de ami m\u00e9g fontosabb az, hogy \u00fagy sz\u00f3rakozom, mint egy gyerek, aki az els\u0151 verseny\u00e9n vesz r\u00e9szt!&#8221;<\/em> &#8211; \u00edrta Aru Instagramon a cyclocross verseny ut\u00e1n, lelkesed\u00e9se a k\u00e9perny\u0151n kereszt\u00fcl is \u00e9rezhet\u0151 volt. <em>&#8220;Ez a sport a szenved\u00e9lyem!&#8221;<\/em><\/p>\n<p><img loading=\"lazy\" decoding=\"async\" class=\"aligncenter size-full wp-image-9899\" src=\"https:\/\/d2p6e6u75xmxt8.cloudfront.net\/12\/2021\/01\/wlc_fabio00.png\" alt=\"\" width=\"917\" height=\"499\" srcset=\"https:\/\/d2p6e6u75xmxt8.cloudfront.net\/12\/2021\/01\/wlc_fabio00.png 917w, https:\/\/d2p6e6u75xmxt8.cloudfront.net\/12\/2021\/01\/wlc_fabio00-300x163.png 300w, https:\/\/d2p6e6u75xmxt8.cloudfront.net\/12\/2021\/01\/wlc_fabio00-768x418.png 768w\" sizes=\"auto, (max-width: 917px) 100vw, 917px\" \/><\/p>\n<p>Az elm\u00falt h\u00e1rom \u00e9v nem volt k\u00f6nny\u0171 Fabio sz\u00e1m\u00e1ra. Eml\u00e9kszel, amikor megnyerte a Vuelt\u00e1t? 2015-\u00f6t \u00edrtunk. Megverte Purit\u00f3t! A Tour-on 2017-ben 5. lett. S\u00e1rga trik\u00f3t viselt. \u00c1tkozottul j\u00f3 ker\u00e9kp\u00e1ros volt, \u00e9s val\u00f3sz\u00edn\u0171leg ma is az.<\/p>\n<p>De m\u00e9g k\u00f6nnyebb felid\u00e9zni az idei Tour de France-r\u00f3l val\u00f3 kil\u00e9p\u00e9s\u00e9t, amit olyan csapatt\u00e1rsa nyert meg, akit nem tudott t\u00e1mogatni. Saj\u00e1t csapata elmondta az eg\u00e9sz vil\u00e1gnak sz\u00e9tk\u00fcrt\u00f6lte, hogy mennyire gyenge, hogy a probl\u00e9m\u00e1i mind pszichol\u00f3giai, mind fizikai jelleg\u0171ek. A versenyt a 6. szakaszon hagyta el, miut\u00e1n a szakasz els\u0151 20 kilom\u00e9ter\u00e9ben elesett. &#8220;<em>T\u00e9nyleg nem tudom, mi t\u00f6rt\u00e9nik velem&#8221;<\/em> &#8211; mondta. <em>&#8220;Nincsenek v\u00e1laszaim, \u00e9s szenvedek emiatt.&#8221;<\/em><\/p>\n<p>Ez volt az utols\u00f3 alkalom, hogy fel\u00e1llt a rajtvonalhoz az UEA &#8211; Team Emirates csapattagjak\u00e9nt, ezzel egy h\u00e1rom\u00e9ves id\u0151szakot z\u00e1rt le, amit nagy j\u00f3indulattal k\u00f6zepesnek, kis rosszindulattal pedig pocs\u00e9knak nevezhet\u00fcnk.<\/p>\n<p>De ez nem az \u0151 hib\u00e1ja volt. 2018-ban cs\u00edp\u0151-rendelleness\u00e9get diagnosztiz\u00e1ltak n\u00e1la, amivel 2019-ben meg kellett m\u0171teni. \u00dagy t\u0171nt, hogy a m\u0171t\u00e9t ut\u00e1n gyorsan fel\u00e9p\u00fcl, \u00e9s a 2020-as Tour de France el\u0151tt jelezte, hogy meglesz a csapatl\u00e9tsz\u00e1m, l\u00e1bai visszat\u00e9rtek kor\u00e1bbi form\u00e1jukhoz. Beker\u00fclt az els\u0151 10 k\u00f6z\u00e9 a Tour de l\u2019Ain-en, a furcsa \u00e9v egyik legfontosabb Tour-el\u0151zm\u00e9ny\u00e9n.<\/p>\n<p>Ez a l\u00e1tsz\u00f3lagos j\u00f3 forma a verseny el\u0151tt csak m\u00e9g zavarba ejt\u0151bb\u00e9 tette, amikor a 6. szakaszban \u00f6sszeomlott, \u00e9s egy olyan peloton v\u00e9g\u00e9n kullogott, amit valaha \u0151 vezethetett volna. Csapatt\u00e1rsa, Guiseppe Saronni nem finomkodott: <em>&#8220;Egyszer\u0171en lefagy, ha bajba ker\u00fcl&#8221;<\/em> &#8211; mondta a Rai TV-nek. <em>\u201eNem harcol, \u00e9ppen ellenkez\u0151leg. Nincs meg a karaktere a k\u00fczdelemhez. \u201d<\/em><\/p>\n<p>H\u00e1t ez f\u00e1jhatott.<\/p>\n<p>Kanap\u00e9ink k\u00e9nyelm\u00e9b\u0151l, a t\u00e9v\u00e9n kereszt\u00fcl k\u00f6nny\u0171 \u00fagy l\u00e1tni az \u00e9lsportol\u00f3kat, mintha robotok lenn\u00e9nek. Elfelejtj\u00fck, hogy hull\u00e1mv\u00f6lgyeik, magaslataik \u00e9s s\u00f6t\u00e9t pillanatik ugyanolyan megmagyar\u00e1zhatatlanok lehetnek, mint nek\u00fcnk. <em>&#8220;\u00dagy \u00e9rzem, beszorultam egy lyukba, \u00e9s nem igaz\u00e1n \u00e9rtem, mi\u00e9rt&#8221;<\/em> &#8211; mondta Aru, miut\u00e1n elhagyta a versenyt. Ki nem \u00e9rzett m\u00e9g \u00edgy soha? Szerencs\u00e9sek vagyunk, hogy a mi gyenge pillanatainkat nem k\u00f6zvet\u00edti a t\u00e9v\u00e9.<\/p>\n<p><img loading=\"lazy\" decoding=\"async\" class=\"aligncenter size-full wp-image-9900\" src=\"https:\/\/d2p6e6u75xmxt8.cloudfront.net\/12\/2021\/01\/wlc_fabio01.png\" alt=\"\" width=\"918\" height=\"561\" srcset=\"https:\/\/d2p6e6u75xmxt8.cloudfront.net\/12\/2021\/01\/wlc_fabio01.png 918w, https:\/\/d2p6e6u75xmxt8.cloudfront.net\/12\/2021\/01\/wlc_fabio01-300x183.png 300w, https:\/\/d2p6e6u75xmxt8.cloudfront.net\/12\/2021\/01\/wlc_fabio01-768x469.png 768w\" sizes=\"auto, (max-width: 918px) 100vw, 918px\" \/><\/p>\n<p>Aru december v\u00e9g\u00e9n jelentette be, hogy visszat\u00e9r a cyclocrosshoz, \u00e9s egy r\u00e9gi fot\u00f3t tett k\u00f6zz\u00e9 mag\u00e1r\u00f3l tin\u00e9dzserk\u00e9nt, ahogy az olasz v\u00e1logatott k\u00e9k sz\u00edneiben pomp\u00e1zik. <em>\u201eAz eg\u00e9sz itt kezd\u0151d\u00f6tt.\u201d<\/em> Juniork\u00e9nt k\u00e9pviselte Olaszorsz\u00e1got a cyclocross vil\u00e1gban. Ez volt a sport\u00e1g azon r\u00e9sze, amely el\u0151sz\u00f6r megragadta.<\/p>\n<p>H\u00e1rom versenyen indult, az egyik az anconai Treviso k\u00f6zel\u00e9ben, a m\u00e1sodik San Fiorban, a harmadik pedig Cremona k\u00f6zel\u00e9ben zajlott. Ez ut\u00f3bbin tekert el\u0151sz\u00f6r \u00faj csapata sz\u00edneiben, \u00e9s \u00f6t\u00f6dik lett.<\/p>\n<p><a href=\"https:\/\/www.instagram.com\/p\/CJnh9bFlrDS\/?utm_source=ig_embed\">https:\/\/www.instagram.com\/p\/CJnh9bFlrDS\/?utm_source=ig_embed<\/a><\/p>\n<p>Lehet, hogy az idei \u00e9v megint sikertelen lesz sz\u00e1m\u00e1ra. Lehet, hogy v\u00e9ge a karrierj\u00e9nek. De az is lehet, hogy elt\u00f6lt n\u00e9h\u00e1ny napot a s\u00e1rban, \u00e9s visszaeml\u00e9kszik a gyerekkor\u00e1ra, \u00e9s arra, hogy mi\u00e9rt v\u00e1gott bele. Val\u00f3sz\u00edn\u0171leg pontosan erre van sz\u00fcks\u00e9ge.<\/p>\n<p><em>Forr\u00e1s: <\/em><a href=\"https:\/\/cyclingtips.com\/2021\/01\/we-could-all-learn-a-thing-or-two-from-fabio-aru\/\"><em>cyclingtips.com<\/em><\/a><\/p>\n","protected":false},"excerpt":{"rendered":"<p>Mintha csak s\u00e1rf\u00fcrd\u0151t vett volna. Pontosan \u00edgy n\u00e9zett ki Fabio Aru janu\u00e1r elej\u00e9n, amikor a v\u00e9kony orsz\u00e1g\u00fatis \u00fajra cyclocrossozni kezdett. [&hellip;]<\/p>\n","protected":false},"author":71,"featured_media":9898,"comment_status":"closed","ping_status":"closed","sticky":false,"template":"","format":"standard","meta":{"footnotes":""},"categories":[8],"tags":[],"global-categories":[],"class_list":["post-9897","post","type-post","status-publish","format-standard","has-post-thumbnail","hentry","category-orszaguti-kerekpar"],"yoast_head":"<!-- This site is optimized with the Yoast SEO Premium plugin v25.3 (Yoast SEO v25.9) - https:\/\/yoast.com\/wordpress\/plugins\/seo\/ -->\n<title>Tanulhatunk egyet, s m\u00e1st Fabio Arut\u00f3l! - \u0160koda We Love Cycling - Magyarorsz\u00e1g<\/title>\n<meta name=\"description\" content=\"Mintha csak s\u00e1rf\u00fcrd\u0151t vett volna. Pontosan \u00edgy n\u00e9zett ki Fabio Aru janu\u00e1r elej\u00e9n, amikor a v\u00e9kony orsz\u00e1g\u00fatis \u00fajra cyclocrossozni kezdett.\" \/>\n<meta name=\"robots\" content=\"index, follow, max-snippet:-1, max-image-preview:large, max-video-preview:-1\" \/>\n<link rel=\"canonical\" href=\"https:\/\/www.welovecycling.com\/hu\/orszaguti-kerekpar\/tanulhatunk-egyet-s-mast-fabio-arutol\/\" \/>\n<meta property=\"og:locale\" content=\"hu_HU\" \/>\n<meta property=\"og:type\" content=\"article\" \/>\n<meta property=\"og:title\" content=\"Tanulhatunk egyet, s m\u00e1st Fabio Arut\u00f3l!\" \/>\n<meta property=\"og:description\" content=\"Mintha csak s\u00e1rf\u00fcrd\u0151t vett volna. Pontosan \u00edgy n\u00e9zett ki Fabio Aru janu\u00e1r elej\u00e9n, amikor a v\u00e9kony orsz\u00e1g\u00fatis \u00fajra cyclocrossozni kezdett. Mindannyian tanulhatunk egy-k\u00e9t dolgot Arut\u00f3l. P\u00e9ld\u00e1ul azt, hogy visszat\u00e9rhetsz oda, ahonnan j\u00f6tt\u00e9l, azokhoz a kis \u00f6r\u00f6m\u00f6kh\u00f6z, amelyeket kor\u00e1bban \u00e9rezt\u00e9l, akkor is, ha id\u0151k\u00f6zben munk\u00e1v\u00e1 v\u00e1ltak. A szenved\u00e9lyt \u00fajra lehet \u00e9leszteni!\" \/>\n<meta property=\"og:url\" content=\"https:\/\/www.welovecycling.com\/hu\/orszaguti-kerekpar\/tanulhatunk-egyet-s-mast-fabio-arutol\/\" \/>\n<meta property=\"og:site_name\" content=\"\u0160koda We Love Cycling - Magyarorsz\u00e1g\" \/>\n<meta property=\"article:publisher\" content=\"https:\/\/www.facebook.com\/WeLoveCyclingHungary\/\" \/>\n<meta property=\"article:published_time\" content=\"2021-01-17T07:00:01+00:00\" \/>\n<meta property=\"og:image\" content=\"https:\/\/d2p6e6u75xmxt8.cloudfront.net\/12\/2021\/01\/b468cd8c-57db-11ea-88a9-09de4453500a_1200x675.jpg\" \/>\n\t<meta property=\"og:image:width\" content=\"1200\" \/>\n\t<meta property=\"og:image:height\" content=\"675\" \/>\n\t<meta property=\"og:image:type\" content=\"image\/jpeg\" \/>\n<meta name=\"author\" content=\"hegyizs\" \/>\n<meta name=\"twitter:card\" content=\"summary_large_image\" \/>\n<meta name=\"twitter:label1\" content=\"Written by\" \/>\n\t<meta name=\"twitter:data1\" content=\"WLC\" \/>\n\t<meta name=\"twitter:label2\" content=\"Est. reading time\" \/>\n\t<meta name=\"twitter:data2\" content=\"4 minutes\" \/>\n<script type=\"application\/ld+json\" class=\"yoast-schema-graph\">{\"@context\":\"https:\/\/schema.org\",\"@graph\":[{\"@type\":\"WebPage\",\"@id\":\"https:\/\/www.welovecycling.com\/hu\/orszaguti-kerekpar\/tanulhatunk-egyet-s-mast-fabio-arutol\/\",\"url\":\"https:\/\/www.welovecycling.com\/hu\/orszaguti-kerekpar\/tanulhatunk-egyet-s-mast-fabio-arutol\/\",\"name\":\"Tanulhatunk egyet, s m\u00e1st Fabio Arut\u00f3l! - \u0160koda We Love Cycling - Magyarorsz\u00e1g\",\"isPartOf\":{\"@id\":\"https:\/\/www.welovecycling.com\/hu\/#website\"},\"primaryImageOfPage\":{\"@id\":\"https:\/\/www.welovecycling.com\/hu\/orszaguti-kerekpar\/tanulhatunk-egyet-s-mast-fabio-arutol\/#primaryimage\"},\"image\":{\"@id\":\"https:\/\/www.welovecycling.com\/hu\/orszaguti-kerekpar\/tanulhatunk-egyet-s-mast-fabio-arutol\/#primaryimage\"},\"thumbnailUrl\":\"https:\/\/d2p6e6u75xmxt8.cloudfront.net\/12\/2021\/01\/b468cd8c-57db-11ea-88a9-09de4453500a_1200x675.jpg\",\"datePublished\":\"2021-01-17T07:00:01+00:00\",\"author\":{\"@id\":\"https:\/\/www.welovecycling.com\/hu\/#\/schema\/person\/414a2aebf1801691a5320edb6468e194\"},\"description\":\"Mintha csak s\u00e1rf\u00fcrd\u0151t vett volna. Pontosan \u00edgy n\u00e9zett ki Fabio Aru janu\u00e1r elej\u00e9n, amikor a v\u00e9kony orsz\u00e1g\u00fatis \u00fajra cyclocrossozni kezdett.\",\"breadcrumb\":{\"@id\":\"https:\/\/www.welovecycling.com\/hu\/orszaguti-kerekpar\/tanulhatunk-egyet-s-mast-fabio-arutol\/#breadcrumb\"},\"inLanguage\":\"hu\",\"potentialAction\":[{\"@type\":\"ReadAction\",\"target\":[\"https:\/\/www.welovecycling.com\/hu\/orszaguti-kerekpar\/tanulhatunk-egyet-s-mast-fabio-arutol\/\"]}]},{\"@type\":\"ImageObject\",\"inLanguage\":\"hu\",\"@id\":\"https:\/\/www.welovecycling.com\/hu\/orszaguti-kerekpar\/tanulhatunk-egyet-s-mast-fabio-arutol\/#primaryimage\",\"url\":\"https:\/\/d2p6e6u75xmxt8.cloudfront.net\/12\/2021\/01\/b468cd8c-57db-11ea-88a9-09de4453500a_1200x675.jpg\",\"contentUrl\":\"https:\/\/d2p6e6u75xmxt8.cloudfront.net\/12\/2021\/01\/b468cd8c-57db-11ea-88a9-09de4453500a_1200x675.jpg\",\"width\":1200,\"height\":675},{\"@type\":\"BreadcrumbList\",\"@id\":\"https:\/\/www.welovecycling.com\/hu\/orszaguti-kerekpar\/tanulhatunk-egyet-s-mast-fabio-arutol\/#breadcrumb\",\"itemListElement\":[{\"@type\":\"ListItem\",\"position\":1,\"name\":\"Home\",\"item\":\"https:\/\/www.welovecycling.com\/hu\/\"},{\"@type\":\"ListItem\",\"position\":2,\"name\":\"Tanulhatunk egyet, s m\u00e1st Fabio Arut\u00f3l!\"}]},{\"@type\":\"WebSite\",\"@id\":\"https:\/\/www.welovecycling.com\/hu\/#website\",\"url\":\"https:\/\/www.welovecycling.com\/hu\/\",\"name\":\"\u0160koda We Love Cycling - Magyarorsz\u00e1g\",\"description\":\"\u0160koda WeLoveCycling\",\"potentialAction\":[{\"@type\":\"SearchAction\",\"target\":{\"@type\":\"EntryPoint\",\"urlTemplate\":\"https:\/\/www.welovecycling.com\/hu\/?s={search_term_string}\"},\"query-input\":{\"@type\":\"PropertyValueSpecification\",\"valueRequired\":true,\"valueName\":\"search_term_string\"}}],\"inLanguage\":\"hu\"},{\"@type\":\"Person\",\"@id\":\"https:\/\/www.welovecycling.com\/hu\/#\/schema\/person\/414a2aebf1801691a5320edb6468e194\",\"name\":\"hegyizs\",\"image\":{\"@type\":\"ImageObject\",\"inLanguage\":\"hu\",\"@id\":\"https:\/\/www.welovecycling.com\/hu\/#\/schema\/person\/image\/\",\"url\":\"https:\/\/secure.gravatar.com\/avatar\/02cf8a7906b8cf90cecb4679defac7cfd33a1c2e3b88e4903d947f3bb58eedd3?s=96&d=mm&r=g\",\"contentUrl\":\"https:\/\/secure.gravatar.com\/avatar\/02cf8a7906b8cf90cecb4679defac7cfd33a1c2e3b88e4903d947f3bb58eedd3?s=96&d=mm&r=g\",\"caption\":\"hegyizs\"},\"url\":\"https:\/\/www.welovecycling.com\/hu\/author\/hegyizs\/\"}]}<\/script>\n<!-- \/ Yoast SEO Premium plugin. -->","yoast_head_json":{"title":"Tanulhatunk egyet, s m\u00e1st Fabio Arut\u00f3l! - \u0160koda We Love Cycling - Magyarorsz\u00e1g","description":"Mintha csak s\u00e1rf\u00fcrd\u0151t vett volna. Pontosan \u00edgy n\u00e9zett ki Fabio Aru janu\u00e1r elej\u00e9n, amikor a v\u00e9kony orsz\u00e1g\u00fatis \u00fajra cyclocrossozni kezdett.","robots":{"index":"index","follow":"follow","max-snippet":"max-snippet:-1","max-image-preview":"max-image-preview:large","max-video-preview":"max-video-preview:-1"},"canonical":"https:\/\/www.welovecycling.com\/hu\/orszaguti-kerekpar\/tanulhatunk-egyet-s-mast-fabio-arutol\/","og_locale":"hu_HU","og_type":"article","og_title":"Tanulhatunk egyet, s m\u00e1st Fabio Arut\u00f3l!","og_description":"Mintha csak s\u00e1rf\u00fcrd\u0151t vett volna. Pontosan \u00edgy n\u00e9zett ki Fabio Aru janu\u00e1r elej\u00e9n, amikor a v\u00e9kony orsz\u00e1g\u00fatis \u00fajra cyclocrossozni kezdett. Mindannyian tanulhatunk egy-k\u00e9t dolgot Arut\u00f3l. P\u00e9ld\u00e1ul azt, hogy visszat\u00e9rhetsz oda, ahonnan j\u00f6tt\u00e9l, azokhoz a kis \u00f6r\u00f6m\u00f6kh\u00f6z, amelyeket kor\u00e1bban \u00e9rezt\u00e9l, akkor is, ha id\u0151k\u00f6zben munk\u00e1v\u00e1 v\u00e1ltak. A szenved\u00e9lyt \u00fajra lehet \u00e9leszteni!","og_url":"https:\/\/www.welovecycling.com\/hu\/orszaguti-kerekpar\/tanulhatunk-egyet-s-mast-fabio-arutol\/","og_site_name":"\u0160koda We Love Cycling - Magyarorsz\u00e1g","article_publisher":"https:\/\/www.facebook.com\/WeLoveCyclingHungary\/","article_published_time":"2021-01-17T07:00:01+00:00","og_image":[{"width":1200,"height":675,"url":"https:\/\/d2p6e6u75xmxt8.cloudfront.net\/12\/2021\/01\/b468cd8c-57db-11ea-88a9-09de4453500a_1200x675.jpg","type":"image\/jpeg"}],"author":"hegyizs","twitter_card":"summary_large_image","twitter_misc":{"Written by":"WLC","Est. reading time":"4 minutes"},"schema":{"@context":"https:\/\/schema.org","@graph":[{"@type":"WebPage","@id":"https:\/\/www.welovecycling.com\/hu\/orszaguti-kerekpar\/tanulhatunk-egyet-s-mast-fabio-arutol\/","url":"https:\/\/www.welovecycling.com\/hu\/orszaguti-kerekpar\/tanulhatunk-egyet-s-mast-fabio-arutol\/","name":"Tanulhatunk egyet, s m\u00e1st Fabio Arut\u00f3l! - \u0160koda We Love Cycling - Magyarorsz\u00e1g","isPartOf":{"@id":"https:\/\/www.welovecycling.com\/hu\/#website"},"primaryImageOfPage":{"@id":"https:\/\/www.welovecycling.com\/hu\/orszaguti-kerekpar\/tanulhatunk-egyet-s-mast-fabio-arutol\/#primaryimage"},"image":{"@id":"https:\/\/www.welovecycling.com\/hu\/orszaguti-kerekpar\/tanulhatunk-egyet-s-mast-fabio-arutol\/#primaryimage"},"thumbnailUrl":"https:\/\/d2p6e6u75xmxt8.cloudfront.net\/12\/2021\/01\/b468cd8c-57db-11ea-88a9-09de4453500a_1200x675.jpg","datePublished":"2021-01-17T07:00:01+00:00","author":{"@id":"https:\/\/www.welovecycling.com\/hu\/#\/schema\/person\/414a2aebf1801691a5320edb6468e194"},"description":"Mintha csak s\u00e1rf\u00fcrd\u0151t vett volna. Pontosan \u00edgy n\u00e9zett ki Fabio Aru janu\u00e1r elej\u00e9n, amikor a v\u00e9kony orsz\u00e1g\u00fatis \u00fajra cyclocrossozni kezdett.","breadcrumb":{"@id":"https:\/\/www.welovecycling.com\/hu\/orszaguti-kerekpar\/tanulhatunk-egyet-s-mast-fabio-arutol\/#breadcrumb"},"inLanguage":"hu","potentialAction":[{"@type":"ReadAction","target":["https:\/\/www.welovecycling.com\/hu\/orszaguti-kerekpar\/tanulhatunk-egyet-s-mast-fabio-arutol\/"]}]},{"@type":"ImageObject","inLanguage":"hu","@id":"https:\/\/www.welovecycling.com\/hu\/orszaguti-kerekpar\/tanulhatunk-egyet-s-mast-fabio-arutol\/#primaryimage","url":"https:\/\/d2p6e6u75xmxt8.cloudfront.net\/12\/2021\/01\/b468cd8c-57db-11ea-88a9-09de4453500a_1200x675.jpg","contentUrl":"https:\/\/d2p6e6u75xmxt8.cloudfront.net\/12\/2021\/01\/b468cd8c-57db-11ea-88a9-09de4453500a_1200x675.jpg","width":1200,"height":675},{"@type":"BreadcrumbList","@id":"https:\/\/www.welovecycling.com\/hu\/orszaguti-kerekpar\/tanulhatunk-egyet-s-mast-fabio-arutol\/#breadcrumb","itemListElement":[{"@type":"ListItem","position":1,"name":"Home","item":"https:\/\/www.welovecycling.com\/hu\/"},{"@type":"ListItem","position":2,"name":"Tanulhatunk egyet, s m\u00e1st Fabio Arut\u00f3l!"}]},{"@type":"WebSite","@id":"https:\/\/www.welovecycling.com\/hu\/#website","url":"https:\/\/www.welovecycling.com\/hu\/","name":"\u0160koda We Love Cycling - Magyarorsz\u00e1g","description":"\u0160koda WeLoveCycling","potentialAction":[{"@type":"SearchAction","target":{"@type":"EntryPoint","urlTemplate":"https:\/\/www.welovecycling.com\/hu\/?s={search_term_string}"},"query-input":{"@type":"PropertyValueSpecification","valueRequired":true,"valueName":"search_term_string"}}],"inLanguage":"hu"},{"@type":"Person","@id":"https:\/\/www.welovecycling.com\/hu\/#\/schema\/person\/414a2aebf1801691a5320edb6468e194","name":"hegyizs","image":{"@type":"ImageObject","inLanguage":"hu","@id":"https:\/\/www.welovecycling.com\/hu\/#\/schema\/person\/image\/","url":"https:\/\/secure.gravatar.com\/avatar\/02cf8a7906b8cf90cecb4679defac7cfd33a1c2e3b88e4903d947f3bb58eedd3?s=96&d=mm&r=g","contentUrl":"https:\/\/secure.gravatar.com\/avatar\/02cf8a7906b8cf90cecb4679defac7cfd33a1c2e3b88e4903d947f3bb58eedd3?s=96&d=mm&r=g","caption":"hegyizs"},"url":"https:\/\/www.welovecycling.com\/hu\/author\/hegyizs\/"}]}},"_links":{"self":[{"href":"https:\/\/www.welovecycling.com\/hu\/wp-json\/wp\/v2\/posts\/9897","targetHints":{"allow":["GET"]}}],"collection":[{"href":"https:\/\/www.welovecycling.com\/hu\/wp-json\/wp\/v2\/posts"}],"about":[{"href":"https:\/\/www.welovecycling.com\/hu\/wp-json\/wp\/v2\/types\/post"}],"author":[{"embeddable":true,"href":"https:\/\/www.welovecycling.com\/hu\/wp-json\/wp\/v2\/users\/71"}],"replies":[{"embeddable":true,"href":"https:\/\/www.welovecycling.com\/hu\/wp-json\/wp\/v2\/comments?post=9897"}],"version-history":[{"count":1,"href":"https:\/\/www.welovecycling.com\/hu\/wp-json\/wp\/v2\/posts\/9897\/revisions"}],"predecessor-version":[{"id":9901,"href":"https:\/\/www.welovecycling.com\/hu\/wp-json\/wp\/v2\/posts\/9897\/revisions\/9901"}],"wp:featuredmedia":[{"embeddable":true,"href":"https:\/\/www.welovecycling.com\/hu\/wp-json\/wp\/v2\/media\/9898"}],"wp:attachment":[{"href":"https:\/\/www.welovecycling.com\/hu\/wp-json\/wp\/v2\/media?parent=9897"}],"wp:term":[{"taxonomy":"category","embeddable":true,"href":"https:\/\/www.welovecycling.com\/hu\/wp-json\/wp\/v2\/categories?post=9897"},{"taxonomy":"post_tag","embeddable":true,"href":"https:\/\/www.welovecycling.com\/hu\/wp-json\/wp\/v2\/tags?post=9897"},{"taxonomy":"global-categories","embeddable":true,"href":"https:\/\/www.welovecycling.com\/hu\/wp-json\/wp\/v2\/global-categories?post=9897"}],"curies":[{"name":"wp","href":"https:\/\/api.w.org\/{rel}","templated":true}]}}