{"id":9876,"date":"2021-01-09T08:00:25","date_gmt":"2021-01-09T07:00:25","guid":{"rendered":"https:\/\/www.welovecycling.com\/hu\/?p=9876"},"modified":"2021-01-06T17:40:00","modified_gmt":"2021-01-06T16:40:00","slug":"ezekre-a-veszelyekre-kell-figyelned-telen","status":"publish","type":"post","link":"https:\/\/www.welovecycling.com\/hu\/biztonsag\/ezekre-a-veszelyekre-kell-figyelned-telen\/","title":{"rendered":"Ezekre a vesz\u00e9lyekre kell figyelned t\u00e9len"},"content":{"rendered":"<p><strong>A t\u00e9li hideg kih\u00edv\u00e1st jelent minden bring\u00e1s sz\u00e1m\u00e1ra, r\u00e1ad\u00e1sul ez az id\u0151szak olyan vesz\u00e9lyeket rejthet, amikre nem sz\u00e1m\u00edtunk. K\u00e9sz\u00fclj fel r\u00e1juk!<\/strong><\/p>\n<p><!--more--><\/p>\n<h2><strong>Fekete j\u00e9g<\/strong><\/h2>\n<p>Az utak fel\u00fclet\u00e9t bebor\u00edt\u00f3 v\u00e9kony j\u00e9gr\u00e9teg rendk\u00edv\u00fcl vesz\u00e9lyes, mivel \u00e1tl\u00e1tsz\u00f3, \u00edgy nehezebben vessz\u00fck \u00e9szre, mint a havat, a fagyos latyakot vagy a vastagabb j\u00e9gr\u00e9tegeket. Akkor jelenik meg az utakon, amikor a h\u0151m\u00e9rs\u00e9klet null\u00e1ra cs\u00f6kken, \u00e9s a nedvess\u00e9g megfagy. K\u00f6nnyen megcs\u00faszhatunk rajta, a tapad\u00e1s v\u00e1ratlan elveszt\u00e9se pedig balesetekhez vezethet!<\/p>\n<figure id=\"attachment_9877\" aria-describedby=\"caption-attachment-9877\" style=\"width: 1250px\" class=\"wp-caption alignnone\"><img loading=\"lazy\" decoding=\"async\" class=\"size-full wp-image-9877\" src=\"https:\/\/d2p6e6u75xmxt8.cloudfront.net\/12\/2021\/01\/Winter-London-profimedia-0112682236.jpg\" alt=\"Winter London\" width=\"1250\" height=\"833\" srcset=\"https:\/\/d2p6e6u75xmxt8.cloudfront.net\/12\/2021\/01\/Winter-London-profimedia-0112682236.jpg 1250w, https:\/\/d2p6e6u75xmxt8.cloudfront.net\/12\/2021\/01\/Winter-London-profimedia-0112682236-300x200.jpg 300w, https:\/\/d2p6e6u75xmxt8.cloudfront.net\/12\/2021\/01\/Winter-London-profimedia-0112682236-1024x682.jpg 1024w, https:\/\/d2p6e6u75xmxt8.cloudfront.net\/12\/2021\/01\/Winter-London-profimedia-0112682236-768x512.jpg 768w, https:\/\/d2p6e6u75xmxt8.cloudfront.net\/12\/2021\/01\/Winter-London-profimedia-0112682236-272x182.jpg 272w\" sizes=\"auto, (max-width: 1250px) 100vw, 1250px\" \/><figcaption id=\"caption-attachment-9877\" class=\"wp-caption-text\"><em>A fekete j\u00e9g a legv\u00e1ratlanabb pillanatokban lephet meg. \u00a9 Profimedia<\/em><\/figcaption><\/figure>\n<p><strong>Hogyan birk\u00f3zz meg vele:<\/strong> Amikor a t\u00e9li id\u0151j\u00e1r\u00e1s v\u00e1ltozik, az mindig kock\u00e1zatot jelent. A nulla alatti vagy feletti h\u0151m\u00e9rs\u00e9klet viszonylag biztons\u00e1gos, de ha fagypont k\u00f6r\u00fcl mozog, akkor a legjobb, ha otthon hagyod a ker\u00e9kp\u00e1rt. Ha m\u00e9gis \u00fagy d\u00f6ntesz, hogy nyeregbe \u00fclsz, figyelj r\u00e1, hogy uralmad alatt tartsd a biciklid, jobban, mint valaha! A szok\u00e1sos sebess\u00e9ged harmad\u00e1val haladj, \u00e9s oszd el a tests\u00falyod egyenletesen, hogy megakad\u00e1lyozd a cs\u00fasz\u00e1st. Semmik\u00e9ppen ne ragadd meg a f\u00e9ket, ha elvesz\u00edted a kontrollt! K\u00fcl\u00f6n\u00f6sen az els\u0151 ker\u00e9k cs\u00fasz\u00e1sa vesz\u00e9lyes, ilyenkor minden figyelmeztet\u00e9s n\u00e9lk\u00fcl a f\u00f6ldre ker\u00fclhetsz, miel\u0151tt annyit mondhatn\u00e1l: Szent Habakuk!<\/p>\n<h2><strong>Rossz l\u00e1t\u00e1si viszonyok<\/strong><\/h2>\n<p>A n\u00e9h\u00e1ny \u00f3r\u00e1s nappali vil\u00e1goss\u00e1got lesz\u00e1m\u00edtva, t\u00e9len szinte csak s\u00f6t\u00e9tben tekerhet\u00fcnk. Ez k\u00fcl\u00f6n\u00f6sen igaz az ing\u00e1z\u00f3kra. A felh\u0151s id\u0151 \u00e9s a k\u00f6d sem seg\u00edt. A sz\u00e9lv\u00e9d\u0151re fagyott j\u00e9g \u00e9s a p\u00e1ra pedig az aut\u00f3sok dolg\u00e1t nehez\u00edti meg: van, hogy csak kukucsk\u00e1lni tudnak egy megtiszt\u00edtott lyukon \u00e1t.<\/p>\n<figure id=\"attachment_9878\" aria-describedby=\"caption-attachment-9878\" style=\"width: 1250px\" class=\"wp-caption alignnone\"><img loading=\"lazy\" decoding=\"async\" class=\"size-full wp-image-9878\" src=\"https:\/\/d2p6e6u75xmxt8.cloudfront.net\/12\/2021\/01\/Winter-Night-profimedia-0416593195.jpg\" alt=\"Winter Night\" width=\"1250\" height=\"833\" srcset=\"https:\/\/d2p6e6u75xmxt8.cloudfront.net\/12\/2021\/01\/Winter-Night-profimedia-0416593195.jpg 1250w, https:\/\/d2p6e6u75xmxt8.cloudfront.net\/12\/2021\/01\/Winter-Night-profimedia-0416593195-300x200.jpg 300w, https:\/\/d2p6e6u75xmxt8.cloudfront.net\/12\/2021\/01\/Winter-Night-profimedia-0416593195-1024x682.jpg 1024w, https:\/\/d2p6e6u75xmxt8.cloudfront.net\/12\/2021\/01\/Winter-Night-profimedia-0416593195-768x512.jpg 768w, https:\/\/d2p6e6u75xmxt8.cloudfront.net\/12\/2021\/01\/Winter-Night-profimedia-0416593195-272x182.jpg 272w\" sizes=\"auto, (max-width: 1250px) 100vw, 1250px\" \/><figcaption id=\"caption-attachment-9878\" class=\"wp-caption-text\"><em>A t\u00e9li ker\u00e9kp\u00e1roz\u00e1s k\u00fcl\u00f6n\u00f6sen \u00e9jszaka vesz\u00e9lyes. \u00a9 Profimedia<\/em><\/figcaption><\/figure>\n<p><strong>Hogyan birk\u00f3zz meg vele:<\/strong> A l\u00e1that\u00f3s\u00e1g az egyik legfontosabb dolog, ha biztons\u00e1gr\u00f3l van sz\u00f3. Mindig ellen\u0151rizd, hogy a l\u00e1mp\u00e1k teljesen fel vannak-e t\u00f6ltve, miel\u0151tt elindulsz! Ahhoz, hogy messzebbr\u0151l \u00e9szrevegyenek, er\u0151sen aj\u00e1nlott a felt\u0171n\u0151 sz\u00edn\u0171 ruh\u00e1k, valamint a f\u00e9nyvisszaver\u0151 kar- \u00e9s l\u00e1bszalag visel\u00e9se.<\/p>\n<h2><strong>H\u00e9tv\u00e9gi \u00fathaszn\u00e1l\u00f3k<\/strong><\/h2>\n<p>A t\u00e9li \u00fcnnepek alatt az emberek k\u00f6zelebb akarnak ker\u00fclni egym\u00e1shoz. Ut\u00e1nuk pedig messzebb. Ak\u00e1rhogy is, a forgalom megn\u0151het, olyanok is aut\u00f3ba vagy nyeregbe \u00fclnek, akik egy\u00e9bk\u00e9nt nem igaz\u00e1n szoktak. A kev\u00e9sb\u00e9 tapasztalt k\u00f6zleked\u0151kre pedig jobban kell figyeln\u00fcnk.<\/p>\n<figure id=\"attachment_9879\" aria-describedby=\"caption-attachment-9879\" style=\"width: 1250px\" class=\"wp-caption alignnone\"><img loading=\"lazy\" decoding=\"async\" class=\"size-full wp-image-9879\" src=\"https:\/\/d2p6e6u75xmxt8.cloudfront.net\/12\/2021\/01\/Winter-Cycling-profimedia-0356837703.jpg\" alt=\"Cycling in Winter\" width=\"1250\" height=\"833\" srcset=\"https:\/\/d2p6e6u75xmxt8.cloudfront.net\/12\/2021\/01\/Winter-Cycling-profimedia-0356837703.jpg 1250w, https:\/\/d2p6e6u75xmxt8.cloudfront.net\/12\/2021\/01\/Winter-Cycling-profimedia-0356837703-300x200.jpg 300w, https:\/\/d2p6e6u75xmxt8.cloudfront.net\/12\/2021\/01\/Winter-Cycling-profimedia-0356837703-1024x682.jpg 1024w, https:\/\/d2p6e6u75xmxt8.cloudfront.net\/12\/2021\/01\/Winter-Cycling-profimedia-0356837703-768x512.jpg 768w, https:\/\/d2p6e6u75xmxt8.cloudfront.net\/12\/2021\/01\/Winter-Cycling-profimedia-0356837703-272x182.jpg 272w\" sizes=\"auto, (max-width: 1250px) 100vw, 1250px\" \/><figcaption id=\"caption-attachment-9879\" class=\"wp-caption-text\"><em>Figyelj mindenkire, aki az utakon k\u00f6zlekedik! \u00a9 Profimedia<\/em><\/figcaption><\/figure>\n<p><strong>Hogyan birk\u00f3zz meg vele: <\/strong>Legy\u00e9l l\u00e1that\u00f3 \u00e9s \u00fcgyelj arra, hogy a lehet\u0151 legegy\u00e9rtelm\u0171bbek legyenek a sz\u00e1nd\u00e9kaid! Mindig jelezzen kanyarod\u00e1s el\u0151tt, ne v\u00e1lts ir\u00e1nyt v\u00e1ratlanul, \u00e9s pr\u00f3b\u00e1lj felk\u00e9sz\u00fclni a v\u00e1ratlan esem\u00e9nyekre!<\/p>\n<h2><strong>Kutyagumi<\/strong><\/h2>\n<p>A s\u00f6t\u00e9ts\u00e9g j\u00f3t\u00e9kony leple alatt t\u00f6bb kutyatulajdonos felejti el eltakar\u00edtani kedvence \u00fcr\u00fcl\u00e9k\u00e9t, \u00edgy a parkok szab\u00e1lyos aknamez\u0151kk\u00e9 v\u00e1lhatnak.<\/p>\n<p><strong>Hogyan birk\u00f3zz meg vele:<\/strong> Csak a f\u0151bb utakon haladj, \u00e9s ker\u00fcld a keskeny \u00f6sv\u00e9nyeket! Haszn\u00e1lj er\u0151s els\u0151 l\u00e1mp\u00e1t, amely nemcsak t\u00e9ged tesz l\u00e1that\u00f3v\u00e1, hanem megvil\u00e1g\u00edtja az utat is el\u0151tted. Szerelj fel els\u0151 \u00e9s a h\u00e1ts\u00f3 s\u00e1rv\u00e9d\u0151t is!<\/p>\n","protected":false},"excerpt":{"rendered":"<p>A t\u00e9li hideg kih\u00edv\u00e1st jelent minden bring\u00e1s sz\u00e1m\u00e1ra, r\u00e1ad\u00e1sul ez az id\u0151szak olyan vesz\u00e9lyeket rejthet, amikre nem sz\u00e1m\u00edtunk. K\u00e9sz\u00fclj fel [&hellip;]<\/p>\n","protected":false},"author":71,"featured_media":9881,"comment_status":"open","ping_status":"open","sticky":false,"template":"","format":"standard","meta":{"footnotes":""},"categories":[10],"tags":[],"global-categories":[],"class_list":["post-9876","post","type-post","status-publish","format-standard","has-post-thumbnail","hentry","category-biztonsag"],"yoast_head":"<!-- This site is optimized with the Yoast SEO Premium plugin v25.3 (Yoast SEO v25.9) - https:\/\/yoast.com\/wordpress\/plugins\/seo\/ -->\n<title>Ezekre a vesz\u00e9lyekre kell figyelned t\u00e9len - \u0160koda We Love Cycling - Magyarorsz\u00e1g<\/title>\n<meta name=\"description\" content=\"A t\u00e9li hideg kih\u00edv\u00e1st jelent minden bring\u00e1s sz\u00e1m\u00e1ra, r\u00e1ad\u00e1sul ez az id\u0151szak olyan vesz\u00e9lyeket rejthet, amikre nem sz\u00e1m\u00edtunk. K\u00e9sz\u00fclj fel r\u00e1juk!\" \/>\n<meta name=\"robots\" content=\"index, follow, max-snippet:-1, max-image-preview:large, max-video-preview:-1\" \/>\n<link rel=\"canonical\" href=\"https:\/\/www.welovecycling.com\/hu\/biztonsag\/ezekre-a-veszelyekre-kell-figyelned-telen\/\" \/>\n<meta property=\"og:locale\" content=\"hu_HU\" \/>\n<meta property=\"og:type\" content=\"article\" \/>\n<meta property=\"og:title\" content=\"Ezekre a vesz\u00e9lyekre kell figyelned t\u00e9len\" \/>\n<meta property=\"og:description\" content=\"A t\u00e9li hideg kih\u00edv\u00e1st jelent minden bring\u00e1s sz\u00e1m\u00e1ra, r\u00e1ad\u00e1sul ez az id\u0151szak olyan vesz\u00e9lyeket rejthet, amikre nem sz\u00e1m\u00edtunk. K\u00e9sz\u00fclj fel r\u00e1juk!\" \/>\n<meta property=\"og:url\" content=\"https:\/\/www.welovecycling.com\/hu\/biztonsag\/ezekre-a-veszelyekre-kell-figyelned-telen\/\" \/>\n<meta property=\"og:site_name\" content=\"\u0160koda We Love Cycling - Magyarorsz\u00e1g\" \/>\n<meta property=\"article:publisher\" content=\"https:\/\/www.facebook.com\/WeLoveCyclingHungary\/\" \/>\n<meta property=\"article:published_time\" content=\"2021-01-09T07:00:25+00:00\" \/>\n<meta property=\"og:image\" content=\"https:\/\/d2p6e6u75xmxt8.cloudfront.net\/12\/2021\/01\/Winter-Cycling-CVR-profimedia-0050654480.jpg\" \/>\n\t<meta property=\"og:image:width\" content=\"1366\" \/>\n\t<meta property=\"og:image:height\" content=\"600\" \/>\n\t<meta property=\"og:image:type\" content=\"image\/jpeg\" \/>\n<meta name=\"author\" content=\"hegyizs\" \/>\n<meta name=\"twitter:card\" content=\"summary_large_image\" \/>\n<meta name=\"twitter:label1\" content=\"Written by\" \/>\n\t<meta name=\"twitter:data1\" content=\"Adam Marsal\" \/>\n\t<meta name=\"twitter:label2\" content=\"Est. reading time\" \/>\n\t<meta name=\"twitter:data2\" content=\"7\" \/>\n<script type=\"application\/ld+json\" class=\"yoast-schema-graph\">{\"@context\":\"https:\/\/schema.org\",\"@graph\":[{\"@type\":\"WebPage\",\"@id\":\"https:\/\/www.welovecycling.com\/hu\/biztonsag\/ezekre-a-veszelyekre-kell-figyelned-telen\/\",\"url\":\"https:\/\/www.welovecycling.com\/hu\/biztonsag\/ezekre-a-veszelyekre-kell-figyelned-telen\/\",\"name\":\"Ezekre a vesz\u00e9lyekre kell figyelned t\u00e9len - \u0160koda We Love Cycling - Magyarorsz\u00e1g\",\"isPartOf\":{\"@id\":\"https:\/\/www.welovecycling.com\/hu\/#website\"},\"primaryImageOfPage\":{\"@id\":\"https:\/\/www.welovecycling.com\/hu\/biztonsag\/ezekre-a-veszelyekre-kell-figyelned-telen\/#primaryimage\"},\"image\":{\"@id\":\"https:\/\/www.welovecycling.com\/hu\/biztonsag\/ezekre-a-veszelyekre-kell-figyelned-telen\/#primaryimage\"},\"thumbnailUrl\":\"https:\/\/d2p6e6u75xmxt8.cloudfront.net\/12\/2021\/01\/Winter-Cycling-CVR-profimedia-0050654480.jpg\",\"datePublished\":\"2021-01-09T07:00:25+00:00\",\"author\":{\"@id\":\"https:\/\/www.welovecycling.com\/hu\/#\/schema\/person\/414a2aebf1801691a5320edb6468e194\"},\"description\":\"A t\u00e9li hideg kih\u00edv\u00e1st jelent minden bring\u00e1s sz\u00e1m\u00e1ra, r\u00e1ad\u00e1sul ez az id\u0151szak olyan vesz\u00e9lyeket rejthet, amikre nem sz\u00e1m\u00edtunk. K\u00e9sz\u00fclj fel r\u00e1juk!\",\"breadcrumb\":{\"@id\":\"https:\/\/www.welovecycling.com\/hu\/biztonsag\/ezekre-a-veszelyekre-kell-figyelned-telen\/#breadcrumb\"},\"inLanguage\":\"hu\",\"potentialAction\":[{\"@type\":\"ReadAction\",\"target\":[\"https:\/\/www.welovecycling.com\/hu\/biztonsag\/ezekre-a-veszelyekre-kell-figyelned-telen\/\"]}]},{\"@type\":\"ImageObject\",\"inLanguage\":\"hu\",\"@id\":\"https:\/\/www.welovecycling.com\/hu\/biztonsag\/ezekre-a-veszelyekre-kell-figyelned-telen\/#primaryimage\",\"url\":\"https:\/\/d2p6e6u75xmxt8.cloudfront.net\/12\/2021\/01\/Winter-Cycling-CVR-profimedia-0050654480.jpg\",\"contentUrl\":\"https:\/\/d2p6e6u75xmxt8.cloudfront.net\/12\/2021\/01\/Winter-Cycling-CVR-profimedia-0050654480.jpg\",\"width\":1366,\"height\":600,\"caption\":\"Cycling in Winter\"},{\"@type\":\"BreadcrumbList\",\"@id\":\"https:\/\/www.welovecycling.com\/hu\/biztonsag\/ezekre-a-veszelyekre-kell-figyelned-telen\/#breadcrumb\",\"itemListElement\":[{\"@type\":\"ListItem\",\"position\":1,\"name\":\"Home\",\"item\":\"https:\/\/www.welovecycling.com\/hu\/\"},{\"@type\":\"ListItem\",\"position\":2,\"name\":\"Ezekre a vesz\u00e9lyekre kell figyelned t\u00e9len\"}]},{\"@type\":\"WebSite\",\"@id\":\"https:\/\/www.welovecycling.com\/hu\/#website\",\"url\":\"https:\/\/www.welovecycling.com\/hu\/\",\"name\":\"\u0160koda We Love Cycling - Magyarorsz\u00e1g\",\"description\":\"\u0160koda WeLoveCycling\",\"potentialAction\":[{\"@type\":\"SearchAction\",\"target\":{\"@type\":\"EntryPoint\",\"urlTemplate\":\"https:\/\/www.welovecycling.com\/hu\/?s={search_term_string}\"},\"query-input\":{\"@type\":\"PropertyValueSpecification\",\"valueRequired\":true,\"valueName\":\"search_term_string\"}}],\"inLanguage\":\"hu\"},{\"@type\":\"Person\",\"@id\":\"https:\/\/www.welovecycling.com\/hu\/#\/schema\/person\/414a2aebf1801691a5320edb6468e194\",\"name\":\"hegyizs\",\"image\":{\"@type\":\"ImageObject\",\"inLanguage\":\"hu\",\"@id\":\"https:\/\/www.welovecycling.com\/hu\/#\/schema\/person\/image\/\",\"url\":\"https:\/\/secure.gravatar.com\/avatar\/02cf8a7906b8cf90cecb4679defac7cfd33a1c2e3b88e4903d947f3bb58eedd3?s=96&d=mm&r=g\",\"contentUrl\":\"https:\/\/secure.gravatar.com\/avatar\/02cf8a7906b8cf90cecb4679defac7cfd33a1c2e3b88e4903d947f3bb58eedd3?s=96&d=mm&r=g\",\"caption\":\"hegyizs\"},\"url\":\"https:\/\/www.welovecycling.com\/hu\/author\/hegyizs\/\"}]}<\/script>\n<!-- \/ Yoast SEO Premium plugin. -->","yoast_head_json":{"title":"Ezekre a vesz\u00e9lyekre kell figyelned t\u00e9len - \u0160koda We Love Cycling - Magyarorsz\u00e1g","description":"A t\u00e9li hideg kih\u00edv\u00e1st jelent minden bring\u00e1s sz\u00e1m\u00e1ra, r\u00e1ad\u00e1sul ez az id\u0151szak olyan vesz\u00e9lyeket rejthet, amikre nem sz\u00e1m\u00edtunk. K\u00e9sz\u00fclj fel r\u00e1juk!","robots":{"index":"index","follow":"follow","max-snippet":"max-snippet:-1","max-image-preview":"max-image-preview:large","max-video-preview":"max-video-preview:-1"},"canonical":"https:\/\/www.welovecycling.com\/hu\/biztonsag\/ezekre-a-veszelyekre-kell-figyelned-telen\/","og_locale":"hu_HU","og_type":"article","og_title":"Ezekre a vesz\u00e9lyekre kell figyelned t\u00e9len","og_description":"A t\u00e9li hideg kih\u00edv\u00e1st jelent minden bring\u00e1s sz\u00e1m\u00e1ra, r\u00e1ad\u00e1sul ez az id\u0151szak olyan vesz\u00e9lyeket rejthet, amikre nem sz\u00e1m\u00edtunk. K\u00e9sz\u00fclj fel r\u00e1juk!","og_url":"https:\/\/www.welovecycling.com\/hu\/biztonsag\/ezekre-a-veszelyekre-kell-figyelned-telen\/","og_site_name":"\u0160koda We Love Cycling - Magyarorsz\u00e1g","article_publisher":"https:\/\/www.facebook.com\/WeLoveCyclingHungary\/","article_published_time":"2021-01-09T07:00:25+00:00","og_image":[{"width":1366,"height":600,"url":"https:\/\/d2p6e6u75xmxt8.cloudfront.net\/12\/2021\/01\/Winter-Cycling-CVR-profimedia-0050654480.jpg","type":"image\/jpeg"}],"author":"hegyizs","twitter_card":"summary_large_image","twitter_misc":{"Written by":"Adam Marsal","Est. reading time":"7"},"schema":{"@context":"https:\/\/schema.org","@graph":[{"@type":"WebPage","@id":"https:\/\/www.welovecycling.com\/hu\/biztonsag\/ezekre-a-veszelyekre-kell-figyelned-telen\/","url":"https:\/\/www.welovecycling.com\/hu\/biztonsag\/ezekre-a-veszelyekre-kell-figyelned-telen\/","name":"Ezekre a vesz\u00e9lyekre kell figyelned t\u00e9len - \u0160koda We Love Cycling - Magyarorsz\u00e1g","isPartOf":{"@id":"https:\/\/www.welovecycling.com\/hu\/#website"},"primaryImageOfPage":{"@id":"https:\/\/www.welovecycling.com\/hu\/biztonsag\/ezekre-a-veszelyekre-kell-figyelned-telen\/#primaryimage"},"image":{"@id":"https:\/\/www.welovecycling.com\/hu\/biztonsag\/ezekre-a-veszelyekre-kell-figyelned-telen\/#primaryimage"},"thumbnailUrl":"https:\/\/d2p6e6u75xmxt8.cloudfront.net\/12\/2021\/01\/Winter-Cycling-CVR-profimedia-0050654480.jpg","datePublished":"2021-01-09T07:00:25+00:00","author":{"@id":"https:\/\/www.welovecycling.com\/hu\/#\/schema\/person\/414a2aebf1801691a5320edb6468e194"},"description":"A t\u00e9li hideg kih\u00edv\u00e1st jelent minden bring\u00e1s sz\u00e1m\u00e1ra, r\u00e1ad\u00e1sul ez az id\u0151szak olyan vesz\u00e9lyeket rejthet, amikre nem sz\u00e1m\u00edtunk. K\u00e9sz\u00fclj fel r\u00e1juk!","breadcrumb":{"@id":"https:\/\/www.welovecycling.com\/hu\/biztonsag\/ezekre-a-veszelyekre-kell-figyelned-telen\/#breadcrumb"},"inLanguage":"hu","potentialAction":[{"@type":"ReadAction","target":["https:\/\/www.welovecycling.com\/hu\/biztonsag\/ezekre-a-veszelyekre-kell-figyelned-telen\/"]}]},{"@type":"ImageObject","inLanguage":"hu","@id":"https:\/\/www.welovecycling.com\/hu\/biztonsag\/ezekre-a-veszelyekre-kell-figyelned-telen\/#primaryimage","url":"https:\/\/d2p6e6u75xmxt8.cloudfront.net\/12\/2021\/01\/Winter-Cycling-CVR-profimedia-0050654480.jpg","contentUrl":"https:\/\/d2p6e6u75xmxt8.cloudfront.net\/12\/2021\/01\/Winter-Cycling-CVR-profimedia-0050654480.jpg","width":1366,"height":600,"caption":"Cycling in Winter"},{"@type":"BreadcrumbList","@id":"https:\/\/www.welovecycling.com\/hu\/biztonsag\/ezekre-a-veszelyekre-kell-figyelned-telen\/#breadcrumb","itemListElement":[{"@type":"ListItem","position":1,"name":"Home","item":"https:\/\/www.welovecycling.com\/hu\/"},{"@type":"ListItem","position":2,"name":"Ezekre a vesz\u00e9lyekre kell figyelned t\u00e9len"}]},{"@type":"WebSite","@id":"https:\/\/www.welovecycling.com\/hu\/#website","url":"https:\/\/www.welovecycling.com\/hu\/","name":"\u0160koda We Love Cycling - Magyarorsz\u00e1g","description":"\u0160koda WeLoveCycling","potentialAction":[{"@type":"SearchAction","target":{"@type":"EntryPoint","urlTemplate":"https:\/\/www.welovecycling.com\/hu\/?s={search_term_string}"},"query-input":{"@type":"PropertyValueSpecification","valueRequired":true,"valueName":"search_term_string"}}],"inLanguage":"hu"},{"@type":"Person","@id":"https:\/\/www.welovecycling.com\/hu\/#\/schema\/person\/414a2aebf1801691a5320edb6468e194","name":"hegyizs","image":{"@type":"ImageObject","inLanguage":"hu","@id":"https:\/\/www.welovecycling.com\/hu\/#\/schema\/person\/image\/","url":"https:\/\/secure.gravatar.com\/avatar\/02cf8a7906b8cf90cecb4679defac7cfd33a1c2e3b88e4903d947f3bb58eedd3?s=96&d=mm&r=g","contentUrl":"https:\/\/secure.gravatar.com\/avatar\/02cf8a7906b8cf90cecb4679defac7cfd33a1c2e3b88e4903d947f3bb58eedd3?s=96&d=mm&r=g","caption":"hegyizs"},"url":"https:\/\/www.welovecycling.com\/hu\/author\/hegyizs\/"}]}},"_links":{"self":[{"href":"https:\/\/www.welovecycling.com\/hu\/wp-json\/wp\/v2\/posts\/9876","targetHints":{"allow":["GET"]}}],"collection":[{"href":"https:\/\/www.welovecycling.com\/hu\/wp-json\/wp\/v2\/posts"}],"about":[{"href":"https:\/\/www.welovecycling.com\/hu\/wp-json\/wp\/v2\/types\/post"}],"author":[{"embeddable":true,"href":"https:\/\/www.welovecycling.com\/hu\/wp-json\/wp\/v2\/users\/71"}],"replies":[{"embeddable":true,"href":"https:\/\/www.welovecycling.com\/hu\/wp-json\/wp\/v2\/comments?post=9876"}],"version-history":[{"count":2,"href":"https:\/\/www.welovecycling.com\/hu\/wp-json\/wp\/v2\/posts\/9876\/revisions"}],"predecessor-version":[{"id":9890,"href":"https:\/\/www.welovecycling.com\/hu\/wp-json\/wp\/v2\/posts\/9876\/revisions\/9890"}],"wp:featuredmedia":[{"embeddable":true,"href":"https:\/\/www.welovecycling.com\/hu\/wp-json\/wp\/v2\/media\/9881"}],"wp:attachment":[{"href":"https:\/\/www.welovecycling.com\/hu\/wp-json\/wp\/v2\/media?parent=9876"}],"wp:term":[{"taxonomy":"category","embeddable":true,"href":"https:\/\/www.welovecycling.com\/hu\/wp-json\/wp\/v2\/categories?post=9876"},{"taxonomy":"post_tag","embeddable":true,"href":"https:\/\/www.welovecycling.com\/hu\/wp-json\/wp\/v2\/tags?post=9876"},{"taxonomy":"global-categories","embeddable":true,"href":"https:\/\/www.welovecycling.com\/hu\/wp-json\/wp\/v2\/global-categories?post=9876"}],"curies":[{"name":"wp","href":"https:\/\/api.w.org\/{rel}","templated":true}]}}