{"id":9870,"date":"2021-01-08T12:00:32","date_gmt":"2021-01-08T11:00:32","guid":{"rendered":"https:\/\/www.welovecycling.com\/hu\/?p=9870"},"modified":"2021-01-06T17:39:23","modified_gmt":"2021-01-06T16:39:23","slug":"andy-schleck-kedvenc-bringautjai","status":"publish","type":"post","link":"https:\/\/www.welovecycling.com\/hu\/orszaguti-kerekpar\/andy-schleck-kedvenc-bringautjai\/","title":{"rendered":"Andy Schleck kedvenc bringa\u00fatjai"},"content":{"rendered":"<p><strong>Hol \u00e9rdemes biciklizni, ha olyan edz\u00e9sre v\u00e1gysz, mint a Tour de France gy\u0151ztese, Andy Schleck? Mit tart a legnehezebb, legeml\u00e9kezetesebb \u00e9s legszebb ker\u00e9kp\u00e1ros \u00fatvonalaknak a ker\u00e9kp\u00e1ros? Hov\u00e1 k\u00fcldene biciklis nyaral\u00e1sra? Interj\u00fankb\u00f3l minden kider\u00fcl.<\/strong><\/p>\n<p><!--more--><\/p>\n<p><em>&#8220;A ker\u00e9kp\u00e1roz\u00e1s sz\u00e9ps\u00e9ge, hogy a vil\u00e1g b\u00e1rmely pontj\u00e1n \u0171zhetj\u00fck&#8221;<\/em> &#8211; v\u00e1laszolta Andy Schleck arra a k\u00e9rd\u00e9sre, hogy melyik a kedvenc ker\u00e9kp\u00e1ros helysz\u00edne. <em>\u201eA vil\u00e1g minden t\u00e1j\u00e1n, minden kontinensen, nagyon sok k\u00fcl\u00f6nb\u00f6z\u0151 helysz\u00ednen tekertem m\u00e1r\u201d <\/em>&#8211; folytatta. <em>\u201e\u00c9s nem tal\u00e1ltam rossz ker\u00e9kp\u00e1ros helyet. Vannak j\u00f3k \u00e9s vannak nagyon j\u00f3k.\u201d<\/em><\/p>\n<h2><strong>Hov\u00e1 menj\u00fcnk edz\u0151t\u00e1borba?<\/strong><\/h2>\n<p><em>\u201eNagyon szeretem a spanyolorsz\u00e1gi Mallorc\u00e1t\u201d<\/em> &#8211; mondta Andy. K\u00fcl\u00f6n\u00f6sen febru\u00e1rt\u00f3l m\u00e1rciusig aj\u00e1nlja, mert gy\u00f6ny\u00f6r\u0171 az id\u0151, \u00e9s nincs sok aut\u00f3t. Az utak remek \u00e1llapotban vannak, de a f\u0151 vonzer\u0151 az a ker\u00e9kp\u00e1rosok sz\u00e1ma, akik ebben az id\u0151szakban a szigeten tekernek. Remek ker\u00e9kp\u00e1ros k\u00f6z\u00f6ss\u00e9g alakul ilyenkor ki, \u00e9s sok hozz\u00e1d hasonl\u00f3 gondolkod\u00e1s\u00fa embert ismerhetsz meg!<\/p>\n<figure id=\"attachment_9871\" aria-describedby=\"caption-attachment-9871\" style=\"width: 1024px\" class=\"wp-caption alignnone\"><a href=\"https:\/\/d2p6e6u75xmxt8.cloudfront.net\/2\/2020\/12\/Mallorca-profimedia-0573237671.jpg\"><img loading=\"lazy\" decoding=\"async\" class=\"wp-image-9871 size-large\" src=\"https:\/\/d2p6e6u75xmxt8.cloudfront.net\/12\/2021\/01\/Mallorca-profimedia-0573237671-1024x682.jpg\" alt=\"Mallorca\" width=\"1024\" height=\"682\" srcset=\"https:\/\/d2p6e6u75xmxt8.cloudfront.net\/12\/2021\/01\/Mallorca-profimedia-0573237671-1024x682.jpg 1024w, https:\/\/d2p6e6u75xmxt8.cloudfront.net\/12\/2021\/01\/Mallorca-profimedia-0573237671-300x200.jpg 300w, https:\/\/d2p6e6u75xmxt8.cloudfront.net\/12\/2021\/01\/Mallorca-profimedia-0573237671-768x512.jpg 768w, https:\/\/d2p6e6u75xmxt8.cloudfront.net\/12\/2021\/01\/Mallorca-profimedia-0573237671-272x182.jpg 272w, https:\/\/d2p6e6u75xmxt8.cloudfront.net\/12\/2021\/01\/Mallorca-profimedia-0573237671.jpg 1250w\" sizes=\"auto, (max-width: 1024px) 100vw, 1024px\" \/><\/a><figcaption id=\"caption-attachment-9871\" class=\"wp-caption-text\"><em>Cap de Formentor, Mallorca. Leny\u0171g\u00f6z\u0151 kih\u00edv\u00e1s a biciklisek sz\u00e1m\u00e1ra. \u00a9Profimedia<\/em><\/figcaption><\/figure>\n<h2><strong>Melyek karriered legeml\u00e9kezetesebb szakaszai?<\/strong><\/h2>\n<p>Az els\u0151 sz\u00e1m\u00fa a 2011. \u00e9vi Tour de France 18. szakasza. <em>\u201eNem az\u00e9rt a kedvencem, mert megnyertem. Azt hiszem, ez lehet a Tour t\u00f6rt\u00e9nelm\u00e9nek egyik legnehezebb szakasza. H\u00e1romszor t\u00fall\u00e9pt\u00fck a 2000 m\u00e9teres magass\u00e1got egy szakasz alatt &#8211; Agnel, Col d&#8217;Izoard \u00e9s Col du Galibier cs\u00facsain. Ilyen nincs minden \u00e9vben!\u201d<\/em>&#8211; mondta Andy. De vigyorogva hozz\u00e1tette, hogy el\u00e9g j\u00f3 form\u00e1ban kell lenned ahhoz, hogy ezt nem hivat\u00e1sos ker\u00e9kp\u00e1rosk\u00e9nt kipr\u00f3b\u00e1ld. M\u00e1sodik kedvenc ker\u00e9kp\u00e1ros helysz\u00edne a 2010-es Tour 17. szakasza, amely a Tourmalet cs\u00facs\u00e1val z\u00e1rult. <em>\u201eNeh\u00e9z nap volt. Es\u0151s, k\u00f6d\u00f6s \u00e9s hideg. Ez az id\u0151j\u00e1r\u00e1s a Pireneusokban maga a pokol\u201d-<\/em> jellemezte.<\/p>\n<h2><strong>Mi a legjobb hely egy ker\u00e9kp\u00e1ros nyaral\u00e1shoz?<\/strong><\/h2>\n<p><em>\u201e\u00c9letre sz\u00f3l\u00f3 tapasztalatokat szerezhetsz Franciaorsz\u00e1g d\u00e9li r\u00e9sz\u00e9n, ha belev\u00e1gsz valamelyik klasszikus hegymenetbe, mint amilyen a Tourmalet, a Galibier vagy a Mt. Ventoux. Ezek nincsenek is t\u00fal t\u00e1vol egym\u00e1st\u00f3l\u201d-<\/em> v\u00e1laszolta Andy. Hozz\u00e1tette, hogy ny\u00e1ron \u00e9rdemes ezt megtenni, de ha Provence-be menn\u00e9l, akkor ink\u00e1bb ker\u00fcld el a f\u0151szezont, mert ilyenkor nagy a forgalom az utakon.<\/p>\n<figure id=\"attachment_9872\" aria-describedby=\"caption-attachment-9872\" style=\"width: 1024px\" class=\"wp-caption alignnone\"><a href=\"https:\/\/d2p6e6u75xmxt8.cloudfront.net\/2\/2020\/12\/Andy-Schleck.jpg\"><img loading=\"lazy\" decoding=\"async\" class=\"wp-image-9872 size-large\" src=\"https:\/\/d2p6e6u75xmxt8.cloudfront.net\/12\/2021\/01\/Andy-Schleck-1024x683.jpg\" alt=\"Andy Schleck Win\" width=\"1024\" height=\"683\" srcset=\"https:\/\/d2p6e6u75xmxt8.cloudfront.net\/12\/2021\/01\/Andy-Schleck-1024x683.jpg 1024w, https:\/\/d2p6e6u75xmxt8.cloudfront.net\/12\/2021\/01\/Andy-Schleck-300x200.jpg 300w, https:\/\/d2p6e6u75xmxt8.cloudfront.net\/12\/2021\/01\/Andy-Schleck-768x512.jpg 768w, https:\/\/d2p6e6u75xmxt8.cloudfront.net\/12\/2021\/01\/Andy-Schleck-272x182.jpg 272w, https:\/\/d2p6e6u75xmxt8.cloudfront.net\/12\/2021\/01\/Andy-Schleck.jpg 1063w\" sizes=\"auto, (max-width: 1024px) 100vw, 1024px\" \/><\/a><figcaption id=\"caption-attachment-9872\" class=\"wp-caption-text\"><em>A Col du Galibier Andy egyik kedvenc helysz\u00edne. \u00a9 Serge Waldbillig<\/em><\/figcaption><\/figure>\n<h2><strong>Melyik sz\u00e1modra a legszebb \u00fatvonal?<\/strong><\/h2>\n<p><em>\u201eVan egy \u00fatvonal, amit mindig aj\u00e1nlok azoknak, akik Franciaorsz\u00e1gban ker\u00e9kp\u00e1roznak. Ez mag\u00e1ban foglal egy nagy m\u00e1sz\u00e1st, ami a Mt. Ventoux-ra vezet fel. Sz\u00e1momra ez az egyik legszebb emelked\u0151. Nagyon neh\u00e9z feljutni, de amikor a hegy tetej\u00e9n \u00e1llsz &#8211; nem sz\u00e1m\u00edt, milyen volt az \u00e1tlagsebess\u00e9ged &#8211; garant\u00e1lom, hogy \u00e9leted legb\u00fcszk\u00e9bb pillanata lesz.\u201d<\/em> Ez az \u00fatvonal 20 km-es emelked\u00e9ssel indul B\u00e9doinb\u00f3l. Ugyanezen az \u00faton kell haladnunk lefel\u00e9, kb. 7 km ut\u00e1n balra kanyarodik, \u00e9s egy teljes k\u00f6rt tesz meg a leny\u0171g\u00f6z\u0151 Gorges de la Nesque-on kereszt\u00fcl Saultig. Innen pedig visszamehet\u00fcnk B\u00e9doinba, egy 85 km-es \u00faton.<\/p>\n<p>Andy egy \u00e9rdekes \u00fatvonalat is megeml\u00edtett, mely haz\u00e1j\u00e1ban fut. <em>\u201eLuxemburgban \u00e9lek, az orsz\u00e1g nagy ker\u00e9kp\u00e1ros m\u00falttal rendelkezik. Szeretem az embereket elhozni ide ker\u00e9kp\u00e1rozni az utak min\u0151s\u00e9ge miatt, \u00e9s mert itt el\u00e9g megtenned egy 40 km-es hurkot, \u00e9s m\u00e1ris \u00e1ttekert\u00e9l 4 orsz\u00e1gon &#8211; Luxemburgon, Belgiumon, Franciaorsz\u00e1gon \u00e9s N\u00e9metorsz\u00e1gon! N\u00e9gy k\u00fcl\u00f6nb\u00f6z\u0151 t\u00e1j, infrastrukt\u00fara \u00e9s mentalit\u00e1s egy menet alatt.\u201d<\/em><\/p>\n<figure id=\"attachment_9873\" aria-describedby=\"caption-attachment-9873\" style=\"width: 1024px\" class=\"wp-caption alignnone\"><a href=\"https:\/\/d2p6e6u75xmxt8.cloudfront.net\/2\/2020\/12\/Ardennes-profimedia-0557697492.jpg\"><img loading=\"lazy\" decoding=\"async\" class=\"wp-image-9873 size-large\" src=\"https:\/\/d2p6e6u75xmxt8.cloudfront.net\/12\/2021\/01\/Ardennes-profimedia-0557697492-1024x682.jpg\" alt=\"Ardennes Forest\" width=\"1024\" height=\"682\" srcset=\"https:\/\/d2p6e6u75xmxt8.cloudfront.net\/12\/2021\/01\/Ardennes-profimedia-0557697492-1024x682.jpg 1024w, https:\/\/d2p6e6u75xmxt8.cloudfront.net\/12\/2021\/01\/Ardennes-profimedia-0557697492-300x200.jpg 300w, https:\/\/d2p6e6u75xmxt8.cloudfront.net\/12\/2021\/01\/Ardennes-profimedia-0557697492-768x512.jpg 768w, https:\/\/d2p6e6u75xmxt8.cloudfront.net\/12\/2021\/01\/Ardennes-profimedia-0557697492-272x182.jpg 272w, https:\/\/d2p6e6u75xmxt8.cloudfront.net\/12\/2021\/01\/Ardennes-profimedia-0557697492.jpg 1250w\" sizes=\"auto, (max-width: 1024px) 100vw, 1024px\" \/><\/a><figcaption id=\"caption-attachment-9873\" class=\"wp-caption-text\"><em>Az ardenni erd\u0151ben tekerni nagyon kellemes \u00e9lm\u00e9ny. \u00a9 Profimedia<\/em><\/figcaption><\/figure>\n<h2><strong>Mi a v\u00e9lem\u00e9nyed a v\u00e1rosi ker\u00e9kp\u00e1roz\u00e1sr\u00f3l?<\/strong><\/h2>\n<p>Andy elismerte, hogy profik\u00e9nt nem sokat foglalkozott v\u00e1rosi ker\u00e9kp\u00e1roz\u00e1ssal. Csak nemr\u00e9giben v\u00e1gott bele, de igaz\u00e1n lelkes! <em>\u201eA v\u00e1rosi ker\u00e9kp\u00e1roz\u00e1s \u00f6r\u00f6m\u00e9t csak azut\u00e1n fedeztem fel, hogy visszavonultam a hivat\u00e1sos ker\u00e9kp\u00e1roz\u00e1st\u00f3l. \u00daj volt sz\u00e1momra, hogy csak sz\u00f3rakoz\u00e1sb\u00f3l tekerek. Azt is felfedeztem &#8211; 35 \u00e9ves koromban &#8211; hogy mit jelent biciklivel dolgozni j\u00e1rni! J\u00f3 \u00e9rz\u00e9s \u00edgy kezdeni a napot. A v\u00e1roson k\u00edv\u00fcl \u00e9lek, \u00edgy amikor tal\u00e1lkoz\u00f3im vannak, n\u00e9ha e-biciklivel megyek, mert nem akarok izzadtan \u00e9rkezni. A v\u00e1rosi ker\u00e9kp\u00e1roz\u00e1st, amennyire csak tudom, n\u00e9pszer\u0171s\u00edtem, mert \u00fagy gondolom, hogy ez a legjobb m\u00f3d a v\u00e1rosban val\u00f3 k\u00f6zleked\u00e9sre. Amellett, hogy a leggyorsabb \u00e9s a leghat\u00e9konyabb, a kl\u00edmav\u00e1ltoz\u00e1s elleni k\u00fczdelemben is fontos. Hiszem, hogy ez a j\u00f6v\u0151.\u201d<\/em><\/p>\n","protected":false},"excerpt":{"rendered":"<p>Hol \u00e9rdemes biciklizni, ha olyan edz\u00e9sre v\u00e1gysz, mint a Tour de France gy\u0151ztese, Andy Schleck? Mit tart a legnehezebb, legeml\u00e9kezetesebb [&hellip;]<\/p>\n","protected":false},"author":71,"featured_media":9875,"comment_status":"open","ping_status":"open","sticky":false,"template":"","format":"standard","meta":{"footnotes":""},"categories":[8],"tags":[],"global-categories":[],"class_list":["post-9870","post","type-post","status-publish","format-standard","has-post-thumbnail","hentry","category-orszaguti-kerekpar"],"yoast_head":"<!-- This site is optimized with the Yoast SEO Premium plugin v25.3 (Yoast SEO v25.9) - https:\/\/yoast.com\/wordpress\/plugins\/seo\/ -->\n<title>Andy Schleck kedvenc bringa\u00fatjai - \u0160koda We Love Cycling - Magyarorsz\u00e1g<\/title>\n<meta name=\"description\" content=\"Hol \u00e9rdemes biciklizni, ha olyan edz\u00e9sre v\u00e1gysz, mint a Tour de France gy\u0151ztese, Andy Schleck?\" \/>\n<meta name=\"robots\" content=\"index, follow, max-snippet:-1, max-image-preview:large, max-video-preview:-1\" \/>\n<link rel=\"canonical\" href=\"https:\/\/www.welovecycling.com\/hu\/orszaguti-kerekpar\/andy-schleck-kedvenc-bringautjai\/\" \/>\n<meta property=\"og:locale\" content=\"hu_HU\" \/>\n<meta property=\"og:type\" content=\"article\" \/>\n<meta property=\"og:title\" content=\"Andy Schleck kedvenc bringa\u00fatjai\" \/>\n<meta property=\"og:description\" content=\"Hol \u00e9rdemes biciklizni, ha olyan edz\u00e9sre v\u00e1gysz, mint a Tour de France gy\u0151ztese, Andy Schleck? Mit tart a legnehezebb, legeml\u00e9kezetesebb \u00e9s legszebb ker\u00e9kp\u00e1ros \u00fatvonalaknak a ker\u00e9kp\u00e1ros? Hov\u00e1 k\u00fcldene biciklis nyaral\u00e1sra? Interj\u00fankb\u00f3l minden kider\u00fcl.\" \/>\n<meta property=\"og:url\" content=\"https:\/\/www.welovecycling.com\/hu\/orszaguti-kerekpar\/andy-schleck-kedvenc-bringautjai\/\" \/>\n<meta property=\"og:site_name\" content=\"\u0160koda We Love Cycling - Magyarorsz\u00e1g\" \/>\n<meta property=\"article:publisher\" content=\"https:\/\/www.facebook.com\/WeLoveCyclingHungary\/\" \/>\n<meta property=\"article:published_time\" content=\"2021-01-08T11:00:32+00:00\" \/>\n<meta property=\"og:image\" content=\"https:\/\/d2p6e6u75xmxt8.cloudfront.net\/12\/2021\/01\/Andy-Schleck-CVR.jpg\" \/>\n\t<meta property=\"og:image:width\" content=\"1366\" \/>\n\t<meta property=\"og:image:height\" content=\"600\" \/>\n\t<meta property=\"og:image:type\" content=\"image\/jpeg\" \/>\n<meta name=\"author\" content=\"hegyizs\" \/>\n<meta name=\"twitter:card\" content=\"summary_large_image\" \/>\n<meta name=\"twitter:label1\" content=\"Written by\" \/>\n\t<meta name=\"twitter:data1\" content=\"Jiri Kaloc\" \/>\n\t<meta name=\"twitter:label2\" content=\"Est. reading time\" \/>\n\t<meta name=\"twitter:data2\" content=\"5\" \/>\n<script type=\"application\/ld+json\" class=\"yoast-schema-graph\">{\"@context\":\"https:\/\/schema.org\",\"@graph\":[{\"@type\":\"WebPage\",\"@id\":\"https:\/\/www.welovecycling.com\/hu\/orszaguti-kerekpar\/andy-schleck-kedvenc-bringautjai\/\",\"url\":\"https:\/\/www.welovecycling.com\/hu\/orszaguti-kerekpar\/andy-schleck-kedvenc-bringautjai\/\",\"name\":\"Andy Schleck kedvenc bringa\u00fatjai - \u0160koda We Love Cycling - Magyarorsz\u00e1g\",\"isPartOf\":{\"@id\":\"https:\/\/www.welovecycling.com\/hu\/#website\"},\"primaryImageOfPage\":{\"@id\":\"https:\/\/www.welovecycling.com\/hu\/orszaguti-kerekpar\/andy-schleck-kedvenc-bringautjai\/#primaryimage\"},\"image\":{\"@id\":\"https:\/\/www.welovecycling.com\/hu\/orszaguti-kerekpar\/andy-schleck-kedvenc-bringautjai\/#primaryimage\"},\"thumbnailUrl\":\"https:\/\/d2p6e6u75xmxt8.cloudfront.net\/12\/2021\/01\/Andy-Schleck-CVR.jpg\",\"datePublished\":\"2021-01-08T11:00:32+00:00\",\"author\":{\"@id\":\"https:\/\/www.welovecycling.com\/hu\/#\/schema\/person\/414a2aebf1801691a5320edb6468e194\"},\"description\":\"Hol \u00e9rdemes biciklizni, ha olyan edz\u00e9sre v\u00e1gysz, mint a Tour de France gy\u0151ztese, Andy Schleck?\",\"breadcrumb\":{\"@id\":\"https:\/\/www.welovecycling.com\/hu\/orszaguti-kerekpar\/andy-schleck-kedvenc-bringautjai\/#breadcrumb\"},\"inLanguage\":\"hu\",\"potentialAction\":[{\"@type\":\"ReadAction\",\"target\":[\"https:\/\/www.welovecycling.com\/hu\/orszaguti-kerekpar\/andy-schleck-kedvenc-bringautjai\/\"]}]},{\"@type\":\"ImageObject\",\"inLanguage\":\"hu\",\"@id\":\"https:\/\/www.welovecycling.com\/hu\/orszaguti-kerekpar\/andy-schleck-kedvenc-bringautjai\/#primaryimage\",\"url\":\"https:\/\/d2p6e6u75xmxt8.cloudfront.net\/12\/2021\/01\/Andy-Schleck-CVR.jpg\",\"contentUrl\":\"https:\/\/d2p6e6u75xmxt8.cloudfront.net\/12\/2021\/01\/Andy-Schleck-CVR.jpg\",\"width\":1366,\"height\":600,\"caption\":\"Andy Schleck\"},{\"@type\":\"BreadcrumbList\",\"@id\":\"https:\/\/www.welovecycling.com\/hu\/orszaguti-kerekpar\/andy-schleck-kedvenc-bringautjai\/#breadcrumb\",\"itemListElement\":[{\"@type\":\"ListItem\",\"position\":1,\"name\":\"Home\",\"item\":\"https:\/\/www.welovecycling.com\/hu\/\"},{\"@type\":\"ListItem\",\"position\":2,\"name\":\"Andy Schleck kedvenc bringa\u00fatjai\"}]},{\"@type\":\"WebSite\",\"@id\":\"https:\/\/www.welovecycling.com\/hu\/#website\",\"url\":\"https:\/\/www.welovecycling.com\/hu\/\",\"name\":\"\u0160koda We Love Cycling - Magyarorsz\u00e1g\",\"description\":\"\u0160koda WeLoveCycling\",\"potentialAction\":[{\"@type\":\"SearchAction\",\"target\":{\"@type\":\"EntryPoint\",\"urlTemplate\":\"https:\/\/www.welovecycling.com\/hu\/?s={search_term_string}\"},\"query-input\":{\"@type\":\"PropertyValueSpecification\",\"valueRequired\":true,\"valueName\":\"search_term_string\"}}],\"inLanguage\":\"hu\"},{\"@type\":\"Person\",\"@id\":\"https:\/\/www.welovecycling.com\/hu\/#\/schema\/person\/414a2aebf1801691a5320edb6468e194\",\"name\":\"hegyizs\",\"image\":{\"@type\":\"ImageObject\",\"inLanguage\":\"hu\",\"@id\":\"https:\/\/www.welovecycling.com\/hu\/#\/schema\/person\/image\/\",\"url\":\"https:\/\/secure.gravatar.com\/avatar\/02cf8a7906b8cf90cecb4679defac7cfd33a1c2e3b88e4903d947f3bb58eedd3?s=96&d=mm&r=g\",\"contentUrl\":\"https:\/\/secure.gravatar.com\/avatar\/02cf8a7906b8cf90cecb4679defac7cfd33a1c2e3b88e4903d947f3bb58eedd3?s=96&d=mm&r=g\",\"caption\":\"hegyizs\"},\"url\":\"https:\/\/www.welovecycling.com\/hu\/author\/hegyizs\/\"}]}<\/script>\n<!-- \/ Yoast SEO Premium plugin. -->","yoast_head_json":{"title":"Andy Schleck kedvenc bringa\u00fatjai - \u0160koda We Love Cycling - Magyarorsz\u00e1g","description":"Hol \u00e9rdemes biciklizni, ha olyan edz\u00e9sre v\u00e1gysz, mint a Tour de France gy\u0151ztese, Andy Schleck?","robots":{"index":"index","follow":"follow","max-snippet":"max-snippet:-1","max-image-preview":"max-image-preview:large","max-video-preview":"max-video-preview:-1"},"canonical":"https:\/\/www.welovecycling.com\/hu\/orszaguti-kerekpar\/andy-schleck-kedvenc-bringautjai\/","og_locale":"hu_HU","og_type":"article","og_title":"Andy Schleck kedvenc bringa\u00fatjai","og_description":"Hol \u00e9rdemes biciklizni, ha olyan edz\u00e9sre v\u00e1gysz, mint a Tour de France gy\u0151ztese, Andy Schleck? Mit tart a legnehezebb, legeml\u00e9kezetesebb \u00e9s legszebb ker\u00e9kp\u00e1ros \u00fatvonalaknak a ker\u00e9kp\u00e1ros? Hov\u00e1 k\u00fcldene biciklis nyaral\u00e1sra? Interj\u00fankb\u00f3l minden kider\u00fcl.","og_url":"https:\/\/www.welovecycling.com\/hu\/orszaguti-kerekpar\/andy-schleck-kedvenc-bringautjai\/","og_site_name":"\u0160koda We Love Cycling - Magyarorsz\u00e1g","article_publisher":"https:\/\/www.facebook.com\/WeLoveCyclingHungary\/","article_published_time":"2021-01-08T11:00:32+00:00","og_image":[{"width":1366,"height":600,"url":"https:\/\/d2p6e6u75xmxt8.cloudfront.net\/12\/2021\/01\/Andy-Schleck-CVR.jpg","type":"image\/jpeg"}],"author":"hegyizs","twitter_card":"summary_large_image","twitter_misc":{"Written by":"Jiri Kaloc","Est. reading time":"5"},"schema":{"@context":"https:\/\/schema.org","@graph":[{"@type":"WebPage","@id":"https:\/\/www.welovecycling.com\/hu\/orszaguti-kerekpar\/andy-schleck-kedvenc-bringautjai\/","url":"https:\/\/www.welovecycling.com\/hu\/orszaguti-kerekpar\/andy-schleck-kedvenc-bringautjai\/","name":"Andy Schleck kedvenc bringa\u00fatjai - \u0160koda We Love Cycling - Magyarorsz\u00e1g","isPartOf":{"@id":"https:\/\/www.welovecycling.com\/hu\/#website"},"primaryImageOfPage":{"@id":"https:\/\/www.welovecycling.com\/hu\/orszaguti-kerekpar\/andy-schleck-kedvenc-bringautjai\/#primaryimage"},"image":{"@id":"https:\/\/www.welovecycling.com\/hu\/orszaguti-kerekpar\/andy-schleck-kedvenc-bringautjai\/#primaryimage"},"thumbnailUrl":"https:\/\/d2p6e6u75xmxt8.cloudfront.net\/12\/2021\/01\/Andy-Schleck-CVR.jpg","datePublished":"2021-01-08T11:00:32+00:00","author":{"@id":"https:\/\/www.welovecycling.com\/hu\/#\/schema\/person\/414a2aebf1801691a5320edb6468e194"},"description":"Hol \u00e9rdemes biciklizni, ha olyan edz\u00e9sre v\u00e1gysz, mint a Tour de France gy\u0151ztese, Andy Schleck?","breadcrumb":{"@id":"https:\/\/www.welovecycling.com\/hu\/orszaguti-kerekpar\/andy-schleck-kedvenc-bringautjai\/#breadcrumb"},"inLanguage":"hu","potentialAction":[{"@type":"ReadAction","target":["https:\/\/www.welovecycling.com\/hu\/orszaguti-kerekpar\/andy-schleck-kedvenc-bringautjai\/"]}]},{"@type":"ImageObject","inLanguage":"hu","@id":"https:\/\/www.welovecycling.com\/hu\/orszaguti-kerekpar\/andy-schleck-kedvenc-bringautjai\/#primaryimage","url":"https:\/\/d2p6e6u75xmxt8.cloudfront.net\/12\/2021\/01\/Andy-Schleck-CVR.jpg","contentUrl":"https:\/\/d2p6e6u75xmxt8.cloudfront.net\/12\/2021\/01\/Andy-Schleck-CVR.jpg","width":1366,"height":600,"caption":"Andy Schleck"},{"@type":"BreadcrumbList","@id":"https:\/\/www.welovecycling.com\/hu\/orszaguti-kerekpar\/andy-schleck-kedvenc-bringautjai\/#breadcrumb","itemListElement":[{"@type":"ListItem","position":1,"name":"Home","item":"https:\/\/www.welovecycling.com\/hu\/"},{"@type":"ListItem","position":2,"name":"Andy Schleck kedvenc bringa\u00fatjai"}]},{"@type":"WebSite","@id":"https:\/\/www.welovecycling.com\/hu\/#website","url":"https:\/\/www.welovecycling.com\/hu\/","name":"\u0160koda We Love Cycling - Magyarorsz\u00e1g","description":"\u0160koda WeLoveCycling","potentialAction":[{"@type":"SearchAction","target":{"@type":"EntryPoint","urlTemplate":"https:\/\/www.welovecycling.com\/hu\/?s={search_term_string}"},"query-input":{"@type":"PropertyValueSpecification","valueRequired":true,"valueName":"search_term_string"}}],"inLanguage":"hu"},{"@type":"Person","@id":"https:\/\/www.welovecycling.com\/hu\/#\/schema\/person\/414a2aebf1801691a5320edb6468e194","name":"hegyizs","image":{"@type":"ImageObject","inLanguage":"hu","@id":"https:\/\/www.welovecycling.com\/hu\/#\/schema\/person\/image\/","url":"https:\/\/secure.gravatar.com\/avatar\/02cf8a7906b8cf90cecb4679defac7cfd33a1c2e3b88e4903d947f3bb58eedd3?s=96&d=mm&r=g","contentUrl":"https:\/\/secure.gravatar.com\/avatar\/02cf8a7906b8cf90cecb4679defac7cfd33a1c2e3b88e4903d947f3bb58eedd3?s=96&d=mm&r=g","caption":"hegyizs"},"url":"https:\/\/www.welovecycling.com\/hu\/author\/hegyizs\/"}]}},"_links":{"self":[{"href":"https:\/\/www.welovecycling.com\/hu\/wp-json\/wp\/v2\/posts\/9870","targetHints":{"allow":["GET"]}}],"collection":[{"href":"https:\/\/www.welovecycling.com\/hu\/wp-json\/wp\/v2\/posts"}],"about":[{"href":"https:\/\/www.welovecycling.com\/hu\/wp-json\/wp\/v2\/types\/post"}],"author":[{"embeddable":true,"href":"https:\/\/www.welovecycling.com\/hu\/wp-json\/wp\/v2\/users\/71"}],"replies":[{"embeddable":true,"href":"https:\/\/www.welovecycling.com\/hu\/wp-json\/wp\/v2\/comments?post=9870"}],"version-history":[{"count":2,"href":"https:\/\/www.welovecycling.com\/hu\/wp-json\/wp\/v2\/posts\/9870\/revisions"}],"predecessor-version":[{"id":9889,"href":"https:\/\/www.welovecycling.com\/hu\/wp-json\/wp\/v2\/posts\/9870\/revisions\/9889"}],"wp:featuredmedia":[{"embeddable":true,"href":"https:\/\/www.welovecycling.com\/hu\/wp-json\/wp\/v2\/media\/9875"}],"wp:attachment":[{"href":"https:\/\/www.welovecycling.com\/hu\/wp-json\/wp\/v2\/media?parent=9870"}],"wp:term":[{"taxonomy":"category","embeddable":true,"href":"https:\/\/www.welovecycling.com\/hu\/wp-json\/wp\/v2\/categories?post=9870"},{"taxonomy":"post_tag","embeddable":true,"href":"https:\/\/www.welovecycling.com\/hu\/wp-json\/wp\/v2\/tags?post=9870"},{"taxonomy":"global-categories","embeddable":true,"href":"https:\/\/www.welovecycling.com\/hu\/wp-json\/wp\/v2\/global-categories?post=9870"}],"curies":[{"name":"wp","href":"https:\/\/api.w.org\/{rel}","templated":true}]}}