{"id":9796,"date":"2020-12-26T08:00:39","date_gmt":"2020-12-26T07:00:39","guid":{"rendered":"https:\/\/www.welovecycling.com\/hu\/?p=9796"},"modified":"2020-12-18T19:14:51","modified_gmt":"2020-12-18T18:14:51","slug":"a-ferfi-e-sport-bajnok-tudja-hogyan-kell-elviselni-a-fajdalmat","status":"publish","type":"post","link":"https:\/\/www.welovecycling.com\/hu\/kozosseg-es-kultura\/a-ferfi-e-sport-bajnok-tudja-hogyan-kell-elviselni-a-fajdalmat\/","title":{"rendered":"A f\u00e9rfi e-sport bajnok \u201etudja, hogyan kell elviselni a f\u00e1jdalmat\u201d"},"content":{"rendered":"<p><strong>Jason Osborne, az els\u0151 eSports Vil\u00e1gbajnoks\u00e1g nyertese teljes munkaid\u0151s \u00e1ll\u00e1sa mellett k\u00e9sz\u00fclt fel a versenyre. A titka, hogy tud szenvedni.<\/strong><!--more--><\/p>\n<p>Annak ellen\u00e9re, hogy sz\u00e1mos profi orsz\u00e1g\u00fatis is indult a f\u00e9rfi bajnoks\u00e1gon, k\u00f6zt\u00fck a brit Tom Pidcock a kor\u00e1bbi id\u0151m\u00e9r\u0151 vil\u00e1gbajnok, Victor Campenaerts, a n\u00e9met evez\u0151s, Osborne diadalmaskodott. A 26 \u00e9ves fiatalember, aki j\u00f6v\u0151re m\u00e1sodik olimpi\u00e1j\u00e1n vesz r\u00e9szt k\u00f6nny\u0171s\u00faly\u00fa k\u00e9tp\u00e1revez\u0151sk\u00e9nt, a Watopia k\u00f6rverseny utols\u00f3 emelked\u0151j\u00e9n lend\u00fclt t\u00e1mad\u00e1sba.<\/p>\n<figure id=\"attachment_9798\" aria-describedby=\"caption-attachment-9798\" style=\"width: 1000px\" class=\"wp-caption aligncenter\"><img loading=\"lazy\" decoding=\"async\" class=\"size-full wp-image-9798\" src=\"https:\/\/d2p6e6u75xmxt8.cloudfront.net\/12\/2020\/12\/DSC_5165.jpg\" alt=\"\" width=\"1000\" height=\"667\" srcset=\"https:\/\/d2p6e6u75xmxt8.cloudfront.net\/12\/2020\/12\/DSC_5165.jpg 1000w, https:\/\/d2p6e6u75xmxt8.cloudfront.net\/12\/2020\/12\/DSC_5165-300x200.jpg 300w, https:\/\/d2p6e6u75xmxt8.cloudfront.net\/12\/2020\/12\/DSC_5165-768x512.jpg 768w, https:\/\/d2p6e6u75xmxt8.cloudfront.net\/12\/2020\/12\/DSC_5165-272x182.jpg 272w\" sizes=\"auto, (max-width: 1000px) 100vw, 1000px\" \/><figcaption id=\"caption-attachment-9798\" class=\"wp-caption-text\">Jason Osborne. Fot\u00f3: Mainzer Ruder-Verein<\/figcaption><\/figure>\n<p><em>\u00a0<\/em>Gy\u0151zelme sokakat meglephetett, akik nem ismerik a Zwift eRacing programj\u00e1t, de az egykori evez\u0151 vil\u00e1gbajnok j\u00f3 form\u00e1ban van, kor\u00e1bban megnyerte az Alpe du&#8217;Huez virtu\u00e1lis emelked\u0151j\u00e9t, az Alpe du Zwift-et is.<\/p>\n<p><em>\u201eTudom, hogyan kell elviselni a f\u00e1jdalmat\u201d<\/em> \u2013nyilatkozta Osborne, miut\u00e1n \u00e1tvette els\u0151 sz\u00ednes trik\u00f3j\u00e1t. <em>\u201eEzt az er\u0151t az evez\u00e9sb\u0151l mer\u00edtettem \u00e9s a biciklin haszn\u00e1ltam fel, \u00e9s remek\u00fcl m\u0171k\u00f6d\u00f6tt! El\u00e9g sokat edzettem az elm\u00falt hetekben, \u00e9s a lehet\u0151 legjobb form\u00e1mat hoztam. Tudtam, hogy meglehet\u0151sen nyitott verseny lesz, \u00e9s sok es\u00e9lyes indul rajta.\u201d<\/em><\/p>\n<p><img loading=\"lazy\" decoding=\"async\" class=\"aligncenter size-full wp-image-9799\" src=\"https:\/\/d2p6e6u75xmxt8.cloudfront.net\/12\/2020\/12\/uci-worlds-header.jpg\" alt=\"\" width=\"1024\" height=\"614\" srcset=\"https:\/\/d2p6e6u75xmxt8.cloudfront.net\/12\/2020\/12\/uci-worlds-header.jpg 1024w, https:\/\/d2p6e6u75xmxt8.cloudfront.net\/12\/2020\/12\/uci-worlds-header-300x180.jpg 300w, https:\/\/d2p6e6u75xmxt8.cloudfront.net\/12\/2020\/12\/uci-worlds-header-768x461.jpg 768w\" sizes=\"auto, (max-width: 1024px) 100vw, 1024px\" \/><\/p>\n<p><em>\u201eA Zwift nem igaz\u00e1n hasonl\u00edthat\u00f3 \u00f6ssze a k\u00fclt\u00e9ri ker\u00e9kp\u00e1roz\u00e1ssal: itt annyi minden t\u00f6rt\u00e9nik, \u00e9s szuper tapasztalatokat lehet gy\u0171jteni!\u201d<\/em><\/p>\n<p>A verseny szoros volt, senki nem tudott eredm\u00e9nyes t\u00e1mad\u00e1st ind\u00edtani, \u00edgy lett es\u00e9lye Osborne-nak is a gy\u0151zelemre. <em>\u201eTudtam, hogy az utols\u00f3 80 m\u00e1sodperc kritikus fontoss\u00e1g\u00fa lesz, \u00e9s hogy j\u00f3l kell id\u0151z\u00edtenem. K\u00f6nnyen alakulhatott volna teljesen m\u00e1shogy a v\u00e9geredm\u00e9ny, a lehet\u0151s\u00e9g ott volt mindenkinek, hogy kit\u00f6rj\u00f6n. Fogalmam sem volt, mi fog t\u00f6rt\u00e9nni!\u201d<\/em><\/p>\n<p>A n\u0151i bajnoks\u00e1got Ashleigh Moolman Pasio nyerte meg, \u0151 is az utols\u00f3 kilom\u00e9teren t\u00e1madott. A d\u00e9l-afrikai versenyz\u0151 a verseny napj\u00e1n \u00fcnnepelte 35. sz\u00fclet\u00e9snapj\u00e1t!<\/p>\n<figure id=\"attachment_9800\" aria-describedby=\"caption-attachment-9800\" style=\"width: 525px\" class=\"wp-caption aligncenter\"><img loading=\"lazy\" decoding=\"async\" class=\"size-full wp-image-9800\" src=\"https:\/\/d2p6e6u75xmxt8.cloudfront.net\/12\/2020\/12\/1524060037.jpg\" alt=\"\" width=\"525\" height=\"380\" srcset=\"https:\/\/d2p6e6u75xmxt8.cloudfront.net\/12\/2020\/12\/1524060037.jpg 525w, https:\/\/d2p6e6u75xmxt8.cloudfront.net\/12\/2020\/12\/1524060037-300x217.jpg 300w\" sizes=\"auto, (max-width: 525px) 100vw, 525px\" \/><figcaption id=\"caption-attachment-9800\" class=\"wp-caption-text\">Ashleigh Moolman Pasio. Fot\u00f3: CyclingPub.com<\/figcaption><\/figure>\n<p><em>\u201eFantasztikus volt. Eddig nem rajongtam a virtu\u00e1lis ker\u00e9kp\u00e1roz\u00e1s\u00e9rt, de a bez\u00e1rts\u00e1g miatt beadtam a derekam, most pedig megnyertem a virtu\u00e1lis vil\u00e1gbajnokok mez\u00e9t &#8211; igaz\u00e1n b\u00fcszke vagyok erre!&#8221;<\/em><\/p>\n<p><em>Forr\u00e1s: <\/em><a href=\"https:\/\/www.cyclingweekly.com\/news\/latest-news\/rower-who-won-mens-esports-worlds-i-know-how-to-hurt-myself-a-lot-485445\"><em>cyclingweekly.com<\/em><\/a><\/p>\n","protected":false},"excerpt":{"rendered":"<p>Jason Osborne, az els\u0151 eSports Vil\u00e1gbajnoks\u00e1g nyertese teljes munkaid\u0151s \u00e1ll\u00e1sa mellett k\u00e9sz\u00fclt fel a versenyre. A titka, hogy tud szenvedni.<\/p>\n","protected":false},"author":71,"featured_media":9797,"comment_status":"open","ping_status":"open","sticky":false,"template":"","format":"standard","meta":{"footnotes":""},"categories":[12],"tags":[],"global-categories":[],"class_list":["post-9796","post","type-post","status-publish","format-standard","has-post-thumbnail","hentry","category-kozosseg-es-kultura"],"yoast_head":"<!-- This site is optimized with the Yoast SEO Premium plugin v25.3 (Yoast SEO v25.9) - https:\/\/yoast.com\/wordpress\/plugins\/seo\/ -->\n<title>A f\u00e9rfi e-sport bajnok \u201etudja, hogyan kell elviselni a f\u00e1jdalmat\u201d - \u0160koda We Love Cycling - Magyarorsz\u00e1g<\/title>\n<meta name=\"description\" content=\"Jason Osborne, az els\u0151 eSports Vil\u00e1gbajnoks\u00e1g nyertese teljes munkaid\u0151s \u00e1ll\u00e1sa mellett k\u00e9sz\u00fclt fel a versenyre. A titka, hogy tud szenvedni.\" \/>\n<meta name=\"robots\" content=\"index, follow, max-snippet:-1, max-image-preview:large, max-video-preview:-1\" \/>\n<link rel=\"canonical\" href=\"https:\/\/www.welovecycling.com\/hu\/kozosseg-es-kultura\/a-ferfi-e-sport-bajnok-tudja-hogyan-kell-elviselni-a-fajdalmat\/\" \/>\n<meta property=\"og:locale\" content=\"hu_HU\" \/>\n<meta property=\"og:type\" content=\"article\" \/>\n<meta property=\"og:title\" content=\"A f\u00e9rfi e-sport bajnok \u201etudja, hogyan kell elviselni a f\u00e1jdalmat\u201d\" \/>\n<meta property=\"og:description\" content=\"Jason Osborne, az els\u0151 eSports Vil\u00e1gbajnoks\u00e1g nyertese teljes munkaid\u0151s \u00e1ll\u00e1sa mellett k\u00e9sz\u00fclt fel a versenyre. A titka, hogy tud szenvedni.\" \/>\n<meta property=\"og:url\" content=\"https:\/\/www.welovecycling.com\/hu\/kozosseg-es-kultura\/a-ferfi-e-sport-bajnok-tudja-hogyan-kell-elviselni-a-fajdalmat\/\" \/>\n<meta property=\"og:site_name\" content=\"\u0160koda We Love Cycling - Magyarorsz\u00e1g\" \/>\n<meta property=\"article:publisher\" content=\"https:\/\/www.facebook.com\/WeLoveCyclingHungary\/\" \/>\n<meta property=\"article:published_time\" content=\"2020-12-26T07:00:39+00:00\" \/>\n<meta property=\"og:image\" content=\"https:\/\/d2p6e6u75xmxt8.cloudfront.net\/12\/2020\/12\/2020-12-09_155451276_clean-920x518-1.jpg\" \/>\n\t<meta property=\"og:image:width\" content=\"920\" \/>\n\t<meta property=\"og:image:height\" content=\"518\" \/>\n\t<meta property=\"og:image:type\" content=\"image\/jpeg\" \/>\n<meta name=\"author\" content=\"hegyizs\" \/>\n<meta name=\"twitter:card\" content=\"summary_large_image\" \/>\n<meta name=\"twitter:label1\" content=\"Written by\" \/>\n\t<meta name=\"twitter:data1\" content=\"WLC\" \/>\n\t<meta name=\"twitter:label2\" content=\"Est. reading time\" \/>\n\t<meta name=\"twitter:data2\" content=\"2 minutes\" \/>\n<script type=\"application\/ld+json\" class=\"yoast-schema-graph\">{\"@context\":\"https:\/\/schema.org\",\"@graph\":[{\"@type\":\"WebPage\",\"@id\":\"https:\/\/www.welovecycling.com\/hu\/kozosseg-es-kultura\/a-ferfi-e-sport-bajnok-tudja-hogyan-kell-elviselni-a-fajdalmat\/\",\"url\":\"https:\/\/www.welovecycling.com\/hu\/kozosseg-es-kultura\/a-ferfi-e-sport-bajnok-tudja-hogyan-kell-elviselni-a-fajdalmat\/\",\"name\":\"A f\u00e9rfi e-sport bajnok \u201etudja, hogyan kell elviselni a f\u00e1jdalmat\u201d - \u0160koda We Love Cycling - Magyarorsz\u00e1g\",\"isPartOf\":{\"@id\":\"https:\/\/www.welovecycling.com\/hu\/#website\"},\"primaryImageOfPage\":{\"@id\":\"https:\/\/www.welovecycling.com\/hu\/kozosseg-es-kultura\/a-ferfi-e-sport-bajnok-tudja-hogyan-kell-elviselni-a-fajdalmat\/#primaryimage\"},\"image\":{\"@id\":\"https:\/\/www.welovecycling.com\/hu\/kozosseg-es-kultura\/a-ferfi-e-sport-bajnok-tudja-hogyan-kell-elviselni-a-fajdalmat\/#primaryimage\"},\"thumbnailUrl\":\"https:\/\/d2p6e6u75xmxt8.cloudfront.net\/12\/2020\/12\/2020-12-09_155451276_clean-920x518-1.jpg\",\"datePublished\":\"2020-12-26T07:00:39+00:00\",\"author\":{\"@id\":\"https:\/\/www.welovecycling.com\/hu\/#\/schema\/person\/414a2aebf1801691a5320edb6468e194\"},\"description\":\"Jason Osborne, az els\u0151 eSports Vil\u00e1gbajnoks\u00e1g nyertese teljes munkaid\u0151s \u00e1ll\u00e1sa mellett k\u00e9sz\u00fclt fel a versenyre. A titka, hogy tud szenvedni.\",\"breadcrumb\":{\"@id\":\"https:\/\/www.welovecycling.com\/hu\/kozosseg-es-kultura\/a-ferfi-e-sport-bajnok-tudja-hogyan-kell-elviselni-a-fajdalmat\/#breadcrumb\"},\"inLanguage\":\"hu\",\"potentialAction\":[{\"@type\":\"ReadAction\",\"target\":[\"https:\/\/www.welovecycling.com\/hu\/kozosseg-es-kultura\/a-ferfi-e-sport-bajnok-tudja-hogyan-kell-elviselni-a-fajdalmat\/\"]}]},{\"@type\":\"ImageObject\",\"inLanguage\":\"hu\",\"@id\":\"https:\/\/www.welovecycling.com\/hu\/kozosseg-es-kultura\/a-ferfi-e-sport-bajnok-tudja-hogyan-kell-elviselni-a-fajdalmat\/#primaryimage\",\"url\":\"https:\/\/d2p6e6u75xmxt8.cloudfront.net\/12\/2020\/12\/2020-12-09_155451276_clean-920x518-1.jpg\",\"contentUrl\":\"https:\/\/d2p6e6u75xmxt8.cloudfront.net\/12\/2020\/12\/2020-12-09_155451276_clean-920x518-1.jpg\",\"width\":920,\"height\":518},{\"@type\":\"BreadcrumbList\",\"@id\":\"https:\/\/www.welovecycling.com\/hu\/kozosseg-es-kultura\/a-ferfi-e-sport-bajnok-tudja-hogyan-kell-elviselni-a-fajdalmat\/#breadcrumb\",\"itemListElement\":[{\"@type\":\"ListItem\",\"position\":1,\"name\":\"Home\",\"item\":\"https:\/\/www.welovecycling.com\/hu\/\"},{\"@type\":\"ListItem\",\"position\":2,\"name\":\"A f\u00e9rfi e-sport bajnok \u201etudja, hogyan kell elviselni a f\u00e1jdalmat\u201d\"}]},{\"@type\":\"WebSite\",\"@id\":\"https:\/\/www.welovecycling.com\/hu\/#website\",\"url\":\"https:\/\/www.welovecycling.com\/hu\/\",\"name\":\"\u0160koda We Love Cycling - Magyarorsz\u00e1g\",\"description\":\"\u0160koda WeLoveCycling\",\"potentialAction\":[{\"@type\":\"SearchAction\",\"target\":{\"@type\":\"EntryPoint\",\"urlTemplate\":\"https:\/\/www.welovecycling.com\/hu\/?s={search_term_string}\"},\"query-input\":{\"@type\":\"PropertyValueSpecification\",\"valueRequired\":true,\"valueName\":\"search_term_string\"}}],\"inLanguage\":\"hu\"},{\"@type\":\"Person\",\"@id\":\"https:\/\/www.welovecycling.com\/hu\/#\/schema\/person\/414a2aebf1801691a5320edb6468e194\",\"name\":\"hegyizs\",\"image\":{\"@type\":\"ImageObject\",\"inLanguage\":\"hu\",\"@id\":\"https:\/\/www.welovecycling.com\/hu\/#\/schema\/person\/image\/\",\"url\":\"https:\/\/secure.gravatar.com\/avatar\/02cf8a7906b8cf90cecb4679defac7cfd33a1c2e3b88e4903d947f3bb58eedd3?s=96&d=mm&r=g\",\"contentUrl\":\"https:\/\/secure.gravatar.com\/avatar\/02cf8a7906b8cf90cecb4679defac7cfd33a1c2e3b88e4903d947f3bb58eedd3?s=96&d=mm&r=g\",\"caption\":\"hegyizs\"},\"url\":\"https:\/\/www.welovecycling.com\/hu\/author\/hegyizs\/\"}]}<\/script>\n<!-- \/ Yoast SEO Premium plugin. -->","yoast_head_json":{"title":"A f\u00e9rfi e-sport bajnok \u201etudja, hogyan kell elviselni a f\u00e1jdalmat\u201d - \u0160koda We Love Cycling - Magyarorsz\u00e1g","description":"Jason Osborne, az els\u0151 eSports Vil\u00e1gbajnoks\u00e1g nyertese teljes munkaid\u0151s \u00e1ll\u00e1sa mellett k\u00e9sz\u00fclt fel a versenyre. A titka, hogy tud szenvedni.","robots":{"index":"index","follow":"follow","max-snippet":"max-snippet:-1","max-image-preview":"max-image-preview:large","max-video-preview":"max-video-preview:-1"},"canonical":"https:\/\/www.welovecycling.com\/hu\/kozosseg-es-kultura\/a-ferfi-e-sport-bajnok-tudja-hogyan-kell-elviselni-a-fajdalmat\/","og_locale":"hu_HU","og_type":"article","og_title":"A f\u00e9rfi e-sport bajnok \u201etudja, hogyan kell elviselni a f\u00e1jdalmat\u201d","og_description":"Jason Osborne, az els\u0151 eSports Vil\u00e1gbajnoks\u00e1g nyertese teljes munkaid\u0151s \u00e1ll\u00e1sa mellett k\u00e9sz\u00fclt fel a versenyre. A titka, hogy tud szenvedni.","og_url":"https:\/\/www.welovecycling.com\/hu\/kozosseg-es-kultura\/a-ferfi-e-sport-bajnok-tudja-hogyan-kell-elviselni-a-fajdalmat\/","og_site_name":"\u0160koda We Love Cycling - Magyarorsz\u00e1g","article_publisher":"https:\/\/www.facebook.com\/WeLoveCyclingHungary\/","article_published_time":"2020-12-26T07:00:39+00:00","og_image":[{"width":920,"height":518,"url":"https:\/\/d2p6e6u75xmxt8.cloudfront.net\/12\/2020\/12\/2020-12-09_155451276_clean-920x518-1.jpg","type":"image\/jpeg"}],"author":"hegyizs","twitter_card":"summary_large_image","twitter_misc":{"Written by":"WLC","Est. reading time":"2 minutes"},"schema":{"@context":"https:\/\/schema.org","@graph":[{"@type":"WebPage","@id":"https:\/\/www.welovecycling.com\/hu\/kozosseg-es-kultura\/a-ferfi-e-sport-bajnok-tudja-hogyan-kell-elviselni-a-fajdalmat\/","url":"https:\/\/www.welovecycling.com\/hu\/kozosseg-es-kultura\/a-ferfi-e-sport-bajnok-tudja-hogyan-kell-elviselni-a-fajdalmat\/","name":"A f\u00e9rfi e-sport bajnok \u201etudja, hogyan kell elviselni a f\u00e1jdalmat\u201d - \u0160koda We Love Cycling - Magyarorsz\u00e1g","isPartOf":{"@id":"https:\/\/www.welovecycling.com\/hu\/#website"},"primaryImageOfPage":{"@id":"https:\/\/www.welovecycling.com\/hu\/kozosseg-es-kultura\/a-ferfi-e-sport-bajnok-tudja-hogyan-kell-elviselni-a-fajdalmat\/#primaryimage"},"image":{"@id":"https:\/\/www.welovecycling.com\/hu\/kozosseg-es-kultura\/a-ferfi-e-sport-bajnok-tudja-hogyan-kell-elviselni-a-fajdalmat\/#primaryimage"},"thumbnailUrl":"https:\/\/d2p6e6u75xmxt8.cloudfront.net\/12\/2020\/12\/2020-12-09_155451276_clean-920x518-1.jpg","datePublished":"2020-12-26T07:00:39+00:00","author":{"@id":"https:\/\/www.welovecycling.com\/hu\/#\/schema\/person\/414a2aebf1801691a5320edb6468e194"},"description":"Jason Osborne, az els\u0151 eSports Vil\u00e1gbajnoks\u00e1g nyertese teljes munkaid\u0151s \u00e1ll\u00e1sa mellett k\u00e9sz\u00fclt fel a versenyre. A titka, hogy tud szenvedni.","breadcrumb":{"@id":"https:\/\/www.welovecycling.com\/hu\/kozosseg-es-kultura\/a-ferfi-e-sport-bajnok-tudja-hogyan-kell-elviselni-a-fajdalmat\/#breadcrumb"},"inLanguage":"hu","potentialAction":[{"@type":"ReadAction","target":["https:\/\/www.welovecycling.com\/hu\/kozosseg-es-kultura\/a-ferfi-e-sport-bajnok-tudja-hogyan-kell-elviselni-a-fajdalmat\/"]}]},{"@type":"ImageObject","inLanguage":"hu","@id":"https:\/\/www.welovecycling.com\/hu\/kozosseg-es-kultura\/a-ferfi-e-sport-bajnok-tudja-hogyan-kell-elviselni-a-fajdalmat\/#primaryimage","url":"https:\/\/d2p6e6u75xmxt8.cloudfront.net\/12\/2020\/12\/2020-12-09_155451276_clean-920x518-1.jpg","contentUrl":"https:\/\/d2p6e6u75xmxt8.cloudfront.net\/12\/2020\/12\/2020-12-09_155451276_clean-920x518-1.jpg","width":920,"height":518},{"@type":"BreadcrumbList","@id":"https:\/\/www.welovecycling.com\/hu\/kozosseg-es-kultura\/a-ferfi-e-sport-bajnok-tudja-hogyan-kell-elviselni-a-fajdalmat\/#breadcrumb","itemListElement":[{"@type":"ListItem","position":1,"name":"Home","item":"https:\/\/www.welovecycling.com\/hu\/"},{"@type":"ListItem","position":2,"name":"A f\u00e9rfi e-sport bajnok \u201etudja, hogyan kell elviselni a f\u00e1jdalmat\u201d"}]},{"@type":"WebSite","@id":"https:\/\/www.welovecycling.com\/hu\/#website","url":"https:\/\/www.welovecycling.com\/hu\/","name":"\u0160koda We Love Cycling - Magyarorsz\u00e1g","description":"\u0160koda WeLoveCycling","potentialAction":[{"@type":"SearchAction","target":{"@type":"EntryPoint","urlTemplate":"https:\/\/www.welovecycling.com\/hu\/?s={search_term_string}"},"query-input":{"@type":"PropertyValueSpecification","valueRequired":true,"valueName":"search_term_string"}}],"inLanguage":"hu"},{"@type":"Person","@id":"https:\/\/www.welovecycling.com\/hu\/#\/schema\/person\/414a2aebf1801691a5320edb6468e194","name":"hegyizs","image":{"@type":"ImageObject","inLanguage":"hu","@id":"https:\/\/www.welovecycling.com\/hu\/#\/schema\/person\/image\/","url":"https:\/\/secure.gravatar.com\/avatar\/02cf8a7906b8cf90cecb4679defac7cfd33a1c2e3b88e4903d947f3bb58eedd3?s=96&d=mm&r=g","contentUrl":"https:\/\/secure.gravatar.com\/avatar\/02cf8a7906b8cf90cecb4679defac7cfd33a1c2e3b88e4903d947f3bb58eedd3?s=96&d=mm&r=g","caption":"hegyizs"},"url":"https:\/\/www.welovecycling.com\/hu\/author\/hegyizs\/"}]}},"_links":{"self":[{"href":"https:\/\/www.welovecycling.com\/hu\/wp-json\/wp\/v2\/posts\/9796","targetHints":{"allow":["GET"]}}],"collection":[{"href":"https:\/\/www.welovecycling.com\/hu\/wp-json\/wp\/v2\/posts"}],"about":[{"href":"https:\/\/www.welovecycling.com\/hu\/wp-json\/wp\/v2\/types\/post"}],"author":[{"embeddable":true,"href":"https:\/\/www.welovecycling.com\/hu\/wp-json\/wp\/v2\/users\/71"}],"replies":[{"embeddable":true,"href":"https:\/\/www.welovecycling.com\/hu\/wp-json\/wp\/v2\/comments?post=9796"}],"version-history":[{"count":2,"href":"https:\/\/www.welovecycling.com\/hu\/wp-json\/wp\/v2\/posts\/9796\/revisions"}],"predecessor-version":[{"id":9802,"href":"https:\/\/www.welovecycling.com\/hu\/wp-json\/wp\/v2\/posts\/9796\/revisions\/9802"}],"wp:featuredmedia":[{"embeddable":true,"href":"https:\/\/www.welovecycling.com\/hu\/wp-json\/wp\/v2\/media\/9797"}],"wp:attachment":[{"href":"https:\/\/www.welovecycling.com\/hu\/wp-json\/wp\/v2\/media?parent=9796"}],"wp:term":[{"taxonomy":"category","embeddable":true,"href":"https:\/\/www.welovecycling.com\/hu\/wp-json\/wp\/v2\/categories?post=9796"},{"taxonomy":"post_tag","embeddable":true,"href":"https:\/\/www.welovecycling.com\/hu\/wp-json\/wp\/v2\/tags?post=9796"},{"taxonomy":"global-categories","embeddable":true,"href":"https:\/\/www.welovecycling.com\/hu\/wp-json\/wp\/v2\/global-categories?post=9796"}],"curies":[{"name":"wp","href":"https:\/\/api.w.org\/{rel}","templated":true}]}}