{"id":978,"date":"2018-06-06T15:16:29","date_gmt":"2018-06-06T15:16:29","guid":{"rendered":"https:\/\/www.welovecycling.com\/hu\/?p=978"},"modified":"2018-06-06T15:16:29","modified_gmt":"2018-06-06T15:16:29","slug":"interju-kralik-dani-aranyvilla-dijassal","status":"publish","type":"post","link":"https:\/\/www.welovecycling.com\/hu\/bmx\/interju-kralik-dani-aranyvilla-dijassal\/","title":{"rendered":"Interj\u00fa Kr\u00e1lik Dani Aranyvilla d\u00edjassal"},"content":{"rendered":"<p><strong>Tal\u00e1n egyetlen magyar BMX-esnek sem kell \u0151t bemutatni. De mi t\u00f6rt\u00e9nt vele az elm\u00falt t\u00f6bb mint 20 \u00e9vben, \u00e9s mit tan\u00e1csol azoknak, akik most kezdik a bring\u00e1z\u00e1st? Kr\u00e1lik Dani v\u00e1laszol.<\/strong><\/p>\n<h2><!--more--><\/h2>\n<h2>Mikor \u00e9s kinek a hat\u00e1s\u00e1ra kezdt\u00e9l BMX-ezni?<\/h2>\n<p>El\u00e9g k\u00e9s\u0151n, 18 \u00e9vesen, 1999. m\u00e1jus 5-\u00e9n gurultam el otthonr\u00f3l az els\u0151 igazi BMX-emmel. J\u00f6v\u0151re lesz 20 \u00e9ve. Akkoriban m\u00e1r nagyon sokat j\u00e1rtam a G\u00f6rzen\u00e1lba. Kiskoromban g\u00f6rkorival szalt\u00f3ztam, azt\u00e1n nagyf\u00e9lcs\u0151ben deszk\u00e1ztam, majd egy montival kezdtem el ugr\u00e1lni, ami mindig sz\u00e9tt\u00f6rt. Marics Tomi, Bak\u00f3 Viktor, Szab\u00f3 Laci, de f\u0151leg Csepku Dani hat\u00e1s\u00e1ra elkezdtem BMX-ezni. T\u0151l\u00fck kaptam mindenf\u00e9le alkatr\u00e9szt, amihez m\u00e1r csak egy h\u00e1ts\u00f3 kereket kellett vennem.<\/p>\n<p><a href=\"https:\/\/d2p6e6u75xmxt8.cloudfront.net\/12\/2018\/06\/kralik_dani_wlc-1.jpg\"><img loading=\"lazy\" decoding=\"async\" class=\"alignnone size-extra-large wp-image-982\" src=\"https:\/\/d2p6e6u75xmxt8.cloudfront.net\/12\/2018\/06\/kralik_dani_wlc-1-1920x1280.jpg\" alt=\"kralik-dani-wlc\" width=\"1920\" height=\"1280\" srcset=\"https:\/\/d2p6e6u75xmxt8.cloudfront.net\/12\/2018\/06\/kralik_dani_wlc-1-1920x1280.jpg 1920w, https:\/\/d2p6e6u75xmxt8.cloudfront.net\/12\/2018\/06\/kralik_dani_wlc-1-300x200.jpg 300w, https:\/\/d2p6e6u75xmxt8.cloudfront.net\/12\/2018\/06\/kralik_dani_wlc-1-768x512.jpg 768w, https:\/\/d2p6e6u75xmxt8.cloudfront.net\/12\/2018\/06\/kralik_dani_wlc-1-1024x682.jpg 1024w, https:\/\/d2p6e6u75xmxt8.cloudfront.net\/12\/2018\/06\/kralik_dani_wlc-1-272x182.jpg 272w, https:\/\/d2p6e6u75xmxt8.cloudfront.net\/12\/2018\/06\/kralik_dani_wlc-1.jpg 2000w, https:\/\/d2p6e6u75xmxt8.cloudfront.net\/12\/2018\/06\/kralik_dani_wlc-1-1920x1280.jpg 1920w\" sizes=\"auto, (max-width: 1920px) 100vw, 1920px\" \/><\/a><\/p>\n<h2>Volt p\u00e9ldak\u00e9ped akkoriban?<\/h2>\n<p>P\u00e9ldak\u00e9peim nem voltak, de ha v\u00e1laszthattam volna, a legelej\u00e9n Jimmy Levan, azt\u00e1n sok\u00e1ig ink\u00e1bb Taj Michelich lettem volna.<\/p>\n<h2>Mit jelentett akkor BMX-esnek lenni Magyarorsz\u00e1gon? Mennyiben v\u00e1ltozott az\u00f3ta a helyzet?<\/h2>\n<p>\u00c9n m\u00e1r nem a h\u0151skorban ker\u00fcltem bele a sportba. Amikor \u00e9n elkezdtem, az val\u00f3j\u00e1ban a renesz\u00e1nsz eleje volt. Okosabb, k\u00f6nnyebb, id\u0151vel m\u00e9g sokkal k\u00f6nnyebb bic\u00f3k voltak, \u00e9s m\u00e1r nem az extr\u00e9mit\u00e1s, ink\u00e1bb a st\u00edlus, az \u00faj\u00edt\u00e1s sz\u00e1m\u00edtott. B\u00e1r a mai sr\u00e1cok sz\u00e1m\u00e1ra m\u00e9g \u00edgy is d\u00edn\u00f3k vagyunk, akik t\u00fal\u00e9lt\u00e9k a j\u00e9gkorszakot, ma azokat a tr\u00fckk\u00f6ket csin\u00e1lj\u00e1k mind, amik akkor forrtak ki.<\/p>\n<h2>Milyen volt az els\u0151 bring\u00e1d?<\/h2>\n<p>Feh\u00e9r KHE Beater, Hoffmann villa, el\u00f6l Tioga Comp 3 racing gumi, b\u00e9zs oldalfallal \u00e9s egy 5 kil\u00f3s, t\u00f6m\u00f6r ac\u00e9l DNA hajt\u00f3karral. Szinte mindent Csepku Danit\u00f3l kaptam. Jimmy Levan &#8211; Church gap st\u00edlusban, feh\u00e9r v\u00e1z, minden m\u00e1s fekete.<\/p>\n<h2>Melyik tr\u00fckk\u00f6t tanultad meg el\u0151sz\u00f6r?<\/h2>\n<p>Egyl\u00e1bas. Mai napig a tr\u00fckkjeim k\u00e9tharmad\u00e1n\u00e1l leveszem a bal l\u00e1bam.<\/p>\n<h2>Melyik volt a legk\u00fcl\u00f6nlegesebb, legextr\u00e9mebb versenyed eddig?<\/h2>\n<p>A legextr\u00e9mebb tr\u00fckk\u00f6m az Action Days nev\u0171 one-hit-wonder rendezv\u00e9nyen t\u00f6rt\u00e9nt, ahol val\u00f3sz\u00edn\u0171leg eg\u00e9sz \u00e9letem legkomolyabb tr\u00fckkj\u00e9t adtam be, els\u0151re! N\u00e9h\u00e1ny OSG-n \u00e9reztem m\u00e9g, amit tal\u00e1n sehol m\u00e1shol. Volt olyan, hogy t\u00f6bb ezer ember kiab\u00e1lt, sik\u00edtott, tapsolt, mik\u00f6zben bic\u00f3ztam, iszony\u00fa inspir\u00e1l\u00f3 volt. Mint valami drog, olyan volt. Egy id\u0151ben el\u00e9g sz\u00e9pen \u00e9s robban\u00e9konyan bicikliztem, de sosem voltam az, aki a legt\u00f6bbet p\u00f6rgeti, forgatja. A versenyeken \u00f6sszesen k\u00e9tszer nyertem, OSG-n pedig egyszer \u00e1lltam a dobog\u00f3 legalj\u00e1n, de nekem ez b\u0151ven el\u00e9g volt. N\u00e9h\u00e1ny \u00e9vvel ezel\u0151tt annyira j\u00f3t bicikliztem a Ride Festen, hogy amikor elszakadt a t\u00e9rdszalagom a nap v\u00e9g\u00e9n, \u00fagy \u00e9reztem, m\u00e9g \u00edgy is meg\u00e9rte, \u00e9s ez a mai napig nem v\u00e1ltozott, eddigi \u00e9letem egyik legjobb napja volt.<\/p>\n<p><a href=\"https:\/\/d2p6e6u75xmxt8.cloudfront.net\/12\/2018\/06\/kralik_dani_wlc-4.jpg\"><img loading=\"lazy\" decoding=\"async\" class=\"alignnone size-extra-large wp-image-983\" src=\"https:\/\/d2p6e6u75xmxt8.cloudfront.net\/12\/2018\/06\/kralik_dani_wlc-4-1920x1280.jpg\" alt=\"kralik-dani-wlc\" width=\"1920\" height=\"1280\" srcset=\"https:\/\/d2p6e6u75xmxt8.cloudfront.net\/12\/2018\/06\/kralik_dani_wlc-4-1920x1280.jpg 1920w, https:\/\/d2p6e6u75xmxt8.cloudfront.net\/12\/2018\/06\/kralik_dani_wlc-4-300x200.jpg 300w, https:\/\/d2p6e6u75xmxt8.cloudfront.net\/12\/2018\/06\/kralik_dani_wlc-4-768x512.jpg 768w, https:\/\/d2p6e6u75xmxt8.cloudfront.net\/12\/2018\/06\/kralik_dani_wlc-4-1024x682.jpg 1024w, https:\/\/d2p6e6u75xmxt8.cloudfront.net\/12\/2018\/06\/kralik_dani_wlc-4-272x182.jpg 272w, https:\/\/d2p6e6u75xmxt8.cloudfront.net\/12\/2018\/06\/kralik_dani_wlc-4.jpg 2000w, https:\/\/d2p6e6u75xmxt8.cloudfront.net\/12\/2018\/06\/kralik_dani_wlc-4-1920x1280.jpg 1920w\" sizes=\"auto, (max-width: 1920px) 100vw, 1920px\" \/><\/a><\/p>\n<h2>Mire vagy a legb\u00fcszk\u00e9bb, amit a magyar BMX-es \u00e9let fejl\u0151d\u00e9s\u00e9\u00e9rt tett\u00e9l, el\u00e9rt\u00e9l? Mik a legk\u00f6zelebbi j\u00f6v\u0151beni terveid?<\/h2>\n<p>Rengeteg filmet csin\u00e1ltunk Marics &#8220;NIKE&#8221; Tam\u00e1ssal, ami akkoriban nagyon sokat jelentett az eg\u00e9sz orsz\u00e1g BMX-es fejl\u0151d\u00e9s\u00e9ben. Sok munk\u00e1nk volt benne. K\u00e9s\u0151bb j\u00f6ttek a p\u00e1lya \u00e9p\u00edt\u00e9sek, ebb\u0151l a kecskem\u00e9ti RCR Dirtre vagyok a legb\u00fcszk\u00e9bb. Ezen k\u00edv\u00fcl el\u00e9g sok sr\u00e1cnak szereztem t\u00e1mogat\u00f3t, vagy ha \u00e9pp azt nem tudtam, akkor csak egy-k\u00e9t p\u00e1r cip\u0151t. Pr\u00f3b\u00e1ltam mindig mindent megtenni az\u00e9rt, hogy a karmikus energi\u00e1kat ne blokkoljam.<\/p>\n<p>Jelenleg nagyon b\u00fcszke vagyok, hogy lehet\u0151s\u00e9gem van r\u00e9szt venni a magyar BMX Olimpi\u00e1ra val\u00f3 felk\u00e9sz\u00fcl\u00e9s\u00e9ben a BMX Freestyle Hungary keretein bel\u00fcl. Sajnos nincs m\u00e9g r\u00e1 el\u00e9g id\u0151m, hogy eleget tegyek, de tal\u00e1n ez is fog v\u00e1ltozni a j\u00f6v\u0151ben.<\/p>\n<h2>Gondolkodt\u00e1l valaha k\u00fclf\u00f6ldi karrieren?<\/h2>\n<p>Persze, rengetegszer. Az \u00e9n fajt\u00e1mnak, akit nem a versenyz\u00e9s, sokkal ink\u00e1bb a vide\u00f3k, fot\u00f3k adnak el, nincs neh\u00e9z dolga, ha besz\u00e9lnek angolul, k\u00f6nnyen bar\u00e1tkoznak \u00e9s van legal\u00e1bb egy l\u00e1tv\u00e1nyos tr\u00fckkj\u00fck, amit m\u00e1s nem csin\u00e1l. Nekem ezek pont mindig megvoltak, ez\u00e9rt gyakran j\u00e1tszottam a gondolattal, de v\u00e9g\u00fcl mindig gy\u0151z\u00f6tt az otthonunk. Im\u00e1dom az orsz\u00e1got, amiben \u00e9l\u00fcnk, \u00e9s mivel mindig j\u00f3l \u00e9reztem magam a b\u0151r\u00f6mben, nem tudtam, nem is akartam elszakadni.<\/p>\n<h2>Mit tan\u00e1csolsz azoknak, akik most kezdik a sportot?<\/h2>\n<p>Ha teljesen kezd\u0151k, akkor d\u00f6ntsenek: ha csin\u00e1lj\u00e1k, akkor 3 \u00e9vig ne legyenek nagy elv\u00e1r\u00e1saik, a t\u00f6bbi ut\u00e1na j\u00f6n mag\u00e1t\u00f3l. Amit pedig mindenkinek javaslok, hogy tanuljanak meg bemeleg\u00edteni, ny\u00fajtani \u00e9s funkcion\u00e1lisan edzeni. J\u00f3 lett volna, ha valaki ezt anno nekem is mondta volna, akkor tal\u00e1n kevesebbet kellett volna pihennem t\u00e9rd, boka \u00e9s a t\u00f6bbi s\u00e9r\u00fcl\u00e9s miatt.<\/p>\n<h2>Mit jelent sz\u00e1modra a BMX?<\/h2>\n<p>Az els\u0151 olyan kih\u00edv\u00e1st, amit soha nem tudtam legy\u0151zni annyira, hogy megunjam.<\/p>\n<p><a href=\"https:\/\/d2p6e6u75xmxt8.cloudfront.net\/12\/2018\/06\/kralik_dani_wlc-3.jpg\"><img loading=\"lazy\" decoding=\"async\" class=\"alignnone size-extra-large wp-image-984\" src=\"https:\/\/d2p6e6u75xmxt8.cloudfront.net\/12\/2018\/06\/kralik_dani_wlc-3-1920x1280.jpg\" alt=\"kralik-dani-wlc\" width=\"1920\" height=\"1280\" srcset=\"https:\/\/d2p6e6u75xmxt8.cloudfront.net\/12\/2018\/06\/kralik_dani_wlc-3-1920x1280.jpg 1920w, https:\/\/d2p6e6u75xmxt8.cloudfront.net\/12\/2018\/06\/kralik_dani_wlc-3-300x200.jpg 300w, https:\/\/d2p6e6u75xmxt8.cloudfront.net\/12\/2018\/06\/kralik_dani_wlc-3-768x512.jpg 768w, https:\/\/d2p6e6u75xmxt8.cloudfront.net\/12\/2018\/06\/kralik_dani_wlc-3-1024x682.jpg 1024w, https:\/\/d2p6e6u75xmxt8.cloudfront.net\/12\/2018\/06\/kralik_dani_wlc-3-272x182.jpg 272w, https:\/\/d2p6e6u75xmxt8.cloudfront.net\/12\/2018\/06\/kralik_dani_wlc-3.jpg 2000w, https:\/\/d2p6e6u75xmxt8.cloudfront.net\/12\/2018\/06\/kralik_dani_wlc-3-1920x1280.jpg 1920w\" sizes=\"auto, (max-width: 1920px) 100vw, 1920px\" \/><\/a><\/p>\n<h2>Ha nem BMX \u00e9s nem fot\u00f3z\u00e1s, akkor hogyan szokt\u00e1l kikapcsol\u00f3dni?<\/h2>\n<p>Optim\u00e1lis esetben euf\u00f3ri\u00e1t keresek a snowboardommal, lehet\u0151leg sz\u0171zhavas lejt\u0151k\u00f6n, vagy a sz\u00f6rfdeszk\u00e1mmal valami k\u00f6zepesen er\u0151s, fejmagas \u00e9s nagyon tiszta hull\u00e1mon.<\/p>\n<h2><strong>Quick and dirty<\/strong><\/h2>\n<p><strong><em>Dirt vagy park?<\/em><\/strong><\/p>\n<p>Trails.<\/p>\n<p><strong><em>St\u00edlus vagy tr\u00fckk?<\/em><\/strong><\/p>\n<p>St\u00edlus.<\/p>\n<p><strong><em>V\u00e9d\u0151felszerel\u00e9ssel vagy an\u00e9lk\u00fcl?<\/em><\/strong><\/p>\n<p>Buk\u00f3sisakban.<\/p>\n<p><strong><em>F\u00e9kkel vagy f\u00e9k n\u00e9lk\u00fcl?<\/em><\/strong><\/p>\n<p>7 \u00e9ve f\u00e9k n\u00e9lk\u00fcl, de lassan visszarakom.<\/p>\n<p><strong><em>Fot\u00f3z\u00e1s vagy vide\u00f3z\u00e1s?<\/em><\/strong><\/p>\n<p>Fot\u00f3z\u00e1s\/rendez\u00e9s.<\/p>\n<p><strong><em>K\u00e1v\u00e9 vagy energiaital? <\/em><\/strong><\/p>\n<p>V\u00edz.<\/p>\n<p><strong><em>Budapest vagy vid\u00e9k?<\/em><\/strong><\/p>\n<p>Budapest \u00e9s Kiskunmajsa.<\/p>\n<p><strong><em>Verseny vagy fun?<\/em><\/strong><\/p>\n<p>Verseny egy fun p\u00e1ly\u00e1n!<\/p>\n<p><strong><em>Sz\u00f6rf vagy snowboard?<\/em><\/strong><\/p>\n<p>V\u00e1gy vagy realit\u00e1s\u2026<\/p>\n<p><strong><em>Kamera el\u0151tt vagy kamera m\u00f6g\u00f6tt?<\/em><\/strong><\/p>\n<p>Chuck Norris.<\/p>\n<p><strong>Kedvencek<\/strong><\/p>\n<p>Vide\u00f3:<\/p>\n<div class=\"embed-controller-wrapper\">\n<div class=\"embed-wrapper\"><iframe title=\"Ride.hu 2004 - Ultralight?\" data-src=\"https:\/\/player.vimeo.com\/video\/15023946?dnt=1&amp;app_id=122963\" width=\"500\" height=\"400\" frameborder=\"0\" allow=\"autoplay; fullscreen; picture-in-picture; clipboard-write\"><\/iframe><\/div>\n<\/div>\n<ul>\n<li>Film: The Royal Tenenbaums<\/li>\n<li>Hazai spot: Sajnos ezt nem \u00edrhatom le.<\/li>\n<li>K\u00fclf\u00f6ldi spot: Les Bourdaines \/ La sud<\/li>\n<li>Verseny: Ride Fest<\/li>\n<li>Tr\u00fckk: B\u00e1rmi l\u00e9gies. Tal\u00e1n egy nullkezes vagy 360.<\/li>\n<li>Hazai rider &#8211; Tur\u00e1nyi R\u00f3me\u00f3, Becsei \u00c1d\u00e1m, Vukman M\u00e1rk<\/li>\n<li>K\u00fclf\u00f6ldi rider &#8211; Dennis Enarson<\/li>\n<\/ul>\n","protected":false},"excerpt":{"rendered":"<p>Tal\u00e1n egyetlen magyar BMX-esnek sem kell \u0151t bemutatni. De mi t\u00f6rt\u00e9nt vele az elm\u00falt t\u00f6bb mint 20 \u00e9vben, \u00e9s mit [&hellip;]<\/p>\n","protected":false},"author":71,"featured_media":980,"comment_status":"open","ping_status":"open","sticky":false,"template":"","format":"standard","meta":{"footnotes":""},"categories":[66],"tags":[55,17,71,28,27,75],"global-categories":[],"class_list":["post-978","post","type-post","status-publish","format-standard","has-post-thumbnail","hentry","category-bmx","tag-aranyvilla-dij","tag-bicikli","tag-bmx","tag-kerekpar-blog","tag-kerekpar-magazin","tag-kralik-dani"],"yoast_head":"<!-- This site is optimized with the Yoast SEO Premium plugin v25.3 (Yoast SEO v25.9) - https:\/\/yoast.com\/wordpress\/plugins\/seo\/ -->\n<title>Interj\u00fa Kr\u00e1lik Dani Aranyvilla d\u00edjassal - \u0160koda We Love Cycling - Magyarorsz\u00e1g<\/title>\n<meta name=\"description\" content=\"Tal\u00e1n egyetlen magyar BMX-esnek sem kell \u0151t bemutatni. De mi t\u00f6rt\u00e9nt vele az elm\u00falt t\u00f6bb mint 20 \u00e9vben, \u00e9s mit tan\u00e1csol azoknak, akik most kezdik a bring\u00e1z\u00e1st? Interj\u00fa.\" \/>\n<meta name=\"robots\" content=\"index, follow, max-snippet:-1, max-image-preview:large, max-video-preview:-1\" \/>\n<link rel=\"canonical\" href=\"https:\/\/www.welovecycling.com\/hu\/bmx\/interju-kralik-dani-aranyvilla-dijassal\/\" \/>\n<meta property=\"og:locale\" content=\"hu_HU\" \/>\n<meta property=\"og:type\" content=\"article\" \/>\n<meta property=\"og:title\" content=\"Interj\u00fa Kr\u00e1lik Dani Aranyvilla d\u00edjassal\" \/>\n<meta property=\"og:description\" content=\"Tal\u00e1n egyetlen magyar BMX-esnek sem kell \u0151t bemutatni. De mi t\u00f6rt\u00e9nt vele az elm\u00falt t\u00f6bb mint 20 \u00e9vben, \u00e9s mit tan\u00e1csol azoknak, akik most kezdik a bring\u00e1z\u00e1st? Interj\u00fa.\" \/>\n<meta property=\"og:url\" content=\"https:\/\/www.welovecycling.com\/hu\/bmx\/interju-kralik-dani-aranyvilla-dijassal\/\" \/>\n<meta property=\"og:site_name\" content=\"\u0160koda We Love Cycling - Magyarorsz\u00e1g\" \/>\n<meta property=\"article:publisher\" content=\"https:\/\/www.facebook.com\/WeLoveCyclingHungary\/\" \/>\n<meta property=\"article:published_time\" content=\"2018-06-06T15:16:29+00:00\" \/>\n<meta property=\"og:image\" content=\"https:\/\/d2p6e6u75xmxt8.cloudfront.net\/12\/2018\/06\/kralik_dani_wlc-2.jpg\" \/>\n\t<meta property=\"og:image:width\" content=\"2000\" \/>\n\t<meta property=\"og:image:height\" content=\"1333\" \/>\n\t<meta property=\"og:image:type\" content=\"image\/jpeg\" \/>\n<meta name=\"author\" content=\"hegyizs\" \/>\n<meta name=\"twitter:card\" content=\"summary_large_image\" \/>\n<meta name=\"twitter:label1\" content=\"Written by\" \/>\n\t<meta name=\"twitter:data1\" content=\"hegyizs\" \/>\n\t<meta name=\"twitter:label2\" content=\"Est. reading time\" \/>\n\t<meta name=\"twitter:data2\" content=\"6 minutes\" \/>\n<script type=\"application\/ld+json\" class=\"yoast-schema-graph\">{\"@context\":\"https:\/\/schema.org\",\"@graph\":[{\"@type\":\"WebPage\",\"@id\":\"https:\/\/www.welovecycling.com\/hu\/bmx\/interju-kralik-dani-aranyvilla-dijassal\/\",\"url\":\"https:\/\/www.welovecycling.com\/hu\/bmx\/interju-kralik-dani-aranyvilla-dijassal\/\",\"name\":\"Interj\u00fa Kr\u00e1lik Dani Aranyvilla d\u00edjassal - \u0160koda We Love Cycling - Magyarorsz\u00e1g\",\"isPartOf\":{\"@id\":\"https:\/\/www.welovecycling.com\/hu\/#website\"},\"primaryImageOfPage\":{\"@id\":\"https:\/\/www.welovecycling.com\/hu\/bmx\/interju-kralik-dani-aranyvilla-dijassal\/#primaryimage\"},\"image\":{\"@id\":\"https:\/\/www.welovecycling.com\/hu\/bmx\/interju-kralik-dani-aranyvilla-dijassal\/#primaryimage\"},\"thumbnailUrl\":\"https:\/\/d2p6e6u75xmxt8.cloudfront.net\/12\/2018\/06\/kralik_dani_wlc-2.jpg\",\"datePublished\":\"2018-06-06T15:16:29+00:00\",\"author\":{\"@id\":\"https:\/\/www.welovecycling.com\/hu\/#\/schema\/person\/414a2aebf1801691a5320edb6468e194\"},\"description\":\"Tal\u00e1n egyetlen magyar BMX-esnek sem kell \u0151t bemutatni. De mi t\u00f6rt\u00e9nt vele az elm\u00falt t\u00f6bb mint 20 \u00e9vben, \u00e9s mit tan\u00e1csol azoknak, akik most kezdik a bring\u00e1z\u00e1st? Interj\u00fa.\",\"breadcrumb\":{\"@id\":\"https:\/\/www.welovecycling.com\/hu\/bmx\/interju-kralik-dani-aranyvilla-dijassal\/#breadcrumb\"},\"inLanguage\":\"hu\",\"potentialAction\":[{\"@type\":\"ReadAction\",\"target\":[\"https:\/\/www.welovecycling.com\/hu\/bmx\/interju-kralik-dani-aranyvilla-dijassal\/\"]}]},{\"@type\":\"ImageObject\",\"inLanguage\":\"hu\",\"@id\":\"https:\/\/www.welovecycling.com\/hu\/bmx\/interju-kralik-dani-aranyvilla-dijassal\/#primaryimage\",\"url\":\"https:\/\/d2p6e6u75xmxt8.cloudfront.net\/12\/2018\/06\/kralik_dani_wlc-2.jpg\",\"contentUrl\":\"https:\/\/d2p6e6u75xmxt8.cloudfront.net\/12\/2018\/06\/kralik_dani_wlc-2.jpg\",\"width\":2000,\"height\":1333,\"caption\":\"kralik-dani-wlc\"},{\"@type\":\"BreadcrumbList\",\"@id\":\"https:\/\/www.welovecycling.com\/hu\/bmx\/interju-kralik-dani-aranyvilla-dijassal\/#breadcrumb\",\"itemListElement\":[{\"@type\":\"ListItem\",\"position\":1,\"name\":\"Home\",\"item\":\"https:\/\/www.welovecycling.com\/hu\/\"},{\"@type\":\"ListItem\",\"position\":2,\"name\":\"Interj\u00fa Kr\u00e1lik Dani Aranyvilla d\u00edjassal\"}]},{\"@type\":\"WebSite\",\"@id\":\"https:\/\/www.welovecycling.com\/hu\/#website\",\"url\":\"https:\/\/www.welovecycling.com\/hu\/\",\"name\":\"\u0160koda We Love Cycling - Magyarorsz\u00e1g\",\"description\":\"\u0160koda WeLoveCycling\",\"potentialAction\":[{\"@type\":\"SearchAction\",\"target\":{\"@type\":\"EntryPoint\",\"urlTemplate\":\"https:\/\/www.welovecycling.com\/hu\/?s={search_term_string}\"},\"query-input\":{\"@type\":\"PropertyValueSpecification\",\"valueRequired\":true,\"valueName\":\"search_term_string\"}}],\"inLanguage\":\"hu\"},{\"@type\":\"Person\",\"@id\":\"https:\/\/www.welovecycling.com\/hu\/#\/schema\/person\/414a2aebf1801691a5320edb6468e194\",\"name\":\"hegyizs\",\"image\":{\"@type\":\"ImageObject\",\"inLanguage\":\"hu\",\"@id\":\"https:\/\/www.welovecycling.com\/hu\/#\/schema\/person\/image\/\",\"url\":\"https:\/\/secure.gravatar.com\/avatar\/02cf8a7906b8cf90cecb4679defac7cfd33a1c2e3b88e4903d947f3bb58eedd3?s=96&d=mm&r=g\",\"contentUrl\":\"https:\/\/secure.gravatar.com\/avatar\/02cf8a7906b8cf90cecb4679defac7cfd33a1c2e3b88e4903d947f3bb58eedd3?s=96&d=mm&r=g\",\"caption\":\"hegyizs\"},\"url\":\"https:\/\/www.welovecycling.com\/hu\/author\/hegyizs\/\"}]}<\/script>\n<!-- \/ Yoast SEO Premium plugin. -->","yoast_head_json":{"title":"Interj\u00fa Kr\u00e1lik Dani Aranyvilla d\u00edjassal - \u0160koda We Love Cycling - Magyarorsz\u00e1g","description":"Tal\u00e1n egyetlen magyar BMX-esnek sem kell \u0151t bemutatni. De mi t\u00f6rt\u00e9nt vele az elm\u00falt t\u00f6bb mint 20 \u00e9vben, \u00e9s mit tan\u00e1csol azoknak, akik most kezdik a bring\u00e1z\u00e1st? Interj\u00fa.","robots":{"index":"index","follow":"follow","max-snippet":"max-snippet:-1","max-image-preview":"max-image-preview:large","max-video-preview":"max-video-preview:-1"},"canonical":"https:\/\/www.welovecycling.com\/hu\/bmx\/interju-kralik-dani-aranyvilla-dijassal\/","og_locale":"hu_HU","og_type":"article","og_title":"Interj\u00fa Kr\u00e1lik Dani Aranyvilla d\u00edjassal","og_description":"Tal\u00e1n egyetlen magyar BMX-esnek sem kell \u0151t bemutatni. De mi t\u00f6rt\u00e9nt vele az elm\u00falt t\u00f6bb mint 20 \u00e9vben, \u00e9s mit tan\u00e1csol azoknak, akik most kezdik a bring\u00e1z\u00e1st? Interj\u00fa.","og_url":"https:\/\/www.welovecycling.com\/hu\/bmx\/interju-kralik-dani-aranyvilla-dijassal\/","og_site_name":"\u0160koda We Love Cycling - Magyarorsz\u00e1g","article_publisher":"https:\/\/www.facebook.com\/WeLoveCyclingHungary\/","article_published_time":"2018-06-06T15:16:29+00:00","og_image":[{"width":2000,"height":1333,"url":"https:\/\/d2p6e6u75xmxt8.cloudfront.net\/12\/2018\/06\/kralik_dani_wlc-2.jpg","type":"image\/jpeg"}],"author":"hegyizs","twitter_card":"summary_large_image","twitter_misc":{"Written by":"hegyizs","Est. reading time":"6 minutes"},"schema":{"@context":"https:\/\/schema.org","@graph":[{"@type":"WebPage","@id":"https:\/\/www.welovecycling.com\/hu\/bmx\/interju-kralik-dani-aranyvilla-dijassal\/","url":"https:\/\/www.welovecycling.com\/hu\/bmx\/interju-kralik-dani-aranyvilla-dijassal\/","name":"Interj\u00fa Kr\u00e1lik Dani Aranyvilla d\u00edjassal - \u0160koda We Love Cycling - Magyarorsz\u00e1g","isPartOf":{"@id":"https:\/\/www.welovecycling.com\/hu\/#website"},"primaryImageOfPage":{"@id":"https:\/\/www.welovecycling.com\/hu\/bmx\/interju-kralik-dani-aranyvilla-dijassal\/#primaryimage"},"image":{"@id":"https:\/\/www.welovecycling.com\/hu\/bmx\/interju-kralik-dani-aranyvilla-dijassal\/#primaryimage"},"thumbnailUrl":"https:\/\/d2p6e6u75xmxt8.cloudfront.net\/12\/2018\/06\/kralik_dani_wlc-2.jpg","datePublished":"2018-06-06T15:16:29+00:00","author":{"@id":"https:\/\/www.welovecycling.com\/hu\/#\/schema\/person\/414a2aebf1801691a5320edb6468e194"},"description":"Tal\u00e1n egyetlen magyar BMX-esnek sem kell \u0151t bemutatni. De mi t\u00f6rt\u00e9nt vele az elm\u00falt t\u00f6bb mint 20 \u00e9vben, \u00e9s mit tan\u00e1csol azoknak, akik most kezdik a bring\u00e1z\u00e1st? Interj\u00fa.","breadcrumb":{"@id":"https:\/\/www.welovecycling.com\/hu\/bmx\/interju-kralik-dani-aranyvilla-dijassal\/#breadcrumb"},"inLanguage":"hu","potentialAction":[{"@type":"ReadAction","target":["https:\/\/www.welovecycling.com\/hu\/bmx\/interju-kralik-dani-aranyvilla-dijassal\/"]}]},{"@type":"ImageObject","inLanguage":"hu","@id":"https:\/\/www.welovecycling.com\/hu\/bmx\/interju-kralik-dani-aranyvilla-dijassal\/#primaryimage","url":"https:\/\/d2p6e6u75xmxt8.cloudfront.net\/12\/2018\/06\/kralik_dani_wlc-2.jpg","contentUrl":"https:\/\/d2p6e6u75xmxt8.cloudfront.net\/12\/2018\/06\/kralik_dani_wlc-2.jpg","width":2000,"height":1333,"caption":"kralik-dani-wlc"},{"@type":"BreadcrumbList","@id":"https:\/\/www.welovecycling.com\/hu\/bmx\/interju-kralik-dani-aranyvilla-dijassal\/#breadcrumb","itemListElement":[{"@type":"ListItem","position":1,"name":"Home","item":"https:\/\/www.welovecycling.com\/hu\/"},{"@type":"ListItem","position":2,"name":"Interj\u00fa Kr\u00e1lik Dani Aranyvilla d\u00edjassal"}]},{"@type":"WebSite","@id":"https:\/\/www.welovecycling.com\/hu\/#website","url":"https:\/\/www.welovecycling.com\/hu\/","name":"\u0160koda We Love Cycling - Magyarorsz\u00e1g","description":"\u0160koda WeLoveCycling","potentialAction":[{"@type":"SearchAction","target":{"@type":"EntryPoint","urlTemplate":"https:\/\/www.welovecycling.com\/hu\/?s={search_term_string}"},"query-input":{"@type":"PropertyValueSpecification","valueRequired":true,"valueName":"search_term_string"}}],"inLanguage":"hu"},{"@type":"Person","@id":"https:\/\/www.welovecycling.com\/hu\/#\/schema\/person\/414a2aebf1801691a5320edb6468e194","name":"hegyizs","image":{"@type":"ImageObject","inLanguage":"hu","@id":"https:\/\/www.welovecycling.com\/hu\/#\/schema\/person\/image\/","url":"https:\/\/secure.gravatar.com\/avatar\/02cf8a7906b8cf90cecb4679defac7cfd33a1c2e3b88e4903d947f3bb58eedd3?s=96&d=mm&r=g","contentUrl":"https:\/\/secure.gravatar.com\/avatar\/02cf8a7906b8cf90cecb4679defac7cfd33a1c2e3b88e4903d947f3bb58eedd3?s=96&d=mm&r=g","caption":"hegyizs"},"url":"https:\/\/www.welovecycling.com\/hu\/author\/hegyizs\/"}]}},"_links":{"self":[{"href":"https:\/\/www.welovecycling.com\/hu\/wp-json\/wp\/v2\/posts\/978","targetHints":{"allow":["GET"]}}],"collection":[{"href":"https:\/\/www.welovecycling.com\/hu\/wp-json\/wp\/v2\/posts"}],"about":[{"href":"https:\/\/www.welovecycling.com\/hu\/wp-json\/wp\/v2\/types\/post"}],"author":[{"embeddable":true,"href":"https:\/\/www.welovecycling.com\/hu\/wp-json\/wp\/v2\/users\/71"}],"replies":[{"embeddable":true,"href":"https:\/\/www.welovecycling.com\/hu\/wp-json\/wp\/v2\/comments?post=978"}],"version-history":[{"count":2,"href":"https:\/\/www.welovecycling.com\/hu\/wp-json\/wp\/v2\/posts\/978\/revisions"}],"predecessor-version":[{"id":987,"href":"https:\/\/www.welovecycling.com\/hu\/wp-json\/wp\/v2\/posts\/978\/revisions\/987"}],"wp:featuredmedia":[{"embeddable":true,"href":"https:\/\/www.welovecycling.com\/hu\/wp-json\/wp\/v2\/media\/980"}],"wp:attachment":[{"href":"https:\/\/www.welovecycling.com\/hu\/wp-json\/wp\/v2\/media?parent=978"}],"wp:term":[{"taxonomy":"category","embeddable":true,"href":"https:\/\/www.welovecycling.com\/hu\/wp-json\/wp\/v2\/categories?post=978"},{"taxonomy":"post_tag","embeddable":true,"href":"https:\/\/www.welovecycling.com\/hu\/wp-json\/wp\/v2\/tags?post=978"},{"taxonomy":"global-categories","embeddable":true,"href":"https:\/\/www.welovecycling.com\/hu\/wp-json\/wp\/v2\/global-categories?post=978"}],"curies":[{"name":"wp","href":"https:\/\/api.w.org\/{rel}","templated":true}]}}