{"id":9757,"date":"2020-12-21T08:00:02","date_gmt":"2020-12-21T07:00:02","guid":{"rendered":"https:\/\/www.welovecycling.com\/hu\/?p=9757"},"modified":"2020-12-18T19:12:18","modified_gmt":"2020-12-18T18:12:18","slug":"5-tipp-ami-mindenkinel-mukodik-feherjebevitel","status":"publish","type":"post","link":"https:\/\/www.welovecycling.com\/hu\/edzes-es-eletmod\/5-tipp-ami-mindenkinel-mukodik-feherjebevitel\/","title":{"rendered":"5 tipp, ami mindenkin\u00e9l m\u0171k\u00f6dik \u2013 Feh\u00e9rjebevitel"},"content":{"rendered":"<p><strong>Nagyon sokat hallunk manaps\u00e1g a feh\u00e9rj\u00e9kr\u0151l, \u00fagy t\u0171nik, minden eg\u00e9szs\u00e9ges term\u00e9k tele van vel\u00fck &#8211; de vajon neked is sz\u00fcks\u00e9ged van r\u00e1juk? A n\u00f6v\u00e9nyi feh\u00e9rje a jobb? Mennyit kell bel\u0151l\u00fck bevinni? Szerencs\u00e9re vannak olyan tudom\u00e1nyos v\u00e1laszok, amik szinte mindenkire igazak.<\/strong><!--more--><\/p>\n<h2><strong>Fontos, hogy \u00e9rtsd<\/strong><\/h2>\n<p>A h\u00e1rom f\u0151 makrot\u00e1panyag a feh\u00e9rj\u00e9k, a sz\u00e9nhidr\u00e1tok \u00e9s a zs\u00edrok csoportjai. Az emberi test mindegyiket m\u00e1sk\u00e9pp haszn\u00e1lja fel, \u00e9s mindegyik nagyon fontos. De a tudom\u00e1ny jelenlegi \u00e1ll\u00e1sa szerint a megfelel\u0151 feh\u00e9rjebevitelre kell legink\u00e1bb figyeln\u00fcnk, m\u00e9ghozz\u00e1 az\u00e9rt, mert a protein jelent\u0151s szerepet j\u00e1tszhat a tests\u00falyunk meg\u0151rz\u00e9s\u00e9ben \u00e9s alak\u00edt\u00e1s\u00e1ban. N\u00e9zz\u00fck, hogyan!<\/p>\n<figure id=\"attachment_9758\" aria-describedby=\"caption-attachment-9758\" style=\"width: 1024px\" class=\"wp-caption alignnone\"><a href=\"https:\/\/d2p6e6u75xmxt8.cloudfront.net\/2\/2020\/12\/Tempeh-ramen-profimedia-0538611224.jpg\"><img loading=\"lazy\" decoding=\"async\" class=\"wp-image-9758 size-large\" src=\"https:\/\/d2p6e6u75xmxt8.cloudfront.net\/12\/2020\/12\/Tempeh-ramen-profimedia-0538611224-1024x682.jpg\" alt=\"Ramen with protein\" width=\"1024\" height=\"682\" srcset=\"https:\/\/d2p6e6u75xmxt8.cloudfront.net\/12\/2020\/12\/Tempeh-ramen-profimedia-0538611224-1024x682.jpg 1024w, https:\/\/d2p6e6u75xmxt8.cloudfront.net\/12\/2020\/12\/Tempeh-ramen-profimedia-0538611224-300x200.jpg 300w, https:\/\/d2p6e6u75xmxt8.cloudfront.net\/12\/2020\/12\/Tempeh-ramen-profimedia-0538611224-768x512.jpg 768w, https:\/\/d2p6e6u75xmxt8.cloudfront.net\/12\/2020\/12\/Tempeh-ramen-profimedia-0538611224-272x182.jpg 272w, https:\/\/d2p6e6u75xmxt8.cloudfront.net\/12\/2020\/12\/Tempeh-ramen-profimedia-0538611224.jpg 1250w\" sizes=\"auto, (max-width: 1024px) 100vw, 1024px\" \/><\/a><figcaption id=\"caption-attachment-9758\" class=\"wp-caption-text\"><em>A tempeh egy szuper feh\u00e9rjeforr\u00e1s. \u00a9 Profimedia<\/em><\/figcaption><\/figure>\n<h2><strong>Seg\u00edt, hogy kevesebbet egy\u00fcnk<\/strong><\/h2>\n<p>A tudom\u00e1nyos kutat\u00e1sok azt mutatj\u00e1k, hogy a feh\u00e9rje seg\u00edt megsz\u00fcntetni az \u00e9hs\u00e9g\u00e9rzetet, \u00edgy reduk\u00e1lhatjuk az elfogyasztott \u00e9telmennyis\u00e9get. Ezek a t\u00e1panyagok stimul\u00e1lj\u00e1k a j\u00f3llakotts\u00e1g \u00e9rzet\u00e9\u00e9rt felel\u0151s hormonok felszabadul\u00e1s\u00e1t a b\u00e9lben. A t\u00f6bb feh\u00e9rj\u00e9t tartalmaz\u00f3 \u00e9tkez\u00e9sek seg\u00edtenek abban, hogy hosszabb ideig \u00e9rezd \u00fagy, hogy tele vagy, ez pedig a legegyszer\u0171bb m\u00f3dja annak, hogy kevesebbet egy\u00e9l. A kutat\u00e1sok szerint jelent\u0151s hat\u00e1st \u00e9rhet\u00fcnk el proteinnel: ha megdupl\u00e1zzuk a feh\u00e9rjebevitel\u00fcnket, napi 400 kal\u00f3ri\u00e1val cs\u00f6kkenhet a kal\u00f3riabevitel\u00fcnk, an\u00e9lk\u00fcl, hogy \u00e9szrevenn\u00e9nk. Ez k\u00e9t t\u00e1bla csokinak felel meg!<\/p>\n<h2><strong>Seg\u00edt izmot \u00e9p\u00edteni \u00e9s megtartani<\/strong><\/h2>\n<p>Ha kevesebb feh\u00e9rj\u00e9t \u00e9s kevesebb kal\u00f3ri\u00e1t fogyasztasz, mint amennyire sz\u00fcks\u00e9ged lenne, a tested hamarosan a saj\u00e1t izomt\u00f6meg\u00e9t kezdi lebontani, hogy p\u00f3tolja a hi\u00e1nyz\u00f3 proteint, ami az immunsejtek, enzimek, hormonok \u00e9s neurotranszmitterek l\u00e9trehoz\u00e1s\u00e1hoz kell. Ha teh\u00e1t meg akarod v\u00e9deni az izmaidat, n\u00f6veld a feh\u00e9rje-beviteled!<\/p>\n<figure id=\"attachment_9759\" aria-describedby=\"caption-attachment-9759\" style=\"width: 1024px\" class=\"wp-caption alignnone\"><a href=\"https:\/\/d2p6e6u75xmxt8.cloudfront.net\/2\/2020\/12\/Almonds-pexels-marta-branco-1295572.jpg\"><img loading=\"lazy\" decoding=\"async\" class=\"wp-image-9759 size-large\" src=\"https:\/\/d2p6e6u75xmxt8.cloudfront.net\/12\/2020\/12\/Almonds-pexels-marta-branco-1295572-1024x682.jpg\" alt=\"Almonds\" width=\"1024\" height=\"682\" srcset=\"https:\/\/d2p6e6u75xmxt8.cloudfront.net\/12\/2020\/12\/Almonds-pexels-marta-branco-1295572-1024x682.jpg 1024w, https:\/\/d2p6e6u75xmxt8.cloudfront.net\/12\/2020\/12\/Almonds-pexels-marta-branco-1295572-300x200.jpg 300w, https:\/\/d2p6e6u75xmxt8.cloudfront.net\/12\/2020\/12\/Almonds-pexels-marta-branco-1295572-768x512.jpg 768w, https:\/\/d2p6e6u75xmxt8.cloudfront.net\/12\/2020\/12\/Almonds-pexels-marta-branco-1295572-272x182.jpg 272w, https:\/\/d2p6e6u75xmxt8.cloudfront.net\/12\/2020\/12\/Almonds-pexels-marta-branco-1295572.jpg 1280w\" sizes=\"auto, (max-width: 1024px) 100vw, 1024px\" \/><\/a><figcaption id=\"caption-attachment-9759\" class=\"wp-caption-text\"><em>Ha nem jutsz el\u00e9g feh\u00e9rj\u00e9hez, n\u00f6vekedni fog az \u00e9hs\u00e9g\u00e9rzeted.<\/em><\/figcaption><\/figure>\n<p>De m\u00e9g t\u00f6bbet is tehetsz a minim\u00e1lisan sz\u00fcks\u00e9ges feh\u00e9rjebevitel fedez\u00e9s\u00e9n\u00e9l. A feh\u00e9rj\u00e9ben gazdag \u00e9trend kiv\u00e1l\u00f3an alkalmas az izomszint\u00e9zisre, ami k\u00fcl\u00f6n\u00f6sen fontos azok sz\u00e1m\u00e1ra, akik izomzatot szeretn\u00e9nek \u00e9p\u00edteni, n\u00f6velni vagy er\u0151s\u00edteni. 38 tanulm\u00e1ny \u00e9rt egyet abban, hogy amikor az emberek kem\u00e9nyen edzenek \u00e9s t\u00f6bb feh\u00e9rj\u00e9t fogyasztanak, jobban tudnak teljes\u00edteni \u00e9s hat\u00e9konyabb az izomn\u00f6veked\u00e9s\u00fck is.<\/p>\n<h2><strong>Mit jelent mindez sz\u00e1modra?<\/strong><\/h2>\n<p>Ha jav\u00edtani szeretn\u00e9l test\u00f6sszet\u00e9teleden vagy fenntartani egy eg\u00e9szs\u00e9ges tests\u00falyt, akkor a feh\u00e9rje j\u00f3 bar\u00e1tod lesz. Seg\u00edt t\u00e1vol tartani az \u00e9hs\u00e9get \u00e9s v\u00e9di az izmokat. A megfelel\u0151 feh\u00e9rjebevitel mindenkin\u00e9l m\u00e1s, kort\u00f3l, nemt\u0151l \u00e9s c\u00e9lokt\u00f3l f\u00fcgg\u0151en. De ha akt\u00edv sportol\u00f3k\u00e9nt szeretn\u00e9d \u00e9rezni a magasabb feh\u00e9rjebevitel el\u0151nyeit, akkor sokkal nagyobb mennyis\u00e9get kell megc\u00e9loznod, mint a minim\u00e1lisan aj\u00e1nlott napi 0,8 g \/ 1 kg testt\u00f6meg.<\/p>\n<p>Az akt\u00edv ker\u00e9kp\u00e1rosoknak napi 1,2-1,7 g feh\u00e9rj\u00e9t kell megenni\u00fck testt\u00f6meg\u00fck minden kilogrammja ut\u00e1n. Ez egy 70 kil\u00f3s embern\u00e9l k\u00f6r\u00fclbel\u00fcl 85-120 g feh\u00e9rj\u00e9t jelent naponta. Az 50 \u00e9vn\u00e9l id\u0151sebb sportol\u00f3knak pedig m\u00e9g nagyobb mennyis\u00e9gre van sz\u00fcks\u00e9g\u00fck, napi 1,7-2 g \/ kg-ot is bevihetnek.<\/p>\n","protected":false},"excerpt":{"rendered":"<p>Nagyon sokat hallunk manaps\u00e1g a feh\u00e9rj\u00e9kr\u0151l, \u00fagy t\u0171nik, minden eg\u00e9szs\u00e9ges term\u00e9k tele van vel\u00fck &#8211; de vajon neked is sz\u00fcks\u00e9ged [&hellip;]<\/p>\n","protected":false},"author":71,"featured_media":9761,"comment_status":"open","ping_status":"open","sticky":false,"template":"","format":"standard","meta":{"footnotes":""},"categories":[6],"tags":[],"global-categories":[],"class_list":["post-9757","post","type-post","status-publish","format-standard","has-post-thumbnail","hentry","category-edzes-es-eletmod"],"yoast_head":"<!-- This site is optimized with the Yoast SEO Premium plugin v25.3 (Yoast SEO v25.9) - https:\/\/yoast.com\/wordpress\/plugins\/seo\/ -->\n<title>5 tipp, ami mindenkin\u00e9l m\u0171k\u00f6dik \u2013 Feh\u00e9rjebevitel<\/title>\n<meta name=\"description\" content=\"Nagyon sokat hallunk manaps\u00e1g a feh\u00e9rj\u00e9kr\u0151l, \u00fagy t\u0171nik, minden eg\u00e9szs\u00e9ges term\u00e9k tele van vel\u00fck - de vajon neked is sz\u00fcks\u00e9ged van r\u00e1juk? A n\u00f6v\u00e9nyi feh\u00e9rje a jobb? Mennyit kell bel\u0151l\u00fck bevinni? Szerencs\u00e9re vannak olyan tudom\u00e1nyos v\u00e1laszok, amik szinte mindenkire igazak.\" \/>\n<meta name=\"robots\" content=\"index, follow, max-snippet:-1, max-image-preview:large, max-video-preview:-1\" \/>\n<link rel=\"canonical\" href=\"https:\/\/www.welovecycling.com\/hu\/edzes-es-eletmod\/5-tipp-ami-mindenkinel-mukodik-feherjebevitel\/\" \/>\n<meta property=\"og:locale\" content=\"hu_HU\" \/>\n<meta property=\"og:type\" content=\"article\" \/>\n<meta property=\"og:title\" content=\"5 tipp, ami mindenkin\u00e9l m\u0171k\u00f6dik \u2013 Feh\u00e9rjebevitel\" \/>\n<meta property=\"og:description\" content=\"Nagyon sokat hallunk manaps\u00e1g a feh\u00e9rj\u00e9kr\u0151l, \u00fagy t\u0171nik, minden eg\u00e9szs\u00e9ges term\u00e9k tele van vel\u00fck - de vajon neked is sz\u00fcks\u00e9ged van r\u00e1juk? A n\u00f6v\u00e9nyi feh\u00e9rje a jobb? Mennyit kell bel\u0151l\u00fck bevinni? Szerencs\u00e9re vannak olyan tudom\u00e1nyos v\u00e1laszok, amik szinte mindenkire igazak.\" \/>\n<meta property=\"og:url\" content=\"https:\/\/www.welovecycling.com\/hu\/edzes-es-eletmod\/5-tipp-ami-mindenkinel-mukodik-feherjebevitel\/\" \/>\n<meta property=\"og:site_name\" content=\"\u0160koda We Love Cycling - Magyarorsz\u00e1g\" \/>\n<meta property=\"article:publisher\" content=\"https:\/\/www.facebook.com\/WeLoveCyclingHungary\/\" \/>\n<meta property=\"article:published_time\" content=\"2020-12-21T07:00:02+00:00\" \/>\n<meta property=\"og:image\" content=\"https:\/\/d2p6e6u75xmxt8.cloudfront.net\/12\/2020\/12\/Lentils-protein-profimedia-0574282422-CVR.jpg\" \/>\n\t<meta property=\"og:image:width\" content=\"1366\" \/>\n\t<meta property=\"og:image:height\" content=\"600\" \/>\n\t<meta property=\"og:image:type\" content=\"image\/jpeg\" \/>\n<meta name=\"author\" content=\"hegyizs\" \/>\n<meta name=\"twitter:card\" content=\"summary_large_image\" \/>\n<meta name=\"twitter:label1\" content=\"Written by\" \/>\n\t<meta name=\"twitter:data1\" content=\"Jiri Kaloc\" \/>\n\t<meta name=\"twitter:label2\" content=\"Est. reading time\" \/>\n\t<meta name=\"twitter:data2\" content=\"5\" \/>\n<script type=\"application\/ld+json\" class=\"yoast-schema-graph\">{\"@context\":\"https:\/\/schema.org\",\"@graph\":[{\"@type\":\"WebPage\",\"@id\":\"https:\/\/www.welovecycling.com\/hu\/edzes-es-eletmod\/5-tipp-ami-mindenkinel-mukodik-feherjebevitel\/\",\"url\":\"https:\/\/www.welovecycling.com\/hu\/edzes-es-eletmod\/5-tipp-ami-mindenkinel-mukodik-feherjebevitel\/\",\"name\":\"5 tipp, ami mindenkin\u00e9l m\u0171k\u00f6dik \u2013 Feh\u00e9rjebevitel\",\"isPartOf\":{\"@id\":\"https:\/\/www.welovecycling.com\/hu\/#website\"},\"primaryImageOfPage\":{\"@id\":\"https:\/\/www.welovecycling.com\/hu\/edzes-es-eletmod\/5-tipp-ami-mindenkinel-mukodik-feherjebevitel\/#primaryimage\"},\"image\":{\"@id\":\"https:\/\/www.welovecycling.com\/hu\/edzes-es-eletmod\/5-tipp-ami-mindenkinel-mukodik-feherjebevitel\/#primaryimage\"},\"thumbnailUrl\":\"https:\/\/d2p6e6u75xmxt8.cloudfront.net\/12\/2020\/12\/Lentils-protein-profimedia-0574282422-CVR.jpg\",\"datePublished\":\"2020-12-21T07:00:02+00:00\",\"author\":{\"@id\":\"https:\/\/www.welovecycling.com\/hu\/#\/schema\/person\/414a2aebf1801691a5320edb6468e194\"},\"description\":\"Nagyon sokat hallunk manaps\u00e1g a feh\u00e9rj\u00e9kr\u0151l, \u00fagy t\u0171nik, minden eg\u00e9szs\u00e9ges term\u00e9k tele van vel\u00fck - de vajon neked is sz\u00fcks\u00e9ged van r\u00e1juk? A n\u00f6v\u00e9nyi feh\u00e9rje a jobb? Mennyit kell bel\u0151l\u00fck bevinni? Szerencs\u00e9re vannak olyan tudom\u00e1nyos v\u00e1laszok, amik szinte mindenkire igazak.\",\"breadcrumb\":{\"@id\":\"https:\/\/www.welovecycling.com\/hu\/edzes-es-eletmod\/5-tipp-ami-mindenkinel-mukodik-feherjebevitel\/#breadcrumb\"},\"inLanguage\":\"hu\",\"potentialAction\":[{\"@type\":\"ReadAction\",\"target\":[\"https:\/\/www.welovecycling.com\/hu\/edzes-es-eletmod\/5-tipp-ami-mindenkinel-mukodik-feherjebevitel\/\"]}]},{\"@type\":\"ImageObject\",\"inLanguage\":\"hu\",\"@id\":\"https:\/\/www.welovecycling.com\/hu\/edzes-es-eletmod\/5-tipp-ami-mindenkinel-mukodik-feherjebevitel\/#primaryimage\",\"url\":\"https:\/\/d2p6e6u75xmxt8.cloudfront.net\/12\/2020\/12\/Lentils-protein-profimedia-0574282422-CVR.jpg\",\"contentUrl\":\"https:\/\/d2p6e6u75xmxt8.cloudfront.net\/12\/2020\/12\/Lentils-protein-profimedia-0574282422-CVR.jpg\",\"width\":1366,\"height\":600,\"caption\":\"Lentils\"},{\"@type\":\"BreadcrumbList\",\"@id\":\"https:\/\/www.welovecycling.com\/hu\/edzes-es-eletmod\/5-tipp-ami-mindenkinel-mukodik-feherjebevitel\/#breadcrumb\",\"itemListElement\":[{\"@type\":\"ListItem\",\"position\":1,\"name\":\"Home\",\"item\":\"https:\/\/www.welovecycling.com\/hu\/\"},{\"@type\":\"ListItem\",\"position\":2,\"name\":\"5 tipp, ami mindenkin\u00e9l m\u0171k\u00f6dik \u2013 Feh\u00e9rjebevitel\"}]},{\"@type\":\"WebSite\",\"@id\":\"https:\/\/www.welovecycling.com\/hu\/#website\",\"url\":\"https:\/\/www.welovecycling.com\/hu\/\",\"name\":\"\u0160koda We Love Cycling - Magyarorsz\u00e1g\",\"description\":\"\u0160koda WeLoveCycling\",\"potentialAction\":[{\"@type\":\"SearchAction\",\"target\":{\"@type\":\"EntryPoint\",\"urlTemplate\":\"https:\/\/www.welovecycling.com\/hu\/?s={search_term_string}\"},\"query-input\":{\"@type\":\"PropertyValueSpecification\",\"valueRequired\":true,\"valueName\":\"search_term_string\"}}],\"inLanguage\":\"hu\"},{\"@type\":\"Person\",\"@id\":\"https:\/\/www.welovecycling.com\/hu\/#\/schema\/person\/414a2aebf1801691a5320edb6468e194\",\"name\":\"hegyizs\",\"image\":{\"@type\":\"ImageObject\",\"inLanguage\":\"hu\",\"@id\":\"https:\/\/www.welovecycling.com\/hu\/#\/schema\/person\/image\/\",\"url\":\"https:\/\/secure.gravatar.com\/avatar\/02cf8a7906b8cf90cecb4679defac7cfd33a1c2e3b88e4903d947f3bb58eedd3?s=96&d=mm&r=g\",\"contentUrl\":\"https:\/\/secure.gravatar.com\/avatar\/02cf8a7906b8cf90cecb4679defac7cfd33a1c2e3b88e4903d947f3bb58eedd3?s=96&d=mm&r=g\",\"caption\":\"hegyizs\"},\"url\":\"https:\/\/www.welovecycling.com\/hu\/author\/hegyizs\/\"}]}<\/script>\n<!-- \/ Yoast SEO Premium plugin. -->","yoast_head_json":{"title":"5 tipp, ami mindenkin\u00e9l m\u0171k\u00f6dik \u2013 Feh\u00e9rjebevitel","description":"Nagyon sokat hallunk manaps\u00e1g a feh\u00e9rj\u00e9kr\u0151l, \u00fagy t\u0171nik, minden eg\u00e9szs\u00e9ges term\u00e9k tele van vel\u00fck - de vajon neked is sz\u00fcks\u00e9ged van r\u00e1juk? A n\u00f6v\u00e9nyi feh\u00e9rje a jobb? Mennyit kell bel\u0151l\u00fck bevinni? Szerencs\u00e9re vannak olyan tudom\u00e1nyos v\u00e1laszok, amik szinte mindenkire igazak.","robots":{"index":"index","follow":"follow","max-snippet":"max-snippet:-1","max-image-preview":"max-image-preview:large","max-video-preview":"max-video-preview:-1"},"canonical":"https:\/\/www.welovecycling.com\/hu\/edzes-es-eletmod\/5-tipp-ami-mindenkinel-mukodik-feherjebevitel\/","og_locale":"hu_HU","og_type":"article","og_title":"5 tipp, ami mindenkin\u00e9l m\u0171k\u00f6dik \u2013 Feh\u00e9rjebevitel","og_description":"Nagyon sokat hallunk manaps\u00e1g a feh\u00e9rj\u00e9kr\u0151l, \u00fagy t\u0171nik, minden eg\u00e9szs\u00e9ges term\u00e9k tele van vel\u00fck - de vajon neked is sz\u00fcks\u00e9ged van r\u00e1juk? A n\u00f6v\u00e9nyi feh\u00e9rje a jobb? Mennyit kell bel\u0151l\u00fck bevinni? Szerencs\u00e9re vannak olyan tudom\u00e1nyos v\u00e1laszok, amik szinte mindenkire igazak.","og_url":"https:\/\/www.welovecycling.com\/hu\/edzes-es-eletmod\/5-tipp-ami-mindenkinel-mukodik-feherjebevitel\/","og_site_name":"\u0160koda We Love Cycling - Magyarorsz\u00e1g","article_publisher":"https:\/\/www.facebook.com\/WeLoveCyclingHungary\/","article_published_time":"2020-12-21T07:00:02+00:00","og_image":[{"width":1366,"height":600,"url":"https:\/\/d2p6e6u75xmxt8.cloudfront.net\/12\/2020\/12\/Lentils-protein-profimedia-0574282422-CVR.jpg","type":"image\/jpeg"}],"author":"hegyizs","twitter_card":"summary_large_image","twitter_misc":{"Written by":"Jiri Kaloc","Est. reading time":"5"},"schema":{"@context":"https:\/\/schema.org","@graph":[{"@type":"WebPage","@id":"https:\/\/www.welovecycling.com\/hu\/edzes-es-eletmod\/5-tipp-ami-mindenkinel-mukodik-feherjebevitel\/","url":"https:\/\/www.welovecycling.com\/hu\/edzes-es-eletmod\/5-tipp-ami-mindenkinel-mukodik-feherjebevitel\/","name":"5 tipp, ami mindenkin\u00e9l m\u0171k\u00f6dik \u2013 Feh\u00e9rjebevitel","isPartOf":{"@id":"https:\/\/www.welovecycling.com\/hu\/#website"},"primaryImageOfPage":{"@id":"https:\/\/www.welovecycling.com\/hu\/edzes-es-eletmod\/5-tipp-ami-mindenkinel-mukodik-feherjebevitel\/#primaryimage"},"image":{"@id":"https:\/\/www.welovecycling.com\/hu\/edzes-es-eletmod\/5-tipp-ami-mindenkinel-mukodik-feherjebevitel\/#primaryimage"},"thumbnailUrl":"https:\/\/d2p6e6u75xmxt8.cloudfront.net\/12\/2020\/12\/Lentils-protein-profimedia-0574282422-CVR.jpg","datePublished":"2020-12-21T07:00:02+00:00","author":{"@id":"https:\/\/www.welovecycling.com\/hu\/#\/schema\/person\/414a2aebf1801691a5320edb6468e194"},"description":"Nagyon sokat hallunk manaps\u00e1g a feh\u00e9rj\u00e9kr\u0151l, \u00fagy t\u0171nik, minden eg\u00e9szs\u00e9ges term\u00e9k tele van vel\u00fck - de vajon neked is sz\u00fcks\u00e9ged van r\u00e1juk? A n\u00f6v\u00e9nyi feh\u00e9rje a jobb? Mennyit kell bel\u0151l\u00fck bevinni? Szerencs\u00e9re vannak olyan tudom\u00e1nyos v\u00e1laszok, amik szinte mindenkire igazak.","breadcrumb":{"@id":"https:\/\/www.welovecycling.com\/hu\/edzes-es-eletmod\/5-tipp-ami-mindenkinel-mukodik-feherjebevitel\/#breadcrumb"},"inLanguage":"hu","potentialAction":[{"@type":"ReadAction","target":["https:\/\/www.welovecycling.com\/hu\/edzes-es-eletmod\/5-tipp-ami-mindenkinel-mukodik-feherjebevitel\/"]}]},{"@type":"ImageObject","inLanguage":"hu","@id":"https:\/\/www.welovecycling.com\/hu\/edzes-es-eletmod\/5-tipp-ami-mindenkinel-mukodik-feherjebevitel\/#primaryimage","url":"https:\/\/d2p6e6u75xmxt8.cloudfront.net\/12\/2020\/12\/Lentils-protein-profimedia-0574282422-CVR.jpg","contentUrl":"https:\/\/d2p6e6u75xmxt8.cloudfront.net\/12\/2020\/12\/Lentils-protein-profimedia-0574282422-CVR.jpg","width":1366,"height":600,"caption":"Lentils"},{"@type":"BreadcrumbList","@id":"https:\/\/www.welovecycling.com\/hu\/edzes-es-eletmod\/5-tipp-ami-mindenkinel-mukodik-feherjebevitel\/#breadcrumb","itemListElement":[{"@type":"ListItem","position":1,"name":"Home","item":"https:\/\/www.welovecycling.com\/hu\/"},{"@type":"ListItem","position":2,"name":"5 tipp, ami mindenkin\u00e9l m\u0171k\u00f6dik \u2013 Feh\u00e9rjebevitel"}]},{"@type":"WebSite","@id":"https:\/\/www.welovecycling.com\/hu\/#website","url":"https:\/\/www.welovecycling.com\/hu\/","name":"\u0160koda We Love Cycling - Magyarorsz\u00e1g","description":"\u0160koda WeLoveCycling","potentialAction":[{"@type":"SearchAction","target":{"@type":"EntryPoint","urlTemplate":"https:\/\/www.welovecycling.com\/hu\/?s={search_term_string}"},"query-input":{"@type":"PropertyValueSpecification","valueRequired":true,"valueName":"search_term_string"}}],"inLanguage":"hu"},{"@type":"Person","@id":"https:\/\/www.welovecycling.com\/hu\/#\/schema\/person\/414a2aebf1801691a5320edb6468e194","name":"hegyizs","image":{"@type":"ImageObject","inLanguage":"hu","@id":"https:\/\/www.welovecycling.com\/hu\/#\/schema\/person\/image\/","url":"https:\/\/secure.gravatar.com\/avatar\/02cf8a7906b8cf90cecb4679defac7cfd33a1c2e3b88e4903d947f3bb58eedd3?s=96&d=mm&r=g","contentUrl":"https:\/\/secure.gravatar.com\/avatar\/02cf8a7906b8cf90cecb4679defac7cfd33a1c2e3b88e4903d947f3bb58eedd3?s=96&d=mm&r=g","caption":"hegyizs"},"url":"https:\/\/www.welovecycling.com\/hu\/author\/hegyizs\/"}]}},"_links":{"self":[{"href":"https:\/\/www.welovecycling.com\/hu\/wp-json\/wp\/v2\/posts\/9757","targetHints":{"allow":["GET"]}}],"collection":[{"href":"https:\/\/www.welovecycling.com\/hu\/wp-json\/wp\/v2\/posts"}],"about":[{"href":"https:\/\/www.welovecycling.com\/hu\/wp-json\/wp\/v2\/types\/post"}],"author":[{"embeddable":true,"href":"https:\/\/www.welovecycling.com\/hu\/wp-json\/wp\/v2\/users\/71"}],"replies":[{"embeddable":true,"href":"https:\/\/www.welovecycling.com\/hu\/wp-json\/wp\/v2\/comments?post=9757"}],"version-history":[{"count":2,"href":"https:\/\/www.welovecycling.com\/hu\/wp-json\/wp\/v2\/posts\/9757\/revisions"}],"predecessor-version":[{"id":9785,"href":"https:\/\/www.welovecycling.com\/hu\/wp-json\/wp\/v2\/posts\/9757\/revisions\/9785"}],"wp:featuredmedia":[{"embeddable":true,"href":"https:\/\/www.welovecycling.com\/hu\/wp-json\/wp\/v2\/media\/9761"}],"wp:attachment":[{"href":"https:\/\/www.welovecycling.com\/hu\/wp-json\/wp\/v2\/media?parent=9757"}],"wp:term":[{"taxonomy":"category","embeddable":true,"href":"https:\/\/www.welovecycling.com\/hu\/wp-json\/wp\/v2\/categories?post=9757"},{"taxonomy":"post_tag","embeddable":true,"href":"https:\/\/www.welovecycling.com\/hu\/wp-json\/wp\/v2\/tags?post=9757"},{"taxonomy":"global-categories","embeddable":true,"href":"https:\/\/www.welovecycling.com\/hu\/wp-json\/wp\/v2\/global-categories?post=9757"}],"curies":[{"name":"wp","href":"https:\/\/api.w.org\/{rel}","templated":true}]}}