{"id":9738,"date":"2020-12-20T08:00:46","date_gmt":"2020-12-20T07:00:46","guid":{"rendered":"https:\/\/www.welovecycling.com\/hu\/?p=9738"},"modified":"2020-12-15T10:15:59","modified_gmt":"2020-12-15T09:15:59","slug":"7-tipp-kezdo-kondizoknak","status":"publish","type":"post","link":"https:\/\/www.welovecycling.com\/hu\/edzes-es-eletmod\/7-tipp-kezdo-kondizoknak\/","title":{"rendered":"7 tipp kezd\u0151 kondiz\u00f3knak"},"content":{"rendered":"<p><strong>El\u0151sz\u00f6r bel\u00e9pni egy edz\u0151terembe f\u00e9lelmetes lehet, k\u00fcl\u00f6n\u00f6sen, ha nem vagyunk j\u00e1rtasak a s\u00falyz\u00f3k \u00e9s edz\u0151padok vil\u00e1g\u00e1ban. Valljuk be, a biciklisek nem sok s\u00falyt emelgetnek, hi\u00e1ba tudj\u00e1k, hogy az er\u0151s\u00edt\u00e9s seg\u00edt jobb sportol\u00f3v\u00e1 v\u00e1lni \u00e9s elker\u00fclni a s\u00e9r\u00fcl\u00e9seket. De a kondiz\u00e1st is, mint minden m\u00e1st, csak egyszer kell elkezdeni! A Runner\u2019s World magazin tapasztalt sportol\u00f3kat k\u00e9rdezett meg Instagramon, arr\u00f3l, hogyan k\u00fczd\u00f6tt\u00e9k le a kezdeti akad\u00e1lyokat.<\/strong><!--more--><\/p>\n<h2><strong>1. Kezdd kicsiben!<\/strong><\/h2>\n<p><img loading=\"lazy\" decoding=\"async\" class=\"aligncenter size-full wp-image-9739\" src=\"https:\/\/d2p6e6u75xmxt8.cloudfront.net\/12\/2020\/12\/wlc12.jpg\" alt=\"\" width=\"959\" height=\"824\" srcset=\"https:\/\/d2p6e6u75xmxt8.cloudfront.net\/12\/2020\/12\/wlc12.jpg 959w, https:\/\/d2p6e6u75xmxt8.cloudfront.net\/12\/2020\/12\/wlc12-300x258.jpg 300w, https:\/\/d2p6e6u75xmxt8.cloudfront.net\/12\/2020\/12\/wlc12-768x660.jpg 768w\" sizes=\"auto, (max-width: 959px) 100vw, 959px\" \/><\/p>\n<p><em>\u201eA tan\u00e1csom kezd\u0151knek: Kezdd fut\u00e1ssal (bicikliz\u00e9ssel) vagy gyors s\u00e9t\u00e1l\u00e1ssal (ez lehet\u0151s\u00e9get ad arra, hogy k\u00f6r\u00fcln\u00e9zz, felm\u00e9rd a felszerel\u00e9st \u00e9s az embereket, akik \u00e9pp haszn\u00e1lj\u00e1k ezeket). Menj olyankor, amikor nincs zs\u00fafol\u00e1sig tele (k\u00e9s\u0151 este \u00e9s kora reggel). \u00cdgy k\u00e9nyelmesebben kipr\u00f3b\u00e1lhatod az \u00faj felszerel\u00e9seket. Kezdd egyszer\u0171 gyakorlatokkal! A YouTube edz\u00e9svide\u00f3i mindig seg\u00edtenek, ha elakadsz!\u201d<\/em> &#8211; <a href=\"https:\/\/www.instagram.com\/aleksandrakamaric\/\">aleksandrakamaric<\/a><\/p>\n<h2><strong>2. Ismerd meg a zene erej\u00e9t!<\/strong><\/h2>\n<p><img loading=\"lazy\" decoding=\"async\" class=\"aligncenter size-large wp-image-9740\" src=\"https:\/\/d2p6e6u75xmxt8.cloudfront.net\/12\/2020\/12\/wlc12_2-1024x684.jpg\" alt=\"\" width=\"1024\" height=\"684\" srcset=\"https:\/\/d2p6e6u75xmxt8.cloudfront.net\/12\/2020\/12\/wlc12_2-1024x684.jpg 1024w, https:\/\/d2p6e6u75xmxt8.cloudfront.net\/12\/2020\/12\/wlc12_2-300x200.jpg 300w, https:\/\/d2p6e6u75xmxt8.cloudfront.net\/12\/2020\/12\/wlc12_2-768x513.jpg 768w, https:\/\/d2p6e6u75xmxt8.cloudfront.net\/12\/2020\/12\/wlc12_2-272x182.jpg 272w, https:\/\/d2p6e6u75xmxt8.cloudfront.net\/12\/2020\/12\/wlc12_2.jpg 1096w\" sizes=\"auto, (max-width: 1024px) 100vw, 1024px\" \/><\/p>\n<p><em>\u201eTal\u00e1lj valami olyan hallgatnival\u00f3t, amit szeretsz, \u00e9s ne f\u00e9lj bulizni r\u00e1! N\u00e9ha im\u00e1dom a popzen\u00e9t, m\u00e1skor a heavy metahoz van kedvem. Megint m\u00e1skor ink\u00e1bb podcastet hallgatok! Egy j\u00f3 h\u00e1tt\u00e9rzaj hatalmas k\u00fcl\u00f6nbs\u00e9get jelent!\u201d<\/em> &#8211; <a href=\"https:\/\/www.instagram.com\/_maisie_mai\/\">maisie_mai<\/a><\/p>\n<h2><strong>3. Ne felejtsd el, hogy az emberek nem nevetnek rajtad!<\/strong><\/h2>\n<p><em>\u201eAz\u00f3ta nem \u00e9rzem magam k\u00ednosan, ami\u00f3ta r\u00e1j\u00f6ttem, hogy mindenki a saj\u00e1t harc\u00e1t v\u00edvja. Sokkal t\u00f6bb k\u00f6z\u00f6s van benn\u00fcnk, mint gondoln\u00e1nk.\u201d<\/em> &#8211; <a href=\"https:\/\/www.instagram.com\/altitude.fox\/\">altitude.fox<\/a><\/p>\n<p><em>\u201e17 \u00e9ve vagyok szem\u00e9lyi edz\u0151. Hidd el, senki nem r\u00e1d figyel, soha ne \u00e9rezd magad zavarban! A m\u00e1sik tan\u00e1csom pedig, hogy tarts ki, gyere el \u00fajra \u00e9s \u00fajra, \u00e9s \u00edg\u00e9rem, hogy hamarosan k\u00f6nnyebb lesz!\u201d<\/em> &#8211; <a href=\"https:\/\/www.instagram.com\/run_rhandi_run\/\">run_rhandi_run<\/a><\/p>\n<h2><strong>4. Fogadj fel egy szem\u00e9lyi edz\u0151t!<\/strong><\/h2>\n<figure id=\"attachment_9741\" aria-describedby=\"caption-attachment-9741\" style=\"width: 980px\" class=\"wp-caption aligncenter\"><img loading=\"lazy\" decoding=\"async\" class=\"size-full wp-image-9741\" src=\"https:\/\/d2p6e6u75xmxt8.cloudfront.net\/12\/2020\/12\/personal-trainer-working-with-a-client-both-are-royalty-free-image-1606758390.jpg\" alt=\"\" width=\"980\" height=\"654\" srcset=\"https:\/\/d2p6e6u75xmxt8.cloudfront.net\/12\/2020\/12\/personal-trainer-working-with-a-client-both-are-royalty-free-image-1606758390.jpg 980w, https:\/\/d2p6e6u75xmxt8.cloudfront.net\/12\/2020\/12\/personal-trainer-working-with-a-client-both-are-royalty-free-image-1606758390-300x200.jpg 300w, https:\/\/d2p6e6u75xmxt8.cloudfront.net\/12\/2020\/12\/personal-trainer-working-with-a-client-both-are-royalty-free-image-1606758390-768x513.jpg 768w, https:\/\/d2p6e6u75xmxt8.cloudfront.net\/12\/2020\/12\/personal-trainer-working-with-a-client-both-are-royalty-free-image-1606758390-272x182.jpg 272w\" sizes=\"auto, (max-width: 980px) 100vw, 980px\" \/><figcaption id=\"caption-attachment-9741\" class=\"wp-caption-text\">FERTNIG \/ GETTY IMAGES<\/figcaption><\/figure>\n<p><em>\u201eEddz szem\u00e9lyi edz\u0151vel! Nemcsak seg\u00edt megtanulni, hogy mit, hogyan kell helyesen haszn\u00e1lni, hanem k\u00f6rbe is vezet a termen, ak\u00e1rcsak egy turist\u00e1t egy l\u00e1tv\u00e1nyoss\u00e1g k\u00f6r\u00fcl. Ez enyh\u00edti az idegens\u00e9g-\u00e9rzetet, r\u00e1ad\u00e1sul nem fogsz semmi butas\u00e1got elk\u00f6vetni, ami s\u00e9r\u00fcl\u00e9shez vezethet. Az edz\u0151 megakad\u00e1lyozza, hogy puszt\u00e1n kardi\u00f3zz, csak az\u00e9rt mert ezt a mozg\u00e1sform\u00e1t m\u00e1r ismered. Egy \u00e9v alatt annyi mindent tanultam, hogy most m\u00e1r egyed\u00fcl is magabiztos vagyok! L\u00e9nyegesen er\u0151sebb lettem, mint voltam \u00e9s egyszer sem s\u00e9r\u00fcltem meg.\u201d<\/em> &#8211; <a href=\"https:\/\/www.instagram.com\/britt.sort\/\">britt.sort<\/a><\/p>\n<h2><strong>5. Legyen edz\u00e9sterved!<\/strong><\/h2>\n<p><em>\u201eTervezz el\u0151re! N\u00e9zz ut\u00e1na online, melyik g\u00e9p mire j\u00f3, \u00e9s hogyan kell haszn\u00e1lni! Rengeteg anyagot fogsz tal\u00e1lni! \u00cdrd le a j\u00f3 tan\u00e1csokat, hogy felk\u00e9sz\u00fclve \u00e9rkezhess meg a konditerembe!\u201d<\/em> &#8211; <a href=\"https:\/\/www.instagram.com\/c2avery\/\">c2avery<\/a><\/p>\n<p><em>Forr\u00e1s: <\/em><a href=\"https:\/\/www.runnersworld.com\/training\/g30473627\/getting-started-in-the-gym\/\"><em>runnersworld.com<\/em><\/a><\/p>\n","protected":false},"excerpt":{"rendered":"<p>El\u0151sz\u00f6r bel\u00e9pni egy edz\u0151terembe f\u00e9lelmetes lehet, k\u00fcl\u00f6n\u00f6sen, ha nem vagyunk j\u00e1rtasak a s\u00falyz\u00f3k \u00e9s edz\u0151padok vil\u00e1g\u00e1ban. Valljuk be, a biciklisek [&hellip;]<\/p>\n","protected":false},"author":71,"featured_media":9742,"comment_status":"open","ping_status":"open","sticky":false,"template":"","format":"standard","meta":{"footnotes":""},"categories":[6],"tags":[],"global-categories":[],"class_list":["post-9738","post","type-post","status-publish","format-standard","has-post-thumbnail","hentry","category-edzes-es-eletmod"],"yoast_head":"<!-- This site is optimized with the Yoast SEO Premium plugin v25.3 (Yoast SEO v25.9) - https:\/\/yoast.com\/wordpress\/plugins\/seo\/ -->\n<title>7 tipp kezd\u0151 kondiz\u00f3knak - \u0160koda We Love Cycling - Magyarorsz\u00e1g<\/title>\n<meta name=\"robots\" content=\"index, follow, max-snippet:-1, max-image-preview:large, max-video-preview:-1\" \/>\n<link rel=\"canonical\" href=\"https:\/\/www.welovecycling.com\/hu\/edzes-es-eletmod\/7-tipp-kezdo-kondizoknak\/\" \/>\n<meta property=\"og:locale\" content=\"hu_HU\" \/>\n<meta property=\"og:type\" content=\"article\" \/>\n<meta property=\"og:title\" content=\"7 tipp kezd\u0151 kondiz\u00f3knak\" \/>\n<meta property=\"og:description\" content=\"El\u0151sz\u00f6r bel\u00e9pni egy edz\u0151terembe f\u00e9lelmetes lehet, k\u00fcl\u00f6n\u00f6sen, ha nem vagyunk j\u00e1rtasak a s\u00falyz\u00f3k \u00e9s edz\u0151padok vil\u00e1g\u00e1ban. Valljuk be, a biciklisek [&hellip;]\" \/>\n<meta property=\"og:url\" content=\"https:\/\/www.welovecycling.com\/hu\/edzes-es-eletmod\/7-tipp-kezdo-kondizoknak\/\" \/>\n<meta property=\"og:site_name\" content=\"\u0160koda We Love Cycling - Magyarorsz\u00e1g\" \/>\n<meta property=\"article:publisher\" content=\"https:\/\/www.facebook.com\/WeLoveCyclingHungary\/\" \/>\n<meta property=\"article:published_time\" content=\"2020-12-20T07:00:46+00:00\" \/>\n<meta property=\"og:image\" content=\"https:\/\/d2p6e6u75xmxt8.cloudfront.net\/12\/2020\/12\/wlc12_0.jpg\" \/>\n\t<meta property=\"og:image:width\" content=\"1093\" \/>\n\t<meta property=\"og:image:height\" content=\"728\" \/>\n\t<meta property=\"og:image:type\" content=\"image\/jpeg\" \/>\n<meta name=\"author\" content=\"hegyizs\" \/>\n<meta name=\"twitter:card\" content=\"summary_large_image\" \/>\n<meta name=\"twitter:label1\" content=\"Written by\" \/>\n\t<meta name=\"twitter:data1\" content=\"WLC\" \/>\n\t<meta name=\"twitter:label2\" content=\"Est. reading time\" \/>\n\t<meta name=\"twitter:data2\" content=\"3 minutes\" \/>\n<script type=\"application\/ld+json\" class=\"yoast-schema-graph\">{\"@context\":\"https:\/\/schema.org\",\"@graph\":[{\"@type\":\"WebPage\",\"@id\":\"https:\/\/www.welovecycling.com\/hu\/edzes-es-eletmod\/7-tipp-kezdo-kondizoknak\/\",\"url\":\"https:\/\/www.welovecycling.com\/hu\/edzes-es-eletmod\/7-tipp-kezdo-kondizoknak\/\",\"name\":\"7 tipp kezd\u0151 kondiz\u00f3knak - \u0160koda We Love Cycling - Magyarorsz\u00e1g\",\"isPartOf\":{\"@id\":\"https:\/\/www.welovecycling.com\/hu\/#website\"},\"primaryImageOfPage\":{\"@id\":\"https:\/\/www.welovecycling.com\/hu\/edzes-es-eletmod\/7-tipp-kezdo-kondizoknak\/#primaryimage\"},\"image\":{\"@id\":\"https:\/\/www.welovecycling.com\/hu\/edzes-es-eletmod\/7-tipp-kezdo-kondizoknak\/#primaryimage\"},\"thumbnailUrl\":\"https:\/\/d2p6e6u75xmxt8.cloudfront.net\/12\/2020\/12\/wlc12_0.jpg\",\"datePublished\":\"2020-12-20T07:00:46+00:00\",\"author\":{\"@id\":\"https:\/\/www.welovecycling.com\/hu\/#\/schema\/person\/414a2aebf1801691a5320edb6468e194\"},\"breadcrumb\":{\"@id\":\"https:\/\/www.welovecycling.com\/hu\/edzes-es-eletmod\/7-tipp-kezdo-kondizoknak\/#breadcrumb\"},\"inLanguage\":\"hu\",\"potentialAction\":[{\"@type\":\"ReadAction\",\"target\":[\"https:\/\/www.welovecycling.com\/hu\/edzes-es-eletmod\/7-tipp-kezdo-kondizoknak\/\"]}]},{\"@type\":\"ImageObject\",\"inLanguage\":\"hu\",\"@id\":\"https:\/\/www.welovecycling.com\/hu\/edzes-es-eletmod\/7-tipp-kezdo-kondizoknak\/#primaryimage\",\"url\":\"https:\/\/d2p6e6u75xmxt8.cloudfront.net\/12\/2020\/12\/wlc12_0.jpg\",\"contentUrl\":\"https:\/\/d2p6e6u75xmxt8.cloudfront.net\/12\/2020\/12\/wlc12_0.jpg\",\"width\":1093,\"height\":728},{\"@type\":\"BreadcrumbList\",\"@id\":\"https:\/\/www.welovecycling.com\/hu\/edzes-es-eletmod\/7-tipp-kezdo-kondizoknak\/#breadcrumb\",\"itemListElement\":[{\"@type\":\"ListItem\",\"position\":1,\"name\":\"Home\",\"item\":\"https:\/\/www.welovecycling.com\/hu\/\"},{\"@type\":\"ListItem\",\"position\":2,\"name\":\"7 tipp kezd\u0151 kondiz\u00f3knak\"}]},{\"@type\":\"WebSite\",\"@id\":\"https:\/\/www.welovecycling.com\/hu\/#website\",\"url\":\"https:\/\/www.welovecycling.com\/hu\/\",\"name\":\"\u0160koda We Love Cycling - Magyarorsz\u00e1g\",\"description\":\"\u0160koda WeLoveCycling\",\"potentialAction\":[{\"@type\":\"SearchAction\",\"target\":{\"@type\":\"EntryPoint\",\"urlTemplate\":\"https:\/\/www.welovecycling.com\/hu\/?s={search_term_string}\"},\"query-input\":{\"@type\":\"PropertyValueSpecification\",\"valueRequired\":true,\"valueName\":\"search_term_string\"}}],\"inLanguage\":\"hu\"},{\"@type\":\"Person\",\"@id\":\"https:\/\/www.welovecycling.com\/hu\/#\/schema\/person\/414a2aebf1801691a5320edb6468e194\",\"name\":\"hegyizs\",\"image\":{\"@type\":\"ImageObject\",\"inLanguage\":\"hu\",\"@id\":\"https:\/\/www.welovecycling.com\/hu\/#\/schema\/person\/image\/\",\"url\":\"https:\/\/secure.gravatar.com\/avatar\/02cf8a7906b8cf90cecb4679defac7cfd33a1c2e3b88e4903d947f3bb58eedd3?s=96&d=mm&r=g\",\"contentUrl\":\"https:\/\/secure.gravatar.com\/avatar\/02cf8a7906b8cf90cecb4679defac7cfd33a1c2e3b88e4903d947f3bb58eedd3?s=96&d=mm&r=g\",\"caption\":\"hegyizs\"},\"url\":\"https:\/\/www.welovecycling.com\/hu\/author\/hegyizs\/\"}]}<\/script>\n<!-- \/ Yoast SEO Premium plugin. -->","yoast_head_json":{"title":"7 tipp kezd\u0151 kondiz\u00f3knak - \u0160koda We Love Cycling - Magyarorsz\u00e1g","robots":{"index":"index","follow":"follow","max-snippet":"max-snippet:-1","max-image-preview":"max-image-preview:large","max-video-preview":"max-video-preview:-1"},"canonical":"https:\/\/www.welovecycling.com\/hu\/edzes-es-eletmod\/7-tipp-kezdo-kondizoknak\/","og_locale":"hu_HU","og_type":"article","og_title":"7 tipp kezd\u0151 kondiz\u00f3knak","og_description":"El\u0151sz\u00f6r bel\u00e9pni egy edz\u0151terembe f\u00e9lelmetes lehet, k\u00fcl\u00f6n\u00f6sen, ha nem vagyunk j\u00e1rtasak a s\u00falyz\u00f3k \u00e9s edz\u0151padok vil\u00e1g\u00e1ban. Valljuk be, a biciklisek [&hellip;]","og_url":"https:\/\/www.welovecycling.com\/hu\/edzes-es-eletmod\/7-tipp-kezdo-kondizoknak\/","og_site_name":"\u0160koda We Love Cycling - Magyarorsz\u00e1g","article_publisher":"https:\/\/www.facebook.com\/WeLoveCyclingHungary\/","article_published_time":"2020-12-20T07:00:46+00:00","og_image":[{"width":1093,"height":728,"url":"https:\/\/d2p6e6u75xmxt8.cloudfront.net\/12\/2020\/12\/wlc12_0.jpg","type":"image\/jpeg"}],"author":"hegyizs","twitter_card":"summary_large_image","twitter_misc":{"Written by":"WLC","Est. reading time":"3 minutes"},"schema":{"@context":"https:\/\/schema.org","@graph":[{"@type":"WebPage","@id":"https:\/\/www.welovecycling.com\/hu\/edzes-es-eletmod\/7-tipp-kezdo-kondizoknak\/","url":"https:\/\/www.welovecycling.com\/hu\/edzes-es-eletmod\/7-tipp-kezdo-kondizoknak\/","name":"7 tipp kezd\u0151 kondiz\u00f3knak - \u0160koda We Love Cycling - Magyarorsz\u00e1g","isPartOf":{"@id":"https:\/\/www.welovecycling.com\/hu\/#website"},"primaryImageOfPage":{"@id":"https:\/\/www.welovecycling.com\/hu\/edzes-es-eletmod\/7-tipp-kezdo-kondizoknak\/#primaryimage"},"image":{"@id":"https:\/\/www.welovecycling.com\/hu\/edzes-es-eletmod\/7-tipp-kezdo-kondizoknak\/#primaryimage"},"thumbnailUrl":"https:\/\/d2p6e6u75xmxt8.cloudfront.net\/12\/2020\/12\/wlc12_0.jpg","datePublished":"2020-12-20T07:00:46+00:00","author":{"@id":"https:\/\/www.welovecycling.com\/hu\/#\/schema\/person\/414a2aebf1801691a5320edb6468e194"},"breadcrumb":{"@id":"https:\/\/www.welovecycling.com\/hu\/edzes-es-eletmod\/7-tipp-kezdo-kondizoknak\/#breadcrumb"},"inLanguage":"hu","potentialAction":[{"@type":"ReadAction","target":["https:\/\/www.welovecycling.com\/hu\/edzes-es-eletmod\/7-tipp-kezdo-kondizoknak\/"]}]},{"@type":"ImageObject","inLanguage":"hu","@id":"https:\/\/www.welovecycling.com\/hu\/edzes-es-eletmod\/7-tipp-kezdo-kondizoknak\/#primaryimage","url":"https:\/\/d2p6e6u75xmxt8.cloudfront.net\/12\/2020\/12\/wlc12_0.jpg","contentUrl":"https:\/\/d2p6e6u75xmxt8.cloudfront.net\/12\/2020\/12\/wlc12_0.jpg","width":1093,"height":728},{"@type":"BreadcrumbList","@id":"https:\/\/www.welovecycling.com\/hu\/edzes-es-eletmod\/7-tipp-kezdo-kondizoknak\/#breadcrumb","itemListElement":[{"@type":"ListItem","position":1,"name":"Home","item":"https:\/\/www.welovecycling.com\/hu\/"},{"@type":"ListItem","position":2,"name":"7 tipp kezd\u0151 kondiz\u00f3knak"}]},{"@type":"WebSite","@id":"https:\/\/www.welovecycling.com\/hu\/#website","url":"https:\/\/www.welovecycling.com\/hu\/","name":"\u0160koda We Love Cycling - Magyarorsz\u00e1g","description":"\u0160koda WeLoveCycling","potentialAction":[{"@type":"SearchAction","target":{"@type":"EntryPoint","urlTemplate":"https:\/\/www.welovecycling.com\/hu\/?s={search_term_string}"},"query-input":{"@type":"PropertyValueSpecification","valueRequired":true,"valueName":"search_term_string"}}],"inLanguage":"hu"},{"@type":"Person","@id":"https:\/\/www.welovecycling.com\/hu\/#\/schema\/person\/414a2aebf1801691a5320edb6468e194","name":"hegyizs","image":{"@type":"ImageObject","inLanguage":"hu","@id":"https:\/\/www.welovecycling.com\/hu\/#\/schema\/person\/image\/","url":"https:\/\/secure.gravatar.com\/avatar\/02cf8a7906b8cf90cecb4679defac7cfd33a1c2e3b88e4903d947f3bb58eedd3?s=96&d=mm&r=g","contentUrl":"https:\/\/secure.gravatar.com\/avatar\/02cf8a7906b8cf90cecb4679defac7cfd33a1c2e3b88e4903d947f3bb58eedd3?s=96&d=mm&r=g","caption":"hegyizs"},"url":"https:\/\/www.welovecycling.com\/hu\/author\/hegyizs\/"}]}},"_links":{"self":[{"href":"https:\/\/www.welovecycling.com\/hu\/wp-json\/wp\/v2\/posts\/9738","targetHints":{"allow":["GET"]}}],"collection":[{"href":"https:\/\/www.welovecycling.com\/hu\/wp-json\/wp\/v2\/posts"}],"about":[{"href":"https:\/\/www.welovecycling.com\/hu\/wp-json\/wp\/v2\/types\/post"}],"author":[{"embeddable":true,"href":"https:\/\/www.welovecycling.com\/hu\/wp-json\/wp\/v2\/users\/71"}],"replies":[{"embeddable":true,"href":"https:\/\/www.welovecycling.com\/hu\/wp-json\/wp\/v2\/comments?post=9738"}],"version-history":[{"count":1,"href":"https:\/\/www.welovecycling.com\/hu\/wp-json\/wp\/v2\/posts\/9738\/revisions"}],"predecessor-version":[{"id":9743,"href":"https:\/\/www.welovecycling.com\/hu\/wp-json\/wp\/v2\/posts\/9738\/revisions\/9743"}],"wp:featuredmedia":[{"embeddable":true,"href":"https:\/\/www.welovecycling.com\/hu\/wp-json\/wp\/v2\/media\/9742"}],"wp:attachment":[{"href":"https:\/\/www.welovecycling.com\/hu\/wp-json\/wp\/v2\/media?parent=9738"}],"wp:term":[{"taxonomy":"category","embeddable":true,"href":"https:\/\/www.welovecycling.com\/hu\/wp-json\/wp\/v2\/categories?post=9738"},{"taxonomy":"post_tag","embeddable":true,"href":"https:\/\/www.welovecycling.com\/hu\/wp-json\/wp\/v2\/tags?post=9738"},{"taxonomy":"global-categories","embeddable":true,"href":"https:\/\/www.welovecycling.com\/hu\/wp-json\/wp\/v2\/global-categories?post=9738"}],"curies":[{"name":"wp","href":"https:\/\/api.w.org\/{rel}","templated":true}]}}