{"id":9722,"date":"2020-12-18T08:00:26","date_gmt":"2020-12-18T07:00:26","guid":{"rendered":"https:\/\/www.welovecycling.com\/hu\/?p=9722"},"modified":"2020-12-15T10:14:44","modified_gmt":"2020-12-15T09:14:44","slug":"dolgok-amiknek-minden-bringas-orulne-karacsonyra","status":"publish","type":"post","link":"https:\/\/www.welovecycling.com\/hu\/orszaguti-kerekpar\/dolgok-amiknek-minden-bringas-orulne-karacsonyra\/","title":{"rendered":"Dolgok, amiknek minden bring\u00e1s \u00f6r\u00fclne kar\u00e1csonyra"},"content":{"rendered":"<p><strong>A ker\u00e9kp\u00e1roz\u00e1s okozta boldogs\u00e1g \u00e9s izgalom ingyenes. Minden m\u00e1st online v\u00e1s\u00e1rolhatunk meg, hogy nagyszer\u0171 kar\u00e1csonyi meglepet\u00e9st szerezz\u00fcnk szeretteinknek, akik nem tudnak k\u00e9t ker\u00e9k n\u00e9lk\u00fcl \u00e9lni. Hoztunk n\u00e9h\u00e1ny tippet, ami biztosan boldogg\u00e1 teszi \u0151ket!<\/strong><\/p>\n<h2><!--more--><strong>\u00a0<\/strong><strong>Hiplok Z LOK\u00a0<\/strong><\/h2>\n<p>Egy z\u00e1r, ami amennyire k\u00f6nny\u0171 \u00e9s kompakt, annyira biztons\u00e1gos. B\u00e1rmikor zsebre v\u00e1ghatod, gyorsan lez\u00e1rhatod vele bring\u00e1dat \u00e9s egy h\u00e1romjegy\u0171 k\u00f3ddal teheted felt\u00f6rhetetlenn\u00e9.<\/p>\n<figure id=\"attachment_9725\" aria-describedby=\"caption-attachment-9725\" style=\"width: 1022px\" class=\"wp-caption alignnone\"><a href=\"https:\/\/d2p6e6u75xmxt8.cloudfront.net\/12\/2020\/12\/Hiplok-Z-Lok.jpg\"><img loading=\"lazy\" decoding=\"async\" class=\"wp-image-9725 size-full\" src=\"https:\/\/d2p6e6u75xmxt8.cloudfront.net\/12\/2020\/12\/Hiplok-Z-Lok.jpg\" alt=\"Z LOK\" width=\"1022\" height=\"703\" srcset=\"https:\/\/d2p6e6u75xmxt8.cloudfront.net\/12\/2020\/12\/Hiplok-Z-Lok.jpg 1022w, https:\/\/d2p6e6u75xmxt8.cloudfront.net\/12\/2020\/12\/Hiplok-Z-Lok-300x206.jpg 300w, https:\/\/d2p6e6u75xmxt8.cloudfront.net\/12\/2020\/12\/Hiplok-Z-Lok-768x528.jpg 768w\" sizes=\"auto, (max-width: 1022px) 100vw, 1022px\" \/><\/a><figcaption id=\"caption-attachment-9725\" class=\"wp-caption-text\">\u00a9 Hiplok<\/figcaption><\/figure>\n<h2><strong>Cycloc Endo ker\u00e9kp\u00e1rt\u00e1rol\u00f3<\/strong><\/h2>\n<p>Ker\u00e9kp\u00e1runk belt\u00e9ri t\u00e1rol\u00e1s\u00e1hoz \u00e1ltal\u00e1ban neh\u00e9z kamp\u00f3kra vagy massz\u00edv szerkezetekre van sz\u00fcks\u00e9g\u00fcnk. Most azonban ez a kis, st\u00edlusos darab is megteszi! A C alak\u00fa r\u00e9sz tartja az els\u0151 kereket, de a h\u00e1ts\u00f3 ker\u00e9k al\u00e1 is ker\u00fcl egy elem, hogy tiszta maradjon a fal. N\u00e9zd meg, hogyan m\u0171k\u00f6dik!<\/p>\n<lite-youtube videoid=w2ZyV9piDfk params=\"enablejsapi=1\" style=\"background-image: url('https:\/\/i.ytimg.com\/vi_webp\/w2ZyV9piDfk\/maxresdefault.webp');\"><\/lite-youtube>\n<h2><strong>H\u00e1zi szerel\u0151m\u0171hely<\/strong><\/h2>\n<p>A Park Tool PCS-10.2 egy \u00f6sszecsukhat\u00f3 szerkezet, ami kiv\u00e1l\u00f3 min\u0151s\u00e9g\u0171 eszk\u00f6z\u00f6kkel \u00e1ll rendelkez\u00e9sedre, ha biciklid jav\u00edt\u00e1sra szorul. Gyorsan fel\u00e1ll\u00edthat\u00f3 \u00e9s \u00f6sszecsukhat\u00f3, \u00edgy v\u00e9szhelyzetekben is j\u00f3l j\u00f6n! Sokkal k\u00f6nnyebb biciklit szerelni, ha az nem a f\u00f6ld\u00f6n \u00e1ll. T\u00f6k\u00e9letes aj\u00e1nd\u00e9k a sport szerelmeseinek, nem igaz?<\/p>\n<h2><strong>Crane Suzu Bell<\/strong><\/h2>\n<p>A v\u00e1rosban tekerni bosszant\u00f3 \u00e9s vesz\u00e9lyes is lehet, amikor a gyalogosok r\u00e1t\u00e9vednek a bicikli\u00fatra. A jap\u00e1n, s\u00e1rgar\u00e9z Suzu Bell olyan hangosan csilingel, hogy biztosan meghallj\u00e1k az \u00fatban l\u00e9v\u0151k. Hallgasd csak!<\/p>\n<lite-youtube videoid=pWMjBYfvw20 params=\"enablejsapi=1\" style=\"background-image: url('https:\/\/i.ytimg.com\/vi_webp\/pWMjBYfvw20\/maxresdefault.webp');\"><\/lite-youtube>\n<h2><strong>Fen\u00e9k-v\u00e9d\u0151k nedvess\u00e9g ellen<\/strong><\/h2>\n<p>A nyereg alatt pihen, amikor nem esik sem az es\u0151, sem a h\u00f3, \u00e9s csak akkor j\u00f6n el\u0151, amikor leszakad az \u00e9g. Szinte minden t\u00edpussal kompatibilis, k\u00f6nny\u0171 \u00e9s csakhogynem \u00e9szrevehetetlen. Megv\u00e9d a v\u00edzt\u0151l \u00e9s a s\u00e1rt\u00f3l, \u00edgy nem kell t\u00f6bb\u00e9 sz\u00e9gyenkezned a nyakadt\u00f3l a fenekedig fut\u00f3 furcsa nedvess\u00e9g-cs\u00edkok miatt.<\/p>\n<figure id=\"attachment_9736\" aria-describedby=\"caption-attachment-9736\" style=\"width: 896px\" class=\"wp-caption aligncenter\"><img loading=\"lazy\" decoding=\"async\" class=\"wp-image-9736 size-full\" src=\"https:\/\/d2p6e6u75xmxt8.cloudfront.net\/12\/2020\/12\/asssaver.jpg\" alt=\"\" width=\"896\" height=\"880\" srcset=\"https:\/\/d2p6e6u75xmxt8.cloudfront.net\/12\/2020\/12\/asssaver.jpg 896w, https:\/\/d2p6e6u75xmxt8.cloudfront.net\/12\/2020\/12\/asssaver-300x295.jpg 300w, https:\/\/d2p6e6u75xmxt8.cloudfront.net\/12\/2020\/12\/asssaver-768x754.jpg 768w\" sizes=\"auto, (max-width: 896px) 100vw, 896px\" \/><figcaption id=\"caption-attachment-9736\" class=\"wp-caption-text\">\u00a9 Ass-savers.com<\/figcaption><\/figure>\n<h2><strong>Korm\u00e1nyra szerelhet\u0151 k\u00e1v\u00e9spoh\u00e1r-tart\u00f3<\/strong><\/h2>\n<figure id=\"attachment_9726\" aria-describedby=\"caption-attachment-9726\" style=\"width: 1024px\" class=\"wp-caption alignnone\"><a href=\"https:\/\/d2p6e6u75xmxt8.cloudfront.net\/2\/2020\/12\/500_barista.jpg\"><img loading=\"lazy\" decoding=\"async\" class=\"wp-image-9726 size-large\" src=\"https:\/\/d2p6e6u75xmxt8.cloudfront.net\/12\/2020\/12\/500_barista-1024x1024.jpg\" alt=\"Bar-ista\" width=\"1024\" height=\"1024\" srcset=\"https:\/\/d2p6e6u75xmxt8.cloudfront.net\/12\/2020\/12\/500_barista-1024x1024.jpg 1024w, https:\/\/d2p6e6u75xmxt8.cloudfront.net\/12\/2020\/12\/500_barista-300x300.jpg 300w, https:\/\/d2p6e6u75xmxt8.cloudfront.net\/12\/2020\/12\/500_barista-150x150.jpg 150w, https:\/\/d2p6e6u75xmxt8.cloudfront.net\/12\/2020\/12\/500_barista-768x768.jpg 768w, https:\/\/d2p6e6u75xmxt8.cloudfront.net\/12\/2020\/12\/500_barista-1536x1536.jpg 1536w, https:\/\/d2p6e6u75xmxt8.cloudfront.net\/12\/2020\/12\/500_barista.jpg 1632w\" sizes=\"auto, (max-width: 1024px) 100vw, 1024px\" \/><\/a><figcaption id=\"caption-attachment-9726\" class=\"wp-caption-text\">\u00a9 Portland Design Works<\/figcaption><\/figure>\n<p>Nem minden biciklis k\u00e1v\u00e9rajong\u00f3, de akik kor\u00e1n kelnek, hogy id\u0151ben be\u00e9rjenek k\u00e9t ker\u00e9ken is dolgozni, val\u00f3sz\u00edn\u0171leg nem vetik meg az \u00e9ltet\u0151 italt. A Portland Design Works Bar-Ista poh\u00e1rtart\u00f3ja a korm\u00e1nyra r\u00f6gz\u00edthet\u0151, \u00e9s b\u00e1rmekkora poharat megtart.<\/p>\n<h2><strong>Biciklis k\u00f6nyvt\u00e1masz<\/strong><\/h2>\n<p>Egyes kutat\u00e1sok szerint a ker\u00e9kp\u00e1rosok \u00e1ltal\u00e1ban k\u00f6nyvmolyok is. Ez azt jelenti, hogy meglepheted \u0151ket szuper magazinokkal \u00e9s reg\u00e9nyekkel, de egy <a href=\"https:\/\/www.amazon.de\/-\/en\/Nostalgic-Bicycle-Bookends-Clock-Hand-Antique\/dp\/B01IVJLT7O\">k\u00f6nyvt\u00e1masz<\/a> is t\u00f6k\u00e9letes aj\u00e1nd\u00e9k!<\/p>\n<h2><strong>Muc-Off tiszt\u00edt\u00f3, v\u00e9d\u0151 \u00e9s ken\u0151 szett<\/strong><\/h2>\n<figure id=\"attachment_9727\" aria-describedby=\"caption-attachment-9727\" style=\"width: 1024px\" class=\"wp-caption alignnone\"><a href=\"https:\/\/d2p6e6u75xmxt8.cloudfront.net\/2\/2020\/12\/CleanProtectLube20202Web.jpg\"><img loading=\"lazy\" decoding=\"async\" class=\"wp-image-9727 size-large\" src=\"https:\/\/d2p6e6u75xmxt8.cloudfront.net\/12\/2020\/12\/CleanProtectLube20202Web-1024x576.jpg\" alt=\"Clean and Protect Lube\" width=\"1024\" height=\"576\" srcset=\"https:\/\/d2p6e6u75xmxt8.cloudfront.net\/12\/2020\/12\/CleanProtectLube20202Web-1024x576.jpg 1024w, https:\/\/d2p6e6u75xmxt8.cloudfront.net\/12\/2020\/12\/CleanProtectLube20202Web-300x169.jpg 300w, https:\/\/d2p6e6u75xmxt8.cloudfront.net\/12\/2020\/12\/CleanProtectLube20202Web-768x432.jpg 768w, https:\/\/d2p6e6u75xmxt8.cloudfront.net\/12\/2020\/12\/CleanProtectLube20202Web-1536x864.jpg 1536w, https:\/\/d2p6e6u75xmxt8.cloudfront.net\/12\/2020\/12\/CleanProtectLube20202Web.jpg 1920w\" sizes=\"auto, (max-width: 1024px) 100vw, 1024px\" \/><\/a><figcaption id=\"caption-attachment-9727\" class=\"wp-caption-text\">\u00a9 Muc-Off<\/figcaption><\/figure>\n<p>Ebben a k\u00e9szletben minden megvan, ami kell, hogy ker\u00e9kp\u00e1runk tiszta, j\u00f3l m\u0171k\u00f6d\u0151 \u00e9s sz\u00e9p legyen. El\u00e9g egy r\u00f6vid karbantart\u00e1si rutint be\u00e9p\u00edteni edz\u00e9sterv\u00fcnkbe \u2013 f\u0151leg a s\u00e1ros utak el\u0151tt \u2013 \u00e9s nem lesz t\u00f6bb gondunk sem a l\u00e1nccal, sem a makacs szennyez\u0151d\u00e9sekkel!<\/p>\n<h2><strong>Strava el\u0151fizet\u00e9s<\/strong><\/h2>\n<p>Egy \u00e9ves el\u0151fizet\u00e9s a legn\u00e9pszer\u0171bb ker\u00e9kp\u00e1ros applik\u00e1ci\u00f3ra, hogy m\u00e9g pontosabban nyomon k\u00f6vethess\u00fck fejl\u0151d\u00e9s\u00fcnket \u00e9s \u00fatjainkat \u2013 mi lehet enn\u00e9l jobb aj\u00e1nd\u00e9k? Mindenk\u00e9pp aj\u00e1nld a <a href=\"https:\/\/www.strava.com\/clubs\/wlchu\">We Love Cycling Magyarorsz\u00e1g klubj\u00e1t<\/a> az aj\u00e1nd\u00e9k mell\u00e9!<\/p>\n<h2><strong>A biciklisek sv\u00e1jci bicsk\u00e1ja<\/strong><\/h2>\n<figure id=\"attachment_9728\" aria-describedby=\"caption-attachment-9728\" style=\"width: 1024px\" class=\"wp-caption alignnone\"><a href=\"https:\/\/d2p6e6u75xmxt8.cloudfront.net\/2\/2020\/12\/Granite.jpg\"><img loading=\"lazy\" decoding=\"async\" class=\"wp-image-9728 size-large\" src=\"https:\/\/d2p6e6u75xmxt8.cloudfront.net\/12\/2020\/12\/Granite-1024x1024.jpg\" alt=\"Granite Stash Multi Tool\" width=\"1024\" height=\"1024\" srcset=\"https:\/\/d2p6e6u75xmxt8.cloudfront.net\/12\/2020\/12\/Granite-1024x1024.jpg 1024w, https:\/\/d2p6e6u75xmxt8.cloudfront.net\/12\/2020\/12\/Granite-300x300.jpg 300w, https:\/\/d2p6e6u75xmxt8.cloudfront.net\/12\/2020\/12\/Granite-150x150.jpg 150w, https:\/\/d2p6e6u75xmxt8.cloudfront.net\/12\/2020\/12\/Granite-768x768.jpg 768w, https:\/\/d2p6e6u75xmxt8.cloudfront.net\/12\/2020\/12\/Granite.jpg 1500w\" sizes=\"auto, (max-width: 1024px) 100vw, 1024px\" \/><\/a><figcaption id=\"caption-attachment-9728\" class=\"wp-caption-text\">\u00a9 Granite Design<\/figcaption><\/figure>\n<p>A korm\u00e1nyon t\u00e1rolt apr\u00f3 eszk\u00f6z val\u00f3j\u00e1ban egy multifunkci\u00f3s ker\u00e9kp\u00e1ros k\u00e9szletet rejt. Mindig k\u00e9zn\u00e9l van \u00e9s nincs olyan baj, amin ne seg\u00edtene! Vagy ha van, akkor azt \u00fagysem tudod megoldani szerel\u0151 n\u00e9lk\u00fcl\u2026<\/p>\n","protected":false},"excerpt":{"rendered":"<p>A ker\u00e9kp\u00e1roz\u00e1s okozta boldogs\u00e1g \u00e9s izgalom ingyenes. Minden m\u00e1st online v\u00e1s\u00e1rolhatunk meg, hogy nagyszer\u0171 kar\u00e1csonyi meglepet\u00e9st szerezz\u00fcnk szeretteinknek, akik nem [&hellip;]<\/p>\n","protected":false},"author":71,"featured_media":9730,"comment_status":"open","ping_status":"open","sticky":false,"template":"","format":"standard","meta":{"footnotes":""},"categories":[8],"tags":[],"global-categories":[],"class_list":["post-9722","post","type-post","status-publish","format-standard","has-post-thumbnail","hentry","category-orszaguti-kerekpar"],"yoast_head":"<!-- This site is optimized with the Yoast SEO Premium plugin v25.3 (Yoast SEO v25.9) - https:\/\/yoast.com\/wordpress\/plugins\/seo\/ -->\n<title>Dolgok, amiknek minden bring\u00e1s \u00f6r\u00fclne kar\u00e1csonyra<\/title>\n<meta name=\"description\" content=\"A ker\u00e9kp\u00e1roz\u00e1s okozta boldogs\u00e1g \u00e9s izgalom ingyenes. Minden m\u00e1st online v\u00e1s\u00e1rolhatunk meg, hogy nagyszer\u0171 kar\u00e1csonyi meglepet\u00e9st szerezz\u00fcnk szeretteinknek, akik nem tudnak k\u00e9t ker\u00e9k n\u00e9lk\u00fcl \u00e9lni. Hoztunk n\u00e9h\u00e1ny tippet, ami biztosan boldogg\u00e1 teszi \u0151ket!\" \/>\n<meta name=\"robots\" content=\"index, follow, max-snippet:-1, max-image-preview:large, max-video-preview:-1\" \/>\n<link rel=\"canonical\" href=\"https:\/\/www.welovecycling.com\/hu\/orszaguti-kerekpar\/dolgok-amiknek-minden-bringas-orulne-karacsonyra\/\" \/>\n<meta property=\"og:locale\" content=\"hu_HU\" \/>\n<meta property=\"og:type\" content=\"article\" \/>\n<meta property=\"og:title\" content=\"Dolgok, amiknek minden bring\u00e1s \u00f6r\u00fclne kar\u00e1csonyra\" \/>\n<meta property=\"og:description\" content=\"A ker\u00e9kp\u00e1roz\u00e1s okozta boldogs\u00e1g \u00e9s izgalom ingyenes. Minden m\u00e1st online v\u00e1s\u00e1rolhatunk meg, hogy nagyszer\u0171 kar\u00e1csonyi meglepet\u00e9st szerezz\u00fcnk szeretteinknek, akik nem tudnak k\u00e9t ker\u00e9k n\u00e9lk\u00fcl \u00e9lni.\" \/>\n<meta property=\"og:url\" content=\"https:\/\/www.welovecycling.com\/hu\/orszaguti-kerekpar\/dolgok-amiknek-minden-bringas-orulne-karacsonyra\/\" \/>\n<meta property=\"og:site_name\" content=\"\u0160koda We Love Cycling - Magyarorsz\u00e1g\" \/>\n<meta property=\"article:publisher\" content=\"https:\/\/www.facebook.com\/WeLoveCyclingHungary\/\" \/>\n<meta property=\"article:published_time\" content=\"2020-12-18T07:00:26+00:00\" \/>\n<meta property=\"og:image\" content=\"https:\/\/d2p6e6u75xmxt8.cloudfront.net\/12\/2020\/12\/Ice-Christmas-Bicycle-profimedia-0568239119-CVR.jpg\" \/>\n\t<meta property=\"og:image:width\" content=\"1366\" \/>\n\t<meta property=\"og:image:height\" content=\"600\" \/>\n\t<meta property=\"og:image:type\" content=\"image\/jpeg\" \/>\n<meta name=\"author\" content=\"hegyizs\" \/>\n<meta name=\"twitter:card\" content=\"summary_large_image\" \/>\n<meta name=\"twitter:label1\" content=\"Written by\" \/>\n\t<meta name=\"twitter:data1\" content=\"Adam Marsal\" \/>\n\t<meta name=\"twitter:label2\" content=\"Est. reading time\" \/>\n\t<meta name=\"twitter:data2\" content=\"6\" \/>\n<script type=\"application\/ld+json\" class=\"yoast-schema-graph\">{\"@context\":\"https:\/\/schema.org\",\"@graph\":[{\"@type\":\"WebPage\",\"@id\":\"https:\/\/www.welovecycling.com\/hu\/orszaguti-kerekpar\/dolgok-amiknek-minden-bringas-orulne-karacsonyra\/\",\"url\":\"https:\/\/www.welovecycling.com\/hu\/orszaguti-kerekpar\/dolgok-amiknek-minden-bringas-orulne-karacsonyra\/\",\"name\":\"Dolgok, amiknek minden bring\u00e1s \u00f6r\u00fclne kar\u00e1csonyra\",\"isPartOf\":{\"@id\":\"https:\/\/www.welovecycling.com\/hu\/#website\"},\"primaryImageOfPage\":{\"@id\":\"https:\/\/www.welovecycling.com\/hu\/orszaguti-kerekpar\/dolgok-amiknek-minden-bringas-orulne-karacsonyra\/#primaryimage\"},\"image\":{\"@id\":\"https:\/\/www.welovecycling.com\/hu\/orszaguti-kerekpar\/dolgok-amiknek-minden-bringas-orulne-karacsonyra\/#primaryimage\"},\"thumbnailUrl\":\"https:\/\/d2p6e6u75xmxt8.cloudfront.net\/12\/2020\/12\/Ice-Christmas-Bicycle-profimedia-0568239119-CVR.jpg\",\"datePublished\":\"2020-12-18T07:00:26+00:00\",\"author\":{\"@id\":\"https:\/\/www.welovecycling.com\/hu\/#\/schema\/person\/414a2aebf1801691a5320edb6468e194\"},\"description\":\"A ker\u00e9kp\u00e1roz\u00e1s okozta boldogs\u00e1g \u00e9s izgalom ingyenes. Minden m\u00e1st online v\u00e1s\u00e1rolhatunk meg, hogy nagyszer\u0171 kar\u00e1csonyi meglepet\u00e9st szerezz\u00fcnk szeretteinknek, akik nem tudnak k\u00e9t ker\u00e9k n\u00e9lk\u00fcl \u00e9lni. Hoztunk n\u00e9h\u00e1ny tippet, ami biztosan boldogg\u00e1 teszi \u0151ket!\",\"breadcrumb\":{\"@id\":\"https:\/\/www.welovecycling.com\/hu\/orszaguti-kerekpar\/dolgok-amiknek-minden-bringas-orulne-karacsonyra\/#breadcrumb\"},\"inLanguage\":\"hu\",\"potentialAction\":[{\"@type\":\"ReadAction\",\"target\":[\"https:\/\/www.welovecycling.com\/hu\/orszaguti-kerekpar\/dolgok-amiknek-minden-bringas-orulne-karacsonyra\/\"]}]},{\"@type\":\"ImageObject\",\"inLanguage\":\"hu\",\"@id\":\"https:\/\/www.welovecycling.com\/hu\/orszaguti-kerekpar\/dolgok-amiknek-minden-bringas-orulne-karacsonyra\/#primaryimage\",\"url\":\"https:\/\/d2p6e6u75xmxt8.cloudfront.net\/12\/2020\/12\/Ice-Christmas-Bicycle-profimedia-0568239119-CVR.jpg\",\"contentUrl\":\"https:\/\/d2p6e6u75xmxt8.cloudfront.net\/12\/2020\/12\/Ice-Christmas-Bicycle-profimedia-0568239119-CVR.jpg\",\"width\":1366,\"height\":600,\"caption\":\"Christmas Icy Wheel\"},{\"@type\":\"BreadcrumbList\",\"@id\":\"https:\/\/www.welovecycling.com\/hu\/orszaguti-kerekpar\/dolgok-amiknek-minden-bringas-orulne-karacsonyra\/#breadcrumb\",\"itemListElement\":[{\"@type\":\"ListItem\",\"position\":1,\"name\":\"Home\",\"item\":\"https:\/\/www.welovecycling.com\/hu\/\"},{\"@type\":\"ListItem\",\"position\":2,\"name\":\"Dolgok, amiknek minden bring\u00e1s \u00f6r\u00fclne kar\u00e1csonyra\"}]},{\"@type\":\"WebSite\",\"@id\":\"https:\/\/www.welovecycling.com\/hu\/#website\",\"url\":\"https:\/\/www.welovecycling.com\/hu\/\",\"name\":\"\u0160koda We Love Cycling - Magyarorsz\u00e1g\",\"description\":\"\u0160koda WeLoveCycling\",\"potentialAction\":[{\"@type\":\"SearchAction\",\"target\":{\"@type\":\"EntryPoint\",\"urlTemplate\":\"https:\/\/www.welovecycling.com\/hu\/?s={search_term_string}\"},\"query-input\":{\"@type\":\"PropertyValueSpecification\",\"valueRequired\":true,\"valueName\":\"search_term_string\"}}],\"inLanguage\":\"hu\"},{\"@type\":\"Person\",\"@id\":\"https:\/\/www.welovecycling.com\/hu\/#\/schema\/person\/414a2aebf1801691a5320edb6468e194\",\"name\":\"hegyizs\",\"image\":{\"@type\":\"ImageObject\",\"inLanguage\":\"hu\",\"@id\":\"https:\/\/www.welovecycling.com\/hu\/#\/schema\/person\/image\/\",\"url\":\"https:\/\/secure.gravatar.com\/avatar\/02cf8a7906b8cf90cecb4679defac7cfd33a1c2e3b88e4903d947f3bb58eedd3?s=96&d=mm&r=g\",\"contentUrl\":\"https:\/\/secure.gravatar.com\/avatar\/02cf8a7906b8cf90cecb4679defac7cfd33a1c2e3b88e4903d947f3bb58eedd3?s=96&d=mm&r=g\",\"caption\":\"hegyizs\"},\"url\":\"https:\/\/www.welovecycling.com\/hu\/author\/hegyizs\/\"}]}<\/script>\n<!-- \/ Yoast SEO Premium plugin. -->","yoast_head_json":{"title":"Dolgok, amiknek minden bring\u00e1s \u00f6r\u00fclne kar\u00e1csonyra","description":"A ker\u00e9kp\u00e1roz\u00e1s okozta boldogs\u00e1g \u00e9s izgalom ingyenes. Minden m\u00e1st online v\u00e1s\u00e1rolhatunk meg, hogy nagyszer\u0171 kar\u00e1csonyi meglepet\u00e9st szerezz\u00fcnk szeretteinknek, akik nem tudnak k\u00e9t ker\u00e9k n\u00e9lk\u00fcl \u00e9lni. Hoztunk n\u00e9h\u00e1ny tippet, ami biztosan boldogg\u00e1 teszi \u0151ket!","robots":{"index":"index","follow":"follow","max-snippet":"max-snippet:-1","max-image-preview":"max-image-preview:large","max-video-preview":"max-video-preview:-1"},"canonical":"https:\/\/www.welovecycling.com\/hu\/orszaguti-kerekpar\/dolgok-amiknek-minden-bringas-orulne-karacsonyra\/","og_locale":"hu_HU","og_type":"article","og_title":"Dolgok, amiknek minden bring\u00e1s \u00f6r\u00fclne kar\u00e1csonyra","og_description":"A ker\u00e9kp\u00e1roz\u00e1s okozta boldogs\u00e1g \u00e9s izgalom ingyenes. Minden m\u00e1st online v\u00e1s\u00e1rolhatunk meg, hogy nagyszer\u0171 kar\u00e1csonyi meglepet\u00e9st szerezz\u00fcnk szeretteinknek, akik nem tudnak k\u00e9t ker\u00e9k n\u00e9lk\u00fcl \u00e9lni.","og_url":"https:\/\/www.welovecycling.com\/hu\/orszaguti-kerekpar\/dolgok-amiknek-minden-bringas-orulne-karacsonyra\/","og_site_name":"\u0160koda We Love Cycling - Magyarorsz\u00e1g","article_publisher":"https:\/\/www.facebook.com\/WeLoveCyclingHungary\/","article_published_time":"2020-12-18T07:00:26+00:00","og_image":[{"width":1366,"height":600,"url":"https:\/\/d2p6e6u75xmxt8.cloudfront.net\/12\/2020\/12\/Ice-Christmas-Bicycle-profimedia-0568239119-CVR.jpg","type":"image\/jpeg"}],"author":"hegyizs","twitter_card":"summary_large_image","twitter_misc":{"Written by":"Adam Marsal","Est. reading time":"6"},"schema":{"@context":"https:\/\/schema.org","@graph":[{"@type":"WebPage","@id":"https:\/\/www.welovecycling.com\/hu\/orszaguti-kerekpar\/dolgok-amiknek-minden-bringas-orulne-karacsonyra\/","url":"https:\/\/www.welovecycling.com\/hu\/orszaguti-kerekpar\/dolgok-amiknek-minden-bringas-orulne-karacsonyra\/","name":"Dolgok, amiknek minden bring\u00e1s \u00f6r\u00fclne kar\u00e1csonyra","isPartOf":{"@id":"https:\/\/www.welovecycling.com\/hu\/#website"},"primaryImageOfPage":{"@id":"https:\/\/www.welovecycling.com\/hu\/orszaguti-kerekpar\/dolgok-amiknek-minden-bringas-orulne-karacsonyra\/#primaryimage"},"image":{"@id":"https:\/\/www.welovecycling.com\/hu\/orszaguti-kerekpar\/dolgok-amiknek-minden-bringas-orulne-karacsonyra\/#primaryimage"},"thumbnailUrl":"https:\/\/d2p6e6u75xmxt8.cloudfront.net\/12\/2020\/12\/Ice-Christmas-Bicycle-profimedia-0568239119-CVR.jpg","datePublished":"2020-12-18T07:00:26+00:00","author":{"@id":"https:\/\/www.welovecycling.com\/hu\/#\/schema\/person\/414a2aebf1801691a5320edb6468e194"},"description":"A ker\u00e9kp\u00e1roz\u00e1s okozta boldogs\u00e1g \u00e9s izgalom ingyenes. Minden m\u00e1st online v\u00e1s\u00e1rolhatunk meg, hogy nagyszer\u0171 kar\u00e1csonyi meglepet\u00e9st szerezz\u00fcnk szeretteinknek, akik nem tudnak k\u00e9t ker\u00e9k n\u00e9lk\u00fcl \u00e9lni. Hoztunk n\u00e9h\u00e1ny tippet, ami biztosan boldogg\u00e1 teszi \u0151ket!","breadcrumb":{"@id":"https:\/\/www.welovecycling.com\/hu\/orszaguti-kerekpar\/dolgok-amiknek-minden-bringas-orulne-karacsonyra\/#breadcrumb"},"inLanguage":"hu","potentialAction":[{"@type":"ReadAction","target":["https:\/\/www.welovecycling.com\/hu\/orszaguti-kerekpar\/dolgok-amiknek-minden-bringas-orulne-karacsonyra\/"]}]},{"@type":"ImageObject","inLanguage":"hu","@id":"https:\/\/www.welovecycling.com\/hu\/orszaguti-kerekpar\/dolgok-amiknek-minden-bringas-orulne-karacsonyra\/#primaryimage","url":"https:\/\/d2p6e6u75xmxt8.cloudfront.net\/12\/2020\/12\/Ice-Christmas-Bicycle-profimedia-0568239119-CVR.jpg","contentUrl":"https:\/\/d2p6e6u75xmxt8.cloudfront.net\/12\/2020\/12\/Ice-Christmas-Bicycle-profimedia-0568239119-CVR.jpg","width":1366,"height":600,"caption":"Christmas Icy Wheel"},{"@type":"BreadcrumbList","@id":"https:\/\/www.welovecycling.com\/hu\/orszaguti-kerekpar\/dolgok-amiknek-minden-bringas-orulne-karacsonyra\/#breadcrumb","itemListElement":[{"@type":"ListItem","position":1,"name":"Home","item":"https:\/\/www.welovecycling.com\/hu\/"},{"@type":"ListItem","position":2,"name":"Dolgok, amiknek minden bring\u00e1s \u00f6r\u00fclne kar\u00e1csonyra"}]},{"@type":"WebSite","@id":"https:\/\/www.welovecycling.com\/hu\/#website","url":"https:\/\/www.welovecycling.com\/hu\/","name":"\u0160koda We Love Cycling - Magyarorsz\u00e1g","description":"\u0160koda WeLoveCycling","potentialAction":[{"@type":"SearchAction","target":{"@type":"EntryPoint","urlTemplate":"https:\/\/www.welovecycling.com\/hu\/?s={search_term_string}"},"query-input":{"@type":"PropertyValueSpecification","valueRequired":true,"valueName":"search_term_string"}}],"inLanguage":"hu"},{"@type":"Person","@id":"https:\/\/www.welovecycling.com\/hu\/#\/schema\/person\/414a2aebf1801691a5320edb6468e194","name":"hegyizs","image":{"@type":"ImageObject","inLanguage":"hu","@id":"https:\/\/www.welovecycling.com\/hu\/#\/schema\/person\/image\/","url":"https:\/\/secure.gravatar.com\/avatar\/02cf8a7906b8cf90cecb4679defac7cfd33a1c2e3b88e4903d947f3bb58eedd3?s=96&d=mm&r=g","contentUrl":"https:\/\/secure.gravatar.com\/avatar\/02cf8a7906b8cf90cecb4679defac7cfd33a1c2e3b88e4903d947f3bb58eedd3?s=96&d=mm&r=g","caption":"hegyizs"},"url":"https:\/\/www.welovecycling.com\/hu\/author\/hegyizs\/"}]}},"_links":{"self":[{"href":"https:\/\/www.welovecycling.com\/hu\/wp-json\/wp\/v2\/posts\/9722","targetHints":{"allow":["GET"]}}],"collection":[{"href":"https:\/\/www.welovecycling.com\/hu\/wp-json\/wp\/v2\/posts"}],"about":[{"href":"https:\/\/www.welovecycling.com\/hu\/wp-json\/wp\/v2\/types\/post"}],"author":[{"embeddable":true,"href":"https:\/\/www.welovecycling.com\/hu\/wp-json\/wp\/v2\/users\/71"}],"replies":[{"embeddable":true,"href":"https:\/\/www.welovecycling.com\/hu\/wp-json\/wp\/v2\/comments?post=9722"}],"version-history":[{"count":2,"href":"https:\/\/www.welovecycling.com\/hu\/wp-json\/wp\/v2\/posts\/9722\/revisions"}],"predecessor-version":[{"id":9737,"href":"https:\/\/www.welovecycling.com\/hu\/wp-json\/wp\/v2\/posts\/9722\/revisions\/9737"}],"wp:featuredmedia":[{"embeddable":true,"href":"https:\/\/www.welovecycling.com\/hu\/wp-json\/wp\/v2\/media\/9730"}],"wp:attachment":[{"href":"https:\/\/www.welovecycling.com\/hu\/wp-json\/wp\/v2\/media?parent=9722"}],"wp:term":[{"taxonomy":"category","embeddable":true,"href":"https:\/\/www.welovecycling.com\/hu\/wp-json\/wp\/v2\/categories?post=9722"},{"taxonomy":"post_tag","embeddable":true,"href":"https:\/\/www.welovecycling.com\/hu\/wp-json\/wp\/v2\/tags?post=9722"},{"taxonomy":"global-categories","embeddable":true,"href":"https:\/\/www.welovecycling.com\/hu\/wp-json\/wp\/v2\/global-categories?post=9722"}],"curies":[{"name":"wp","href":"https:\/\/api.w.org\/{rel}","templated":true}]}}