{"id":9719,"date":"2020-12-17T08:00:35","date_gmt":"2020-12-17T07:00:35","guid":{"rendered":"https:\/\/www.welovecycling.com\/hu\/?p=9719"},"modified":"2020-12-15T10:14:04","modified_gmt":"2020-12-15T09:14:04","slug":"ride2unite-alex-dowsettel-nem-leszel-jobb-max-kevesbe-rossz","status":"publish","type":"post","link":"https:\/\/www.welovecycling.com\/hu\/blog\/ride2unite-alex-dowsettel-nem-leszel-jobb-max-kevesbe-rossz\/","title":{"rendered":"#Ride2Unite Alex Dowsettel: \u201eNem leszel jobb, max kev\u00e9sb\u00e9 rossz!\u201d"},"content":{"rendered":"<p><strong>Legut\u00f3bbi #Ride2Unite podcast-sorozatunkban m\u0171sorvezet\u0151nk, Anna Glowinski utol\u00e9rte Alex Dowsettet, az UCI brit profi ker\u00e9kp\u00e1ros\u00e1t (Israel Start-Up Nation). Alexet a p\u00e1lyabicikliz\u00e9s 2015-\u00f6s vil\u00e1grekorderek\u00e9nt is ismerheted, a besz\u00e9lget\u00e9s sor\u00e1n pedig sz\u00e1mos m\u00e1s eredm\u00e9ny\u00e9r\u0151l is besz\u00e1molt.<\/strong><!--more--><\/p>\n<p>Alex Edward Albert Dowsett \u00e9lete ut\u00f3bbi 16 \u00e9v\u00e9t az orsz\u00e1g\u00fati ker\u00e9kp\u00e1roz\u00e1snak szentelte \u2013 igen eredm\u00e9nyesen. Tehets\u00e9g\u00e9t kor\u00e1n felismert\u00e9k, \u00e9s hamarosan elkezdtek gy\u0171lni az \u00e9rmek, gy\u0151zelmek \u00e9s szerz\u0151d\u00e9ses aj\u00e1nlatok.<\/p>\n<p>A mez\u0151nyben elt\u00f6lt\u00f6tt sok \u00e9vnek \u00e9s az el\u00e9rt ker\u00e9kp\u00e1ros sikereknek k\u00f6sz\u00f6nhet\u0151en Alex t\u00f6k\u00e9letes helyzetben van ahhoz, hogy tan\u00e1csokat adjon csapata fiatalabb tagjainak \u00e9s \u00e1ltal\u00e1ban a fiatal versenyz\u0151knek. Megosztott vel\u00fcnk valamit, amin \u00fagy t\u0171nik, sokat gondolkodott m\u00e1r: <em>\u201eAzt hiszem, a legnagyobb \u00fczenetem az, hogy ne hagyd mag\u00e1ra a nemzeti csapatodat. Nagyon izgalmas egyed\u00fcl versenyezni \u00e9s nemzetk\u00f6zi csapatokba beker\u00fclni, de azt gondolom, hogy az elm\u00falt \u00e9vekben t\u00fals\u00e1gosan is erre helyez\u0151d\u00f6tt a hangs\u00falyt a biciklis vil\u00e1gban. Az orsz\u00e1god\u00e9rt tekerni valahogy m\u00e1sodlagos lett n\u00e9h\u00e1ny sportol\u00f3 sz\u00e1m\u00e1ra, \u00e9s szeretn\u00e9m, ha a fiatalokn\u00e1l ez m\u00e1sk\u00e9pp lenne.\u201d<\/em><\/p>\n<div class=\"embed-controller-wrapper\"><iframe title=\"Spotify Embed: &quot;You\u2019re Not Getting Better, You\u2019re Just Getting Less Worse&quot;: #Ride2Unite Podcast with Alex Dowsett\" style=\"border-radius: 12px\" width=\"100%\" height=\"152\" frameborder=\"0\" allowfullscreen allow=\"autoplay; clipboard-write; encrypted-media; fullscreen; picture-in-picture\" loading=\"lazy\" data-src=\"https:\/\/open.spotify.com\/embed\/episode\/7lRmLfqXSkfDYLLRLxOIXe?si=bdzaAaXfSpSW3_OyTN0Obw&#038;utm_source=oembed\"><\/iframe><\/div>\n<p>Anna az interj\u00fa v\u00e9ge fel\u00e9 megk\u00e9rdezte Alexet mivel foglalkozna, ha visszavonulna a ker\u00e9kp\u00e1roz\u00e1st\u00f3l. K\u00e9t meglehet\u0151sen \u00e9sszer\u0171 lehet\u0151s\u00e9g ut\u00e1n egy igen meglep\u0151 mer\u00fclt fel: a bing\u00f3! Alex felid\u00e9zte bing\u00f3szeret\u0151 nagyij\u00e1t \u00e9s azt az egyetlen alkalmat, amikor maga is r\u00e9szt vett ebben az adrenalind\u00fas tev\u00e9kenys\u00e9gben<em>. \u201eEgyszer j\u00e1tszottam bing\u00f3t. Csak egyszer. Nyertem is, \u00edgy abbahagytam<\/em> \u201d- ismerte be. Anna megjegyezte, hogy egy gy\u0151zelem ut\u00e1n nem szok\u00e1s kisz\u00e1llni, de Alexnek el\u00e9g volt egyel\u0151re ennyi a bing\u00f3z\u00e1sb\u00f3l.<\/p>\n","protected":false},"excerpt":{"rendered":"<p>Legut\u00f3bbi #Ride2Unite podcast-sorozatunkban m\u0171sorvezet\u0151nk, Anna Glowinski utol\u00e9rte Alex Dowsettet, az UCI brit profi ker\u00e9kp\u00e1ros\u00e1t (Israel Start-Up Nation). Alexet a p\u00e1lyabicikliz\u00e9s [&hellip;]<\/p>\n","protected":false},"author":71,"featured_media":9721,"comment_status":"open","ping_status":"open","sticky":false,"template":"","format":"standard","meta":{"footnotes":""},"categories":[13],"tags":[],"global-categories":[],"class_list":["post-9719","post","type-post","status-publish","format-standard","has-post-thumbnail","hentry","category-blog"],"yoast_head":"<!-- This site is optimized with the Yoast SEO Premium plugin v25.3 (Yoast SEO v25.9) - https:\/\/yoast.com\/wordpress\/plugins\/seo\/ -->\n<title>#Ride2Unite Alex Dowsettel: \u201eNem leszel jobb, max kev\u00e9sb\u00e9 rossz!\u201d<\/title>\n<meta name=\"description\" content=\"Legut\u00f3bbi #Ride2Unite podcast-sorozatunkban m\u0171sorvezet\u0151nk, Anna Glowinski utol\u00e9rte Alex Dowsettet, az UCI brit profi ker\u00e9kp\u00e1ros\u00e1t (Israel Start-Up Nation).\" \/>\n<meta name=\"robots\" content=\"index, follow, max-snippet:-1, max-image-preview:large, max-video-preview:-1\" \/>\n<link rel=\"canonical\" href=\"https:\/\/www.welovecycling.com\/hu\/blog\/ride2unite-alex-dowsettel-nem-leszel-jobb-max-kevesbe-rossz\/\" \/>\n<meta property=\"og:locale\" content=\"hu_HU\" \/>\n<meta property=\"og:type\" content=\"article\" \/>\n<meta property=\"og:title\" content=\"#Ride2Unite Alex Dowsettel: \u201eNem leszel jobb, max kev\u00e9sb\u00e9 rossz!\u201d\" \/>\n<meta property=\"og:description\" content=\"Legut\u00f3bbi #Ride2Unite podcast-sorozatunkban m\u0171sorvezet\u0151nk, Anna Glowinski utol\u00e9rte Alex Dowsettet, az UCI brit profi ker\u00e9kp\u00e1ros\u00e1t (Israel Start-Up Nation). Alexet a p\u00e1lyabicikliz\u00e9s 2015-\u00f6s vil\u00e1grekorderek\u00e9nt is ismerheted, a besz\u00e9lget\u00e9s sor\u00e1n pedig sz\u00e1mos m\u00e1s eredm\u00e9ny\u00e9r\u0151l is besz\u00e1molt.\" \/>\n<meta property=\"og:url\" content=\"https:\/\/www.welovecycling.com\/hu\/blog\/ride2unite-alex-dowsettel-nem-leszel-jobb-max-kevesbe-rossz\/\" \/>\n<meta property=\"og:site_name\" content=\"\u0160koda We Love Cycling - Magyarorsz\u00e1g\" \/>\n<meta property=\"article:publisher\" content=\"https:\/\/www.facebook.com\/WeLoveCyclingHungary\/\" \/>\n<meta property=\"article:published_time\" content=\"2020-12-17T07:00:35+00:00\" \/>\n<meta property=\"og:image\" content=\"https:\/\/d2p6e6u75xmxt8.cloudfront.net\/12\/2020\/12\/teritka-1.jpg\" \/>\n\t<meta property=\"og:image:width\" content=\"1366\" \/>\n\t<meta property=\"og:image:height\" content=\"600\" \/>\n\t<meta property=\"og:image:type\" content=\"image\/jpeg\" \/>\n<meta name=\"author\" content=\"hegyizs\" \/>\n<meta name=\"twitter:card\" content=\"summary_large_image\" \/>\n<meta name=\"twitter:label1\" content=\"Written by\" \/>\n\t<meta name=\"twitter:data1\" content=\"Frantiska Blazkova\" \/>\n\t<meta name=\"twitter:label2\" content=\"Est. reading time\" \/>\n\t<meta name=\"twitter:data2\" content=\"4\" \/>\n<script type=\"application\/ld+json\" class=\"yoast-schema-graph\">{\"@context\":\"https:\/\/schema.org\",\"@graph\":[{\"@type\":\"WebPage\",\"@id\":\"https:\/\/www.welovecycling.com\/hu\/blog\/ride2unite-alex-dowsettel-nem-leszel-jobb-max-kevesbe-rossz\/\",\"url\":\"https:\/\/www.welovecycling.com\/hu\/blog\/ride2unite-alex-dowsettel-nem-leszel-jobb-max-kevesbe-rossz\/\",\"name\":\"#Ride2Unite Alex Dowsettel: \u201eNem leszel jobb, max kev\u00e9sb\u00e9 rossz!\u201d\",\"isPartOf\":{\"@id\":\"https:\/\/www.welovecycling.com\/hu\/#website\"},\"primaryImageOfPage\":{\"@id\":\"https:\/\/www.welovecycling.com\/hu\/blog\/ride2unite-alex-dowsettel-nem-leszel-jobb-max-kevesbe-rossz\/#primaryimage\"},\"image\":{\"@id\":\"https:\/\/www.welovecycling.com\/hu\/blog\/ride2unite-alex-dowsettel-nem-leszel-jobb-max-kevesbe-rossz\/#primaryimage\"},\"thumbnailUrl\":\"https:\/\/d2p6e6u75xmxt8.cloudfront.net\/12\/2020\/12\/teritka-1.jpg\",\"datePublished\":\"2020-12-17T07:00:35+00:00\",\"author\":{\"@id\":\"https:\/\/www.welovecycling.com\/hu\/#\/schema\/person\/414a2aebf1801691a5320edb6468e194\"},\"description\":\"Legut\u00f3bbi #Ride2Unite podcast-sorozatunkban m\u0171sorvezet\u0151nk, Anna Glowinski utol\u00e9rte Alex Dowsettet, az UCI brit profi ker\u00e9kp\u00e1ros\u00e1t (Israel Start-Up Nation).\",\"breadcrumb\":{\"@id\":\"https:\/\/www.welovecycling.com\/hu\/blog\/ride2unite-alex-dowsettel-nem-leszel-jobb-max-kevesbe-rossz\/#breadcrumb\"},\"inLanguage\":\"hu\",\"potentialAction\":[{\"@type\":\"ReadAction\",\"target\":[\"https:\/\/www.welovecycling.com\/hu\/blog\/ride2unite-alex-dowsettel-nem-leszel-jobb-max-kevesbe-rossz\/\"]}]},{\"@type\":\"ImageObject\",\"inLanguage\":\"hu\",\"@id\":\"https:\/\/www.welovecycling.com\/hu\/blog\/ride2unite-alex-dowsettel-nem-leszel-jobb-max-kevesbe-rossz\/#primaryimage\",\"url\":\"https:\/\/d2p6e6u75xmxt8.cloudfront.net\/12\/2020\/12\/teritka-1.jpg\",\"contentUrl\":\"https:\/\/d2p6e6u75xmxt8.cloudfront.net\/12\/2020\/12\/teritka-1.jpg\",\"width\":1366,\"height\":600,\"caption\":\"Alex Dowsett\"},{\"@type\":\"BreadcrumbList\",\"@id\":\"https:\/\/www.welovecycling.com\/hu\/blog\/ride2unite-alex-dowsettel-nem-leszel-jobb-max-kevesbe-rossz\/#breadcrumb\",\"itemListElement\":[{\"@type\":\"ListItem\",\"position\":1,\"name\":\"Home\",\"item\":\"https:\/\/www.welovecycling.com\/hu\/\"},{\"@type\":\"ListItem\",\"position\":2,\"name\":\"#Ride2Unite Alex Dowsettel: \u201eNem leszel jobb, max kev\u00e9sb\u00e9 rossz!\u201d\"}]},{\"@type\":\"WebSite\",\"@id\":\"https:\/\/www.welovecycling.com\/hu\/#website\",\"url\":\"https:\/\/www.welovecycling.com\/hu\/\",\"name\":\"\u0160koda We Love Cycling - Magyarorsz\u00e1g\",\"description\":\"\u0160koda WeLoveCycling\",\"potentialAction\":[{\"@type\":\"SearchAction\",\"target\":{\"@type\":\"EntryPoint\",\"urlTemplate\":\"https:\/\/www.welovecycling.com\/hu\/?s={search_term_string}\"},\"query-input\":{\"@type\":\"PropertyValueSpecification\",\"valueRequired\":true,\"valueName\":\"search_term_string\"}}],\"inLanguage\":\"hu\"},{\"@type\":\"Person\",\"@id\":\"https:\/\/www.welovecycling.com\/hu\/#\/schema\/person\/414a2aebf1801691a5320edb6468e194\",\"name\":\"hegyizs\",\"image\":{\"@type\":\"ImageObject\",\"inLanguage\":\"hu\",\"@id\":\"https:\/\/www.welovecycling.com\/hu\/#\/schema\/person\/image\/\",\"url\":\"https:\/\/secure.gravatar.com\/avatar\/02cf8a7906b8cf90cecb4679defac7cfd33a1c2e3b88e4903d947f3bb58eedd3?s=96&d=mm&r=g\",\"contentUrl\":\"https:\/\/secure.gravatar.com\/avatar\/02cf8a7906b8cf90cecb4679defac7cfd33a1c2e3b88e4903d947f3bb58eedd3?s=96&d=mm&r=g\",\"caption\":\"hegyizs\"},\"url\":\"https:\/\/www.welovecycling.com\/hu\/author\/hegyizs\/\"}]}<\/script>\n<!-- \/ Yoast SEO Premium plugin. -->","yoast_head_json":{"title":"#Ride2Unite Alex Dowsettel: \u201eNem leszel jobb, max kev\u00e9sb\u00e9 rossz!\u201d","description":"Legut\u00f3bbi #Ride2Unite podcast-sorozatunkban m\u0171sorvezet\u0151nk, Anna Glowinski utol\u00e9rte Alex Dowsettet, az UCI brit profi ker\u00e9kp\u00e1ros\u00e1t (Israel Start-Up Nation).","robots":{"index":"index","follow":"follow","max-snippet":"max-snippet:-1","max-image-preview":"max-image-preview:large","max-video-preview":"max-video-preview:-1"},"canonical":"https:\/\/www.welovecycling.com\/hu\/blog\/ride2unite-alex-dowsettel-nem-leszel-jobb-max-kevesbe-rossz\/","og_locale":"hu_HU","og_type":"article","og_title":"#Ride2Unite Alex Dowsettel: \u201eNem leszel jobb, max kev\u00e9sb\u00e9 rossz!\u201d","og_description":"Legut\u00f3bbi #Ride2Unite podcast-sorozatunkban m\u0171sorvezet\u0151nk, Anna Glowinski utol\u00e9rte Alex Dowsettet, az UCI brit profi ker\u00e9kp\u00e1ros\u00e1t (Israel Start-Up Nation). Alexet a p\u00e1lyabicikliz\u00e9s 2015-\u00f6s vil\u00e1grekorderek\u00e9nt is ismerheted, a besz\u00e9lget\u00e9s sor\u00e1n pedig sz\u00e1mos m\u00e1s eredm\u00e9ny\u00e9r\u0151l is besz\u00e1molt.","og_url":"https:\/\/www.welovecycling.com\/hu\/blog\/ride2unite-alex-dowsettel-nem-leszel-jobb-max-kevesbe-rossz\/","og_site_name":"\u0160koda We Love Cycling - Magyarorsz\u00e1g","article_publisher":"https:\/\/www.facebook.com\/WeLoveCyclingHungary\/","article_published_time":"2020-12-17T07:00:35+00:00","og_image":[{"width":1366,"height":600,"url":"https:\/\/d2p6e6u75xmxt8.cloudfront.net\/12\/2020\/12\/teritka-1.jpg","type":"image\/jpeg"}],"author":"hegyizs","twitter_card":"summary_large_image","twitter_misc":{"Written by":"Frantiska Blazkova","Est. reading time":"4"},"schema":{"@context":"https:\/\/schema.org","@graph":[{"@type":"WebPage","@id":"https:\/\/www.welovecycling.com\/hu\/blog\/ride2unite-alex-dowsettel-nem-leszel-jobb-max-kevesbe-rossz\/","url":"https:\/\/www.welovecycling.com\/hu\/blog\/ride2unite-alex-dowsettel-nem-leszel-jobb-max-kevesbe-rossz\/","name":"#Ride2Unite Alex Dowsettel: \u201eNem leszel jobb, max kev\u00e9sb\u00e9 rossz!\u201d","isPartOf":{"@id":"https:\/\/www.welovecycling.com\/hu\/#website"},"primaryImageOfPage":{"@id":"https:\/\/www.welovecycling.com\/hu\/blog\/ride2unite-alex-dowsettel-nem-leszel-jobb-max-kevesbe-rossz\/#primaryimage"},"image":{"@id":"https:\/\/www.welovecycling.com\/hu\/blog\/ride2unite-alex-dowsettel-nem-leszel-jobb-max-kevesbe-rossz\/#primaryimage"},"thumbnailUrl":"https:\/\/d2p6e6u75xmxt8.cloudfront.net\/12\/2020\/12\/teritka-1.jpg","datePublished":"2020-12-17T07:00:35+00:00","author":{"@id":"https:\/\/www.welovecycling.com\/hu\/#\/schema\/person\/414a2aebf1801691a5320edb6468e194"},"description":"Legut\u00f3bbi #Ride2Unite podcast-sorozatunkban m\u0171sorvezet\u0151nk, Anna Glowinski utol\u00e9rte Alex Dowsettet, az UCI brit profi ker\u00e9kp\u00e1ros\u00e1t (Israel Start-Up Nation).","breadcrumb":{"@id":"https:\/\/www.welovecycling.com\/hu\/blog\/ride2unite-alex-dowsettel-nem-leszel-jobb-max-kevesbe-rossz\/#breadcrumb"},"inLanguage":"hu","potentialAction":[{"@type":"ReadAction","target":["https:\/\/www.welovecycling.com\/hu\/blog\/ride2unite-alex-dowsettel-nem-leszel-jobb-max-kevesbe-rossz\/"]}]},{"@type":"ImageObject","inLanguage":"hu","@id":"https:\/\/www.welovecycling.com\/hu\/blog\/ride2unite-alex-dowsettel-nem-leszel-jobb-max-kevesbe-rossz\/#primaryimage","url":"https:\/\/d2p6e6u75xmxt8.cloudfront.net\/12\/2020\/12\/teritka-1.jpg","contentUrl":"https:\/\/d2p6e6u75xmxt8.cloudfront.net\/12\/2020\/12\/teritka-1.jpg","width":1366,"height":600,"caption":"Alex Dowsett"},{"@type":"BreadcrumbList","@id":"https:\/\/www.welovecycling.com\/hu\/blog\/ride2unite-alex-dowsettel-nem-leszel-jobb-max-kevesbe-rossz\/#breadcrumb","itemListElement":[{"@type":"ListItem","position":1,"name":"Home","item":"https:\/\/www.welovecycling.com\/hu\/"},{"@type":"ListItem","position":2,"name":"#Ride2Unite Alex Dowsettel: \u201eNem leszel jobb, max kev\u00e9sb\u00e9 rossz!\u201d"}]},{"@type":"WebSite","@id":"https:\/\/www.welovecycling.com\/hu\/#website","url":"https:\/\/www.welovecycling.com\/hu\/","name":"\u0160koda We Love Cycling - Magyarorsz\u00e1g","description":"\u0160koda WeLoveCycling","potentialAction":[{"@type":"SearchAction","target":{"@type":"EntryPoint","urlTemplate":"https:\/\/www.welovecycling.com\/hu\/?s={search_term_string}"},"query-input":{"@type":"PropertyValueSpecification","valueRequired":true,"valueName":"search_term_string"}}],"inLanguage":"hu"},{"@type":"Person","@id":"https:\/\/www.welovecycling.com\/hu\/#\/schema\/person\/414a2aebf1801691a5320edb6468e194","name":"hegyizs","image":{"@type":"ImageObject","inLanguage":"hu","@id":"https:\/\/www.welovecycling.com\/hu\/#\/schema\/person\/image\/","url":"https:\/\/secure.gravatar.com\/avatar\/02cf8a7906b8cf90cecb4679defac7cfd33a1c2e3b88e4903d947f3bb58eedd3?s=96&d=mm&r=g","contentUrl":"https:\/\/secure.gravatar.com\/avatar\/02cf8a7906b8cf90cecb4679defac7cfd33a1c2e3b88e4903d947f3bb58eedd3?s=96&d=mm&r=g","caption":"hegyizs"},"url":"https:\/\/www.welovecycling.com\/hu\/author\/hegyizs\/"}]}},"_links":{"self":[{"href":"https:\/\/www.welovecycling.com\/hu\/wp-json\/wp\/v2\/posts\/9719","targetHints":{"allow":["GET"]}}],"collection":[{"href":"https:\/\/www.welovecycling.com\/hu\/wp-json\/wp\/v2\/posts"}],"about":[{"href":"https:\/\/www.welovecycling.com\/hu\/wp-json\/wp\/v2\/types\/post"}],"author":[{"embeddable":true,"href":"https:\/\/www.welovecycling.com\/hu\/wp-json\/wp\/v2\/users\/71"}],"replies":[{"embeddable":true,"href":"https:\/\/www.welovecycling.com\/hu\/wp-json\/wp\/v2\/comments?post=9719"}],"version-history":[{"count":2,"href":"https:\/\/www.welovecycling.com\/hu\/wp-json\/wp\/v2\/posts\/9719\/revisions"}],"predecessor-version":[{"id":9735,"href":"https:\/\/www.welovecycling.com\/hu\/wp-json\/wp\/v2\/posts\/9719\/revisions\/9735"}],"wp:featuredmedia":[{"embeddable":true,"href":"https:\/\/www.welovecycling.com\/hu\/wp-json\/wp\/v2\/media\/9721"}],"wp:attachment":[{"href":"https:\/\/www.welovecycling.com\/hu\/wp-json\/wp\/v2\/media?parent=9719"}],"wp:term":[{"taxonomy":"category","embeddable":true,"href":"https:\/\/www.welovecycling.com\/hu\/wp-json\/wp\/v2\/categories?post=9719"},{"taxonomy":"post_tag","embeddable":true,"href":"https:\/\/www.welovecycling.com\/hu\/wp-json\/wp\/v2\/tags?post=9719"},{"taxonomy":"global-categories","embeddable":true,"href":"https:\/\/www.welovecycling.com\/hu\/wp-json\/wp\/v2\/global-categories?post=9719"}],"curies":[{"name":"wp","href":"https:\/\/api.w.org\/{rel}","templated":true}]}}