{"id":9714,"date":"2020-12-16T08:00:56","date_gmt":"2020-12-16T07:00:56","guid":{"rendered":"https:\/\/www.welovecycling.com\/hu\/?p=9714"},"modified":"2020-12-15T10:13:29","modified_gmt":"2020-12-15T09:13:29","slug":"rosszabbul-megy-az-edzes-ha-maszkban-vagyunk","status":"publish","type":"post","link":"https:\/\/www.welovecycling.com\/hu\/edzes-es-eletmod\/rosszabbul-megy-az-edzes-ha-maszkban-vagyunk\/","title":{"rendered":"Rosszabbul megy az edz\u00e9s, ha maszkban vagyunk?"},"content":{"rendered":"<p><strong>A Saskatchewani Egyetem kutat\u00f3i k\u00eds\u00e9rleteik sor\u00e1n azt szerett\u00e9k volna kider\u00edteni, hogy az arcmaszk visel\u00e9se belt\u00e9ri ker\u00e9kp\u00e1roz\u00e1s k\u00f6zben befoly\u00e1solja-e a teljes\u00edtm\u00e9nyt vagy sem. Vizsg\u00e1ljuk meg k\u00f6zelebbr\u0151l, mit tal\u00e1ltak!<\/strong><!--more--><\/p>\n<h2><strong>Seb\u00e9szeti maszk, textilmaszk, vagy semmilyen<\/strong><\/h2>\n<p>A vil\u00e1g sz\u00e1mos orsz\u00e1g\u00e1ban k\u00f6telez\u0151 az arcmaszk visel\u00e9se bizonyos helyzetekben a COVID-19 j\u00e1rv\u00e1ny miatt. A Saskatchewani Egyetem kutat\u00f3i \u00fagy d\u00f6nt\u00f6ttek, hogy megv\u00e1laszolj\u00e1k a fel-felmer\u00fcl\u0151 k\u00e9rd\u00e9st, hogy az er\u0151teljes testmozg\u00e1s sor\u00e1n akad\u00e1lyozza-e a maszk az oxig\u00e9nfelv\u00e9telt, vagy n\u00f6veli-e a sz\u00e9n-dioxid-felv\u00e9telt.<\/p>\n<p>A <a href=\"https:\/\/pubmed.ncbi.nlm.nih.gov\/33153145\/\">kutat\u00e1sban<\/a> fizikailag akt\u00edv \u00e9s eg\u00e9szs\u00e9ges alanyok vettek r\u00e9szt, 7 f\u00e9rfi \u00e9s 7 n\u0151. Minden r\u00e9sztvev\u0151 h\u00e1rom azonos ker\u00e9kp\u00e1ros teszten ment kereszt\u00fcl, el\u0151sz\u00f6r seb\u00e9szeti maszkot, m\u00e1sodszor h\u00e1romr\u00e9teg\u0171 sz\u00f6vetmaszkot viseltek, harmadszorra pedig arcmaszk n\u00e9lk\u00fcl teljes\u00edtett\u00e9k a feladatot.<\/p>\n<figure id=\"attachment_9715\" aria-describedby=\"caption-attachment-9715\" style=\"width: 1024px\" class=\"wp-caption alignnone\"><a href=\"https:\/\/d2p6e6u75xmxt8.cloudfront.net\/2\/2020\/12\/Exercise-with-mask-profimedia-0566856534.jpg\"><img loading=\"lazy\" decoding=\"async\" class=\"wp-image-9715 size-large\" src=\"https:\/\/d2p6e6u75xmxt8.cloudfront.net\/12\/2020\/12\/Exercise-with-mask-profimedia-0566856534-1024x682.jpg\" alt=\"Exercising with a face mask\" width=\"1024\" height=\"682\" srcset=\"https:\/\/d2p6e6u75xmxt8.cloudfront.net\/12\/2020\/12\/Exercise-with-mask-profimedia-0566856534-1024x682.jpg 1024w, https:\/\/d2p6e6u75xmxt8.cloudfront.net\/12\/2020\/12\/Exercise-with-mask-profimedia-0566856534-300x200.jpg 300w, https:\/\/d2p6e6u75xmxt8.cloudfront.net\/12\/2020\/12\/Exercise-with-mask-profimedia-0566856534-768x512.jpg 768w, https:\/\/d2p6e6u75xmxt8.cloudfront.net\/12\/2020\/12\/Exercise-with-mask-profimedia-0566856534-272x182.jpg 272w, https:\/\/d2p6e6u75xmxt8.cloudfront.net\/12\/2020\/12\/Exercise-with-mask-profimedia-0566856534.jpg 1250w\" sizes=\"auto, (max-width: 1024px) 100vw, 1024px\" \/><\/a><figcaption id=\"caption-attachment-9715\" class=\"wp-caption-text\"><em>Befoly\u00e1solja a maszk a teljes\u00edt\u0151k\u00e9pess\u00e9get? \u00a9 Profimedia<\/em><\/figcaption><\/figure>\n<p><em>\u201eHa az emberek arcmaszkot viselnek a belt\u00e9ri testmozg\u00e1s sor\u00e1n, az biztons\u00e1gosabb\u00e1 teheti az edz\u00e9seket, \u00e9s lehet\u0151v\u00e9 teszi, hogy egyes helyeken nyitva maradjanak az edz\u0151termek a COVID alatt is. S\u0151t, ak\u00e1r m\u00e1s sportok is profit\u00e1lhatnak ebb\u0151l, bele\u00e9rtve a hokit is, ahol a COVID-19 k\u00fcl\u00f6n\u00f6sen gyorsan terjed\u201d-<\/em> mondta Phil Chilibeck, a tanulm\u00e1ny t\u00e1rsszerz\u0151je.<\/p>\n<h2><strong>V\u00e9r- \u00e9s izom oxig\u00e9nszint<\/strong><\/h2>\n<p>Maga a teszt belt\u00e9ri ker\u00e9kp\u00e1rokon zajlott le. Bemeleg\u00edt\u00e9s ut\u00e1n fokozatosan n\u00f6velt\u00e9k az intenzit\u00e1st, mik\u00f6zben a r\u00e9sztvev\u0151knek \u00e1lland\u00f3 ped\u00e1lsebess\u00e9get kellett fenntartaniuk. Ha erre m\u00e1r nem voltak k\u00e9pesek, a teszt v\u00e9get \u00e9rt. A kutat\u00f3k a vizsg\u00e1lat sor\u00e1n r\u00f6gz\u00edtett\u00e9k a r\u00e9sztvev\u0151k v\u00e9r- \u00e9s izom-oxig\u00e9nszintj\u00e9t.<\/p>\n<p><em>&#8220;A r\u00e9sztvev\u0151k \u00e1ltal\u00e1ban 6-12 perc alatt mer\u00fcltek ki, az edzetts\u00e9gi szintj\u00fckt\u0151l f\u00fcgg\u0151en&#8221;<\/em> &#8211; mondta Chilibeck.<\/p>\n<figure id=\"attachment_9716\" aria-describedby=\"caption-attachment-9716\" style=\"width: 1024px\" class=\"wp-caption alignnone\"><a href=\"https:\/\/d2p6e6u75xmxt8.cloudfront.net\/2\/2020\/12\/Tour-mask-profimedia-0557948185.jpg\"><img loading=\"lazy\" decoding=\"async\" class=\"wp-image-9716 size-large\" src=\"https:\/\/d2p6e6u75xmxt8.cloudfront.net\/12\/2020\/12\/Tour-mask-profimedia-0557948185-1024x682.jpg\" alt=\"Tour de France Race\" width=\"1024\" height=\"682\" srcset=\"https:\/\/d2p6e6u75xmxt8.cloudfront.net\/12\/2020\/12\/Tour-mask-profimedia-0557948185-1024x682.jpg 1024w, https:\/\/d2p6e6u75xmxt8.cloudfront.net\/12\/2020\/12\/Tour-mask-profimedia-0557948185-300x200.jpg 300w, https:\/\/d2p6e6u75xmxt8.cloudfront.net\/12\/2020\/12\/Tour-mask-profimedia-0557948185-768x512.jpg 768w, https:\/\/d2p6e6u75xmxt8.cloudfront.net\/12\/2020\/12\/Tour-mask-profimedia-0557948185-272x182.jpg 272w, https:\/\/d2p6e6u75xmxt8.cloudfront.net\/12\/2020\/12\/Tour-mask-profimedia-0557948185.jpg 1250w\" sizes=\"auto, (max-width: 1024px) 100vw, 1024px\" \/><\/a><figcaption id=\"caption-attachment-9716\" class=\"wp-caption-text\"><em>Nem volt nyilv\u00e1nval\u00f3 k\u00fcl\u00f6nbs\u00e9g a cs\u00facsteljes\u00edtm\u00e9ny tekintet\u00e9ben. \u00a9 Profimedia<\/em><\/figcaption><\/figure>\n<h2><strong>Nincs negat\u00edv hat\u00e1s!<\/strong><\/h2>\n<p>A tanulm\u00e1ny arra a k\u00f6vetkeztet\u00e9sre jutott, hogy az arcmaszk visel\u00e9se a testmozg\u00e1s sor\u00e1n nincs \u00e9szrevehet\u0151 negat\u00edv hat\u00e1ssal a fiatal, eg\u00e9szs\u00e9ges emberek v\u00e9r- vagy izomoxigeniz\u00e1ci\u00f3j\u00e1ra, pulzus\u00e1ra, \u00e9szlelt megterhel\u00e9s\u00e9re \u00e9s teljes\u00edtm\u00e9ny\u00e9re.<\/p>\n<p><em>\u201eEredm\u00e9nyeink az\u00e9rt fontosak, mert azt jelzik, hogy az emberek intenz\u00edv testmozg\u00e1s k\u00f6zben is viselhetnek arcmaszkot, nincs k\u00e1ros hat\u00e1ssal a teljes\u00edtm\u00e9nyre, \u00e9s csak minim\u00e1lisan befoly\u00e1solja a v\u00e9r \u00e9s az izom oxig\u00e9nell\u00e1t\u00e1s\u00e1t\u201d<\/em> &#8211; \u00e1llap\u00edtott\u00e1k meg a kutat\u00f3k.<\/p>\n","protected":false},"excerpt":{"rendered":"<p>A Saskatchewani Egyetem kutat\u00f3i k\u00eds\u00e9rleteik sor\u00e1n azt szerett\u00e9k volna kider\u00edteni, hogy az arcmaszk visel\u00e9se belt\u00e9ri ker\u00e9kp\u00e1roz\u00e1s k\u00f6zben befoly\u00e1solja-e a teljes\u00edtm\u00e9nyt [&hellip;]<\/p>\n","protected":false},"author":71,"featured_media":9718,"comment_status":"open","ping_status":"open","sticky":false,"template":"","format":"standard","meta":{"footnotes":""},"categories":[6],"tags":[],"global-categories":[],"class_list":["post-9714","post","type-post","status-publish","format-standard","has-post-thumbnail","hentry","category-edzes-es-eletmod"],"yoast_head":"<!-- This site is optimized with the Yoast SEO Premium plugin v25.3 (Yoast SEO v25.9) - https:\/\/yoast.com\/wordpress\/plugins\/seo\/ -->\n<title>Rosszabbul megy az edz\u00e9s, ha maszkban vagyunk?<\/title>\n<meta name=\"description\" content=\"A Saskatchewani Egyetem kutat\u00f3i k\u00eds\u00e9rleteik sor\u00e1n azt szerett\u00e9k volna kider\u00edteni, hogy az arcmaszk visel\u00e9se belt\u00e9ri ker\u00e9kp\u00e1roz\u00e1s k\u00f6zben befoly\u00e1solja-e a teljes\u00edtm\u00e9nyt vagy sem. Vizsg\u00e1ljuk meg k\u00f6zelebbr\u0151l, mit tal\u00e1ltak!\" \/>\n<meta name=\"robots\" content=\"index, follow, max-snippet:-1, max-image-preview:large, max-video-preview:-1\" \/>\n<link rel=\"canonical\" href=\"https:\/\/www.welovecycling.com\/hu\/edzes-es-eletmod\/rosszabbul-megy-az-edzes-ha-maszkban-vagyunk\/\" \/>\n<meta property=\"og:locale\" content=\"hu_HU\" \/>\n<meta property=\"og:type\" content=\"article\" \/>\n<meta property=\"og:title\" content=\"Rosszabbul megy az edz\u00e9s, ha maszkban vagyunk?\" \/>\n<meta property=\"og:description\" content=\"A Saskatchewani Egyetem kutat\u00f3i k\u00eds\u00e9rleteik sor\u00e1n azt szerett\u00e9k volna kider\u00edteni, hogy az arcmaszk visel\u00e9se belt\u00e9ri ker\u00e9kp\u00e1roz\u00e1s k\u00f6zben befoly\u00e1solja-e a teljes\u00edtm\u00e9nyt vagy sem. Vizsg\u00e1ljuk meg k\u00f6zelebbr\u0151l, mit tal\u00e1ltak!\" \/>\n<meta property=\"og:url\" content=\"https:\/\/www.welovecycling.com\/hu\/edzes-es-eletmod\/rosszabbul-megy-az-edzes-ha-maszkban-vagyunk\/\" \/>\n<meta property=\"og:site_name\" content=\"\u0160koda We Love Cycling - Magyarorsz\u00e1g\" \/>\n<meta property=\"article:publisher\" content=\"https:\/\/www.facebook.com\/WeLoveCyclingHungary\/\" \/>\n<meta property=\"article:published_time\" content=\"2020-12-16T07:00:56+00:00\" \/>\n<meta property=\"og:image\" content=\"https:\/\/d2p6e6u75xmxt8.cloudfront.net\/12\/2020\/12\/Face-mask-bicycle-profimedia-0559957117-CVR.jpg\" \/>\n\t<meta property=\"og:image:width\" content=\"1366\" \/>\n\t<meta property=\"og:image:height\" content=\"600\" \/>\n\t<meta property=\"og:image:type\" content=\"image\/jpeg\" \/>\n<meta name=\"author\" content=\"hegyizs\" \/>\n<meta name=\"twitter:card\" content=\"summary_large_image\" \/>\n<meta name=\"twitter:label1\" content=\"Written by\" \/>\n\t<meta name=\"twitter:data1\" content=\"Jiri Kaloc\" \/>\n\t<meta name=\"twitter:label2\" content=\"Est. reading time\" \/>\n\t<meta name=\"twitter:data2\" content=\"5\" \/>\n<script type=\"application\/ld+json\" class=\"yoast-schema-graph\">{\"@context\":\"https:\/\/schema.org\",\"@graph\":[{\"@type\":\"WebPage\",\"@id\":\"https:\/\/www.welovecycling.com\/hu\/edzes-es-eletmod\/rosszabbul-megy-az-edzes-ha-maszkban-vagyunk\/\",\"url\":\"https:\/\/www.welovecycling.com\/hu\/edzes-es-eletmod\/rosszabbul-megy-az-edzes-ha-maszkban-vagyunk\/\",\"name\":\"Rosszabbul megy az edz\u00e9s, ha maszkban vagyunk?\",\"isPartOf\":{\"@id\":\"https:\/\/www.welovecycling.com\/hu\/#website\"},\"primaryImageOfPage\":{\"@id\":\"https:\/\/www.welovecycling.com\/hu\/edzes-es-eletmod\/rosszabbul-megy-az-edzes-ha-maszkban-vagyunk\/#primaryimage\"},\"image\":{\"@id\":\"https:\/\/www.welovecycling.com\/hu\/edzes-es-eletmod\/rosszabbul-megy-az-edzes-ha-maszkban-vagyunk\/#primaryimage\"},\"thumbnailUrl\":\"https:\/\/d2p6e6u75xmxt8.cloudfront.net\/12\/2020\/12\/Face-mask-bicycle-profimedia-0559957117-CVR.jpg\",\"datePublished\":\"2020-12-16T07:00:56+00:00\",\"author\":{\"@id\":\"https:\/\/www.welovecycling.com\/hu\/#\/schema\/person\/414a2aebf1801691a5320edb6468e194\"},\"description\":\"A Saskatchewani Egyetem kutat\u00f3i k\u00eds\u00e9rleteik sor\u00e1n azt szerett\u00e9k volna kider\u00edteni, hogy az arcmaszk visel\u00e9se belt\u00e9ri ker\u00e9kp\u00e1roz\u00e1s k\u00f6zben befoly\u00e1solja-e a teljes\u00edtm\u00e9nyt vagy sem. Vizsg\u00e1ljuk meg k\u00f6zelebbr\u0151l, mit tal\u00e1ltak!\",\"breadcrumb\":{\"@id\":\"https:\/\/www.welovecycling.com\/hu\/edzes-es-eletmod\/rosszabbul-megy-az-edzes-ha-maszkban-vagyunk\/#breadcrumb\"},\"inLanguage\":\"hu\",\"potentialAction\":[{\"@type\":\"ReadAction\",\"target\":[\"https:\/\/www.welovecycling.com\/hu\/edzes-es-eletmod\/rosszabbul-megy-az-edzes-ha-maszkban-vagyunk\/\"]}]},{\"@type\":\"ImageObject\",\"inLanguage\":\"hu\",\"@id\":\"https:\/\/www.welovecycling.com\/hu\/edzes-es-eletmod\/rosszabbul-megy-az-edzes-ha-maszkban-vagyunk\/#primaryimage\",\"url\":\"https:\/\/d2p6e6u75xmxt8.cloudfront.net\/12\/2020\/12\/Face-mask-bicycle-profimedia-0559957117-CVR.jpg\",\"contentUrl\":\"https:\/\/d2p6e6u75xmxt8.cloudfront.net\/12\/2020\/12\/Face-mask-bicycle-profimedia-0559957117-CVR.jpg\",\"width\":1366,\"height\":600,\"caption\":\"Face mask on a bicycle\"},{\"@type\":\"BreadcrumbList\",\"@id\":\"https:\/\/www.welovecycling.com\/hu\/edzes-es-eletmod\/rosszabbul-megy-az-edzes-ha-maszkban-vagyunk\/#breadcrumb\",\"itemListElement\":[{\"@type\":\"ListItem\",\"position\":1,\"name\":\"Home\",\"item\":\"https:\/\/www.welovecycling.com\/hu\/\"},{\"@type\":\"ListItem\",\"position\":2,\"name\":\"Rosszabbul megy az edz\u00e9s, ha maszkban vagyunk?\"}]},{\"@type\":\"WebSite\",\"@id\":\"https:\/\/www.welovecycling.com\/hu\/#website\",\"url\":\"https:\/\/www.welovecycling.com\/hu\/\",\"name\":\"\u0160koda We Love Cycling - Magyarorsz\u00e1g\",\"description\":\"\u0160koda WeLoveCycling\",\"potentialAction\":[{\"@type\":\"SearchAction\",\"target\":{\"@type\":\"EntryPoint\",\"urlTemplate\":\"https:\/\/www.welovecycling.com\/hu\/?s={search_term_string}\"},\"query-input\":{\"@type\":\"PropertyValueSpecification\",\"valueRequired\":true,\"valueName\":\"search_term_string\"}}],\"inLanguage\":\"hu\"},{\"@type\":\"Person\",\"@id\":\"https:\/\/www.welovecycling.com\/hu\/#\/schema\/person\/414a2aebf1801691a5320edb6468e194\",\"name\":\"hegyizs\",\"image\":{\"@type\":\"ImageObject\",\"inLanguage\":\"hu\",\"@id\":\"https:\/\/www.welovecycling.com\/hu\/#\/schema\/person\/image\/\",\"url\":\"https:\/\/secure.gravatar.com\/avatar\/02cf8a7906b8cf90cecb4679defac7cfd33a1c2e3b88e4903d947f3bb58eedd3?s=96&d=mm&r=g\",\"contentUrl\":\"https:\/\/secure.gravatar.com\/avatar\/02cf8a7906b8cf90cecb4679defac7cfd33a1c2e3b88e4903d947f3bb58eedd3?s=96&d=mm&r=g\",\"caption\":\"hegyizs\"},\"url\":\"https:\/\/www.welovecycling.com\/hu\/author\/hegyizs\/\"}]}<\/script>\n<!-- \/ Yoast SEO Premium plugin. -->","yoast_head_json":{"title":"Rosszabbul megy az edz\u00e9s, ha maszkban vagyunk?","description":"A Saskatchewani Egyetem kutat\u00f3i k\u00eds\u00e9rleteik sor\u00e1n azt szerett\u00e9k volna kider\u00edteni, hogy az arcmaszk visel\u00e9se belt\u00e9ri ker\u00e9kp\u00e1roz\u00e1s k\u00f6zben befoly\u00e1solja-e a teljes\u00edtm\u00e9nyt vagy sem. Vizsg\u00e1ljuk meg k\u00f6zelebbr\u0151l, mit tal\u00e1ltak!","robots":{"index":"index","follow":"follow","max-snippet":"max-snippet:-1","max-image-preview":"max-image-preview:large","max-video-preview":"max-video-preview:-1"},"canonical":"https:\/\/www.welovecycling.com\/hu\/edzes-es-eletmod\/rosszabbul-megy-az-edzes-ha-maszkban-vagyunk\/","og_locale":"hu_HU","og_type":"article","og_title":"Rosszabbul megy az edz\u00e9s, ha maszkban vagyunk?","og_description":"A Saskatchewani Egyetem kutat\u00f3i k\u00eds\u00e9rleteik sor\u00e1n azt szerett\u00e9k volna kider\u00edteni, hogy az arcmaszk visel\u00e9se belt\u00e9ri ker\u00e9kp\u00e1roz\u00e1s k\u00f6zben befoly\u00e1solja-e a teljes\u00edtm\u00e9nyt vagy sem. Vizsg\u00e1ljuk meg k\u00f6zelebbr\u0151l, mit tal\u00e1ltak!","og_url":"https:\/\/www.welovecycling.com\/hu\/edzes-es-eletmod\/rosszabbul-megy-az-edzes-ha-maszkban-vagyunk\/","og_site_name":"\u0160koda We Love Cycling - Magyarorsz\u00e1g","article_publisher":"https:\/\/www.facebook.com\/WeLoveCyclingHungary\/","article_published_time":"2020-12-16T07:00:56+00:00","og_image":[{"width":1366,"height":600,"url":"https:\/\/d2p6e6u75xmxt8.cloudfront.net\/12\/2020\/12\/Face-mask-bicycle-profimedia-0559957117-CVR.jpg","type":"image\/jpeg"}],"author":"hegyizs","twitter_card":"summary_large_image","twitter_misc":{"Written by":"Jiri Kaloc","Est. reading time":"5"},"schema":{"@context":"https:\/\/schema.org","@graph":[{"@type":"WebPage","@id":"https:\/\/www.welovecycling.com\/hu\/edzes-es-eletmod\/rosszabbul-megy-az-edzes-ha-maszkban-vagyunk\/","url":"https:\/\/www.welovecycling.com\/hu\/edzes-es-eletmod\/rosszabbul-megy-az-edzes-ha-maszkban-vagyunk\/","name":"Rosszabbul megy az edz\u00e9s, ha maszkban vagyunk?","isPartOf":{"@id":"https:\/\/www.welovecycling.com\/hu\/#website"},"primaryImageOfPage":{"@id":"https:\/\/www.welovecycling.com\/hu\/edzes-es-eletmod\/rosszabbul-megy-az-edzes-ha-maszkban-vagyunk\/#primaryimage"},"image":{"@id":"https:\/\/www.welovecycling.com\/hu\/edzes-es-eletmod\/rosszabbul-megy-az-edzes-ha-maszkban-vagyunk\/#primaryimage"},"thumbnailUrl":"https:\/\/d2p6e6u75xmxt8.cloudfront.net\/12\/2020\/12\/Face-mask-bicycle-profimedia-0559957117-CVR.jpg","datePublished":"2020-12-16T07:00:56+00:00","author":{"@id":"https:\/\/www.welovecycling.com\/hu\/#\/schema\/person\/414a2aebf1801691a5320edb6468e194"},"description":"A Saskatchewani Egyetem kutat\u00f3i k\u00eds\u00e9rleteik sor\u00e1n azt szerett\u00e9k volna kider\u00edteni, hogy az arcmaszk visel\u00e9se belt\u00e9ri ker\u00e9kp\u00e1roz\u00e1s k\u00f6zben befoly\u00e1solja-e a teljes\u00edtm\u00e9nyt vagy sem. Vizsg\u00e1ljuk meg k\u00f6zelebbr\u0151l, mit tal\u00e1ltak!","breadcrumb":{"@id":"https:\/\/www.welovecycling.com\/hu\/edzes-es-eletmod\/rosszabbul-megy-az-edzes-ha-maszkban-vagyunk\/#breadcrumb"},"inLanguage":"hu","potentialAction":[{"@type":"ReadAction","target":["https:\/\/www.welovecycling.com\/hu\/edzes-es-eletmod\/rosszabbul-megy-az-edzes-ha-maszkban-vagyunk\/"]}]},{"@type":"ImageObject","inLanguage":"hu","@id":"https:\/\/www.welovecycling.com\/hu\/edzes-es-eletmod\/rosszabbul-megy-az-edzes-ha-maszkban-vagyunk\/#primaryimage","url":"https:\/\/d2p6e6u75xmxt8.cloudfront.net\/12\/2020\/12\/Face-mask-bicycle-profimedia-0559957117-CVR.jpg","contentUrl":"https:\/\/d2p6e6u75xmxt8.cloudfront.net\/12\/2020\/12\/Face-mask-bicycle-profimedia-0559957117-CVR.jpg","width":1366,"height":600,"caption":"Face mask on a bicycle"},{"@type":"BreadcrumbList","@id":"https:\/\/www.welovecycling.com\/hu\/edzes-es-eletmod\/rosszabbul-megy-az-edzes-ha-maszkban-vagyunk\/#breadcrumb","itemListElement":[{"@type":"ListItem","position":1,"name":"Home","item":"https:\/\/www.welovecycling.com\/hu\/"},{"@type":"ListItem","position":2,"name":"Rosszabbul megy az edz\u00e9s, ha maszkban vagyunk?"}]},{"@type":"WebSite","@id":"https:\/\/www.welovecycling.com\/hu\/#website","url":"https:\/\/www.welovecycling.com\/hu\/","name":"\u0160koda We Love Cycling - Magyarorsz\u00e1g","description":"\u0160koda WeLoveCycling","potentialAction":[{"@type":"SearchAction","target":{"@type":"EntryPoint","urlTemplate":"https:\/\/www.welovecycling.com\/hu\/?s={search_term_string}"},"query-input":{"@type":"PropertyValueSpecification","valueRequired":true,"valueName":"search_term_string"}}],"inLanguage":"hu"},{"@type":"Person","@id":"https:\/\/www.welovecycling.com\/hu\/#\/schema\/person\/414a2aebf1801691a5320edb6468e194","name":"hegyizs","image":{"@type":"ImageObject","inLanguage":"hu","@id":"https:\/\/www.welovecycling.com\/hu\/#\/schema\/person\/image\/","url":"https:\/\/secure.gravatar.com\/avatar\/02cf8a7906b8cf90cecb4679defac7cfd33a1c2e3b88e4903d947f3bb58eedd3?s=96&d=mm&r=g","contentUrl":"https:\/\/secure.gravatar.com\/avatar\/02cf8a7906b8cf90cecb4679defac7cfd33a1c2e3b88e4903d947f3bb58eedd3?s=96&d=mm&r=g","caption":"hegyizs"},"url":"https:\/\/www.welovecycling.com\/hu\/author\/hegyizs\/"}]}},"_links":{"self":[{"href":"https:\/\/www.welovecycling.com\/hu\/wp-json\/wp\/v2\/posts\/9714","targetHints":{"allow":["GET"]}}],"collection":[{"href":"https:\/\/www.welovecycling.com\/hu\/wp-json\/wp\/v2\/posts"}],"about":[{"href":"https:\/\/www.welovecycling.com\/hu\/wp-json\/wp\/v2\/types\/post"}],"author":[{"embeddable":true,"href":"https:\/\/www.welovecycling.com\/hu\/wp-json\/wp\/v2\/users\/71"}],"replies":[{"embeddable":true,"href":"https:\/\/www.welovecycling.com\/hu\/wp-json\/wp\/v2\/comments?post=9714"}],"version-history":[{"count":2,"href":"https:\/\/www.welovecycling.com\/hu\/wp-json\/wp\/v2\/posts\/9714\/revisions"}],"predecessor-version":[{"id":9733,"href":"https:\/\/www.welovecycling.com\/hu\/wp-json\/wp\/v2\/posts\/9714\/revisions\/9733"}],"wp:featuredmedia":[{"embeddable":true,"href":"https:\/\/www.welovecycling.com\/hu\/wp-json\/wp\/v2\/media\/9718"}],"wp:attachment":[{"href":"https:\/\/www.welovecycling.com\/hu\/wp-json\/wp\/v2\/media?parent=9714"}],"wp:term":[{"taxonomy":"category","embeddable":true,"href":"https:\/\/www.welovecycling.com\/hu\/wp-json\/wp\/v2\/categories?post=9714"},{"taxonomy":"post_tag","embeddable":true,"href":"https:\/\/www.welovecycling.com\/hu\/wp-json\/wp\/v2\/tags?post=9714"},{"taxonomy":"global-categories","embeddable":true,"href":"https:\/\/www.welovecycling.com\/hu\/wp-json\/wp\/v2\/global-categories?post=9714"}],"curies":[{"name":"wp","href":"https:\/\/api.w.org\/{rel}","templated":true}]}}