{"id":9704,"date":"2020-12-15T09:38:42","date_gmt":"2020-12-15T08:38:42","guid":{"rendered":"https:\/\/www.welovecycling.com\/hu\/?p=9704"},"modified":"2020-12-15T09:38:42","modified_gmt":"2020-12-15T08:38:42","slug":"colin-furze-biciklije-vicces-es-meg-tavolsagot-is-tart","status":"publish","type":"post","link":"https:\/\/www.welovecycling.com\/hu\/kozosseg-es-kultura\/colin-furze-biciklije-vicces-es-meg-tavolsagot-is-tart\/","title":{"rendered":"Colin Furze biciklije vicces, \u00e9s m\u00e9g t\u00e1vols\u00e1got is tart!"},"content":{"rendered":"<p><strong>Abban egyet\u00e9rthet\u00fcnk, hogy a t\u00e1rsas\u00e1gi \u00e9let\u00fcnk az elm\u00falt n\u00e9h\u00e1ny h\u00f3napban nem volt a legizgalmasabb. De van n\u00e9h\u00e1ny m\u00f3dja annak, hogy feljav\u00edtsuk kicsit a vil\u00e1gv\u00e9ge hangulatot! Colin Furze-nek legal\u00e1bbis siker\u00fclt: a Youtuber egy t\u00e1vols\u00e1got tart\u00f3 ker\u00e9kp\u00e1rt \u00e9p\u00edtett, amit \u00fagy gondoltuk, \u00e9rdemes l\u00e1tnotok.<\/strong><!--more--><\/p>\n<p>A k\u00e9t m\u00e9ter magas ker\u00e9kp\u00e1r \u00e1prilisban tette meg els\u0151 \u00fatj\u00e1t egy \u00e9lelmiszerboltba. A <em>#lockdownbreakdown<\/em> hashtaggel el\u0151\u00e1llva Colin meger\u0151s\u00edtett mindenkit, hogy nincs egyed\u00fcl a furcsa \u00e9rz\u00e9sekkel, amelyek a lez\u00e1r\u00e1s alatt t\u00f6rnek r\u00e1. A YouTuber megtal\u00e1lta a m\u00f3dj\u00e1t, hogy \u00f6sszek\u00f6sse \u00e9s sz\u00f3rakoztassa az embereket. Meg\u00e9p\u00edtette a ker\u00e9kp\u00e1rt, ami lehet\u0151v\u00e9 tette sz\u00e1m\u00e1ra, hogy k\u00f6zlekedhessen \u00e9s emberekkel tal\u00e1lkozhasson, mik\u00f6zben tartja a 2 m\u00e9teres t\u00e1vols\u00e1got!<\/p>\n<figure id=\"attachment_9706\" aria-describedby=\"caption-attachment-9706\" style=\"width: 1024px\" class=\"wp-caption alignnone\"><a href=\"https:\/\/d2p6e6u75xmxt8.cloudfront.net\/2\/2020\/12\/Hicycle-profimedia-0513737093.jpg\"><img loading=\"lazy\" decoding=\"async\" class=\"size-large wp-image-9706\" src=\"https:\/\/d2p6e6u75xmxt8.cloudfront.net\/12\/2020\/12\/Hicycle-profimedia-0513737093-1024x768.jpg\" alt=\"Hicycle\" width=\"1024\" height=\"768\" srcset=\"https:\/\/d2p6e6u75xmxt8.cloudfront.net\/12\/2020\/12\/Hicycle-profimedia-0513737093-1024x768.jpg 1024w, https:\/\/d2p6e6u75xmxt8.cloudfront.net\/12\/2020\/12\/Hicycle-profimedia-0513737093-300x225.jpg 300w, https:\/\/d2p6e6u75xmxt8.cloudfront.net\/12\/2020\/12\/Hicycle-profimedia-0513737093-768x576.jpg 768w, https:\/\/d2p6e6u75xmxt8.cloudfront.net\/12\/2020\/12\/Hicycle-profimedia-0513737093.jpg 1250w\" sizes=\"auto, (max-width: 1024px) 100vw, 1024px\" \/><\/a><figcaption id=\"caption-attachment-9706\" class=\"wp-caption-text\"><em>Colin Furze t\u00e1vols\u00e1gtart\u00f3 ker\u00e9kp\u00e1rja. \u00a9 Profimedia<\/em><\/figcaption><\/figure>\n<p>Nyilv\u00e1nval\u00f3, hogy a speci\u00e1lis konstrukci\u00f3 bizonyos kih\u00edv\u00e1sokat jelent. Maga a hajt\u00e1sa Colin szerint nem olyan neh\u00e9z, a kanyarokat bevenni viszont ann\u00e1l ink\u00e1bb. Lesz\u00e1ll\u00e1s szempontj\u00e1b\u00f3l pedig az a legjobb, ha egy l\u00e1mpaoszlop mellett tud leparkolni, hiszen \u00edgy le tud m\u00e1szni a nyeregb\u0151l. Az ilyen apr\u00f3 akad\u00e1lyok ellen\u00e9re azonban Colin tal\u00e1lm\u00e1nya igen elismer\u00e9sre m\u00e9lt\u00f3!<\/p>\n<p><em>\u201eNemcsak a t\u00e1vols\u00e1got tartom, hanem m\u00e9g mosolyt is csalok az emberek arc\u00e1ra. Mindenki r\u00f6gt\u00f6n vide\u00f3zni kezd, amikor megl\u00e1t!\u201d <\/em>\u2013 mes\u00e9lte Colin. Nos, minket hat\u00e1rozottan megmosolyogtatott! N\u00e9zd meg a vide\u00f3t \u00e9s t\u00e9ged is meg fog!<\/p>\n<div class=\"embed-controller-wrapper\">\n<div class=\"embed-wrapper\"><iframe title=\"The Highcycle - Social Distance Bike\" width=\"500\" height=\"281\" data-src=\"https:\/\/www.youtube.com\/embed\/vZFDNR9V5Nc?feature=oembed\" frameborder=\"0\" allow=\"accelerometer; autoplay; clipboard-write; encrypted-media; gyroscope; picture-in-picture; web-share\" referrerpolicy=\"strict-origin-when-cross-origin\" allowfullscreen><\/iframe><\/div>\n<\/div>\n","protected":false},"excerpt":{"rendered":"<p>Abban egyet\u00e9rthet\u00fcnk, hogy a t\u00e1rsas\u00e1gi \u00e9let\u00fcnk az elm\u00falt n\u00e9h\u00e1ny h\u00f3napban nem volt a legizgalmasabb. De van n\u00e9h\u00e1ny m\u00f3dja annak, hogy [&hellip;]<\/p>\n","protected":false},"author":71,"featured_media":9708,"comment_status":"open","ping_status":"open","sticky":false,"template":"","format":"standard","meta":{"footnotes":""},"categories":[12],"tags":[],"global-categories":[],"class_list":["post-9704","post","type-post","status-publish","format-standard","has-post-thumbnail","hentry","category-kozosseg-es-kultura"],"yoast_head":"<!-- This site is optimized with the Yoast SEO Premium plugin v25.3 (Yoast SEO v25.9) - https:\/\/yoast.com\/wordpress\/plugins\/seo\/ -->\n<title>Colin Furze biciklije vicces, \u00e9s m\u00e9g t\u00e1vols\u00e1got is tart! - \u0160koda We Love Cycling - Magyarorsz\u00e1g<\/title>\n<meta name=\"description\" content=\"Abban egyet\u00e9rthet\u00fcnk, hogy a t\u00e1rsas\u00e1gi \u00e9let\u00fcnk az elm\u00falt n\u00e9h\u00e1ny h\u00f3napban nem volt a legizgalmasabb.\" \/>\n<meta name=\"robots\" content=\"index, follow, max-snippet:-1, max-image-preview:large, max-video-preview:-1\" \/>\n<link rel=\"canonical\" href=\"https:\/\/www.welovecycling.com\/hu\/kozosseg-es-kultura\/colin-furze-biciklije-vicces-es-meg-tavolsagot-is-tart\/\" \/>\n<meta property=\"og:locale\" content=\"hu_HU\" \/>\n<meta property=\"og:type\" content=\"article\" \/>\n<meta property=\"og:title\" content=\"Colin Furze biciklije vicces, \u00e9s m\u00e9g t\u00e1vols\u00e1got is tart!\" \/>\n<meta property=\"og:description\" content=\"Abban egyet\u00e9rthet\u00fcnk, hogy a t\u00e1rsas\u00e1gi \u00e9let\u00fcnk az elm\u00falt n\u00e9h\u00e1ny h\u00f3napban nem volt a legizgalmasabb. De van n\u00e9h\u00e1ny m\u00f3dja annak, hogy feljav\u00edtsuk kicsit a vil\u00e1gv\u00e9ge hangulatot! Colin Furze-nek legal\u00e1bbis siker\u00fclt: a Youtuber egy t\u00e1vols\u00e1got tart\u00f3 ker\u00e9kp\u00e1rt \u00e9p\u00edtett, amit \u00fagy gondoltuk, \u00e9rdemes l\u00e1tnotok.\" \/>\n<meta property=\"og:url\" content=\"https:\/\/www.welovecycling.com\/hu\/kozosseg-es-kultura\/colin-furze-biciklije-vicces-es-meg-tavolsagot-is-tart\/\" \/>\n<meta property=\"og:site_name\" content=\"\u0160koda We Love Cycling - Magyarorsz\u00e1g\" \/>\n<meta property=\"article:publisher\" content=\"https:\/\/www.facebook.com\/WeLoveCyclingHungary\/\" \/>\n<meta property=\"article:published_time\" content=\"2020-12-15T08:38:42+00:00\" \/>\n<meta property=\"og:image\" content=\"https:\/\/d2p6e6u75xmxt8.cloudfront.net\/12\/2020\/12\/Colin-Furze-Hicycle-profimedia-0513737155.jpg-CVR.jpg\" \/>\n\t<meta property=\"og:image:width\" content=\"1366\" \/>\n\t<meta property=\"og:image:height\" content=\"600\" \/>\n\t<meta property=\"og:image:type\" content=\"image\/jpeg\" \/>\n<meta name=\"author\" content=\"hegyizs\" \/>\n<meta name=\"twitter:card\" content=\"summary_large_image\" \/>\n<meta name=\"twitter:label1\" content=\"Written by\" \/>\n\t<meta name=\"twitter:data1\" content=\"Tereza Antonova\" \/>\n\t<meta name=\"twitter:label2\" content=\"Est. reading time\" \/>\n\t<meta name=\"twitter:data2\" content=\"5\" \/>\n<script type=\"application\/ld+json\" class=\"yoast-schema-graph\">{\"@context\":\"https:\/\/schema.org\",\"@graph\":[{\"@type\":\"WebPage\",\"@id\":\"https:\/\/www.welovecycling.com\/hu\/kozosseg-es-kultura\/colin-furze-biciklije-vicces-es-meg-tavolsagot-is-tart\/\",\"url\":\"https:\/\/www.welovecycling.com\/hu\/kozosseg-es-kultura\/colin-furze-biciklije-vicces-es-meg-tavolsagot-is-tart\/\",\"name\":\"Colin Furze biciklije vicces, \u00e9s m\u00e9g t\u00e1vols\u00e1got is tart! - \u0160koda We Love Cycling - Magyarorsz\u00e1g\",\"isPartOf\":{\"@id\":\"https:\/\/www.welovecycling.com\/hu\/#website\"},\"primaryImageOfPage\":{\"@id\":\"https:\/\/www.welovecycling.com\/hu\/kozosseg-es-kultura\/colin-furze-biciklije-vicces-es-meg-tavolsagot-is-tart\/#primaryimage\"},\"image\":{\"@id\":\"https:\/\/www.welovecycling.com\/hu\/kozosseg-es-kultura\/colin-furze-biciklije-vicces-es-meg-tavolsagot-is-tart\/#primaryimage\"},\"thumbnailUrl\":\"https:\/\/d2p6e6u75xmxt8.cloudfront.net\/12\/2020\/12\/Colin-Furze-Hicycle-profimedia-0513737155.jpg-CVR.jpg\",\"datePublished\":\"2020-12-15T08:38:42+00:00\",\"author\":{\"@id\":\"https:\/\/www.welovecycling.com\/hu\/#\/schema\/person\/414a2aebf1801691a5320edb6468e194\"},\"description\":\"Abban egyet\u00e9rthet\u00fcnk, hogy a t\u00e1rsas\u00e1gi \u00e9let\u00fcnk az elm\u00falt n\u00e9h\u00e1ny h\u00f3napban nem volt a legizgalmasabb.\",\"breadcrumb\":{\"@id\":\"https:\/\/www.welovecycling.com\/hu\/kozosseg-es-kultura\/colin-furze-biciklije-vicces-es-meg-tavolsagot-is-tart\/#breadcrumb\"},\"inLanguage\":\"hu\",\"potentialAction\":[{\"@type\":\"ReadAction\",\"target\":[\"https:\/\/www.welovecycling.com\/hu\/kozosseg-es-kultura\/colin-furze-biciklije-vicces-es-meg-tavolsagot-is-tart\/\"]}]},{\"@type\":\"ImageObject\",\"inLanguage\":\"hu\",\"@id\":\"https:\/\/www.welovecycling.com\/hu\/kozosseg-es-kultura\/colin-furze-biciklije-vicces-es-meg-tavolsagot-is-tart\/#primaryimage\",\"url\":\"https:\/\/d2p6e6u75xmxt8.cloudfront.net\/12\/2020\/12\/Colin-Furze-Hicycle-profimedia-0513737155.jpg-CVR.jpg\",\"contentUrl\":\"https:\/\/d2p6e6u75xmxt8.cloudfront.net\/12\/2020\/12\/Colin-Furze-Hicycle-profimedia-0513737155.jpg-CVR.jpg\",\"width\":1366,\"height\":600,\"caption\":\"Colin Furze\"},{\"@type\":\"BreadcrumbList\",\"@id\":\"https:\/\/www.welovecycling.com\/hu\/kozosseg-es-kultura\/colin-furze-biciklije-vicces-es-meg-tavolsagot-is-tart\/#breadcrumb\",\"itemListElement\":[{\"@type\":\"ListItem\",\"position\":1,\"name\":\"Home\",\"item\":\"https:\/\/www.welovecycling.com\/hu\/\"},{\"@type\":\"ListItem\",\"position\":2,\"name\":\"Colin Furze biciklije vicces, \u00e9s m\u00e9g t\u00e1vols\u00e1got is tart!\"}]},{\"@type\":\"WebSite\",\"@id\":\"https:\/\/www.welovecycling.com\/hu\/#website\",\"url\":\"https:\/\/www.welovecycling.com\/hu\/\",\"name\":\"\u0160koda We Love Cycling - Magyarorsz\u00e1g\",\"description\":\"\u0160koda WeLoveCycling\",\"potentialAction\":[{\"@type\":\"SearchAction\",\"target\":{\"@type\":\"EntryPoint\",\"urlTemplate\":\"https:\/\/www.welovecycling.com\/hu\/?s={search_term_string}\"},\"query-input\":{\"@type\":\"PropertyValueSpecification\",\"valueRequired\":true,\"valueName\":\"search_term_string\"}}],\"inLanguage\":\"hu\"},{\"@type\":\"Person\",\"@id\":\"https:\/\/www.welovecycling.com\/hu\/#\/schema\/person\/414a2aebf1801691a5320edb6468e194\",\"name\":\"hegyizs\",\"image\":{\"@type\":\"ImageObject\",\"inLanguage\":\"hu\",\"@id\":\"https:\/\/www.welovecycling.com\/hu\/#\/schema\/person\/image\/\",\"url\":\"https:\/\/secure.gravatar.com\/avatar\/02cf8a7906b8cf90cecb4679defac7cfd33a1c2e3b88e4903d947f3bb58eedd3?s=96&d=mm&r=g\",\"contentUrl\":\"https:\/\/secure.gravatar.com\/avatar\/02cf8a7906b8cf90cecb4679defac7cfd33a1c2e3b88e4903d947f3bb58eedd3?s=96&d=mm&r=g\",\"caption\":\"hegyizs\"},\"url\":\"https:\/\/www.welovecycling.com\/hu\/author\/hegyizs\/\"}]}<\/script>\n<!-- \/ Yoast SEO Premium plugin. -->","yoast_head_json":{"title":"Colin Furze biciklije vicces, \u00e9s m\u00e9g t\u00e1vols\u00e1got is tart! - \u0160koda We Love Cycling - Magyarorsz\u00e1g","description":"Abban egyet\u00e9rthet\u00fcnk, hogy a t\u00e1rsas\u00e1gi \u00e9let\u00fcnk az elm\u00falt n\u00e9h\u00e1ny h\u00f3napban nem volt a legizgalmasabb.","robots":{"index":"index","follow":"follow","max-snippet":"max-snippet:-1","max-image-preview":"max-image-preview:large","max-video-preview":"max-video-preview:-1"},"canonical":"https:\/\/www.welovecycling.com\/hu\/kozosseg-es-kultura\/colin-furze-biciklije-vicces-es-meg-tavolsagot-is-tart\/","og_locale":"hu_HU","og_type":"article","og_title":"Colin Furze biciklije vicces, \u00e9s m\u00e9g t\u00e1vols\u00e1got is tart!","og_description":"Abban egyet\u00e9rthet\u00fcnk, hogy a t\u00e1rsas\u00e1gi \u00e9let\u00fcnk az elm\u00falt n\u00e9h\u00e1ny h\u00f3napban nem volt a legizgalmasabb. De van n\u00e9h\u00e1ny m\u00f3dja annak, hogy feljav\u00edtsuk kicsit a vil\u00e1gv\u00e9ge hangulatot! Colin Furze-nek legal\u00e1bbis siker\u00fclt: a Youtuber egy t\u00e1vols\u00e1got tart\u00f3 ker\u00e9kp\u00e1rt \u00e9p\u00edtett, amit \u00fagy gondoltuk, \u00e9rdemes l\u00e1tnotok.","og_url":"https:\/\/www.welovecycling.com\/hu\/kozosseg-es-kultura\/colin-furze-biciklije-vicces-es-meg-tavolsagot-is-tart\/","og_site_name":"\u0160koda We Love Cycling - Magyarorsz\u00e1g","article_publisher":"https:\/\/www.facebook.com\/WeLoveCyclingHungary\/","article_published_time":"2020-12-15T08:38:42+00:00","og_image":[{"width":1366,"height":600,"url":"https:\/\/d2p6e6u75xmxt8.cloudfront.net\/12\/2020\/12\/Colin-Furze-Hicycle-profimedia-0513737155.jpg-CVR.jpg","type":"image\/jpeg"}],"author":"hegyizs","twitter_card":"summary_large_image","twitter_misc":{"Written by":"Tereza Antonova","Est. reading time":"5"},"schema":{"@context":"https:\/\/schema.org","@graph":[{"@type":"WebPage","@id":"https:\/\/www.welovecycling.com\/hu\/kozosseg-es-kultura\/colin-furze-biciklije-vicces-es-meg-tavolsagot-is-tart\/","url":"https:\/\/www.welovecycling.com\/hu\/kozosseg-es-kultura\/colin-furze-biciklije-vicces-es-meg-tavolsagot-is-tart\/","name":"Colin Furze biciklije vicces, \u00e9s m\u00e9g t\u00e1vols\u00e1got is tart! - \u0160koda We Love Cycling - Magyarorsz\u00e1g","isPartOf":{"@id":"https:\/\/www.welovecycling.com\/hu\/#website"},"primaryImageOfPage":{"@id":"https:\/\/www.welovecycling.com\/hu\/kozosseg-es-kultura\/colin-furze-biciklije-vicces-es-meg-tavolsagot-is-tart\/#primaryimage"},"image":{"@id":"https:\/\/www.welovecycling.com\/hu\/kozosseg-es-kultura\/colin-furze-biciklije-vicces-es-meg-tavolsagot-is-tart\/#primaryimage"},"thumbnailUrl":"https:\/\/d2p6e6u75xmxt8.cloudfront.net\/12\/2020\/12\/Colin-Furze-Hicycle-profimedia-0513737155.jpg-CVR.jpg","datePublished":"2020-12-15T08:38:42+00:00","author":{"@id":"https:\/\/www.welovecycling.com\/hu\/#\/schema\/person\/414a2aebf1801691a5320edb6468e194"},"description":"Abban egyet\u00e9rthet\u00fcnk, hogy a t\u00e1rsas\u00e1gi \u00e9let\u00fcnk az elm\u00falt n\u00e9h\u00e1ny h\u00f3napban nem volt a legizgalmasabb.","breadcrumb":{"@id":"https:\/\/www.welovecycling.com\/hu\/kozosseg-es-kultura\/colin-furze-biciklije-vicces-es-meg-tavolsagot-is-tart\/#breadcrumb"},"inLanguage":"hu","potentialAction":[{"@type":"ReadAction","target":["https:\/\/www.welovecycling.com\/hu\/kozosseg-es-kultura\/colin-furze-biciklije-vicces-es-meg-tavolsagot-is-tart\/"]}]},{"@type":"ImageObject","inLanguage":"hu","@id":"https:\/\/www.welovecycling.com\/hu\/kozosseg-es-kultura\/colin-furze-biciklije-vicces-es-meg-tavolsagot-is-tart\/#primaryimage","url":"https:\/\/d2p6e6u75xmxt8.cloudfront.net\/12\/2020\/12\/Colin-Furze-Hicycle-profimedia-0513737155.jpg-CVR.jpg","contentUrl":"https:\/\/d2p6e6u75xmxt8.cloudfront.net\/12\/2020\/12\/Colin-Furze-Hicycle-profimedia-0513737155.jpg-CVR.jpg","width":1366,"height":600,"caption":"Colin Furze"},{"@type":"BreadcrumbList","@id":"https:\/\/www.welovecycling.com\/hu\/kozosseg-es-kultura\/colin-furze-biciklije-vicces-es-meg-tavolsagot-is-tart\/#breadcrumb","itemListElement":[{"@type":"ListItem","position":1,"name":"Home","item":"https:\/\/www.welovecycling.com\/hu\/"},{"@type":"ListItem","position":2,"name":"Colin Furze biciklije vicces, \u00e9s m\u00e9g t\u00e1vols\u00e1got is tart!"}]},{"@type":"WebSite","@id":"https:\/\/www.welovecycling.com\/hu\/#website","url":"https:\/\/www.welovecycling.com\/hu\/","name":"\u0160koda We Love Cycling - Magyarorsz\u00e1g","description":"\u0160koda WeLoveCycling","potentialAction":[{"@type":"SearchAction","target":{"@type":"EntryPoint","urlTemplate":"https:\/\/www.welovecycling.com\/hu\/?s={search_term_string}"},"query-input":{"@type":"PropertyValueSpecification","valueRequired":true,"valueName":"search_term_string"}}],"inLanguage":"hu"},{"@type":"Person","@id":"https:\/\/www.welovecycling.com\/hu\/#\/schema\/person\/414a2aebf1801691a5320edb6468e194","name":"hegyizs","image":{"@type":"ImageObject","inLanguage":"hu","@id":"https:\/\/www.welovecycling.com\/hu\/#\/schema\/person\/image\/","url":"https:\/\/secure.gravatar.com\/avatar\/02cf8a7906b8cf90cecb4679defac7cfd33a1c2e3b88e4903d947f3bb58eedd3?s=96&d=mm&r=g","contentUrl":"https:\/\/secure.gravatar.com\/avatar\/02cf8a7906b8cf90cecb4679defac7cfd33a1c2e3b88e4903d947f3bb58eedd3?s=96&d=mm&r=g","caption":"hegyizs"},"url":"https:\/\/www.welovecycling.com\/hu\/author\/hegyizs\/"}]}},"_links":{"self":[{"href":"https:\/\/www.welovecycling.com\/hu\/wp-json\/wp\/v2\/posts\/9704","targetHints":{"allow":["GET"]}}],"collection":[{"href":"https:\/\/www.welovecycling.com\/hu\/wp-json\/wp\/v2\/posts"}],"about":[{"href":"https:\/\/www.welovecycling.com\/hu\/wp-json\/wp\/v2\/types\/post"}],"author":[{"embeddable":true,"href":"https:\/\/www.welovecycling.com\/hu\/wp-json\/wp\/v2\/users\/71"}],"replies":[{"embeddable":true,"href":"https:\/\/www.welovecycling.com\/hu\/wp-json\/wp\/v2\/comments?post=9704"}],"version-history":[{"count":2,"href":"https:\/\/www.welovecycling.com\/hu\/wp-json\/wp\/v2\/posts\/9704\/revisions"}],"predecessor-version":[{"id":9731,"href":"https:\/\/www.welovecycling.com\/hu\/wp-json\/wp\/v2\/posts\/9704\/revisions\/9731"}],"wp:featuredmedia":[{"embeddable":true,"href":"https:\/\/www.welovecycling.com\/hu\/wp-json\/wp\/v2\/media\/9708"}],"wp:attachment":[{"href":"https:\/\/www.welovecycling.com\/hu\/wp-json\/wp\/v2\/media?parent=9704"}],"wp:term":[{"taxonomy":"category","embeddable":true,"href":"https:\/\/www.welovecycling.com\/hu\/wp-json\/wp\/v2\/categories?post=9704"},{"taxonomy":"post_tag","embeddable":true,"href":"https:\/\/www.welovecycling.com\/hu\/wp-json\/wp\/v2\/tags?post=9704"},{"taxonomy":"global-categories","embeddable":true,"href":"https:\/\/www.welovecycling.com\/hu\/wp-json\/wp\/v2\/global-categories?post=9704"}],"curies":[{"name":"wp","href":"https:\/\/api.w.org\/{rel}","templated":true}]}}