{"id":970,"date":"2018-06-06T13:43:29","date_gmt":"2018-06-06T13:43:29","guid":{"rendered":"https:\/\/www.welovecycling.com\/hu\/?p=970"},"modified":"2018-06-06T13:43:29","modified_gmt":"2018-06-06T13:43:29","slug":"a-flatland-nem-pusztan-sportag-elsosorban-es-leginkabb-eletstilus","status":"publish","type":"post","link":"https:\/\/www.welovecycling.com\/hu\/bmx\/a-flatland-nem-pusztan-sportag-elsosorban-es-leginkabb-eletstilus\/","title":{"rendered":"A flatland nem puszt\u00e1n sport\u00e1g! Els\u0151sorban \u00e9s legink\u00e1bb \u00e9letst\u00edlus"},"content":{"rendered":"<p><strong>Bob Haro az 1980-as \u00e9vek elej\u00e9n helyezte el a t\u00e9rk\u00e9pen a freestyle BMX flatlandet, a kor\u00e1bban \u201eSkateboarder\u201d nevet visel\u0151 \u201eAction Now\u201d magazin seg\u00edts\u00e9g\u00e9vel. A Bundesliga-frizura, a walkman \u00e9s a Duran Duran uralta id\u0151kben a flatland BMX elt\u0171n\u0151ben volt. Ahogy teltek az \u00e9vek \u00e9s fejl\u0151dtek a ker\u00e9kp\u00e1rsportok, a BMX-esek pedig k\u00f6vett\u00e9k a deszk\u00e1sokat a skate parkokba \u00e9s f\u00e9lcs\u00f6vekbe, a flatland egyre n\u00e9pszer\u0171bb lett. A sport\u00e1g az 1990-es \u00e9vek v\u00e9g\u00e9n \u00e9rt fel a cs\u00facsra az extr\u00e9m sportok X Games elnevez\u00e9s\u0171 olimpi\u00e1j\u00e1val, a szervez\u0151k azonban 2001-ben \u00fagy d\u00f6nt\u00f6ttek, kiz\u00e1rj\u00e1k a flatlandet.<\/strong><\/p>\n<h2><!--more--><\/h2>\n<p>Ebben az \u00e9vben l\u00e9pett sz\u00ednre Martin Drazil nagyk\u00f6vet\u00fcnk \u00e9s lelkes munkat\u00e1rsunk, szerelem volt ez els\u0151 l\u00e1t\u00e1sra! B\u00e1r m\u00e1ig b\u00fcszke eredm\u00e9nyeire, p\u00e9ld\u00e1ul a Nokia FUSE-on el\u00e9rt 1. helyre vagy a BMX Flatland vil\u00e1gbajnoks\u00e1g 17. hely\u00e9re, m\u00e9g mindig ugyanabban az \u00e1ll\u00e1sban dolgozik. A flatland nem csup\u00e1n sport sz\u00e1m\u00e1ra, hanem \u00e9letforma is, amely mindenben visszak\u00f6sz\u00f6n, amit csin\u00e1l.<\/p>\n<p><a href=\"https:\/\/www.instagram.com\/p\/BGvt0bEK2cf\/?utm_source=ig_embed\">https:\/\/www.instagram.com\/p\/BGvt0bEK2cf\/?utm_source=ig_embed<\/a><\/p>\n<p>\u201e\u00dagy eml\u00e9kszem r\u00e1, mintha csak ma t\u00f6rt\u00e9nt volna. A Slavi\u00e1ban dolgoztam \u2013 abban a h\u00edres k\u00e1v\u00e9z\u00f3ban, amelyben az els\u0151 cseh eln\u00f6k, V\u00e1clav Havel \u00f3r\u00e1kig \u00fcld\u00f6g\u00e9lt, \u00e9s egy nap megl\u00e1ttam n\u00e9h\u00e1ny sr\u00e1cot, akik a pr\u00e1gai Cseh Nemzeti Sz\u00ednh\u00e1z r\u00e9sz\u00e9t k\u00e9pez\u0151 \u00daj Sz\u00ednpad modern \u00e9p\u00fclete m\u00f6g\u00f6tti nagy t\u00e9ren tr\u00fckk\u00f6zgettek. Teljesen lehidaltam t\u0151le, a legmen\u0151bb volt, amit \u00e9letemben l\u00e1ttam, azonnal beleszerettem. A mai napig ugyanezt \u00e9rzem, 15 \u00e9ve\u201d \u2013 mondja Martin.<\/p>\n<p>Martint az\u00e9rt \u00e9rdekelte a flatland, mert azok a tr\u00fckk\u00f6k, amiket a sr\u00e1cok m\u0171veltek, lehetetlennek t\u0171ntek sz\u00e1m\u00e1ra. A flatland a BMX-ez\u00e9s nagyon komplex form\u00e1ja, amely mind a k\u00e9pzel\u0151er\u0151det, mind a biciklidet ig\u00e9nybe veszi, ha eredeti tr\u00fckk\u00f6ket akarsz csin\u00e1lni. \u201eTeljesen k\u00fcl\u00f6nb\u00f6z\u00f6tt mindent\u0151l, amit addig l\u00e1ttam\u201d \u2013 eml\u00e9kszik vissza Martin.<\/p>\n<p>Amint Martin el\u00e9g p\u00e9nzt gy\u0171jt\u00f6tt \u00f6ssze, megvette els\u0151 bring\u00e1j\u00e1t. Nem pont flatland modell volt, de m\u00e1r BMX! Eltelt egy kis id\u0151, mire eleget gyakorolt ahhoz, hogy egy bizonyos szintre eljusson, \u00e9s el\u0151sz\u00f6r kimer\u00e9szkedjen az \u00daj Sz\u00ednpad ter\u00e9re. \u201eTudod, akkoriban el\u00e9gg\u00e9 zavarban voltam, hogy n\u00e1lam sokkal tapasztaltabb sr\u00e1cok el\u0151tt kell bring\u00e1znom\u201d \u2013 mondja Martin. Az\u00f3ta b\u00e1rmikor ott tal\u00e1lod, amikor csak r\u00e1\u00e9r. \u201eEz kinti terep, teh\u00e1t id\u0151j\u00e1r\u00e1sf\u00fcgg\u0151. Ha nem esik, nem havazik \u00e9s nem fagy, kint vagyunk\u201d \u2013 magyar\u00e1zza Martin. \u00dagy t\u0171nik, nem v\u00e9letlen egybees\u00e9s, hogy Pr\u00e1g\u00e1ban a flatland gyakorl\u00e1s\u00e1ra az egyik legjobb terep a Cseh Nemzeti Sz\u00ednh\u00e1z kis tere, mintha a bring\u00e1sokat valami m\u00e1gikusan vonzan\u00e1 ehhez m\u0171v\u00e9szeti helysz\u00ednhez. Bizonyos szemsz\u00f6gb\u0151l tev\u00e9kenys\u00e9g\u00fck nem is \u00edrhat\u00f3 le m\u00e1sk\u00e9nt.<\/p>\n<p><a href=\"https:\/\/d2p6e6u75xmxt8.cloudfront.net\/12\/2018\/06\/flatland-martin-drazil-01.jpg\"><img loading=\"lazy\" decoding=\"async\" class=\"alignnone size-extra-large wp-image-972\" src=\"https:\/\/d2p6e6u75xmxt8.cloudfront.net\/12\/2018\/06\/flatland-martin-drazil-01-1920x1440.jpg\" alt=\"flatland-bmx\" width=\"1920\" height=\"1440\" srcset=\"https:\/\/d2p6e6u75xmxt8.cloudfront.net\/12\/2018\/06\/flatland-martin-drazil-01-1920x1440.jpg 1920w, https:\/\/d2p6e6u75xmxt8.cloudfront.net\/12\/2018\/06\/flatland-martin-drazil-01-300x225.jpg 300w, https:\/\/d2p6e6u75xmxt8.cloudfront.net\/12\/2018\/06\/flatland-martin-drazil-01-768x576.jpg 768w, https:\/\/d2p6e6u75xmxt8.cloudfront.net\/12\/2018\/06\/flatland-martin-drazil-01-1024x768.jpg 1024w, https:\/\/d2p6e6u75xmxt8.cloudfront.net\/12\/2018\/06\/flatland-martin-drazil-01-1920x1440.jpg 1920w\" sizes=\"auto, (max-width: 1920px) 100vw, 1920px\" \/><\/a><\/p>\n<p>Az internet kezdeti \u00e9veiben neh\u00e9z volt inspir\u00e1ci\u00f3t gy\u0171jteni. Martin st\u00edlusfejl\u0151d\u00e9s\u00e9ben a legfontosabb szerepet az egyik amerikai \u00fatr\u00f3l hazat\u00e9rt bar\u00e1tj\u00e1t\u00f3l kapott, aki VHS-kazett\u00e1kon hozott bmx-es filmeket. \u201eHa meg kellene neveznem a k\u00e9t legnagyobb h\u0151st, minden bizonnyal Martti Kuopp\u00e1t \u00e9s Viki Gomezt mondan\u00e1m. Mindketten a sport\u00e1g t\u00f6rt\u00e9net\u00e9nek legeredetibb bring\u00e1saik\u00e9nt ismertek. Valami eredetis\u00e9get kerestek, ek\u00f6zben pedig sz\u00e1mos tr\u00fckk\u00f6t tal\u00e1ltak ki, \u00faj\u00edtottak meg\u201d \u2013 mondja Martin. A versenyeken szerinte a legfontosabb dolog a st\u00edlus, mivel a b\u00edr\u00f3k az egyedi \u00e9s eredeti st\u00edlusban bring\u00e1z\u00f3kat \u00e9rt\u00e9kelik a legink\u00e1bb. Martin saj\u00e1t st\u00edlus\u00e1t finomnak \u00e9s \u00e1raml\u00f3nak \u00edrja le.<\/p>\n<p>\u201eHa \u00f6tletes mutatv\u00e1nyt akarsz a bring\u00e1val an\u00e9lk\u00fcl, hogy elesn\u00e9l, t\u00fcrelmesnek kell lenned. Szinte minden nap gyakoroltam legal\u00e1bb 14 \u00e9ven kereszt\u00fcl, \u00e9s m\u00e9g mindig ugyanolyan boldogs\u00e1g sz\u00e1momra el\u0151sz\u00f6r kipr\u00f3b\u00e1lni egy \u00faj tr\u00fckk\u00f6t!\u201d \u2013 magyar\u00e1zza Martin.<\/p>\n<p><a href=\"https:\/\/d2p6e6u75xmxt8.cloudfront.net\/12\/2018\/06\/flatland-martin-drazil-02.jpg\"><img loading=\"lazy\" decoding=\"async\" class=\"alignnone size-extra-large wp-image-973\" src=\"https:\/\/d2p6e6u75xmxt8.cloudfront.net\/12\/2018\/06\/flatland-martin-drazil-02-1920x1280.jpg\" alt=\"flatland-bmx\" width=\"1920\" height=\"1280\" srcset=\"https:\/\/d2p6e6u75xmxt8.cloudfront.net\/12\/2018\/06\/flatland-martin-drazil-02-1920x1280.jpg 1920w, https:\/\/d2p6e6u75xmxt8.cloudfront.net\/12\/2018\/06\/flatland-martin-drazil-02-300x200.jpg 300w, https:\/\/d2p6e6u75xmxt8.cloudfront.net\/12\/2018\/06\/flatland-martin-drazil-02-768x512.jpg 768w, https:\/\/d2p6e6u75xmxt8.cloudfront.net\/12\/2018\/06\/flatland-martin-drazil-02-1024x683.jpg 1024w, https:\/\/d2p6e6u75xmxt8.cloudfront.net\/12\/2018\/06\/flatland-martin-drazil-02-272x182.jpg 272w, https:\/\/d2p6e6u75xmxt8.cloudfront.net\/12\/2018\/06\/flatland-martin-drazil-02-1920x1280.jpg 1920w\" sizes=\"auto, (max-width: 1920px) 100vw, 1920px\" \/><\/a><\/p>\n<p>A Martinhoz hasonl\u00f3 profik gyakran nagyon elhivatottak \u00e9s naponta sok \u00f3r\u00e1t t\u00f6ltenek technik\u00e1juk t\u00f6k\u00e9letes\u00edt\u00e9s\u00e9vel. Egy kil\u00e9p\u0151, ped\u00e1l vagy korm\u00e1nykar nagyon k\u00f6nnyen s\u00e9r\u00fcl\u00e9st okozhat, ha elvesz\u00edted az egyens\u00falyod. A versenyeken a tehets\u00e9get \u00e9s a tud\u00e1st az alapj\u00e1n \u00e9rt\u00e9kelik, hogy mennyire tudod megtartani az ir\u00e1ny\u00edt\u00e1st \u00e9s az egyens\u00falyt a bonyolult, m\u00e9gis eleg\u00e1ns mozdulatsor el\u0151ad\u00e1sa sor\u00e1n. Martin szerint legal\u00e1bb egy h\u00f3nap kell egy nagyobb tr\u00fckk betanul\u00e1s\u00e1hoz \u2013 persze ha t\u00f6bb\u00e9ves tapasztalatod van.<\/p>\n<p>Martin sz\u00e1m\u00e1ra a flatland nem csup\u00e1n sport, hanem legink\u00e1bb \u00e9s els\u0151sorban \u00e9letst\u00edlus. A freestyle BMX-nek k\u00f6sz\u00f6nhet\u0151en Martin sz\u00e1mos k\u00fclf\u00f6ldi orsz\u00e1gba eljutott \u00e9s sok \u00faj bar\u00e1tot szerzett. \u201eHa otthon, vagy egy s\u00f6r\u00f6z\u0151ben \u00fcltem volna, ez nem t\u00f6rt\u00e9nhetett volna meg\u201d-v\u00e9li Martin. Kedvenc hely\u00e9nek Barcelon\u00e1t \u00e9s P\u00e1rizst tartja. \u201eArrafel\u00e9 rendszerint s\u00fct a nap \u00e9s mindk\u00e9t v\u00e1rosnak leny\u0171g\u00f6z\u0151 l\u00e9gk\u00f6re van\u201d \u2013 mondja Martin. Karrierje sor\u00e1n t\u00f6bb mint sz\u00e1z versenyen vett r\u00e9szt eur\u00f3pai orsz\u00e1gokban. Martin egyik legnagyobb siker\u00e9nek a Cseh \u00e9s Szlov\u00e1k Nemzeti Bajnoks\u00e1gon el\u00e9rt m\u00e1sodik helyez\u00e9s\u00e9t tartja. Id\u00e9n is legal\u00e1bb t\u00edz nemzetk\u00f6zi versenyen indul, amelyek k\u00f6z\u00fcl kiemelkedik az iBMXff vil\u00e1gbajnoks\u00e1g, amelyet az angliai Bristol melletti NASS fesztiv\u00e1lon rendeznek meg. \u201eAddig szeretn\u00e9k bring\u00e1zni, ameddig csak tudok. Vannak sr\u00e1cok, akik m\u00e9g 40-es \u00e9veik v\u00e9g\u00e9n is flatlandeznek. Akkor nekem mi\u00e9rt ne menne?\u201d \u2013 mosolyog.<\/p>\n","protected":false},"excerpt":{"rendered":"<p>Bob Haro az 1980-as \u00e9vek elej\u00e9n helyezte el a t\u00e9rk\u00e9pen a freestyle BMX flatlandet, a kor\u00e1bban \u201eSkateboarder\u201d nevet visel\u0151 \u201eAction [&hellip;]<\/p>\n","protected":false},"author":71,"featured_media":974,"comment_status":"open","ping_status":"open","sticky":false,"template":"","format":"standard","meta":{"footnotes":""},"categories":[66],"tags":[71,73,16,28,27,74],"global-categories":[],"class_list":["post-970","post","type-post","status-publish","format-standard","has-post-thumbnail","hentry","category-bmx","tag-bmx","tag-flatland","tag-kerekpar","tag-kerekpar-blog","tag-kerekpar-magazin","tag-martin-drazil"],"yoast_head":"<!-- This site is optimized with the Yoast SEO Premium plugin v25.3 (Yoast SEO v25.9) - https:\/\/yoast.com\/wordpress\/plugins\/seo\/ -->\n<title>A flatland nem puszt\u00e1n sport\u00e1g! Els\u0151sorban \u00e9s legink\u00e1bb \u00e9letst\u00edlus - \u0160koda We Love Cycling - Magyarorsz\u00e1g<\/title>\n<meta name=\"description\" content=\"Martin Drazil nagyk\u00f6vet\u00fcnk sz\u00e1m\u00e1ra a flatland nem csup\u00e1n sport, hanem \u00e9letforma is, amely mindenben visszak\u00f6sz\u00f6n, amit csin\u00e1l.\" \/>\n<meta name=\"robots\" content=\"index, follow, max-snippet:-1, max-image-preview:large, max-video-preview:-1\" \/>\n<link rel=\"canonical\" href=\"https:\/\/www.welovecycling.com\/hu\/bmx\/a-flatland-nem-pusztan-sportag-elsosorban-es-leginkabb-eletstilus\/\" \/>\n<meta property=\"og:locale\" content=\"hu_HU\" \/>\n<meta property=\"og:type\" content=\"article\" \/>\n<meta property=\"og:title\" content=\"A flatland nem puszt\u00e1n sport\u00e1g! Els\u0151sorban \u00e9s legink\u00e1bb \u00e9letst\u00edlus\" \/>\n<meta property=\"og:description\" content=\"Martin Drazil nagyk\u00f6vet\u00fcnk sz\u00e1m\u00e1ra a flatland nem csup\u00e1n sport, hanem \u00e9letforma is, amely mindenben visszak\u00f6sz\u00f6n, amit csin\u00e1l.\" \/>\n<meta property=\"og:url\" content=\"https:\/\/www.welovecycling.com\/hu\/bmx\/a-flatland-nem-pusztan-sportag-elsosorban-es-leginkabb-eletstilus\/\" \/>\n<meta property=\"og:site_name\" content=\"\u0160koda We Love Cycling - Magyarorsz\u00e1g\" \/>\n<meta property=\"article:publisher\" content=\"https:\/\/www.facebook.com\/WeLoveCyclingHungary\/\" \/>\n<meta property=\"article:published_time\" content=\"2018-06-06T13:43:29+00:00\" \/>\n<meta property=\"og:image\" content=\"https:\/\/d2p6e6u75xmxt8.cloudfront.net\/12\/2018\/06\/flatland-martin-drazil.jpg\" \/>\n\t<meta property=\"og:image:width\" content=\"1375\" \/>\n\t<meta property=\"og:image:height\" content=\"600\" \/>\n\t<meta property=\"og:image:type\" content=\"image\/jpeg\" \/>\n<meta name=\"author\" content=\"hegyizs\" \/>\n<meta name=\"twitter:card\" content=\"summary_large_image\" \/>\n<meta name=\"twitter:label1\" content=\"Written by\" \/>\n\t<meta name=\"twitter:data1\" content=\"hegyizs\" \/>\n\t<meta name=\"twitter:label2\" content=\"Est. reading time\" \/>\n\t<meta name=\"twitter:data2\" content=\"5 minutes\" \/>\n<script type=\"application\/ld+json\" class=\"yoast-schema-graph\">{\"@context\":\"https:\/\/schema.org\",\"@graph\":[{\"@type\":\"WebPage\",\"@id\":\"https:\/\/www.welovecycling.com\/hu\/bmx\/a-flatland-nem-pusztan-sportag-elsosorban-es-leginkabb-eletstilus\/\",\"url\":\"https:\/\/www.welovecycling.com\/hu\/bmx\/a-flatland-nem-pusztan-sportag-elsosorban-es-leginkabb-eletstilus\/\",\"name\":\"A flatland nem puszt\u00e1n sport\u00e1g! Els\u0151sorban \u00e9s legink\u00e1bb \u00e9letst\u00edlus - \u0160koda We Love Cycling - Magyarorsz\u00e1g\",\"isPartOf\":{\"@id\":\"https:\/\/www.welovecycling.com\/hu\/#website\"},\"primaryImageOfPage\":{\"@id\":\"https:\/\/www.welovecycling.com\/hu\/bmx\/a-flatland-nem-pusztan-sportag-elsosorban-es-leginkabb-eletstilus\/#primaryimage\"},\"image\":{\"@id\":\"https:\/\/www.welovecycling.com\/hu\/bmx\/a-flatland-nem-pusztan-sportag-elsosorban-es-leginkabb-eletstilus\/#primaryimage\"},\"thumbnailUrl\":\"https:\/\/d2p6e6u75xmxt8.cloudfront.net\/12\/2018\/06\/flatland-martin-drazil.jpg\",\"datePublished\":\"2018-06-06T13:43:29+00:00\",\"author\":{\"@id\":\"https:\/\/www.welovecycling.com\/hu\/#\/schema\/person\/414a2aebf1801691a5320edb6468e194\"},\"description\":\"Martin Drazil nagyk\u00f6vet\u00fcnk sz\u00e1m\u00e1ra a flatland nem csup\u00e1n sport, hanem \u00e9letforma is, amely mindenben visszak\u00f6sz\u00f6n, amit csin\u00e1l.\",\"breadcrumb\":{\"@id\":\"https:\/\/www.welovecycling.com\/hu\/bmx\/a-flatland-nem-pusztan-sportag-elsosorban-es-leginkabb-eletstilus\/#breadcrumb\"},\"inLanguage\":\"hu\",\"potentialAction\":[{\"@type\":\"ReadAction\",\"target\":[\"https:\/\/www.welovecycling.com\/hu\/bmx\/a-flatland-nem-pusztan-sportag-elsosorban-es-leginkabb-eletstilus\/\"]}]},{\"@type\":\"ImageObject\",\"inLanguage\":\"hu\",\"@id\":\"https:\/\/www.welovecycling.com\/hu\/bmx\/a-flatland-nem-pusztan-sportag-elsosorban-es-leginkabb-eletstilus\/#primaryimage\",\"url\":\"https:\/\/d2p6e6u75xmxt8.cloudfront.net\/12\/2018\/06\/flatland-martin-drazil.jpg\",\"contentUrl\":\"https:\/\/d2p6e6u75xmxt8.cloudfront.net\/12\/2018\/06\/flatland-martin-drazil.jpg\",\"width\":1375,\"height\":600},{\"@type\":\"BreadcrumbList\",\"@id\":\"https:\/\/www.welovecycling.com\/hu\/bmx\/a-flatland-nem-pusztan-sportag-elsosorban-es-leginkabb-eletstilus\/#breadcrumb\",\"itemListElement\":[{\"@type\":\"ListItem\",\"position\":1,\"name\":\"Home\",\"item\":\"https:\/\/www.welovecycling.com\/hu\/\"},{\"@type\":\"ListItem\",\"position\":2,\"name\":\"A flatland nem puszt\u00e1n sport\u00e1g! Els\u0151sorban \u00e9s legink\u00e1bb \u00e9letst\u00edlus\"}]},{\"@type\":\"WebSite\",\"@id\":\"https:\/\/www.welovecycling.com\/hu\/#website\",\"url\":\"https:\/\/www.welovecycling.com\/hu\/\",\"name\":\"\u0160koda We Love Cycling - Magyarorsz\u00e1g\",\"description\":\"\u0160koda WeLoveCycling\",\"potentialAction\":[{\"@type\":\"SearchAction\",\"target\":{\"@type\":\"EntryPoint\",\"urlTemplate\":\"https:\/\/www.welovecycling.com\/hu\/?s={search_term_string}\"},\"query-input\":{\"@type\":\"PropertyValueSpecification\",\"valueRequired\":true,\"valueName\":\"search_term_string\"}}],\"inLanguage\":\"hu\"},{\"@type\":\"Person\",\"@id\":\"https:\/\/www.welovecycling.com\/hu\/#\/schema\/person\/414a2aebf1801691a5320edb6468e194\",\"name\":\"hegyizs\",\"image\":{\"@type\":\"ImageObject\",\"inLanguage\":\"hu\",\"@id\":\"https:\/\/www.welovecycling.com\/hu\/#\/schema\/person\/image\/\",\"url\":\"https:\/\/secure.gravatar.com\/avatar\/02cf8a7906b8cf90cecb4679defac7cfd33a1c2e3b88e4903d947f3bb58eedd3?s=96&d=mm&r=g\",\"contentUrl\":\"https:\/\/secure.gravatar.com\/avatar\/02cf8a7906b8cf90cecb4679defac7cfd33a1c2e3b88e4903d947f3bb58eedd3?s=96&d=mm&r=g\",\"caption\":\"hegyizs\"},\"url\":\"https:\/\/www.welovecycling.com\/hu\/author\/hegyizs\/\"}]}<\/script>\n<!-- \/ Yoast SEO Premium plugin. -->","yoast_head_json":{"title":"A flatland nem puszt\u00e1n sport\u00e1g! Els\u0151sorban \u00e9s legink\u00e1bb \u00e9letst\u00edlus - \u0160koda We Love Cycling - Magyarorsz\u00e1g","description":"Martin Drazil nagyk\u00f6vet\u00fcnk sz\u00e1m\u00e1ra a flatland nem csup\u00e1n sport, hanem \u00e9letforma is, amely mindenben visszak\u00f6sz\u00f6n, amit csin\u00e1l.","robots":{"index":"index","follow":"follow","max-snippet":"max-snippet:-1","max-image-preview":"max-image-preview:large","max-video-preview":"max-video-preview:-1"},"canonical":"https:\/\/www.welovecycling.com\/hu\/bmx\/a-flatland-nem-pusztan-sportag-elsosorban-es-leginkabb-eletstilus\/","og_locale":"hu_HU","og_type":"article","og_title":"A flatland nem puszt\u00e1n sport\u00e1g! Els\u0151sorban \u00e9s legink\u00e1bb \u00e9letst\u00edlus","og_description":"Martin Drazil nagyk\u00f6vet\u00fcnk sz\u00e1m\u00e1ra a flatland nem csup\u00e1n sport, hanem \u00e9letforma is, amely mindenben visszak\u00f6sz\u00f6n, amit csin\u00e1l.","og_url":"https:\/\/www.welovecycling.com\/hu\/bmx\/a-flatland-nem-pusztan-sportag-elsosorban-es-leginkabb-eletstilus\/","og_site_name":"\u0160koda We Love Cycling - Magyarorsz\u00e1g","article_publisher":"https:\/\/www.facebook.com\/WeLoveCyclingHungary\/","article_published_time":"2018-06-06T13:43:29+00:00","og_image":[{"width":1375,"height":600,"url":"https:\/\/d2p6e6u75xmxt8.cloudfront.net\/12\/2018\/06\/flatland-martin-drazil.jpg","type":"image\/jpeg"}],"author":"hegyizs","twitter_card":"summary_large_image","twitter_misc":{"Written by":"hegyizs","Est. reading time":"5 minutes"},"schema":{"@context":"https:\/\/schema.org","@graph":[{"@type":"WebPage","@id":"https:\/\/www.welovecycling.com\/hu\/bmx\/a-flatland-nem-pusztan-sportag-elsosorban-es-leginkabb-eletstilus\/","url":"https:\/\/www.welovecycling.com\/hu\/bmx\/a-flatland-nem-pusztan-sportag-elsosorban-es-leginkabb-eletstilus\/","name":"A flatland nem puszt\u00e1n sport\u00e1g! Els\u0151sorban \u00e9s legink\u00e1bb \u00e9letst\u00edlus - \u0160koda We Love Cycling - Magyarorsz\u00e1g","isPartOf":{"@id":"https:\/\/www.welovecycling.com\/hu\/#website"},"primaryImageOfPage":{"@id":"https:\/\/www.welovecycling.com\/hu\/bmx\/a-flatland-nem-pusztan-sportag-elsosorban-es-leginkabb-eletstilus\/#primaryimage"},"image":{"@id":"https:\/\/www.welovecycling.com\/hu\/bmx\/a-flatland-nem-pusztan-sportag-elsosorban-es-leginkabb-eletstilus\/#primaryimage"},"thumbnailUrl":"https:\/\/d2p6e6u75xmxt8.cloudfront.net\/12\/2018\/06\/flatland-martin-drazil.jpg","datePublished":"2018-06-06T13:43:29+00:00","author":{"@id":"https:\/\/www.welovecycling.com\/hu\/#\/schema\/person\/414a2aebf1801691a5320edb6468e194"},"description":"Martin Drazil nagyk\u00f6vet\u00fcnk sz\u00e1m\u00e1ra a flatland nem csup\u00e1n sport, hanem \u00e9letforma is, amely mindenben visszak\u00f6sz\u00f6n, amit csin\u00e1l.","breadcrumb":{"@id":"https:\/\/www.welovecycling.com\/hu\/bmx\/a-flatland-nem-pusztan-sportag-elsosorban-es-leginkabb-eletstilus\/#breadcrumb"},"inLanguage":"hu","potentialAction":[{"@type":"ReadAction","target":["https:\/\/www.welovecycling.com\/hu\/bmx\/a-flatland-nem-pusztan-sportag-elsosorban-es-leginkabb-eletstilus\/"]}]},{"@type":"ImageObject","inLanguage":"hu","@id":"https:\/\/www.welovecycling.com\/hu\/bmx\/a-flatland-nem-pusztan-sportag-elsosorban-es-leginkabb-eletstilus\/#primaryimage","url":"https:\/\/d2p6e6u75xmxt8.cloudfront.net\/12\/2018\/06\/flatland-martin-drazil.jpg","contentUrl":"https:\/\/d2p6e6u75xmxt8.cloudfront.net\/12\/2018\/06\/flatland-martin-drazil.jpg","width":1375,"height":600},{"@type":"BreadcrumbList","@id":"https:\/\/www.welovecycling.com\/hu\/bmx\/a-flatland-nem-pusztan-sportag-elsosorban-es-leginkabb-eletstilus\/#breadcrumb","itemListElement":[{"@type":"ListItem","position":1,"name":"Home","item":"https:\/\/www.welovecycling.com\/hu\/"},{"@type":"ListItem","position":2,"name":"A flatland nem puszt\u00e1n sport\u00e1g! Els\u0151sorban \u00e9s legink\u00e1bb \u00e9letst\u00edlus"}]},{"@type":"WebSite","@id":"https:\/\/www.welovecycling.com\/hu\/#website","url":"https:\/\/www.welovecycling.com\/hu\/","name":"\u0160koda We Love Cycling - Magyarorsz\u00e1g","description":"\u0160koda WeLoveCycling","potentialAction":[{"@type":"SearchAction","target":{"@type":"EntryPoint","urlTemplate":"https:\/\/www.welovecycling.com\/hu\/?s={search_term_string}"},"query-input":{"@type":"PropertyValueSpecification","valueRequired":true,"valueName":"search_term_string"}}],"inLanguage":"hu"},{"@type":"Person","@id":"https:\/\/www.welovecycling.com\/hu\/#\/schema\/person\/414a2aebf1801691a5320edb6468e194","name":"hegyizs","image":{"@type":"ImageObject","inLanguage":"hu","@id":"https:\/\/www.welovecycling.com\/hu\/#\/schema\/person\/image\/","url":"https:\/\/secure.gravatar.com\/avatar\/02cf8a7906b8cf90cecb4679defac7cfd33a1c2e3b88e4903d947f3bb58eedd3?s=96&d=mm&r=g","contentUrl":"https:\/\/secure.gravatar.com\/avatar\/02cf8a7906b8cf90cecb4679defac7cfd33a1c2e3b88e4903d947f3bb58eedd3?s=96&d=mm&r=g","caption":"hegyizs"},"url":"https:\/\/www.welovecycling.com\/hu\/author\/hegyizs\/"}]}},"_links":{"self":[{"href":"https:\/\/www.welovecycling.com\/hu\/wp-json\/wp\/v2\/posts\/970","targetHints":{"allow":["GET"]}}],"collection":[{"href":"https:\/\/www.welovecycling.com\/hu\/wp-json\/wp\/v2\/posts"}],"about":[{"href":"https:\/\/www.welovecycling.com\/hu\/wp-json\/wp\/v2\/types\/post"}],"author":[{"embeddable":true,"href":"https:\/\/www.welovecycling.com\/hu\/wp-json\/wp\/v2\/users\/71"}],"replies":[{"embeddable":true,"href":"https:\/\/www.welovecycling.com\/hu\/wp-json\/wp\/v2\/comments?post=970"}],"version-history":[{"count":1,"href":"https:\/\/www.welovecycling.com\/hu\/wp-json\/wp\/v2\/posts\/970\/revisions"}],"predecessor-version":[{"id":975,"href":"https:\/\/www.welovecycling.com\/hu\/wp-json\/wp\/v2\/posts\/970\/revisions\/975"}],"wp:featuredmedia":[{"embeddable":true,"href":"https:\/\/www.welovecycling.com\/hu\/wp-json\/wp\/v2\/media\/974"}],"wp:attachment":[{"href":"https:\/\/www.welovecycling.com\/hu\/wp-json\/wp\/v2\/media?parent=970"}],"wp:term":[{"taxonomy":"category","embeddable":true,"href":"https:\/\/www.welovecycling.com\/hu\/wp-json\/wp\/v2\/categories?post=970"},{"taxonomy":"post_tag","embeddable":true,"href":"https:\/\/www.welovecycling.com\/hu\/wp-json\/wp\/v2\/tags?post=970"},{"taxonomy":"global-categories","embeddable":true,"href":"https:\/\/www.welovecycling.com\/hu\/wp-json\/wp\/v2\/global-categories?post=970"}],"curies":[{"name":"wp","href":"https:\/\/api.w.org\/{rel}","templated":true}]}}