{"id":9625,"date":"2020-12-07T16:00:16","date_gmt":"2020-12-07T15:00:16","guid":{"rendered":"https:\/\/www.welovecycling.com\/hu\/?p=9625"},"modified":"2020-12-05T12:27:14","modified_gmt":"2020-12-05T11:27:14","slug":"hello-bringas-hello-e-bringa","status":"publish","type":"post","link":"https:\/\/www.welovecycling.com\/hu\/blog\/hello-bringas-hello-e-bringa\/","title":{"rendered":"Hello Bring\u00e1s, hello e-bringa!"},"content":{"rendered":"<p><strong>M\u00e1r le is z\u00e1rult az e-ker\u00e9kp\u00e1rokra vonatkoz\u00f3 t\u00e1mogat\u00e1s els\u0151 p\u00e1ly\u00e1zati \u00a0szakasza, ami november 23-\u00e1n indult &#8211; de ne agg\u00f3dj, nem maradt\u00e1l le, hiszen december 28-t\u00f3l janu\u00e1r 1-ig ism\u00e9t lesz lehet\u0151s\u00e9g alacsonyabb \u00e1ron pedelec-hez jutni! \u00c9s hogy mennyire alacsony az az \u00e1r? Na, annyira az\u00e9rt nem, hogy ne kelljen biztos\u00edt\u00e1st k\u00f6tni \u00faj bring\u00e1nkra \u2013 a nyugodt alv\u00e1s \u00e9rdek\u00e9ben.<\/strong><!--more--><\/p>\n<p>Biztosan eszedbe jutott m\u00e1r, hogy mi lesz, ha biciklidnek h\u0171lt hely\u00e9t tal\u00e1lod, hi\u00e1ba z\u00e1rod le alaposan munkahelyed vagy h\u00e1zad el\u0151tt, vagy amikor beugrasz a boltba. Ez m\u00e9g egy alacsonyabb \u00e1rkateg\u00f3ri\u00e1j\u00fa bringa eset\u00e9n is \u00edgy van, h\u00e1t m\u00e9g egy 900 ezer forintos elektromos j\u00e1rg\u00e1nyn\u00e1l!<\/p>\n<p>Ez az az \u00e9rt\u00e9khat\u00e1r, amennyi\u00e9rt pedelec-et v\u00e1laszthatunk magunknak, ha ig\u00e9nybe szeretn\u00e9nk venni az \u00e1llami t\u00e1mogat\u00e1st. A t\u00e1mogat\u00e1s maxim\u00e1lis m\u00e9rt\u00e9ke ped\u00e1lszenzoros hajt\u00e1si rendszerrel felszerelt elektromos ker\u00e9kp\u00e1rok eset\u00e9n a maximum brutt\u00f3 400.000 Ft-os elad\u00e1si \u00e1r 50 sz\u00e1zal\u00e9ka, de legfeljebb <strong>90.000 forint<\/strong>, nyomat\u00e9kszenzoros j\u00e1rm\u0171n\u00e9l pedig a maximum brutt\u00f3 900.000 Ft-os elad\u00e1si \u00e1r 50 sz\u00e1zal\u00e9ka, de legfeljebb <strong>150.000 forint<\/strong>.<\/p>\n<figure id=\"attachment_9626\" aria-describedby=\"caption-attachment-9626\" style=\"width: 1024px\" class=\"wp-caption aligncenter\"><img loading=\"lazy\" decoding=\"async\" class=\"size-large wp-image-9626\" src=\"https:\/\/d2p6e6u75xmxt8.cloudfront.net\/12\/2020\/12\/mountain-bike-5567847_1280-1024x682.jpg\" alt=\"\" width=\"1024\" height=\"682\" srcset=\"https:\/\/d2p6e6u75xmxt8.cloudfront.net\/12\/2020\/12\/mountain-bike-5567847_1280-1024x682.jpg 1024w, https:\/\/d2p6e6u75xmxt8.cloudfront.net\/12\/2020\/12\/mountain-bike-5567847_1280-300x200.jpg 300w, https:\/\/d2p6e6u75xmxt8.cloudfront.net\/12\/2020\/12\/mountain-bike-5567847_1280-768x512.jpg 768w, https:\/\/d2p6e6u75xmxt8.cloudfront.net\/12\/2020\/12\/mountain-bike-5567847_1280-272x182.jpg 272w, https:\/\/d2p6e6u75xmxt8.cloudfront.net\/12\/2020\/12\/mountain-bike-5567847_1280.jpg 1280w\" sizes=\"auto, (max-width: 1024px) 100vw, 1024px\" \/><figcaption id=\"caption-attachment-9626\" class=\"wp-caption-text\">A t\u00e1mogat\u00e1ssal ak\u00e1r 900.000 Ft \u00e9rt\u00e9k\u0171 e-biciklihez is juthatunk, 750.000 Ft-\u00e9rt.<\/figcaption><\/figure>\n<p><em>\u00a0<\/em>M\u00e9g \u00edgy sem olcs\u00f3 mulats\u00e1g az e-bring\u00e1z\u00e1s, \u00e9s egy ekkora \u00e9rt\u00e9k\u0171 biciklit nem sz\u00edvesen hagy mag\u00e1ra az ember. \u00c1m nem k\u00f6nny\u0171 minden nap felcipelni a harmadik emeletre, \u00e9s val\u00f3sz\u00edn\u0171leg kint sem akarunk aludni vele a gar\u00e1zsban, hogy vigy\u00e1zzunk r\u00e1. R\u00e1ad\u00e1sul haszn\u00e1lni is csak s\u00e9tatemp\u00f3ban merj\u00fck, mert mi van, ha t\u00f6rt\u00e9nik a bring\u00e1val vagy a haszn\u00e1l\u00f3j\u00e1val valami? Pedig ezek a csod\u00e1k azt\u00e1n rendesen tudnak sz\u00e1guldani!<\/p>\n<p>Mindezekre j\u00f3 megold\u00e1s, ha <strong>hello Bring\u00e1s biztos\u00edt\u00e1st<\/strong> k\u00f6tsz, \u00edgy nem kell minden pillanatban rajta tartanod a szemed \u00faj k\u00e9tkerek\u0171 t\u00e1rsadon, \u00e9s t\u00e9nyleg aj\u00e1nd\u00e9k lesz, nem pedig ny\u0171g. A hello Bring\u00e1s az egyetlen olyan biztos\u00edt\u00e1s a piacon, ami <strong>akkor is megt\u00e9r\u00edti a k\u00e1rt, ha az utc\u00e1n j\u00f3l lez\u00e1rt biciklit <\/strong>net\u00e1n illet\u00e9ktelenek<strong> elk\u00f6tik<\/strong>. Persze tov\u00e1bbra is te vagy a felel\u0151s az\u00e9rt, hogy alaposan lez\u00e1rd minden alkalommal, amikor \u0151rizetlen\u00fcl hagyod. Ha a hello Bring\u00e1s applik\u00e1ci\u00f3val f\u00e9nyk\u00e9pet k\u00e9sz\u00edtesz a k\u00fclt\u00e9ren leparkolt, j\u00f3l lez\u00e1rt biciklidr\u0151l, akkor <strong>lop\u00e1sk\u00e1r<\/strong> eset\u00e9n az <strong>\u00f6nr\u00e9sz 50%-r\u00f3l 15%-ra cs\u00f6kken!<\/strong> Ennyit igaz\u00e1n meg\u00e9r a nyugalom, ugye?<\/p>\n<p><img loading=\"lazy\" decoding=\"async\" class=\"aligncenter wp-image-9627\" src=\"https:\/\/d2p6e6u75xmxt8.cloudfront.net\/12\/2020\/12\/screen-1-c91f6e6d9d967ccec818ca39c1d5149b-649x1024.png\" alt=\"\" width=\"360\" height=\"568\" srcset=\"https:\/\/d2p6e6u75xmxt8.cloudfront.net\/12\/2020\/12\/screen-1-c91f6e6d9d967ccec818ca39c1d5149b-649x1024.png 649w, https:\/\/d2p6e6u75xmxt8.cloudfront.net\/12\/2020\/12\/screen-1-c91f6e6d9d967ccec818ca39c1d5149b-190x300.png 190w, https:\/\/d2p6e6u75xmxt8.cloudfront.net\/12\/2020\/12\/screen-1-c91f6e6d9d967ccec818ca39c1d5149b.png 678w\" sizes=\"auto, (max-width: 360px) 100vw, 360px\" \/><\/p>\n<p>A lop\u00e1s elleni biztos\u00edt\u00e1s mellett a <strong>hello Bring\u00e1s balesetbiztos\u00edt\u00e1st \u00e9s felel\u0151ss\u00e9gbiztos\u00edt\u00e1st<\/strong> is k\u00edn\u00e1l <strong>\u00e9vi p\u00e1r ezer forint\u00e9rt<\/strong>, \u00edgy a <strong>s\u00e9r\u00fcl\u00e9sek<\/strong> \u00e9s a ker\u00e9kp\u00e1roz\u00e1s k\u00f6zben esetleg <strong>m\u00e1snak okozott k\u00e1r<\/strong> miatt sem kell agg\u00f3dnod. Ez persze nem jelenti azt, hogy nem kell k\u00f6r\u00fcltekint\u0151en k\u00f6zlekedni! Sisak, l\u00e1mpa, j\u00f3 l\u00e1that\u00f3s\u00e1g \u00e9s biztos\u00edt\u00e1s: ha mindez megvan, indulhatsz is bevenni azokat az emelked\u0151ket, amikr\u0151l eddig csak \u00e1lmodt\u00e1l! Egy pedelec-kel semmi sem lehetetlen!<\/p>\n<p>A hello Bring\u00e1s biztos\u00edt\u00e1sokr\u00f3l <a href=\"https:\/\/hello.hu\/bringas\">itt<\/a> olvashatsz b\u0151vebben.<\/p>\n","protected":false},"excerpt":{"rendered":"<p>M\u00e1r le is z\u00e1rult az e-ker\u00e9kp\u00e1rokra vonatkoz\u00f3 t\u00e1mogat\u00e1s els\u0151 p\u00e1ly\u00e1zati \u00a0szakasza, ami november 23-\u00e1n indult &#8211; de ne agg\u00f3dj, nem [&hellip;]<\/p>\n","protected":false},"author":71,"featured_media":9628,"comment_status":"open","ping_status":"open","sticky":false,"template":"","format":"standard","meta":{"footnotes":""},"categories":[13],"tags":[],"global-categories":[],"class_list":["post-9625","post","type-post","status-publish","format-standard","has-post-thumbnail","hentry","category-blog"],"yoast_head":"<!-- This site is optimized with the Yoast SEO Premium plugin v25.3 (Yoast SEO v25.9) - https:\/\/yoast.com\/wordpress\/plugins\/seo\/ -->\n<title>Hello Bring\u00e1s, hello e-bringa! - \u0160koda We Love Cycling - Magyarorsz\u00e1g<\/title>\n<meta name=\"description\" content=\"M\u00e1r le is z\u00e1rult az e-ker\u00e9kp\u00e1rokra vonatkoz\u00f3 t\u00e1mogat\u00e1s els\u0151 p\u00e1ly\u00e1zati \u00a0szakasza, ami november 23-\u00e1n indult - de ne agg\u00f3dj, nem maradt\u00e1l le, hiszen december 28-t\u00f3l janu\u00e1r 1-ig ism\u00e9t lesz lehet\u0151s\u00e9g alacsonyabb \u00e1ron pedelec-hez jutni!\" \/>\n<meta name=\"robots\" content=\"index, follow, max-snippet:-1, max-image-preview:large, max-video-preview:-1\" \/>\n<link rel=\"canonical\" href=\"https:\/\/www.welovecycling.com\/hu\/blog\/hello-bringas-hello-e-bringa\/\" \/>\n<meta property=\"og:locale\" content=\"hu_HU\" \/>\n<meta property=\"og:type\" content=\"article\" \/>\n<meta property=\"og:title\" content=\"Hello Bring\u00e1s, hello e-bringa!\" \/>\n<meta property=\"og:description\" content=\"M\u00e1r le is z\u00e1rult az e-ker\u00e9kp\u00e1rokra vonatkoz\u00f3 t\u00e1mogat\u00e1s els\u0151 p\u00e1ly\u00e1zati \u00a0szakasza, ami november 23-\u00e1n indult - de ne agg\u00f3dj, nem maradt\u00e1l le, hiszen december 28-t\u00f3l janu\u00e1r 1-ig ism\u00e9t lesz lehet\u0151s\u00e9g alacsonyabb \u00e1ron pedelec-hez jutni!\" \/>\n<meta property=\"og:url\" content=\"https:\/\/www.welovecycling.com\/hu\/blog\/hello-bringas-hello-e-bringa\/\" \/>\n<meta property=\"og:site_name\" content=\"\u0160koda We Love Cycling - Magyarorsz\u00e1g\" \/>\n<meta property=\"article:publisher\" content=\"https:\/\/www.facebook.com\/WeLoveCyclingHungary\/\" \/>\n<meta property=\"article:published_time\" content=\"2020-12-07T15:00:16+00:00\" \/>\n<meta property=\"og:image\" content=\"https:\/\/d2p6e6u75xmxt8.cloudfront.net\/12\/2020\/12\/sec-1-img-4900579bee1c3ca150ecc68453233a24.png\" \/>\n\t<meta property=\"og:image:width\" content=\"1440\" \/>\n\t<meta property=\"og:image:height\" content=\"813\" \/>\n\t<meta property=\"og:image:type\" content=\"image\/png\" \/>\n<meta name=\"author\" content=\"hegyizs\" \/>\n<meta name=\"twitter:card\" content=\"summary_large_image\" \/>\n<meta name=\"twitter:label1\" content=\"Written by\" \/>\n\t<meta name=\"twitter:data1\" content=\"WLC\" \/>\n\t<meta name=\"twitter:label2\" content=\"Est. reading time\" \/>\n\t<meta name=\"twitter:data2\" content=\"3 minutes\" \/>\n<script type=\"application\/ld+json\" class=\"yoast-schema-graph\">{\"@context\":\"https:\/\/schema.org\",\"@graph\":[{\"@type\":\"WebPage\",\"@id\":\"https:\/\/www.welovecycling.com\/hu\/blog\/hello-bringas-hello-e-bringa\/\",\"url\":\"https:\/\/www.welovecycling.com\/hu\/blog\/hello-bringas-hello-e-bringa\/\",\"name\":\"Hello Bring\u00e1s, hello e-bringa! - \u0160koda We Love Cycling - Magyarorsz\u00e1g\",\"isPartOf\":{\"@id\":\"https:\/\/www.welovecycling.com\/hu\/#website\"},\"primaryImageOfPage\":{\"@id\":\"https:\/\/www.welovecycling.com\/hu\/blog\/hello-bringas-hello-e-bringa\/#primaryimage\"},\"image\":{\"@id\":\"https:\/\/www.welovecycling.com\/hu\/blog\/hello-bringas-hello-e-bringa\/#primaryimage\"},\"thumbnailUrl\":\"https:\/\/d2p6e6u75xmxt8.cloudfront.net\/12\/2020\/12\/sec-1-img-4900579bee1c3ca150ecc68453233a24.png\",\"datePublished\":\"2020-12-07T15:00:16+00:00\",\"author\":{\"@id\":\"https:\/\/www.welovecycling.com\/hu\/#\/schema\/person\/414a2aebf1801691a5320edb6468e194\"},\"description\":\"M\u00e1r le is z\u00e1rult az e-ker\u00e9kp\u00e1rokra vonatkoz\u00f3 t\u00e1mogat\u00e1s els\u0151 p\u00e1ly\u00e1zati \u00a0szakasza, ami november 23-\u00e1n indult - de ne agg\u00f3dj, nem maradt\u00e1l le, hiszen december 28-t\u00f3l janu\u00e1r 1-ig ism\u00e9t lesz lehet\u0151s\u00e9g alacsonyabb \u00e1ron pedelec-hez jutni!\",\"breadcrumb\":{\"@id\":\"https:\/\/www.welovecycling.com\/hu\/blog\/hello-bringas-hello-e-bringa\/#breadcrumb\"},\"inLanguage\":\"hu\",\"potentialAction\":[{\"@type\":\"ReadAction\",\"target\":[\"https:\/\/www.welovecycling.com\/hu\/blog\/hello-bringas-hello-e-bringa\/\"]}]},{\"@type\":\"ImageObject\",\"inLanguage\":\"hu\",\"@id\":\"https:\/\/www.welovecycling.com\/hu\/blog\/hello-bringas-hello-e-bringa\/#primaryimage\",\"url\":\"https:\/\/d2p6e6u75xmxt8.cloudfront.net\/12\/2020\/12\/sec-1-img-4900579bee1c3ca150ecc68453233a24.png\",\"contentUrl\":\"https:\/\/d2p6e6u75xmxt8.cloudfront.net\/12\/2020\/12\/sec-1-img-4900579bee1c3ca150ecc68453233a24.png\",\"width\":1440,\"height\":813},{\"@type\":\"BreadcrumbList\",\"@id\":\"https:\/\/www.welovecycling.com\/hu\/blog\/hello-bringas-hello-e-bringa\/#breadcrumb\",\"itemListElement\":[{\"@type\":\"ListItem\",\"position\":1,\"name\":\"Home\",\"item\":\"https:\/\/www.welovecycling.com\/hu\/\"},{\"@type\":\"ListItem\",\"position\":2,\"name\":\"Hello Bring\u00e1s, hello e-bringa!\"}]},{\"@type\":\"WebSite\",\"@id\":\"https:\/\/www.welovecycling.com\/hu\/#website\",\"url\":\"https:\/\/www.welovecycling.com\/hu\/\",\"name\":\"\u0160koda We Love Cycling - Magyarorsz\u00e1g\",\"description\":\"\u0160koda WeLoveCycling\",\"potentialAction\":[{\"@type\":\"SearchAction\",\"target\":{\"@type\":\"EntryPoint\",\"urlTemplate\":\"https:\/\/www.welovecycling.com\/hu\/?s={search_term_string}\"},\"query-input\":{\"@type\":\"PropertyValueSpecification\",\"valueRequired\":true,\"valueName\":\"search_term_string\"}}],\"inLanguage\":\"hu\"},{\"@type\":\"Person\",\"@id\":\"https:\/\/www.welovecycling.com\/hu\/#\/schema\/person\/414a2aebf1801691a5320edb6468e194\",\"name\":\"hegyizs\",\"image\":{\"@type\":\"ImageObject\",\"inLanguage\":\"hu\",\"@id\":\"https:\/\/www.welovecycling.com\/hu\/#\/schema\/person\/image\/\",\"url\":\"https:\/\/secure.gravatar.com\/avatar\/02cf8a7906b8cf90cecb4679defac7cfd33a1c2e3b88e4903d947f3bb58eedd3?s=96&d=mm&r=g\",\"contentUrl\":\"https:\/\/secure.gravatar.com\/avatar\/02cf8a7906b8cf90cecb4679defac7cfd33a1c2e3b88e4903d947f3bb58eedd3?s=96&d=mm&r=g\",\"caption\":\"hegyizs\"},\"url\":\"https:\/\/www.welovecycling.com\/hu\/author\/hegyizs\/\"}]}<\/script>\n<!-- \/ Yoast SEO Premium plugin. -->","yoast_head_json":{"title":"Hello Bring\u00e1s, hello e-bringa! - \u0160koda We Love Cycling - Magyarorsz\u00e1g","description":"M\u00e1r le is z\u00e1rult az e-ker\u00e9kp\u00e1rokra vonatkoz\u00f3 t\u00e1mogat\u00e1s els\u0151 p\u00e1ly\u00e1zati \u00a0szakasza, ami november 23-\u00e1n indult - de ne agg\u00f3dj, nem maradt\u00e1l le, hiszen december 28-t\u00f3l janu\u00e1r 1-ig ism\u00e9t lesz lehet\u0151s\u00e9g alacsonyabb \u00e1ron pedelec-hez jutni!","robots":{"index":"index","follow":"follow","max-snippet":"max-snippet:-1","max-image-preview":"max-image-preview:large","max-video-preview":"max-video-preview:-1"},"canonical":"https:\/\/www.welovecycling.com\/hu\/blog\/hello-bringas-hello-e-bringa\/","og_locale":"hu_HU","og_type":"article","og_title":"Hello Bring\u00e1s, hello e-bringa!","og_description":"M\u00e1r le is z\u00e1rult az e-ker\u00e9kp\u00e1rokra vonatkoz\u00f3 t\u00e1mogat\u00e1s els\u0151 p\u00e1ly\u00e1zati \u00a0szakasza, ami november 23-\u00e1n indult - de ne agg\u00f3dj, nem maradt\u00e1l le, hiszen december 28-t\u00f3l janu\u00e1r 1-ig ism\u00e9t lesz lehet\u0151s\u00e9g alacsonyabb \u00e1ron pedelec-hez jutni!","og_url":"https:\/\/www.welovecycling.com\/hu\/blog\/hello-bringas-hello-e-bringa\/","og_site_name":"\u0160koda We Love Cycling - Magyarorsz\u00e1g","article_publisher":"https:\/\/www.facebook.com\/WeLoveCyclingHungary\/","article_published_time":"2020-12-07T15:00:16+00:00","og_image":[{"width":1440,"height":813,"url":"https:\/\/d2p6e6u75xmxt8.cloudfront.net\/12\/2020\/12\/sec-1-img-4900579bee1c3ca150ecc68453233a24.png","type":"image\/png"}],"author":"hegyizs","twitter_card":"summary_large_image","twitter_misc":{"Written by":"WLC","Est. reading time":"3 minutes"},"schema":{"@context":"https:\/\/schema.org","@graph":[{"@type":"WebPage","@id":"https:\/\/www.welovecycling.com\/hu\/blog\/hello-bringas-hello-e-bringa\/","url":"https:\/\/www.welovecycling.com\/hu\/blog\/hello-bringas-hello-e-bringa\/","name":"Hello Bring\u00e1s, hello e-bringa! - \u0160koda We Love Cycling - Magyarorsz\u00e1g","isPartOf":{"@id":"https:\/\/www.welovecycling.com\/hu\/#website"},"primaryImageOfPage":{"@id":"https:\/\/www.welovecycling.com\/hu\/blog\/hello-bringas-hello-e-bringa\/#primaryimage"},"image":{"@id":"https:\/\/www.welovecycling.com\/hu\/blog\/hello-bringas-hello-e-bringa\/#primaryimage"},"thumbnailUrl":"https:\/\/d2p6e6u75xmxt8.cloudfront.net\/12\/2020\/12\/sec-1-img-4900579bee1c3ca150ecc68453233a24.png","datePublished":"2020-12-07T15:00:16+00:00","author":{"@id":"https:\/\/www.welovecycling.com\/hu\/#\/schema\/person\/414a2aebf1801691a5320edb6468e194"},"description":"M\u00e1r le is z\u00e1rult az e-ker\u00e9kp\u00e1rokra vonatkoz\u00f3 t\u00e1mogat\u00e1s els\u0151 p\u00e1ly\u00e1zati \u00a0szakasza, ami november 23-\u00e1n indult - de ne agg\u00f3dj, nem maradt\u00e1l le, hiszen december 28-t\u00f3l janu\u00e1r 1-ig ism\u00e9t lesz lehet\u0151s\u00e9g alacsonyabb \u00e1ron pedelec-hez jutni!","breadcrumb":{"@id":"https:\/\/www.welovecycling.com\/hu\/blog\/hello-bringas-hello-e-bringa\/#breadcrumb"},"inLanguage":"hu","potentialAction":[{"@type":"ReadAction","target":["https:\/\/www.welovecycling.com\/hu\/blog\/hello-bringas-hello-e-bringa\/"]}]},{"@type":"ImageObject","inLanguage":"hu","@id":"https:\/\/www.welovecycling.com\/hu\/blog\/hello-bringas-hello-e-bringa\/#primaryimage","url":"https:\/\/d2p6e6u75xmxt8.cloudfront.net\/12\/2020\/12\/sec-1-img-4900579bee1c3ca150ecc68453233a24.png","contentUrl":"https:\/\/d2p6e6u75xmxt8.cloudfront.net\/12\/2020\/12\/sec-1-img-4900579bee1c3ca150ecc68453233a24.png","width":1440,"height":813},{"@type":"BreadcrumbList","@id":"https:\/\/www.welovecycling.com\/hu\/blog\/hello-bringas-hello-e-bringa\/#breadcrumb","itemListElement":[{"@type":"ListItem","position":1,"name":"Home","item":"https:\/\/www.welovecycling.com\/hu\/"},{"@type":"ListItem","position":2,"name":"Hello Bring\u00e1s, hello e-bringa!"}]},{"@type":"WebSite","@id":"https:\/\/www.welovecycling.com\/hu\/#website","url":"https:\/\/www.welovecycling.com\/hu\/","name":"\u0160koda We Love Cycling - Magyarorsz\u00e1g","description":"\u0160koda WeLoveCycling","potentialAction":[{"@type":"SearchAction","target":{"@type":"EntryPoint","urlTemplate":"https:\/\/www.welovecycling.com\/hu\/?s={search_term_string}"},"query-input":{"@type":"PropertyValueSpecification","valueRequired":true,"valueName":"search_term_string"}}],"inLanguage":"hu"},{"@type":"Person","@id":"https:\/\/www.welovecycling.com\/hu\/#\/schema\/person\/414a2aebf1801691a5320edb6468e194","name":"hegyizs","image":{"@type":"ImageObject","inLanguage":"hu","@id":"https:\/\/www.welovecycling.com\/hu\/#\/schema\/person\/image\/","url":"https:\/\/secure.gravatar.com\/avatar\/02cf8a7906b8cf90cecb4679defac7cfd33a1c2e3b88e4903d947f3bb58eedd3?s=96&d=mm&r=g","contentUrl":"https:\/\/secure.gravatar.com\/avatar\/02cf8a7906b8cf90cecb4679defac7cfd33a1c2e3b88e4903d947f3bb58eedd3?s=96&d=mm&r=g","caption":"hegyizs"},"url":"https:\/\/www.welovecycling.com\/hu\/author\/hegyizs\/"}]}},"_links":{"self":[{"href":"https:\/\/www.welovecycling.com\/hu\/wp-json\/wp\/v2\/posts\/9625","targetHints":{"allow":["GET"]}}],"collection":[{"href":"https:\/\/www.welovecycling.com\/hu\/wp-json\/wp\/v2\/posts"}],"about":[{"href":"https:\/\/www.welovecycling.com\/hu\/wp-json\/wp\/v2\/types\/post"}],"author":[{"embeddable":true,"href":"https:\/\/www.welovecycling.com\/hu\/wp-json\/wp\/v2\/users\/71"}],"replies":[{"embeddable":true,"href":"https:\/\/www.welovecycling.com\/hu\/wp-json\/wp\/v2\/comments?post=9625"}],"version-history":[{"count":2,"href":"https:\/\/www.welovecycling.com\/hu\/wp-json\/wp\/v2\/posts\/9625\/revisions"}],"predecessor-version":[{"id":9630,"href":"https:\/\/www.welovecycling.com\/hu\/wp-json\/wp\/v2\/posts\/9625\/revisions\/9630"}],"wp:featuredmedia":[{"embeddable":true,"href":"https:\/\/www.welovecycling.com\/hu\/wp-json\/wp\/v2\/media\/9628"}],"wp:attachment":[{"href":"https:\/\/www.welovecycling.com\/hu\/wp-json\/wp\/v2\/media?parent=9625"}],"wp:term":[{"taxonomy":"category","embeddable":true,"href":"https:\/\/www.welovecycling.com\/hu\/wp-json\/wp\/v2\/categories?post=9625"},{"taxonomy":"post_tag","embeddable":true,"href":"https:\/\/www.welovecycling.com\/hu\/wp-json\/wp\/v2\/tags?post=9625"},{"taxonomy":"global-categories","embeddable":true,"href":"https:\/\/www.welovecycling.com\/hu\/wp-json\/wp\/v2\/global-categories?post=9625"}],"curies":[{"name":"wp","href":"https:\/\/api.w.org\/{rel}","templated":true}]}}