{"id":9594,"date":"2020-12-09T08:00:01","date_gmt":"2020-12-09T07:00:01","guid":{"rendered":"https:\/\/www.welovecycling.com\/hu\/?p=9594"},"modified":"2020-12-05T12:29:07","modified_gmt":"2020-12-05T11:29:07","slug":"a-4-legnagyobb-kozhiedelem-az-e-biciklikrol","status":"publish","type":"post","link":"https:\/\/www.welovecycling.com\/hu\/kozosseg-es-kultura\/a-4-legnagyobb-kozhiedelem-az-e-biciklikrol\/","title":{"rendered":"A 4 legnagyobb k\u00f6zhiedelem az e-biciklikr\u0151l"},"content":{"rendered":"<p><strong>Te is neh\u00e9znek, cs\u00fany\u00e1nak, dr\u00e1g\u00e1nak \u00e9s nevets\u00e9gesnek tartod az e-ker\u00e9kp\u00e1rokat, amik csak lusta fick\u00f3knak val\u00f3k? Lehet, hogy t\u00e9vedsz! \u00d6sszeszedt\u00fck a legelterjedtebb t\u00e9vhiteket az elektromos biciklikr\u0151l.<\/strong><\/p>\n<p><!--more--><\/p>\n<h2><strong>1. sz\u00e1m\u00fa m\u00edtosz: Az e-biciklik cs\u00fany\u00e1k \u00e9s b\u00f6szm\u00e9k<\/strong><\/h2>\n<p>Az egyik leggyakoribb t\u00e9veszme szerint az elektromos ker\u00e9kp\u00e1rok sz\u00f6rnyen rond\u00e1k, \u00e9s ami m\u00e9g rosszabb: nagyon nehezek is. De ez a val\u00f3s\u00e1gban nem \u00edgy van. Egy \u00e1tlagos e-bringa s\u00falya nem sokkal nagyobb egy hagyom\u00e1nyos ker\u00e9kp\u00e1r s\u00faly\u00e1n\u00e1l, s\u0151t ma m\u00e1r majdnem egy szinten vannak. \u00c1tlagosan 5 kilogrammal nehezebbek motor n\u00e9lk\u00fcli t\u00e1rsaikn\u00e1l, ez az\u00e9rt nem olyan v\u00e9szes! A plusz kil\u00f3kat persze a motor \u00e9s az akkumul\u00e1tor jelenti. Mivel ut\u00f3bbit \u00e1ltal\u00e1ban a v\u00e1zba rejtik, a modern e-bicikliket ma m\u00e1r neh\u00e9z megk\u00fcl\u00f6nb\u00f6ztetni a hagyom\u00e1nyos ker\u00e9kp\u00e1rokt\u00f3l. Ugyan\u00fagy h\u00edres tervez\u0151k dolgoznak azon, hogy gy\u00f6ny\u00f6r\u0171 term\u00e9keket k\u00e9sz\u00edtsenek, \u00e9s sz\u00edv\u00fcket-lelk\u00fcket beleadj\u00e1k!<\/p>\n<figure id=\"attachment_9595\" aria-describedby=\"caption-attachment-9595\" style=\"width: 1024px\" class=\"wp-caption alignnone\"><a href=\"https:\/\/d2p6e6u75xmxt8.cloudfront.net\/2\/2020\/11\/E-bike-profimedia-0558344112.jpg\"><img loading=\"lazy\" decoding=\"async\" class=\"wp-image-9595 size-large\" src=\"https:\/\/d2p6e6u75xmxt8.cloudfront.net\/12\/2020\/12\/E-bike-profimedia-0558344112-1024x639.jpg\" alt=\"E-bicycle\" width=\"1024\" height=\"639\" srcset=\"https:\/\/d2p6e6u75xmxt8.cloudfront.net\/12\/2020\/12\/E-bike-profimedia-0558344112-1024x639.jpg 1024w, https:\/\/d2p6e6u75xmxt8.cloudfront.net\/12\/2020\/12\/E-bike-profimedia-0558344112-300x187.jpg 300w, https:\/\/d2p6e6u75xmxt8.cloudfront.net\/12\/2020\/12\/E-bike-profimedia-0558344112-768x479.jpg 768w, https:\/\/d2p6e6u75xmxt8.cloudfront.net\/12\/2020\/12\/E-bike-profimedia-0558344112.jpg 1250w\" sizes=\"auto, (max-width: 1024px) 100vw, 1024px\" \/><\/a><figcaption id=\"caption-attachment-9595\" class=\"wp-caption-text\"><em>Az Egyes\u00fclt \u00c1llamokban \u00e9s Eur\u00f3p\u00e1ban sokan fordultak az elektromos ker\u00e9kp\u00e1rokhoz az ut\u00f3bbi id\u0151ben, a koronav\u00edrus az els\u0151dleges hajt\u00f3ereje ennek a fellend\u00fcl\u00e9snek. \u00a9 Profimedia<\/em><\/figcaption><\/figure>\n<h2><strong>2. sz\u00e1m\u00fa m\u00edtosz: Csak lust\u00e1knak \u00e9s id\u0151seknek j\u00f3k<\/strong><\/h2>\n<p>Az e-ker\u00e9kp\u00e1rok k\u00fcl\u00f6nf\u00e9le kivitelben k\u00e9sz\u00fclnek, de a legt\u00f6bbj\u00fcket ing\u00e1z\u00e1sra vagy hegyi ker\u00e9kp\u00e1roz\u00e1sra sz\u00e1nj\u00e1k. A modern j\u00e1rm\u0171vek lehet\u0151s\u00e9get ny\u00fajtanak arra, hogy megadjuk mekkora r\u00e1seg\u00edts\u00e9gre van sz\u00fcks\u00e9g\u00fcnk. \u00c9lvezheted az utat \u00fagy, mint egy hagyom\u00e1nyos ker\u00e9kp\u00e1ron, \u00e9s haszn\u00e1lhatod az elektromos seg\u00edts\u00e9get meredekebb terepen, vagy be\u00e1ll\u00edthatod \u00fagy is, hogy eg\u00e9sz \u00faton seg\u00edtsen, \u00edgy id\u0151sebbek vagy gyeng\u00e9bb kond\u00edci\u00f3val rendelkez\u0151k is \u00fatnak indulhatnak.<\/p>\n<h2><strong>3. sz\u00e1m\u00fa m\u00edtosz: A e-bring\u00e1k dr\u00e1g\u00e1k<\/strong><\/h2>\n<p>Piacra dob\u00e1sukkor az e-ker\u00e9kp\u00e1rok val\u00f3ban dr\u00e1g\u00e1k voltak, de ez ma m\u00e1r nem \u00edgy van. A ker\u00e9kp\u00e1r\u00fczletek m\u00e1r 1000 eur\u00f3 alatti \u00e1ron is k\u00edn\u00e1lnak min\u0151s\u00e9gi e-bicikliket. Persze enn\u00e9l olcs\u00f3bban is beszerezhetsz egy hagyom\u00e1nyos biciklit, de legy\u00fcnk \u0151szint\u00e9k: j\u00f3val dr\u00e1g\u00e1bban is. 1000 eur\u00f3\u00e9rt egy j\u00f3 megjelen\u00e9s\u0171 e-biciklit kapsz, amelynek hat\u00f3t\u00e1vols\u00e1ga ak\u00e1r 70 km is lehet egy t\u00f6lt\u00e9ssel.<\/p>\n<figure id=\"attachment_9596\" aria-describedby=\"caption-attachment-9596\" style=\"width: 1024px\" class=\"wp-caption alignnone\"><a href=\"https:\/\/d2p6e6u75xmxt8.cloudfront.net\/2\/2020\/11\/E-bicycle-profimedia-0556088346.jpg\"><img loading=\"lazy\" decoding=\"async\" class=\"wp-image-9596 size-large\" src=\"https:\/\/d2p6e6u75xmxt8.cloudfront.net\/12\/2020\/12\/E-bicycle-profimedia-0556088346-1024x637.jpg\" alt=\"Woman on e-bike\" width=\"1024\" height=\"637\" srcset=\"https:\/\/d2p6e6u75xmxt8.cloudfront.net\/12\/2020\/12\/E-bicycle-profimedia-0556088346-1024x637.jpg 1024w, https:\/\/d2p6e6u75xmxt8.cloudfront.net\/12\/2020\/12\/E-bicycle-profimedia-0556088346-300x186.jpg 300w, https:\/\/d2p6e6u75xmxt8.cloudfront.net\/12\/2020\/12\/E-bicycle-profimedia-0556088346-768x477.jpg 768w, https:\/\/d2p6e6u75xmxt8.cloudfront.net\/12\/2020\/12\/E-bicycle-profimedia-0556088346.jpg 1250w\" sizes=\"auto, (max-width: 1024px) 100vw, 1024px\" \/><\/a><figcaption id=\"caption-attachment-9596\" class=\"wp-caption-text\"><em>Az e-ker\u00e9kp\u00e1rok seg\u00edtik a mobilit\u00e1st \u00e9s a v\u00e1rosi k\u00f6zleked\u00e9st.<\/em><\/figcaption><\/figure>\n<h2><strong>4. sz\u00e1m\u00fa m\u00edtosz: Az e-biciklikhez jogsi kell<\/strong><\/h2>\n<p>A t\u00e9vhittel ellent\u00e9tben val\u00f3j\u00e1ban nincs sz\u00fcks\u00e9g jogos\u00edtv\u00e1nyra ahhoz, hogy elektromos biciklit vezethess. Az elektromos motor csak az akt\u00edv ped\u00e1loz\u00e1st seg\u00edti, ir\u00e1ny\u00edt\u00e1sa teh\u00e1t nem k\u00fcl\u00f6nb\u00f6zik egy klasszikus ker\u00e9kp\u00e1rt\u00f3l. A legt\u00f6bb orsz\u00e1gban azonban t\u00f6rv\u00e9nyi korl\u00e1toz\u00e1sok vonatkoznak az e-biciklikre. A motor teljes\u00edtm\u00e9nye maximum 250 W lehet, az akt\u00edv ped\u00e1loz\u00e1s minden esetben k\u00f6telez\u0151 a motor m\u0171k\u00f6dtet\u00e9s\u00e9hez, a sebess\u00e9ged pedig nem haladhatja meg a 25 km\/h-t.<\/p>\n","protected":false},"excerpt":{"rendered":"<p>Te is neh\u00e9znek, cs\u00fany\u00e1nak, dr\u00e1g\u00e1nak \u00e9s nevets\u00e9gesnek tartod az e-ker\u00e9kp\u00e1rokat, amik csak lusta fick\u00f3knak val\u00f3k? Lehet, hogy t\u00e9vedsz! \u00d6sszeszedt\u00fck a [&hellip;]<\/p>\n","protected":false},"author":71,"featured_media":9598,"comment_status":"open","ping_status":"open","sticky":false,"template":"","format":"standard","meta":{"footnotes":""},"categories":[12],"tags":[],"global-categories":[],"class_list":["post-9594","post","type-post","status-publish","format-standard","has-post-thumbnail","hentry","category-kozosseg-es-kultura"],"yoast_head":"<!-- This site is optimized with the Yoast SEO Premium plugin v25.3 (Yoast SEO v25.9) - https:\/\/yoast.com\/wordpress\/plugins\/seo\/ -->\n<title>A 4 legnagyobb k\u00f6zhiedelem az e-biciklikr\u0151l<\/title>\n<meta name=\"description\" content=\"Te is neh\u00e9znek, cs\u00fany\u00e1nak, dr\u00e1g\u00e1nak \u00e9s nevets\u00e9gesnek tartod az e-ker\u00e9kp\u00e1rokat, amik csak lusta fick\u00f3knak val\u00f3k? Lehet, hogy t\u00e9vedsz! \u00d6sszeszedt\u00fck a legelterjedtebb t\u00e9vhiteket az elektromos biciklikr\u0151l.\" \/>\n<meta name=\"robots\" content=\"index, follow, max-snippet:-1, max-image-preview:large, max-video-preview:-1\" \/>\n<link rel=\"canonical\" href=\"https:\/\/www.welovecycling.com\/hu\/kozosseg-es-kultura\/a-4-legnagyobb-kozhiedelem-az-e-biciklikrol\/\" \/>\n<meta property=\"og:locale\" content=\"hu_HU\" \/>\n<meta property=\"og:type\" content=\"article\" \/>\n<meta property=\"og:title\" content=\"A 4 legnagyobb k\u00f6zhiedelem az e-biciklikr\u0151l\" \/>\n<meta property=\"og:description\" content=\"Te is neh\u00e9znek, cs\u00fany\u00e1nak, dr\u00e1g\u00e1nak \u00e9s nevets\u00e9gesnek tartod az e-ker\u00e9kp\u00e1rokat, amik csak lusta fick\u00f3knak val\u00f3k? Lehet, hogy t\u00e9vedsz! \u00d6sszeszedt\u00fck a legelterjedtebb t\u00e9vhiteket az elektromos biciklikr\u0151l.\" \/>\n<meta property=\"og:url\" content=\"https:\/\/www.welovecycling.com\/hu\/kozosseg-es-kultura\/a-4-legnagyobb-kozhiedelem-az-e-biciklikrol\/\" \/>\n<meta property=\"og:site_name\" content=\"\u0160koda We Love Cycling - Magyarorsz\u00e1g\" \/>\n<meta property=\"article:publisher\" content=\"https:\/\/www.facebook.com\/WeLoveCyclingHungary\/\" \/>\n<meta property=\"article:published_time\" content=\"2020-12-09T07:00:01+00:00\" \/>\n<meta property=\"og:image\" content=\"https:\/\/d2p6e6u75xmxt8.cloudfront.net\/12\/2020\/12\/E-bike-profimedia-0511588406-CVR.jpg\" \/>\n\t<meta property=\"og:image:width\" content=\"1366\" \/>\n\t<meta property=\"og:image:height\" content=\"600\" \/>\n\t<meta property=\"og:image:type\" content=\"image\/jpeg\" \/>\n<meta name=\"author\" content=\"hegyizs\" \/>\n<meta name=\"twitter:card\" content=\"summary_large_image\" \/>\n<meta name=\"twitter:label1\" content=\"Written by\" \/>\n\t<meta name=\"twitter:data1\" content=\"Adam Marsal\" \/>\n\t<meta name=\"twitter:label2\" content=\"Est. reading time\" \/>\n\t<meta name=\"twitter:data2\" content=\"5\" \/>\n<script type=\"application\/ld+json\" class=\"yoast-schema-graph\">{\"@context\":\"https:\/\/schema.org\",\"@graph\":[{\"@type\":\"WebPage\",\"@id\":\"https:\/\/www.welovecycling.com\/hu\/kozosseg-es-kultura\/a-4-legnagyobb-kozhiedelem-az-e-biciklikrol\/\",\"url\":\"https:\/\/www.welovecycling.com\/hu\/kozosseg-es-kultura\/a-4-legnagyobb-kozhiedelem-az-e-biciklikrol\/\",\"name\":\"A 4 legnagyobb k\u00f6zhiedelem az e-biciklikr\u0151l\",\"isPartOf\":{\"@id\":\"https:\/\/www.welovecycling.com\/hu\/#website\"},\"primaryImageOfPage\":{\"@id\":\"https:\/\/www.welovecycling.com\/hu\/kozosseg-es-kultura\/a-4-legnagyobb-kozhiedelem-az-e-biciklikrol\/#primaryimage\"},\"image\":{\"@id\":\"https:\/\/www.welovecycling.com\/hu\/kozosseg-es-kultura\/a-4-legnagyobb-kozhiedelem-az-e-biciklikrol\/#primaryimage\"},\"thumbnailUrl\":\"https:\/\/d2p6e6u75xmxt8.cloudfront.net\/12\/2020\/12\/E-bike-profimedia-0511588406-CVR.jpg\",\"datePublished\":\"2020-12-09T07:00:01+00:00\",\"author\":{\"@id\":\"https:\/\/www.welovecycling.com\/hu\/#\/schema\/person\/414a2aebf1801691a5320edb6468e194\"},\"description\":\"Te is neh\u00e9znek, cs\u00fany\u00e1nak, dr\u00e1g\u00e1nak \u00e9s nevets\u00e9gesnek tartod az e-ker\u00e9kp\u00e1rokat, amik csak lusta fick\u00f3knak val\u00f3k? Lehet, hogy t\u00e9vedsz! \u00d6sszeszedt\u00fck a legelterjedtebb t\u00e9vhiteket az elektromos biciklikr\u0151l.\",\"breadcrumb\":{\"@id\":\"https:\/\/www.welovecycling.com\/hu\/kozosseg-es-kultura\/a-4-legnagyobb-kozhiedelem-az-e-biciklikrol\/#breadcrumb\"},\"inLanguage\":\"hu\",\"potentialAction\":[{\"@type\":\"ReadAction\",\"target\":[\"https:\/\/www.welovecycling.com\/hu\/kozosseg-es-kultura\/a-4-legnagyobb-kozhiedelem-az-e-biciklikrol\/\"]}]},{\"@type\":\"ImageObject\",\"inLanguage\":\"hu\",\"@id\":\"https:\/\/www.welovecycling.com\/hu\/kozosseg-es-kultura\/a-4-legnagyobb-kozhiedelem-az-e-biciklikrol\/#primaryimage\",\"url\":\"https:\/\/d2p6e6u75xmxt8.cloudfront.net\/12\/2020\/12\/E-bike-profimedia-0511588406-CVR.jpg\",\"contentUrl\":\"https:\/\/d2p6e6u75xmxt8.cloudfront.net\/12\/2020\/12\/E-bike-profimedia-0511588406-CVR.jpg\",\"width\":1366,\"height\":600,\"caption\":\"E-Bicycle in Woods\"},{\"@type\":\"BreadcrumbList\",\"@id\":\"https:\/\/www.welovecycling.com\/hu\/kozosseg-es-kultura\/a-4-legnagyobb-kozhiedelem-az-e-biciklikrol\/#breadcrumb\",\"itemListElement\":[{\"@type\":\"ListItem\",\"position\":1,\"name\":\"Home\",\"item\":\"https:\/\/www.welovecycling.com\/hu\/\"},{\"@type\":\"ListItem\",\"position\":2,\"name\":\"A 4 legnagyobb k\u00f6zhiedelem az e-biciklikr\u0151l\"}]},{\"@type\":\"WebSite\",\"@id\":\"https:\/\/www.welovecycling.com\/hu\/#website\",\"url\":\"https:\/\/www.welovecycling.com\/hu\/\",\"name\":\"\u0160koda We Love Cycling - Magyarorsz\u00e1g\",\"description\":\"\u0160koda WeLoveCycling\",\"potentialAction\":[{\"@type\":\"SearchAction\",\"target\":{\"@type\":\"EntryPoint\",\"urlTemplate\":\"https:\/\/www.welovecycling.com\/hu\/?s={search_term_string}\"},\"query-input\":{\"@type\":\"PropertyValueSpecification\",\"valueRequired\":true,\"valueName\":\"search_term_string\"}}],\"inLanguage\":\"hu\"},{\"@type\":\"Person\",\"@id\":\"https:\/\/www.welovecycling.com\/hu\/#\/schema\/person\/414a2aebf1801691a5320edb6468e194\",\"name\":\"hegyizs\",\"image\":{\"@type\":\"ImageObject\",\"inLanguage\":\"hu\",\"@id\":\"https:\/\/www.welovecycling.com\/hu\/#\/schema\/person\/image\/\",\"url\":\"https:\/\/secure.gravatar.com\/avatar\/02cf8a7906b8cf90cecb4679defac7cfd33a1c2e3b88e4903d947f3bb58eedd3?s=96&d=mm&r=g\",\"contentUrl\":\"https:\/\/secure.gravatar.com\/avatar\/02cf8a7906b8cf90cecb4679defac7cfd33a1c2e3b88e4903d947f3bb58eedd3?s=96&d=mm&r=g\",\"caption\":\"hegyizs\"},\"url\":\"https:\/\/www.welovecycling.com\/hu\/author\/hegyizs\/\"}]}<\/script>\n<!-- \/ Yoast SEO Premium plugin. -->","yoast_head_json":{"title":"A 4 legnagyobb k\u00f6zhiedelem az e-biciklikr\u0151l","description":"Te is neh\u00e9znek, cs\u00fany\u00e1nak, dr\u00e1g\u00e1nak \u00e9s nevets\u00e9gesnek tartod az e-ker\u00e9kp\u00e1rokat, amik csak lusta fick\u00f3knak val\u00f3k? Lehet, hogy t\u00e9vedsz! \u00d6sszeszedt\u00fck a legelterjedtebb t\u00e9vhiteket az elektromos biciklikr\u0151l.","robots":{"index":"index","follow":"follow","max-snippet":"max-snippet:-1","max-image-preview":"max-image-preview:large","max-video-preview":"max-video-preview:-1"},"canonical":"https:\/\/www.welovecycling.com\/hu\/kozosseg-es-kultura\/a-4-legnagyobb-kozhiedelem-az-e-biciklikrol\/","og_locale":"hu_HU","og_type":"article","og_title":"A 4 legnagyobb k\u00f6zhiedelem az e-biciklikr\u0151l","og_description":"Te is neh\u00e9znek, cs\u00fany\u00e1nak, dr\u00e1g\u00e1nak \u00e9s nevets\u00e9gesnek tartod az e-ker\u00e9kp\u00e1rokat, amik csak lusta fick\u00f3knak val\u00f3k? Lehet, hogy t\u00e9vedsz! \u00d6sszeszedt\u00fck a legelterjedtebb t\u00e9vhiteket az elektromos biciklikr\u0151l.","og_url":"https:\/\/www.welovecycling.com\/hu\/kozosseg-es-kultura\/a-4-legnagyobb-kozhiedelem-az-e-biciklikrol\/","og_site_name":"\u0160koda We Love Cycling - Magyarorsz\u00e1g","article_publisher":"https:\/\/www.facebook.com\/WeLoveCyclingHungary\/","article_published_time":"2020-12-09T07:00:01+00:00","og_image":[{"width":1366,"height":600,"url":"https:\/\/d2p6e6u75xmxt8.cloudfront.net\/12\/2020\/12\/E-bike-profimedia-0511588406-CVR.jpg","type":"image\/jpeg"}],"author":"hegyizs","twitter_card":"summary_large_image","twitter_misc":{"Written by":"Adam Marsal","Est. reading time":"5"},"schema":{"@context":"https:\/\/schema.org","@graph":[{"@type":"WebPage","@id":"https:\/\/www.welovecycling.com\/hu\/kozosseg-es-kultura\/a-4-legnagyobb-kozhiedelem-az-e-biciklikrol\/","url":"https:\/\/www.welovecycling.com\/hu\/kozosseg-es-kultura\/a-4-legnagyobb-kozhiedelem-az-e-biciklikrol\/","name":"A 4 legnagyobb k\u00f6zhiedelem az e-biciklikr\u0151l","isPartOf":{"@id":"https:\/\/www.welovecycling.com\/hu\/#website"},"primaryImageOfPage":{"@id":"https:\/\/www.welovecycling.com\/hu\/kozosseg-es-kultura\/a-4-legnagyobb-kozhiedelem-az-e-biciklikrol\/#primaryimage"},"image":{"@id":"https:\/\/www.welovecycling.com\/hu\/kozosseg-es-kultura\/a-4-legnagyobb-kozhiedelem-az-e-biciklikrol\/#primaryimage"},"thumbnailUrl":"https:\/\/d2p6e6u75xmxt8.cloudfront.net\/12\/2020\/12\/E-bike-profimedia-0511588406-CVR.jpg","datePublished":"2020-12-09T07:00:01+00:00","author":{"@id":"https:\/\/www.welovecycling.com\/hu\/#\/schema\/person\/414a2aebf1801691a5320edb6468e194"},"description":"Te is neh\u00e9znek, cs\u00fany\u00e1nak, dr\u00e1g\u00e1nak \u00e9s nevets\u00e9gesnek tartod az e-ker\u00e9kp\u00e1rokat, amik csak lusta fick\u00f3knak val\u00f3k? Lehet, hogy t\u00e9vedsz! \u00d6sszeszedt\u00fck a legelterjedtebb t\u00e9vhiteket az elektromos biciklikr\u0151l.","breadcrumb":{"@id":"https:\/\/www.welovecycling.com\/hu\/kozosseg-es-kultura\/a-4-legnagyobb-kozhiedelem-az-e-biciklikrol\/#breadcrumb"},"inLanguage":"hu","potentialAction":[{"@type":"ReadAction","target":["https:\/\/www.welovecycling.com\/hu\/kozosseg-es-kultura\/a-4-legnagyobb-kozhiedelem-az-e-biciklikrol\/"]}]},{"@type":"ImageObject","inLanguage":"hu","@id":"https:\/\/www.welovecycling.com\/hu\/kozosseg-es-kultura\/a-4-legnagyobb-kozhiedelem-az-e-biciklikrol\/#primaryimage","url":"https:\/\/d2p6e6u75xmxt8.cloudfront.net\/12\/2020\/12\/E-bike-profimedia-0511588406-CVR.jpg","contentUrl":"https:\/\/d2p6e6u75xmxt8.cloudfront.net\/12\/2020\/12\/E-bike-profimedia-0511588406-CVR.jpg","width":1366,"height":600,"caption":"E-Bicycle in Woods"},{"@type":"BreadcrumbList","@id":"https:\/\/www.welovecycling.com\/hu\/kozosseg-es-kultura\/a-4-legnagyobb-kozhiedelem-az-e-biciklikrol\/#breadcrumb","itemListElement":[{"@type":"ListItem","position":1,"name":"Home","item":"https:\/\/www.welovecycling.com\/hu\/"},{"@type":"ListItem","position":2,"name":"A 4 legnagyobb k\u00f6zhiedelem az e-biciklikr\u0151l"}]},{"@type":"WebSite","@id":"https:\/\/www.welovecycling.com\/hu\/#website","url":"https:\/\/www.welovecycling.com\/hu\/","name":"\u0160koda We Love Cycling - Magyarorsz\u00e1g","description":"\u0160koda WeLoveCycling","potentialAction":[{"@type":"SearchAction","target":{"@type":"EntryPoint","urlTemplate":"https:\/\/www.welovecycling.com\/hu\/?s={search_term_string}"},"query-input":{"@type":"PropertyValueSpecification","valueRequired":true,"valueName":"search_term_string"}}],"inLanguage":"hu"},{"@type":"Person","@id":"https:\/\/www.welovecycling.com\/hu\/#\/schema\/person\/414a2aebf1801691a5320edb6468e194","name":"hegyizs","image":{"@type":"ImageObject","inLanguage":"hu","@id":"https:\/\/www.welovecycling.com\/hu\/#\/schema\/person\/image\/","url":"https:\/\/secure.gravatar.com\/avatar\/02cf8a7906b8cf90cecb4679defac7cfd33a1c2e3b88e4903d947f3bb58eedd3?s=96&d=mm&r=g","contentUrl":"https:\/\/secure.gravatar.com\/avatar\/02cf8a7906b8cf90cecb4679defac7cfd33a1c2e3b88e4903d947f3bb58eedd3?s=96&d=mm&r=g","caption":"hegyizs"},"url":"https:\/\/www.welovecycling.com\/hu\/author\/hegyizs\/"}]}},"_links":{"self":[{"href":"https:\/\/www.welovecycling.com\/hu\/wp-json\/wp\/v2\/posts\/9594","targetHints":{"allow":["GET"]}}],"collection":[{"href":"https:\/\/www.welovecycling.com\/hu\/wp-json\/wp\/v2\/posts"}],"about":[{"href":"https:\/\/www.welovecycling.com\/hu\/wp-json\/wp\/v2\/types\/post"}],"author":[{"embeddable":true,"href":"https:\/\/www.welovecycling.com\/hu\/wp-json\/wp\/v2\/users\/71"}],"replies":[{"embeddable":true,"href":"https:\/\/www.welovecycling.com\/hu\/wp-json\/wp\/v2\/comments?post=9594"}],"version-history":[{"count":2,"href":"https:\/\/www.welovecycling.com\/hu\/wp-json\/wp\/v2\/posts\/9594\/revisions"}],"predecessor-version":[{"id":9617,"href":"https:\/\/www.welovecycling.com\/hu\/wp-json\/wp\/v2\/posts\/9594\/revisions\/9617"}],"wp:featuredmedia":[{"embeddable":true,"href":"https:\/\/www.welovecycling.com\/hu\/wp-json\/wp\/v2\/media\/9598"}],"wp:attachment":[{"href":"https:\/\/www.welovecycling.com\/hu\/wp-json\/wp\/v2\/media?parent=9594"}],"wp:term":[{"taxonomy":"category","embeddable":true,"href":"https:\/\/www.welovecycling.com\/hu\/wp-json\/wp\/v2\/categories?post=9594"},{"taxonomy":"post_tag","embeddable":true,"href":"https:\/\/www.welovecycling.com\/hu\/wp-json\/wp\/v2\/tags?post=9594"},{"taxonomy":"global-categories","embeddable":true,"href":"https:\/\/www.welovecycling.com\/hu\/wp-json\/wp\/v2\/global-categories?post=9594"}],"curies":[{"name":"wp","href":"https:\/\/api.w.org\/{rel}","templated":true}]}}