{"id":9589,"date":"2020-12-08T08:00:55","date_gmt":"2020-12-08T07:00:55","guid":{"rendered":"https:\/\/www.welovecycling.com\/hu\/?p=9589"},"modified":"2020-12-05T12:28:28","modified_gmt":"2020-12-05T11:28:28","slug":"kerekparral-a-deli-sarkra","status":"publish","type":"post","link":"https:\/\/www.welovecycling.com\/hu\/kozosseg-es-kultura\/kerekparral-a-deli-sarkra\/","title":{"rendered":"Ker\u00e9kp\u00e1rral a D\u00e9li-sarkra!"},"content":{"rendered":"<p><strong>Ahogy k\u00f6zeledik a t\u00e9l, sokunkban felmer\u00fcl, hogy egyszer\u0171en k\u00f6nnyes b\u00facs\u00fat vesz\u00fcnk biciklinkt\u0151l, megk\u00f6sz\u00f6nj\u00fck neki a sok k\u00f6z\u00f6s \u00e9lm\u00e9nyt, \u00e9s elcsomagoljuk, hogy az alagsorban aludjon t\u00e9li \u00e1lmot. De nem tessz\u00fck meg. Ker\u00e9kp\u00e1rozni t\u00e9len is lehet, s\u0151t: ak\u00e1r a D\u00e9li-sarkra is eltekerhetsz, ha szeretn\u00e9l!<\/strong><\/p>\n<p><!--more--><\/p>\n<p>Annak \u00e9rdek\u00e9ben, hogy az emberis\u00e9g tov\u00e1bb tudjon l\u00e9pni, \u00faj ismereteket szerezzen \u00e9s kor\u00e1bban elk\u00e9pzelhetetlen m\u0171veleteket hajtson v\u00e9gre, olyan emberekre van sz\u00fcks\u00e9g\u00fcnk, akiket hajlamosak vagyunk \u0151r\u00fcltnek titul\u00e1lni.<\/p>\n<p>Ezeknek a mer\u00e9sz \u00f6tletekkel b\u00edr\u00f3 l\u00e1zad\u00f3knak sz\u00e1mtalan lekicsinyl\u0151 megjegyz\u00e9st kell v\u00e9gighallgatniuk \u0151r\u00fclt terveikkel kapcsolatban, van azonban, amikor b\u00fcszk\u00e9n mondhatj\u00e1k: <em>\u201eL\u00e1tj\u00e1tok? \u00c9n megmondtam!\u201d<\/em><\/p>\n<figure id=\"attachment_9591\" aria-describedby=\"caption-attachment-9591\" style=\"width: 1024px\" class=\"wp-caption alignnone\"><a href=\"https:\/\/d2p6e6u75xmxt8.cloudfront.net\/2\/2020\/11\/Antarctica-profimedia-0495780510.jpg\"><img loading=\"lazy\" decoding=\"async\" class=\"size-large wp-image-9591\" src=\"https:\/\/d2p6e6u75xmxt8.cloudfront.net\/12\/2020\/12\/Antarctica-profimedia-0495780510-1024x576.jpg\" alt=\"Antarctica\" width=\"1024\" height=\"576\" srcset=\"https:\/\/d2p6e6u75xmxt8.cloudfront.net\/12\/2020\/12\/Antarctica-profimedia-0495780510-1024x576.jpg 1024w, https:\/\/d2p6e6u75xmxt8.cloudfront.net\/12\/2020\/12\/Antarctica-profimedia-0495780510-300x169.jpg 300w, https:\/\/d2p6e6u75xmxt8.cloudfront.net\/12\/2020\/12\/Antarctica-profimedia-0495780510-768x432.jpg 768w, https:\/\/d2p6e6u75xmxt8.cloudfront.net\/12\/2020\/12\/Antarctica-profimedia-0495780510-1536x864.jpg 1536w, https:\/\/d2p6e6u75xmxt8.cloudfront.net\/12\/2020\/12\/Antarctica-profimedia-0495780510.jpg 1800w\" sizes=\"auto, (max-width: 1024px) 100vw, 1024px\" \/><\/a><figcaption id=\"caption-attachment-9591\" class=\"wp-caption-text\"><em>J\u00f3 hely egy kis bring\u00e1z\u00e1shoz, nem? \u00a9 Profimedia<\/em><\/figcaption><\/figure>\n<p>K\u00e9ts\u00e9gtelen\u00fcl rengeteg rosszall\u00f3 megjegyz\u00e9st kellett meghallgatnia Helen Skeltonnak, a gyerekm\u0171sor-vezet\u0151nek is, amikor d\u00e9li-sarki exped\u00edci\u00f3j\u00e1ra k\u00e9sz\u00fclt. Az akkor 28 \u00e9ves fiatalember kit\u0171z\u00f6tt c\u00e9lja meglehet\u0151sen ambici\u00f3zus volt: 800 km hossz\u00fa \u00fat a D\u00e9li-sarkig, egy, k\u00fcl\u00f6n erre a c\u00e9lra gy\u00e1rtott ker\u00e9kp\u00e1ron.<\/p>\n<p>2012. janu\u00e1r 4-\u00e9n Helen elindult \u00fatj\u00e1ra. Alig -48 \u00b0 C h\u0151m\u00e9rs\u00e9kletre, sz\u00e1mtalan h\u00f3lyagra, kisz\u00e1rad\u00e1sra, gyomorf\u00e1j\u00e1sra \u00e9s 18 napra volt sz\u00fcks\u00e9g ahhoz, hogy c\u00e9lba \u00e9rjen. De siker\u00fclt neki, \u00e9s v\u00e9g\u00fcl el\u00e9rte a D\u00e9li-sarkot. Nem hiszel nek\u00fcnk? N\u00e9zd meg az al\u00e1bbi vide\u00f3t az utaz\u00e1s\u00e1r\u00f3l!<\/p>\n<div class=\"embed-controller-wrapper\">\n<div class=\"embed-wrapper\"><iframe title=\"Helen Skelton Completes Polar Challenge | Sport Relief 2012\" width=\"500\" height=\"281\" data-src=\"https:\/\/www.youtube.com\/embed\/Pr6L9Xj_j6c?feature=oembed\" frameborder=\"0\" allow=\"accelerometer; autoplay; clipboard-write; encrypted-media; gyroscope; picture-in-picture; web-share\" referrerpolicy=\"strict-origin-when-cross-origin\" allowfullscreen><\/iframe><\/div>\n<\/div>\n","protected":false},"excerpt":{"rendered":"<p>Ahogy k\u00f6zeledik a t\u00e9l, sokunkban felmer\u00fcl, hogy egyszer\u0171en k\u00f6nnyes b\u00facs\u00fat vesz\u00fcnk biciklinkt\u0151l, megk\u00f6sz\u00f6nj\u00fck neki a sok k\u00f6z\u00f6s \u00e9lm\u00e9nyt, \u00e9s elcsomagoljuk, [&hellip;]<\/p>\n","protected":false},"author":71,"featured_media":9593,"comment_status":"closed","ping_status":"closed","sticky":false,"template":"","format":"standard","meta":{"footnotes":""},"categories":[12],"tags":[],"global-categories":[],"class_list":["post-9589","post","type-post","status-publish","format-standard","has-post-thumbnail","hentry","category-kozosseg-es-kultura"],"yoast_head":"<!-- This site is optimized with the Yoast SEO Premium plugin v25.3 (Yoast SEO v25.9) - https:\/\/yoast.com\/wordpress\/plugins\/seo\/ -->\n<title>Ker\u00e9kp\u00e1rral a D\u00e9li-sarkra!<\/title>\n<meta name=\"description\" content=\"Ahogy k\u00f6zeledik a t\u00e9l, sokunkban felmer\u00fcl, hogy egyszer\u0171en k\u00f6nnyes b\u00facs\u00fat vesz\u00fcnk biciklinkt\u0151l, megk\u00f6sz\u00f6nj\u00fck neki a sok k\u00f6z\u00f6s \u00e9lm\u00e9nyt, \u00e9s elcsomagoljuk, hogy az alagsorban aludjon t\u00e9li \u00e1lmot.\" \/>\n<meta name=\"robots\" content=\"index, follow, max-snippet:-1, max-image-preview:large, max-video-preview:-1\" \/>\n<link rel=\"canonical\" href=\"https:\/\/www.welovecycling.com\/hu\/kozosseg-es-kultura\/kerekparral-a-deli-sarkra\/\" \/>\n<meta property=\"og:locale\" content=\"hu_HU\" \/>\n<meta property=\"og:type\" content=\"article\" \/>\n<meta property=\"og:title\" content=\"Ker\u00e9kp\u00e1rral a D\u00e9li-sarkra!\" \/>\n<meta property=\"og:description\" content=\"Ahogy k\u00f6zeledik a t\u00e9l, sokunkban felmer\u00fcl, hogy egyszer\u0171en k\u00f6nnyes b\u00facs\u00fat vesz\u00fcnk biciklinkt\u0151l, megk\u00f6sz\u00f6nj\u00fck neki a sok k\u00f6z\u00f6s \u00e9lm\u00e9nyt, \u00e9s elcsomagoljuk, hogy az alagsorban aludjon t\u00e9li \u00e1lmot.\" \/>\n<meta property=\"og:url\" content=\"https:\/\/www.welovecycling.com\/hu\/kozosseg-es-kultura\/kerekparral-a-deli-sarkra\/\" \/>\n<meta property=\"og:site_name\" content=\"\u0160koda We Love Cycling - Magyarorsz\u00e1g\" \/>\n<meta property=\"article:publisher\" content=\"https:\/\/www.facebook.com\/WeLoveCyclingHungary\/\" \/>\n<meta property=\"article:published_time\" content=\"2020-12-08T07:00:55+00:00\" \/>\n<meta property=\"og:image\" content=\"https:\/\/d2p6e6u75xmxt8.cloudfront.net\/12\/2020\/12\/South-Pole-profimedia-0131849340-CVR.jpg\" \/>\n\t<meta property=\"og:image:width\" content=\"1366\" \/>\n\t<meta property=\"og:image:height\" content=\"600\" \/>\n\t<meta property=\"og:image:type\" content=\"image\/jpeg\" \/>\n<meta name=\"author\" content=\"hegyizs\" \/>\n<meta name=\"twitter:card\" content=\"summary_large_image\" \/>\n<meta name=\"twitter:label1\" content=\"Written by\" \/>\n\t<meta name=\"twitter:data1\" content=\"Tereza Antonova\" \/>\n\t<meta name=\"twitter:label2\" content=\"Est. reading time\" \/>\n\t<meta name=\"twitter:data2\" content=\"5\" \/>\n<script type=\"application\/ld+json\" class=\"yoast-schema-graph\">{\"@context\":\"https:\/\/schema.org\",\"@graph\":[{\"@type\":\"WebPage\",\"@id\":\"https:\/\/www.welovecycling.com\/hu\/kozosseg-es-kultura\/kerekparral-a-deli-sarkra\/\",\"url\":\"https:\/\/www.welovecycling.com\/hu\/kozosseg-es-kultura\/kerekparral-a-deli-sarkra\/\",\"name\":\"Ker\u00e9kp\u00e1rral a D\u00e9li-sarkra!\",\"isPartOf\":{\"@id\":\"https:\/\/www.welovecycling.com\/hu\/#website\"},\"primaryImageOfPage\":{\"@id\":\"https:\/\/www.welovecycling.com\/hu\/kozosseg-es-kultura\/kerekparral-a-deli-sarkra\/#primaryimage\"},\"image\":{\"@id\":\"https:\/\/www.welovecycling.com\/hu\/kozosseg-es-kultura\/kerekparral-a-deli-sarkra\/#primaryimage\"},\"thumbnailUrl\":\"https:\/\/d2p6e6u75xmxt8.cloudfront.net\/12\/2020\/12\/South-Pole-profimedia-0131849340-CVR.jpg\",\"datePublished\":\"2020-12-08T07:00:55+00:00\",\"author\":{\"@id\":\"https:\/\/www.welovecycling.com\/hu\/#\/schema\/person\/414a2aebf1801691a5320edb6468e194\"},\"description\":\"Ahogy k\u00f6zeledik a t\u00e9l, sokunkban felmer\u00fcl, hogy egyszer\u0171en k\u00f6nnyes b\u00facs\u00fat vesz\u00fcnk biciklinkt\u0151l, megk\u00f6sz\u00f6nj\u00fck neki a sok k\u00f6z\u00f6s \u00e9lm\u00e9nyt, \u00e9s elcsomagoljuk, hogy az alagsorban aludjon t\u00e9li \u00e1lmot.\",\"breadcrumb\":{\"@id\":\"https:\/\/www.welovecycling.com\/hu\/kozosseg-es-kultura\/kerekparral-a-deli-sarkra\/#breadcrumb\"},\"inLanguage\":\"hu\",\"potentialAction\":[{\"@type\":\"ReadAction\",\"target\":[\"https:\/\/www.welovecycling.com\/hu\/kozosseg-es-kultura\/kerekparral-a-deli-sarkra\/\"]}]},{\"@type\":\"ImageObject\",\"inLanguage\":\"hu\",\"@id\":\"https:\/\/www.welovecycling.com\/hu\/kozosseg-es-kultura\/kerekparral-a-deli-sarkra\/#primaryimage\",\"url\":\"https:\/\/d2p6e6u75xmxt8.cloudfront.net\/12\/2020\/12\/South-Pole-profimedia-0131849340-CVR.jpg\",\"contentUrl\":\"https:\/\/d2p6e6u75xmxt8.cloudfront.net\/12\/2020\/12\/South-Pole-profimedia-0131849340-CVR.jpg\",\"width\":1366,\"height\":600},{\"@type\":\"BreadcrumbList\",\"@id\":\"https:\/\/www.welovecycling.com\/hu\/kozosseg-es-kultura\/kerekparral-a-deli-sarkra\/#breadcrumb\",\"itemListElement\":[{\"@type\":\"ListItem\",\"position\":1,\"name\":\"Home\",\"item\":\"https:\/\/www.welovecycling.com\/hu\/\"},{\"@type\":\"ListItem\",\"position\":2,\"name\":\"Ker\u00e9kp\u00e1rral a D\u00e9li-sarkra!\"}]},{\"@type\":\"WebSite\",\"@id\":\"https:\/\/www.welovecycling.com\/hu\/#website\",\"url\":\"https:\/\/www.welovecycling.com\/hu\/\",\"name\":\"\u0160koda We Love Cycling - Magyarorsz\u00e1g\",\"description\":\"\u0160koda WeLoveCycling\",\"potentialAction\":[{\"@type\":\"SearchAction\",\"target\":{\"@type\":\"EntryPoint\",\"urlTemplate\":\"https:\/\/www.welovecycling.com\/hu\/?s={search_term_string}\"},\"query-input\":{\"@type\":\"PropertyValueSpecification\",\"valueRequired\":true,\"valueName\":\"search_term_string\"}}],\"inLanguage\":\"hu\"},{\"@type\":\"Person\",\"@id\":\"https:\/\/www.welovecycling.com\/hu\/#\/schema\/person\/414a2aebf1801691a5320edb6468e194\",\"name\":\"hegyizs\",\"image\":{\"@type\":\"ImageObject\",\"inLanguage\":\"hu\",\"@id\":\"https:\/\/www.welovecycling.com\/hu\/#\/schema\/person\/image\/\",\"url\":\"https:\/\/secure.gravatar.com\/avatar\/02cf8a7906b8cf90cecb4679defac7cfd33a1c2e3b88e4903d947f3bb58eedd3?s=96&d=mm&r=g\",\"contentUrl\":\"https:\/\/secure.gravatar.com\/avatar\/02cf8a7906b8cf90cecb4679defac7cfd33a1c2e3b88e4903d947f3bb58eedd3?s=96&d=mm&r=g\",\"caption\":\"hegyizs\"},\"url\":\"https:\/\/www.welovecycling.com\/hu\/author\/hegyizs\/\"}]}<\/script>\n<!-- \/ Yoast SEO Premium plugin. -->","yoast_head_json":{"title":"Ker\u00e9kp\u00e1rral a D\u00e9li-sarkra!","description":"Ahogy k\u00f6zeledik a t\u00e9l, sokunkban felmer\u00fcl, hogy egyszer\u0171en k\u00f6nnyes b\u00facs\u00fat vesz\u00fcnk biciklinkt\u0151l, megk\u00f6sz\u00f6nj\u00fck neki a sok k\u00f6z\u00f6s \u00e9lm\u00e9nyt, \u00e9s elcsomagoljuk, hogy az alagsorban aludjon t\u00e9li \u00e1lmot.","robots":{"index":"index","follow":"follow","max-snippet":"max-snippet:-1","max-image-preview":"max-image-preview:large","max-video-preview":"max-video-preview:-1"},"canonical":"https:\/\/www.welovecycling.com\/hu\/kozosseg-es-kultura\/kerekparral-a-deli-sarkra\/","og_locale":"hu_HU","og_type":"article","og_title":"Ker\u00e9kp\u00e1rral a D\u00e9li-sarkra!","og_description":"Ahogy k\u00f6zeledik a t\u00e9l, sokunkban felmer\u00fcl, hogy egyszer\u0171en k\u00f6nnyes b\u00facs\u00fat vesz\u00fcnk biciklinkt\u0151l, megk\u00f6sz\u00f6nj\u00fck neki a sok k\u00f6z\u00f6s \u00e9lm\u00e9nyt, \u00e9s elcsomagoljuk, hogy az alagsorban aludjon t\u00e9li \u00e1lmot.","og_url":"https:\/\/www.welovecycling.com\/hu\/kozosseg-es-kultura\/kerekparral-a-deli-sarkra\/","og_site_name":"\u0160koda We Love Cycling - Magyarorsz\u00e1g","article_publisher":"https:\/\/www.facebook.com\/WeLoveCyclingHungary\/","article_published_time":"2020-12-08T07:00:55+00:00","og_image":[{"width":1366,"height":600,"url":"https:\/\/d2p6e6u75xmxt8.cloudfront.net\/12\/2020\/12\/South-Pole-profimedia-0131849340-CVR.jpg","type":"image\/jpeg"}],"author":"hegyizs","twitter_card":"summary_large_image","twitter_misc":{"Written by":"Tereza Antonova","Est. reading time":"5"},"schema":{"@context":"https:\/\/schema.org","@graph":[{"@type":"WebPage","@id":"https:\/\/www.welovecycling.com\/hu\/kozosseg-es-kultura\/kerekparral-a-deli-sarkra\/","url":"https:\/\/www.welovecycling.com\/hu\/kozosseg-es-kultura\/kerekparral-a-deli-sarkra\/","name":"Ker\u00e9kp\u00e1rral a D\u00e9li-sarkra!","isPartOf":{"@id":"https:\/\/www.welovecycling.com\/hu\/#website"},"primaryImageOfPage":{"@id":"https:\/\/www.welovecycling.com\/hu\/kozosseg-es-kultura\/kerekparral-a-deli-sarkra\/#primaryimage"},"image":{"@id":"https:\/\/www.welovecycling.com\/hu\/kozosseg-es-kultura\/kerekparral-a-deli-sarkra\/#primaryimage"},"thumbnailUrl":"https:\/\/d2p6e6u75xmxt8.cloudfront.net\/12\/2020\/12\/South-Pole-profimedia-0131849340-CVR.jpg","datePublished":"2020-12-08T07:00:55+00:00","author":{"@id":"https:\/\/www.welovecycling.com\/hu\/#\/schema\/person\/414a2aebf1801691a5320edb6468e194"},"description":"Ahogy k\u00f6zeledik a t\u00e9l, sokunkban felmer\u00fcl, hogy egyszer\u0171en k\u00f6nnyes b\u00facs\u00fat vesz\u00fcnk biciklinkt\u0151l, megk\u00f6sz\u00f6nj\u00fck neki a sok k\u00f6z\u00f6s \u00e9lm\u00e9nyt, \u00e9s elcsomagoljuk, hogy az alagsorban aludjon t\u00e9li \u00e1lmot.","breadcrumb":{"@id":"https:\/\/www.welovecycling.com\/hu\/kozosseg-es-kultura\/kerekparral-a-deli-sarkra\/#breadcrumb"},"inLanguage":"hu","potentialAction":[{"@type":"ReadAction","target":["https:\/\/www.welovecycling.com\/hu\/kozosseg-es-kultura\/kerekparral-a-deli-sarkra\/"]}]},{"@type":"ImageObject","inLanguage":"hu","@id":"https:\/\/www.welovecycling.com\/hu\/kozosseg-es-kultura\/kerekparral-a-deli-sarkra\/#primaryimage","url":"https:\/\/d2p6e6u75xmxt8.cloudfront.net\/12\/2020\/12\/South-Pole-profimedia-0131849340-CVR.jpg","contentUrl":"https:\/\/d2p6e6u75xmxt8.cloudfront.net\/12\/2020\/12\/South-Pole-profimedia-0131849340-CVR.jpg","width":1366,"height":600},{"@type":"BreadcrumbList","@id":"https:\/\/www.welovecycling.com\/hu\/kozosseg-es-kultura\/kerekparral-a-deli-sarkra\/#breadcrumb","itemListElement":[{"@type":"ListItem","position":1,"name":"Home","item":"https:\/\/www.welovecycling.com\/hu\/"},{"@type":"ListItem","position":2,"name":"Ker\u00e9kp\u00e1rral a D\u00e9li-sarkra!"}]},{"@type":"WebSite","@id":"https:\/\/www.welovecycling.com\/hu\/#website","url":"https:\/\/www.welovecycling.com\/hu\/","name":"\u0160koda We Love Cycling - Magyarorsz\u00e1g","description":"\u0160koda WeLoveCycling","potentialAction":[{"@type":"SearchAction","target":{"@type":"EntryPoint","urlTemplate":"https:\/\/www.welovecycling.com\/hu\/?s={search_term_string}"},"query-input":{"@type":"PropertyValueSpecification","valueRequired":true,"valueName":"search_term_string"}}],"inLanguage":"hu"},{"@type":"Person","@id":"https:\/\/www.welovecycling.com\/hu\/#\/schema\/person\/414a2aebf1801691a5320edb6468e194","name":"hegyizs","image":{"@type":"ImageObject","inLanguage":"hu","@id":"https:\/\/www.welovecycling.com\/hu\/#\/schema\/person\/image\/","url":"https:\/\/secure.gravatar.com\/avatar\/02cf8a7906b8cf90cecb4679defac7cfd33a1c2e3b88e4903d947f3bb58eedd3?s=96&d=mm&r=g","contentUrl":"https:\/\/secure.gravatar.com\/avatar\/02cf8a7906b8cf90cecb4679defac7cfd33a1c2e3b88e4903d947f3bb58eedd3?s=96&d=mm&r=g","caption":"hegyizs"},"url":"https:\/\/www.welovecycling.com\/hu\/author\/hegyizs\/"}]}},"_links":{"self":[{"href":"https:\/\/www.welovecycling.com\/hu\/wp-json\/wp\/v2\/posts\/9589","targetHints":{"allow":["GET"]}}],"collection":[{"href":"https:\/\/www.welovecycling.com\/hu\/wp-json\/wp\/v2\/posts"}],"about":[{"href":"https:\/\/www.welovecycling.com\/hu\/wp-json\/wp\/v2\/types\/post"}],"author":[{"embeddable":true,"href":"https:\/\/www.welovecycling.com\/hu\/wp-json\/wp\/v2\/users\/71"}],"replies":[{"embeddable":true,"href":"https:\/\/www.welovecycling.com\/hu\/wp-json\/wp\/v2\/comments?post=9589"}],"version-history":[{"count":2,"href":"https:\/\/www.welovecycling.com\/hu\/wp-json\/wp\/v2\/posts\/9589\/revisions"}],"predecessor-version":[{"id":9616,"href":"https:\/\/www.welovecycling.com\/hu\/wp-json\/wp\/v2\/posts\/9589\/revisions\/9616"}],"wp:featuredmedia":[{"embeddable":true,"href":"https:\/\/www.welovecycling.com\/hu\/wp-json\/wp\/v2\/media\/9593"}],"wp:attachment":[{"href":"https:\/\/www.welovecycling.com\/hu\/wp-json\/wp\/v2\/media?parent=9589"}],"wp:term":[{"taxonomy":"category","embeddable":true,"href":"https:\/\/www.welovecycling.com\/hu\/wp-json\/wp\/v2\/categories?post=9589"},{"taxonomy":"post_tag","embeddable":true,"href":"https:\/\/www.welovecycling.com\/hu\/wp-json\/wp\/v2\/tags?post=9589"},{"taxonomy":"global-categories","embeddable":true,"href":"https:\/\/www.welovecycling.com\/hu\/wp-json\/wp\/v2\/global-categories?post=9589"}],"curies":[{"name":"wp","href":"https:\/\/api.w.org\/{rel}","templated":true}]}}