{"id":9584,"date":"2020-12-07T08:00:24","date_gmt":"2020-12-07T07:00:24","guid":{"rendered":"https:\/\/www.welovecycling.com\/hu\/?p=9584"},"modified":"2020-12-05T12:27:54","modified_gmt":"2020-12-05T11:27:54","slug":"teli-immunerosites-4-etel-amit-jobb-ha-elkerulsz","status":"publish","type":"post","link":"https:\/\/www.welovecycling.com\/hu\/edzes-es-eletmod\/teli-immunerosites-4-etel-amit-jobb-ha-elkerulsz\/","title":{"rendered":"T\u00e9li immuner\u0151s\u00edt\u00e9s: 4 \u00e9tel, amit jobb, ha elker\u00fclsz"},"content":{"rendered":"<p><strong>Vannak \u00e9telek, amik er\u0151s\u00edtik immunrendszer\u00fcnket \u00e9s vannak, amik gyeng\u00edtik. Az, hogy melyikeket fogyasztod, csak rajtad m\u00falik! Hoztunk n\u00e9gy \u00e9lelmiszercsoportot, amit jobb, ha elker\u00fclsz, ha szeretn\u00e9l min\u00e9l nagyobb v\u00e9detts\u00e9get szerezni a fert\u0151z\u00e9sekkel szemben.<\/strong><\/p>\n<h2><!--more--><\/h2>\n<h2><strong>Cukros \u00e9telek<\/strong><\/h2>\n<p>Igen, a cukor a szok\u00e1sos m\u00f3don most is a lista \u00e9l\u00e9n \u00e1ll. Mindannyian tudjuk, hogy a t\u00fal sok cukorfogyaszt\u00e1s negat\u00edv k\u00f6vetkezm\u00e9nyekkel j\u00e1rhat, de hogyan befoly\u00e1solja az immunrendszer\u00fcnk eg\u00e9szs\u00e9g\u00e9t? Kutat\u00e1sok szerint a hozz\u00e1adott cukor \u00e9s a finom\u00edtott sz\u00e9nhidr\u00e1t jelent\u0151sen hozz\u00e1j\u00e1rulhat a t\u00fals\u00falyhoz \u00e9s az elh\u00edz\u00e1shoz. Ez az\u00e9rt probl\u00e9ma, mert a t\u00fals\u00falyos emberek k\u00e9tszer nagyobb es\u00e9llyel kapj\u00e1k el az influenz\u00e1t, mint az eg\u00e9szs\u00e9ges tests\u00fallyal rendelkez\u0151k. A cukorbevitelhez kapcsol\u00f3d\u00f3 betegs\u00e9gek, mint amilyen az elh\u00edz\u00e1s, a kettes t\u00edpus\u00fa cukorbetegs\u00e9g \u00e9s a sz\u00edvbetegs\u00e9gek, mind gyeng\u00edtik az immunrendszert.<\/p>\n<figure id=\"attachment_9585\" aria-describedby=\"caption-attachment-9585\" style=\"width: 1024px\" class=\"wp-caption alignnone\"><a href=\"https:\/\/d2p6e6u75xmxt8.cloudfront.net\/2\/2019\/01\/sweets-pexels-photo-205961.jpeg\"><img loading=\"lazy\" decoding=\"async\" class=\"wp-image-9585 size-large\" src=\"https:\/\/d2p6e6u75xmxt8.cloudfront.net\/12\/2020\/12\/sweets-pexels-photo-205961-1024x682.jpeg\" alt=\"Sugary food\" width=\"1024\" height=\"682\" srcset=\"https:\/\/d2p6e6u75xmxt8.cloudfront.net\/12\/2020\/12\/sweets-pexels-photo-205961-1024x682.jpeg 1024w, https:\/\/d2p6e6u75xmxt8.cloudfront.net\/12\/2020\/12\/sweets-pexels-photo-205961-300x200.jpeg 300w, https:\/\/d2p6e6u75xmxt8.cloudfront.net\/12\/2020\/12\/sweets-pexels-photo-205961-768x512.jpeg 768w, https:\/\/d2p6e6u75xmxt8.cloudfront.net\/12\/2020\/12\/sweets-pexels-photo-205961-272x182.jpeg 272w, https:\/\/d2p6e6u75xmxt8.cloudfront.net\/12\/2020\/12\/sweets-pexels-photo-205961.jpeg 1280w\" sizes=\"auto, (max-width: 1024px) 100vw, 1024px\" \/><\/a><figcaption id=\"caption-attachment-9585\" class=\"wp-caption-text\"><em>Csod\u00e1latos l\u00e1tv\u00e1ny, de jobban j\u00e1runk, ha csak n\u00e9zz\u00fck.<\/em><\/figcaption><\/figure>\n<p>Az \u00e9trendben l\u00e9v\u0151 cukor val\u00f3sz\u00edn\u0171leg nem fogja azonnal elpuszt\u00edtani az immunrendszered \u2013 b\u00e1r a fogaidat el\u00e9g hamar t\u00f6nkreteheti &#8211; de hossz\u00fa t\u00e1von komoly kock\u00e1zati t\u00e9nyez\u0151 lehet. Pr\u00f3b\u00e1ld meg korl\u00e1tozni a cukorbeviteled a napi kal\u00f3riabevitel maximum 5% -\u00e1ra! Egy \u00e1tlagember sz\u00e1m\u00e1ra ez kevesebb, mint kb. 2 ev\u0151kan\u00e1l vagy 25 gramm cukrot jelent.<\/p>\n<h2><strong>Gyorskaj\u00e1k \u00e9s b\u0151 olajban s\u00fclt \u00e9telek<\/strong><\/h2>\n<p>A cukor csak az egyik ellens\u00e9g a list\u00e1r\u00f3l. Nagyon hasonl\u00f3ak az olajban s\u00fclt \u00e9telek, a gyors\u00e9telek \u00e9s \u00f6sszess\u00e9g\u00e9ben a nagy m\u00e9rt\u00e9kben feldolgozott \u00e9telek. Nagyon kev\u00e9s alapvet\u0151 t\u00e1panyagot \u00e9s rostot tartalmaznak, kal\u00f3ri\u00e1ban viszont igen gazdagok. \u00cdgy k\u00f6nnyen t\u00falehetj\u00fck vel\u00fck magunkat, ezzel pedig n\u00f6velhetj\u00fck azoknak a betegs\u00e9geknek a kock\u00e1zat\u00e1t, amelyeket a cukor kapcs\u00e1n is eml\u00edtett\u00fcnk.<\/p>\n<figure id=\"attachment_9586\" aria-describedby=\"caption-attachment-9586\" style=\"width: 1024px\" class=\"wp-caption alignnone\"><a href=\"https:\/\/d2p6e6u75xmxt8.cloudfront.net\/2\/2020\/11\/Chicken-fries-profimedia-0421200037.jpg\"><img loading=\"lazy\" decoding=\"async\" class=\"size-large wp-image-9586\" src=\"https:\/\/d2p6e6u75xmxt8.cloudfront.net\/12\/2020\/12\/Chicken-fries-profimedia-0421200037-1024x683.jpg\" alt=\"Fried food\" width=\"1024\" height=\"683\" srcset=\"https:\/\/d2p6e6u75xmxt8.cloudfront.net\/12\/2020\/12\/Chicken-fries-profimedia-0421200037-1024x683.jpg 1024w, https:\/\/d2p6e6u75xmxt8.cloudfront.net\/12\/2020\/12\/Chicken-fries-profimedia-0421200037-300x200.jpg 300w, https:\/\/d2p6e6u75xmxt8.cloudfront.net\/12\/2020\/12\/Chicken-fries-profimedia-0421200037-768x512.jpg 768w, https:\/\/d2p6e6u75xmxt8.cloudfront.net\/12\/2020\/12\/Chicken-fries-profimedia-0421200037-1536x1024.jpg 1536w, https:\/\/d2p6e6u75xmxt8.cloudfront.net\/12\/2020\/12\/Chicken-fries-profimedia-0421200037-272x182.jpg 272w, https:\/\/d2p6e6u75xmxt8.cloudfront.net\/12\/2020\/12\/Chicken-fries-profimedia-0421200037.jpg 1800w\" sizes=\"auto, (max-width: 1024px) 100vw, 1024px\" \/><\/a><figcaption id=\"caption-attachment-9586\" class=\"wp-caption-text\"><em>A legjobb, ha elker\u00fclj\u00fck a gyors\u00e9teleket. \u00a9 Profimedia<\/em><\/figcaption><\/figure>\n<p>Nem k\u00f6nny\u0171 ezeket az \u00e9teleket teljesen kiz\u00e1rni az \u00e9let\u00fcnkb\u0151l, hiszen nagyon k\u00e9nyelmesen hozz\u00e1juk tudunk f\u00e9rni, r\u00e1ad\u00e1sul igen \u00edzletesek. Pr\u00f3b\u00e1lj nagyobb adagokat f\u0151zni a h\u00e9tv\u00e9g\u00e9n, \u00edgy a h\u00e9tk\u00f6znapokon is lesz egy kis marad\u00e9k a h\u0171t\u0151ben. Ez seg\u00edt elker\u00fclni a gyors\u00e9ttermi megold\u00e1sokat, amikor nem \u00e9r\u00fcnk r\u00e1 \u00e9telt k\u00e9sz\u00edteni. Ami a burgonyachipset, a csokol\u00e1d\u00e9t \u00e9s az egy\u00e9b nasikat illeti, tartogassuk \u0151ket k\u00fcl\u00f6nleges alkalmakra! A legjobb, ha nem is k\u00eds\u00e9rtenek minket, ink\u00e1bb ne is vegy\u00fcnk bel\u0151l\u00fck!<\/p>\n<h2><strong>Alkohol<\/strong><\/h2>\n<p>Sokak sz\u00e1m\u00e1ra az alkohol egy esti laz\u00edt\u00f3 ritu\u00e1l\u00e9 r\u00e9sze \u00e9s a t\u00e1rsas\u00e1gi \u00e9let f\u0171szere. Sajnos negat\u00edv hat\u00e1ssal van az alv\u00e1s min\u0151s\u00e9g\u00e9re, \u00e1ltal\u00e1nos eg\u00e9szs\u00e9gi \u00e1llapotunkra, s\u0151t k\u00f6zvetlen\u00fcl az immunrendszer\u00fcnkre is. Olvasd el <a href=\"https:\/\/www.welovecycling.com\/hu\/edzes-es-eletmod\/oszi-immunerosites-5-jo-szokas\/\">kor\u00e1bbi cikk\u00fcnket olyan alternat\u00edv m\u00f3dszerekr\u0151l<\/a>, melyek seg\u00edthetnek a stressz kezel\u00e9s\u00e9ben alkohol n\u00e9lk\u00fcl is! \u00cdgy kedvenc \u00fcnnepi s\u00f6r\u00f6d t\u00e9nyleg csak \u00fcnnepekkor \u00e9s k\u00fcl\u00f6nleges alkalmakkor ker\u00fcl majd el\u0151.<\/p>\n<figure id=\"attachment_3340\" aria-describedby=\"caption-attachment-3340\" style=\"width: 1024px\" class=\"wp-caption alignnone\"><a href=\"https:\/\/d2p6e6u75xmxt8.cloudfront.net\/2\/2019\/04\/wine-glasses-pexels-1123260.jpg\"><img loading=\"lazy\" decoding=\"async\" class=\"wp-image-3340 size-large\" src=\"https:\/\/d2p6e6u75xmxt8.cloudfront.net\/12\/2019\/05\/wine-glasses-pexels-1123260-1024x683.jpg\" alt=\"Wine Glasses\" width=\"1024\" height=\"683\" srcset=\"https:\/\/d2p6e6u75xmxt8.cloudfront.net\/12\/2019\/05\/wine-glasses-pexels-1123260-1024x683.jpg 1024w, https:\/\/d2p6e6u75xmxt8.cloudfront.net\/12\/2019\/05\/wine-glasses-pexels-1123260-300x200.jpg 300w, https:\/\/d2p6e6u75xmxt8.cloudfront.net\/12\/2019\/05\/wine-glasses-pexels-1123260-768x512.jpg 768w, https:\/\/d2p6e6u75xmxt8.cloudfront.net\/12\/2019\/05\/wine-glasses-pexels-1123260.jpg 1920w, https:\/\/d2p6e6u75xmxt8.cloudfront.net\/12\/2019\/05\/wine-glasses-pexels-1123260-272x182.jpg 272w, https:\/\/d2p6e6u75xmxt8.cloudfront.net\/12\/2019\/05\/wine-glasses-pexels-1123260-1920x1280.jpg 1920w\" sizes=\"auto, (max-width: 1024px) 100vw, 1024px\" \/><\/a><figcaption id=\"caption-attachment-3340\" class=\"wp-caption-text\"><em>Az alkohol negat\u00edv hat\u00e1ssal van az immunrendszeredre.<\/em><\/figcaption><\/figure>\n<h2><strong>\u00dcd\u00edt\u0151k \u00e9s energiaitalok<\/strong><\/h2>\n<p>Az utols\u00f3 elker\u00fclend\u0151 csoport az \u00f6sszes kor\u00e1bban felsorolt kock\u00e1zatot egyes\u00edti. Az \u00fcd\u00edt\u0151k \u00e9s az energiaitalok cukrosak, rengeteg kal\u00f3ri\u00e1t tartalmaznak \u00e9s rontj\u00e1k az alv\u00e1smin\u0151s\u00e9get. Ha sportolsz, fogyassz sportitalokat helyett\u00fck! Azonban ezekkel sem szabad t\u00falz\u00e1sba esni, ha t\u00fal sokat iszol bel\u0151l\u00fck, hozz\u00e1juk szokik a szervezeted, \u00e9s csak probl\u00e9m\u00e1kat gener\u00e1lnak majd, ahelyett, hogy seg\u00edten\u00e9nek.<\/p>\n","protected":false},"excerpt":{"rendered":"<p>Vannak \u00e9telek, amik er\u0151s\u00edtik immunrendszer\u00fcnket \u00e9s vannak, amik gyeng\u00edtik. Az, hogy melyikeket fogyasztod, csak rajtad m\u00falik! Hoztunk n\u00e9gy \u00e9lelmiszercsoportot, amit [&hellip;]<\/p>\n","protected":false},"author":71,"featured_media":9588,"comment_status":"open","ping_status":"open","sticky":false,"template":"","format":"standard","meta":{"footnotes":""},"categories":[6],"tags":[],"global-categories":[],"class_list":["post-9584","post","type-post","status-publish","format-standard","has-post-thumbnail","hentry","category-edzes-es-eletmod"],"yoast_head":"<!-- This site is optimized with the Yoast SEO Premium plugin v25.3 (Yoast SEO v25.9) - https:\/\/yoast.com\/wordpress\/plugins\/seo\/ -->\n<title>T\u00e9li immuner\u0151s\u00edt\u00e9s: 4 \u00e9tel, amit jobb, ha elker\u00fclsz<\/title>\n<meta name=\"description\" content=\"Vannak \u00e9telek, amik er\u0151s\u00edtik immunrendszer\u00fcnket \u00e9s vannak, amik gyeng\u00edtik. Az, hogy melyikeket fogyasztod, csak rajtad m\u00falik! Hoztunk n\u00e9gy \u00e9lelmiszercsoportot, amit jobb, ha elker\u00fclsz, ha szeretn\u00e9l min\u00e9l nagyobb v\u00e9detts\u00e9get szerezni a fert\u0151z\u00e9sekkel szemben.\" \/>\n<meta name=\"robots\" content=\"index, follow, max-snippet:-1, max-image-preview:large, max-video-preview:-1\" \/>\n<link rel=\"canonical\" href=\"https:\/\/www.welovecycling.com\/hu\/edzes-es-eletmod\/teli-immunerosites-4-etel-amit-jobb-ha-elkerulsz\/\" \/>\n<meta property=\"og:locale\" content=\"hu_HU\" \/>\n<meta property=\"og:type\" content=\"article\" \/>\n<meta property=\"og:title\" content=\"T\u00e9li immuner\u0151s\u00edt\u00e9s: 4 \u00e9tel, amit jobb, ha elker\u00fclsz\" \/>\n<meta property=\"og:description\" content=\"Vannak \u00e9telek, amik er\u0151s\u00edtik immunrendszer\u00fcnket \u00e9s vannak, amik gyeng\u00edtik. Az, hogy melyikeket fogyasztod, csak rajtad m\u00falik! Hoztunk n\u00e9gy \u00e9lelmiszercsoportot, amit jobb, ha elker\u00fclsz, ha szeretn\u00e9l min\u00e9l nagyobb v\u00e9detts\u00e9get szerezni a fert\u0151z\u00e9sekkel szemben.\" \/>\n<meta property=\"og:url\" content=\"https:\/\/www.welovecycling.com\/hu\/edzes-es-eletmod\/teli-immunerosites-4-etel-amit-jobb-ha-elkerulsz\/\" \/>\n<meta property=\"og:site_name\" content=\"\u0160koda We Love Cycling - Magyarorsz\u00e1g\" \/>\n<meta property=\"article:publisher\" content=\"https:\/\/www.facebook.com\/WeLoveCyclingHungary\/\" \/>\n<meta property=\"article:published_time\" content=\"2020-12-07T07:00:24+00:00\" \/>\n<meta property=\"og:image\" content=\"https:\/\/d2p6e6u75xmxt8.cloudfront.net\/12\/2020\/12\/Deep-fried-food-profimedia-0378341912-CVR.jpg\" \/>\n\t<meta property=\"og:image:width\" content=\"1366\" \/>\n\t<meta property=\"og:image:height\" content=\"600\" \/>\n\t<meta property=\"og:image:type\" content=\"image\/jpeg\" \/>\n<meta name=\"author\" content=\"hegyizs\" \/>\n<meta name=\"twitter:card\" content=\"summary_large_image\" \/>\n<meta name=\"twitter:label1\" content=\"Written by\" \/>\n\t<meta name=\"twitter:data1\" content=\"Jiri Kaloc\" \/>\n\t<meta name=\"twitter:label2\" content=\"Est. reading time\" \/>\n\t<meta name=\"twitter:data2\" content=\"5\" \/>\n<script type=\"application\/ld+json\" class=\"yoast-schema-graph\">{\"@context\":\"https:\/\/schema.org\",\"@graph\":[{\"@type\":\"WebPage\",\"@id\":\"https:\/\/www.welovecycling.com\/hu\/edzes-es-eletmod\/teli-immunerosites-4-etel-amit-jobb-ha-elkerulsz\/\",\"url\":\"https:\/\/www.welovecycling.com\/hu\/edzes-es-eletmod\/teli-immunerosites-4-etel-amit-jobb-ha-elkerulsz\/\",\"name\":\"T\u00e9li immuner\u0151s\u00edt\u00e9s: 4 \u00e9tel, amit jobb, ha elker\u00fclsz\",\"isPartOf\":{\"@id\":\"https:\/\/www.welovecycling.com\/hu\/#website\"},\"primaryImageOfPage\":{\"@id\":\"https:\/\/www.welovecycling.com\/hu\/edzes-es-eletmod\/teli-immunerosites-4-etel-amit-jobb-ha-elkerulsz\/#primaryimage\"},\"image\":{\"@id\":\"https:\/\/www.welovecycling.com\/hu\/edzes-es-eletmod\/teli-immunerosites-4-etel-amit-jobb-ha-elkerulsz\/#primaryimage\"},\"thumbnailUrl\":\"https:\/\/d2p6e6u75xmxt8.cloudfront.net\/12\/2020\/12\/Deep-fried-food-profimedia-0378341912-CVR.jpg\",\"datePublished\":\"2020-12-07T07:00:24+00:00\",\"author\":{\"@id\":\"https:\/\/www.welovecycling.com\/hu\/#\/schema\/person\/414a2aebf1801691a5320edb6468e194\"},\"description\":\"Vannak \u00e9telek, amik er\u0151s\u00edtik immunrendszer\u00fcnket \u00e9s vannak, amik gyeng\u00edtik. Az, hogy melyikeket fogyasztod, csak rajtad m\u00falik! Hoztunk n\u00e9gy \u00e9lelmiszercsoportot, amit jobb, ha elker\u00fclsz, ha szeretn\u00e9l min\u00e9l nagyobb v\u00e9detts\u00e9get szerezni a fert\u0151z\u00e9sekkel szemben.\",\"breadcrumb\":{\"@id\":\"https:\/\/www.welovecycling.com\/hu\/edzes-es-eletmod\/teli-immunerosites-4-etel-amit-jobb-ha-elkerulsz\/#breadcrumb\"},\"inLanguage\":\"hu\",\"potentialAction\":[{\"@type\":\"ReadAction\",\"target\":[\"https:\/\/www.welovecycling.com\/hu\/edzes-es-eletmod\/teli-immunerosites-4-etel-amit-jobb-ha-elkerulsz\/\"]}]},{\"@type\":\"ImageObject\",\"inLanguage\":\"hu\",\"@id\":\"https:\/\/www.welovecycling.com\/hu\/edzes-es-eletmod\/teli-immunerosites-4-etel-amit-jobb-ha-elkerulsz\/#primaryimage\",\"url\":\"https:\/\/d2p6e6u75xmxt8.cloudfront.net\/12\/2020\/12\/Deep-fried-food-profimedia-0378341912-CVR.jpg\",\"contentUrl\":\"https:\/\/d2p6e6u75xmxt8.cloudfront.net\/12\/2020\/12\/Deep-fried-food-profimedia-0378341912-CVR.jpg\",\"width\":1366,\"height\":600,\"caption\":\"Fried Chicken\"},{\"@type\":\"BreadcrumbList\",\"@id\":\"https:\/\/www.welovecycling.com\/hu\/edzes-es-eletmod\/teli-immunerosites-4-etel-amit-jobb-ha-elkerulsz\/#breadcrumb\",\"itemListElement\":[{\"@type\":\"ListItem\",\"position\":1,\"name\":\"Home\",\"item\":\"https:\/\/www.welovecycling.com\/hu\/\"},{\"@type\":\"ListItem\",\"position\":2,\"name\":\"T\u00e9li immuner\u0151s\u00edt\u00e9s: 4 \u00e9tel, amit jobb, ha elker\u00fclsz\"}]},{\"@type\":\"WebSite\",\"@id\":\"https:\/\/www.welovecycling.com\/hu\/#website\",\"url\":\"https:\/\/www.welovecycling.com\/hu\/\",\"name\":\"\u0160koda We Love Cycling - Magyarorsz\u00e1g\",\"description\":\"\u0160koda WeLoveCycling\",\"potentialAction\":[{\"@type\":\"SearchAction\",\"target\":{\"@type\":\"EntryPoint\",\"urlTemplate\":\"https:\/\/www.welovecycling.com\/hu\/?s={search_term_string}\"},\"query-input\":{\"@type\":\"PropertyValueSpecification\",\"valueRequired\":true,\"valueName\":\"search_term_string\"}}],\"inLanguage\":\"hu\"},{\"@type\":\"Person\",\"@id\":\"https:\/\/www.welovecycling.com\/hu\/#\/schema\/person\/414a2aebf1801691a5320edb6468e194\",\"name\":\"hegyizs\",\"image\":{\"@type\":\"ImageObject\",\"inLanguage\":\"hu\",\"@id\":\"https:\/\/www.welovecycling.com\/hu\/#\/schema\/person\/image\/\",\"url\":\"https:\/\/secure.gravatar.com\/avatar\/02cf8a7906b8cf90cecb4679defac7cfd33a1c2e3b88e4903d947f3bb58eedd3?s=96&d=mm&r=g\",\"contentUrl\":\"https:\/\/secure.gravatar.com\/avatar\/02cf8a7906b8cf90cecb4679defac7cfd33a1c2e3b88e4903d947f3bb58eedd3?s=96&d=mm&r=g\",\"caption\":\"hegyizs\"},\"url\":\"https:\/\/www.welovecycling.com\/hu\/author\/hegyizs\/\"}]}<\/script>\n<!-- \/ Yoast SEO Premium plugin. -->","yoast_head_json":{"title":"T\u00e9li immuner\u0151s\u00edt\u00e9s: 4 \u00e9tel, amit jobb, ha elker\u00fclsz","description":"Vannak \u00e9telek, amik er\u0151s\u00edtik immunrendszer\u00fcnket \u00e9s vannak, amik gyeng\u00edtik. Az, hogy melyikeket fogyasztod, csak rajtad m\u00falik! Hoztunk n\u00e9gy \u00e9lelmiszercsoportot, amit jobb, ha elker\u00fclsz, ha szeretn\u00e9l min\u00e9l nagyobb v\u00e9detts\u00e9get szerezni a fert\u0151z\u00e9sekkel szemben.","robots":{"index":"index","follow":"follow","max-snippet":"max-snippet:-1","max-image-preview":"max-image-preview:large","max-video-preview":"max-video-preview:-1"},"canonical":"https:\/\/www.welovecycling.com\/hu\/edzes-es-eletmod\/teli-immunerosites-4-etel-amit-jobb-ha-elkerulsz\/","og_locale":"hu_HU","og_type":"article","og_title":"T\u00e9li immuner\u0151s\u00edt\u00e9s: 4 \u00e9tel, amit jobb, ha elker\u00fclsz","og_description":"Vannak \u00e9telek, amik er\u0151s\u00edtik immunrendszer\u00fcnket \u00e9s vannak, amik gyeng\u00edtik. Az, hogy melyikeket fogyasztod, csak rajtad m\u00falik! Hoztunk n\u00e9gy \u00e9lelmiszercsoportot, amit jobb, ha elker\u00fclsz, ha szeretn\u00e9l min\u00e9l nagyobb v\u00e9detts\u00e9get szerezni a fert\u0151z\u00e9sekkel szemben.","og_url":"https:\/\/www.welovecycling.com\/hu\/edzes-es-eletmod\/teli-immunerosites-4-etel-amit-jobb-ha-elkerulsz\/","og_site_name":"\u0160koda We Love Cycling - Magyarorsz\u00e1g","article_publisher":"https:\/\/www.facebook.com\/WeLoveCyclingHungary\/","article_published_time":"2020-12-07T07:00:24+00:00","og_image":[{"width":1366,"height":600,"url":"https:\/\/d2p6e6u75xmxt8.cloudfront.net\/12\/2020\/12\/Deep-fried-food-profimedia-0378341912-CVR.jpg","type":"image\/jpeg"}],"author":"hegyizs","twitter_card":"summary_large_image","twitter_misc":{"Written by":"Jiri Kaloc","Est. reading time":"5"},"schema":{"@context":"https:\/\/schema.org","@graph":[{"@type":"WebPage","@id":"https:\/\/www.welovecycling.com\/hu\/edzes-es-eletmod\/teli-immunerosites-4-etel-amit-jobb-ha-elkerulsz\/","url":"https:\/\/www.welovecycling.com\/hu\/edzes-es-eletmod\/teli-immunerosites-4-etel-amit-jobb-ha-elkerulsz\/","name":"T\u00e9li immuner\u0151s\u00edt\u00e9s: 4 \u00e9tel, amit jobb, ha elker\u00fclsz","isPartOf":{"@id":"https:\/\/www.welovecycling.com\/hu\/#website"},"primaryImageOfPage":{"@id":"https:\/\/www.welovecycling.com\/hu\/edzes-es-eletmod\/teli-immunerosites-4-etel-amit-jobb-ha-elkerulsz\/#primaryimage"},"image":{"@id":"https:\/\/www.welovecycling.com\/hu\/edzes-es-eletmod\/teli-immunerosites-4-etel-amit-jobb-ha-elkerulsz\/#primaryimage"},"thumbnailUrl":"https:\/\/d2p6e6u75xmxt8.cloudfront.net\/12\/2020\/12\/Deep-fried-food-profimedia-0378341912-CVR.jpg","datePublished":"2020-12-07T07:00:24+00:00","author":{"@id":"https:\/\/www.welovecycling.com\/hu\/#\/schema\/person\/414a2aebf1801691a5320edb6468e194"},"description":"Vannak \u00e9telek, amik er\u0151s\u00edtik immunrendszer\u00fcnket \u00e9s vannak, amik gyeng\u00edtik. Az, hogy melyikeket fogyasztod, csak rajtad m\u00falik! Hoztunk n\u00e9gy \u00e9lelmiszercsoportot, amit jobb, ha elker\u00fclsz, ha szeretn\u00e9l min\u00e9l nagyobb v\u00e9detts\u00e9get szerezni a fert\u0151z\u00e9sekkel szemben.","breadcrumb":{"@id":"https:\/\/www.welovecycling.com\/hu\/edzes-es-eletmod\/teli-immunerosites-4-etel-amit-jobb-ha-elkerulsz\/#breadcrumb"},"inLanguage":"hu","potentialAction":[{"@type":"ReadAction","target":["https:\/\/www.welovecycling.com\/hu\/edzes-es-eletmod\/teli-immunerosites-4-etel-amit-jobb-ha-elkerulsz\/"]}]},{"@type":"ImageObject","inLanguage":"hu","@id":"https:\/\/www.welovecycling.com\/hu\/edzes-es-eletmod\/teli-immunerosites-4-etel-amit-jobb-ha-elkerulsz\/#primaryimage","url":"https:\/\/d2p6e6u75xmxt8.cloudfront.net\/12\/2020\/12\/Deep-fried-food-profimedia-0378341912-CVR.jpg","contentUrl":"https:\/\/d2p6e6u75xmxt8.cloudfront.net\/12\/2020\/12\/Deep-fried-food-profimedia-0378341912-CVR.jpg","width":1366,"height":600,"caption":"Fried Chicken"},{"@type":"BreadcrumbList","@id":"https:\/\/www.welovecycling.com\/hu\/edzes-es-eletmod\/teli-immunerosites-4-etel-amit-jobb-ha-elkerulsz\/#breadcrumb","itemListElement":[{"@type":"ListItem","position":1,"name":"Home","item":"https:\/\/www.welovecycling.com\/hu\/"},{"@type":"ListItem","position":2,"name":"T\u00e9li immuner\u0151s\u00edt\u00e9s: 4 \u00e9tel, amit jobb, ha elker\u00fclsz"}]},{"@type":"WebSite","@id":"https:\/\/www.welovecycling.com\/hu\/#website","url":"https:\/\/www.welovecycling.com\/hu\/","name":"\u0160koda We Love Cycling - Magyarorsz\u00e1g","description":"\u0160koda WeLoveCycling","potentialAction":[{"@type":"SearchAction","target":{"@type":"EntryPoint","urlTemplate":"https:\/\/www.welovecycling.com\/hu\/?s={search_term_string}"},"query-input":{"@type":"PropertyValueSpecification","valueRequired":true,"valueName":"search_term_string"}}],"inLanguage":"hu"},{"@type":"Person","@id":"https:\/\/www.welovecycling.com\/hu\/#\/schema\/person\/414a2aebf1801691a5320edb6468e194","name":"hegyizs","image":{"@type":"ImageObject","inLanguage":"hu","@id":"https:\/\/www.welovecycling.com\/hu\/#\/schema\/person\/image\/","url":"https:\/\/secure.gravatar.com\/avatar\/02cf8a7906b8cf90cecb4679defac7cfd33a1c2e3b88e4903d947f3bb58eedd3?s=96&d=mm&r=g","contentUrl":"https:\/\/secure.gravatar.com\/avatar\/02cf8a7906b8cf90cecb4679defac7cfd33a1c2e3b88e4903d947f3bb58eedd3?s=96&d=mm&r=g","caption":"hegyizs"},"url":"https:\/\/www.welovecycling.com\/hu\/author\/hegyizs\/"}]}},"_links":{"self":[{"href":"https:\/\/www.welovecycling.com\/hu\/wp-json\/wp\/v2\/posts\/9584","targetHints":{"allow":["GET"]}}],"collection":[{"href":"https:\/\/www.welovecycling.com\/hu\/wp-json\/wp\/v2\/posts"}],"about":[{"href":"https:\/\/www.welovecycling.com\/hu\/wp-json\/wp\/v2\/types\/post"}],"author":[{"embeddable":true,"href":"https:\/\/www.welovecycling.com\/hu\/wp-json\/wp\/v2\/users\/71"}],"replies":[{"embeddable":true,"href":"https:\/\/www.welovecycling.com\/hu\/wp-json\/wp\/v2\/comments?post=9584"}],"version-history":[{"count":2,"href":"https:\/\/www.welovecycling.com\/hu\/wp-json\/wp\/v2\/posts\/9584\/revisions"}],"predecessor-version":[{"id":9615,"href":"https:\/\/www.welovecycling.com\/hu\/wp-json\/wp\/v2\/posts\/9584\/revisions\/9615"}],"wp:featuredmedia":[{"embeddable":true,"href":"https:\/\/www.welovecycling.com\/hu\/wp-json\/wp\/v2\/media\/9588"}],"wp:attachment":[{"href":"https:\/\/www.welovecycling.com\/hu\/wp-json\/wp\/v2\/media?parent=9584"}],"wp:term":[{"taxonomy":"category","embeddable":true,"href":"https:\/\/www.welovecycling.com\/hu\/wp-json\/wp\/v2\/categories?post=9584"},{"taxonomy":"post_tag","embeddable":true,"href":"https:\/\/www.welovecycling.com\/hu\/wp-json\/wp\/v2\/tags?post=9584"},{"taxonomy":"global-categories","embeddable":true,"href":"https:\/\/www.welovecycling.com\/hu\/wp-json\/wp\/v2\/global-categories?post=9584"}],"curies":[{"name":"wp","href":"https:\/\/api.w.org\/{rel}","templated":true}]}}