{"id":9531,"date":"2020-12-01T08:00:09","date_gmt":"2020-12-01T07:00:09","guid":{"rendered":"https:\/\/www.welovecycling.com\/hu\/?p=9531"},"modified":"2020-11-27T16:32:27","modified_gmt":"2020-11-27T15:32:27","slug":"oszi-immunerosites-3-etel-amit-ne-hagyj-ki-az-etrendedbol","status":"publish","type":"post","link":"https:\/\/www.welovecycling.com\/hu\/edzes-es-eletmod\/oszi-immunerosites-3-etel-amit-ne-hagyj-ki-az-etrendedbol\/","title":{"rendered":"\u0150szi immuner\u0151s\u00edt\u00e9s \u2013 3 \u00e9tel, amit ne hagyj ki az \u00e9trendedb\u0151l"},"content":{"rendered":"<p><strong>Az \u00e9tkez\u00e9s \u00e9s az eg\u00e9szs\u00e9ges immunrendszer szorosan \u00f6sszef\u00fcgg egym\u00e1ssal. Egy j\u00f3l megtervezett \u00e9trend nagyon pozit\u00edv hat\u00e1ssal lehet az immunrendszerre. K\u00fcl\u00f6nb\u00f6z\u0151ek az ig\u00e9nyeink, ez\u00e9rt minden embernek kifejezetten a neki megfelel\u0151 \u00e9trendet kell v\u00e1lasztania. Azonban vannak olyan \u00e9telek, melyek a legt\u00f6bb ember sz\u00e1m\u00e1ra hasznosak. Vess\u00fcnk egy pillant\u00e1st h\u00e1rom \u00e9telcsoportra, amelyeket j\u00f3 be\u00e9p\u00edteni az \u00e9trend\u00fcnkbe.<\/strong><\/p>\n<p><!--more--><\/p>\n<h2><strong>Friss z\u00f6lds\u00e9gek<\/strong><\/h2>\n<figure id=\"attachment_9532\" aria-describedby=\"caption-attachment-9532\" style=\"width: 1024px\" class=\"wp-caption alignnone\"><a href=\"https:\/\/d2p6e6u75xmxt8.cloudfront.net\/2\/2020\/11\/Vegetables-pexels-daria-shevtsova-1508666.jpg\"><img loading=\"lazy\" decoding=\"async\" class=\"wp-image-9532 size-large\" src=\"https:\/\/d2p6e6u75xmxt8.cloudfront.net\/12\/2020\/11\/Vegetables-pexels-daria-shevtsova-1508666-1024x682.jpg\" alt=\"Vegetables\" width=\"1024\" height=\"682\" srcset=\"https:\/\/d2p6e6u75xmxt8.cloudfront.net\/12\/2020\/11\/Vegetables-pexels-daria-shevtsova-1508666-1024x682.jpg 1024w, https:\/\/d2p6e6u75xmxt8.cloudfront.net\/12\/2020\/11\/Vegetables-pexels-daria-shevtsova-1508666-300x200.jpg 300w, https:\/\/d2p6e6u75xmxt8.cloudfront.net\/12\/2020\/11\/Vegetables-pexels-daria-shevtsova-1508666-768x512.jpg 768w, https:\/\/d2p6e6u75xmxt8.cloudfront.net\/12\/2020\/11\/Vegetables-pexels-daria-shevtsova-1508666-272x182.jpg 272w, https:\/\/d2p6e6u75xmxt8.cloudfront.net\/12\/2020\/11\/Vegetables-pexels-daria-shevtsova-1508666.jpg 1280w\" sizes=\"auto, (max-width: 1024px) 100vw, 1024px\" \/><\/a><figcaption id=\"caption-attachment-9532\" class=\"wp-caption-text\"><em>Komolyan mondjuk. Egy\u00e9l z\u00f6ld\u00e9get!<\/em><\/figcaption><\/figure>\n<p>Val\u00f3sz\u00edn\u0171leg nem el\u0151sz\u00f6r olvasod, hogy \u201eedd meg a z\u00f6lds\u00e9geket is\u201d, de ez val\u00f3ban annyira fontos, hogy \u00e9rdemes megfogadni. H\u00e1rom f\u0151 oka van annak, ami\u00e9rt a z\u00f6lds\u00e9gek vagy a teljesen n\u00f6v\u00e9nyi eredet\u0171 \u00e9telek \u00e1ltal\u00e1ban seg\u00edtik az immunrendszert. El\u0151sz\u00f6r is a z\u00f6lds\u00e9gek antioxid\u00e1nsokban \u00e9s fitok\u00e9miai anyagokban gazdagok, amelyek n\u00f6velik az antioxid\u00e1ns st\u00e1tuszt, \u00e9s modul\u00e1lj\u00e1k az oxidat\u00edv \u00e9s a k\u00fcl\u00f6nb\u00f6z\u0151 gyullad\u00e1sokat okoz\u00f3 stresszt az emberekben. M\u00e1sodszor, sok rostot biztos\u00edtanak sz\u00e1modra, amelyek t\u00e1pl\u00e1lj\u00e1k a b\u00e9lben l\u00e9v\u0151 hasznos bakt\u00e9riumokat, \u00e9s robusztus mikrobiomot biztos\u00edtanak, amely jav\u00edthatja az immunv\u00e1laszt. V\u00e9g\u00fcl, sok gy\u00fcm\u00f6lcs \u00e9s z\u00f6lds\u00e9g nagyon gazdag alapvet\u0151 t\u00e1panyagokban, p\u00e9ld\u00e1ul C-vitaminban, ami cs\u00f6kkenthetik a fert\u0151z\u00e9sekre val\u00f3 hajlamot.<\/p>\n<p>Teh\u00e1t, amikor legk\u00f6zelebb boltba m\u00e9sz \u00e9lelmiszert v\u00e1s\u00e1rolni, felt\u00e9tlen\u00fcl t\u00f6ltsd fel a kosarad gy\u00fcm\u00f6lcs\u00f6kkel, z\u00f6lds\u00e9gekkel, di\u00f3val, magvakkal \u00e9s k\u00fcl\u00f6nf\u00e9le h\u00fcvelyesekkel. V\u00e1gj fel friss z\u00f6lds\u00e9geket burgonya chips helyett, hogy \u00e9lvezetess\u00e9 tedd a t\u00e9v\u00e9z\u00e9st, cukorka helyett nassolj n\u00e9h\u00e1ny di\u00f3t, \u00e9s adj n\u00e9h\u00e1ny h\u00fcvelyest is h\u00e1zi k\u00e9sz\u00edt\u00e9s\u0171 \u00e9teleidhez. Hamar \u00e9szre fogod venni, mennyivel m\u00e1sk\u00e9pp \u00e9rzed magad, az immunrendszered pedig meg fogja ezt k\u00f6sz\u00f6nni neked.<\/p>\n<h2><strong>Erjesztett z\u00f6lds\u00e9gek<\/strong><\/h2>\n<figure id=\"attachment_9533\" aria-describedby=\"caption-attachment-9533\" style=\"width: 1024px\" class=\"wp-caption alignnone\"><a href=\"https:\/\/d2p6e6u75xmxt8.cloudfront.net\/2\/2020\/11\/Kimchi-profimedia-0561795017.jpg\"><img loading=\"lazy\" decoding=\"async\" class=\"wp-image-9533 size-large\" src=\"https:\/\/d2p6e6u75xmxt8.cloudfront.net\/12\/2020\/11\/Kimchi-profimedia-0561795017-1024x682.jpg\" alt=\"Korean Vegetables\" width=\"1024\" height=\"682\" srcset=\"https:\/\/d2p6e6u75xmxt8.cloudfront.net\/12\/2020\/11\/Kimchi-profimedia-0561795017-1024x682.jpg 1024w, https:\/\/d2p6e6u75xmxt8.cloudfront.net\/12\/2020\/11\/Kimchi-profimedia-0561795017-300x200.jpg 300w, https:\/\/d2p6e6u75xmxt8.cloudfront.net\/12\/2020\/11\/Kimchi-profimedia-0561795017-768x512.jpg 768w, https:\/\/d2p6e6u75xmxt8.cloudfront.net\/12\/2020\/11\/Kimchi-profimedia-0561795017-272x182.jpg 272w, https:\/\/d2p6e6u75xmxt8.cloudfront.net\/12\/2020\/11\/Kimchi-profimedia-0561795017.jpg 1250w\" sizes=\"auto, (max-width: 1024px) 100vw, 1024px\" \/><\/a><figcaption id=\"caption-attachment-9533\" class=\"wp-caption-text\"><em>Minden savany\u00edtott z\u00f6lds\u00e9g, ami \u00e1tesett az erjeszt\u00e9si feladaton, megteszi. \u00a9 Profimedia<\/em><\/figcaption><\/figure>\n<p>A z\u00f6lds\u00e9geknek van egy fajt\u00e1ja, amely k\u00fcl\u00f6n figyelmet \u00e9rdemel. Az erjesztett z\u00f6lds\u00e9gek!<\/p>\n<p>Ezek gazdagok olyan probiotikumoknak nevezett j\u00f3t\u00e9kony bakt\u00e9riumokban, amelyek felt\u00f6ltik az em\u00e9szt\u0151rendszert \u00e9s robusztusabb\u00e1 teszik a mikrobiot\u00e1t. Ahogy azt fentebb eml\u00edtett\u00fck, az eg\u00e9szs\u00e9ges b\u00e9lrendszer igen fontos a j\u00f3 immunrendszerhez. Ennek el\u00e9r\u00e9s\u00e9hez rostra \u00e9s probiotikumra van sz\u00fcks\u00e9g, az erjesztett z\u00f6lds\u00e9gek pedig mindkett\u0151t megadj\u00e1k a szervezetnek.<\/p>\n<p>Az erjesztett z\u00f6lds\u00e9gek sok hagyom\u00e1nyos konyh\u00e1ban elterjedtek. Legh\u00edresebb v\u00e1ltozataik val\u00f3sz\u00edn\u0171leg a f\u0171szeres koreai Kimchi \u00e9s a vil\u00e1gh\u00edr\u0171 savany\u00fa k\u00e1poszta. De kipr\u00f3b\u00e1lhatod az erjesztett sz\u00f3j\u00e1t is a jap\u00e1n natto vagy miso form\u00e1j\u00e1ban, vagy nagyj\u00e1b\u00f3l b\u00e1rmilyen savany\u00fa z\u00f6lds\u00e9get, amely erjeszt\u00e9si folyamaton ment kereszt\u00fcl. Vagy j\u00f6het a joghurt \u00e9s a kefir! Ezek b\u00e1r nem tartalmaznak rostot, de nagy adag hasznos bakt\u00e9riumot kap \u00e1ltaluk a szervezeted.<\/p>\n<h2><strong>Hal \u00e9s di\u00f3f\u00e9l\u00e9k <\/strong><\/h2>\n<figure id=\"attachment_9534\" aria-describedby=\"caption-attachment-9534\" style=\"width: 1024px\" class=\"wp-caption alignnone\"><a href=\"https:\/\/d2p6e6u75xmxt8.cloudfront.net\/2\/2019\/04\/salmon-pexels-842142.jpg\"><img loading=\"lazy\" decoding=\"async\" class=\"wp-image-9534 size-large\" src=\"https:\/\/d2p6e6u75xmxt8.cloudfront.net\/12\/2020\/11\/salmon-pexels-842142-1024x682.jpg\" alt=\"Salmon\" width=\"1024\" height=\"682\" srcset=\"https:\/\/d2p6e6u75xmxt8.cloudfront.net\/12\/2020\/11\/salmon-pexels-842142-1024x682.jpg 1024w, https:\/\/d2p6e6u75xmxt8.cloudfront.net\/12\/2020\/11\/salmon-pexels-842142-300x200.jpg 300w, https:\/\/d2p6e6u75xmxt8.cloudfront.net\/12\/2020\/11\/salmon-pexels-842142-768x512.jpg 768w, https:\/\/d2p6e6u75xmxt8.cloudfront.net\/12\/2020\/11\/salmon-pexels-842142-272x182.jpg 272w, https:\/\/d2p6e6u75xmxt8.cloudfront.net\/12\/2020\/11\/salmon-pexels-842142.jpg 1280w\" sizes=\"auto, (max-width: 1024px) 100vw, 1024px\" \/><\/a><figcaption id=\"caption-attachment-9534\" class=\"wp-caption-text\"><em>A halak gazdagok omega-3 zs\u00edrsavakban.<\/em><\/figcaption><\/figure>\n<p>A halnak \u00e9s a di\u00f3f\u00e9l\u00e9knek k\u00e9t k\u00f6z\u00f6s von\u00e1sa van. Egyr\u00e9szt mindkett\u0151 hasznos zs\u00edrokban gazdag. Ezek a zs\u00edrok a gyullad\u00e1s cs\u00f6kkent\u00e9s\u00e9vel fokozhatj\u00e1k tested immunv\u00e1lasz\u00e1t a k\u00f3rokoz\u00f3kkal szemben. K\u00fcl\u00f6n\u00f6sen az omega-3 zs\u00edrsavak bizony\u00edtott\u00e1k ezt hat\u00e9konyan. Sz\u00f3val felt\u00e9tlen\u00fcl adj hozz\u00e1 \u00e9trendedhez n\u00e9h\u00e1ny lazacot, szard\u00edni\u00e1t, tonhalat, di\u00f3t vagy lenmagot!<\/p>\n<p>M\u00e1sr\u00e9szt mindkett\u0151 viszonylag gazdag feh\u00e9rj\u00e9kben. A feh\u00e9rje kulcsszerepet j\u00e1tszik az immunv\u00e1lasz er\u0151ss\u00e9g\u00e9nek meghat\u00e1roz\u00e1s\u00e1ban. Fontos immunsejtek, p\u00e9ld\u00e1ul fagocit\u00e1k, limfocit\u00e1k \u00e9s citokinek el\u0151\u00e1ll\u00edt\u00e1s\u00e1hoz sz\u00fcks\u00e9ges, valamint az antitestek r\u00e9sz\u00e9t k\u00e9pezi. A hal, a di\u00f3f\u00e9l\u00e9k \u00e9s a magvak teh\u00e1t eg\u00e9szs\u00e9ges zs\u00edrokat \u00e9s feh\u00e9rj\u00e9t egyar\u00e1nt biztos\u00edtanak. Mindenk\u00e9pp fogyaszd ezeket rendszeresen!<\/p>\n","protected":false},"excerpt":{"rendered":"<p>Az \u00e9tkez\u00e9s \u00e9s az eg\u00e9szs\u00e9ges immunrendszer szorosan \u00f6sszef\u00fcgg egym\u00e1ssal. Egy j\u00f3l megtervezett \u00e9trend nagyon pozit\u00edv hat\u00e1ssal lehet az immunrendszerre. K\u00fcl\u00f6nb\u00f6z\u0151ek [&hellip;]<\/p>\n","protected":false},"author":71,"featured_media":9536,"comment_status":"closed","ping_status":"closed","sticky":false,"template":"","format":"standard","meta":{"footnotes":""},"categories":[6],"tags":[],"global-categories":[],"class_list":["post-9531","post","type-post","status-publish","format-standard","has-post-thumbnail","hentry","category-edzes-es-eletmod"],"yoast_head":"<!-- This site is optimized with the Yoast SEO Premium plugin v25.3 (Yoast SEO v25.9) - https:\/\/yoast.com\/wordpress\/plugins\/seo\/ -->\n<title>\u0150szi immuner\u0151s\u00edt\u00e9s \u2013 3 \u00e9tel, amit ne hagyj ki az \u00e9trendedb\u0151l<\/title>\n<meta name=\"description\" content=\"Az \u00e9tkez\u00e9s \u00e9s az eg\u00e9szs\u00e9ges immunrendszer szorosan \u00f6sszef\u00fcgg egym\u00e1ssal. Egy j\u00f3l megtervezett \u00e9trend nagyon pozit\u00edv hat\u00e1ssal lehet az immunrendszerre.\" \/>\n<meta name=\"robots\" content=\"index, follow, max-snippet:-1, max-image-preview:large, max-video-preview:-1\" \/>\n<link rel=\"canonical\" href=\"https:\/\/www.welovecycling.com\/hu\/edzes-es-eletmod\/oszi-immunerosites-3-etel-amit-ne-hagyj-ki-az-etrendedbol\/\" \/>\n<meta property=\"og:locale\" content=\"hu_HU\" \/>\n<meta property=\"og:type\" content=\"article\" \/>\n<meta property=\"og:title\" content=\"\u0150szi immuner\u0151s\u00edt\u00e9s \u2013 3 \u00e9tel, amit ne hagyj ki az \u00e9trendedb\u0151l\" \/>\n<meta property=\"og:description\" content=\"Az \u00e9tkez\u00e9s \u00e9s az eg\u00e9szs\u00e9ges immunrendszer szorosan \u00f6sszef\u00fcgg egym\u00e1ssal. Egy j\u00f3l megtervezett \u00e9trend nagyon pozit\u00edv hat\u00e1ssal lehet az immunrendszerre.\" \/>\n<meta property=\"og:url\" content=\"https:\/\/www.welovecycling.com\/hu\/edzes-es-eletmod\/oszi-immunerosites-3-etel-amit-ne-hagyj-ki-az-etrendedbol\/\" \/>\n<meta property=\"og:site_name\" content=\"\u0160koda We Love Cycling - Magyarorsz\u00e1g\" \/>\n<meta property=\"article:publisher\" content=\"https:\/\/www.facebook.com\/WeLoveCyclingHungary\/\" \/>\n<meta property=\"article:published_time\" content=\"2020-12-01T07:00:09+00:00\" \/>\n<meta property=\"og:image\" content=\"https:\/\/d2p6e6u75xmxt8.cloudfront.net\/12\/2020\/11\/Vegetables-profimedia-0471732921-CVR.jpg\" \/>\n\t<meta property=\"og:image:width\" content=\"1366\" \/>\n\t<meta property=\"og:image:height\" content=\"600\" \/>\n\t<meta property=\"og:image:type\" content=\"image\/jpeg\" \/>\n<meta name=\"author\" content=\"hegyizs\" \/>\n<meta name=\"twitter:card\" content=\"summary_large_image\" \/>\n<meta name=\"twitter:label1\" content=\"Written by\" \/>\n\t<meta name=\"twitter:data1\" content=\"Jiri Kaloc\" \/>\n\t<meta name=\"twitter:label2\" content=\"Est. reading time\" \/>\n\t<meta name=\"twitter:data2\" content=\"5\" \/>\n<script type=\"application\/ld+json\" class=\"yoast-schema-graph\">{\"@context\":\"https:\/\/schema.org\",\"@graph\":[{\"@type\":\"WebPage\",\"@id\":\"https:\/\/www.welovecycling.com\/hu\/edzes-es-eletmod\/oszi-immunerosites-3-etel-amit-ne-hagyj-ki-az-etrendedbol\/\",\"url\":\"https:\/\/www.welovecycling.com\/hu\/edzes-es-eletmod\/oszi-immunerosites-3-etel-amit-ne-hagyj-ki-az-etrendedbol\/\",\"name\":\"\u0150szi immuner\u0151s\u00edt\u00e9s \u2013 3 \u00e9tel, amit ne hagyj ki az \u00e9trendedb\u0151l\",\"isPartOf\":{\"@id\":\"https:\/\/www.welovecycling.com\/hu\/#website\"},\"primaryImageOfPage\":{\"@id\":\"https:\/\/www.welovecycling.com\/hu\/edzes-es-eletmod\/oszi-immunerosites-3-etel-amit-ne-hagyj-ki-az-etrendedbol\/#primaryimage\"},\"image\":{\"@id\":\"https:\/\/www.welovecycling.com\/hu\/edzes-es-eletmod\/oszi-immunerosites-3-etel-amit-ne-hagyj-ki-az-etrendedbol\/#primaryimage\"},\"thumbnailUrl\":\"https:\/\/d2p6e6u75xmxt8.cloudfront.net\/12\/2020\/11\/Vegetables-profimedia-0471732921-CVR.jpg\",\"datePublished\":\"2020-12-01T07:00:09+00:00\",\"author\":{\"@id\":\"https:\/\/www.welovecycling.com\/hu\/#\/schema\/person\/414a2aebf1801691a5320edb6468e194\"},\"description\":\"Az \u00e9tkez\u00e9s \u00e9s az eg\u00e9szs\u00e9ges immunrendszer szorosan \u00f6sszef\u00fcgg egym\u00e1ssal. Egy j\u00f3l megtervezett \u00e9trend nagyon pozit\u00edv hat\u00e1ssal lehet az immunrendszerre.\",\"breadcrumb\":{\"@id\":\"https:\/\/www.welovecycling.com\/hu\/edzes-es-eletmod\/oszi-immunerosites-3-etel-amit-ne-hagyj-ki-az-etrendedbol\/#breadcrumb\"},\"inLanguage\":\"hu\",\"potentialAction\":[{\"@type\":\"ReadAction\",\"target\":[\"https:\/\/www.welovecycling.com\/hu\/edzes-es-eletmod\/oszi-immunerosites-3-etel-amit-ne-hagyj-ki-az-etrendedbol\/\"]}]},{\"@type\":\"ImageObject\",\"inLanguage\":\"hu\",\"@id\":\"https:\/\/www.welovecycling.com\/hu\/edzes-es-eletmod\/oszi-immunerosites-3-etel-amit-ne-hagyj-ki-az-etrendedbol\/#primaryimage\",\"url\":\"https:\/\/d2p6e6u75xmxt8.cloudfront.net\/12\/2020\/11\/Vegetables-profimedia-0471732921-CVR.jpg\",\"contentUrl\":\"https:\/\/d2p6e6u75xmxt8.cloudfront.net\/12\/2020\/11\/Vegetables-profimedia-0471732921-CVR.jpg\",\"width\":1366,\"height\":600,\"caption\":\"Fresh Vegetables\"},{\"@type\":\"BreadcrumbList\",\"@id\":\"https:\/\/www.welovecycling.com\/hu\/edzes-es-eletmod\/oszi-immunerosites-3-etel-amit-ne-hagyj-ki-az-etrendedbol\/#breadcrumb\",\"itemListElement\":[{\"@type\":\"ListItem\",\"position\":1,\"name\":\"Home\",\"item\":\"https:\/\/www.welovecycling.com\/hu\/\"},{\"@type\":\"ListItem\",\"position\":2,\"name\":\"\u0150szi immuner\u0151s\u00edt\u00e9s \u2013 3 \u00e9tel, amit ne hagyj ki az \u00e9trendedb\u0151l\"}]},{\"@type\":\"WebSite\",\"@id\":\"https:\/\/www.welovecycling.com\/hu\/#website\",\"url\":\"https:\/\/www.welovecycling.com\/hu\/\",\"name\":\"\u0160koda We Love Cycling - Magyarorsz\u00e1g\",\"description\":\"\u0160koda WeLoveCycling\",\"potentialAction\":[{\"@type\":\"SearchAction\",\"target\":{\"@type\":\"EntryPoint\",\"urlTemplate\":\"https:\/\/www.welovecycling.com\/hu\/?s={search_term_string}\"},\"query-input\":{\"@type\":\"PropertyValueSpecification\",\"valueRequired\":true,\"valueName\":\"search_term_string\"}}],\"inLanguage\":\"hu\"},{\"@type\":\"Person\",\"@id\":\"https:\/\/www.welovecycling.com\/hu\/#\/schema\/person\/414a2aebf1801691a5320edb6468e194\",\"name\":\"hegyizs\",\"image\":{\"@type\":\"ImageObject\",\"inLanguage\":\"hu\",\"@id\":\"https:\/\/www.welovecycling.com\/hu\/#\/schema\/person\/image\/\",\"url\":\"https:\/\/secure.gravatar.com\/avatar\/02cf8a7906b8cf90cecb4679defac7cfd33a1c2e3b88e4903d947f3bb58eedd3?s=96&d=mm&r=g\",\"contentUrl\":\"https:\/\/secure.gravatar.com\/avatar\/02cf8a7906b8cf90cecb4679defac7cfd33a1c2e3b88e4903d947f3bb58eedd3?s=96&d=mm&r=g\",\"caption\":\"hegyizs\"},\"url\":\"https:\/\/www.welovecycling.com\/hu\/author\/hegyizs\/\"}]}<\/script>\n<!-- \/ Yoast SEO Premium plugin. -->","yoast_head_json":{"title":"\u0150szi immuner\u0151s\u00edt\u00e9s \u2013 3 \u00e9tel, amit ne hagyj ki az \u00e9trendedb\u0151l","description":"Az \u00e9tkez\u00e9s \u00e9s az eg\u00e9szs\u00e9ges immunrendszer szorosan \u00f6sszef\u00fcgg egym\u00e1ssal. Egy j\u00f3l megtervezett \u00e9trend nagyon pozit\u00edv hat\u00e1ssal lehet az immunrendszerre.","robots":{"index":"index","follow":"follow","max-snippet":"max-snippet:-1","max-image-preview":"max-image-preview:large","max-video-preview":"max-video-preview:-1"},"canonical":"https:\/\/www.welovecycling.com\/hu\/edzes-es-eletmod\/oszi-immunerosites-3-etel-amit-ne-hagyj-ki-az-etrendedbol\/","og_locale":"hu_HU","og_type":"article","og_title":"\u0150szi immuner\u0151s\u00edt\u00e9s \u2013 3 \u00e9tel, amit ne hagyj ki az \u00e9trendedb\u0151l","og_description":"Az \u00e9tkez\u00e9s \u00e9s az eg\u00e9szs\u00e9ges immunrendszer szorosan \u00f6sszef\u00fcgg egym\u00e1ssal. Egy j\u00f3l megtervezett \u00e9trend nagyon pozit\u00edv hat\u00e1ssal lehet az immunrendszerre.","og_url":"https:\/\/www.welovecycling.com\/hu\/edzes-es-eletmod\/oszi-immunerosites-3-etel-amit-ne-hagyj-ki-az-etrendedbol\/","og_site_name":"\u0160koda We Love Cycling - Magyarorsz\u00e1g","article_publisher":"https:\/\/www.facebook.com\/WeLoveCyclingHungary\/","article_published_time":"2020-12-01T07:00:09+00:00","og_image":[{"width":1366,"height":600,"url":"https:\/\/d2p6e6u75xmxt8.cloudfront.net\/12\/2020\/11\/Vegetables-profimedia-0471732921-CVR.jpg","type":"image\/jpeg"}],"author":"hegyizs","twitter_card":"summary_large_image","twitter_misc":{"Written by":"Jiri Kaloc","Est. reading time":"5"},"schema":{"@context":"https:\/\/schema.org","@graph":[{"@type":"WebPage","@id":"https:\/\/www.welovecycling.com\/hu\/edzes-es-eletmod\/oszi-immunerosites-3-etel-amit-ne-hagyj-ki-az-etrendedbol\/","url":"https:\/\/www.welovecycling.com\/hu\/edzes-es-eletmod\/oszi-immunerosites-3-etel-amit-ne-hagyj-ki-az-etrendedbol\/","name":"\u0150szi immuner\u0151s\u00edt\u00e9s \u2013 3 \u00e9tel, amit ne hagyj ki az \u00e9trendedb\u0151l","isPartOf":{"@id":"https:\/\/www.welovecycling.com\/hu\/#website"},"primaryImageOfPage":{"@id":"https:\/\/www.welovecycling.com\/hu\/edzes-es-eletmod\/oszi-immunerosites-3-etel-amit-ne-hagyj-ki-az-etrendedbol\/#primaryimage"},"image":{"@id":"https:\/\/www.welovecycling.com\/hu\/edzes-es-eletmod\/oszi-immunerosites-3-etel-amit-ne-hagyj-ki-az-etrendedbol\/#primaryimage"},"thumbnailUrl":"https:\/\/d2p6e6u75xmxt8.cloudfront.net\/12\/2020\/11\/Vegetables-profimedia-0471732921-CVR.jpg","datePublished":"2020-12-01T07:00:09+00:00","author":{"@id":"https:\/\/www.welovecycling.com\/hu\/#\/schema\/person\/414a2aebf1801691a5320edb6468e194"},"description":"Az \u00e9tkez\u00e9s \u00e9s az eg\u00e9szs\u00e9ges immunrendszer szorosan \u00f6sszef\u00fcgg egym\u00e1ssal. Egy j\u00f3l megtervezett \u00e9trend nagyon pozit\u00edv hat\u00e1ssal lehet az immunrendszerre.","breadcrumb":{"@id":"https:\/\/www.welovecycling.com\/hu\/edzes-es-eletmod\/oszi-immunerosites-3-etel-amit-ne-hagyj-ki-az-etrendedbol\/#breadcrumb"},"inLanguage":"hu","potentialAction":[{"@type":"ReadAction","target":["https:\/\/www.welovecycling.com\/hu\/edzes-es-eletmod\/oszi-immunerosites-3-etel-amit-ne-hagyj-ki-az-etrendedbol\/"]}]},{"@type":"ImageObject","inLanguage":"hu","@id":"https:\/\/www.welovecycling.com\/hu\/edzes-es-eletmod\/oszi-immunerosites-3-etel-amit-ne-hagyj-ki-az-etrendedbol\/#primaryimage","url":"https:\/\/d2p6e6u75xmxt8.cloudfront.net\/12\/2020\/11\/Vegetables-profimedia-0471732921-CVR.jpg","contentUrl":"https:\/\/d2p6e6u75xmxt8.cloudfront.net\/12\/2020\/11\/Vegetables-profimedia-0471732921-CVR.jpg","width":1366,"height":600,"caption":"Fresh Vegetables"},{"@type":"BreadcrumbList","@id":"https:\/\/www.welovecycling.com\/hu\/edzes-es-eletmod\/oszi-immunerosites-3-etel-amit-ne-hagyj-ki-az-etrendedbol\/#breadcrumb","itemListElement":[{"@type":"ListItem","position":1,"name":"Home","item":"https:\/\/www.welovecycling.com\/hu\/"},{"@type":"ListItem","position":2,"name":"\u0150szi immuner\u0151s\u00edt\u00e9s \u2013 3 \u00e9tel, amit ne hagyj ki az \u00e9trendedb\u0151l"}]},{"@type":"WebSite","@id":"https:\/\/www.welovecycling.com\/hu\/#website","url":"https:\/\/www.welovecycling.com\/hu\/","name":"\u0160koda We Love Cycling - Magyarorsz\u00e1g","description":"\u0160koda WeLoveCycling","potentialAction":[{"@type":"SearchAction","target":{"@type":"EntryPoint","urlTemplate":"https:\/\/www.welovecycling.com\/hu\/?s={search_term_string}"},"query-input":{"@type":"PropertyValueSpecification","valueRequired":true,"valueName":"search_term_string"}}],"inLanguage":"hu"},{"@type":"Person","@id":"https:\/\/www.welovecycling.com\/hu\/#\/schema\/person\/414a2aebf1801691a5320edb6468e194","name":"hegyizs","image":{"@type":"ImageObject","inLanguage":"hu","@id":"https:\/\/www.welovecycling.com\/hu\/#\/schema\/person\/image\/","url":"https:\/\/secure.gravatar.com\/avatar\/02cf8a7906b8cf90cecb4679defac7cfd33a1c2e3b88e4903d947f3bb58eedd3?s=96&d=mm&r=g","contentUrl":"https:\/\/secure.gravatar.com\/avatar\/02cf8a7906b8cf90cecb4679defac7cfd33a1c2e3b88e4903d947f3bb58eedd3?s=96&d=mm&r=g","caption":"hegyizs"},"url":"https:\/\/www.welovecycling.com\/hu\/author\/hegyizs\/"}]}},"_links":{"self":[{"href":"https:\/\/www.welovecycling.com\/hu\/wp-json\/wp\/v2\/posts\/9531","targetHints":{"allow":["GET"]}}],"collection":[{"href":"https:\/\/www.welovecycling.com\/hu\/wp-json\/wp\/v2\/posts"}],"about":[{"href":"https:\/\/www.welovecycling.com\/hu\/wp-json\/wp\/v2\/types\/post"}],"author":[{"embeddable":true,"href":"https:\/\/www.welovecycling.com\/hu\/wp-json\/wp\/v2\/users\/71"}],"replies":[{"embeddable":true,"href":"https:\/\/www.welovecycling.com\/hu\/wp-json\/wp\/v2\/comments?post=9531"}],"version-history":[{"count":2,"href":"https:\/\/www.welovecycling.com\/hu\/wp-json\/wp\/v2\/posts\/9531\/revisions"}],"predecessor-version":[{"id":9537,"href":"https:\/\/www.welovecycling.com\/hu\/wp-json\/wp\/v2\/posts\/9531\/revisions\/9537"}],"wp:featuredmedia":[{"embeddable":true,"href":"https:\/\/www.welovecycling.com\/hu\/wp-json\/wp\/v2\/media\/9536"}],"wp:attachment":[{"href":"https:\/\/www.welovecycling.com\/hu\/wp-json\/wp\/v2\/media?parent=9531"}],"wp:term":[{"taxonomy":"category","embeddable":true,"href":"https:\/\/www.welovecycling.com\/hu\/wp-json\/wp\/v2\/categories?post=9531"},{"taxonomy":"post_tag","embeddable":true,"href":"https:\/\/www.welovecycling.com\/hu\/wp-json\/wp\/v2\/tags?post=9531"},{"taxonomy":"global-categories","embeddable":true,"href":"https:\/\/www.welovecycling.com\/hu\/wp-json\/wp\/v2\/global-categories?post=9531"}],"curies":[{"name":"wp","href":"https:\/\/api.w.org\/{rel}","templated":true}]}}