{"id":9526,"date":"2020-12-04T08:00:20","date_gmt":"2020-12-04T07:00:20","guid":{"rendered":"https:\/\/www.welovecycling.com\/hu\/?p=9526"},"modified":"2020-11-27T16:34:41","modified_gmt":"2020-11-27T15:34:41","slug":"julian-alaphilippe-a-tour-de-france-on-szeretne-gyozedelmeskedni","status":"publish","type":"post","link":"https:\/\/www.welovecycling.com\/hu\/orszaguti-kerekpar\/julian-alaphilippe-a-tour-de-france-on-szeretne-gyozedelmeskedni\/","title":{"rendered":"Julian Alaphilippe a Tour de France-on szeretne gy\u0151zedelmeskedni"},"content":{"rendered":"<p><strong>A vil\u00e1gbajnok azt mondta, ha csak egy versenyt v\u00e1laszthatna, ahol gy\u0151zne, akkor az mindenk\u00e9pp a francia Grand Tour lenne. Ennek ellen\u00e9re gyorsan hozz\u00e1tette, hogy nem tervez jelentkezni a 2021-es Tourra.<\/strong><\/p>\n<p><!--more--><\/p>\n<p><em>\u201eA k\u00e9t verseny, ami mindig az \u00e1lmaim k\u00f6z\u00f6tt szerepelt, a vil\u00e1gbajnoks\u00e1g \u00e9s a Tour de France volt. Term\u00e9szetesen minden versenyen szeretek nyerni, de ha csak egyet v\u00e1laszthatn\u00e9k, az a Tour lenne\u201d<\/em> \u2013 mondta az Eurosport France Bistrot V\u00e9lo c\u00edm\u0171 m\u0171sor\u00e1ban.<\/p>\n<div class=\"embed-controller-wrapper\">\n<blockquote class=\"twitter-tweet\" data-width=\"500\" data-dnt=\"true\">\n<p lang=\"en\" dir=\"ltr\">One month ago.<br \/>Photo: <a href=\"https:\/\/twitter.com\/GettySport?ref_src=twsrc%5Etfw\">@GettySport<\/a> <a href=\"https:\/\/t.co\/SVSa45MF9Y\">pic.twitter.com\/SVSa45MF9Y<\/a><\/p>\n<p>&mdash; Soudal Quick-Step Pro Cycling Team (@soudalquickstep) <a href=\"https:\/\/twitter.com\/soudalquickstep\/status\/1321523680988585986?ref_src=twsrc%5Etfw\">October 28, 2020<\/a><\/p><\/blockquote>\n<p><script async data-src=\"https:\/\/platform.twitter.com\/widgets.js\" charset=\"utf-8\"><\/script><\/div>\n<p>Julian Alaphilippe mindenekel\u0151tt a vil\u00e1gbajnoks\u00e1got vette c\u00e9lba, \u00e9s most, hogy a mez\u00e9n sziv\u00e1rv\u00e1nyos cs\u00edkok vannak, m\u00e1r m\u00e1s dolgokra is tud koncentr\u00e1lni. Sajnos \u00fagy t\u0171nik, ez j\u00f6v\u0151re nem a Tour lesz. Ennek ellen\u00e9re viszont minden eddigi pr\u00f3b\u00e1lkoz\u00e1sa hatalmas show volt. A 2019-es Tour-on Alaphilippe az \u00f6t\u00f6dik helyen v\u00e9gzett. A verseny nagy r\u00e9sz\u00e9ben az \u00e9len tekert, de v\u00e9g\u00fcl nem nyert, sok rajong\u00f3 nagy b\u00e1nat\u00e1ra. 2020-ban a m\u00e1sodik helyre \u00e1llt \u00e9s s\u00e1rga mezbe b\u00fajhatott. \u00dagy t\u0171nt, meglesz neki a gy\u0151zelem, de egy b\u00fcntet\u0151 miatt elvesztette a vezet\u00e9st \u00e9s v\u00e9g\u00fcl a 36. helyen v\u00e9gzett.<\/p>\n<figure id=\"attachment_9528\" aria-describedby=\"caption-attachment-9528\" style=\"width: 1024px\" class=\"wp-caption alignnone\"><a href=\"https:\/\/d2p6e6u75xmxt8.cloudfront.net\/2\/2020\/11\/Alaphilippe-profimedia-0560220989.jpg\"><img loading=\"lazy\" decoding=\"async\" class=\"size-large wp-image-9528\" src=\"https:\/\/d2p6e6u75xmxt8.cloudfront.net\/12\/2020\/11\/Alaphilippe-profimedia-0560220989-1024x682.jpg\" alt=\"Julian Alaphilippe\" width=\"1024\" height=\"682\" srcset=\"https:\/\/d2p6e6u75xmxt8.cloudfront.net\/12\/2020\/11\/Alaphilippe-profimedia-0560220989-1024x682.jpg 1024w, https:\/\/d2p6e6u75xmxt8.cloudfront.net\/12\/2020\/11\/Alaphilippe-profimedia-0560220989-300x200.jpg 300w, https:\/\/d2p6e6u75xmxt8.cloudfront.net\/12\/2020\/11\/Alaphilippe-profimedia-0560220989-768x512.jpg 768w, https:\/\/d2p6e6u75xmxt8.cloudfront.net\/12\/2020\/11\/Alaphilippe-profimedia-0560220989-272x182.jpg 272w, https:\/\/d2p6e6u75xmxt8.cloudfront.net\/12\/2020\/11\/Alaphilippe-profimedia-0560220989.jpg 1250w\" sizes=\"auto, (max-width: 1024px) 100vw, 1024px\" \/><\/a><figcaption id=\"caption-attachment-9528\" class=\"wp-caption-text\"><em>Alaphilippe m\u00e9terekkel el\u0151re \u00fcnnepel, miel\u0151tt megnyeri a Men\u2019s Elite Road versenyt. \u00a9 Profimedia<\/em><\/figcaption><\/figure>\n<p><em>\u201eA 2021-es Tour \u00fatvonala nagyon sz\u00e9p \u00e9s motiv\u00e1l\u00f3. A kezd\u0151 szakaszok t\u00f6k\u00e9letesen megfelelnek az elv\u00e1r\u00e1saimnak. De jelenleg csak arra tudok gondolni, hogy fel kell k\u00e9sz\u00fcln\u00f6m a szezon elej\u00e9re, \u00e9s a Tour mindig kis id\u0151vel ezut\u00e1n j\u00f6n.\u201d<\/em> Minden bizonnyal elv\u00e1rjuk t\u0151le, hogy nagy dolgokat \u00e9rjen el a klasszikus versenyeken, de m\u00e9g egy Tour? Az azt\u00e1n nem lenne semmi, igaz? V\u00e9g\u00fclis ez az \u0151 \u00e1lma\u2026<\/p>\n","protected":false},"excerpt":{"rendered":"<p>A vil\u00e1gbajnok azt mondta, ha csak egy versenyt v\u00e1laszthatna, ahol gy\u0151zne, akkor az mindenk\u00e9pp a francia Grand Tour lenne. Ennek [&hellip;]<\/p>\n","protected":false},"author":71,"featured_media":9530,"comment_status":"closed","ping_status":"closed","sticky":false,"template":"","format":"standard","meta":{"footnotes":""},"categories":[8],"tags":[],"global-categories":[],"class_list":["post-9526","post","type-post","status-publish","format-standard","has-post-thumbnail","hentry","category-orszaguti-kerekpar"],"yoast_head":"<!-- This site is optimized with the Yoast SEO Premium plugin v25.3 (Yoast SEO v25.9) - https:\/\/yoast.com\/wordpress\/plugins\/seo\/ -->\n<title>Julian Alaphilippe a Tour de France-on szeretne gy\u0151zedelmeskedni - \u0160koda We Love Cycling - Magyarorsz\u00e1g<\/title>\n<meta name=\"description\" content=\"A vil\u00e1gbajnok azt mondta, ha csak egy versenyt v\u00e1laszthatna, ahol gy\u0151zne, akkor az mindenk\u00e9pp a francia Grand Tour lenne. Ennek ellen\u00e9re gyorsan hozz\u00e1tette, hogy nem tervez jelentkezni a 2021-es Tourra.\" \/>\n<meta name=\"robots\" content=\"index, follow, max-snippet:-1, max-image-preview:large, max-video-preview:-1\" \/>\n<link rel=\"canonical\" href=\"https:\/\/www.welovecycling.com\/hu\/orszaguti-kerekpar\/julian-alaphilippe-a-tour-de-france-on-szeretne-gyozedelmeskedni\/\" \/>\n<meta property=\"og:locale\" content=\"hu_HU\" \/>\n<meta property=\"og:type\" content=\"article\" \/>\n<meta property=\"og:title\" content=\"Julian Alaphilippe a Tour de France-on szeretne gy\u0151zedelmeskedni\" \/>\n<meta property=\"og:description\" content=\"A vil\u00e1gbajnok azt mondta, ha csak egy versenyt v\u00e1laszthatna, ahol gy\u0151zne, akkor az mindenk\u00e9pp a francia Grand Tour lenne. Ennek ellen\u00e9re gyorsan hozz\u00e1tette, hogy nem tervez jelentkezni a 2021-es Tourra.\" \/>\n<meta property=\"og:url\" content=\"https:\/\/www.welovecycling.com\/hu\/orszaguti-kerekpar\/julian-alaphilippe-a-tour-de-france-on-szeretne-gyozedelmeskedni\/\" \/>\n<meta property=\"og:site_name\" content=\"\u0160koda We Love Cycling - Magyarorsz\u00e1g\" \/>\n<meta property=\"article:publisher\" content=\"https:\/\/www.facebook.com\/WeLoveCyclingHungary\/\" \/>\n<meta property=\"article:published_time\" content=\"2020-12-04T07:00:20+00:00\" \/>\n<meta property=\"og:image\" content=\"https:\/\/d2p6e6u75xmxt8.cloudfront.net\/12\/2020\/11\/Alaphilippe-profimedia-0555593532-CVR.jpg\" \/>\n\t<meta property=\"og:image:width\" content=\"1366\" \/>\n\t<meta property=\"og:image:height\" content=\"600\" \/>\n\t<meta property=\"og:image:type\" content=\"image\/jpeg\" \/>\n<meta name=\"author\" content=\"hegyizs\" \/>\n<meta name=\"twitter:card\" content=\"summary_large_image\" \/>\n<meta name=\"twitter:label1\" content=\"Written by\" \/>\n\t<meta name=\"twitter:data1\" content=\"Monica Buck\" \/>\n\t<meta name=\"twitter:label2\" content=\"Est. reading time\" \/>\n\t<meta name=\"twitter:data2\" content=\"4\" \/>\n<script type=\"application\/ld+json\" class=\"yoast-schema-graph\">{\"@context\":\"https:\/\/schema.org\",\"@graph\":[{\"@type\":\"WebPage\",\"@id\":\"https:\/\/www.welovecycling.com\/hu\/orszaguti-kerekpar\/julian-alaphilippe-a-tour-de-france-on-szeretne-gyozedelmeskedni\/\",\"url\":\"https:\/\/www.welovecycling.com\/hu\/orszaguti-kerekpar\/julian-alaphilippe-a-tour-de-france-on-szeretne-gyozedelmeskedni\/\",\"name\":\"Julian Alaphilippe a Tour de France-on szeretne gy\u0151zedelmeskedni - \u0160koda We Love Cycling - Magyarorsz\u00e1g\",\"isPartOf\":{\"@id\":\"https:\/\/www.welovecycling.com\/hu\/#website\"},\"primaryImageOfPage\":{\"@id\":\"https:\/\/www.welovecycling.com\/hu\/orszaguti-kerekpar\/julian-alaphilippe-a-tour-de-france-on-szeretne-gyozedelmeskedni\/#primaryimage\"},\"image\":{\"@id\":\"https:\/\/www.welovecycling.com\/hu\/orszaguti-kerekpar\/julian-alaphilippe-a-tour-de-france-on-szeretne-gyozedelmeskedni\/#primaryimage\"},\"thumbnailUrl\":\"https:\/\/d2p6e6u75xmxt8.cloudfront.net\/12\/2020\/11\/Alaphilippe-profimedia-0555593532-CVR.jpg\",\"datePublished\":\"2020-12-04T07:00:20+00:00\",\"author\":{\"@id\":\"https:\/\/www.welovecycling.com\/hu\/#\/schema\/person\/414a2aebf1801691a5320edb6468e194\"},\"description\":\"A vil\u00e1gbajnok azt mondta, ha csak egy versenyt v\u00e1laszthatna, ahol gy\u0151zne, akkor az mindenk\u00e9pp a francia Grand Tour lenne. Ennek ellen\u00e9re gyorsan hozz\u00e1tette, hogy nem tervez jelentkezni a 2021-es Tourra.\",\"breadcrumb\":{\"@id\":\"https:\/\/www.welovecycling.com\/hu\/orszaguti-kerekpar\/julian-alaphilippe-a-tour-de-france-on-szeretne-gyozedelmeskedni\/#breadcrumb\"},\"inLanguage\":\"hu\",\"potentialAction\":[{\"@type\":\"ReadAction\",\"target\":[\"https:\/\/www.welovecycling.com\/hu\/orszaguti-kerekpar\/julian-alaphilippe-a-tour-de-france-on-szeretne-gyozedelmeskedni\/\"]}]},{\"@type\":\"ImageObject\",\"inLanguage\":\"hu\",\"@id\":\"https:\/\/www.welovecycling.com\/hu\/orszaguti-kerekpar\/julian-alaphilippe-a-tour-de-france-on-szeretne-gyozedelmeskedni\/#primaryimage\",\"url\":\"https:\/\/d2p6e6u75xmxt8.cloudfront.net\/12\/2020\/11\/Alaphilippe-profimedia-0555593532-CVR.jpg\",\"contentUrl\":\"https:\/\/d2p6e6u75xmxt8.cloudfront.net\/12\/2020\/11\/Alaphilippe-profimedia-0555593532-CVR.jpg\",\"width\":1366,\"height\":600,\"caption\":\"Julian Alaphilippe\"},{\"@type\":\"BreadcrumbList\",\"@id\":\"https:\/\/www.welovecycling.com\/hu\/orszaguti-kerekpar\/julian-alaphilippe-a-tour-de-france-on-szeretne-gyozedelmeskedni\/#breadcrumb\",\"itemListElement\":[{\"@type\":\"ListItem\",\"position\":1,\"name\":\"Home\",\"item\":\"https:\/\/www.welovecycling.com\/hu\/\"},{\"@type\":\"ListItem\",\"position\":2,\"name\":\"Julian Alaphilippe a Tour de France-on szeretne gy\u0151zedelmeskedni\"}]},{\"@type\":\"WebSite\",\"@id\":\"https:\/\/www.welovecycling.com\/hu\/#website\",\"url\":\"https:\/\/www.welovecycling.com\/hu\/\",\"name\":\"\u0160koda We Love Cycling - Magyarorsz\u00e1g\",\"description\":\"\u0160koda WeLoveCycling\",\"potentialAction\":[{\"@type\":\"SearchAction\",\"target\":{\"@type\":\"EntryPoint\",\"urlTemplate\":\"https:\/\/www.welovecycling.com\/hu\/?s={search_term_string}\"},\"query-input\":{\"@type\":\"PropertyValueSpecification\",\"valueRequired\":true,\"valueName\":\"search_term_string\"}}],\"inLanguage\":\"hu\"},{\"@type\":\"Person\",\"@id\":\"https:\/\/www.welovecycling.com\/hu\/#\/schema\/person\/414a2aebf1801691a5320edb6468e194\",\"name\":\"hegyizs\",\"image\":{\"@type\":\"ImageObject\",\"inLanguage\":\"hu\",\"@id\":\"https:\/\/www.welovecycling.com\/hu\/#\/schema\/person\/image\/\",\"url\":\"https:\/\/secure.gravatar.com\/avatar\/02cf8a7906b8cf90cecb4679defac7cfd33a1c2e3b88e4903d947f3bb58eedd3?s=96&d=mm&r=g\",\"contentUrl\":\"https:\/\/secure.gravatar.com\/avatar\/02cf8a7906b8cf90cecb4679defac7cfd33a1c2e3b88e4903d947f3bb58eedd3?s=96&d=mm&r=g\",\"caption\":\"hegyizs\"},\"url\":\"https:\/\/www.welovecycling.com\/hu\/author\/hegyizs\/\"}]}<\/script>\n<!-- \/ Yoast SEO Premium plugin. -->","yoast_head_json":{"title":"Julian Alaphilippe a Tour de France-on szeretne gy\u0151zedelmeskedni - \u0160koda We Love Cycling - Magyarorsz\u00e1g","description":"A vil\u00e1gbajnok azt mondta, ha csak egy versenyt v\u00e1laszthatna, ahol gy\u0151zne, akkor az mindenk\u00e9pp a francia Grand Tour lenne. Ennek ellen\u00e9re gyorsan hozz\u00e1tette, hogy nem tervez jelentkezni a 2021-es Tourra.","robots":{"index":"index","follow":"follow","max-snippet":"max-snippet:-1","max-image-preview":"max-image-preview:large","max-video-preview":"max-video-preview:-1"},"canonical":"https:\/\/www.welovecycling.com\/hu\/orszaguti-kerekpar\/julian-alaphilippe-a-tour-de-france-on-szeretne-gyozedelmeskedni\/","og_locale":"hu_HU","og_type":"article","og_title":"Julian Alaphilippe a Tour de France-on szeretne gy\u0151zedelmeskedni","og_description":"A vil\u00e1gbajnok azt mondta, ha csak egy versenyt v\u00e1laszthatna, ahol gy\u0151zne, akkor az mindenk\u00e9pp a francia Grand Tour lenne. Ennek ellen\u00e9re gyorsan hozz\u00e1tette, hogy nem tervez jelentkezni a 2021-es Tourra.","og_url":"https:\/\/www.welovecycling.com\/hu\/orszaguti-kerekpar\/julian-alaphilippe-a-tour-de-france-on-szeretne-gyozedelmeskedni\/","og_site_name":"\u0160koda We Love Cycling - Magyarorsz\u00e1g","article_publisher":"https:\/\/www.facebook.com\/WeLoveCyclingHungary\/","article_published_time":"2020-12-04T07:00:20+00:00","og_image":[{"width":1366,"height":600,"url":"https:\/\/d2p6e6u75xmxt8.cloudfront.net\/12\/2020\/11\/Alaphilippe-profimedia-0555593532-CVR.jpg","type":"image\/jpeg"}],"author":"hegyizs","twitter_card":"summary_large_image","twitter_misc":{"Written by":"Monica Buck","Est. reading time":"4"},"schema":{"@context":"https:\/\/schema.org","@graph":[{"@type":"WebPage","@id":"https:\/\/www.welovecycling.com\/hu\/orszaguti-kerekpar\/julian-alaphilippe-a-tour-de-france-on-szeretne-gyozedelmeskedni\/","url":"https:\/\/www.welovecycling.com\/hu\/orszaguti-kerekpar\/julian-alaphilippe-a-tour-de-france-on-szeretne-gyozedelmeskedni\/","name":"Julian Alaphilippe a Tour de France-on szeretne gy\u0151zedelmeskedni - \u0160koda We Love Cycling - Magyarorsz\u00e1g","isPartOf":{"@id":"https:\/\/www.welovecycling.com\/hu\/#website"},"primaryImageOfPage":{"@id":"https:\/\/www.welovecycling.com\/hu\/orszaguti-kerekpar\/julian-alaphilippe-a-tour-de-france-on-szeretne-gyozedelmeskedni\/#primaryimage"},"image":{"@id":"https:\/\/www.welovecycling.com\/hu\/orszaguti-kerekpar\/julian-alaphilippe-a-tour-de-france-on-szeretne-gyozedelmeskedni\/#primaryimage"},"thumbnailUrl":"https:\/\/d2p6e6u75xmxt8.cloudfront.net\/12\/2020\/11\/Alaphilippe-profimedia-0555593532-CVR.jpg","datePublished":"2020-12-04T07:00:20+00:00","author":{"@id":"https:\/\/www.welovecycling.com\/hu\/#\/schema\/person\/414a2aebf1801691a5320edb6468e194"},"description":"A vil\u00e1gbajnok azt mondta, ha csak egy versenyt v\u00e1laszthatna, ahol gy\u0151zne, akkor az mindenk\u00e9pp a francia Grand Tour lenne. Ennek ellen\u00e9re gyorsan hozz\u00e1tette, hogy nem tervez jelentkezni a 2021-es Tourra.","breadcrumb":{"@id":"https:\/\/www.welovecycling.com\/hu\/orszaguti-kerekpar\/julian-alaphilippe-a-tour-de-france-on-szeretne-gyozedelmeskedni\/#breadcrumb"},"inLanguage":"hu","potentialAction":[{"@type":"ReadAction","target":["https:\/\/www.welovecycling.com\/hu\/orszaguti-kerekpar\/julian-alaphilippe-a-tour-de-france-on-szeretne-gyozedelmeskedni\/"]}]},{"@type":"ImageObject","inLanguage":"hu","@id":"https:\/\/www.welovecycling.com\/hu\/orszaguti-kerekpar\/julian-alaphilippe-a-tour-de-france-on-szeretne-gyozedelmeskedni\/#primaryimage","url":"https:\/\/d2p6e6u75xmxt8.cloudfront.net\/12\/2020\/11\/Alaphilippe-profimedia-0555593532-CVR.jpg","contentUrl":"https:\/\/d2p6e6u75xmxt8.cloudfront.net\/12\/2020\/11\/Alaphilippe-profimedia-0555593532-CVR.jpg","width":1366,"height":600,"caption":"Julian Alaphilippe"},{"@type":"BreadcrumbList","@id":"https:\/\/www.welovecycling.com\/hu\/orszaguti-kerekpar\/julian-alaphilippe-a-tour-de-france-on-szeretne-gyozedelmeskedni\/#breadcrumb","itemListElement":[{"@type":"ListItem","position":1,"name":"Home","item":"https:\/\/www.welovecycling.com\/hu\/"},{"@type":"ListItem","position":2,"name":"Julian Alaphilippe a Tour de France-on szeretne gy\u0151zedelmeskedni"}]},{"@type":"WebSite","@id":"https:\/\/www.welovecycling.com\/hu\/#website","url":"https:\/\/www.welovecycling.com\/hu\/","name":"\u0160koda We Love Cycling - Magyarorsz\u00e1g","description":"\u0160koda WeLoveCycling","potentialAction":[{"@type":"SearchAction","target":{"@type":"EntryPoint","urlTemplate":"https:\/\/www.welovecycling.com\/hu\/?s={search_term_string}"},"query-input":{"@type":"PropertyValueSpecification","valueRequired":true,"valueName":"search_term_string"}}],"inLanguage":"hu"},{"@type":"Person","@id":"https:\/\/www.welovecycling.com\/hu\/#\/schema\/person\/414a2aebf1801691a5320edb6468e194","name":"hegyizs","image":{"@type":"ImageObject","inLanguage":"hu","@id":"https:\/\/www.welovecycling.com\/hu\/#\/schema\/person\/image\/","url":"https:\/\/secure.gravatar.com\/avatar\/02cf8a7906b8cf90cecb4679defac7cfd33a1c2e3b88e4903d947f3bb58eedd3?s=96&d=mm&r=g","contentUrl":"https:\/\/secure.gravatar.com\/avatar\/02cf8a7906b8cf90cecb4679defac7cfd33a1c2e3b88e4903d947f3bb58eedd3?s=96&d=mm&r=g","caption":"hegyizs"},"url":"https:\/\/www.welovecycling.com\/hu\/author\/hegyizs\/"}]}},"_links":{"self":[{"href":"https:\/\/www.welovecycling.com\/hu\/wp-json\/wp\/v2\/posts\/9526","targetHints":{"allow":["GET"]}}],"collection":[{"href":"https:\/\/www.welovecycling.com\/hu\/wp-json\/wp\/v2\/posts"}],"about":[{"href":"https:\/\/www.welovecycling.com\/hu\/wp-json\/wp\/v2\/types\/post"}],"author":[{"embeddable":true,"href":"https:\/\/www.welovecycling.com\/hu\/wp-json\/wp\/v2\/users\/71"}],"replies":[{"embeddable":true,"href":"https:\/\/www.welovecycling.com\/hu\/wp-json\/wp\/v2\/comments?post=9526"}],"version-history":[{"count":2,"href":"https:\/\/www.welovecycling.com\/hu\/wp-json\/wp\/v2\/posts\/9526\/revisions"}],"predecessor-version":[{"id":9538,"href":"https:\/\/www.welovecycling.com\/hu\/wp-json\/wp\/v2\/posts\/9526\/revisions\/9538"}],"wp:featuredmedia":[{"embeddable":true,"href":"https:\/\/www.welovecycling.com\/hu\/wp-json\/wp\/v2\/media\/9530"}],"wp:attachment":[{"href":"https:\/\/www.welovecycling.com\/hu\/wp-json\/wp\/v2\/media?parent=9526"}],"wp:term":[{"taxonomy":"category","embeddable":true,"href":"https:\/\/www.welovecycling.com\/hu\/wp-json\/wp\/v2\/categories?post=9526"},{"taxonomy":"post_tag","embeddable":true,"href":"https:\/\/www.welovecycling.com\/hu\/wp-json\/wp\/v2\/tags?post=9526"},{"taxonomy":"global-categories","embeddable":true,"href":"https:\/\/www.welovecycling.com\/hu\/wp-json\/wp\/v2\/global-categories?post=9526"}],"curies":[{"name":"wp","href":"https:\/\/api.w.org\/{rel}","templated":true}]}}