{"id":9520,"date":"2020-12-03T08:00:02","date_gmt":"2020-12-03T07:00:02","guid":{"rendered":"https:\/\/www.welovecycling.com\/hu\/?p=9520"},"modified":"2020-11-27T16:34:07","modified_gmt":"2020-11-27T15:34:07","slug":"igy-vedd-a-mentalis-egeszseged-a-karantenban-is","status":"publish","type":"post","link":"https:\/\/www.welovecycling.com\/hu\/edzes-es-eletmod\/igy-vedd-a-mentalis-egeszseged-a-karantenban-is\/","title":{"rendered":"\u00cdgy v\u00e9dd a ment\u00e1lis eg\u00e9szs\u00e9ged a karant\u00e9nban is"},"content":{"rendered":"<p><strong>A lez\u00e1r\u00e1sok, az elszigetel\u00e9s \u00e9s a korl\u00e1toz\u00e1sok ma m\u00e1r t\u00fals\u00e1gosan ismer\u0151sen cseng\u0151 szavak, amelyeket \u00fagy t\u0171nik, az ut\u00f3bbi id\u0151ben egyre t\u00f6bbet haszn\u00e1lunk. Sok embern\u00e9l tapasztalhat\u00f3 m\u00e1r a karant\u00e9n miatti elcsig\u00e1zotts\u00e1g. \u00dagy \u00e9rezhetj\u00fck, elszakadtunk a vil\u00e1gt\u00f3l, nincs ir\u00e1ny\u00edt\u00e1sunk semmi felett \u00e9s k\u00e9ptelenek vagyunk ell\u00e1tni a szok\u00e1sos feladatainkat. Mindannyiunknak tenn\u00fcnk kell ment\u00e1lis eg\u00e9szs\u00e9g\u00fcnk \u00e9rdek\u00e9ben. Ebben a cikkben azt vizsg\u00e1ljuk meg, hogyan lehet \u00e9szrevenni a figyelmeztet\u0151 jeleket, \u00e9s mit kell tenni a ment\u00e1lis j\u00f3l\u00e9t\u00e9rt.<\/strong><\/p>\n<p><!--more--><\/p>\n<p>Rengeteg stressz \u00e9s agg\u00f3d\u00e1s el\u0151zte meg az eg\u00e9sz vil\u00e1got \u00e9rint\u0151 lez\u00e1r\u00e1sokat \u00e9s a t\u00e1rsadalmi elszigetelts\u00e9get. Ha ehhez hozz\u00e1tessz\u00fck az auton\u00f3mia \u00e9s a kapcsolattart\u00e1s elveszt\u00e9s\u00e9t, a fert\u0151z\u00e9st\u0151l val\u00f3 f\u00e9lelmet, a frusztr\u00e1ci\u00f3t, az anyagi vesztes\u00e9geket vagy az alv\u00e1si szok\u00e1sok megv\u00e1ltoz\u00e1s\u00e1t, a ment\u00e1lis eg\u00e9szs\u00e9g fokozott vesz\u00e9lynek lehet kit\u00e9ve.<\/p>\n<h2><strong>Der\u00edtsd ki, milyen \u00e1llapotban van a ment\u00e1lis eg\u00e9szs\u00e9ged!<\/strong><\/h2>\n<p>Rengeteg jele van annak, ha nincs rendben a ment\u00e1lis eg\u00e9szs\u00e9ged. Pr\u00f3b\u00e1ld megkeresni a jeleket \u00f6nmagadban \u00e9s a hozz\u00e1d k\u00f6zel \u00e1ll\u00f3k viselked\u00e9s\u00e9ben, hogy jobban fel tudd m\u00e9rni, hol is \u00e1llsz pontosan.<\/p>\n<ul>\n<li>F\u00e9lelem \u00e9s aggodalom a saj\u00e1t eg\u00e9szs\u00e9ged miatt<\/li>\n<li>Az alv\u00e1si vagy az \u00e9tkez\u00e9si szok\u00e1sok v\u00e1ltoz\u00e1sa<\/li>\n<li>Alv\u00e1si vagy koncentr\u00e1ci\u00f3s neh\u00e9zs\u00e9g<\/li>\n<li>Kr\u00f3nikus eg\u00e9szs\u00e9g\u00fcgyi probl\u00e9m\u00e1k s\u00falyosbod\u00e1sa<\/li>\n<li>Fokozott alkohol-, doh\u00e1ny- vagy egy\u00e9b drogfogyaszt\u00e1s<\/li>\n<\/ul>\n<p>Ha ezek k\u00f6z\u00fcl egy vagy t\u00f6bb dolog illik r\u00e1d vagy egy valakire a h\u00e1ztart\u00e1sodb\u00f3l, olvasd el \u00e9s fontold meg, hogy megfogadod-e a cikkben szerepl\u0151 tan\u00e1csokat.<\/p>\n<figure id=\"attachment_9521\" aria-describedby=\"caption-attachment-9521\" style=\"width: 1000px\" class=\"wp-caption alignnone\"><a href=\"https:\/\/d2p6e6u75xmxt8.cloudfront.net\/12\/2020\/11\/Insomnia-Bed-Sleeping-profimedia-0417998135.jpg\"><img loading=\"lazy\" decoding=\"async\" class=\"wp-image-9521 size-full\" src=\"https:\/\/d2p6e6u75xmxt8.cloudfront.net\/12\/2020\/11\/Insomnia-Bed-Sleeping-profimedia-0417998135.jpg\" alt=\"Insomnia\" width=\"1000\" height=\"667\" srcset=\"https:\/\/d2p6e6u75xmxt8.cloudfront.net\/12\/2020\/11\/Insomnia-Bed-Sleeping-profimedia-0417998135.jpg 1000w, https:\/\/d2p6e6u75xmxt8.cloudfront.net\/12\/2020\/11\/Insomnia-Bed-Sleeping-profimedia-0417998135-300x200.jpg 300w, https:\/\/d2p6e6u75xmxt8.cloudfront.net\/12\/2020\/11\/Insomnia-Bed-Sleeping-profimedia-0417998135-768x512.jpg 768w, https:\/\/d2p6e6u75xmxt8.cloudfront.net\/12\/2020\/11\/Insomnia-Bed-Sleeping-profimedia-0417998135-272x182.jpg 272w\" sizes=\"auto, (max-width: 1000px) 100vw, 1000px\" \/><\/a><figcaption id=\"caption-attachment-9521\" class=\"wp-caption-text\"><em>Az alv\u00e1sodban fell\u00e9p\u0151 v\u00e1ltoz\u00e1sok ment\u00e1lis probl\u00e9m\u00e1khoz vezethetnek. \u00a9 Profimedia<\/em><\/figcaption><\/figure>\n<h2><strong>Vigy\u00e1zz a testedre!<\/strong><\/h2>\n<p>Ha k\u00fcl\u00f6n\u00f6s figyelmet ford\u00edtasz a testedre, az jelent\u0151s pozit\u00edv hat\u00e1ssal lehet a ment\u00e1lis j\u00f3l\u00e9tedre. Vedd fontol\u00f3ra az al\u00e1bbi szempontokat \u00e9s olvasd el a t\u00f6bbi, ehhez a t\u00e9m\u00e1hoz kapcsol\u00f3d\u00f3 cikk\u00fcnket, ha \u00fagy gondolod, tudn\u00e1l jav\u00edtani bizonyos ter\u00fcleteken.<\/p>\n<ul>\n<li><a href=\"https:\/\/www.welovecycling.com\/hu\/edzes-es-eletmod\/oszi-immunerosites-3-etel-amit-ne-hagyj-ki-az-etrendedbol\/\">Fogyassz t\u00e1pl\u00e1l\u00f3 \u00e9teleket!<\/a><\/li>\n<li><a href=\"https:\/\/www.welovecycling.com\/hu\/edzes-es-eletmod\/iden-osszel-otthon-is-tekerhetsz\/\">Mozogj rendszeresen<\/a>!<\/li>\n<li>Folytasd a bicikliz\u00e9st \u00e9s az edz\u00e9st otthon, s\u00e9t\u00e1lj!<\/li>\n<li>Figyelj a rendszeres <a href=\"https:\/\/www.welovecycling.com\/hu\/edzes-es-eletmod\/immunerosites-oszre-4-tipp-a-jo-alvashoz\/\">alv\u00e1si menetrendre<\/a>.<\/li>\n<li>Ide\u00e1lis esetben legal\u00e1bb 8 \u00f3r\u00e1t sz\u00e1nj r\u00e1!<\/li>\n<li><a href=\"https:\/\/www.welovecycling.com\/hu\/edzes-es-eletmod\/maradj-hidratalt\/\">Igy\u00e1l sok vizet!<\/a><\/li>\n<li>Ny\u00fajts, zuhanyozz, medit\u00e1lj vagy <a href=\"https:\/\/www.welovecycling.com\/hu\/edzes-es-eletmod\/oszi-immunerosites-5-jo-szokas\/\">vegy\u00e9l egy m\u00e9ly l\u00e9legzetet<\/a>, ha fesz\u00fcltnek \u00e9rzed magad.<\/li>\n<\/ul>\n<h2><strong>Gondold \u00e1t a helyzetedet!<\/strong><\/h2>\n<p>Azt, hogy mik\u00e9nt tekint\u00fcnk a mostani k\u00e9nyelmetlens\u00e9gre, nagy m\u00e9rt\u00e9kben befoly\u00e1solja az, ahogy a jelenlegi k\u00f6r\u00fclm\u00e9nyeinket l\u00e1tjuk. P\u00e9ld\u00e1ul, ha \u00e9ppen egy nagy dombra tekersz fel, val\u00f3sz\u00edn\u0171leg pokolian f\u00e1j a l\u00e1bad, \u00e9g a t\u00fcd\u0151d \u00e9s ord\u00edt egy hang a fejedben, hogy \u00e1llj meg. De te m\u00e9gis \u00f6nk\u00e9nt folytatod. Ez az\u00e9rt van, mert ez a f\u00e1jdalom \u00e9s szenved\u00e9s sz\u00e1modra edz\u00e9s, valami, ami j\u00f3 a sz\u00e1modra.<\/p>\n<figure id=\"attachment_7603\" aria-describedby=\"caption-attachment-7603\" style=\"width: 1024px\" class=\"wp-caption alignnone\"><a href=\"https:\/\/d2p6e6u75xmxt8.cloudfront.net\/2\/2020\/04\/Cycling-Yoga-WLC-2.jpg\"><img loading=\"lazy\" decoding=\"async\" class=\"wp-image-7603 size-large\" src=\"https:\/\/d2p6e6u75xmxt8.cloudfront.net\/12\/2020\/05\/Cycling-Yoga-WLC-2-1024x683.jpg\" alt=\"Pigeon pose\" width=\"1024\" height=\"683\" srcset=\"https:\/\/d2p6e6u75xmxt8.cloudfront.net\/12\/2020\/05\/Cycling-Yoga-WLC-2-1024x683.jpg 1024w, https:\/\/d2p6e6u75xmxt8.cloudfront.net\/12\/2020\/05\/Cycling-Yoga-WLC-2-300x200.jpg 300w, https:\/\/d2p6e6u75xmxt8.cloudfront.net\/12\/2020\/05\/Cycling-Yoga-WLC-2-768x512.jpg 768w, https:\/\/d2p6e6u75xmxt8.cloudfront.net\/12\/2020\/05\/Cycling-Yoga-WLC-2-272x182.jpg 272w, https:\/\/d2p6e6u75xmxt8.cloudfront.net\/12\/2020\/05\/Cycling-Yoga-WLC-2.jpg 1500w\" sizes=\"auto, (max-width: 1024px) 100vw, 1024px\" \/><\/a><figcaption id=\"caption-attachment-7603\" class=\"wp-caption-text\"><em>Mozogj rendszeresen!<\/em><\/figcaption><\/figure>\n<p>Hasonl\u00f3 m\u00f3don gondolhatod \u00fajra a karant\u00e9nt is. Azzal, hogy otthon maradsz \u00e9s biztons\u00e1gosan elszigetel\u0151dsz, megv\u00e9ded a legkiszolg\u00e1ltatottabbakat, \u00edgy a lehet\u0151 legr\u00f6videbb ideig tart majd a j\u00e1rv\u00e1ny. Jobban fogod b\u00edrni a karant\u00e9n kellemetlenebb r\u00e9sz\u00e9t \u00e9s kev\u00e9sb\u00e9 terheled magad ment\u00e1lisan, ha \u00edgy gondolkozol.<\/p>\n<h2><strong>Tanulj meg jobban k\u00fczdeni!<\/strong><\/h2>\n<p>Mindannyiunknak megvannak a saj\u00e1t m\u00f3dszerei a ment\u00e1lis stressz kezel\u00e9s\u00e9re. Ahogy a karant\u00e9n egyre megterhel\u0151bb\u00e9 v\u00e1lik, \u00fagy kell er\u0151s\u00edteni a benn\u00fcnk l\u00e9v\u0151 k\u00fczd\u0151szellemet \u00e9s el\u0151h\u00edvni azt a mindennapokban. \u00cdme n\u00e9h\u00e1ny p\u00e9lda, amik seg\u00edtenek olyan m\u00f3don kikapcsol\u00f3dni, amely nem \u00f6npuszt\u00edt\u00f3, mint amilyen p\u00e9ld\u00e1ul t\u00falzott alkohol-, doh\u00e1ny- vagy egy\u00e9b drogfogyaszt\u00e1s.<\/p>\n<ul>\n<li>Hallgass meg egy \u00e9rdekes, pozit\u00edv podcastot!<\/li>\n<li>Olvass!<\/li>\n<li>J\u00e1tssz vide\u00f3j\u00e1t\u00e9kkal!<\/li>\n<li>Kezdj el egy olyan hobbit, amit mindig is szerett\u00e9l volna kipr\u00f3b\u00e1lni!<\/li>\n<li>Menj ki a kertbe, t\u00f6lts t\u00f6bb id\u0151t a term\u00e9szetben!<\/li>\n<li>Kezdj el alkotni, \u00edrni rajzolni, \u00e9p\u00edteni, hangszere j\u00e1tszani, \u00e9nekelni!<\/li>\n<\/ul>\n<figure id=\"attachment_9522\" aria-describedby=\"caption-attachment-9522\" style=\"width: 1000px\" class=\"wp-caption alignnone\"><a href=\"https:\/\/d2p6e6u75xmxt8.cloudfront.net\/12\/2020\/11\/Nature-woman-profimedia-0427129151.jpg\"><img loading=\"lazy\" decoding=\"async\" class=\"wp-image-9522 size-full\" src=\"https:\/\/d2p6e6u75xmxt8.cloudfront.net\/12\/2020\/11\/Nature-woman-profimedia-0427129151.jpg\" alt=\"Woman in Nature\" width=\"1000\" height=\"667\" srcset=\"https:\/\/d2p6e6u75xmxt8.cloudfront.net\/12\/2020\/11\/Nature-woman-profimedia-0427129151.jpg 1000w, https:\/\/d2p6e6u75xmxt8.cloudfront.net\/12\/2020\/11\/Nature-woman-profimedia-0427129151-300x200.jpg 300w, https:\/\/d2p6e6u75xmxt8.cloudfront.net\/12\/2020\/11\/Nature-woman-profimedia-0427129151-768x512.jpg 768w, https:\/\/d2p6e6u75xmxt8.cloudfront.net\/12\/2020\/11\/Nature-woman-profimedia-0427129151-272x182.jpg 272w\" sizes=\"auto, (max-width: 1000px) 100vw, 1000px\" \/><\/a><figcaption id=\"caption-attachment-9522\" class=\"wp-caption-text\"><em>A term\u00e9szetben val\u00f3 id\u0151t\u00f6lt\u00e9s seg\u00edt megk\u00fczdeni a stresszel \u00e9s a szorong\u00e1ssal. \u00a9 Profimedia<\/em><\/figcaption><\/figure>\n<h2><strong>K\u00e9sz\u00edts tervet minden napra!<\/strong><\/h2>\n<p>Ha unatkozol, k\u00e9sz\u00edts egy egyszer\u0171 tervet aznapra. Ezt ak\u00e1r akkor is megteheted, ha \u00fagy t\u0171nik, hogy val\u00f3j\u00e1ban nincs is fontos dolgod az adott napon. A napirendedbe be\u00edrhatsz n\u00e9h\u00e1ny olyan dolgot, amiket k\u00f6nny\u0171 megcsin\u00e1lni \u00e9s t\u00e1mogatj\u00e1k a j\u00f3l\u00e9tedet. A lista tartalmazhat olyan elemeket is, mint p\u00e9ld\u00e1ul: bevetni az \u00e1gyamat, f\u0151zni egy t\u00e1pl\u00e1l\u00f3 \u00e9telt, edzeni 20 percet, vacsor\u00e1zni a p\u00e1rommal, megmosni a fogamat, olvasni. A teend\u0151k kipip\u00e1l\u00e1sa ad egy ment\u00e1lis lend\u00fcletet \u00e9s teljesebbnek \u00e9rzed majd magad, emellett tiszt\u00e1ban vagy az \u00f6sszes j\u00f3 dologgal, amit aznap megtett\u00e9l saj\u00e1t magad\u00e9rt.<\/p>\n<h2><strong>Vedd fel a kapcsolatot m\u00e1sokkal!<\/strong><\/h2>\n<p>A karant\u00e9n ideje alatt minden eddigin\u00e9l fontosabb tartanod a kapcsolatot a csal\u00e1doddal \u00e9s a bar\u00e1taiddal. Pr\u00f3b\u00e1ld meg be\u00e9p\u00edteni ezt is a napi rutinodba, m\u00e9g akkor is, ha nincs k\u00fcl\u00f6n\u00f6sebb mondanival\u00f3d, vagy ha nincs kedved hozz\u00e1. \u00c9rdemes videoh\u00edv\u00e1sokat be\u00fctemezned olyanokkal, akiket szem\u00e9lyesen nem l\u00e1thatsz. Hasonl\u00f3k\u00e9ppen j\u00f3, ha rendszeresen \u00e9tkezel egy\u00fctt a veled egy h\u00e1ztart\u00e1sban \u00e9l\u0151kkel. Haszn\u00e1lhatod a k\u00f6z\u00f6ss\u00e9gi m\u00e9di\u00e1t \u00e9s m\u00e1s virtu\u00e1lis kommunik\u00e1ci\u00f3s m\u00f3dokat is, hogy kapcsolatban maradhass olyan t\u00e1rsas\u00e1gokkal, amiknek a r\u00e9sze vagy.<\/p>\n<figure id=\"attachment_9523\" aria-describedby=\"caption-attachment-9523\" style=\"width: 1000px\" class=\"wp-caption alignnone\"><a href=\"https:\/\/d2p6e6u75xmxt8.cloudfront.net\/12\/2020\/11\/Cooking-profimedia-0394688696.jpg\"><img loading=\"lazy\" decoding=\"async\" class=\"wp-image-9523 size-full\" src=\"https:\/\/d2p6e6u75xmxt8.cloudfront.net\/12\/2020\/11\/Cooking-profimedia-0394688696.jpg\" alt=\"Couple cooking together\" width=\"1000\" height=\"667\" srcset=\"https:\/\/d2p6e6u75xmxt8.cloudfront.net\/12\/2020\/11\/Cooking-profimedia-0394688696.jpg 1000w, https:\/\/d2p6e6u75xmxt8.cloudfront.net\/12\/2020\/11\/Cooking-profimedia-0394688696-300x200.jpg 300w, https:\/\/d2p6e6u75xmxt8.cloudfront.net\/12\/2020\/11\/Cooking-profimedia-0394688696-768x512.jpg 768w, https:\/\/d2p6e6u75xmxt8.cloudfront.net\/12\/2020\/11\/Cooking-profimedia-0394688696-272x182.jpg 272w\" sizes=\"auto, (max-width: 1000px) 100vw, 1000px\" \/><\/a><figcaption id=\"caption-attachment-9523\" class=\"wp-caption-text\"><em>Sz\u00e1njatok id\u0151t a k\u00f6z\u00f6s f\u0151z\u00e9sekre \u00e9s \u00e9tkez\u00e9sekre! \u00a0\u00a9 Profimedia<\/em><\/figcaption><\/figure>\n<h2><strong>Seg\u00edts valakinek!<\/strong><\/h2>\n<p>Az egyik leghat\u00e9konyabb, m\u00e9gis kihaszn\u00e1latlan m\u00f3dszer a jobb k\u00f6z\u00e9rzet\u00e9rt az, ha m\u00e1soknak seg\u00edthetsz. V\u00e1llalhatsz \u00f6nk\u00e9ntes munk\u00e1t egy helyi k\u00f6z\u00f6ss\u00e9gnek, p\u00e9ld\u00e1ul megpr\u00f3b\u00e1lhatsz \u00e9lelmiszereket vinni id\u0151s embereknek, vagy oktathatsz gyerekeket videoh\u00edv\u00e1sokon kereszt\u00fcl. Ha ezek a lehet\u0151s\u00e9gek nem \u00e1llnak rendelkez\u00e9sedre, b\u00e1rmikor adom\u00e1nyozhatsz egy j\u00f3 c\u00e9l \u00e9rdek\u00e9ben, vagy egyszer\u0171en csak viselkedj kedvesen m\u00e1s emberekkel, amikor online vagy offline kapcsolatban \u00e1llsz vel\u00fck.<\/p>\n<h2><strong>Legy\u00e9l t\u00e1j\u00e9kozott, de ne terheld t\u00fal magad!<\/strong><\/h2>\n<p>Az egyik legrosszabb dolog, amit j\u00e1rv\u00e1ny idej\u00e9n a karant\u00e9n alatt tehetsz, ha folyamatosan a k\u00e9perny\u0151h\u00f6z vagy tapadva \u00e9s n\u00e9zed a h\u00edreket. A sz\u00e1mok folyamatos emelked\u00e9se \u00e9s a rossz h\u00edrek biztosan szorong\u00e1st fognak okozni. A legjobb megold\u00e1s egy vagy k\u00e9t hivatalos megb\u00edzhat\u00f3 inform\u00e1ci\u00f3forr\u00e1s kiv\u00e1laszt\u00e1sa \u00e9s napi egyszeri ellen\u0151rz\u00e9se. \u00cdgy folyamatosan t\u00e1j\u00e9koztat\u00e1st kapsz arr\u00f3l, hogy mit kell tenned a biztons\u00e1god \u00e9s mindenki m\u00e1s biztons\u00e1ga \u00e9rdek\u00e9ben. Ha m\u00e1s technik\u00e1kat szeretn\u00e9l elsaj\u00e1t\u00edtani, amik seg\u00edtenek cs\u00f6kkenteni a stressz m\u00e9rt\u00e9k\u00e9t az \u00e9letedben, <a href=\"https:\/\/www.welovecycling.com\/hu\/edzes-es-eletmod\/oszi-immunerosites-5-jo-szokas\/\">olvasd el az el\u0151z\u0151 cikk\u00fcnket<\/a>!<\/p>\n<h2><strong>K\u00e9rj szakmai seg\u00edts\u00e9get!<\/strong><strong>\u00a0<\/strong><\/h2>\n<p>A fenti tan\u00e1csok mindegyike seg\u00edt meg\u0151rizni a ment\u00e1lis eg\u00e9szs\u00e9gedet, de m\u00e9g soha nem l\u00e1tott id\u0151ket \u00e9l\u00fcnk meg. Akkor is kics\u00faszhat az ir\u00e1ny\u00edt\u00e1s a kez\u00fcnkb\u0151l, ha mindent j\u00f3l csin\u00e1lunk. Ha te, vagy egy ismer\u0151s\u00f6d, t\u00falterheltnek \u00e9rzi mag\u00e1t, az a helyes, ha szakember seg\u00edts\u00e9g\u00e9t k\u00e9red!<\/p>\n","protected":false},"excerpt":{"rendered":"<p>A lez\u00e1r\u00e1sok, az elszigetel\u00e9s \u00e9s a korl\u00e1toz\u00e1sok ma m\u00e1r t\u00fals\u00e1gosan ismer\u0151sen cseng\u0151 szavak, amelyeket \u00fagy t\u0171nik, az ut\u00f3bbi id\u0151ben egyre [&hellip;]<\/p>\n","protected":false},"author":71,"featured_media":9525,"comment_status":"closed","ping_status":"closed","sticky":false,"template":"","format":"standard","meta":{"footnotes":""},"categories":[6],"tags":[],"global-categories":[],"class_list":["post-9520","post","type-post","status-publish","format-standard","has-post-thumbnail","hentry","category-edzes-es-eletmod"],"yoast_head":"<!-- This site is optimized with the Yoast SEO Premium plugin v25.3 (Yoast SEO v25.9) - https:\/\/yoast.com\/wordpress\/plugins\/seo\/ -->\n<title>\u00cdgy v\u00e9dd a ment\u00e1lis eg\u00e9szs\u00e9ged a karant\u00e9nban is<\/title>\n<meta name=\"description\" content=\"A lez\u00e1r\u00e1sok, az elszigetel\u00e9s \u00e9s a korl\u00e1toz\u00e1sok ma m\u00e1r t\u00fals\u00e1gosan ismer\u0151sen cseng\u0151 szavak, amelyeket \u00fagy t\u0171nik, az ut\u00f3bbi id\u0151ben egyre t\u00f6bbet haszn\u00e1lunk.\" \/>\n<meta name=\"robots\" content=\"index, follow, max-snippet:-1, max-image-preview:large, max-video-preview:-1\" \/>\n<link rel=\"canonical\" href=\"https:\/\/www.welovecycling.com\/hu\/edzes-es-eletmod\/igy-vedd-a-mentalis-egeszseged-a-karantenban-is\/\" \/>\n<meta property=\"og:locale\" content=\"hu_HU\" \/>\n<meta property=\"og:type\" content=\"article\" \/>\n<meta property=\"og:title\" content=\"\u00cdgy v\u00e9dd a ment\u00e1lis eg\u00e9szs\u00e9ged a karant\u00e9nban is\" \/>\n<meta property=\"og:description\" content=\"A lez\u00e1r\u00e1sok, az elszigetel\u00e9s \u00e9s a korl\u00e1toz\u00e1sok ma m\u00e1r t\u00fals\u00e1gosan ismer\u0151sen cseng\u0151 szavak, amelyeket \u00fagy t\u0171nik, az ut\u00f3bbi id\u0151ben egyre t\u00f6bbet haszn\u00e1lunk.\" \/>\n<meta property=\"og:url\" content=\"https:\/\/www.welovecycling.com\/hu\/edzes-es-eletmod\/igy-vedd-a-mentalis-egeszseged-a-karantenban-is\/\" \/>\n<meta property=\"og:site_name\" content=\"\u0160koda We Love Cycling - Magyarorsz\u00e1g\" \/>\n<meta property=\"article:publisher\" content=\"https:\/\/www.facebook.com\/WeLoveCyclingHungary\/\" \/>\n<meta property=\"article:published_time\" content=\"2020-12-03T07:00:02+00:00\" \/>\n<meta property=\"og:image\" content=\"https:\/\/d2p6e6u75xmxt8.cloudfront.net\/12\/2020\/11\/Nature-profimedia-0249922394-CVR.jpg\" \/>\n\t<meta property=\"og:image:width\" content=\"1366\" \/>\n\t<meta property=\"og:image:height\" content=\"600\" \/>\n\t<meta property=\"og:image:type\" content=\"image\/jpeg\" \/>\n<meta name=\"author\" content=\"hegyizs\" \/>\n<meta name=\"twitter:card\" content=\"summary_large_image\" \/>\n<meta name=\"twitter:label1\" content=\"Written by\" \/>\n\t<meta name=\"twitter:data1\" content=\"Ji\u0159\u00ed Kalo\u010d\" \/>\n\t<meta name=\"twitter:label2\" content=\"Est. reading time\" \/>\n\t<meta name=\"twitter:data2\" content=\"7\" \/>\n<script type=\"application\/ld+json\" class=\"yoast-schema-graph\">{\"@context\":\"https:\/\/schema.org\",\"@graph\":[{\"@type\":\"WebPage\",\"@id\":\"https:\/\/www.welovecycling.com\/hu\/edzes-es-eletmod\/igy-vedd-a-mentalis-egeszseged-a-karantenban-is\/\",\"url\":\"https:\/\/www.welovecycling.com\/hu\/edzes-es-eletmod\/igy-vedd-a-mentalis-egeszseged-a-karantenban-is\/\",\"name\":\"\u00cdgy v\u00e9dd a ment\u00e1lis eg\u00e9szs\u00e9ged a karant\u00e9nban is\",\"isPartOf\":{\"@id\":\"https:\/\/www.welovecycling.com\/hu\/#website\"},\"primaryImageOfPage\":{\"@id\":\"https:\/\/www.welovecycling.com\/hu\/edzes-es-eletmod\/igy-vedd-a-mentalis-egeszseged-a-karantenban-is\/#primaryimage\"},\"image\":{\"@id\":\"https:\/\/www.welovecycling.com\/hu\/edzes-es-eletmod\/igy-vedd-a-mentalis-egeszseged-a-karantenban-is\/#primaryimage\"},\"thumbnailUrl\":\"https:\/\/d2p6e6u75xmxt8.cloudfront.net\/12\/2020\/11\/Nature-profimedia-0249922394-CVR.jpg\",\"datePublished\":\"2020-12-03T07:00:02+00:00\",\"author\":{\"@id\":\"https:\/\/www.welovecycling.com\/hu\/#\/schema\/person\/414a2aebf1801691a5320edb6468e194\"},\"description\":\"A lez\u00e1r\u00e1sok, az elszigetel\u00e9s \u00e9s a korl\u00e1toz\u00e1sok ma m\u00e1r t\u00fals\u00e1gosan ismer\u0151sen cseng\u0151 szavak, amelyeket \u00fagy t\u0171nik, az ut\u00f3bbi id\u0151ben egyre t\u00f6bbet haszn\u00e1lunk.\",\"breadcrumb\":{\"@id\":\"https:\/\/www.welovecycling.com\/hu\/edzes-es-eletmod\/igy-vedd-a-mentalis-egeszseged-a-karantenban-is\/#breadcrumb\"},\"inLanguage\":\"hu\",\"potentialAction\":[{\"@type\":\"ReadAction\",\"target\":[\"https:\/\/www.welovecycling.com\/hu\/edzes-es-eletmod\/igy-vedd-a-mentalis-egeszseged-a-karantenban-is\/\"]}]},{\"@type\":\"ImageObject\",\"inLanguage\":\"hu\",\"@id\":\"https:\/\/www.welovecycling.com\/hu\/edzes-es-eletmod\/igy-vedd-a-mentalis-egeszseged-a-karantenban-is\/#primaryimage\",\"url\":\"https:\/\/d2p6e6u75xmxt8.cloudfront.net\/12\/2020\/11\/Nature-profimedia-0249922394-CVR.jpg\",\"contentUrl\":\"https:\/\/d2p6e6u75xmxt8.cloudfront.net\/12\/2020\/11\/Nature-profimedia-0249922394-CVR.jpg\",\"width\":1366,\"height\":600,\"caption\":\"Cyclist in Nature\"},{\"@type\":\"BreadcrumbList\",\"@id\":\"https:\/\/www.welovecycling.com\/hu\/edzes-es-eletmod\/igy-vedd-a-mentalis-egeszseged-a-karantenban-is\/#breadcrumb\",\"itemListElement\":[{\"@type\":\"ListItem\",\"position\":1,\"name\":\"Home\",\"item\":\"https:\/\/www.welovecycling.com\/hu\/\"},{\"@type\":\"ListItem\",\"position\":2,\"name\":\"\u00cdgy v\u00e9dd a ment\u00e1lis eg\u00e9szs\u00e9ged a karant\u00e9nban is\"}]},{\"@type\":\"WebSite\",\"@id\":\"https:\/\/www.welovecycling.com\/hu\/#website\",\"url\":\"https:\/\/www.welovecycling.com\/hu\/\",\"name\":\"\u0160koda We Love Cycling - Magyarorsz\u00e1g\",\"description\":\"\u0160koda WeLoveCycling\",\"potentialAction\":[{\"@type\":\"SearchAction\",\"target\":{\"@type\":\"EntryPoint\",\"urlTemplate\":\"https:\/\/www.welovecycling.com\/hu\/?s={search_term_string}\"},\"query-input\":{\"@type\":\"PropertyValueSpecification\",\"valueRequired\":true,\"valueName\":\"search_term_string\"}}],\"inLanguage\":\"hu\"},{\"@type\":\"Person\",\"@id\":\"https:\/\/www.welovecycling.com\/hu\/#\/schema\/person\/414a2aebf1801691a5320edb6468e194\",\"name\":\"hegyizs\",\"image\":{\"@type\":\"ImageObject\",\"inLanguage\":\"hu\",\"@id\":\"https:\/\/www.welovecycling.com\/hu\/#\/schema\/person\/image\/\",\"url\":\"https:\/\/secure.gravatar.com\/avatar\/02cf8a7906b8cf90cecb4679defac7cfd33a1c2e3b88e4903d947f3bb58eedd3?s=96&d=mm&r=g\",\"contentUrl\":\"https:\/\/secure.gravatar.com\/avatar\/02cf8a7906b8cf90cecb4679defac7cfd33a1c2e3b88e4903d947f3bb58eedd3?s=96&d=mm&r=g\",\"caption\":\"hegyizs\"},\"url\":\"https:\/\/www.welovecycling.com\/hu\/author\/hegyizs\/\"}]}<\/script>\n<!-- \/ Yoast SEO Premium plugin. -->","yoast_head_json":{"title":"\u00cdgy v\u00e9dd a ment\u00e1lis eg\u00e9szs\u00e9ged a karant\u00e9nban is","description":"A lez\u00e1r\u00e1sok, az elszigetel\u00e9s \u00e9s a korl\u00e1toz\u00e1sok ma m\u00e1r t\u00fals\u00e1gosan ismer\u0151sen cseng\u0151 szavak, amelyeket \u00fagy t\u0171nik, az ut\u00f3bbi id\u0151ben egyre t\u00f6bbet haszn\u00e1lunk.","robots":{"index":"index","follow":"follow","max-snippet":"max-snippet:-1","max-image-preview":"max-image-preview:large","max-video-preview":"max-video-preview:-1"},"canonical":"https:\/\/www.welovecycling.com\/hu\/edzes-es-eletmod\/igy-vedd-a-mentalis-egeszseged-a-karantenban-is\/","og_locale":"hu_HU","og_type":"article","og_title":"\u00cdgy v\u00e9dd a ment\u00e1lis eg\u00e9szs\u00e9ged a karant\u00e9nban is","og_description":"A lez\u00e1r\u00e1sok, az elszigetel\u00e9s \u00e9s a korl\u00e1toz\u00e1sok ma m\u00e1r t\u00fals\u00e1gosan ismer\u0151sen cseng\u0151 szavak, amelyeket \u00fagy t\u0171nik, az ut\u00f3bbi id\u0151ben egyre t\u00f6bbet haszn\u00e1lunk.","og_url":"https:\/\/www.welovecycling.com\/hu\/edzes-es-eletmod\/igy-vedd-a-mentalis-egeszseged-a-karantenban-is\/","og_site_name":"\u0160koda We Love Cycling - Magyarorsz\u00e1g","article_publisher":"https:\/\/www.facebook.com\/WeLoveCyclingHungary\/","article_published_time":"2020-12-03T07:00:02+00:00","og_image":[{"width":1366,"height":600,"url":"https:\/\/d2p6e6u75xmxt8.cloudfront.net\/12\/2020\/11\/Nature-profimedia-0249922394-CVR.jpg","type":"image\/jpeg"}],"author":"hegyizs","twitter_card":"summary_large_image","twitter_misc":{"Written by":"Ji\u0159\u00ed Kalo\u010d","Est. reading time":"7"},"schema":{"@context":"https:\/\/schema.org","@graph":[{"@type":"WebPage","@id":"https:\/\/www.welovecycling.com\/hu\/edzes-es-eletmod\/igy-vedd-a-mentalis-egeszseged-a-karantenban-is\/","url":"https:\/\/www.welovecycling.com\/hu\/edzes-es-eletmod\/igy-vedd-a-mentalis-egeszseged-a-karantenban-is\/","name":"\u00cdgy v\u00e9dd a ment\u00e1lis eg\u00e9szs\u00e9ged a karant\u00e9nban is","isPartOf":{"@id":"https:\/\/www.welovecycling.com\/hu\/#website"},"primaryImageOfPage":{"@id":"https:\/\/www.welovecycling.com\/hu\/edzes-es-eletmod\/igy-vedd-a-mentalis-egeszseged-a-karantenban-is\/#primaryimage"},"image":{"@id":"https:\/\/www.welovecycling.com\/hu\/edzes-es-eletmod\/igy-vedd-a-mentalis-egeszseged-a-karantenban-is\/#primaryimage"},"thumbnailUrl":"https:\/\/d2p6e6u75xmxt8.cloudfront.net\/12\/2020\/11\/Nature-profimedia-0249922394-CVR.jpg","datePublished":"2020-12-03T07:00:02+00:00","author":{"@id":"https:\/\/www.welovecycling.com\/hu\/#\/schema\/person\/414a2aebf1801691a5320edb6468e194"},"description":"A lez\u00e1r\u00e1sok, az elszigetel\u00e9s \u00e9s a korl\u00e1toz\u00e1sok ma m\u00e1r t\u00fals\u00e1gosan ismer\u0151sen cseng\u0151 szavak, amelyeket \u00fagy t\u0171nik, az ut\u00f3bbi id\u0151ben egyre t\u00f6bbet haszn\u00e1lunk.","breadcrumb":{"@id":"https:\/\/www.welovecycling.com\/hu\/edzes-es-eletmod\/igy-vedd-a-mentalis-egeszseged-a-karantenban-is\/#breadcrumb"},"inLanguage":"hu","potentialAction":[{"@type":"ReadAction","target":["https:\/\/www.welovecycling.com\/hu\/edzes-es-eletmod\/igy-vedd-a-mentalis-egeszseged-a-karantenban-is\/"]}]},{"@type":"ImageObject","inLanguage":"hu","@id":"https:\/\/www.welovecycling.com\/hu\/edzes-es-eletmod\/igy-vedd-a-mentalis-egeszseged-a-karantenban-is\/#primaryimage","url":"https:\/\/d2p6e6u75xmxt8.cloudfront.net\/12\/2020\/11\/Nature-profimedia-0249922394-CVR.jpg","contentUrl":"https:\/\/d2p6e6u75xmxt8.cloudfront.net\/12\/2020\/11\/Nature-profimedia-0249922394-CVR.jpg","width":1366,"height":600,"caption":"Cyclist in Nature"},{"@type":"BreadcrumbList","@id":"https:\/\/www.welovecycling.com\/hu\/edzes-es-eletmod\/igy-vedd-a-mentalis-egeszseged-a-karantenban-is\/#breadcrumb","itemListElement":[{"@type":"ListItem","position":1,"name":"Home","item":"https:\/\/www.welovecycling.com\/hu\/"},{"@type":"ListItem","position":2,"name":"\u00cdgy v\u00e9dd a ment\u00e1lis eg\u00e9szs\u00e9ged a karant\u00e9nban is"}]},{"@type":"WebSite","@id":"https:\/\/www.welovecycling.com\/hu\/#website","url":"https:\/\/www.welovecycling.com\/hu\/","name":"\u0160koda We Love Cycling - Magyarorsz\u00e1g","description":"\u0160koda WeLoveCycling","potentialAction":[{"@type":"SearchAction","target":{"@type":"EntryPoint","urlTemplate":"https:\/\/www.welovecycling.com\/hu\/?s={search_term_string}"},"query-input":{"@type":"PropertyValueSpecification","valueRequired":true,"valueName":"search_term_string"}}],"inLanguage":"hu"},{"@type":"Person","@id":"https:\/\/www.welovecycling.com\/hu\/#\/schema\/person\/414a2aebf1801691a5320edb6468e194","name":"hegyizs","image":{"@type":"ImageObject","inLanguage":"hu","@id":"https:\/\/www.welovecycling.com\/hu\/#\/schema\/person\/image\/","url":"https:\/\/secure.gravatar.com\/avatar\/02cf8a7906b8cf90cecb4679defac7cfd33a1c2e3b88e4903d947f3bb58eedd3?s=96&d=mm&r=g","contentUrl":"https:\/\/secure.gravatar.com\/avatar\/02cf8a7906b8cf90cecb4679defac7cfd33a1c2e3b88e4903d947f3bb58eedd3?s=96&d=mm&r=g","caption":"hegyizs"},"url":"https:\/\/www.welovecycling.com\/hu\/author\/hegyizs\/"}]}},"_links":{"self":[{"href":"https:\/\/www.welovecycling.com\/hu\/wp-json\/wp\/v2\/posts\/9520","targetHints":{"allow":["GET"]}}],"collection":[{"href":"https:\/\/www.welovecycling.com\/hu\/wp-json\/wp\/v2\/posts"}],"about":[{"href":"https:\/\/www.welovecycling.com\/hu\/wp-json\/wp\/v2\/types\/post"}],"author":[{"embeddable":true,"href":"https:\/\/www.welovecycling.com\/hu\/wp-json\/wp\/v2\/users\/71"}],"replies":[{"embeddable":true,"href":"https:\/\/www.welovecycling.com\/hu\/wp-json\/wp\/v2\/comments?post=9520"}],"version-history":[{"count":2,"href":"https:\/\/www.welovecycling.com\/hu\/wp-json\/wp\/v2\/posts\/9520\/revisions"}],"predecessor-version":[{"id":9548,"href":"https:\/\/www.welovecycling.com\/hu\/wp-json\/wp\/v2\/posts\/9520\/revisions\/9548"}],"wp:featuredmedia":[{"embeddable":true,"href":"https:\/\/www.welovecycling.com\/hu\/wp-json\/wp\/v2\/media\/9525"}],"wp:attachment":[{"href":"https:\/\/www.welovecycling.com\/hu\/wp-json\/wp\/v2\/media?parent=9520"}],"wp:term":[{"taxonomy":"category","embeddable":true,"href":"https:\/\/www.welovecycling.com\/hu\/wp-json\/wp\/v2\/categories?post=9520"},{"taxonomy":"post_tag","embeddable":true,"href":"https:\/\/www.welovecycling.com\/hu\/wp-json\/wp\/v2\/tags?post=9520"},{"taxonomy":"global-categories","embeddable":true,"href":"https:\/\/www.welovecycling.com\/hu\/wp-json\/wp\/v2\/global-categories?post=9520"}],"curies":[{"name":"wp","href":"https:\/\/api.w.org\/{rel}","templated":true}]}}