{"id":9515,"date":"2020-12-02T08:00:46","date_gmt":"2020-12-02T07:00:46","guid":{"rendered":"https:\/\/www.welovecycling.com\/hu\/?p=9515"},"modified":"2020-11-27T16:33:08","modified_gmt":"2020-11-27T15:33:08","slug":"meglepo-dolgok-amivel-egy-biciklis-megkonnyiti-az-eleted","status":"publish","type":"post","link":"https:\/\/www.welovecycling.com\/hu\/kozosseg-es-kultura\/meglepo-dolgok-amivel-egy-biciklis-megkonnyiti-az-eleted\/","title":{"rendered":"Meglep\u0151 dolgok, amivel egy biciklis megk\u00f6nny\u00edti az \u00e9leted"},"content":{"rendered":"<p><strong>\u201eCsak a bicikliz\u00e9snek \u00e9lnek! Mennyi id\u0151t t\u00f6ltenek m\u00e1r az \u00faton! N\u00e9zd meg, mennyi p\u00e9nzt pazarolnak \u00faj ker\u00e9kp\u00e1rokra!\u201d Sajnos sokszor hallunk ilyen \u00e9s ehhez hasonl\u00f3 val\u00f3tlans\u00e1gokat. N\u00e9h\u00e1ny ember sz\u00e1m\u00e1ra egy biciklissel randizni egyet jelent egy igazi r\u00e9m\u00e1lommal, mivel f\u00e9lnek k\u00f6zel ker\u00fclni egy \u00f6nz\u0151 sz\u00f6rnyeteghez, de ez term\u00e9szetesen nem val\u00f3s f\u00e9lelem. Az igazi ker\u00e9kp\u00e1rosok bar\u00e1ts\u00e1gos emberek, akik a szenved\u00e9ly\u00fcknek h\u00e1la meglep\u0151 k\u00e9pess\u00e9gekkel rendelkeznek. <\/strong><\/p>\n<p><!--more--><\/p>\n<p>Nem ker\u00fclik el a h\u00e1zimunk\u00e1t, mosnak, kiteregetnek \u00e9s \u00f6ssze is hajtogatj\u00e1k a ruh\u00e1ikat, hiszen mindezt am\u00fagy is megteszik minden bicikliz\u00e9s ut\u00e1n a ker\u00e9kp\u00e1ros felszerel\u00e9s\u00fckkel.<\/p>\n<p>A vel\u00fck val\u00f3 utaz\u00e1s egy \u00e1lom, hiszen a biciklisek a gyors csomagol\u00e1s mesterei. A munk\u00e1ba indul\u00e1s el\u0151tti t\u00f6bb \u00e9ves napi t\u00e1skacsomagol\u00e1s megtan\u00edtotta \u0151ket arra, hogy minden t\u00e1rgyat gondosan csomagoljanak be \u00e9s egyetlen dolgot se felejtsenek ki.<\/p>\n<p>Az \u00e9vek sor\u00e1n k\u00e9pzett szakemberek \u00e9s autodidakta katon\u00e1k lettek bel\u0151l\u00fck, akik k\u00e9pesek szinte mindent megoldani. Egyr\u00e9szt meg tudj\u00e1k jav\u00edtani a k\u00fcl\u00f6nf\u00e9le technikai probl\u00e9m\u00e1kat, m\u00e1srlszt val\u00f3sz\u00edn\u0171leg a gar\u00e1zs zs\u00fafol\u00e1sig tele van eszk\u00f6z\u00f6kkel, fogaskerekkel \u00e9s felszerel\u00e9sekkel, amik m\u00e9g ak\u00e1r a h\u00e1ztart\u00e1sban is hasznosak lehetnek.<\/p>\n<figure id=\"attachment_9516\" aria-describedby=\"caption-attachment-9516\" style=\"width: 1024px\" class=\"wp-caption alignnone\"><a href=\"https:\/\/d2p6e6u75xmxt8.cloudfront.net\/2\/2015\/12\/profimedia-0183847322.jpg\"><img loading=\"lazy\" decoding=\"async\" class=\"wp-image-9516 size-large\" src=\"https:\/\/d2p6e6u75xmxt8.cloudfront.net\/12\/2020\/11\/profimedia-0183847322-1024x657.jpg\" alt=\"Garage\" width=\"1024\" height=\"657\" srcset=\"https:\/\/d2p6e6u75xmxt8.cloudfront.net\/12\/2020\/11\/profimedia-0183847322-1024x657.jpg 1024w, https:\/\/d2p6e6u75xmxt8.cloudfront.net\/12\/2020\/11\/profimedia-0183847322-300x192.jpg 300w, https:\/\/d2p6e6u75xmxt8.cloudfront.net\/12\/2020\/11\/profimedia-0183847322-768x493.jpg 768w, https:\/\/d2p6e6u75xmxt8.cloudfront.net\/12\/2020\/11\/profimedia-0183847322.jpg 1250w\" sizes=\"auto, (max-width: 1024px) 100vw, 1024px\" \/><\/a><figcaption id=\"caption-attachment-9516\" class=\"wp-caption-text\"><em>Egy ker\u00e9kp\u00e1ros gar\u00e1zsa a csod\u00e1k helye. \u00a9 Profimedia<\/em><\/figcaption><\/figure>\n<p>Megtanult\u00e1k, hogy nem \u00e9rdemes panaszkodni a rossz id\u0151j\u00e1r\u00e1s miatt, mert minden biciklisnek el kell fogadni a v\u00e1ltoz\u00e9kony id\u0151t, f\u00fcggetlen\u00fcl att\u00f3l, hogy zuhog, j\u00e9ges\u0151 esik vagy t\u0171z a nap. A ker\u00e9kp\u00e1roz\u00e1s megkem\u00e9ny\u00edti \u0151ket \u00e9s ellen\u00e1llnak a hidegnek.<\/p>\n<p>Ha valaki a k\u00f6zel\u00fckben nagyon \u00e9hes lesz, val\u00f3sz\u00edn\u0171leg mindig el\u0151 tudnak var\u00e1zsolni egy csokit vagy m\u00e1s nasit a semmib\u0151l, hogy felk\u00edn\u00e1lj\u00e1k azt.<\/p>\n<p>Szak\u00e9rt\u0151i a t\u00e9rk\u00e9polvas\u00e1snak \u00e9s a navig\u00e1ci\u00f3nak, ez teszi \u0151ket olyan emberekk\u00e9, akikkel sz\u00edvesen utaznunk egy\u00fctt.A mez\u0151ny folyamatos v\u00e1ltoz\u00e1sa miatt minden biciklis tiszt\u00e1ban van azzal, hogy a tisztess\u00e9ges egy\u00fcttm\u0171k\u00f6d\u00e9s jobb eredm\u00e9nyeket sz\u00fcl, mint az egy\u00e9ni er\u0151fesz\u00edt\u00e9sek.<\/p>\n<figure id=\"attachment_9517\" aria-describedby=\"caption-attachment-9517\" style=\"width: 1024px\" class=\"wp-caption alignnone\"><a href=\"https:\/\/d2p6e6u75xmxt8.cloudfront.net\/2\/2020\/11\/Woman-Cyclist-map-profimedia-0300707587.jpg\"><img loading=\"lazy\" decoding=\"async\" class=\"size-large wp-image-9517\" src=\"https:\/\/d2p6e6u75xmxt8.cloudfront.net\/12\/2020\/11\/Woman-Cyclist-map-profimedia-0300707587-1024x682.jpg\" alt=\"\" width=\"1024\" height=\"682\" srcset=\"https:\/\/d2p6e6u75xmxt8.cloudfront.net\/12\/2020\/11\/Woman-Cyclist-map-profimedia-0300707587-1024x682.jpg 1024w, https:\/\/d2p6e6u75xmxt8.cloudfront.net\/12\/2020\/11\/Woman-Cyclist-map-profimedia-0300707587-300x200.jpg 300w, https:\/\/d2p6e6u75xmxt8.cloudfront.net\/12\/2020\/11\/Woman-Cyclist-map-profimedia-0300707587-768x512.jpg 768w, https:\/\/d2p6e6u75xmxt8.cloudfront.net\/12\/2020\/11\/Woman-Cyclist-map-profimedia-0300707587-272x182.jpg 272w, https:\/\/d2p6e6u75xmxt8.cloudfront.net\/12\/2020\/11\/Woman-Cyclist-map-profimedia-0300707587.jpg 1250w\" sizes=\"auto, (max-width: 1024px) 100vw, 1024px\" \/><\/a><figcaption id=\"caption-attachment-9517\" class=\"wp-caption-text\"><em>A ker\u00e9kp\u00e1rosok k\u00e9pzett t\u00e9rk\u00e9polvas\u00f3k. \u00a9 Profimedia<\/em><\/figcaption><\/figure>\n<p>Ritk\u00e1n lust\u00e1k, mivel a ker\u00e9kp\u00e1roz\u00e1s elsz\u00e1nts\u00e1got, kitart\u00e1st, ellen\u00e1ll\u00e1st \u00e9s figyelmet ig\u00e9nyel.Pontosan tudj\u00e1k, hol vannak a k\u00f6rny\u00e9ken kit\u00e9r\u0151k, titkos \u00fatvonalak \u00e9s \u00fatlez\u00e1r\u00e1sok.Egy biciklin t\u00f6lt\u00f6tt nap ut\u00e1n anyagcser\u00e9j\u00fck \u00fagy \u00e9geti az alkoholt, mint egy sug\u00e1rhajt\u00e1s\u00fa vad\u00e1szg\u00e9p, \u00edgy \u0151k a kocsm\u00e1k urai \u00e9s h\u00f6lgyei.<br \/>\nAzok a ker\u00e9kp\u00e1rosok, akik saj\u00e1t h\u00e1zi p\u00e1ly\u00e1kat \u00e9p\u00edtenek, rendelkeznek lap\u00e1ttal, \u00e1s\u00f3val, l\u00e1ncf\u0171r\u00e9sszel \u00e9s m\u00e1s neh\u00e9z szersz\u00e1mokkal, amiket az otthoni \u00e9s a kerti projektekben is fel lehet haszn\u00e1lni.<br \/>\n\u00c1ltal\u00e1ban j\u00f3 sof\u0151r\u00f6k is, az utakon t\u00f6lt\u00f6tt id\u0151 pedig seg\u00edt meg\u00e9rteni a forgalom t\u00f6bbi vezet\u0151j\u00e9nek a viselked\u00e9s\u00e9t is.<\/p>\n","protected":false},"excerpt":{"rendered":"<p>\u201eCsak a bicikliz\u00e9snek \u00e9lnek! Mennyi id\u0151t t\u00f6ltenek m\u00e1r az \u00faton! N\u00e9zd meg, mennyi p\u00e9nzt pazarolnak \u00faj ker\u00e9kp\u00e1rokra!\u201d Sajnos sokszor hallunk [&hellip;]<\/p>\n","protected":false},"author":71,"featured_media":9519,"comment_status":"closed","ping_status":"closed","sticky":false,"template":"","format":"standard","meta":{"footnotes":""},"categories":[12],"tags":[],"global-categories":[],"class_list":["post-9515","post","type-post","status-publish","format-standard","has-post-thumbnail","hentry","category-kozosseg-es-kultura"],"yoast_head":"<!-- This site is optimized with the Yoast SEO Premium plugin v25.3 (Yoast SEO v25.9) - https:\/\/yoast.com\/wordpress\/plugins\/seo\/ -->\n<title>Meglep\u0151 dolgok, amivel egy biciklis megk\u00f6nny\u00edti az \u00e9leted - \u0160koda We Love Cycling - Magyarorsz\u00e1g<\/title>\n<meta name=\"description\" content=\"\u201eCsak a bicikliz\u00e9snek \u00e9lnek! Mennyi id\u0151t t\u00f6ltenek m\u00e1r az \u00faton! N\u00e9zd meg, mennyi p\u00e9nzt pazarolnak \u00faj ker\u00e9kp\u00e1rokra!\u201d\" \/>\n<meta name=\"robots\" content=\"index, follow, max-snippet:-1, max-image-preview:large, max-video-preview:-1\" \/>\n<link rel=\"canonical\" href=\"https:\/\/www.welovecycling.com\/hu\/kozosseg-es-kultura\/meglepo-dolgok-amivel-egy-biciklis-megkonnyiti-az-eleted\/\" \/>\n<meta property=\"og:locale\" content=\"hu_HU\" \/>\n<meta property=\"og:type\" content=\"article\" \/>\n<meta property=\"og:title\" content=\"Meglep\u0151 dolgok, amivel egy biciklis megk\u00f6nny\u00edti az \u00e9leted\" \/>\n<meta property=\"og:description\" content=\"\u201eCsak a bicikliz\u00e9snek \u00e9lnek! Mennyi id\u0151t t\u00f6ltenek m\u00e1r az \u00faton! N\u00e9zd meg, mennyi p\u00e9nzt pazarolnak \u00faj ker\u00e9kp\u00e1rokra!\u201d\" \/>\n<meta property=\"og:url\" content=\"https:\/\/www.welovecycling.com\/hu\/kozosseg-es-kultura\/meglepo-dolgok-amivel-egy-biciklis-megkonnyiti-az-eleted\/\" \/>\n<meta property=\"og:site_name\" content=\"\u0160koda We Love Cycling - Magyarorsz\u00e1g\" \/>\n<meta property=\"article:publisher\" content=\"https:\/\/www.facebook.com\/WeLoveCyclingHungary\/\" \/>\n<meta property=\"article:published_time\" content=\"2020-12-02T07:00:46+00:00\" \/>\n<meta property=\"og:image\" content=\"https:\/\/d2p6e6u75xmxt8.cloudfront.net\/12\/2020\/11\/Cyclists-road-profimedia-0387148404-CVR.jpg\" \/>\n\t<meta property=\"og:image:width\" content=\"1366\" \/>\n\t<meta property=\"og:image:height\" content=\"600\" \/>\n\t<meta property=\"og:image:type\" content=\"image\/jpeg\" \/>\n<meta name=\"author\" content=\"hegyizs\" \/>\n<meta name=\"twitter:card\" content=\"summary_large_image\" \/>\n<meta name=\"twitter:label1\" content=\"Written by\" \/>\n\t<meta name=\"twitter:data1\" content=\"Adam Marsal\" \/>\n\t<meta name=\"twitter:label2\" content=\"Est. reading time\" \/>\n\t<meta name=\"twitter:data2\" content=\"5\" \/>\n<script type=\"application\/ld+json\" class=\"yoast-schema-graph\">{\"@context\":\"https:\/\/schema.org\",\"@graph\":[{\"@type\":\"WebPage\",\"@id\":\"https:\/\/www.welovecycling.com\/hu\/kozosseg-es-kultura\/meglepo-dolgok-amivel-egy-biciklis-megkonnyiti-az-eleted\/\",\"url\":\"https:\/\/www.welovecycling.com\/hu\/kozosseg-es-kultura\/meglepo-dolgok-amivel-egy-biciklis-megkonnyiti-az-eleted\/\",\"name\":\"Meglep\u0151 dolgok, amivel egy biciklis megk\u00f6nny\u00edti az \u00e9leted - \u0160koda We Love Cycling - Magyarorsz\u00e1g\",\"isPartOf\":{\"@id\":\"https:\/\/www.welovecycling.com\/hu\/#website\"},\"primaryImageOfPage\":{\"@id\":\"https:\/\/www.welovecycling.com\/hu\/kozosseg-es-kultura\/meglepo-dolgok-amivel-egy-biciklis-megkonnyiti-az-eleted\/#primaryimage\"},\"image\":{\"@id\":\"https:\/\/www.welovecycling.com\/hu\/kozosseg-es-kultura\/meglepo-dolgok-amivel-egy-biciklis-megkonnyiti-az-eleted\/#primaryimage\"},\"thumbnailUrl\":\"https:\/\/d2p6e6u75xmxt8.cloudfront.net\/12\/2020\/11\/Cyclists-road-profimedia-0387148404-CVR.jpg\",\"datePublished\":\"2020-12-02T07:00:46+00:00\",\"author\":{\"@id\":\"https:\/\/www.welovecycling.com\/hu\/#\/schema\/person\/414a2aebf1801691a5320edb6468e194\"},\"description\":\"\u201eCsak a bicikliz\u00e9snek \u00e9lnek! Mennyi id\u0151t t\u00f6ltenek m\u00e1r az \u00faton! N\u00e9zd meg, mennyi p\u00e9nzt pazarolnak \u00faj ker\u00e9kp\u00e1rokra!\u201d\",\"breadcrumb\":{\"@id\":\"https:\/\/www.welovecycling.com\/hu\/kozosseg-es-kultura\/meglepo-dolgok-amivel-egy-biciklis-megkonnyiti-az-eleted\/#breadcrumb\"},\"inLanguage\":\"hu\",\"potentialAction\":[{\"@type\":\"ReadAction\",\"target\":[\"https:\/\/www.welovecycling.com\/hu\/kozosseg-es-kultura\/meglepo-dolgok-amivel-egy-biciklis-megkonnyiti-az-eleted\/\"]}]},{\"@type\":\"ImageObject\",\"inLanguage\":\"hu\",\"@id\":\"https:\/\/www.welovecycling.com\/hu\/kozosseg-es-kultura\/meglepo-dolgok-amivel-egy-biciklis-megkonnyiti-az-eleted\/#primaryimage\",\"url\":\"https:\/\/d2p6e6u75xmxt8.cloudfront.net\/12\/2020\/11\/Cyclists-road-profimedia-0387148404-CVR.jpg\",\"contentUrl\":\"https:\/\/d2p6e6u75xmxt8.cloudfront.net\/12\/2020\/11\/Cyclists-road-profimedia-0387148404-CVR.jpg\",\"width\":1366,\"height\":600,\"caption\":\"Road cyclists\"},{\"@type\":\"BreadcrumbList\",\"@id\":\"https:\/\/www.welovecycling.com\/hu\/kozosseg-es-kultura\/meglepo-dolgok-amivel-egy-biciklis-megkonnyiti-az-eleted\/#breadcrumb\",\"itemListElement\":[{\"@type\":\"ListItem\",\"position\":1,\"name\":\"Home\",\"item\":\"https:\/\/www.welovecycling.com\/hu\/\"},{\"@type\":\"ListItem\",\"position\":2,\"name\":\"Meglep\u0151 dolgok, amivel egy biciklis megk\u00f6nny\u00edti az \u00e9leted\"}]},{\"@type\":\"WebSite\",\"@id\":\"https:\/\/www.welovecycling.com\/hu\/#website\",\"url\":\"https:\/\/www.welovecycling.com\/hu\/\",\"name\":\"\u0160koda We Love Cycling - Magyarorsz\u00e1g\",\"description\":\"\u0160koda WeLoveCycling\",\"potentialAction\":[{\"@type\":\"SearchAction\",\"target\":{\"@type\":\"EntryPoint\",\"urlTemplate\":\"https:\/\/www.welovecycling.com\/hu\/?s={search_term_string}\"},\"query-input\":{\"@type\":\"PropertyValueSpecification\",\"valueRequired\":true,\"valueName\":\"search_term_string\"}}],\"inLanguage\":\"hu\"},{\"@type\":\"Person\",\"@id\":\"https:\/\/www.welovecycling.com\/hu\/#\/schema\/person\/414a2aebf1801691a5320edb6468e194\",\"name\":\"hegyizs\",\"image\":{\"@type\":\"ImageObject\",\"inLanguage\":\"hu\",\"@id\":\"https:\/\/www.welovecycling.com\/hu\/#\/schema\/person\/image\/\",\"url\":\"https:\/\/secure.gravatar.com\/avatar\/02cf8a7906b8cf90cecb4679defac7cfd33a1c2e3b88e4903d947f3bb58eedd3?s=96&d=mm&r=g\",\"contentUrl\":\"https:\/\/secure.gravatar.com\/avatar\/02cf8a7906b8cf90cecb4679defac7cfd33a1c2e3b88e4903d947f3bb58eedd3?s=96&d=mm&r=g\",\"caption\":\"hegyizs\"},\"url\":\"https:\/\/www.welovecycling.com\/hu\/author\/hegyizs\/\"}]}<\/script>\n<!-- \/ Yoast SEO Premium plugin. -->","yoast_head_json":{"title":"Meglep\u0151 dolgok, amivel egy biciklis megk\u00f6nny\u00edti az \u00e9leted - \u0160koda We Love Cycling - Magyarorsz\u00e1g","description":"\u201eCsak a bicikliz\u00e9snek \u00e9lnek! Mennyi id\u0151t t\u00f6ltenek m\u00e1r az \u00faton! N\u00e9zd meg, mennyi p\u00e9nzt pazarolnak \u00faj ker\u00e9kp\u00e1rokra!\u201d","robots":{"index":"index","follow":"follow","max-snippet":"max-snippet:-1","max-image-preview":"max-image-preview:large","max-video-preview":"max-video-preview:-1"},"canonical":"https:\/\/www.welovecycling.com\/hu\/kozosseg-es-kultura\/meglepo-dolgok-amivel-egy-biciklis-megkonnyiti-az-eleted\/","og_locale":"hu_HU","og_type":"article","og_title":"Meglep\u0151 dolgok, amivel egy biciklis megk\u00f6nny\u00edti az \u00e9leted","og_description":"\u201eCsak a bicikliz\u00e9snek \u00e9lnek! Mennyi id\u0151t t\u00f6ltenek m\u00e1r az \u00faton! N\u00e9zd meg, mennyi p\u00e9nzt pazarolnak \u00faj ker\u00e9kp\u00e1rokra!\u201d","og_url":"https:\/\/www.welovecycling.com\/hu\/kozosseg-es-kultura\/meglepo-dolgok-amivel-egy-biciklis-megkonnyiti-az-eleted\/","og_site_name":"\u0160koda We Love Cycling - Magyarorsz\u00e1g","article_publisher":"https:\/\/www.facebook.com\/WeLoveCyclingHungary\/","article_published_time":"2020-12-02T07:00:46+00:00","og_image":[{"width":1366,"height":600,"url":"https:\/\/d2p6e6u75xmxt8.cloudfront.net\/12\/2020\/11\/Cyclists-road-profimedia-0387148404-CVR.jpg","type":"image\/jpeg"}],"author":"hegyizs","twitter_card":"summary_large_image","twitter_misc":{"Written by":"Adam Marsal","Est. reading time":"5"},"schema":{"@context":"https:\/\/schema.org","@graph":[{"@type":"WebPage","@id":"https:\/\/www.welovecycling.com\/hu\/kozosseg-es-kultura\/meglepo-dolgok-amivel-egy-biciklis-megkonnyiti-az-eleted\/","url":"https:\/\/www.welovecycling.com\/hu\/kozosseg-es-kultura\/meglepo-dolgok-amivel-egy-biciklis-megkonnyiti-az-eleted\/","name":"Meglep\u0151 dolgok, amivel egy biciklis megk\u00f6nny\u00edti az \u00e9leted - \u0160koda We Love Cycling - Magyarorsz\u00e1g","isPartOf":{"@id":"https:\/\/www.welovecycling.com\/hu\/#website"},"primaryImageOfPage":{"@id":"https:\/\/www.welovecycling.com\/hu\/kozosseg-es-kultura\/meglepo-dolgok-amivel-egy-biciklis-megkonnyiti-az-eleted\/#primaryimage"},"image":{"@id":"https:\/\/www.welovecycling.com\/hu\/kozosseg-es-kultura\/meglepo-dolgok-amivel-egy-biciklis-megkonnyiti-az-eleted\/#primaryimage"},"thumbnailUrl":"https:\/\/d2p6e6u75xmxt8.cloudfront.net\/12\/2020\/11\/Cyclists-road-profimedia-0387148404-CVR.jpg","datePublished":"2020-12-02T07:00:46+00:00","author":{"@id":"https:\/\/www.welovecycling.com\/hu\/#\/schema\/person\/414a2aebf1801691a5320edb6468e194"},"description":"\u201eCsak a bicikliz\u00e9snek \u00e9lnek! Mennyi id\u0151t t\u00f6ltenek m\u00e1r az \u00faton! N\u00e9zd meg, mennyi p\u00e9nzt pazarolnak \u00faj ker\u00e9kp\u00e1rokra!\u201d","breadcrumb":{"@id":"https:\/\/www.welovecycling.com\/hu\/kozosseg-es-kultura\/meglepo-dolgok-amivel-egy-biciklis-megkonnyiti-az-eleted\/#breadcrumb"},"inLanguage":"hu","potentialAction":[{"@type":"ReadAction","target":["https:\/\/www.welovecycling.com\/hu\/kozosseg-es-kultura\/meglepo-dolgok-amivel-egy-biciklis-megkonnyiti-az-eleted\/"]}]},{"@type":"ImageObject","inLanguage":"hu","@id":"https:\/\/www.welovecycling.com\/hu\/kozosseg-es-kultura\/meglepo-dolgok-amivel-egy-biciklis-megkonnyiti-az-eleted\/#primaryimage","url":"https:\/\/d2p6e6u75xmxt8.cloudfront.net\/12\/2020\/11\/Cyclists-road-profimedia-0387148404-CVR.jpg","contentUrl":"https:\/\/d2p6e6u75xmxt8.cloudfront.net\/12\/2020\/11\/Cyclists-road-profimedia-0387148404-CVR.jpg","width":1366,"height":600,"caption":"Road cyclists"},{"@type":"BreadcrumbList","@id":"https:\/\/www.welovecycling.com\/hu\/kozosseg-es-kultura\/meglepo-dolgok-amivel-egy-biciklis-megkonnyiti-az-eleted\/#breadcrumb","itemListElement":[{"@type":"ListItem","position":1,"name":"Home","item":"https:\/\/www.welovecycling.com\/hu\/"},{"@type":"ListItem","position":2,"name":"Meglep\u0151 dolgok, amivel egy biciklis megk\u00f6nny\u00edti az \u00e9leted"}]},{"@type":"WebSite","@id":"https:\/\/www.welovecycling.com\/hu\/#website","url":"https:\/\/www.welovecycling.com\/hu\/","name":"\u0160koda We Love Cycling - Magyarorsz\u00e1g","description":"\u0160koda WeLoveCycling","potentialAction":[{"@type":"SearchAction","target":{"@type":"EntryPoint","urlTemplate":"https:\/\/www.welovecycling.com\/hu\/?s={search_term_string}"},"query-input":{"@type":"PropertyValueSpecification","valueRequired":true,"valueName":"search_term_string"}}],"inLanguage":"hu"},{"@type":"Person","@id":"https:\/\/www.welovecycling.com\/hu\/#\/schema\/person\/414a2aebf1801691a5320edb6468e194","name":"hegyizs","image":{"@type":"ImageObject","inLanguage":"hu","@id":"https:\/\/www.welovecycling.com\/hu\/#\/schema\/person\/image\/","url":"https:\/\/secure.gravatar.com\/avatar\/02cf8a7906b8cf90cecb4679defac7cfd33a1c2e3b88e4903d947f3bb58eedd3?s=96&d=mm&r=g","contentUrl":"https:\/\/secure.gravatar.com\/avatar\/02cf8a7906b8cf90cecb4679defac7cfd33a1c2e3b88e4903d947f3bb58eedd3?s=96&d=mm&r=g","caption":"hegyizs"},"url":"https:\/\/www.welovecycling.com\/hu\/author\/hegyizs\/"}]}},"_links":{"self":[{"href":"https:\/\/www.welovecycling.com\/hu\/wp-json\/wp\/v2\/posts\/9515","targetHints":{"allow":["GET"]}}],"collection":[{"href":"https:\/\/www.welovecycling.com\/hu\/wp-json\/wp\/v2\/posts"}],"about":[{"href":"https:\/\/www.welovecycling.com\/hu\/wp-json\/wp\/v2\/types\/post"}],"author":[{"embeddable":true,"href":"https:\/\/www.welovecycling.com\/hu\/wp-json\/wp\/v2\/users\/71"}],"replies":[{"embeddable":true,"href":"https:\/\/www.welovecycling.com\/hu\/wp-json\/wp\/v2\/comments?post=9515"}],"version-history":[{"count":2,"href":"https:\/\/www.welovecycling.com\/hu\/wp-json\/wp\/v2\/posts\/9515\/revisions"}],"predecessor-version":[{"id":9540,"href":"https:\/\/www.welovecycling.com\/hu\/wp-json\/wp\/v2\/posts\/9515\/revisions\/9540"}],"wp:featuredmedia":[{"embeddable":true,"href":"https:\/\/www.welovecycling.com\/hu\/wp-json\/wp\/v2\/media\/9519"}],"wp:attachment":[{"href":"https:\/\/www.welovecycling.com\/hu\/wp-json\/wp\/v2\/media?parent=9515"}],"wp:term":[{"taxonomy":"category","embeddable":true,"href":"https:\/\/www.welovecycling.com\/hu\/wp-json\/wp\/v2\/categories?post=9515"},{"taxonomy":"post_tag","embeddable":true,"href":"https:\/\/www.welovecycling.com\/hu\/wp-json\/wp\/v2\/tags?post=9515"},{"taxonomy":"global-categories","embeddable":true,"href":"https:\/\/www.welovecycling.com\/hu\/wp-json\/wp\/v2\/global-categories?post=9515"}],"curies":[{"name":"wp","href":"https:\/\/api.w.org\/{rel}","templated":true}]}}