{"id":9507,"date":"2020-11-30T08:00:59","date_gmt":"2020-11-30T07:00:59","guid":{"rendered":"https:\/\/www.welovecycling.com\/hu\/?p=9507"},"modified":"2020-11-27T16:31:45","modified_gmt":"2020-11-27T15:31:45","slug":"az-orszagut-6-lazado-kerekparosa","status":"publish","type":"post","link":"https:\/\/www.welovecycling.com\/hu\/orszaguti-kerekpar\/az-orszagut-6-lazado-kerekparosa\/","title":{"rendered":"Az orsz\u00e1g\u00fat 6 l\u00e1zad\u00f3 ker\u00e9kp\u00e1rosa"},"content":{"rendered":"<p><strong>L\u00e1zad\u00f3k, f\u00fcggetlenek, rendbont\u00f3k. Ak\u00e1rhogy is h\u00edvod \u0151ket, \u00e1ltal\u00e1ban azok, akik \u00fagy d\u00f6ntenek, hogy a saj\u00e1t fej\u00fck ut\u00e1n mennek, nagy hat\u00e1ssal vannak a k\u00f6r\u00fcl\u00f6tt\u00fck l\u00e9v\u0151 vil\u00e1gra. Kil\u00e9pni a sorb\u00f3l, ellent mondani a norm\u00e1knak vagy csak egyszer\u0171en egyedi st\u00edlusban \u00f6lt\u00f6zk\u00f6dni: t\u00e1rsadalmunkat a nonkonformist\u00e1k inspir\u00e1lj\u00e1k, akik tetteikkel h\u00edvj\u00e1k fel magukra a figyelmet. Term\u00e9szetesen a ker\u00e9kp\u00e1roz\u00e1s ter\u00fclet\u00e9n sincs ez m\u00e1sk\u00e9pp. Ez egy olyan sport, amiben a b\u00e1tor, \u0151r\u00fclt \u00e9s egyedi karakterek sz\u00e1ma meghaladja az \u00e1tlagot, \u00edgy rengeteg t\u00f6rt\u00e9net k\u00f6z\u00fcl lehet v\u00e1lasztani. Vess\u00fcnk egy pillant\u00e1st n\u00e9h\u00e1ny figyelemre m\u00e9lt\u00f3 szem\u00e9lyis\u00e9gre, akik a megtagadt\u00e1k a konvenci\u00f3kat, ezzel hoztak \u00fajat a bicikliz\u00e9sbe.<\/strong><\/p>\n<p><!--more--><\/p>\n<h2><strong>Gino Bartali<\/strong><\/h2>\n<figure id=\"attachment_9510\" aria-describedby=\"caption-attachment-9510\" style=\"width: 1024px\" class=\"wp-caption alignnone\"><a href=\"https:\/\/d2p6e6u75xmxt8.cloudfront.net\/2\/2020\/11\/Gino-Bartali-profimedia-0331471160.jpg\"><img loading=\"lazy\" decoding=\"async\" class=\"size-large wp-image-9510\" src=\"https:\/\/d2p6e6u75xmxt8.cloudfront.net\/12\/2020\/11\/Gino-Bartali-profimedia-0331471160-1024x665.jpg\" alt=\"Gino Bartali\" width=\"1024\" height=\"665\" srcset=\"https:\/\/d2p6e6u75xmxt8.cloudfront.net\/12\/2020\/11\/Gino-Bartali-profimedia-0331471160-1024x665.jpg 1024w, https:\/\/d2p6e6u75xmxt8.cloudfront.net\/12\/2020\/11\/Gino-Bartali-profimedia-0331471160-300x195.jpg 300w, https:\/\/d2p6e6u75xmxt8.cloudfront.net\/12\/2020\/11\/Gino-Bartali-profimedia-0331471160-768x499.jpg 768w, https:\/\/d2p6e6u75xmxt8.cloudfront.net\/12\/2020\/11\/Gino-Bartali-profimedia-0331471160.jpg 1250w\" sizes=\"auto, (max-width: 1024px) 100vw, 1024px\" \/><\/a><figcaption id=\"caption-attachment-9510\" class=\"wp-caption-text\"><em>Bartali (balra) \u00e9s Olimpio Bizzi (jobbra) versenyeznek 1938-ban. \u00a9 Profimedia<\/em><\/figcaption><\/figure>\n<p>Egy olasz orsz\u00e1g\u00fati legenda, aki 1938-ban \u00e9s 1948-ban (10 \u00e9v k\u00fcl\u00f6nbs\u00e9ggel!) is megnyerte a Tour de France-t. Amikor kider\u00fcltek a m\u00e1sodik vil\u00e1gh\u00e1bor\u00fas h\u0151stettei, Gino Bartali \u00f6r\u00f6ks\u00e9ge m\u00e9g ink\u00e1bb megszil\u00e1rdult. Amellett, hogy kiv\u00e1l\u00f3 orsz\u00e1g\u00fati ker\u00e9kp\u00e1ros volt, Bartali nem csak versenyez\u00e9sre haszn\u00e1lta biciklij\u00e9t. A m\u00e1sodik vil\u00e1gh\u00e1bor\u00fa alatt ker\u00e9kp\u00e1ros tehets\u00e9g\u00e9re t\u00e1maszkodott, hogy leplezni tudja az \u00fcld\u00f6z\u00f6tt zsid\u00f3k megment\u00e9s\u00e9re ir\u00e1nyul\u00f3 titkos er\u0151fesz\u00edt\u00e9seket. Megb\u00edzhat\u00f3 bring\u00e1j\u00e1val \u00fczeneteket \u00e9s dokumentumokat vitt az olasz ellen\u00e1ll\u00e1snak, s\u0151t, Bartali egy zsid\u00f3 csal\u00e1dot is elrejtett a pinc\u00e9j\u00e9ben, \u00e9s v\u00e9g\u00fcl siker\u00fclt is megmentenie az \u00e9let\u00fcket. T\u00f6bb szempontb\u00f3l is igazi legend\u00e1nak sz\u00e1m\u00edt, hiszen olyan embernek bizonyult, aki nem f\u00e9l saj\u00e1t kez\u00e9be venni az \u00fcgyeket.<\/p>\n<h2><strong>Alfonsina Strada<\/strong><\/h2>\n<figure id=\"attachment_4372\" aria-describedby=\"caption-attachment-4372\" style=\"width: 880px\" class=\"wp-caption alignnone\"><a href=\"https:\/\/d2p6e6u75xmxt8.cloudfront.net\/12\/2019\/07\/Alfonsina-Strada_.jpg\"><img loading=\"lazy\" decoding=\"async\" class=\"wp-image-4372 size-full\" src=\"https:\/\/d2p6e6u75xmxt8.cloudfront.net\/12\/2019\/07\/Alfonsina-Strada_.jpg\" alt=\"Alfonsina Strada\" width=\"880\" height=\"586\" srcset=\"https:\/\/d2p6e6u75xmxt8.cloudfront.net\/12\/2019\/07\/Alfonsina-Strada_.jpg 880w, https:\/\/d2p6e6u75xmxt8.cloudfront.net\/12\/2019\/07\/Alfonsina-Strada_-300x200.jpg 300w, https:\/\/d2p6e6u75xmxt8.cloudfront.net\/12\/2019\/07\/Alfonsina-Strada_-768x511.jpg 768w, https:\/\/d2p6e6u75xmxt8.cloudfront.net\/12\/2019\/07\/Alfonsina-Strada_-272x182.jpg 272w\" sizes=\"auto, (max-width: 880px) 100vw, 880px\" \/><\/a><figcaption id=\"caption-attachment-4372\" class=\"wp-caption-text\"><em>A hihetetlen Alfonsina.<\/em><\/figcaption><\/figure>\n<p><a href=\"https:\/\/www.welovecycling.com\/hu\/miert-tekerunk\/a-legjobb-bringas-idezetek-noi-kiadas\/\">Kor\u00e1bban m\u00e1r \u00edrtunk Alfonsina Strad\u00e1r\u00f3l<\/a>, m\u00e9ghozz\u00e1 az\u00e9rt, mert amikor a n\u0151kr\u0151l \u00e9s a biciklis szab\u00e1lyok megszeg\u00e9s\u00e9r\u0151l van sz\u00f3, kevesen foglaltak el olyan pimasz \u00e1ll\u00e1spontot, mint ez a b\u00e1tor, olasz l\u00e1ny. A mai napig \u0151 az egyetlen n\u0151, aki hivatalosan r\u00e9szt vett egy f\u00e9rfi Grand Touron, \u00e9s ezt olyan id\u0151szakban tette meg, amikor az egyes szakaszok t\u00f6bb, mint 400 km hossz\u00faak is lehettek. Az akkori id\u0151k legjobb f\u00e9rfi tehets\u00e9geivel versenyzett, legh\u00edresebb eredm\u00e9ny\u00e9t az 1924-es Giro d\u2019Italia versenyen \u00e9rte el. A nyolcadik szakaszon durva balesetet szenvedett, de m\u00e9g a t\u00f6r\u00f6tt korm\u00e1ny sem volt k\u00e9pes meg\u00e1ll\u00edtani \u0151t. Tal\u00e1l\u00e9konys\u00e1g\u00e1ra t\u00e1maszkodva fogott egy sepr\u0171t, \u00e9s olyan megold\u00e1st s\u00fct\u00f6tt ki bel\u0151le, ami lehet\u0151v\u00e9 tette sz\u00e1m\u00e1ra, hogy tov\u00e1bb biciklizzen. Annak ellen\u00e9re, hogy t\u00f6bb \u00f3r\u00e1t vesz\u00edtett, folytatta a versenyt, amivel hivatalosan is beker\u00fclt a h\u00edress\u00e9gek k\u00f6z\u00e9 \u00e9s mire Mil\u00e1n\u00f3ba \u00e9rt, egyike lett a legkedveltebb ker\u00e9kp\u00e1ros legend\u00e1knak.<\/p>\n<h2><strong>Jonathan Vaughters<\/strong><\/h2>\n<figure id=\"attachment_9511\" aria-describedby=\"caption-attachment-9511\" style=\"width: 1024px\" class=\"wp-caption alignnone\"><a href=\"https:\/\/d2p6e6u75xmxt8.cloudfront.net\/2\/2020\/11\/Vaughters-profimedia-0068775395.jpg\"><img loading=\"lazy\" decoding=\"async\" class=\"wp-image-9511 size-large\" src=\"https:\/\/d2p6e6u75xmxt8.cloudfront.net\/12\/2020\/11\/Vaughters-profimedia-0068775395-1024x709.jpg\" alt=\"Jonathan Vaughters\" width=\"1024\" height=\"709\" srcset=\"https:\/\/d2p6e6u75xmxt8.cloudfront.net\/12\/2020\/11\/Vaughters-profimedia-0068775395-1024x709.jpg 1024w, https:\/\/d2p6e6u75xmxt8.cloudfront.net\/12\/2020\/11\/Vaughters-profimedia-0068775395-300x208.jpg 300w, https:\/\/d2p6e6u75xmxt8.cloudfront.net\/12\/2020\/11\/Vaughters-profimedia-0068775395-768x532.jpg 768w, https:\/\/d2p6e6u75xmxt8.cloudfront.net\/12\/2020\/11\/Vaughters-profimedia-0068775395.jpg 1250w\" sizes=\"auto, (max-width: 1024px) 100vw, 1024px\" \/><\/a><figcaption id=\"caption-attachment-9511\" class=\"wp-caption-text\"><em>Vaughters (balra) edz\u00e9s k\u00f6zben 1999. j\u00falius 1-j\u00e9n az orsz\u00e1g\u00faton, Nantes k\u00f6zel\u00e9ben. \u00a9 Profimedia<\/em><\/figcaption><\/figure>\n<p>B\u00e1rki, aki olvasta az eml\u00e9kiratait, tiszt\u00e1ban van vele, hogy Jonathan Vaughterst k\u00f6nnyed\u00e9n tekinthetj\u00fck a paradoxon megtestes\u00edt\u0151j\u00e9nek, ami abban az id\u0151ben jellemezte a ker\u00e9kp\u00e1roz\u00e1st. Ez a mese az \u00e9rem mindk\u00e9t oldal\u00e1t bemutatja, hiszen egy denveri gyerek \u00e9let\u00e9r\u0151l sz\u00f3, aki h\u00edress\u00e9 v\u00e1lt, mik\u00f6zben engedett a profi sport korrupt k\u00eds\u00e9rt\u00e9seinek. Vaughters k\u00edv\u00fcl\u00e1ll\u00f3k\u00e9nt, k\u00f6z\u00e9piskol\u00e1s kor\u00e1ban sz\u00edvesen tett hossz\u00fa, mag\u00e1nyos t\u00far\u00e1kat a hegyekbe, \u00e9s arr\u00f3l \u00e1lmodozott, hogy egy nap majd Eur\u00f3p\u00e1ban versenyezhet. Ezt az \u00e1lmot siker\u00fclt is megval\u00f3s\u00edtania, de k\u00e9s\u0151bbi \u00fatjai sor\u00e1n a korrupci\u00f3t\u00f3l kezdve a megv\u00e1lt\u00e1sig mindennel tal\u00e1lkozott, ennek eredm\u00e9nye pedig az lett, hogy v\u00e9g\u00fcl a \u201etiszta\u201d bicikliz\u00e9s mozgalom vezet\u0151 szem\u00e9ly\u00e9v\u00e9 v\u00e1lt. Elbesz\u00e9l\u00e9se alapj\u00e1n az egyik legfeledhetetlenebb pillanat sz\u00e1m\u00e1ra a Lance Armstronggal val\u00f3 tal\u00e1lkoz\u00e1s volt az 1998-as Vuelta a Espa\u00f1a-n, a sz\u00e1llodai szob\u00e1j\u00e1ban. Lance ezt mondta neki: <em>\u201e\u00d6n m\u00e1r k\u00f6z\u00e9nk tartozik, J.V. Ez egy olyan fi\u00faklub, ahol mind beszennyezz\u00fck egym\u00e1st, ez\u00e9rt ne \u00edrj k\u00f6nyvet err\u0151l a szarr\u00f3l, vagy b\u00e1rmi m\u00e1sr\u00f3l.\u201e<\/em> Ehhez el\u00e9g csak annyit hozz\u00e1f\u0171zni, hogy Vaughters \u00fagy d\u00f6nt\u00f6tt, hogy ez egy olyan t\u00f6rt\u00e9net, amit a szeretett sport \u00e9rdek\u00e9ben m\u00e9gis el kell mes\u00e9lnie.<\/p>\n<h2><strong>Juliana Buhring<\/strong><\/h2>\n<div class=\"embed-controller-wrapper\">\n<blockquote class=\"twitter-tweet\" data-width=\"500\" data-dnt=\"true\">\n<p lang=\"en\" dir=\"ltr\">This is a woman that doesn&#39;t know how to give up: Juliana Buhring on restarting the Indian Pacific Wheel Race. <a href=\"https:\/\/t.co\/vVtu0DWh1f\">https:\/\/t.co\/vVtu0DWh1f<\/a> <a href=\"https:\/\/t.co\/TuwmkvfxGP\">pic.twitter.com\/TuwmkvfxGP<\/a><\/p>\n<p>&mdash; l\u2019echappe (@echappe_) <a href=\"https:\/\/twitter.com\/echappe_\/status\/846232888651612160?ref_src=twsrc%5Etfw\">March 27, 2017<\/a><\/p><\/blockquote>\n<p><script async data-src=\"https:\/\/platform.twitter.com\/widgets.js\" charset=\"utf-8\"><\/script><\/div>\n<p>A b\u00e1tors\u00e1g, a t\u00fal\u00e9l\u00e9s \u00e9s a diadal jellemzi Juliana Buhring, szinte m\u00e1r egy thrillernek is beill\u0151 \u00e9let\u00e9t, \u00e9s m\u00e9g 40 \u00e9ves sincs. Az elismert \u00edr\u00f3t \u00e9s ker\u00e9kp\u00e1rost vall\u00e1si neveltet\u00e9sben r\u00e9szes\u00edtett\u00e9k, azonban m\u00e9g fiatal n\u0151k\u00e9nt megsz\u00f6k\u00f6tt ebb\u0151l a vil\u00e1gb\u00f3l. \u00a0Ezut\u00e1n csavarg\u00f3k\u00e9nt utazta k\u00f6rbe a vil\u00e1got, \u00e9lelmiszert \u00e9s gy\u00f3gyszert osztott sz\u00e9t a polg\u00e1rh\u00e1bor\u00fa s\u00fajtotta Ugand\u00e1ban, mik\u00f6zben go-go t\u00e1ncosk\u00e9nt l\u00e9pett fel, hogy ki tudja fizetni a sz\u00e1ml\u00e1kat. Miut\u00e1n sz\u00e1mos mag\u00e1n\u00e9leti kih\u00edv\u00e1son esett \u00e1t, a bicikliz\u00e9shez fordult, \u00e9s arra t\u00f6rekedett, hogy \u0151 legyen a leggyorsabb n\u0151, aki valaha ker\u00e9kp\u00e1rral j\u00e1rta a vil\u00e1got. 2012-ben megcsin\u00e1lta a 18\u00a0000 m\u00e9rf\u00f6ldes, 152 napos, n\u00e9gy kontinensen \u00e1t\u00edvel\u0151, 19 orsz\u00e1gos utat, mik\u00f6zben egyszer sem fordult vissza. \u0150 az egyik els\u0151 sportol\u00f3, aki ennyi p\u00e9nzzel \u00e9s szponzor n\u00e9lk\u00fcl v\u00e1llalt el egy ilyen kih\u00edv\u00e1st. Buhring tov\u00e1bbra is led\u00f6nti az akad\u00e1lyokat ultrat\u00e1v\u00fa ker\u00e9kp\u00e1roz\u00e1sban, \u00fajra \u00e9s \u00fajra meger\u0151s\u00edtve, hogy a szab\u00e1lyokat igenis meg lehet szegni.<\/p>\n<h2><strong>Bernardo Ruiz<\/strong><\/h2>\n<div class=\"embed-controller-wrapper\">\n<blockquote class=\"twitter-tweet\" data-width=\"500\" data-dnt=\"true\">\n<p lang=\"en\" dir=\"ltr\">Before the stage Adam Hansen met Bernardo Ruiz, the former record holder of the most successive grand tours. <a href=\"https:\/\/t.co\/tQG2dt3v68\">pic.twitter.com\/tQG2dt3v68<\/a><\/p>\n<p>&mdash; Matthew Keenan (@mwkeenan) <a href=\"https:\/\/twitter.com\/mwkeenan\/status\/901767468959576067?ref_src=twsrc%5Etfw\">August 27, 2017<\/a><\/p><\/blockquote>\n<p><script async data-src=\"https:\/\/platform.twitter.com\/widgets.js\" charset=\"utf-8\"><\/script><\/div>\n<p>A ma \u00e9l\u0151 legid\u0151sebb Grand Tour-gy\u0151ztes, Bernardo Ruiz minden szempontb\u00f3l meg\u0151rizte vakmer\u0151 hozz\u00e1\u00e1ll\u00e1s\u00e1t a bicikliz\u00e9sben. 95 \u00e9ves kor\u00e1ban Ruiz ma is k\u00f6ztudottan l\u00e1ncdoh\u00e1nyos \u00e9s a vodka szerelmese, \u00e9s sokat mes\u00e9l izgalmas \u00e9let\u00e9r\u0151l. K\u00e9perny\u0151re ker\u00fcl\u00e9se el\u0151tt el kellett menek\u00fclnie Spanyolorsz\u00e1gb\u00f3l Franco tisztogat\u00e1sai \u00e9s a szeg\u00e9nys\u00e9g el\u0151l, hogy azt\u00e1n a t\u00f6rt\u00e9nelem egyik legismertebb ker\u00e9kp\u00e1ros\u00e1v\u00e1 v\u00e1ljon. Ruiz azon kev\u00e9s versenyz\u0151k k\u00f6z\u00e9 tartozik, akik egyetlen szezonban teljes\u00edtett\u00e9k mindh\u00e1rom Grand Tourt. \u00c9letszeretet\u00e9t val\u00f3sz\u00edn\u0171leg annak a bels\u0151 t\u0171znek k\u00f6sz\u00f6nheti, ami folyamatosan benne l\u00e1ngol. Egy igazi k\u00f6z\u00fati biciklis legenda.<\/p>\n<h2><strong>Marianne Martin<\/strong><\/h2>\n<figure id=\"attachment_9512\" aria-describedby=\"caption-attachment-9512\" style=\"width: 1024px\" class=\"wp-caption alignnone\"><a href=\"https:\/\/d2p6e6u75xmxt8.cloudfront.net\/2\/2020\/11\/Marianne-Martin-profimedia-0068336878.jpg\"><img loading=\"lazy\" decoding=\"async\" class=\"size-large wp-image-9512\" src=\"https:\/\/d2p6e6u75xmxt8.cloudfront.net\/12\/2020\/11\/Marianne-Martin-profimedia-0068336878-1024x703.jpg\" alt=\"Marianne Martin\" width=\"1024\" height=\"703\" srcset=\"https:\/\/d2p6e6u75xmxt8.cloudfront.net\/12\/2020\/11\/Marianne-Martin-profimedia-0068336878-1024x703.jpg 1024w, https:\/\/d2p6e6u75xmxt8.cloudfront.net\/12\/2020\/11\/Marianne-Martin-profimedia-0068336878-300x206.jpg 300w, https:\/\/d2p6e6u75xmxt8.cloudfront.net\/12\/2020\/11\/Marianne-Martin-profimedia-0068336878-768x527.jpg 768w, https:\/\/d2p6e6u75xmxt8.cloudfront.net\/12\/2020\/11\/Marianne-Martin-profimedia-0068336878.jpg 1250w\" sizes=\"auto, (max-width: 1024px) 100vw, 1024px\" \/><\/a><figcaption id=\"caption-attachment-9512\" class=\"wp-caption-text\"><em>A Tour de France gy\u0151ztesei, Lairent Fignon \u00e9s Marianne Martin a dobog\u00f3n, P\u00e1rizsban, 1984. j\u00falius 22-\u00e9n. \u00a9 Profimedia<\/em><\/figcaption><\/figure>\n<p>Hogy mi tette Martint h\u00edress\u00e9? Egy\u00e9rtelm\u0171en az els\u0151 Tour de France Feminin versenyen el\u00e9rt els\u0151 helyez\u00e9se \u2013 ezzel \u0151 lett az els\u0151 n\u0151 \u00e9s az els\u0151 amerikai, aki megnyerte a Tour-t. Noha sok vita volt arr\u00f3l, van-e helye n\u0151knek ezen a rangos esem\u00e9nyen, abban a pillanatban, amikor megjelent a helysz\u00ednen, minden szurkol\u00f3ra \u00e9s sportol\u00f3ra nagy hat\u00e1ssal volt. 18 szakasz\u00e1val ez volt az eddigi leghosszabb n\u0151i szakaszverseny, mely sok nagyszer\u0171 versenyz\u0151 figyelm\u00e9t felkeltette. Martin azonban majdnem el sem jutott a versenyre. Miut\u00e1n az \u00e9v elej\u00e9n eg\u00e9szs\u00e9g\u00fcgyi probl\u00e9m\u00e1kkal k\u00fczd\u00f6tt, csak \u00fagy tudott r\u00e9szt venni a versenyen, hogy lehajtott Colorado Springsbe, \u00e9s 2 \u00f3r\u00e1t v\u00e1rt, hogy azt\u00e1n k\u00f6ny\u00f6r\u00f6gj\u00f6n Eddie Borysewicz amerikai v\u00e1logatott edz\u0151nek, hogy enged\u00e9lyezze az indul\u00e1st. Szerencs\u00e9re kitart\u00e1sa meghozta gy\u00fcm\u00f6lcs\u00e9t, \u00e9s hamarosan olyan er\u0151vel ment neki a versenynek, amivel bizony sz\u00e1molni kellett a hegyi szakaszokban. V\u00e9g\u00fcl az eg\u00e9sz esem\u00e9nyt megnyerte \u00e9s ezzel bebizony\u00edtotta, hogy a n\u0151k kiv\u00e1l\u00f3an tudnak versenyezni a Grand Tour st\u00edlus\u00fa szakaszversenyeken, \u00e9s k\u00e9pesek \u0151k is er\u0151s\u00edteni a biciklis legend\u00e1k sor\u00e1t.<\/p>\n","protected":false},"excerpt":{"rendered":"<p>L\u00e1zad\u00f3k, f\u00fcggetlenek, rendbont\u00f3k. Ak\u00e1rhogy is h\u00edvod \u0151ket, \u00e1ltal\u00e1ban azok, akik \u00fagy d\u00f6ntenek, hogy a saj\u00e1t fej\u00fck ut\u00e1n mennek, nagy hat\u00e1ssal [&hellip;]<\/p>\n","protected":false},"author":71,"featured_media":9514,"comment_status":"closed","ping_status":"closed","sticky":false,"template":"","format":"standard","meta":{"footnotes":""},"categories":[8],"tags":[],"global-categories":[],"class_list":["post-9507","post","type-post","status-publish","format-standard","has-post-thumbnail","hentry","category-orszaguti-kerekpar"],"yoast_head":"<!-- This site is optimized with the Yoast SEO Premium plugin v25.3 (Yoast SEO v25.9) - https:\/\/yoast.com\/wordpress\/plugins\/seo\/ -->\n<title>Az orsz\u00e1g\u00fat 6 l\u00e1zad\u00f3 ker\u00e9kp\u00e1rosa<\/title>\n<meta name=\"description\" content=\"L\u00e1zad\u00f3k, f\u00fcggetlenek, rendbont\u00f3k. Ak\u00e1rhogy is h\u00edvod \u0151ket, \u00e1ltal\u00e1ban azok, akik \u00fagy d\u00f6ntenek, hogy a saj\u00e1t fej\u00fck ut\u00e1n mennek, nagy hat\u00e1ssal vannak a k\u00f6r\u00fcl\u00f6tt\u00fck l\u00e9v\u0151 vil\u00e1gra.\" \/>\n<meta name=\"robots\" content=\"index, follow, max-snippet:-1, max-image-preview:large, max-video-preview:-1\" \/>\n<link rel=\"canonical\" href=\"https:\/\/www.welovecycling.com\/hu\/orszaguti-kerekpar\/az-orszagut-6-lazado-kerekparosa\/\" \/>\n<meta property=\"og:locale\" content=\"hu_HU\" \/>\n<meta property=\"og:type\" content=\"article\" \/>\n<meta property=\"og:title\" content=\"Az orsz\u00e1g\u00fat 6 l\u00e1zad\u00f3 ker\u00e9kp\u00e1rosa\" \/>\n<meta property=\"og:description\" content=\"L\u00e1zad\u00f3k, f\u00fcggetlenek, rendbont\u00f3k. Ak\u00e1rhogy is h\u00edvod \u0151ket, \u00e1ltal\u00e1ban azok, akik \u00fagy d\u00f6ntenek, hogy a saj\u00e1t fej\u00fck ut\u00e1n mennek, nagy hat\u00e1ssal vannak a k\u00f6r\u00fcl\u00f6tt\u00fck l\u00e9v\u0151 vil\u00e1gra.\" \/>\n<meta property=\"og:url\" content=\"https:\/\/www.welovecycling.com\/hu\/orszaguti-kerekpar\/az-orszagut-6-lazado-kerekparosa\/\" \/>\n<meta property=\"og:site_name\" content=\"\u0160koda We Love Cycling - Magyarorsz\u00e1g\" \/>\n<meta property=\"article:publisher\" content=\"https:\/\/www.facebook.com\/WeLoveCyclingHungary\/\" \/>\n<meta property=\"article:published_time\" content=\"2020-11-30T07:00:59+00:00\" \/>\n<meta property=\"og:image\" content=\"https:\/\/d2p6e6u75xmxt8.cloudfront.net\/12\/2020\/11\/Bartali-profimedia-0067995633-CVR.jpg\" \/>\n\t<meta property=\"og:image:width\" content=\"1366\" \/>\n\t<meta property=\"og:image:height\" content=\"600\" \/>\n\t<meta property=\"og:image:type\" content=\"image\/jpeg\" \/>\n<meta name=\"author\" content=\"hegyizs\" \/>\n<meta name=\"twitter:card\" content=\"summary_large_image\" \/>\n<meta name=\"twitter:label1\" content=\"Written by\" \/>\n\t<meta name=\"twitter:data1\" content=\"Megan Flottorp\" \/>\n\t<meta name=\"twitter:label2\" content=\"Est. reading time\" \/>\n\t<meta name=\"twitter:data2\" content=\"7\" \/>\n<script type=\"application\/ld+json\" class=\"yoast-schema-graph\">{\"@context\":\"https:\/\/schema.org\",\"@graph\":[{\"@type\":\"WebPage\",\"@id\":\"https:\/\/www.welovecycling.com\/hu\/orszaguti-kerekpar\/az-orszagut-6-lazado-kerekparosa\/\",\"url\":\"https:\/\/www.welovecycling.com\/hu\/orszaguti-kerekpar\/az-orszagut-6-lazado-kerekparosa\/\",\"name\":\"Az orsz\u00e1g\u00fat 6 l\u00e1zad\u00f3 ker\u00e9kp\u00e1rosa\",\"isPartOf\":{\"@id\":\"https:\/\/www.welovecycling.com\/hu\/#website\"},\"primaryImageOfPage\":{\"@id\":\"https:\/\/www.welovecycling.com\/hu\/orszaguti-kerekpar\/az-orszagut-6-lazado-kerekparosa\/#primaryimage\"},\"image\":{\"@id\":\"https:\/\/www.welovecycling.com\/hu\/orszaguti-kerekpar\/az-orszagut-6-lazado-kerekparosa\/#primaryimage\"},\"thumbnailUrl\":\"https:\/\/d2p6e6u75xmxt8.cloudfront.net\/12\/2020\/11\/Bartali-profimedia-0067995633-CVR.jpg\",\"datePublished\":\"2020-11-30T07:00:59+00:00\",\"author\":{\"@id\":\"https:\/\/www.welovecycling.com\/hu\/#\/schema\/person\/414a2aebf1801691a5320edb6468e194\"},\"description\":\"L\u00e1zad\u00f3k, f\u00fcggetlenek, rendbont\u00f3k. Ak\u00e1rhogy is h\u00edvod \u0151ket, \u00e1ltal\u00e1ban azok, akik \u00fagy d\u00f6ntenek, hogy a saj\u00e1t fej\u00fck ut\u00e1n mennek, nagy hat\u00e1ssal vannak a k\u00f6r\u00fcl\u00f6tt\u00fck l\u00e9v\u0151 vil\u00e1gra.\",\"breadcrumb\":{\"@id\":\"https:\/\/www.welovecycling.com\/hu\/orszaguti-kerekpar\/az-orszagut-6-lazado-kerekparosa\/#breadcrumb\"},\"inLanguage\":\"hu\",\"potentialAction\":[{\"@type\":\"ReadAction\",\"target\":[\"https:\/\/www.welovecycling.com\/hu\/orszaguti-kerekpar\/az-orszagut-6-lazado-kerekparosa\/\"]}]},{\"@type\":\"ImageObject\",\"inLanguage\":\"hu\",\"@id\":\"https:\/\/www.welovecycling.com\/hu\/orszaguti-kerekpar\/az-orszagut-6-lazado-kerekparosa\/#primaryimage\",\"url\":\"https:\/\/d2p6e6u75xmxt8.cloudfront.net\/12\/2020\/11\/Bartali-profimedia-0067995633-CVR.jpg\",\"contentUrl\":\"https:\/\/d2p6e6u75xmxt8.cloudfront.net\/12\/2020\/11\/Bartali-profimedia-0067995633-CVR.jpg\",\"width\":1366,\"height\":600,\"caption\":\"Gino Bartali\"},{\"@type\":\"BreadcrumbList\",\"@id\":\"https:\/\/www.welovecycling.com\/hu\/orszaguti-kerekpar\/az-orszagut-6-lazado-kerekparosa\/#breadcrumb\",\"itemListElement\":[{\"@type\":\"ListItem\",\"position\":1,\"name\":\"Home\",\"item\":\"https:\/\/www.welovecycling.com\/hu\/\"},{\"@type\":\"ListItem\",\"position\":2,\"name\":\"Az orsz\u00e1g\u00fat 6 l\u00e1zad\u00f3 ker\u00e9kp\u00e1rosa\"}]},{\"@type\":\"WebSite\",\"@id\":\"https:\/\/www.welovecycling.com\/hu\/#website\",\"url\":\"https:\/\/www.welovecycling.com\/hu\/\",\"name\":\"\u0160koda We Love Cycling - Magyarorsz\u00e1g\",\"description\":\"\u0160koda WeLoveCycling\",\"potentialAction\":[{\"@type\":\"SearchAction\",\"target\":{\"@type\":\"EntryPoint\",\"urlTemplate\":\"https:\/\/www.welovecycling.com\/hu\/?s={search_term_string}\"},\"query-input\":{\"@type\":\"PropertyValueSpecification\",\"valueRequired\":true,\"valueName\":\"search_term_string\"}}],\"inLanguage\":\"hu\"},{\"@type\":\"Person\",\"@id\":\"https:\/\/www.welovecycling.com\/hu\/#\/schema\/person\/414a2aebf1801691a5320edb6468e194\",\"name\":\"hegyizs\",\"image\":{\"@type\":\"ImageObject\",\"inLanguage\":\"hu\",\"@id\":\"https:\/\/www.welovecycling.com\/hu\/#\/schema\/person\/image\/\",\"url\":\"https:\/\/secure.gravatar.com\/avatar\/02cf8a7906b8cf90cecb4679defac7cfd33a1c2e3b88e4903d947f3bb58eedd3?s=96&d=mm&r=g\",\"contentUrl\":\"https:\/\/secure.gravatar.com\/avatar\/02cf8a7906b8cf90cecb4679defac7cfd33a1c2e3b88e4903d947f3bb58eedd3?s=96&d=mm&r=g\",\"caption\":\"hegyizs\"},\"url\":\"https:\/\/www.welovecycling.com\/hu\/author\/hegyizs\/\"}]}<\/script>\n<!-- \/ Yoast SEO Premium plugin. -->","yoast_head_json":{"title":"Az orsz\u00e1g\u00fat 6 l\u00e1zad\u00f3 ker\u00e9kp\u00e1rosa","description":"L\u00e1zad\u00f3k, f\u00fcggetlenek, rendbont\u00f3k. Ak\u00e1rhogy is h\u00edvod \u0151ket, \u00e1ltal\u00e1ban azok, akik \u00fagy d\u00f6ntenek, hogy a saj\u00e1t fej\u00fck ut\u00e1n mennek, nagy hat\u00e1ssal vannak a k\u00f6r\u00fcl\u00f6tt\u00fck l\u00e9v\u0151 vil\u00e1gra.","robots":{"index":"index","follow":"follow","max-snippet":"max-snippet:-1","max-image-preview":"max-image-preview:large","max-video-preview":"max-video-preview:-1"},"canonical":"https:\/\/www.welovecycling.com\/hu\/orszaguti-kerekpar\/az-orszagut-6-lazado-kerekparosa\/","og_locale":"hu_HU","og_type":"article","og_title":"Az orsz\u00e1g\u00fat 6 l\u00e1zad\u00f3 ker\u00e9kp\u00e1rosa","og_description":"L\u00e1zad\u00f3k, f\u00fcggetlenek, rendbont\u00f3k. Ak\u00e1rhogy is h\u00edvod \u0151ket, \u00e1ltal\u00e1ban azok, akik \u00fagy d\u00f6ntenek, hogy a saj\u00e1t fej\u00fck ut\u00e1n mennek, nagy hat\u00e1ssal vannak a k\u00f6r\u00fcl\u00f6tt\u00fck l\u00e9v\u0151 vil\u00e1gra.","og_url":"https:\/\/www.welovecycling.com\/hu\/orszaguti-kerekpar\/az-orszagut-6-lazado-kerekparosa\/","og_site_name":"\u0160koda We Love Cycling - Magyarorsz\u00e1g","article_publisher":"https:\/\/www.facebook.com\/WeLoveCyclingHungary\/","article_published_time":"2020-11-30T07:00:59+00:00","og_image":[{"width":1366,"height":600,"url":"https:\/\/d2p6e6u75xmxt8.cloudfront.net\/12\/2020\/11\/Bartali-profimedia-0067995633-CVR.jpg","type":"image\/jpeg"}],"author":"hegyizs","twitter_card":"summary_large_image","twitter_misc":{"Written by":"Megan Flottorp","Est. reading time":"7"},"schema":{"@context":"https:\/\/schema.org","@graph":[{"@type":"WebPage","@id":"https:\/\/www.welovecycling.com\/hu\/orszaguti-kerekpar\/az-orszagut-6-lazado-kerekparosa\/","url":"https:\/\/www.welovecycling.com\/hu\/orszaguti-kerekpar\/az-orszagut-6-lazado-kerekparosa\/","name":"Az orsz\u00e1g\u00fat 6 l\u00e1zad\u00f3 ker\u00e9kp\u00e1rosa","isPartOf":{"@id":"https:\/\/www.welovecycling.com\/hu\/#website"},"primaryImageOfPage":{"@id":"https:\/\/www.welovecycling.com\/hu\/orszaguti-kerekpar\/az-orszagut-6-lazado-kerekparosa\/#primaryimage"},"image":{"@id":"https:\/\/www.welovecycling.com\/hu\/orszaguti-kerekpar\/az-orszagut-6-lazado-kerekparosa\/#primaryimage"},"thumbnailUrl":"https:\/\/d2p6e6u75xmxt8.cloudfront.net\/12\/2020\/11\/Bartali-profimedia-0067995633-CVR.jpg","datePublished":"2020-11-30T07:00:59+00:00","author":{"@id":"https:\/\/www.welovecycling.com\/hu\/#\/schema\/person\/414a2aebf1801691a5320edb6468e194"},"description":"L\u00e1zad\u00f3k, f\u00fcggetlenek, rendbont\u00f3k. Ak\u00e1rhogy is h\u00edvod \u0151ket, \u00e1ltal\u00e1ban azok, akik \u00fagy d\u00f6ntenek, hogy a saj\u00e1t fej\u00fck ut\u00e1n mennek, nagy hat\u00e1ssal vannak a k\u00f6r\u00fcl\u00f6tt\u00fck l\u00e9v\u0151 vil\u00e1gra.","breadcrumb":{"@id":"https:\/\/www.welovecycling.com\/hu\/orszaguti-kerekpar\/az-orszagut-6-lazado-kerekparosa\/#breadcrumb"},"inLanguage":"hu","potentialAction":[{"@type":"ReadAction","target":["https:\/\/www.welovecycling.com\/hu\/orszaguti-kerekpar\/az-orszagut-6-lazado-kerekparosa\/"]}]},{"@type":"ImageObject","inLanguage":"hu","@id":"https:\/\/www.welovecycling.com\/hu\/orszaguti-kerekpar\/az-orszagut-6-lazado-kerekparosa\/#primaryimage","url":"https:\/\/d2p6e6u75xmxt8.cloudfront.net\/12\/2020\/11\/Bartali-profimedia-0067995633-CVR.jpg","contentUrl":"https:\/\/d2p6e6u75xmxt8.cloudfront.net\/12\/2020\/11\/Bartali-profimedia-0067995633-CVR.jpg","width":1366,"height":600,"caption":"Gino Bartali"},{"@type":"BreadcrumbList","@id":"https:\/\/www.welovecycling.com\/hu\/orszaguti-kerekpar\/az-orszagut-6-lazado-kerekparosa\/#breadcrumb","itemListElement":[{"@type":"ListItem","position":1,"name":"Home","item":"https:\/\/www.welovecycling.com\/hu\/"},{"@type":"ListItem","position":2,"name":"Az orsz\u00e1g\u00fat 6 l\u00e1zad\u00f3 ker\u00e9kp\u00e1rosa"}]},{"@type":"WebSite","@id":"https:\/\/www.welovecycling.com\/hu\/#website","url":"https:\/\/www.welovecycling.com\/hu\/","name":"\u0160koda We Love Cycling - Magyarorsz\u00e1g","description":"\u0160koda WeLoveCycling","potentialAction":[{"@type":"SearchAction","target":{"@type":"EntryPoint","urlTemplate":"https:\/\/www.welovecycling.com\/hu\/?s={search_term_string}"},"query-input":{"@type":"PropertyValueSpecification","valueRequired":true,"valueName":"search_term_string"}}],"inLanguage":"hu"},{"@type":"Person","@id":"https:\/\/www.welovecycling.com\/hu\/#\/schema\/person\/414a2aebf1801691a5320edb6468e194","name":"hegyizs","image":{"@type":"ImageObject","inLanguage":"hu","@id":"https:\/\/www.welovecycling.com\/hu\/#\/schema\/person\/image\/","url":"https:\/\/secure.gravatar.com\/avatar\/02cf8a7906b8cf90cecb4679defac7cfd33a1c2e3b88e4903d947f3bb58eedd3?s=96&d=mm&r=g","contentUrl":"https:\/\/secure.gravatar.com\/avatar\/02cf8a7906b8cf90cecb4679defac7cfd33a1c2e3b88e4903d947f3bb58eedd3?s=96&d=mm&r=g","caption":"hegyizs"},"url":"https:\/\/www.welovecycling.com\/hu\/author\/hegyizs\/"}]}},"_links":{"self":[{"href":"https:\/\/www.welovecycling.com\/hu\/wp-json\/wp\/v2\/posts\/9507","targetHints":{"allow":["GET"]}}],"collection":[{"href":"https:\/\/www.welovecycling.com\/hu\/wp-json\/wp\/v2\/posts"}],"about":[{"href":"https:\/\/www.welovecycling.com\/hu\/wp-json\/wp\/v2\/types\/post"}],"author":[{"embeddable":true,"href":"https:\/\/www.welovecycling.com\/hu\/wp-json\/wp\/v2\/users\/71"}],"replies":[{"embeddable":true,"href":"https:\/\/www.welovecycling.com\/hu\/wp-json\/wp\/v2\/comments?post=9507"}],"version-history":[{"count":2,"href":"https:\/\/www.welovecycling.com\/hu\/wp-json\/wp\/v2\/posts\/9507\/revisions"}],"predecessor-version":[{"id":9541,"href":"https:\/\/www.welovecycling.com\/hu\/wp-json\/wp\/v2\/posts\/9507\/revisions\/9541"}],"wp:featuredmedia":[{"embeddable":true,"href":"https:\/\/www.welovecycling.com\/hu\/wp-json\/wp\/v2\/media\/9514"}],"wp:attachment":[{"href":"https:\/\/www.welovecycling.com\/hu\/wp-json\/wp\/v2\/media?parent=9507"}],"wp:term":[{"taxonomy":"category","embeddable":true,"href":"https:\/\/www.welovecycling.com\/hu\/wp-json\/wp\/v2\/categories?post=9507"},{"taxonomy":"post_tag","embeddable":true,"href":"https:\/\/www.welovecycling.com\/hu\/wp-json\/wp\/v2\/tags?post=9507"},{"taxonomy":"global-categories","embeddable":true,"href":"https:\/\/www.welovecycling.com\/hu\/wp-json\/wp\/v2\/global-categories?post=9507"}],"curies":[{"name":"wp","href":"https:\/\/api.w.org\/{rel}","templated":true}]}}