{"id":9468,"date":"2020-11-26T08:00:34","date_gmt":"2020-11-26T07:00:34","guid":{"rendered":"https:\/\/www.welovecycling.com\/hu\/?p=9468"},"modified":"2020-11-24T10:20:24","modified_gmt":"2020-11-24T09:20:24","slug":"amit-a-2020-as-szezonbol-tanultunk","status":"publish","type":"post","link":"https:\/\/www.welovecycling.com\/hu\/orszaguti-kerekpar\/amit-a-2020-as-szezonbol-tanultunk\/","title":{"rendered":"Amit a 2020-as szezonb\u00f3l tanultunk"},"content":{"rendered":"<p><strong>Sorsford\u00edt\u00f3 id\u0151m\u00e9r\u0151k, 39 m\u00e1sodperces gy\u0151zelem \u00e9s persze a COVID-19. Sok minden t\u00f6rt\u00e9nt az idei, megcs\u00faszott, de el nem maradt szezonban.<\/strong><\/p>\n<p><!--more--><\/p>\n<p>Richard Carapaz, az Ineos Grenadiers csapat\u00e1b\u00f3l, egy\u00e9rtelm\u0171en jobb hegym\u00e1sz\u00f3nak bizonyult, mint Rogli\u010d a 2020-as La Vuelta versenyen, de nem volt el\u00e9g j\u00f3 ahhoz, hogy behozza a szlov\u00e9n ellen a 13. id\u0151m\u00e9r\u0151 szakaszban elvesztett 49 m\u00e1sodpercet. Rogli\u010d k\u00fczd\u00f6tt, ak\u00e1rcsak f\u0151embere, Sepp Kuss, aki mindent kiadott mag\u00e1b\u00f3l az el\u0151z\u0151 emelked\u0151k\u00f6n, vezet\u0151j\u00e9t t\u00e1mogatva.<\/p>\n<figure id=\"attachment_9469\" aria-describedby=\"caption-attachment-9469\" style=\"width: 1024px\" class=\"wp-caption alignnone\"><a href=\"https:\/\/d2p6e6u75xmxt8.cloudfront.net\/2\/2020\/11\/Roglic-Carapaz-profimedia-0566051357.jpg\"><img loading=\"lazy\" decoding=\"async\" class=\"wp-image-9469 size-large\" src=\"https:\/\/d2p6e6u75xmxt8.cloudfront.net\/12\/2020\/11\/Roglic-Carapaz-profimedia-0566051357-1024x682.jpg\" alt=\"Rogli\u010d and Carapaz at 2020 La Vuelta\" width=\"1024\" height=\"682\" srcset=\"https:\/\/d2p6e6u75xmxt8.cloudfront.net\/12\/2020\/11\/Roglic-Carapaz-profimedia-0566051357-1024x682.jpg 1024w, https:\/\/d2p6e6u75xmxt8.cloudfront.net\/12\/2020\/11\/Roglic-Carapaz-profimedia-0566051357-300x200.jpg 300w, https:\/\/d2p6e6u75xmxt8.cloudfront.net\/12\/2020\/11\/Roglic-Carapaz-profimedia-0566051357-768x512.jpg 768w, https:\/\/d2p6e6u75xmxt8.cloudfront.net\/12\/2020\/11\/Roglic-Carapaz-profimedia-0566051357-272x182.jpg 272w, https:\/\/d2p6e6u75xmxt8.cloudfront.net\/12\/2020\/11\/Roglic-Carapaz-profimedia-0566051357.jpg 1250w\" sizes=\"auto, (max-width: 1024px) 100vw, 1024px\" \/><\/a><figcaption id=\"caption-attachment-9469\" class=\"wp-caption-text\"><em>Carapaz jobb m\u00e1sz\u00f3nak bizonyult, m\u00e9gsem \u0151 nyert. \u00a9 Profimedia<\/em><\/figcaption><\/figure>\n<p>A Tour de France-hez \u00e9s a Vuelt\u00e1hoz hasonl\u00f3an a Giro is az id\u0151m\u00e9r\u0151 szakaszon d\u0151lt el, amikor az Ineos versenyz\u0151je, Tao Geoghegan Hart az utols\u00f3 el\u0151tti szakaszon megel\u0151zte a Sunweb jel\u00f6ltj\u00e9t, Jai Hindley-t, hogy 39 m\u00e1sodperces el\u0151ny\u00e9vel v\u00e1ratlan gy\u0151zelmet arasson. Val\u00f3j\u00e1ban, ha egy \u00e1tfog\u00f3 tanuls\u00e1got kell levonni ebb\u0151l a k\u00e9sleltetett, de izgalmas Grand Tour szezonb\u00f3l, az az, hogy az egy\u00e9ni id\u0151m\u00e9r\u0151 futamok lettek a legfontosabbak. Ennek az lehet az oka, hogy az \u00f6sszes profi versenyz\u0151 kiv\u00e1l\u00f3 hegym\u00e1sz\u00f3. M\u00edg egyesek jobbak m\u00e1sokn\u00e1l, a k\u00fcl\u00f6nbs\u00e9gek jelenleg nem el\u00e9g nagyok ahhoz, hogy p\u00f3tolj\u00e1k az id\u0151m\u00e9r\u0151 edz\u00e9seken mutatkoz\u00f3 k\u00fcl\u00f6nbs\u00e9geket.<\/p>\n<p>Azok a versenyz\u0151k, akik l\u00e1tt\u00e1k, ahogy Rogli\u010d a Vuelta k\u00e9t legnehezebb emelked\u0151j\u00e9n k\u00fczd, optimist\u00e1k lehetnek a j\u00f6v\u0151 \u00e9vi es\u00e9lyeket illet\u0151en &#8211; ha jav\u00edtj\u00e1k az id\u0151m\u00e9r\u0151n el\u00e9rt eredm\u00e9nyeiket. Rogli\u010d m\u00e9g nem az a domin\u00e1ns versenyz\u0151, aki szeretne lenni.<\/p>\n<figure id=\"attachment_9470\" aria-describedby=\"caption-attachment-9470\" style=\"width: 1024px\" class=\"wp-caption alignnone\"><a href=\"https:\/\/d2p6e6u75xmxt8.cloudfront.net\/2\/2020\/11\/Gaudu-Vuelta-profimedia-0567877994.jpg\"><img loading=\"lazy\" decoding=\"async\" class=\"size-large wp-image-9470\" src=\"https:\/\/d2p6e6u75xmxt8.cloudfront.net\/12\/2020\/11\/Gaudu-Vuelta-profimedia-0567877994-1024x682.jpg\" alt=\"\" width=\"1024\" height=\"682\" srcset=\"https:\/\/d2p6e6u75xmxt8.cloudfront.net\/12\/2020\/11\/Gaudu-Vuelta-profimedia-0567877994-1024x682.jpg 1024w, https:\/\/d2p6e6u75xmxt8.cloudfront.net\/12\/2020\/11\/Gaudu-Vuelta-profimedia-0567877994-300x200.jpg 300w, https:\/\/d2p6e6u75xmxt8.cloudfront.net\/12\/2020\/11\/Gaudu-Vuelta-profimedia-0567877994-768x512.jpg 768w, https:\/\/d2p6e6u75xmxt8.cloudfront.net\/12\/2020\/11\/Gaudu-Vuelta-profimedia-0567877994-272x182.jpg 272w, https:\/\/d2p6e6u75xmxt8.cloudfront.net\/12\/2020\/11\/Gaudu-Vuelta-profimedia-0567877994.jpg 1250w\" sizes=\"auto, (max-width: 1024px) 100vw, 1024px\" \/><\/a><figcaption id=\"caption-attachment-9470\" class=\"wp-caption-text\"><em>Egy \u0160koda ENYAQ k\u00eds\u00e9ri David Gaudut a La Vuelta 17. szakasz\u00e1nak v\u00e9g\u00e9n. \u00a9 Profimedia<\/em><\/figcaption><\/figure>\n<p>\u00c9s hogy mennyire sz\u00e1m\u00edtanak a csapatt\u00e1rsak? Nyilv\u00e1nval\u00f3an d\u00f6nt\u0151 fontoss\u00e1g\u00faak voltak Rogli\u010d sz\u00e1m\u00e1ra, de Carapaz a neh\u00e9z m\u00e1sz\u00e1sok nagy r\u00e9sz\u00e9t egyed\u00fcl hajtotta v\u00e9gre, ahogy Poga\u010dar is a Tour-on. Minden bizonnyal seg\u00edt h\u00e1rom vagy n\u00e9gy csapatt\u00e1rs sz\u00e9l\u00e1rny\u00e9k\u00e1ban haladni, \u00e9s nagyszer\u0171, hogy valaki \u00e9telt \u00e9s italt hoz neked, de jelenleg egyed\u00fcl nyeri meg a versenyt az egyik ker\u00e9kp\u00e1ros a m\u00e1sik ellen.<\/p>\n<p>M\u00e1sr\u00e9szt az is igaz, hogy Kuss seg\u00edts\u00e9ge az eg\u00e9sz Vuelt\u00e1n \u00e9s Hofstede r\u00f6vid t\u00e1mogat\u00e1sa az utols\u00f3, d\u00f6nt\u0151 emelked\u0151n biztos\u00edtotta azt a 24 m\u00e1sodpercet, amely elv\u00e1lasztotta Rogli\u010dot Carapaz-t\u00f3l.<\/p>\n<figure id=\"attachment_9471\" aria-describedby=\"caption-attachment-9471\" style=\"width: 1024px\" class=\"wp-caption alignnone\"><a href=\"https:\/\/d2p6e6u75xmxt8.cloudfront.net\/2\/2020\/11\/Roglic-red-jersey-profimedia-0565469346.jpg\"><img loading=\"lazy\" decoding=\"async\" class=\"size-large wp-image-9471\" src=\"https:\/\/d2p6e6u75xmxt8.cloudfront.net\/12\/2020\/11\/Roglic-red-jersey-profimedia-0565469346-1024x681.jpg\" alt=\"Rogli\u010d at 2020 La Vuelta\" width=\"1024\" height=\"681\" srcset=\"https:\/\/d2p6e6u75xmxt8.cloudfront.net\/12\/2020\/11\/Roglic-red-jersey-profimedia-0565469346-1024x681.jpg 1024w, https:\/\/d2p6e6u75xmxt8.cloudfront.net\/12\/2020\/11\/Roglic-red-jersey-profimedia-0565469346-300x199.jpg 300w, https:\/\/d2p6e6u75xmxt8.cloudfront.net\/12\/2020\/11\/Roglic-red-jersey-profimedia-0565469346-768x511.jpg 768w, https:\/\/d2p6e6u75xmxt8.cloudfront.net\/12\/2020\/11\/Roglic-red-jersey-profimedia-0565469346-272x182.jpg 272w, https:\/\/d2p6e6u75xmxt8.cloudfront.net\/12\/2020\/11\/Roglic-red-jersey-profimedia-0565469346.jpg 1250w\" sizes=\"auto, (max-width: 1024px) 100vw, 1024px\" \/><\/a><figcaption id=\"caption-attachment-9471\" class=\"wp-caption-text\"><em>Rogli\u010d \u00e1tszeli a c\u00e9lvonalat a Vuelta 6. szakasz\u00e1nak v\u00e9g\u00e9n. \u00a9 Profimedia<\/em><\/figcaption><\/figure>\n<p>Ha m\u00e1r a csapatokr\u00f3l besz\u00e9l\u00fcnk: mi t\u00f6rt\u00e9nt az Ineos Grenadiers-szel? Meglep\u0151 gy\u0151zelmet arattak a Giro-ban, de a Vuelta meghat\u00e1roz\u00f3 szakasz\u00e1ban szinte l\u00e1thatatlanok voltak. Chris Froome tett n\u00e9h\u00e1ny k\u00eds\u00e9rletet, hogy seg\u00edtsen Carapaznak a hegyekben, de ez sem tartott sok\u00e1ig. T\u00fal korai megmondani, hogy valaha is visszanyeri-e legjobb form\u00e1j\u00e1t a csapat, de j\u00f6v\u0151re minden eddigin\u00e9l jobban kell pr\u00f3b\u00e1lkozniuk.<\/p>\n<p>\u00c9s a ker\u00e9kp\u00e1roz\u00e1s valaha is visszanyeri a r\u00e9gi form\u00e1j\u00e1t? M\u00edg a Covid-19 megzavarta a h\u00e1rom Grand Tour-t, mindannyiunk nagy \u00f6r\u00f6m\u00e9re egyik sem maradt el. De a j\u00e1rv\u00e1ny ker\u00e9kp\u00e1roz\u00e1sra val\u00f3 igazi hat\u00e1sa m\u00e9g v\u00e1r r\u00e1nk, hiszen a gazdas\u00e1gilag s\u00fajtott csapatszponzorok nem fogj\u00e1k tudni finansz\u00edrozni a versenyz\u0151ket. A k\u00f6zelj\u00f6v\u0151ben kevesebb profi ker\u00e9kp\u00e1ros csapat lesz, f\u0151leg a kisebb versenyeken, \u00e9s ez\u00e9rt kevesebb fizetett munkahely \u00e1ll majd a fiatal versenyz\u0151k rendelkez\u00e9s\u00e9re. A k\u00e1r m\u00e9rt\u00e9ke att\u00f3l f\u00fcgg, milyen gyorsan \u00e9r v\u00e9get a j\u00e1rv\u00e1ny, \u00e9s a potenci\u00e1lis szponzorok mikorra \u00e1llnak helyre gazdas\u00e1gilag.<\/p>\n","protected":false},"excerpt":{"rendered":"<p>Sorsford\u00edt\u00f3 id\u0151m\u00e9r\u0151k, 39 m\u00e1sodperces gy\u0151zelem \u00e9s persze a COVID-19. Sok minden t\u00f6rt\u00e9nt az idei, megcs\u00faszott, de el nem maradt szezonban.<\/p>\n","protected":false},"author":71,"featured_media":9473,"comment_status":"open","ping_status":"open","sticky":false,"template":"","format":"standard","meta":{"footnotes":""},"categories":[8],"tags":[],"global-categories":[],"class_list":["post-9468","post","type-post","status-publish","format-standard","has-post-thumbnail","hentry","category-orszaguti-kerekpar"],"yoast_head":"<!-- This site is optimized with the Yoast SEO Premium plugin v25.3 (Yoast SEO v25.9) - https:\/\/yoast.com\/wordpress\/plugins\/seo\/ -->\n<title>Amit a 2020-as szezonb\u00f3l tanultunk<\/title>\n<meta name=\"description\" content=\"Sorsford\u00edt\u00f3 id\u0151m\u00e9r\u0151k, 39 m\u00e1sodperces gy\u0151zelem \u00e9s persze a COVID-19. Sok minden t\u00f6rt\u00e9nt az idei, megcs\u00faszott, de el nem maradt szezonban.\" \/>\n<meta name=\"robots\" content=\"index, follow, max-snippet:-1, max-image-preview:large, max-video-preview:-1\" \/>\n<link rel=\"canonical\" href=\"https:\/\/www.welovecycling.com\/hu\/orszaguti-kerekpar\/amit-a-2020-as-szezonbol-tanultunk\/\" \/>\n<meta property=\"og:locale\" content=\"hu_HU\" \/>\n<meta property=\"og:type\" content=\"article\" \/>\n<meta property=\"og:title\" content=\"Amit a 2020-as szezonb\u00f3l tanultunk\" \/>\n<meta property=\"og:description\" content=\"Sorsford\u00edt\u00f3 id\u0151m\u00e9r\u0151k, 39 m\u00e1sodperces gy\u0151zelem \u00e9s persze a COVID-19. Sok minden t\u00f6rt\u00e9nt az idei, megcs\u00faszott, de el nem maradt szezonban.\" \/>\n<meta property=\"og:url\" content=\"https:\/\/www.welovecycling.com\/hu\/orszaguti-kerekpar\/amit-a-2020-as-szezonbol-tanultunk\/\" \/>\n<meta property=\"og:site_name\" content=\"\u0160koda We Love Cycling - Magyarorsz\u00e1g\" \/>\n<meta property=\"article:publisher\" content=\"https:\/\/www.facebook.com\/WeLoveCyclingHungary\/\" \/>\n<meta property=\"article:published_time\" content=\"2020-11-26T07:00:34+00:00\" \/>\n<meta property=\"og:image\" content=\"https:\/\/d2p6e6u75xmxt8.cloudfront.net\/12\/2020\/11\/2020-La-Vuelta-profimedia-0566623390-CVR.jpg\" \/>\n\t<meta property=\"og:image:width\" content=\"1366\" \/>\n\t<meta property=\"og:image:height\" content=\"600\" \/>\n\t<meta property=\"og:image:type\" content=\"image\/jpeg\" \/>\n<meta name=\"author\" content=\"hegyizs\" \/>\n<meta name=\"twitter:card\" content=\"summary_large_image\" \/>\n<meta name=\"twitter:label1\" content=\"Written by\" \/>\n\t<meta name=\"twitter:data1\" content=\"Siegfried Mortkowitz\" \/>\n\t<meta name=\"twitter:label2\" content=\"Est. reading time\" \/>\n\t<meta name=\"twitter:data2\" content=\"6\" \/>\n<script type=\"application\/ld+json\" class=\"yoast-schema-graph\">{\"@context\":\"https:\/\/schema.org\",\"@graph\":[{\"@type\":\"WebPage\",\"@id\":\"https:\/\/www.welovecycling.com\/hu\/orszaguti-kerekpar\/amit-a-2020-as-szezonbol-tanultunk\/\",\"url\":\"https:\/\/www.welovecycling.com\/hu\/orszaguti-kerekpar\/amit-a-2020-as-szezonbol-tanultunk\/\",\"name\":\"Amit a 2020-as szezonb\u00f3l tanultunk\",\"isPartOf\":{\"@id\":\"https:\/\/www.welovecycling.com\/hu\/#website\"},\"primaryImageOfPage\":{\"@id\":\"https:\/\/www.welovecycling.com\/hu\/orszaguti-kerekpar\/amit-a-2020-as-szezonbol-tanultunk\/#primaryimage\"},\"image\":{\"@id\":\"https:\/\/www.welovecycling.com\/hu\/orszaguti-kerekpar\/amit-a-2020-as-szezonbol-tanultunk\/#primaryimage\"},\"thumbnailUrl\":\"https:\/\/d2p6e6u75xmxt8.cloudfront.net\/12\/2020\/11\/2020-La-Vuelta-profimedia-0566623390-CVR.jpg\",\"datePublished\":\"2020-11-26T07:00:34+00:00\",\"author\":{\"@id\":\"https:\/\/www.welovecycling.com\/hu\/#\/schema\/person\/414a2aebf1801691a5320edb6468e194\"},\"description\":\"Sorsford\u00edt\u00f3 id\u0151m\u00e9r\u0151k, 39 m\u00e1sodperces gy\u0151zelem \u00e9s persze a COVID-19. Sok minden t\u00f6rt\u00e9nt az idei, megcs\u00faszott, de el nem maradt szezonban.\",\"breadcrumb\":{\"@id\":\"https:\/\/www.welovecycling.com\/hu\/orszaguti-kerekpar\/amit-a-2020-as-szezonbol-tanultunk\/#breadcrumb\"},\"inLanguage\":\"hu\",\"potentialAction\":[{\"@type\":\"ReadAction\",\"target\":[\"https:\/\/www.welovecycling.com\/hu\/orszaguti-kerekpar\/amit-a-2020-as-szezonbol-tanultunk\/\"]}]},{\"@type\":\"ImageObject\",\"inLanguage\":\"hu\",\"@id\":\"https:\/\/www.welovecycling.com\/hu\/orszaguti-kerekpar\/amit-a-2020-as-szezonbol-tanultunk\/#primaryimage\",\"url\":\"https:\/\/d2p6e6u75xmxt8.cloudfront.net\/12\/2020\/11\/2020-La-Vuelta-profimedia-0566623390-CVR.jpg\",\"contentUrl\":\"https:\/\/d2p6e6u75xmxt8.cloudfront.net\/12\/2020\/11\/2020-La-Vuelta-profimedia-0566623390-CVR.jpg\",\"width\":1366,\"height\":600,\"caption\":\"La Vuelta 2020\"},{\"@type\":\"BreadcrumbList\",\"@id\":\"https:\/\/www.welovecycling.com\/hu\/orszaguti-kerekpar\/amit-a-2020-as-szezonbol-tanultunk\/#breadcrumb\",\"itemListElement\":[{\"@type\":\"ListItem\",\"position\":1,\"name\":\"Home\",\"item\":\"https:\/\/www.welovecycling.com\/hu\/\"},{\"@type\":\"ListItem\",\"position\":2,\"name\":\"Amit a 2020-as szezonb\u00f3l tanultunk\"}]},{\"@type\":\"WebSite\",\"@id\":\"https:\/\/www.welovecycling.com\/hu\/#website\",\"url\":\"https:\/\/www.welovecycling.com\/hu\/\",\"name\":\"\u0160koda We Love Cycling - Magyarorsz\u00e1g\",\"description\":\"\u0160koda WeLoveCycling\",\"potentialAction\":[{\"@type\":\"SearchAction\",\"target\":{\"@type\":\"EntryPoint\",\"urlTemplate\":\"https:\/\/www.welovecycling.com\/hu\/?s={search_term_string}\"},\"query-input\":{\"@type\":\"PropertyValueSpecification\",\"valueRequired\":true,\"valueName\":\"search_term_string\"}}],\"inLanguage\":\"hu\"},{\"@type\":\"Person\",\"@id\":\"https:\/\/www.welovecycling.com\/hu\/#\/schema\/person\/414a2aebf1801691a5320edb6468e194\",\"name\":\"hegyizs\",\"image\":{\"@type\":\"ImageObject\",\"inLanguage\":\"hu\",\"@id\":\"https:\/\/www.welovecycling.com\/hu\/#\/schema\/person\/image\/\",\"url\":\"https:\/\/secure.gravatar.com\/avatar\/02cf8a7906b8cf90cecb4679defac7cfd33a1c2e3b88e4903d947f3bb58eedd3?s=96&d=mm&r=g\",\"contentUrl\":\"https:\/\/secure.gravatar.com\/avatar\/02cf8a7906b8cf90cecb4679defac7cfd33a1c2e3b88e4903d947f3bb58eedd3?s=96&d=mm&r=g\",\"caption\":\"hegyizs\"},\"url\":\"https:\/\/www.welovecycling.com\/hu\/author\/hegyizs\/\"}]}<\/script>\n<!-- \/ Yoast SEO Premium plugin. -->","yoast_head_json":{"title":"Amit a 2020-as szezonb\u00f3l tanultunk","description":"Sorsford\u00edt\u00f3 id\u0151m\u00e9r\u0151k, 39 m\u00e1sodperces gy\u0151zelem \u00e9s persze a COVID-19. Sok minden t\u00f6rt\u00e9nt az idei, megcs\u00faszott, de el nem maradt szezonban.","robots":{"index":"index","follow":"follow","max-snippet":"max-snippet:-1","max-image-preview":"max-image-preview:large","max-video-preview":"max-video-preview:-1"},"canonical":"https:\/\/www.welovecycling.com\/hu\/orszaguti-kerekpar\/amit-a-2020-as-szezonbol-tanultunk\/","og_locale":"hu_HU","og_type":"article","og_title":"Amit a 2020-as szezonb\u00f3l tanultunk","og_description":"Sorsford\u00edt\u00f3 id\u0151m\u00e9r\u0151k, 39 m\u00e1sodperces gy\u0151zelem \u00e9s persze a COVID-19. Sok minden t\u00f6rt\u00e9nt az idei, megcs\u00faszott, de el nem maradt szezonban.","og_url":"https:\/\/www.welovecycling.com\/hu\/orszaguti-kerekpar\/amit-a-2020-as-szezonbol-tanultunk\/","og_site_name":"\u0160koda We Love Cycling - Magyarorsz\u00e1g","article_publisher":"https:\/\/www.facebook.com\/WeLoveCyclingHungary\/","article_published_time":"2020-11-26T07:00:34+00:00","og_image":[{"width":1366,"height":600,"url":"https:\/\/d2p6e6u75xmxt8.cloudfront.net\/12\/2020\/11\/2020-La-Vuelta-profimedia-0566623390-CVR.jpg","type":"image\/jpeg"}],"author":"hegyizs","twitter_card":"summary_large_image","twitter_misc":{"Written by":"Siegfried Mortkowitz","Est. reading time":"6"},"schema":{"@context":"https:\/\/schema.org","@graph":[{"@type":"WebPage","@id":"https:\/\/www.welovecycling.com\/hu\/orszaguti-kerekpar\/amit-a-2020-as-szezonbol-tanultunk\/","url":"https:\/\/www.welovecycling.com\/hu\/orszaguti-kerekpar\/amit-a-2020-as-szezonbol-tanultunk\/","name":"Amit a 2020-as szezonb\u00f3l tanultunk","isPartOf":{"@id":"https:\/\/www.welovecycling.com\/hu\/#website"},"primaryImageOfPage":{"@id":"https:\/\/www.welovecycling.com\/hu\/orszaguti-kerekpar\/amit-a-2020-as-szezonbol-tanultunk\/#primaryimage"},"image":{"@id":"https:\/\/www.welovecycling.com\/hu\/orszaguti-kerekpar\/amit-a-2020-as-szezonbol-tanultunk\/#primaryimage"},"thumbnailUrl":"https:\/\/d2p6e6u75xmxt8.cloudfront.net\/12\/2020\/11\/2020-La-Vuelta-profimedia-0566623390-CVR.jpg","datePublished":"2020-11-26T07:00:34+00:00","author":{"@id":"https:\/\/www.welovecycling.com\/hu\/#\/schema\/person\/414a2aebf1801691a5320edb6468e194"},"description":"Sorsford\u00edt\u00f3 id\u0151m\u00e9r\u0151k, 39 m\u00e1sodperces gy\u0151zelem \u00e9s persze a COVID-19. Sok minden t\u00f6rt\u00e9nt az idei, megcs\u00faszott, de el nem maradt szezonban.","breadcrumb":{"@id":"https:\/\/www.welovecycling.com\/hu\/orszaguti-kerekpar\/amit-a-2020-as-szezonbol-tanultunk\/#breadcrumb"},"inLanguage":"hu","potentialAction":[{"@type":"ReadAction","target":["https:\/\/www.welovecycling.com\/hu\/orszaguti-kerekpar\/amit-a-2020-as-szezonbol-tanultunk\/"]}]},{"@type":"ImageObject","inLanguage":"hu","@id":"https:\/\/www.welovecycling.com\/hu\/orszaguti-kerekpar\/amit-a-2020-as-szezonbol-tanultunk\/#primaryimage","url":"https:\/\/d2p6e6u75xmxt8.cloudfront.net\/12\/2020\/11\/2020-La-Vuelta-profimedia-0566623390-CVR.jpg","contentUrl":"https:\/\/d2p6e6u75xmxt8.cloudfront.net\/12\/2020\/11\/2020-La-Vuelta-profimedia-0566623390-CVR.jpg","width":1366,"height":600,"caption":"La Vuelta 2020"},{"@type":"BreadcrumbList","@id":"https:\/\/www.welovecycling.com\/hu\/orszaguti-kerekpar\/amit-a-2020-as-szezonbol-tanultunk\/#breadcrumb","itemListElement":[{"@type":"ListItem","position":1,"name":"Home","item":"https:\/\/www.welovecycling.com\/hu\/"},{"@type":"ListItem","position":2,"name":"Amit a 2020-as szezonb\u00f3l tanultunk"}]},{"@type":"WebSite","@id":"https:\/\/www.welovecycling.com\/hu\/#website","url":"https:\/\/www.welovecycling.com\/hu\/","name":"\u0160koda We Love Cycling - Magyarorsz\u00e1g","description":"\u0160koda WeLoveCycling","potentialAction":[{"@type":"SearchAction","target":{"@type":"EntryPoint","urlTemplate":"https:\/\/www.welovecycling.com\/hu\/?s={search_term_string}"},"query-input":{"@type":"PropertyValueSpecification","valueRequired":true,"valueName":"search_term_string"}}],"inLanguage":"hu"},{"@type":"Person","@id":"https:\/\/www.welovecycling.com\/hu\/#\/schema\/person\/414a2aebf1801691a5320edb6468e194","name":"hegyizs","image":{"@type":"ImageObject","inLanguage":"hu","@id":"https:\/\/www.welovecycling.com\/hu\/#\/schema\/person\/image\/","url":"https:\/\/secure.gravatar.com\/avatar\/02cf8a7906b8cf90cecb4679defac7cfd33a1c2e3b88e4903d947f3bb58eedd3?s=96&d=mm&r=g","contentUrl":"https:\/\/secure.gravatar.com\/avatar\/02cf8a7906b8cf90cecb4679defac7cfd33a1c2e3b88e4903d947f3bb58eedd3?s=96&d=mm&r=g","caption":"hegyizs"},"url":"https:\/\/www.welovecycling.com\/hu\/author\/hegyizs\/"}]}},"_links":{"self":[{"href":"https:\/\/www.welovecycling.com\/hu\/wp-json\/wp\/v2\/posts\/9468","targetHints":{"allow":["GET"]}}],"collection":[{"href":"https:\/\/www.welovecycling.com\/hu\/wp-json\/wp\/v2\/posts"}],"about":[{"href":"https:\/\/www.welovecycling.com\/hu\/wp-json\/wp\/v2\/types\/post"}],"author":[{"embeddable":true,"href":"https:\/\/www.welovecycling.com\/hu\/wp-json\/wp\/v2\/users\/71"}],"replies":[{"embeddable":true,"href":"https:\/\/www.welovecycling.com\/hu\/wp-json\/wp\/v2\/comments?post=9468"}],"version-history":[{"count":2,"href":"https:\/\/www.welovecycling.com\/hu\/wp-json\/wp\/v2\/posts\/9468\/revisions"}],"predecessor-version":[{"id":9482,"href":"https:\/\/www.welovecycling.com\/hu\/wp-json\/wp\/v2\/posts\/9468\/revisions\/9482"}],"wp:featuredmedia":[{"embeddable":true,"href":"https:\/\/www.welovecycling.com\/hu\/wp-json\/wp\/v2\/media\/9473"}],"wp:attachment":[{"href":"https:\/\/www.welovecycling.com\/hu\/wp-json\/wp\/v2\/media?parent=9468"}],"wp:term":[{"taxonomy":"category","embeddable":true,"href":"https:\/\/www.welovecycling.com\/hu\/wp-json\/wp\/v2\/categories?post=9468"},{"taxonomy":"post_tag","embeddable":true,"href":"https:\/\/www.welovecycling.com\/hu\/wp-json\/wp\/v2\/tags?post=9468"},{"taxonomy":"global-categories","embeddable":true,"href":"https:\/\/www.welovecycling.com\/hu\/wp-json\/wp\/v2\/global-categories?post=9468"}],"curies":[{"name":"wp","href":"https:\/\/api.w.org\/{rel}","templated":true}]}}