{"id":9460,"date":"2020-11-24T08:00:44","date_gmt":"2020-11-24T07:00:44","guid":{"rendered":"https:\/\/www.welovecycling.com\/hu\/?p=9460"},"modified":"2020-11-23T20:19:29","modified_gmt":"2020-11-23T19:19:29","slug":"a-kerekpar-ami-segitett-nobel-dijat-szerezni","status":"publish","type":"post","link":"https:\/\/www.welovecycling.com\/hu\/kozosseg-es-kultura\/a-kerekpar-ami-segitett-nobel-dijat-szerezni\/","title":{"rendered":"A ker\u00e9kp\u00e1r, ami seg\u00edtett Nobel-d\u00edjat szerezni"},"content":{"rendered":"<p><strong>Ha egy k\u00f6zgazd\u00e1sz a szeg\u00e9nys\u00e9gben \u00e9l\u0151 emberek k\u00f6r\u00fclm\u00e9nyeit kutatja, nem \u00e1rt \u00e1ttanulm\u00e1nyoznia a k\u00f6zleked\u00e9si eszk\u00f6zeiket sem. A Nobel-d\u00edjas, Amartya Sen remek p\u00e9lda arra, hogy hogyan kell ezt j\u00f3l csin\u00e1lni.<\/strong><\/p>\n<p><!--more--><\/p>\n<p>Ha valamikor a stockholmi Nobel-d\u00edj M\u00fazeumban bolyongan\u00e1l, mindenk\u00e9pp keresd meg a biciklit, ami az egyik falon l\u00f3g. Ne t\u00e9vesszen meg a kin\u00e9zete, egy\u00e1ltal\u00e1n nem egy h\u00e9tk\u00f6znapi ker\u00e9kp\u00e1rr\u00f3l van sz\u00f3. Annak idej\u00e9n egyenesen a Nobel-d\u00edjig vitte tulajdonos\u00e1t.<\/p>\n<div class=\"embed-controller-wrapper\">\n<blockquote class=\"twitter-tweet\" data-width=\"500\" data-dnt=\"true\">\n<p lang=\"en\" dir=\"ltr\">Amartya Sen&#39;s bicycle played a certain role in his research on the differences between baby boys and girls. As his assistant got bit by the children when weighing them, Sen decided to bicycle through the countryside of West Bengal, weighing the children himself.<a href=\"https:\/\/twitter.com\/hashtag\/WorldBicycleDay?src=hash&amp;ref_src=twsrc%5Etfw\">#WorldBicycleDay<\/a> <a href=\"https:\/\/t.co\/vsH5TxeZvW\">pic.twitter.com\/vsH5TxeZvW<\/a><\/p>\n<p>&mdash; The Nobel Prize (@NobelPrize) <a href=\"https:\/\/twitter.com\/NobelPrize\/status\/1135541660673355776?ref_src=twsrc%5Etfw\">June 3, 2019<\/a><\/p><\/blockquote>\n<p><script async data-src=\"https:\/\/platform.twitter.com\/widgets.js\" charset=\"utf-8\"><\/script><\/div>\n<p>1998-ban, a neves indiai k\u00f6zgazd\u00e1sz, Amartya Sen az egyenl\u0151tlens\u00e9gr\u0151l, a szeg\u00e9nys\u00e9gr\u0151l \u00e9s a j\u00f3l\u00e9tr\u0151l v\u00e9gzett kutat\u00e1sokat Ind\u00e1ban. A tanulm\u00e1ny egyik szerves r\u00e9szek\u00e9nt Sen a helyi gyermekek \u00e9letk\u00f6r\u00fclm\u00e9nyeit is megvizsg\u00e1lta, pontosabban a kisl\u00e1nyok \u00e9s kisfi\u00fak k\u00f6z\u00f6tti fejl\u0151d\u00e9si k\u00fcl\u00f6nbs\u00e9geket. Az egyik kutat\u00e1si asszisztens azt a feladatot kapta, hogy l\u00e1togasson meg nyugat-beng\u00e1li csal\u00e1dokat \u00e9s m\u00e9rje meg a gyerekeket, azonban sajn\u00e1latos fordulat t\u00f6rt\u00e9nt.<\/p>\n<p>Biztosak vagyunk benne, hogy egyetlen gyerek sem rajong az orvosok\u00e9rt, f\u0151leg ha rendszeresen l\u00e1togat\u00e1st tesznek n\u00e1luk. A kutat\u00e1sban r\u00e9szt vev\u0151 gyerekek elhat\u00e1rozt\u00e1k, hogy tesznek valamit a folytonos vizsg\u00e1latok ellen. A terv\u00fck egyszer\u0171 volt: megharapt\u00e1k a szeg\u00e9ny asszisztenst. Tal\u00e1n viccesnek t\u0171nik a t\u00f6rt\u00e9net, de val\u00f3j\u00e1ban majdnem elbukott miatta az eg\u00e9sz kutat\u00e1s, a kutat\u00f3csoport ugyanis a t\u00f6rt\u00e9ntek ut\u00e1n nem volt hajland\u00f3 elhagyni az egyetemi campust.<\/p>\n<div class=\"embed-controller-wrapper\">\n<blockquote class=\"twitter-tweet\" data-width=\"500\" data-dnt=\"true\">\n<p lang=\"en\" dir=\"ltr\">Amartya Sen&#39;s fieldwork bike from the 1970s. At the Nobel Museum, Stockholm. <a href=\"http:\/\/t.co\/GHLR5zjyV0\">pic.twitter.com\/GHLR5zjyV0<\/a><\/p>\n<p>&mdash; Julio D Davila (@DavilaJulio) <a href=\"https:\/\/twitter.com\/DavilaJulio\/status\/610776421112393728?ref_src=twsrc%5Etfw\">June 16, 2015<\/a><\/p><\/blockquote>\n<p><script async data-src=\"https:\/\/platform.twitter.com\/widgets.js\" charset=\"utf-8\"><\/script><\/div>\n<p>Szerencs\u00e9re Sen tudta, hogy a nagy kutat\u00e1sok\u00e9rt \u00e1ldozatokat kell hozni, \u00edgy biciklij\u00e9re \u00fclt \u00e9s maga indult el, hogy az eg\u00e9sz vid\u00e9ken \u00e1ttekerve megm\u00e9rje a gyerekeket. Az adatokat k\u00e9s\u0151bb felhaszn\u00e1lta a Hum\u00e1n Fejleszt\u00e9si Index megtervez\u00e9se sor\u00e1n, amely egy olyan eszk\u00f6z, amivel egy orsz\u00e1g gazdas\u00e1gi n\u00f6veked\u00e9se mellett az itt \u00e9l\u0151 emberek k\u00e9pess\u00e9geit \u00e9s lehet\u0151s\u00e9geit is m\u00e9ri.<\/p>\n<p>1998-ban Amartya Sen Nobel-d\u00edjat kapott tanulm\u00e1nyai\u00e9rt, ker\u00e9kp\u00e1rja pedig ki\u00e1ll\u00edt\u00e1sra ker\u00fclt a m\u00fazeumban. Meg\u00e9rte az a n\u00e9h\u00e1ny harap\u00e1s!<\/p>\n","protected":false},"excerpt":{"rendered":"<p>Ha egy k\u00f6zgazd\u00e1sz a szeg\u00e9nys\u00e9gben \u00e9l\u0151 emberek k\u00f6r\u00fclm\u00e9nyeit kutatja, nem \u00e1rt \u00e1ttanulm\u00e1nyoznia a k\u00f6zleked\u00e9si eszk\u00f6zeiket sem. A Nobel-d\u00edjas, Amartya Sen [&hellip;]<\/p>\n","protected":false},"author":71,"featured_media":9463,"comment_status":"open","ping_status":"open","sticky":false,"template":"","format":"standard","meta":{"footnotes":""},"categories":[12],"tags":[],"global-categories":[],"class_list":["post-9460","post","type-post","status-publish","format-standard","has-post-thumbnail","hentry","category-kozosseg-es-kultura"],"yoast_head":"<!-- This site is optimized with the Yoast SEO Premium plugin v25.3 (Yoast SEO v25.9) - https:\/\/yoast.com\/wordpress\/plugins\/seo\/ -->\n<title>A ker\u00e9kp\u00e1r, ami seg\u00edtett Nobel-d\u00edjat szerezni<\/title>\n<meta name=\"description\" content=\"Ha egy k\u00f6zgazd\u00e1sz a szeg\u00e9nys\u00e9gben \u00e9l\u0151 emberek k\u00f6r\u00fclm\u00e9nyeit kutatja, nem \u00e1rt \u00e1ttanulm\u00e1nyoznia a k\u00f6zleked\u00e9si eszk\u00f6zeiket sem.\" \/>\n<meta name=\"robots\" content=\"index, follow, max-snippet:-1, max-image-preview:large, max-video-preview:-1\" \/>\n<link rel=\"canonical\" href=\"https:\/\/www.welovecycling.com\/hu\/kozosseg-es-kultura\/a-kerekpar-ami-segitett-nobel-dijat-szerezni\/\" \/>\n<meta property=\"og:locale\" content=\"hu_HU\" \/>\n<meta property=\"og:type\" content=\"article\" \/>\n<meta property=\"og:title\" content=\"A ker\u00e9kp\u00e1r, ami seg\u00edtett Nobel-d\u00edjat szerezni\" \/>\n<meta property=\"og:description\" content=\"Ha egy k\u00f6zgazd\u00e1sz a szeg\u00e9nys\u00e9gben \u00e9l\u0151 emberek k\u00f6r\u00fclm\u00e9nyeit kutatja, nem \u00e1rt \u00e1ttanulm\u00e1nyoznia a k\u00f6zleked\u00e9si eszk\u00f6zeiket sem. A Nobel-d\u00edjas, Amartya Sen remek p\u00e9lda arra, hogy hogyan kell ezt j\u00f3l csin\u00e1lni.\" \/>\n<meta property=\"og:url\" content=\"https:\/\/www.welovecycling.com\/hu\/kozosseg-es-kultura\/a-kerekpar-ami-segitett-nobel-dijat-szerezni\/\" \/>\n<meta property=\"og:site_name\" content=\"\u0160koda We Love Cycling - Magyarorsz\u00e1g\" \/>\n<meta property=\"article:publisher\" content=\"https:\/\/www.facebook.com\/WeLoveCyclingHungary\/\" \/>\n<meta property=\"article:published_time\" content=\"2020-11-24T07:00:44+00:00\" \/>\n<meta property=\"og:image\" content=\"https:\/\/d2p6e6u75xmxt8.cloudfront.net\/12\/2020\/11\/Nobel-Museum-profimedia-0305775757-CVR.jpg\" \/>\n\t<meta property=\"og:image:width\" content=\"1366\" \/>\n\t<meta property=\"og:image:height\" content=\"600\" \/>\n\t<meta property=\"og:image:type\" content=\"image\/jpeg\" \/>\n<meta name=\"author\" content=\"hegyizs\" \/>\n<meta name=\"twitter:card\" content=\"summary_large_image\" \/>\n<meta name=\"twitter:label1\" content=\"Written by\" \/>\n\t<meta name=\"twitter:data1\" content=\"Tereza Antonova\" \/>\n\t<meta name=\"twitter:label2\" content=\"Est. reading time\" \/>\n\t<meta name=\"twitter:data2\" content=\"5\" \/>\n<script type=\"application\/ld+json\" class=\"yoast-schema-graph\">{\"@context\":\"https:\/\/schema.org\",\"@graph\":[{\"@type\":\"WebPage\",\"@id\":\"https:\/\/www.welovecycling.com\/hu\/kozosseg-es-kultura\/a-kerekpar-ami-segitett-nobel-dijat-szerezni\/\",\"url\":\"https:\/\/www.welovecycling.com\/hu\/kozosseg-es-kultura\/a-kerekpar-ami-segitett-nobel-dijat-szerezni\/\",\"name\":\"A ker\u00e9kp\u00e1r, ami seg\u00edtett Nobel-d\u00edjat szerezni\",\"isPartOf\":{\"@id\":\"https:\/\/www.welovecycling.com\/hu\/#website\"},\"primaryImageOfPage\":{\"@id\":\"https:\/\/www.welovecycling.com\/hu\/kozosseg-es-kultura\/a-kerekpar-ami-segitett-nobel-dijat-szerezni\/#primaryimage\"},\"image\":{\"@id\":\"https:\/\/www.welovecycling.com\/hu\/kozosseg-es-kultura\/a-kerekpar-ami-segitett-nobel-dijat-szerezni\/#primaryimage\"},\"thumbnailUrl\":\"https:\/\/d2p6e6u75xmxt8.cloudfront.net\/12\/2020\/11\/Nobel-Museum-profimedia-0305775757-CVR.jpg\",\"datePublished\":\"2020-11-24T07:00:44+00:00\",\"author\":{\"@id\":\"https:\/\/www.welovecycling.com\/hu\/#\/schema\/person\/414a2aebf1801691a5320edb6468e194\"},\"description\":\"Ha egy k\u00f6zgazd\u00e1sz a szeg\u00e9nys\u00e9gben \u00e9l\u0151 emberek k\u00f6r\u00fclm\u00e9nyeit kutatja, nem \u00e1rt \u00e1ttanulm\u00e1nyoznia a k\u00f6zleked\u00e9si eszk\u00f6zeiket sem.\",\"breadcrumb\":{\"@id\":\"https:\/\/www.welovecycling.com\/hu\/kozosseg-es-kultura\/a-kerekpar-ami-segitett-nobel-dijat-szerezni\/#breadcrumb\"},\"inLanguage\":\"hu\",\"potentialAction\":[{\"@type\":\"ReadAction\",\"target\":[\"https:\/\/www.welovecycling.com\/hu\/kozosseg-es-kultura\/a-kerekpar-ami-segitett-nobel-dijat-szerezni\/\"]}]},{\"@type\":\"ImageObject\",\"inLanguage\":\"hu\",\"@id\":\"https:\/\/www.welovecycling.com\/hu\/kozosseg-es-kultura\/a-kerekpar-ami-segitett-nobel-dijat-szerezni\/#primaryimage\",\"url\":\"https:\/\/d2p6e6u75xmxt8.cloudfront.net\/12\/2020\/11\/Nobel-Museum-profimedia-0305775757-CVR.jpg\",\"contentUrl\":\"https:\/\/d2p6e6u75xmxt8.cloudfront.net\/12\/2020\/11\/Nobel-Museum-profimedia-0305775757-CVR.jpg\",\"width\":1366,\"height\":600,\"caption\":\"Nobel Museum\"},{\"@type\":\"BreadcrumbList\",\"@id\":\"https:\/\/www.welovecycling.com\/hu\/kozosseg-es-kultura\/a-kerekpar-ami-segitett-nobel-dijat-szerezni\/#breadcrumb\",\"itemListElement\":[{\"@type\":\"ListItem\",\"position\":1,\"name\":\"Home\",\"item\":\"https:\/\/www.welovecycling.com\/hu\/\"},{\"@type\":\"ListItem\",\"position\":2,\"name\":\"A ker\u00e9kp\u00e1r, ami seg\u00edtett Nobel-d\u00edjat szerezni\"}]},{\"@type\":\"WebSite\",\"@id\":\"https:\/\/www.welovecycling.com\/hu\/#website\",\"url\":\"https:\/\/www.welovecycling.com\/hu\/\",\"name\":\"\u0160koda We Love Cycling - Magyarorsz\u00e1g\",\"description\":\"\u0160koda WeLoveCycling\",\"potentialAction\":[{\"@type\":\"SearchAction\",\"target\":{\"@type\":\"EntryPoint\",\"urlTemplate\":\"https:\/\/www.welovecycling.com\/hu\/?s={search_term_string}\"},\"query-input\":{\"@type\":\"PropertyValueSpecification\",\"valueRequired\":true,\"valueName\":\"search_term_string\"}}],\"inLanguage\":\"hu\"},{\"@type\":\"Person\",\"@id\":\"https:\/\/www.welovecycling.com\/hu\/#\/schema\/person\/414a2aebf1801691a5320edb6468e194\",\"name\":\"hegyizs\",\"image\":{\"@type\":\"ImageObject\",\"inLanguage\":\"hu\",\"@id\":\"https:\/\/www.welovecycling.com\/hu\/#\/schema\/person\/image\/\",\"url\":\"https:\/\/secure.gravatar.com\/avatar\/02cf8a7906b8cf90cecb4679defac7cfd33a1c2e3b88e4903d947f3bb58eedd3?s=96&d=mm&r=g\",\"contentUrl\":\"https:\/\/secure.gravatar.com\/avatar\/02cf8a7906b8cf90cecb4679defac7cfd33a1c2e3b88e4903d947f3bb58eedd3?s=96&d=mm&r=g\",\"caption\":\"hegyizs\"},\"url\":\"https:\/\/www.welovecycling.com\/hu\/author\/hegyizs\/\"}]}<\/script>\n<!-- \/ Yoast SEO Premium plugin. -->","yoast_head_json":{"title":"A ker\u00e9kp\u00e1r, ami seg\u00edtett Nobel-d\u00edjat szerezni","description":"Ha egy k\u00f6zgazd\u00e1sz a szeg\u00e9nys\u00e9gben \u00e9l\u0151 emberek k\u00f6r\u00fclm\u00e9nyeit kutatja, nem \u00e1rt \u00e1ttanulm\u00e1nyoznia a k\u00f6zleked\u00e9si eszk\u00f6zeiket sem.","robots":{"index":"index","follow":"follow","max-snippet":"max-snippet:-1","max-image-preview":"max-image-preview:large","max-video-preview":"max-video-preview:-1"},"canonical":"https:\/\/www.welovecycling.com\/hu\/kozosseg-es-kultura\/a-kerekpar-ami-segitett-nobel-dijat-szerezni\/","og_locale":"hu_HU","og_type":"article","og_title":"A ker\u00e9kp\u00e1r, ami seg\u00edtett Nobel-d\u00edjat szerezni","og_description":"Ha egy k\u00f6zgazd\u00e1sz a szeg\u00e9nys\u00e9gben \u00e9l\u0151 emberek k\u00f6r\u00fclm\u00e9nyeit kutatja, nem \u00e1rt \u00e1ttanulm\u00e1nyoznia a k\u00f6zleked\u00e9si eszk\u00f6zeiket sem. A Nobel-d\u00edjas, Amartya Sen remek p\u00e9lda arra, hogy hogyan kell ezt j\u00f3l csin\u00e1lni.","og_url":"https:\/\/www.welovecycling.com\/hu\/kozosseg-es-kultura\/a-kerekpar-ami-segitett-nobel-dijat-szerezni\/","og_site_name":"\u0160koda We Love Cycling - Magyarorsz\u00e1g","article_publisher":"https:\/\/www.facebook.com\/WeLoveCyclingHungary\/","article_published_time":"2020-11-24T07:00:44+00:00","og_image":[{"width":1366,"height":600,"url":"https:\/\/d2p6e6u75xmxt8.cloudfront.net\/12\/2020\/11\/Nobel-Museum-profimedia-0305775757-CVR.jpg","type":"image\/jpeg"}],"author":"hegyizs","twitter_card":"summary_large_image","twitter_misc":{"Written by":"Tereza Antonova","Est. reading time":"5"},"schema":{"@context":"https:\/\/schema.org","@graph":[{"@type":"WebPage","@id":"https:\/\/www.welovecycling.com\/hu\/kozosseg-es-kultura\/a-kerekpar-ami-segitett-nobel-dijat-szerezni\/","url":"https:\/\/www.welovecycling.com\/hu\/kozosseg-es-kultura\/a-kerekpar-ami-segitett-nobel-dijat-szerezni\/","name":"A ker\u00e9kp\u00e1r, ami seg\u00edtett Nobel-d\u00edjat szerezni","isPartOf":{"@id":"https:\/\/www.welovecycling.com\/hu\/#website"},"primaryImageOfPage":{"@id":"https:\/\/www.welovecycling.com\/hu\/kozosseg-es-kultura\/a-kerekpar-ami-segitett-nobel-dijat-szerezni\/#primaryimage"},"image":{"@id":"https:\/\/www.welovecycling.com\/hu\/kozosseg-es-kultura\/a-kerekpar-ami-segitett-nobel-dijat-szerezni\/#primaryimage"},"thumbnailUrl":"https:\/\/d2p6e6u75xmxt8.cloudfront.net\/12\/2020\/11\/Nobel-Museum-profimedia-0305775757-CVR.jpg","datePublished":"2020-11-24T07:00:44+00:00","author":{"@id":"https:\/\/www.welovecycling.com\/hu\/#\/schema\/person\/414a2aebf1801691a5320edb6468e194"},"description":"Ha egy k\u00f6zgazd\u00e1sz a szeg\u00e9nys\u00e9gben \u00e9l\u0151 emberek k\u00f6r\u00fclm\u00e9nyeit kutatja, nem \u00e1rt \u00e1ttanulm\u00e1nyoznia a k\u00f6zleked\u00e9si eszk\u00f6zeiket sem.","breadcrumb":{"@id":"https:\/\/www.welovecycling.com\/hu\/kozosseg-es-kultura\/a-kerekpar-ami-segitett-nobel-dijat-szerezni\/#breadcrumb"},"inLanguage":"hu","potentialAction":[{"@type":"ReadAction","target":["https:\/\/www.welovecycling.com\/hu\/kozosseg-es-kultura\/a-kerekpar-ami-segitett-nobel-dijat-szerezni\/"]}]},{"@type":"ImageObject","inLanguage":"hu","@id":"https:\/\/www.welovecycling.com\/hu\/kozosseg-es-kultura\/a-kerekpar-ami-segitett-nobel-dijat-szerezni\/#primaryimage","url":"https:\/\/d2p6e6u75xmxt8.cloudfront.net\/12\/2020\/11\/Nobel-Museum-profimedia-0305775757-CVR.jpg","contentUrl":"https:\/\/d2p6e6u75xmxt8.cloudfront.net\/12\/2020\/11\/Nobel-Museum-profimedia-0305775757-CVR.jpg","width":1366,"height":600,"caption":"Nobel Museum"},{"@type":"BreadcrumbList","@id":"https:\/\/www.welovecycling.com\/hu\/kozosseg-es-kultura\/a-kerekpar-ami-segitett-nobel-dijat-szerezni\/#breadcrumb","itemListElement":[{"@type":"ListItem","position":1,"name":"Home","item":"https:\/\/www.welovecycling.com\/hu\/"},{"@type":"ListItem","position":2,"name":"A ker\u00e9kp\u00e1r, ami seg\u00edtett Nobel-d\u00edjat szerezni"}]},{"@type":"WebSite","@id":"https:\/\/www.welovecycling.com\/hu\/#website","url":"https:\/\/www.welovecycling.com\/hu\/","name":"\u0160koda We Love Cycling - Magyarorsz\u00e1g","description":"\u0160koda WeLoveCycling","potentialAction":[{"@type":"SearchAction","target":{"@type":"EntryPoint","urlTemplate":"https:\/\/www.welovecycling.com\/hu\/?s={search_term_string}"},"query-input":{"@type":"PropertyValueSpecification","valueRequired":true,"valueName":"search_term_string"}}],"inLanguage":"hu"},{"@type":"Person","@id":"https:\/\/www.welovecycling.com\/hu\/#\/schema\/person\/414a2aebf1801691a5320edb6468e194","name":"hegyizs","image":{"@type":"ImageObject","inLanguage":"hu","@id":"https:\/\/www.welovecycling.com\/hu\/#\/schema\/person\/image\/","url":"https:\/\/secure.gravatar.com\/avatar\/02cf8a7906b8cf90cecb4679defac7cfd33a1c2e3b88e4903d947f3bb58eedd3?s=96&d=mm&r=g","contentUrl":"https:\/\/secure.gravatar.com\/avatar\/02cf8a7906b8cf90cecb4679defac7cfd33a1c2e3b88e4903d947f3bb58eedd3?s=96&d=mm&r=g","caption":"hegyizs"},"url":"https:\/\/www.welovecycling.com\/hu\/author\/hegyizs\/"}]}},"_links":{"self":[{"href":"https:\/\/www.welovecycling.com\/hu\/wp-json\/wp\/v2\/posts\/9460","targetHints":{"allow":["GET"]}}],"collection":[{"href":"https:\/\/www.welovecycling.com\/hu\/wp-json\/wp\/v2\/posts"}],"about":[{"href":"https:\/\/www.welovecycling.com\/hu\/wp-json\/wp\/v2\/types\/post"}],"author":[{"embeddable":true,"href":"https:\/\/www.welovecycling.com\/hu\/wp-json\/wp\/v2\/users\/71"}],"replies":[{"embeddable":true,"href":"https:\/\/www.welovecycling.com\/hu\/wp-json\/wp\/v2\/comments?post=9460"}],"version-history":[{"count":1,"href":"https:\/\/www.welovecycling.com\/hu\/wp-json\/wp\/v2\/posts\/9460\/revisions"}],"predecessor-version":[{"id":9480,"href":"https:\/\/www.welovecycling.com\/hu\/wp-json\/wp\/v2\/posts\/9460\/revisions\/9480"}],"wp:featuredmedia":[{"embeddable":true,"href":"https:\/\/www.welovecycling.com\/hu\/wp-json\/wp\/v2\/media\/9463"}],"wp:attachment":[{"href":"https:\/\/www.welovecycling.com\/hu\/wp-json\/wp\/v2\/media?parent=9460"}],"wp:term":[{"taxonomy":"category","embeddable":true,"href":"https:\/\/www.welovecycling.com\/hu\/wp-json\/wp\/v2\/categories?post=9460"},{"taxonomy":"post_tag","embeddable":true,"href":"https:\/\/www.welovecycling.com\/hu\/wp-json\/wp\/v2\/tags?post=9460"},{"taxonomy":"global-categories","embeddable":true,"href":"https:\/\/www.welovecycling.com\/hu\/wp-json\/wp\/v2\/global-categories?post=9460"}],"curies":[{"name":"wp","href":"https:\/\/api.w.org\/{rel}","templated":true}]}}