{"id":9454,"date":"2020-11-28T08:00:57","date_gmt":"2020-11-28T07:00:57","guid":{"rendered":"https:\/\/www.welovecycling.com\/hu\/?p=9454"},"modified":"2020-11-24T10:22:59","modified_gmt":"2020-11-24T09:22:59","slug":"bringaval-jarni-dolgozni-meglepoen-tanulsagos","status":"publish","type":"post","link":"https:\/\/www.welovecycling.com\/hu\/varosi-kerekparozas\/bringaval-jarni-dolgozni-meglepoen-tanulsagos\/","title":{"rendered":"Bring\u00e1val j\u00e1rni dolgozni meglep\u0151en tanuls\u00e1gos"},"content":{"rendered":"<p><strong>Biciklivel j\u00e1rni munkahelyre nem csak \u00e9rt\u00e9kes percek megtakar\u00edt\u00e1s\u00e1t \u00e9s a t\u00f6megk\u00f6zleked\u00e9si eszk\u00f6z\u00f6kt\u0151l val\u00f3 t\u00e1volmarad\u00e1st jelenti. T\u00f6bb rejtett \u00e9s l\u00e1that\u00f3 el\u0151nye is van, ha huzamosabb ideig csin\u00e1lod. \u00c9n ezeket tanultam az elm\u00falt \u00e9vben.<\/strong><\/p>\n<p><!--more--><\/p>\n<p>\u00d6rvendetes meglepet\u00e9s volt sz\u00e1momra, hogy a legt\u00f6bb sof\u0151r, akivel tal\u00e1lkoztam, nagyon kedves volt. Aki mindennap bej\u00e1r, elker\u00fclhetetlen\u00fcl tal\u00e1lkozni fog agressz\u00edv emberekkel, de az utat haszn\u00e1l\u00f3k t\u00f6bbs\u00e9ge nem ilyen. Pr\u00e1g\u00e1ban legal\u00e1bbis \u00edgy van!<\/p>\n<figure id=\"attachment_9455\" aria-describedby=\"caption-attachment-9455\" style=\"width: 1024px\" class=\"wp-caption alignnone\"><a href=\"https:\/\/d2p6e6u75xmxt8.cloudfront.net\/2\/2020\/11\/Prague-profimedia-0285162203.jpg\"><img loading=\"lazy\" decoding=\"async\" class=\"size-large wp-image-9455\" src=\"https:\/\/d2p6e6u75xmxt8.cloudfront.net\/12\/2020\/11\/Prague-profimedia-0285162203-1024x673.jpg\" alt=\"Cyclist in Prague\" width=\"1024\" height=\"673\" srcset=\"https:\/\/d2p6e6u75xmxt8.cloudfront.net\/12\/2020\/11\/Prague-profimedia-0285162203-1024x673.jpg 1024w, https:\/\/d2p6e6u75xmxt8.cloudfront.net\/12\/2020\/11\/Prague-profimedia-0285162203-300x197.jpg 300w, https:\/\/d2p6e6u75xmxt8.cloudfront.net\/12\/2020\/11\/Prague-profimedia-0285162203-768x505.jpg 768w, https:\/\/d2p6e6u75xmxt8.cloudfront.net\/12\/2020\/11\/Prague-profimedia-0285162203.jpg 1250w\" sizes=\"auto, (max-width: 1024px) 100vw, 1024px\" \/><\/a><figcaption id=\"caption-attachment-9455\" class=\"wp-caption-text\"><em>Sz\u00e1mos el\u0151nye van a biciklivel val\u00f3 bej\u00e1r\u00e1snak. \u00a9 Profimedia<\/em><\/figcaption><\/figure>\n<p>A l\u00e1mp\u00e1k m\u0171k\u00f6dnek! A korm\u00e1nyon feh\u00e9r els\u0151 l\u00e1mp\u00e1val, valamint a t\u00e1sk\u00e1mra \u00e9s az \u00fcl\u00e9soszlopra szerelt k\u00e9t piros l\u00e1mp\u00e1val magabiztosan k\u00f6zlekedhettem, an\u00e9lk\u00fcl, hogy azon kellett volna agg\u00f3dnom, hogy az elhalad\u00f3 sof\u0151r\u00f6k nem vesznek \u00e9szre. \u00dagy gondolom, hogy a j\u00f3 l\u00e1that\u00f3s\u00e1g jobb kommunik\u00e1ci\u00f3t jelent a ker\u00e9kp\u00e1rosok \u00e9s a sof\u0151r\u00f6k k\u00f6z\u00f6tt, \u00edgy nagyobb forgalomban is tudnak figyelni r\u00e1m.<\/p>\n<p>K\u00e9tszer olyan gyorsan \u00e9rtem be az irod\u00e1mba k\u00e9t ker\u00e9ken, mintha t\u00f6megk\u00f6zleked\u00e9st haszn\u00e1ltam volna. Az \u00e9p\u00fclet nagyj\u00e1b\u00f3l 15 percre van a buszmeg\u00e1ll\u00f3t\u00f3l, bring\u00e1val azonban ez a t\u00e1v k\u00e9t perc alatt megvolt. R\u00e1ad\u00e1sul nem kellett csatlakoz\u00e1st v\u00e1rnom, \u00edgy 20 perc alatt bent is voltam. R\u00e9gebben, villamossal \u00e9s busszal legal\u00e1bb f\u00e9l \u00f3ra volt az \u00fat.<\/p>\n<p>Ha biciklizek, rengeteg olyan emberrel tal\u00e1lkozom, akikkel egy\u00e9bk\u00e9nt nem tenn\u00e9m. Ny\u00e1ron sokszor belefutottam egy-egy ismer\u0151sbe. Ha villamoson \u00fcltem volna, es\u00e9lytelen lett volna \u00fcdv\u00f6z\u00f6lni a r\u00e9gi bar\u00e1tokat \u00e9s besz\u00e9lni vel\u00fck p\u00e1r sz\u00f3t! Ezek a pillanatok m\u00e9g \u00e9rt\u00e9kesebbek most, a karant\u00e9n alatt, amikor nehezebb tartanunk a kapcsolatot.<\/p>\n<figure id=\"attachment_9456\" aria-describedby=\"caption-attachment-9456\" style=\"width: 1024px\" class=\"wp-caption alignnone\"><a href=\"https:\/\/d2p6e6u75xmxt8.cloudfront.net\/2\/2020\/11\/Prague-profimedia-0255209413.jpg\"><img loading=\"lazy\" decoding=\"async\" class=\"size-large wp-image-9456\" src=\"https:\/\/d2p6e6u75xmxt8.cloudfront.net\/12\/2020\/11\/Prague-profimedia-0255209413-1024x768.jpg\" alt=\"Cyclist in Prague\" width=\"1024\" height=\"768\" srcset=\"https:\/\/d2p6e6u75xmxt8.cloudfront.net\/12\/2020\/11\/Prague-profimedia-0255209413-1024x768.jpg 1024w, https:\/\/d2p6e6u75xmxt8.cloudfront.net\/12\/2020\/11\/Prague-profimedia-0255209413-300x225.jpg 300w, https:\/\/d2p6e6u75xmxt8.cloudfront.net\/12\/2020\/11\/Prague-profimedia-0255209413-768x576.jpg 768w, https:\/\/d2p6e6u75xmxt8.cloudfront.net\/12\/2020\/11\/Prague-profimedia-0255209413.jpg 1250w\" sizes=\"auto, (max-width: 1024px) 100vw, 1024px\" \/><\/a><figcaption id=\"caption-attachment-9456\" class=\"wp-caption-text\"><em>A bicikliz\u00e9snek k\u00f6sz\u00f6nhet\u0151en t\u00f6bb emberrel tal\u00e1lkozhatsz. \u00a9 Profimedia<\/em><\/figcaption><\/figure>\n<p>Annak ellen\u00e9re, hogy nem t\u00fal hossz\u00fa az \u00fat, mivel mindennap megtettem k\u00e9tszer, fizikailag is er\u0151sebb lettem. 40 perc sporttev\u00e9kenys\u00e9g, amit nem az egy\u00e9b teend\u0151k, vagy a csal\u00e1di programok idej\u00e9b\u0151l kell elvonni!<\/p>\n<p>Emellett \u00edgy, hogy minden reggel kitisztult a fejem, javult a koncentr\u00e1ci\u00f3m, \u00e9s hat\u00e9konyabban tudtam dolgozni. Alig v\u00e1rtam, hogy rendezzem a feladataimat, \u00e9s nem szippantott be a k\u00f6z\u00f6ss\u00e9gi m\u00e9dia reggelente, ahogy m\u00e1skor! Hazafel\u00e9 pedig levezettem a nap k\u00f6zben felgy\u0171lt stresszt.<\/p>\n<figure id=\"attachment_9457\" aria-describedby=\"caption-attachment-9457\" style=\"width: 1024px\" class=\"wp-caption alignnone\"><a href=\"https:\/\/d2p6e6u75xmxt8.cloudfront.net\/2\/2020\/11\/Prague-profimedia-0226439739.jpg\"><img loading=\"lazy\" decoding=\"async\" class=\"size-large wp-image-9457\" src=\"https:\/\/d2p6e6u75xmxt8.cloudfront.net\/12\/2020\/11\/Prague-profimedia-0226439739-1024x681.jpg\" alt=\"Prague Cyclist\" width=\"1024\" height=\"681\" srcset=\"https:\/\/d2p6e6u75xmxt8.cloudfront.net\/12\/2020\/11\/Prague-profimedia-0226439739-1024x681.jpg 1024w, https:\/\/d2p6e6u75xmxt8.cloudfront.net\/12\/2020\/11\/Prague-profimedia-0226439739-300x199.jpg 300w, https:\/\/d2p6e6u75xmxt8.cloudfront.net\/12\/2020\/11\/Prague-profimedia-0226439739-768x511.jpg 768w, https:\/\/d2p6e6u75xmxt8.cloudfront.net\/12\/2020\/11\/Prague-profimedia-0226439739-272x182.jpg 272w, https:\/\/d2p6e6u75xmxt8.cloudfront.net\/12\/2020\/11\/Prague-profimedia-0226439739.jpg 1250w\" sizes=\"auto, (max-width: 1024px) 100vw, 1024px\" \/><\/a><figcaption id=\"caption-attachment-9457\" class=\"wp-caption-text\"><em>A bicikliz\u00e9s seg\u00edt a stresszkezel\u00e9sben. \u00a9 Profimedia<\/em><\/figcaption><\/figure>\n<p>Annak ellen\u00e9re, hogy Pr\u00e1ga \u00f3v\u00e1ros\u00e1ban nincs a ker\u00e9kp\u00e1rosoknak sebess\u00e9gkorl\u00e1toz\u00e1s, k\u00e9nyelmesebbnek tal\u00e1ltam, ha lassabban haladok, nagyj\u00e1b\u00f3l a gyalogosok s\u00e9tatemp\u00f3j\u00e1nak megfelel\u0151en. \u00cdgy nem volt fesz\u00fclts\u00e9g k\u00f6zt\u00fcnk, ami hozz\u00e1j\u00e1rult az \u00e1ltal\u00e1nos pozit\u00edv \u00e9rz\u00e9shez, amit a bicikliz\u00e9s ny\u00fajtott. Megjegyz\u00e9s: ne keverd \u00f6ssze a gyalogos \u00f6vezeteket a j\u00e1rd\u00e1kkal! El\u0151bbin szabad ker\u00e9kp\u00e1rral k\u00f6zlekedni, ut\u00f3bbin viszont nem!<\/p>\n<p>Naponta ellen\u0151riztem a biciklim m\u0171szaki \u00e1llapot\u00e1t, hogy minden reggel magabiztosan indulhassak el vele. Mindent megtanultam, a gumiabroncsok nyom\u00e1s\u00e1t\u00f3l kezdve a f\u00e9kbet\u00e9tek \u00e9s a l\u00e1nc \u00e1llapot\u00e1ig! Te mivel j\u00e1rsz dolgozni?<\/p>\n","protected":false},"excerpt":{"rendered":"<p>Biciklivel j\u00e1rni munkahelyre nem csak \u00e9rt\u00e9kes percek megtakar\u00edt\u00e1s\u00e1t \u00e9s a t\u00f6megk\u00f6zleked\u00e9si eszk\u00f6z\u00f6kt\u0151l val\u00f3 t\u00e1volmarad\u00e1st jelenti. T\u00f6bb rejtett \u00e9s l\u00e1that\u00f3 el\u0151nye [&hellip;]<\/p>\n","protected":false},"author":71,"featured_media":9459,"comment_status":"open","ping_status":"open","sticky":false,"template":"","format":"standard","meta":{"footnotes":""},"categories":[9],"tags":[],"global-categories":[],"class_list":["post-9454","post","type-post","status-publish","format-standard","has-post-thumbnail","hentry","category-varosi-kerekparozas"],"yoast_head":"<!-- This site is optimized with the Yoast SEO Premium plugin v25.3 (Yoast SEO v25.9) - https:\/\/yoast.com\/wordpress\/plugins\/seo\/ -->\n<title>Bring\u00e1val j\u00e1rni dolgozni meglep\u0151en tanuls\u00e1gos<\/title>\n<meta name=\"description\" content=\"Biciklivel j\u00e1rni munkahelyre nem csak \u00e9rt\u00e9kes percek megtakar\u00edt\u00e1s\u00e1t \u00e9s a t\u00f6megk\u00f6zleked\u00e9si eszk\u00f6z\u00f6kt\u0151l val\u00f3 t\u00e1volmarad\u00e1st jelenti.\" \/>\n<meta name=\"robots\" content=\"index, follow, max-snippet:-1, max-image-preview:large, max-video-preview:-1\" \/>\n<link rel=\"canonical\" href=\"https:\/\/www.welovecycling.com\/hu\/varosi-kerekparozas\/bringaval-jarni-dolgozni-meglepoen-tanulsagos\/\" \/>\n<meta property=\"og:locale\" content=\"hu_HU\" \/>\n<meta property=\"og:type\" content=\"article\" \/>\n<meta property=\"og:title\" content=\"Bring\u00e1val j\u00e1rni dolgozni meglep\u0151en tanuls\u00e1gos\" \/>\n<meta property=\"og:description\" content=\"Biciklivel j\u00e1rni munkahelyre nem csak \u00e9rt\u00e9kes percek megtakar\u00edt\u00e1s\u00e1t \u00e9s a t\u00f6megk\u00f6zleked\u00e9si eszk\u00f6z\u00f6kt\u0151l val\u00f3 t\u00e1volmarad\u00e1st jelenti. T\u00f6bb rejtett \u00e9s l\u00e1that\u00f3 el\u0151nye is van, ha huzamosabb ideig csin\u00e1lod. \u00c9n ezeket tanultam az elm\u00falt \u00e9vben.\" \/>\n<meta property=\"og:url\" content=\"https:\/\/www.welovecycling.com\/hu\/varosi-kerekparozas\/bringaval-jarni-dolgozni-meglepoen-tanulsagos\/\" \/>\n<meta property=\"og:site_name\" content=\"\u0160koda We Love Cycling - Magyarorsz\u00e1g\" \/>\n<meta property=\"article:publisher\" content=\"https:\/\/www.facebook.com\/WeLoveCyclingHungary\/\" \/>\n<meta property=\"article:published_time\" content=\"2020-11-28T07:00:57+00:00\" \/>\n<meta property=\"og:image\" content=\"https:\/\/d2p6e6u75xmxt8.cloudfront.net\/12\/2020\/11\/Prague-cycling-handlebars-CVR.jpg\" \/>\n\t<meta property=\"og:image:width\" content=\"1366\" \/>\n\t<meta property=\"og:image:height\" content=\"600\" \/>\n\t<meta property=\"og:image:type\" content=\"image\/jpeg\" \/>\n<meta name=\"author\" content=\"hegyizs\" \/>\n<meta name=\"twitter:card\" content=\"summary_large_image\" \/>\n<meta name=\"twitter:label1\" content=\"Written by\" \/>\n\t<meta name=\"twitter:data1\" content=\"Adam Marsal\" \/>\n\t<meta name=\"twitter:label2\" content=\"Est. reading time\" \/>\n\t<meta name=\"twitter:data2\" content=\"5\" \/>\n<script type=\"application\/ld+json\" class=\"yoast-schema-graph\">{\"@context\":\"https:\/\/schema.org\",\"@graph\":[{\"@type\":\"WebPage\",\"@id\":\"https:\/\/www.welovecycling.com\/hu\/varosi-kerekparozas\/bringaval-jarni-dolgozni-meglepoen-tanulsagos\/\",\"url\":\"https:\/\/www.welovecycling.com\/hu\/varosi-kerekparozas\/bringaval-jarni-dolgozni-meglepoen-tanulsagos\/\",\"name\":\"Bring\u00e1val j\u00e1rni dolgozni meglep\u0151en tanuls\u00e1gos\",\"isPartOf\":{\"@id\":\"https:\/\/www.welovecycling.com\/hu\/#website\"},\"primaryImageOfPage\":{\"@id\":\"https:\/\/www.welovecycling.com\/hu\/varosi-kerekparozas\/bringaval-jarni-dolgozni-meglepoen-tanulsagos\/#primaryimage\"},\"image\":{\"@id\":\"https:\/\/www.welovecycling.com\/hu\/varosi-kerekparozas\/bringaval-jarni-dolgozni-meglepoen-tanulsagos\/#primaryimage\"},\"thumbnailUrl\":\"https:\/\/d2p6e6u75xmxt8.cloudfront.net\/12\/2020\/11\/Prague-cycling-handlebars-CVR.jpg\",\"datePublished\":\"2020-11-28T07:00:57+00:00\",\"author\":{\"@id\":\"https:\/\/www.welovecycling.com\/hu\/#\/schema\/person\/414a2aebf1801691a5320edb6468e194\"},\"description\":\"Biciklivel j\u00e1rni munkahelyre nem csak \u00e9rt\u00e9kes percek megtakar\u00edt\u00e1s\u00e1t \u00e9s a t\u00f6megk\u00f6zleked\u00e9si eszk\u00f6z\u00f6kt\u0151l val\u00f3 t\u00e1volmarad\u00e1st jelenti.\",\"breadcrumb\":{\"@id\":\"https:\/\/www.welovecycling.com\/hu\/varosi-kerekparozas\/bringaval-jarni-dolgozni-meglepoen-tanulsagos\/#breadcrumb\"},\"inLanguage\":\"hu\",\"potentialAction\":[{\"@type\":\"ReadAction\",\"target\":[\"https:\/\/www.welovecycling.com\/hu\/varosi-kerekparozas\/bringaval-jarni-dolgozni-meglepoen-tanulsagos\/\"]}]},{\"@type\":\"ImageObject\",\"inLanguage\":\"hu\",\"@id\":\"https:\/\/www.welovecycling.com\/hu\/varosi-kerekparozas\/bringaval-jarni-dolgozni-meglepoen-tanulsagos\/#primaryimage\",\"url\":\"https:\/\/d2p6e6u75xmxt8.cloudfront.net\/12\/2020\/11\/Prague-cycling-handlebars-CVR.jpg\",\"contentUrl\":\"https:\/\/d2p6e6u75xmxt8.cloudfront.net\/12\/2020\/11\/Prague-cycling-handlebars-CVR.jpg\",\"width\":1366,\"height\":600,\"caption\":\"Bicycle lane\"},{\"@type\":\"BreadcrumbList\",\"@id\":\"https:\/\/www.welovecycling.com\/hu\/varosi-kerekparozas\/bringaval-jarni-dolgozni-meglepoen-tanulsagos\/#breadcrumb\",\"itemListElement\":[{\"@type\":\"ListItem\",\"position\":1,\"name\":\"Home\",\"item\":\"https:\/\/www.welovecycling.com\/hu\/\"},{\"@type\":\"ListItem\",\"position\":2,\"name\":\"Bring\u00e1val j\u00e1rni dolgozni meglep\u0151en tanuls\u00e1gos\"}]},{\"@type\":\"WebSite\",\"@id\":\"https:\/\/www.welovecycling.com\/hu\/#website\",\"url\":\"https:\/\/www.welovecycling.com\/hu\/\",\"name\":\"\u0160koda We Love Cycling - Magyarorsz\u00e1g\",\"description\":\"\u0160koda WeLoveCycling\",\"potentialAction\":[{\"@type\":\"SearchAction\",\"target\":{\"@type\":\"EntryPoint\",\"urlTemplate\":\"https:\/\/www.welovecycling.com\/hu\/?s={search_term_string}\"},\"query-input\":{\"@type\":\"PropertyValueSpecification\",\"valueRequired\":true,\"valueName\":\"search_term_string\"}}],\"inLanguage\":\"hu\"},{\"@type\":\"Person\",\"@id\":\"https:\/\/www.welovecycling.com\/hu\/#\/schema\/person\/414a2aebf1801691a5320edb6468e194\",\"name\":\"hegyizs\",\"image\":{\"@type\":\"ImageObject\",\"inLanguage\":\"hu\",\"@id\":\"https:\/\/www.welovecycling.com\/hu\/#\/schema\/person\/image\/\",\"url\":\"https:\/\/secure.gravatar.com\/avatar\/02cf8a7906b8cf90cecb4679defac7cfd33a1c2e3b88e4903d947f3bb58eedd3?s=96&d=mm&r=g\",\"contentUrl\":\"https:\/\/secure.gravatar.com\/avatar\/02cf8a7906b8cf90cecb4679defac7cfd33a1c2e3b88e4903d947f3bb58eedd3?s=96&d=mm&r=g\",\"caption\":\"hegyizs\"},\"url\":\"https:\/\/www.welovecycling.com\/hu\/author\/hegyizs\/\"}]}<\/script>\n<!-- \/ Yoast SEO Premium plugin. -->","yoast_head_json":{"title":"Bring\u00e1val j\u00e1rni dolgozni meglep\u0151en tanuls\u00e1gos","description":"Biciklivel j\u00e1rni munkahelyre nem csak \u00e9rt\u00e9kes percek megtakar\u00edt\u00e1s\u00e1t \u00e9s a t\u00f6megk\u00f6zleked\u00e9si eszk\u00f6z\u00f6kt\u0151l val\u00f3 t\u00e1volmarad\u00e1st jelenti.","robots":{"index":"index","follow":"follow","max-snippet":"max-snippet:-1","max-image-preview":"max-image-preview:large","max-video-preview":"max-video-preview:-1"},"canonical":"https:\/\/www.welovecycling.com\/hu\/varosi-kerekparozas\/bringaval-jarni-dolgozni-meglepoen-tanulsagos\/","og_locale":"hu_HU","og_type":"article","og_title":"Bring\u00e1val j\u00e1rni dolgozni meglep\u0151en tanuls\u00e1gos","og_description":"Biciklivel j\u00e1rni munkahelyre nem csak \u00e9rt\u00e9kes percek megtakar\u00edt\u00e1s\u00e1t \u00e9s a t\u00f6megk\u00f6zleked\u00e9si eszk\u00f6z\u00f6kt\u0151l val\u00f3 t\u00e1volmarad\u00e1st jelenti. T\u00f6bb rejtett \u00e9s l\u00e1that\u00f3 el\u0151nye is van, ha huzamosabb ideig csin\u00e1lod. \u00c9n ezeket tanultam az elm\u00falt \u00e9vben.","og_url":"https:\/\/www.welovecycling.com\/hu\/varosi-kerekparozas\/bringaval-jarni-dolgozni-meglepoen-tanulsagos\/","og_site_name":"\u0160koda We Love Cycling - Magyarorsz\u00e1g","article_publisher":"https:\/\/www.facebook.com\/WeLoveCyclingHungary\/","article_published_time":"2020-11-28T07:00:57+00:00","og_image":[{"width":1366,"height":600,"url":"https:\/\/d2p6e6u75xmxt8.cloudfront.net\/12\/2020\/11\/Prague-cycling-handlebars-CVR.jpg","type":"image\/jpeg"}],"author":"hegyizs","twitter_card":"summary_large_image","twitter_misc":{"Written by":"Adam Marsal","Est. reading time":"5"},"schema":{"@context":"https:\/\/schema.org","@graph":[{"@type":"WebPage","@id":"https:\/\/www.welovecycling.com\/hu\/varosi-kerekparozas\/bringaval-jarni-dolgozni-meglepoen-tanulsagos\/","url":"https:\/\/www.welovecycling.com\/hu\/varosi-kerekparozas\/bringaval-jarni-dolgozni-meglepoen-tanulsagos\/","name":"Bring\u00e1val j\u00e1rni dolgozni meglep\u0151en tanuls\u00e1gos","isPartOf":{"@id":"https:\/\/www.welovecycling.com\/hu\/#website"},"primaryImageOfPage":{"@id":"https:\/\/www.welovecycling.com\/hu\/varosi-kerekparozas\/bringaval-jarni-dolgozni-meglepoen-tanulsagos\/#primaryimage"},"image":{"@id":"https:\/\/www.welovecycling.com\/hu\/varosi-kerekparozas\/bringaval-jarni-dolgozni-meglepoen-tanulsagos\/#primaryimage"},"thumbnailUrl":"https:\/\/d2p6e6u75xmxt8.cloudfront.net\/12\/2020\/11\/Prague-cycling-handlebars-CVR.jpg","datePublished":"2020-11-28T07:00:57+00:00","author":{"@id":"https:\/\/www.welovecycling.com\/hu\/#\/schema\/person\/414a2aebf1801691a5320edb6468e194"},"description":"Biciklivel j\u00e1rni munkahelyre nem csak \u00e9rt\u00e9kes percek megtakar\u00edt\u00e1s\u00e1t \u00e9s a t\u00f6megk\u00f6zleked\u00e9si eszk\u00f6z\u00f6kt\u0151l val\u00f3 t\u00e1volmarad\u00e1st jelenti.","breadcrumb":{"@id":"https:\/\/www.welovecycling.com\/hu\/varosi-kerekparozas\/bringaval-jarni-dolgozni-meglepoen-tanulsagos\/#breadcrumb"},"inLanguage":"hu","potentialAction":[{"@type":"ReadAction","target":["https:\/\/www.welovecycling.com\/hu\/varosi-kerekparozas\/bringaval-jarni-dolgozni-meglepoen-tanulsagos\/"]}]},{"@type":"ImageObject","inLanguage":"hu","@id":"https:\/\/www.welovecycling.com\/hu\/varosi-kerekparozas\/bringaval-jarni-dolgozni-meglepoen-tanulsagos\/#primaryimage","url":"https:\/\/d2p6e6u75xmxt8.cloudfront.net\/12\/2020\/11\/Prague-cycling-handlebars-CVR.jpg","contentUrl":"https:\/\/d2p6e6u75xmxt8.cloudfront.net\/12\/2020\/11\/Prague-cycling-handlebars-CVR.jpg","width":1366,"height":600,"caption":"Bicycle lane"},{"@type":"BreadcrumbList","@id":"https:\/\/www.welovecycling.com\/hu\/varosi-kerekparozas\/bringaval-jarni-dolgozni-meglepoen-tanulsagos\/#breadcrumb","itemListElement":[{"@type":"ListItem","position":1,"name":"Home","item":"https:\/\/www.welovecycling.com\/hu\/"},{"@type":"ListItem","position":2,"name":"Bring\u00e1val j\u00e1rni dolgozni meglep\u0151en tanuls\u00e1gos"}]},{"@type":"WebSite","@id":"https:\/\/www.welovecycling.com\/hu\/#website","url":"https:\/\/www.welovecycling.com\/hu\/","name":"\u0160koda We Love Cycling - Magyarorsz\u00e1g","description":"\u0160koda WeLoveCycling","potentialAction":[{"@type":"SearchAction","target":{"@type":"EntryPoint","urlTemplate":"https:\/\/www.welovecycling.com\/hu\/?s={search_term_string}"},"query-input":{"@type":"PropertyValueSpecification","valueRequired":true,"valueName":"search_term_string"}}],"inLanguage":"hu"},{"@type":"Person","@id":"https:\/\/www.welovecycling.com\/hu\/#\/schema\/person\/414a2aebf1801691a5320edb6468e194","name":"hegyizs","image":{"@type":"ImageObject","inLanguage":"hu","@id":"https:\/\/www.welovecycling.com\/hu\/#\/schema\/person\/image\/","url":"https:\/\/secure.gravatar.com\/avatar\/02cf8a7906b8cf90cecb4679defac7cfd33a1c2e3b88e4903d947f3bb58eedd3?s=96&d=mm&r=g","contentUrl":"https:\/\/secure.gravatar.com\/avatar\/02cf8a7906b8cf90cecb4679defac7cfd33a1c2e3b88e4903d947f3bb58eedd3?s=96&d=mm&r=g","caption":"hegyizs"},"url":"https:\/\/www.welovecycling.com\/hu\/author\/hegyizs\/"}]}},"_links":{"self":[{"href":"https:\/\/www.welovecycling.com\/hu\/wp-json\/wp\/v2\/posts\/9454","targetHints":{"allow":["GET"]}}],"collection":[{"href":"https:\/\/www.welovecycling.com\/hu\/wp-json\/wp\/v2\/posts"}],"about":[{"href":"https:\/\/www.welovecycling.com\/hu\/wp-json\/wp\/v2\/types\/post"}],"author":[{"embeddable":true,"href":"https:\/\/www.welovecycling.com\/hu\/wp-json\/wp\/v2\/users\/71"}],"replies":[{"embeddable":true,"href":"https:\/\/www.welovecycling.com\/hu\/wp-json\/wp\/v2\/comments?post=9454"}],"version-history":[{"count":2,"href":"https:\/\/www.welovecycling.com\/hu\/wp-json\/wp\/v2\/posts\/9454\/revisions"}],"predecessor-version":[{"id":9479,"href":"https:\/\/www.welovecycling.com\/hu\/wp-json\/wp\/v2\/posts\/9454\/revisions\/9479"}],"wp:featuredmedia":[{"embeddable":true,"href":"https:\/\/www.welovecycling.com\/hu\/wp-json\/wp\/v2\/media\/9459"}],"wp:attachment":[{"href":"https:\/\/www.welovecycling.com\/hu\/wp-json\/wp\/v2\/media?parent=9454"}],"wp:term":[{"taxonomy":"category","embeddable":true,"href":"https:\/\/www.welovecycling.com\/hu\/wp-json\/wp\/v2\/categories?post=9454"},{"taxonomy":"post_tag","embeddable":true,"href":"https:\/\/www.welovecycling.com\/hu\/wp-json\/wp\/v2\/tags?post=9454"},{"taxonomy":"global-categories","embeddable":true,"href":"https:\/\/www.welovecycling.com\/hu\/wp-json\/wp\/v2\/global-categories?post=9454"}],"curies":[{"name":"wp","href":"https:\/\/api.w.org\/{rel}","templated":true}]}}