{"id":9445,"date":"2020-11-23T08:00:53","date_gmt":"2020-11-23T07:00:53","guid":{"rendered":"https:\/\/www.welovecycling.com\/hu\/?p=9445"},"modified":"2020-11-23T19:59:01","modified_gmt":"2020-11-23T18:59:01","slug":"majdnem-70-es-ugratni-tanul-tanulj-vele","status":"publish","type":"post","link":"https:\/\/www.welovecycling.com\/hu\/kozosseg-es-kultura\/majdnem-70-es-ugratni-tanul-tanulj-vele\/","title":{"rendered":"Majdnem 70, \u00e9s ugratni tanul \u2013 tanulj vele!"},"content":{"rendered":"<p><strong>\u201eAzt hiszem, j\u00f3 p\u00e9lda vagyok arra, hogy sosem k\u00e9s\u0151 \u00faj dolgokat tanulni.\u201d<\/strong><!--more--><\/p>\n<p>Nancy Waddell 61 \u00e9ves volt, amikor \u00fagy d\u00f6nt\u00f6tt, hogy komolyan elkezd mountain bike-ozni. 1985 \u00f3ta versenyzett orsz\u00e1g\u00faton, majd 2013-ban jelentkezett a Mountain Bike National versenyre.<\/p>\n<p><em>\u201eM\u00e9gis mennyire lehet neh\u00e9z? \u2013 gondoltam akkoriban. Er\u0151s orsz\u00e1g\u00fatis h\u00e1tterem volt, a 90-es \u00e9vek v\u00e9g\u00e9n pedig kicsit terepen is gyakoroltam\u201d<\/em> \u2013 mes\u00e9lte Nancy a bicycling magazinnak.<\/p>\n<p>Elindult teh\u00e1t egy montis t\u00e1borba, hogy elsaj\u00e1t\u00edtsa az alapokat\u2026 \u00e9s az els\u0151 nap nagy r\u00e9sz\u00e9t azzal t\u00f6lt\u00f6tte, hogy biciklij\u00e9vel s\u00e9t\u00e1lgatott az erd\u0151ben.<\/p>\n<p><em>\u201eEl\u00e9g meglep\u0151 volt a helyzet. Nemcsak a felszerel\u00e9s v\u00e1ltozott, hanem a p\u00e1ly\u00e1k is sokkal technik\u00e1sabbak lettek. Az \u00f6sv\u00e9nyek nagy r\u00e9sz\u00e9t bej\u00e1rtam. \u00c9s azt mondt\u00e1k, a verseny, amire jelentkeztem, nehezebb! A nap v\u00e9g\u00e9re m\u00e1r s\u00edrtam. De a f\u00e9rjem r\u00e1besz\u00e9lt, hogy maradjak.\u201d<\/em><\/p>\n<p>Maradt, \u00e9s ezzel mindent megv\u00e1ltoztatott. Waddel megismerkedett Harlan Price-szal, a Take Aim Cycling tulajdonos\u00e1val \u00e9s vezet\u0151edz\u0151j\u00e9vel, akinek tan\u00edt\u00e1si st\u00edlusa nagyon illett Nancyhez. Annyira, hogy v\u00e9g\u00fcl k\u00e9t \u00e9vig edzette \u0151t.<\/p>\n<p><img loading=\"lazy\" decoding=\"async\" class=\"aligncenter size-large wp-image-9447\" src=\"https:\/\/d2p6e6u75xmxt8.cloudfront.net\/12\/2020\/11\/nancy-1604336664-687x1024.png\" alt=\"\" width=\"687\" height=\"1024\" srcset=\"https:\/\/d2p6e6u75xmxt8.cloudfront.net\/12\/2020\/11\/nancy-1604336664-687x1024.png 687w, https:\/\/d2p6e6u75xmxt8.cloudfront.net\/12\/2020\/11\/nancy-1604336664-201x300.png 201w, https:\/\/d2p6e6u75xmxt8.cloudfront.net\/12\/2020\/11\/nancy-1604336664.png 768w\" sizes=\"auto, (max-width: 687px) 100vw, 687px\" \/><\/p>\n<p>V\u00e9g\u00fcl 2013-ban nem ment el a versenyre, de 2014-ben igen. M\u00e1sodik lett a koroszt\u00e1ly\u00e1ban! A k\u00f6vetkez\u0151 \u00e9vekben tov\u00e1bb gyakorolt, 2015-ben harmadik, 2016-ban els\u0151 lett a MTB maratonon, Gerogi\u00e1ban. A k\u00f6vetkez\u0151 k\u00e9t \u00e9vben pedig k\u00e9t els\u0151 helyez\u00e9st szerzett a nemzeti mountain bike Snowshoe versenyen.<\/p>\n<p>Most 69 \u00e9ves, \u00e9s ugyanolyan kem\u00e9nyen dolgozik, mint kor\u00e1bban. Az \u00faj c\u00e9l: ugratni! <em>\u201eOlyan nincs, hogy t\u00fal \u00f6reg vagy! Hihetetlen, hogy j\u00f6v\u0151re 70 \u00e9ves leszek, de rem\u00e9lem, hogy m\u00e9g 80 ut\u00e1n is versenyezni fogok!\u201d<\/em><\/p>\n<p>\u00cdme n\u00e9h\u00e1ny tan\u00e1cs Nancyt\u0151l, hogy el\u00e9rd a csillagokat:<\/p>\n<h3><strong>1. K\u00e9rj szakmai seg\u00edts\u00e9get!<\/strong><\/h3>\n<p>Az egyik legnagyobb f\u00e9lelmem, hogy elesek \u00e9s \u00f6sszet\u00f6r\u00f6m magam, ez\u00e9rt hajlamos vagyok t\u00fals\u00e1gosan \u00f3vatosan tekerni. Ez\u00e9rt dolgozom egy igazolt edz\u0151vel, hogy biztons\u00e1gos mozdulatokat tanuljak t\u0151le!<\/p>\n<h3><strong>2. Csak pozit\u00edvan!<\/strong><\/h3>\n<p>Van egy kis hang a fejemben, ami azt mondja, hogy nem tudom megcsin\u00e1lni. Pedig dehogynem! Magamra is tetov\u00e1ltattam a feliratot &#8211; k\u00e9pes vagyok r\u00e1 \u2013 hogy ne felejtsem el.<\/p>\n<h3><strong>3. Gyakorolj, gyakorolj, gyakorolj! Azt\u00e1n gyakorolj m\u00e9g egy kicsit!<\/strong><\/h3>\n<p>Nem r\u00e9g egy ijeszt\u0151 lejt\u0151 bev\u00e9tel\u00e9n dolgoztunk Harlannal: a tetej\u00e9r\u0151l \u00fagy l\u00e1tszott, mintha szakad\u00e9k lenne. Nem volt hatalmas, de ahhoz m\u00e9gis el\u00e9g nagy volt, hogy egy pillanatra a leveg\u0151be kelljen emelkednem. Felk\u00e9sz\u00fcl\u00e9sk\u00e9nt milli\u00f3szor megcsin\u00e1ltam egy gyakorl\u00f3p\u00e1ly\u00e1n az ugr\u00e1st. Nem is volt olyan neh\u00e9z, mint amilyennek t\u0171nt!<\/p>\n<h3><strong>4. Tekerj sokat!<\/strong><\/h3>\n<p>Biciklizz, amennyit csak tudsz! Fontos, hogy legyen egy j\u00f3 alapod, amire \u00e9p\u00edteni tudsz. Keress egy csoportot, ahol j\u00f3l \u00e9rzed magad, \u00e9s megfelel a szintednek!<\/p>\n<p>A l\u00e9nyeg, hogy soha ne hidd, hogy t\u00fal \u00f6reg vagy, ahhoz hogy valami \u00fajat tanulj!<\/p>\n<p><em>Forr\u00e1s: <\/em><a href=\"https:\/\/www.bicycling.com\/training\/a34551714\/how-to-catch-air-at-any-age\/\"><em>bicycling.com<\/em><\/a><\/p>\n","protected":false},"excerpt":{"rendered":"<p>\u201eAzt hiszem, j\u00f3 p\u00e9lda vagyok arra, hogy sosem k\u00e9s\u0151 \u00faj dolgokat tanulni.\u201d<\/p>\n","protected":false},"author":71,"featured_media":9446,"comment_status":"open","ping_status":"open","sticky":false,"template":"","format":"standard","meta":{"footnotes":""},"categories":[12],"tags":[],"global-categories":[],"class_list":["post-9445","post","type-post","status-publish","format-standard","has-post-thumbnail","hentry","category-kozosseg-es-kultura"],"yoast_head":"<!-- This site is optimized with the Yoast SEO Premium plugin v25.3 (Yoast SEO v25.9) - https:\/\/yoast.com\/wordpress\/plugins\/seo\/ -->\n<title>Majdnem 70, \u00e9s ugratni tanul \u2013 tanulj vele! - \u0160koda We Love Cycling - Magyarorsz\u00e1g<\/title>\n<meta name=\"description\" content=\"\u201eAzt hiszem, j\u00f3 p\u00e9lda vagyok arra, hogy sosem k\u00e9s\u0151 \u00faj dolgokat tanulni.\u201d\" \/>\n<meta name=\"robots\" content=\"index, follow, max-snippet:-1, max-image-preview:large, max-video-preview:-1\" \/>\n<link rel=\"canonical\" href=\"https:\/\/www.welovecycling.com\/hu\/kozosseg-es-kultura\/majdnem-70-es-ugratni-tanul-tanulj-vele\/\" \/>\n<meta property=\"og:locale\" content=\"hu_HU\" \/>\n<meta property=\"og:type\" content=\"article\" \/>\n<meta property=\"og:title\" content=\"Majdnem 70, \u00e9s ugratni tanul \u2013 tanulj vele!\" \/>\n<meta property=\"og:description\" content=\"\u201eAzt hiszem, j\u00f3 p\u00e9lda vagyok arra, hogy sosem k\u00e9s\u0151 \u00faj dolgokat tanulni.\u201d\" \/>\n<meta property=\"og:url\" content=\"https:\/\/www.welovecycling.com\/hu\/kozosseg-es-kultura\/majdnem-70-es-ugratni-tanul-tanulj-vele\/\" \/>\n<meta property=\"og:site_name\" content=\"\u0160koda We Love Cycling - Magyarorsz\u00e1g\" \/>\n<meta property=\"article:publisher\" content=\"https:\/\/www.facebook.com\/WeLoveCyclingHungary\/\" \/>\n<meta property=\"article:published_time\" content=\"2020-11-23T07:00:53+00:00\" \/>\n<meta property=\"article:modified_time\" content=\"2020-11-23T18:59:01+00:00\" \/>\n<meta property=\"og:image\" content=\"https:\/\/d2p6e6u75xmxt8.cloudfront.net\/12\/2020\/11\/pexels-pixabay-71104.jpg\" \/>\n\t<meta property=\"og:image:width\" content=\"1600\" \/>\n\t<meta property=\"og:image:height\" content=\"695\" \/>\n\t<meta property=\"og:image:type\" content=\"image\/jpeg\" \/>\n<meta name=\"author\" content=\"hegyizs\" \/>\n<meta name=\"twitter:card\" content=\"summary_large_image\" \/>\n<meta name=\"twitter:label1\" content=\"Written by\" \/>\n\t<meta name=\"twitter:data1\" content=\"WLC\" \/>\n\t<meta name=\"twitter:label2\" content=\"Est. reading time\" \/>\n\t<meta name=\"twitter:data2\" content=\"3 minutes\" \/>\n<script type=\"application\/ld+json\" class=\"yoast-schema-graph\">{\"@context\":\"https:\/\/schema.org\",\"@graph\":[{\"@type\":\"WebPage\",\"@id\":\"https:\/\/www.welovecycling.com\/hu\/kozosseg-es-kultura\/majdnem-70-es-ugratni-tanul-tanulj-vele\/\",\"url\":\"https:\/\/www.welovecycling.com\/hu\/kozosseg-es-kultura\/majdnem-70-es-ugratni-tanul-tanulj-vele\/\",\"name\":\"Majdnem 70, \u00e9s ugratni tanul \u2013 tanulj vele! - \u0160koda We Love Cycling - Magyarorsz\u00e1g\",\"isPartOf\":{\"@id\":\"https:\/\/www.welovecycling.com\/hu\/#website\"},\"primaryImageOfPage\":{\"@id\":\"https:\/\/www.welovecycling.com\/hu\/kozosseg-es-kultura\/majdnem-70-es-ugratni-tanul-tanulj-vele\/#primaryimage\"},\"image\":{\"@id\":\"https:\/\/www.welovecycling.com\/hu\/kozosseg-es-kultura\/majdnem-70-es-ugratni-tanul-tanulj-vele\/#primaryimage\"},\"thumbnailUrl\":\"https:\/\/d2p6e6u75xmxt8.cloudfront.net\/12\/2020\/11\/pexels-pixabay-71104.jpg\",\"datePublished\":\"2020-11-23T07:00:53+00:00\",\"dateModified\":\"2020-11-23T18:59:01+00:00\",\"author\":{\"@id\":\"https:\/\/www.welovecycling.com\/hu\/#\/schema\/person\/414a2aebf1801691a5320edb6468e194\"},\"description\":\"\u201eAzt hiszem, j\u00f3 p\u00e9lda vagyok arra, hogy sosem k\u00e9s\u0151 \u00faj dolgokat tanulni.\u201d\",\"breadcrumb\":{\"@id\":\"https:\/\/www.welovecycling.com\/hu\/kozosseg-es-kultura\/majdnem-70-es-ugratni-tanul-tanulj-vele\/#breadcrumb\"},\"inLanguage\":\"hu\",\"potentialAction\":[{\"@type\":\"ReadAction\",\"target\":[\"https:\/\/www.welovecycling.com\/hu\/kozosseg-es-kultura\/majdnem-70-es-ugratni-tanul-tanulj-vele\/\"]}]},{\"@type\":\"ImageObject\",\"inLanguage\":\"hu\",\"@id\":\"https:\/\/www.welovecycling.com\/hu\/kozosseg-es-kultura\/majdnem-70-es-ugratni-tanul-tanulj-vele\/#primaryimage\",\"url\":\"https:\/\/d2p6e6u75xmxt8.cloudfront.net\/12\/2020\/11\/pexels-pixabay-71104.jpg\",\"contentUrl\":\"https:\/\/d2p6e6u75xmxt8.cloudfront.net\/12\/2020\/11\/pexels-pixabay-71104.jpg\",\"width\":1600,\"height\":695},{\"@type\":\"BreadcrumbList\",\"@id\":\"https:\/\/www.welovecycling.com\/hu\/kozosseg-es-kultura\/majdnem-70-es-ugratni-tanul-tanulj-vele\/#breadcrumb\",\"itemListElement\":[{\"@type\":\"ListItem\",\"position\":1,\"name\":\"Home\",\"item\":\"https:\/\/www.welovecycling.com\/hu\/\"},{\"@type\":\"ListItem\",\"position\":2,\"name\":\"Majdnem 70, \u00e9s ugratni tanul \u2013 tanulj vele!\"}]},{\"@type\":\"WebSite\",\"@id\":\"https:\/\/www.welovecycling.com\/hu\/#website\",\"url\":\"https:\/\/www.welovecycling.com\/hu\/\",\"name\":\"\u0160koda We Love Cycling - Magyarorsz\u00e1g\",\"description\":\"\u0160koda WeLoveCycling\",\"potentialAction\":[{\"@type\":\"SearchAction\",\"target\":{\"@type\":\"EntryPoint\",\"urlTemplate\":\"https:\/\/www.welovecycling.com\/hu\/?s={search_term_string}\"},\"query-input\":{\"@type\":\"PropertyValueSpecification\",\"valueRequired\":true,\"valueName\":\"search_term_string\"}}],\"inLanguage\":\"hu\"},{\"@type\":\"Person\",\"@id\":\"https:\/\/www.welovecycling.com\/hu\/#\/schema\/person\/414a2aebf1801691a5320edb6468e194\",\"name\":\"hegyizs\",\"image\":{\"@type\":\"ImageObject\",\"inLanguage\":\"hu\",\"@id\":\"https:\/\/www.welovecycling.com\/hu\/#\/schema\/person\/image\/\",\"url\":\"https:\/\/secure.gravatar.com\/avatar\/02cf8a7906b8cf90cecb4679defac7cfd33a1c2e3b88e4903d947f3bb58eedd3?s=96&d=mm&r=g\",\"contentUrl\":\"https:\/\/secure.gravatar.com\/avatar\/02cf8a7906b8cf90cecb4679defac7cfd33a1c2e3b88e4903d947f3bb58eedd3?s=96&d=mm&r=g\",\"caption\":\"hegyizs\"},\"url\":\"https:\/\/www.welovecycling.com\/hu\/author\/hegyizs\/\"}]}<\/script>\n<!-- \/ Yoast SEO Premium plugin. -->","yoast_head_json":{"title":"Majdnem 70, \u00e9s ugratni tanul \u2013 tanulj vele! - \u0160koda We Love Cycling - Magyarorsz\u00e1g","description":"\u201eAzt hiszem, j\u00f3 p\u00e9lda vagyok arra, hogy sosem k\u00e9s\u0151 \u00faj dolgokat tanulni.\u201d","robots":{"index":"index","follow":"follow","max-snippet":"max-snippet:-1","max-image-preview":"max-image-preview:large","max-video-preview":"max-video-preview:-1"},"canonical":"https:\/\/www.welovecycling.com\/hu\/kozosseg-es-kultura\/majdnem-70-es-ugratni-tanul-tanulj-vele\/","og_locale":"hu_HU","og_type":"article","og_title":"Majdnem 70, \u00e9s ugratni tanul \u2013 tanulj vele!","og_description":"\u201eAzt hiszem, j\u00f3 p\u00e9lda vagyok arra, hogy sosem k\u00e9s\u0151 \u00faj dolgokat tanulni.\u201d","og_url":"https:\/\/www.welovecycling.com\/hu\/kozosseg-es-kultura\/majdnem-70-es-ugratni-tanul-tanulj-vele\/","og_site_name":"\u0160koda We Love Cycling - Magyarorsz\u00e1g","article_publisher":"https:\/\/www.facebook.com\/WeLoveCyclingHungary\/","article_published_time":"2020-11-23T07:00:53+00:00","article_modified_time":"2020-11-23T18:59:01+00:00","og_image":[{"width":1600,"height":695,"url":"https:\/\/d2p6e6u75xmxt8.cloudfront.net\/12\/2020\/11\/pexels-pixabay-71104.jpg","type":"image\/jpeg"}],"author":"hegyizs","twitter_card":"summary_large_image","twitter_misc":{"Written by":"WLC","Est. reading time":"3 minutes"},"schema":{"@context":"https:\/\/schema.org","@graph":[{"@type":"WebPage","@id":"https:\/\/www.welovecycling.com\/hu\/kozosseg-es-kultura\/majdnem-70-es-ugratni-tanul-tanulj-vele\/","url":"https:\/\/www.welovecycling.com\/hu\/kozosseg-es-kultura\/majdnem-70-es-ugratni-tanul-tanulj-vele\/","name":"Majdnem 70, \u00e9s ugratni tanul \u2013 tanulj vele! - \u0160koda We Love Cycling - Magyarorsz\u00e1g","isPartOf":{"@id":"https:\/\/www.welovecycling.com\/hu\/#website"},"primaryImageOfPage":{"@id":"https:\/\/www.welovecycling.com\/hu\/kozosseg-es-kultura\/majdnem-70-es-ugratni-tanul-tanulj-vele\/#primaryimage"},"image":{"@id":"https:\/\/www.welovecycling.com\/hu\/kozosseg-es-kultura\/majdnem-70-es-ugratni-tanul-tanulj-vele\/#primaryimage"},"thumbnailUrl":"https:\/\/d2p6e6u75xmxt8.cloudfront.net\/12\/2020\/11\/pexels-pixabay-71104.jpg","datePublished":"2020-11-23T07:00:53+00:00","dateModified":"2020-11-23T18:59:01+00:00","author":{"@id":"https:\/\/www.welovecycling.com\/hu\/#\/schema\/person\/414a2aebf1801691a5320edb6468e194"},"description":"\u201eAzt hiszem, j\u00f3 p\u00e9lda vagyok arra, hogy sosem k\u00e9s\u0151 \u00faj dolgokat tanulni.\u201d","breadcrumb":{"@id":"https:\/\/www.welovecycling.com\/hu\/kozosseg-es-kultura\/majdnem-70-es-ugratni-tanul-tanulj-vele\/#breadcrumb"},"inLanguage":"hu","potentialAction":[{"@type":"ReadAction","target":["https:\/\/www.welovecycling.com\/hu\/kozosseg-es-kultura\/majdnem-70-es-ugratni-tanul-tanulj-vele\/"]}]},{"@type":"ImageObject","inLanguage":"hu","@id":"https:\/\/www.welovecycling.com\/hu\/kozosseg-es-kultura\/majdnem-70-es-ugratni-tanul-tanulj-vele\/#primaryimage","url":"https:\/\/d2p6e6u75xmxt8.cloudfront.net\/12\/2020\/11\/pexels-pixabay-71104.jpg","contentUrl":"https:\/\/d2p6e6u75xmxt8.cloudfront.net\/12\/2020\/11\/pexels-pixabay-71104.jpg","width":1600,"height":695},{"@type":"BreadcrumbList","@id":"https:\/\/www.welovecycling.com\/hu\/kozosseg-es-kultura\/majdnem-70-es-ugratni-tanul-tanulj-vele\/#breadcrumb","itemListElement":[{"@type":"ListItem","position":1,"name":"Home","item":"https:\/\/www.welovecycling.com\/hu\/"},{"@type":"ListItem","position":2,"name":"Majdnem 70, \u00e9s ugratni tanul \u2013 tanulj vele!"}]},{"@type":"WebSite","@id":"https:\/\/www.welovecycling.com\/hu\/#website","url":"https:\/\/www.welovecycling.com\/hu\/","name":"\u0160koda We Love Cycling - Magyarorsz\u00e1g","description":"\u0160koda WeLoveCycling","potentialAction":[{"@type":"SearchAction","target":{"@type":"EntryPoint","urlTemplate":"https:\/\/www.welovecycling.com\/hu\/?s={search_term_string}"},"query-input":{"@type":"PropertyValueSpecification","valueRequired":true,"valueName":"search_term_string"}}],"inLanguage":"hu"},{"@type":"Person","@id":"https:\/\/www.welovecycling.com\/hu\/#\/schema\/person\/414a2aebf1801691a5320edb6468e194","name":"hegyizs","image":{"@type":"ImageObject","inLanguage":"hu","@id":"https:\/\/www.welovecycling.com\/hu\/#\/schema\/person\/image\/","url":"https:\/\/secure.gravatar.com\/avatar\/02cf8a7906b8cf90cecb4679defac7cfd33a1c2e3b88e4903d947f3bb58eedd3?s=96&d=mm&r=g","contentUrl":"https:\/\/secure.gravatar.com\/avatar\/02cf8a7906b8cf90cecb4679defac7cfd33a1c2e3b88e4903d947f3bb58eedd3?s=96&d=mm&r=g","caption":"hegyizs"},"url":"https:\/\/www.welovecycling.com\/hu\/author\/hegyizs\/"}]}},"_links":{"self":[{"href":"https:\/\/www.welovecycling.com\/hu\/wp-json\/wp\/v2\/posts\/9445","targetHints":{"allow":["GET"]}}],"collection":[{"href":"https:\/\/www.welovecycling.com\/hu\/wp-json\/wp\/v2\/posts"}],"about":[{"href":"https:\/\/www.welovecycling.com\/hu\/wp-json\/wp\/v2\/types\/post"}],"author":[{"embeddable":true,"href":"https:\/\/www.welovecycling.com\/hu\/wp-json\/wp\/v2\/users\/71"}],"replies":[{"embeddable":true,"href":"https:\/\/www.welovecycling.com\/hu\/wp-json\/wp\/v2\/comments?post=9445"}],"version-history":[{"count":1,"href":"https:\/\/www.welovecycling.com\/hu\/wp-json\/wp\/v2\/posts\/9445\/revisions"}],"predecessor-version":[{"id":9448,"href":"https:\/\/www.welovecycling.com\/hu\/wp-json\/wp\/v2\/posts\/9445\/revisions\/9448"}],"wp:featuredmedia":[{"embeddable":true,"href":"https:\/\/www.welovecycling.com\/hu\/wp-json\/wp\/v2\/media\/9446"}],"wp:attachment":[{"href":"https:\/\/www.welovecycling.com\/hu\/wp-json\/wp\/v2\/media?parent=9445"}],"wp:term":[{"taxonomy":"category","embeddable":true,"href":"https:\/\/www.welovecycling.com\/hu\/wp-json\/wp\/v2\/categories?post=9445"},{"taxonomy":"post_tag","embeddable":true,"href":"https:\/\/www.welovecycling.com\/hu\/wp-json\/wp\/v2\/tags?post=9445"},{"taxonomy":"global-categories","embeddable":true,"href":"https:\/\/www.welovecycling.com\/hu\/wp-json\/wp\/v2\/global-categories?post=9445"}],"curies":[{"name":"wp","href":"https:\/\/api.w.org\/{rel}","templated":true}]}}