{"id":9398,"date":"2020-11-16T12:00:27","date_gmt":"2020-11-16T11:00:27","guid":{"rendered":"https:\/\/www.welovecycling.com\/hu\/?p=9398"},"modified":"2020-12-06T19:56:33","modified_gmt":"2020-12-06T18:56:33","slug":"a-bringasok-hoangyala-stravaban-keszul-keszits-egyet-te-is","status":"publish","type":"post","link":"https:\/\/www.welovecycling.com\/hu\/kozosseg-es-kultura\/a-bringasok-hoangyala-stravaban-keszul-keszits-egyet-te-is\/","title":{"rendered":"A bring\u00e1sok h\u00f3angyala Stravaban k\u00e9sz\u00fcl\u2026 k\u00e9sz\u00edts egyet te is!"},"content":{"rendered":"<p><strong>Van, aki eszkim\u00f3kat megvet\u0151 hidegt\u0171r\u00e9ssel teker a legnagyobb h\u00f3viharban is, hogy haza\u00e9rve leporolja a h\u00f3galacsinokat a v\u00e1ll\u00e1r\u00f3l \u00e9s elismer\u0151en megjegyezze: hideg van. Van, aki az \u00f6sszes ruh\u00e1j\u00e1t felveszi, \u00e9s \u00f3r\u00e1kig gy\u0151zk\u00f6di mag\u00e1t, mire elindul, hogy tegyen egy gyors k\u00f6rt a h\u00e1zt\u00f6mb k\u00f6r\u00fcl. \u00c9s van, akinek csak egy kicsi k\u00fcls\u0151 motiv\u00e1ci\u00f3 kell, hogy kiterjessze t\u00e9lre is azt az eg\u00e9szs\u00e9ges \u00e9letm\u00f3dot, amit az \u00e9v t\u00f6bbi szakasz\u00e1ban folytat. Azt hissz\u00fck, mindannyian sz\u00edvesen fognak j\u00e1tszani vel\u00fcnk!<\/strong><!--more--><\/p>\n<p>Egy rajzversenyre h\u00edvunk titeket, ahol szabad kezet &#8211; illetve l\u00e1bat \u2013 kaptok a rajzot illet\u0151en, csak annyi kit\u00e9tel\u00fcnk van, hogy kar\u00e1csonyi mint\u00e1kat alkossatok! Ja \u00e9s m\u00e9g az is, hogy biciklivel.<\/p>\n<div id='gallery-1' class='gallery galleryid-9398 gallery-columns-2 gallery-size-full'><figure class='gallery-item'>\n\t\t\t<div class='gallery-icon landscape'>\n\t\t\t\t<a href='https:\/\/d2p6e6u75xmxt8.cloudfront.net\/12\/2020\/11\/1_4724420.jpg'><img loading=\"lazy\" decoding=\"async\" width=\"1200\" height=\"1200\" src=\"https:\/\/d2p6e6u75xmxt8.cloudfront.net\/12\/2020\/11\/1_4724420.jpg\" class=\"attachment-full size-full\" alt=\"\" srcset=\"https:\/\/d2p6e6u75xmxt8.cloudfront.net\/12\/2020\/11\/1_4724420.jpg 1200w, https:\/\/d2p6e6u75xmxt8.cloudfront.net\/12\/2020\/11\/1_4724420-300x300.jpg 300w, https:\/\/d2p6e6u75xmxt8.cloudfront.net\/12\/2020\/11\/1_4724420-1024x1024.jpg 1024w, https:\/\/d2p6e6u75xmxt8.cloudfront.net\/12\/2020\/11\/1_4724420-150x150.jpg 150w, https:\/\/d2p6e6u75xmxt8.cloudfront.net\/12\/2020\/11\/1_4724420-768x768.jpg 768w\" sizes=\"auto, (max-width: 1200px) 100vw, 1200px\" \/><\/a>\n\t\t\t<\/div><\/figure><figure class='gallery-item'>\n\t\t\t<div class='gallery-icon portrait'>\n\t\t\t\t<a href='https:\/\/d2p6e6u75xmxt8.cloudfront.net\/12\/2020\/11\/Snowman-600x711-1.jpg'><img loading=\"lazy\" decoding=\"async\" width=\"600\" height=\"711\" src=\"https:\/\/d2p6e6u75xmxt8.cloudfront.net\/12\/2020\/11\/Snowman-600x711-1.jpg\" class=\"attachment-full size-full\" alt=\"\" srcset=\"https:\/\/d2p6e6u75xmxt8.cloudfront.net\/12\/2020\/11\/Snowman-600x711-1.jpg 600w, https:\/\/d2p6e6u75xmxt8.cloudfront.net\/12\/2020\/11\/Snowman-600x711-1-253x300.jpg 253w\" sizes=\"auto, (max-width: 600px) 100vw, 600px\" \/><\/a>\n\t\t\t<\/div><\/figure>\n\t\t<\/div>\n\n<p><span style=\"font-size: 10pt;\"><em>Elk\u00e9pzel\u00e9s vs. val\u00f3s\u00e1g? Vagy csak k\u00e9t k\u00fcl\u00f6nb\u00f6z\u0151 st\u00edlus? Mindkett\u0151 j\u00f6het!<\/em><\/span><\/p>\n<p>A Strava \u00fatvonalr\u00f6gz\u00edt\u0151 funkci\u00f3j\u00e1nak seg\u00edts\u00e9g\u00e9vel tudsz rajzolni mik\u00f6zben tekersz: a megtett utat a telefonod k\u00e9perny\u0151j\u00e9n l\u00e1tod majd, \u00edgy k\u00f6vetni tudod, eddig milyen alakzatot rajzolt\u00e1l. El\u0151fordulhat, hogy lemarad a r\u00e9nszarvasnak egy l\u00e1ba, vagy a Mikul\u00e1s ink\u00e1bb hasonl\u00edt egy szak\u00e1llas Ozzy Osborne-ra, mint \u00f6nmag\u00e1ra, ilyenkor vagy \u00fajrakezded vagy belet\u00f6r\u0151dsz, \u00e9s szerzel nek\u00fcnk n\u00e9h\u00e1ny vid\u00e1m percet! Nem a sz\u00e9ps\u00e9g a l\u00e9nyeg, hanem a kreativit\u00e1s. Semmi nem t\u00e1masztja ezt jobban al\u00e1, mint a f\u0151nyerem\u00e9ny: a kiv\u00e1lasztott alkot\u00f3kat egy-egy kar\u00e1csonyi \u201ecs\u00fanyapulcsival\u201d jutalmazzuk, amit saj\u00e1t rajzuk d\u00edsz\u00edt! \u00c9s egy cs\u00fanyapulcsin remek\u00fcl mutat Ozzy Osborne.<\/p>\n<p><em><img loading=\"lazy\" decoding=\"async\" class=\"aligncenter size-large wp-image-9158\" src=\"https:\/\/d2p6e6u75xmxt8.cloudfront.net\/12\/2020\/11\/nyeremeny_wl15-1024x474.png\" alt=\"\" width=\"1024\" height=\"474\" srcset=\"https:\/\/d2p6e6u75xmxt8.cloudfront.net\/12\/2020\/11\/nyeremeny_wl15-1024x474.png 1024w, https:\/\/d2p6e6u75xmxt8.cloudfront.net\/12\/2020\/11\/nyeremeny_wl15-300x139.png 300w, https:\/\/d2p6e6u75xmxt8.cloudfront.net\/12\/2020\/11\/nyeremeny_wl15-768x355.png 768w, https:\/\/d2p6e6u75xmxt8.cloudfront.net\/12\/2020\/11\/nyeremeny_wl15-1536x710.png 1536w, https:\/\/d2p6e6u75xmxt8.cloudfront.net\/12\/2020\/11\/nyeremeny_wl15.png 1544w\" sizes=\"auto, (max-width: 1024px) 100vw, 1024px\" \/><\/em><\/p>\n<p>A f\u0151nyerem\u00e9nyek mellett pedig tov\u00e1bbi 10 \u0160koda aj\u00e1nd\u00e9kcsomagot sorsolunk ki! Az OCTAVIA h\u00e1tizs\u00e1kba bef\u00e9r minden, ami hideg id\u0151ben kell, t\u00f6bbek k\u00f6z\u00f6tt a meleg te\u00e1val t\u00f6lt\u00f6tt termosz (ami felt\u00f6lt, ha lemer\u00fcln\u00e9l) \u00e9s a power bank is (ami felt\u00f6lti a telefonod, ha lemer\u00fclne), melyek szint\u00e9n az aj\u00e1nd\u00e9kcsomag r\u00e9sz\u00e9t alkotj\u00e1k. (A tea nem!)<\/p>\n<p>A verseny elkezd\u0151d\u00f6tt, ha van m\u00e1r \u00f6tleted, ak\u00e1r indulhatsz is tekerni! De ha t\u00f6bb id\u0151re van sz\u00fcks\u00e9ged, hogy igaz\u00e1n alaposan meg tudd tervezni a t\u00f6k\u00e9letes kar\u00e1csonyi t\u00e1jk\u00e9phez sz\u00fcks\u00e9ges \u00fatvonalat, csak nyugodtan: december 14-ig van id\u0151d!<\/p>\n<p>Az elk\u00e9sz\u00fclt m\u0171vet a <a href=\"https:\/\/www.welovecycling.com\/hu\/bringasokhoangyala\/\"><u>j\u00e1t\u00e9k weboldal\u00e1n<\/u><\/a> tudod bek\u00fcldeni, a t\u00f6bbi versenyz\u0151 alkot\u00e1sait is ide t\u00f6ltj\u00fck fel. Ha k\u00e9rd\u00e9sed van, keress minket b\u00e1tran Facebookon, vagy olvasd el a j\u00e1t\u00e9kszab\u00e1lyt, amit <a href=\"https:\/\/www.welovecycling.com\/hu\/jatekszabalyzat-bringasok-hoangyala\/\"><u>itt<\/u> <\/a>\u00e9rsz el.<\/p>\n<p>J\u00f3 szelet mindenkinek, v\u00e1rjuk az alkot\u00e1sokat!<\/p>\n","protected":false},"excerpt":{"rendered":"<p>Van, aki eszkim\u00f3kat megvet\u0151 hidegt\u0171r\u00e9ssel teker a legnagyobb h\u00f3viharban is, hogy haza\u00e9rve leporolja a h\u00f3galacsinokat a v\u00e1ll\u00e1r\u00f3l \u00e9s elismer\u0151en megjegyezze: [&hellip;]<\/p>\n","protected":false},"author":71,"featured_media":9640,"comment_status":"open","ping_status":"open","sticky":false,"template":"","format":"standard","meta":{"footnotes":""},"categories":[12],"tags":[],"global-categories":[],"class_list":["post-9398","post","type-post","status-publish","format-standard","has-post-thumbnail","hentry","category-kozosseg-es-kultura"],"yoast_head":"<!-- This site is optimized with the Yoast SEO Premium plugin v25.3 (Yoast SEO v25.9) - https:\/\/yoast.com\/wordpress\/plugins\/seo\/ -->\n<title>A bring\u00e1sok h\u00f3angyala Stravaban k\u00e9sz\u00fcl\u2026 k\u00e9sz\u00edts egyet te is! - \u0160koda We Love Cycling - Magyarorsz\u00e1g<\/title>\n<meta name=\"robots\" content=\"index, follow, max-snippet:-1, max-image-preview:large, max-video-preview:-1\" \/>\n<link rel=\"canonical\" href=\"https:\/\/www.welovecycling.com\/hu\/kozosseg-es-kultura\/a-bringasok-hoangyala-stravaban-keszul-keszits-egyet-te-is\/\" \/>\n<meta property=\"og:locale\" content=\"hu_HU\" \/>\n<meta property=\"og:type\" content=\"article\" \/>\n<meta property=\"og:title\" content=\"A bring\u00e1sok h\u00f3angyala Stravaban k\u00e9sz\u00fcl\u2026 k\u00e9sz\u00edts egyet te is!\" \/>\n<meta property=\"og:description\" content=\"Van, aki eszkim\u00f3kat megvet\u0151 hidegt\u0171r\u00e9ssel teker a legnagyobb h\u00f3viharban is, hogy haza\u00e9rve leporolja a h\u00f3galacsinokat a v\u00e1ll\u00e1r\u00f3l \u00e9s elismer\u0151en megjegyezze: [&hellip;]\" \/>\n<meta property=\"og:url\" content=\"https:\/\/www.welovecycling.com\/hu\/kozosseg-es-kultura\/a-bringasok-hoangyala-stravaban-keszul-keszits-egyet-te-is\/\" \/>\n<meta property=\"og:site_name\" content=\"\u0160koda We Love Cycling - Magyarorsz\u00e1g\" \/>\n<meta property=\"article:publisher\" content=\"https:\/\/www.facebook.com\/WeLoveCyclingHungary\/\" \/>\n<meta property=\"article:published_time\" content=\"2020-11-16T11:00:27+00:00\" \/>\n<meta property=\"article:modified_time\" content=\"2020-12-06T18:56:33+00:00\" \/>\n<meta property=\"og:image\" content=\"https:\/\/d2p6e6u75xmxt8.cloudfront.net\/12\/2020\/11\/wlc_karacsony_cikk4.jpg\" \/>\n\t<meta property=\"og:image:width\" content=\"1586\" \/>\n\t<meta property=\"og:image:height\" content=\"695\" \/>\n\t<meta property=\"og:image:type\" content=\"image\/jpeg\" \/>\n<meta name=\"author\" content=\"hegyizs\" \/>\n<meta name=\"twitter:card\" content=\"summary_large_image\" \/>\n<meta name=\"twitter:label1\" content=\"Written by\" \/>\n\t<meta name=\"twitter:data1\" content=\"WLC\" \/>\n\t<meta name=\"twitter:label2\" content=\"Est. reading time\" \/>\n\t<meta name=\"twitter:data2\" content=\"2 minutes\" \/>\n<script type=\"application\/ld+json\" class=\"yoast-schema-graph\">{\"@context\":\"https:\/\/schema.org\",\"@graph\":[{\"@type\":\"WebPage\",\"@id\":\"https:\/\/www.welovecycling.com\/hu\/kozosseg-es-kultura\/a-bringasok-hoangyala-stravaban-keszul-keszits-egyet-te-is\/\",\"url\":\"https:\/\/www.welovecycling.com\/hu\/kozosseg-es-kultura\/a-bringasok-hoangyala-stravaban-keszul-keszits-egyet-te-is\/\",\"name\":\"A bring\u00e1sok h\u00f3angyala Stravaban k\u00e9sz\u00fcl\u2026 k\u00e9sz\u00edts egyet te is! - \u0160koda We Love Cycling - Magyarorsz\u00e1g\",\"isPartOf\":{\"@id\":\"https:\/\/www.welovecycling.com\/hu\/#website\"},\"primaryImageOfPage\":{\"@id\":\"https:\/\/www.welovecycling.com\/hu\/kozosseg-es-kultura\/a-bringasok-hoangyala-stravaban-keszul-keszits-egyet-te-is\/#primaryimage\"},\"image\":{\"@id\":\"https:\/\/www.welovecycling.com\/hu\/kozosseg-es-kultura\/a-bringasok-hoangyala-stravaban-keszul-keszits-egyet-te-is\/#primaryimage\"},\"thumbnailUrl\":\"https:\/\/d2p6e6u75xmxt8.cloudfront.net\/12\/2020\/11\/wlc_karacsony_cikk4.jpg\",\"datePublished\":\"2020-11-16T11:00:27+00:00\",\"dateModified\":\"2020-12-06T18:56:33+00:00\",\"author\":{\"@id\":\"https:\/\/www.welovecycling.com\/hu\/#\/schema\/person\/414a2aebf1801691a5320edb6468e194\"},\"breadcrumb\":{\"@id\":\"https:\/\/www.welovecycling.com\/hu\/kozosseg-es-kultura\/a-bringasok-hoangyala-stravaban-keszul-keszits-egyet-te-is\/#breadcrumb\"},\"inLanguage\":\"hu\",\"potentialAction\":[{\"@type\":\"ReadAction\",\"target\":[\"https:\/\/www.welovecycling.com\/hu\/kozosseg-es-kultura\/a-bringasok-hoangyala-stravaban-keszul-keszits-egyet-te-is\/\"]}]},{\"@type\":\"ImageObject\",\"inLanguage\":\"hu\",\"@id\":\"https:\/\/www.welovecycling.com\/hu\/kozosseg-es-kultura\/a-bringasok-hoangyala-stravaban-keszul-keszits-egyet-te-is\/#primaryimage\",\"url\":\"https:\/\/d2p6e6u75xmxt8.cloudfront.net\/12\/2020\/11\/wlc_karacsony_cikk4.jpg\",\"contentUrl\":\"https:\/\/d2p6e6u75xmxt8.cloudfront.net\/12\/2020\/11\/wlc_karacsony_cikk4.jpg\",\"width\":1586,\"height\":695},{\"@type\":\"BreadcrumbList\",\"@id\":\"https:\/\/www.welovecycling.com\/hu\/kozosseg-es-kultura\/a-bringasok-hoangyala-stravaban-keszul-keszits-egyet-te-is\/#breadcrumb\",\"itemListElement\":[{\"@type\":\"ListItem\",\"position\":1,\"name\":\"Home\",\"item\":\"https:\/\/www.welovecycling.com\/hu\/\"},{\"@type\":\"ListItem\",\"position\":2,\"name\":\"A bring\u00e1sok h\u00f3angyala Stravaban k\u00e9sz\u00fcl\u2026 k\u00e9sz\u00edts egyet te is!\"}]},{\"@type\":\"WebSite\",\"@id\":\"https:\/\/www.welovecycling.com\/hu\/#website\",\"url\":\"https:\/\/www.welovecycling.com\/hu\/\",\"name\":\"\u0160koda We Love Cycling - Magyarorsz\u00e1g\",\"description\":\"\u0160koda WeLoveCycling\",\"potentialAction\":[{\"@type\":\"SearchAction\",\"target\":{\"@type\":\"EntryPoint\",\"urlTemplate\":\"https:\/\/www.welovecycling.com\/hu\/?s={search_term_string}\"},\"query-input\":{\"@type\":\"PropertyValueSpecification\",\"valueRequired\":true,\"valueName\":\"search_term_string\"}}],\"inLanguage\":\"hu\"},{\"@type\":\"Person\",\"@id\":\"https:\/\/www.welovecycling.com\/hu\/#\/schema\/person\/414a2aebf1801691a5320edb6468e194\",\"name\":\"hegyizs\",\"image\":{\"@type\":\"ImageObject\",\"inLanguage\":\"hu\",\"@id\":\"https:\/\/www.welovecycling.com\/hu\/#\/schema\/person\/image\/\",\"url\":\"https:\/\/secure.gravatar.com\/avatar\/02cf8a7906b8cf90cecb4679defac7cfd33a1c2e3b88e4903d947f3bb58eedd3?s=96&d=mm&r=g\",\"contentUrl\":\"https:\/\/secure.gravatar.com\/avatar\/02cf8a7906b8cf90cecb4679defac7cfd33a1c2e3b88e4903d947f3bb58eedd3?s=96&d=mm&r=g\",\"caption\":\"hegyizs\"},\"url\":\"https:\/\/www.welovecycling.com\/hu\/author\/hegyizs\/\"}]}<\/script>\n<!-- \/ Yoast SEO Premium plugin. -->","yoast_head_json":{"title":"A bring\u00e1sok h\u00f3angyala Stravaban k\u00e9sz\u00fcl\u2026 k\u00e9sz\u00edts egyet te is! - \u0160koda We Love Cycling - Magyarorsz\u00e1g","robots":{"index":"index","follow":"follow","max-snippet":"max-snippet:-1","max-image-preview":"max-image-preview:large","max-video-preview":"max-video-preview:-1"},"canonical":"https:\/\/www.welovecycling.com\/hu\/kozosseg-es-kultura\/a-bringasok-hoangyala-stravaban-keszul-keszits-egyet-te-is\/","og_locale":"hu_HU","og_type":"article","og_title":"A bring\u00e1sok h\u00f3angyala Stravaban k\u00e9sz\u00fcl\u2026 k\u00e9sz\u00edts egyet te is!","og_description":"Van, aki eszkim\u00f3kat megvet\u0151 hidegt\u0171r\u00e9ssel teker a legnagyobb h\u00f3viharban is, hogy haza\u00e9rve leporolja a h\u00f3galacsinokat a v\u00e1ll\u00e1r\u00f3l \u00e9s elismer\u0151en megjegyezze: [&hellip;]","og_url":"https:\/\/www.welovecycling.com\/hu\/kozosseg-es-kultura\/a-bringasok-hoangyala-stravaban-keszul-keszits-egyet-te-is\/","og_site_name":"\u0160koda We Love Cycling - Magyarorsz\u00e1g","article_publisher":"https:\/\/www.facebook.com\/WeLoveCyclingHungary\/","article_published_time":"2020-11-16T11:00:27+00:00","article_modified_time":"2020-12-06T18:56:33+00:00","og_image":[{"width":1586,"height":695,"url":"https:\/\/d2p6e6u75xmxt8.cloudfront.net\/12\/2020\/11\/wlc_karacsony_cikk4.jpg","type":"image\/jpeg"}],"author":"hegyizs","twitter_card":"summary_large_image","twitter_misc":{"Written by":"WLC","Est. reading time":"2 minutes"},"schema":{"@context":"https:\/\/schema.org","@graph":[{"@type":"WebPage","@id":"https:\/\/www.welovecycling.com\/hu\/kozosseg-es-kultura\/a-bringasok-hoangyala-stravaban-keszul-keszits-egyet-te-is\/","url":"https:\/\/www.welovecycling.com\/hu\/kozosseg-es-kultura\/a-bringasok-hoangyala-stravaban-keszul-keszits-egyet-te-is\/","name":"A bring\u00e1sok h\u00f3angyala Stravaban k\u00e9sz\u00fcl\u2026 k\u00e9sz\u00edts egyet te is! - \u0160koda We Love Cycling - Magyarorsz\u00e1g","isPartOf":{"@id":"https:\/\/www.welovecycling.com\/hu\/#website"},"primaryImageOfPage":{"@id":"https:\/\/www.welovecycling.com\/hu\/kozosseg-es-kultura\/a-bringasok-hoangyala-stravaban-keszul-keszits-egyet-te-is\/#primaryimage"},"image":{"@id":"https:\/\/www.welovecycling.com\/hu\/kozosseg-es-kultura\/a-bringasok-hoangyala-stravaban-keszul-keszits-egyet-te-is\/#primaryimage"},"thumbnailUrl":"https:\/\/d2p6e6u75xmxt8.cloudfront.net\/12\/2020\/11\/wlc_karacsony_cikk4.jpg","datePublished":"2020-11-16T11:00:27+00:00","dateModified":"2020-12-06T18:56:33+00:00","author":{"@id":"https:\/\/www.welovecycling.com\/hu\/#\/schema\/person\/414a2aebf1801691a5320edb6468e194"},"breadcrumb":{"@id":"https:\/\/www.welovecycling.com\/hu\/kozosseg-es-kultura\/a-bringasok-hoangyala-stravaban-keszul-keszits-egyet-te-is\/#breadcrumb"},"inLanguage":"hu","potentialAction":[{"@type":"ReadAction","target":["https:\/\/www.welovecycling.com\/hu\/kozosseg-es-kultura\/a-bringasok-hoangyala-stravaban-keszul-keszits-egyet-te-is\/"]}]},{"@type":"ImageObject","inLanguage":"hu","@id":"https:\/\/www.welovecycling.com\/hu\/kozosseg-es-kultura\/a-bringasok-hoangyala-stravaban-keszul-keszits-egyet-te-is\/#primaryimage","url":"https:\/\/d2p6e6u75xmxt8.cloudfront.net\/12\/2020\/11\/wlc_karacsony_cikk4.jpg","contentUrl":"https:\/\/d2p6e6u75xmxt8.cloudfront.net\/12\/2020\/11\/wlc_karacsony_cikk4.jpg","width":1586,"height":695},{"@type":"BreadcrumbList","@id":"https:\/\/www.welovecycling.com\/hu\/kozosseg-es-kultura\/a-bringasok-hoangyala-stravaban-keszul-keszits-egyet-te-is\/#breadcrumb","itemListElement":[{"@type":"ListItem","position":1,"name":"Home","item":"https:\/\/www.welovecycling.com\/hu\/"},{"@type":"ListItem","position":2,"name":"A bring\u00e1sok h\u00f3angyala Stravaban k\u00e9sz\u00fcl\u2026 k\u00e9sz\u00edts egyet te is!"}]},{"@type":"WebSite","@id":"https:\/\/www.welovecycling.com\/hu\/#website","url":"https:\/\/www.welovecycling.com\/hu\/","name":"\u0160koda We Love Cycling - Magyarorsz\u00e1g","description":"\u0160koda WeLoveCycling","potentialAction":[{"@type":"SearchAction","target":{"@type":"EntryPoint","urlTemplate":"https:\/\/www.welovecycling.com\/hu\/?s={search_term_string}"},"query-input":{"@type":"PropertyValueSpecification","valueRequired":true,"valueName":"search_term_string"}}],"inLanguage":"hu"},{"@type":"Person","@id":"https:\/\/www.welovecycling.com\/hu\/#\/schema\/person\/414a2aebf1801691a5320edb6468e194","name":"hegyizs","image":{"@type":"ImageObject","inLanguage":"hu","@id":"https:\/\/www.welovecycling.com\/hu\/#\/schema\/person\/image\/","url":"https:\/\/secure.gravatar.com\/avatar\/02cf8a7906b8cf90cecb4679defac7cfd33a1c2e3b88e4903d947f3bb58eedd3?s=96&d=mm&r=g","contentUrl":"https:\/\/secure.gravatar.com\/avatar\/02cf8a7906b8cf90cecb4679defac7cfd33a1c2e3b88e4903d947f3bb58eedd3?s=96&d=mm&r=g","caption":"hegyizs"},"url":"https:\/\/www.welovecycling.com\/hu\/author\/hegyizs\/"}]}},"_links":{"self":[{"href":"https:\/\/www.welovecycling.com\/hu\/wp-json\/wp\/v2\/posts\/9398","targetHints":{"allow":["GET"]}}],"collection":[{"href":"https:\/\/www.welovecycling.com\/hu\/wp-json\/wp\/v2\/posts"}],"about":[{"href":"https:\/\/www.welovecycling.com\/hu\/wp-json\/wp\/v2\/types\/post"}],"author":[{"embeddable":true,"href":"https:\/\/www.welovecycling.com\/hu\/wp-json\/wp\/v2\/users\/71"}],"replies":[{"embeddable":true,"href":"https:\/\/www.welovecycling.com\/hu\/wp-json\/wp\/v2\/comments?post=9398"}],"version-history":[{"count":2,"href":"https:\/\/www.welovecycling.com\/hu\/wp-json\/wp\/v2\/posts\/9398\/revisions"}],"predecessor-version":[{"id":9402,"href":"https:\/\/www.welovecycling.com\/hu\/wp-json\/wp\/v2\/posts\/9398\/revisions\/9402"}],"wp:featuredmedia":[{"embeddable":true,"href":"https:\/\/www.welovecycling.com\/hu\/wp-json\/wp\/v2\/media\/9640"}],"wp:attachment":[{"href":"https:\/\/www.welovecycling.com\/hu\/wp-json\/wp\/v2\/media?parent=9398"}],"wp:term":[{"taxonomy":"category","embeddable":true,"href":"https:\/\/www.welovecycling.com\/hu\/wp-json\/wp\/v2\/categories?post=9398"},{"taxonomy":"post_tag","embeddable":true,"href":"https:\/\/www.welovecycling.com\/hu\/wp-json\/wp\/v2\/tags?post=9398"},{"taxonomy":"global-categories","embeddable":true,"href":"https:\/\/www.welovecycling.com\/hu\/wp-json\/wp\/v2\/global-categories?post=9398"}],"curies":[{"name":"wp","href":"https:\/\/api.w.org\/{rel}","templated":true}]}}