{"id":9374,"date":"2020-11-19T08:00:00","date_gmt":"2020-11-19T07:00:00","guid":{"rendered":"https:\/\/www.welovecycling.com\/hu\/?p=9374"},"modified":"2020-11-13T18:45:49","modified_gmt":"2020-11-13T17:45:49","slug":"kave-4-dolog-amit-minden-biciklisnek-tudnia-kell","status":"publish","type":"post","link":"https:\/\/www.welovecycling.com\/hu\/edzes-es-eletmod\/kave-4-dolog-amit-minden-biciklisnek-tudnia-kell\/","title":{"rendered":"K\u00e1v\u00e9: 4 dolog, amit minden biciklisnek tudnia kell"},"content":{"rendered":"<p><strong>Szenved\u00e9lyes ker\u00e9kp\u00e1ros vagy? Akkor biztosan sokat tudsz a k\u00e1v\u00e9 \u00e9s a sportol\u00e1s kapcsolat\u00e1r\u00f3l. De mindig lehet \u00fajat tanulni! Ez\u00fattal azt vizsg\u00e1ljuk, hogyan kell v\u00e1ltoztatni k\u00e1v\u00e9z\u00e1si szok\u00e1sainkat \u00e9letkorunk el\u0151rehaladt\u00e1val, illetve hogy a t\u00f6bb vajon jobb-e, \u00e9s hogy mennyi ideig befoly\u00e1solja a teljes\u00edtm\u00e9nyt a koffein.<\/strong><\/p>\n<h2><!--more--><\/h2>\n<h2><strong>A t\u00f6bb jobb?<\/strong><\/h2>\n<p>Vannak, akik szerint igen, \u00e9s nem lehet t\u00fal sokat fogyasztani ebb\u0151l a csod\u00e1latos italb\u00f3l. Sajnos a kutat\u00e1sok m\u00e1st mondanak. Azoknak a ker\u00e9kp\u00e1rosoknak, akik nem k\u00e1v\u00e9znak rendszeresen, \u00fcgyelni\u00fck kell r\u00e1, hogy kb. 2-3 mg jusson tests\u00falyuknak egy kil\u00f3j\u00e1ra, ez 1-2 k\u00e1v\u00e9t jelent. Akik rendszeresen isznak k\u00e1v\u00e9t, 6 mg\/kg-n\u00e1l nem eg\u00e9szs\u00e9ges t\u00f6bbet fogyasztaniuk naponta.<\/p>\n<figure id=\"attachment_9375\" aria-describedby=\"caption-attachment-9375\" style=\"width: 1024px\" class=\"wp-caption alignnone\"><a href=\"https:\/\/d2p6e6u75xmxt8.cloudfront.net\/2\/2020\/11\/profimedia-0377038146.jpg\"><img loading=\"lazy\" decoding=\"async\" class=\"size-large wp-image-9375\" src=\"https:\/\/d2p6e6u75xmxt8.cloudfront.net\/12\/2020\/11\/profimedia-0377038146-1024x681.jpg\" alt=\"Sagan with Coffee\" width=\"1024\" height=\"681\" srcset=\"https:\/\/d2p6e6u75xmxt8.cloudfront.net\/12\/2020\/11\/profimedia-0377038146-1024x681.jpg 1024w, https:\/\/d2p6e6u75xmxt8.cloudfront.net\/12\/2020\/11\/profimedia-0377038146-300x200.jpg 300w, https:\/\/d2p6e6u75xmxt8.cloudfront.net\/12\/2020\/11\/profimedia-0377038146-768x511.jpg 768w, https:\/\/d2p6e6u75xmxt8.cloudfront.net\/12\/2020\/11\/profimedia-0377038146-1536x1021.jpg 1536w, https:\/\/d2p6e6u75xmxt8.cloudfront.net\/12\/2020\/11\/profimedia-0377038146-272x182.jpg 272w, https:\/\/d2p6e6u75xmxt8.cloudfront.net\/12\/2020\/11\/profimedia-0377038146.jpg 1800w\" sizes=\"auto, (max-width: 1024px) 100vw, 1024px\" \/><\/a><figcaption id=\"caption-attachment-9375\" class=\"wp-caption-text\"><em>Mennyi el\u00e9g? \u00a9 Profimedia<\/em><\/figcaption><\/figure>\n<h2><strong>Az id\u0151sebbeknek lassabb az anyagcser\u00e9je<\/strong><\/h2>\n<p>A kutat\u00e1sok szerint ahogy \u00f6regsz\u00fcnk, \u00fagy lassul az anyagcser\u00e9nk, \u00edgy a k\u00e1v\u00e9t is lassabban dolgozza fel a szervezet\u00fcnk. Ez azt jelenti, hogy az id\u0151sebb ker\u00e9kp\u00e1rosoknak kor\u00e1bban kell meginniuk az italt, 60 helyett 90-120 perccel az edz\u00e9s el\u0151tt, hogy a megfelel\u0151 pillanatban kezdjen hatni. Este pedig nem szabad k\u00e1v\u00e9zniuk! Ha nem \u00fcr\u00fcl ki a koffein miel\u0151tt lefeksz\u00fcnk, rosszabbul fogunk aludni! Az alv\u00e1s pedig nagyon fontos a j\u00f3 sportteljes\u00edtm\u00e9nyhez. Teh\u00e1t a legjobb, ha d\u00e9lut\u00e1n 2 ut\u00e1n nem k\u00e1v\u00e9zunk.<\/p>\n<h2><strong>Nem mindig dehidrat\u00e1l<\/strong><\/h2>\n<p>A k\u00e1v\u00e9 ismert hat\u00e1sa, hogy v\u00edzhajt\u00f3, \u00edgy t\u00f6bb folyad\u00e9kot vesz\u00edt\u00fcnk, \u00e9s gyakrabban j\u00e1rok wc-re, ha k\u00e1v\u00e9zunk. Ez azonban csak akkor igaz, ha nem vagyunk hozz\u00e1szokva, vagy egyszerre nagy adagot visz\u00fcnk be bel\u0151le, mondjuk megiszunk 4 duplaeszpressz\u00f3t. De a legt\u00f6bben, akik rendszeresen k\u00e1v\u00e9znak, nem tapasztalj\u00e1k a v\u00edzhajt\u00f3 hat\u00e1st.<\/p>\n<figure id=\"attachment_9376\" aria-describedby=\"caption-attachment-9376\" style=\"width: 1024px\" class=\"wp-caption alignnone\"><a href=\"https:\/\/d2p6e6u75xmxt8.cloudfront.net\/2\/2020\/11\/Coffee-pexels-helena-lopes-1394841.jpg\"><img loading=\"lazy\" decoding=\"async\" class=\"wp-image-9376 size-large\" src=\"https:\/\/d2p6e6u75xmxt8.cloudfront.net\/12\/2020\/11\/Coffee-pexels-helena-lopes-1394841-1024x682.jpg\" alt=\"Coffee Pouring\" width=\"1024\" height=\"682\" srcset=\"https:\/\/d2p6e6u75xmxt8.cloudfront.net\/12\/2020\/11\/Coffee-pexels-helena-lopes-1394841-1024x682.jpg 1024w, https:\/\/d2p6e6u75xmxt8.cloudfront.net\/12\/2020\/11\/Coffee-pexels-helena-lopes-1394841-300x200.jpg 300w, https:\/\/d2p6e6u75xmxt8.cloudfront.net\/12\/2020\/11\/Coffee-pexels-helena-lopes-1394841-768x512.jpg 768w, https:\/\/d2p6e6u75xmxt8.cloudfront.net\/12\/2020\/11\/Coffee-pexels-helena-lopes-1394841-272x182.jpg 272w, https:\/\/d2p6e6u75xmxt8.cloudfront.net\/12\/2020\/11\/Coffee-pexels-helena-lopes-1394841.jpg 1280w\" sizes=\"auto, (max-width: 1024px) 100vw, 1024px\" \/><\/a><figcaption id=\"caption-attachment-9376\" class=\"wp-caption-text\"><em>Kevesebb k\u00e1v\u00e9t inn\u00e1l, ha tudn\u00e1d, hogy nem tesz j\u00f3t?<\/em><\/figcaption><\/figure>\n<h2><strong>\u00c9rdemes verseny el\u0151tt visszafogni?<\/strong><\/h2>\n<p>N\u00e9h\u00e1ny ker\u00e9kp\u00e1ros besz\u00e1mol\u00f3ja szerint, ha egy-k\u00e9t h\u00e9tig tart\u00f3zkodunk a k\u00e1v\u00e9t\u00f3l, fokozhatjuk a hat\u00e1s\u00e1t, ha a verseny napj\u00e1n \u00fajra iszunk egyet. A kutat\u00e1sok szerint azonban nincs nagy k\u00fcl\u00f6nbs\u00e9g. De ha \u00fagy \u00e9rzed, hogy neked j\u00f3t tesz az \u00f6nmegtart\u00f3ztat\u00e1s, \u00e9s nagyobb lesz ut\u00e1na a lend\u00fclet, amit egy cs\u00e9sze k\u00e1v\u00e9 ad akkor csin\u00e1ld \u00edgy! \u00c1rtani nem fog.<\/p>\n","protected":false},"excerpt":{"rendered":"<p>Szenved\u00e9lyes ker\u00e9kp\u00e1ros vagy? Akkor biztosan sokat tudsz a k\u00e1v\u00e9 \u00e9s a sportol\u00e1s kapcsolat\u00e1r\u00f3l. De mindig lehet \u00fajat tanulni! Ez\u00fattal azt [&hellip;]<\/p>\n","protected":false},"author":71,"featured_media":9378,"comment_status":"open","ping_status":"open","sticky":false,"template":"","format":"standard","meta":{"footnotes":""},"categories":[6],"tags":[],"global-categories":[],"class_list":["post-9374","post","type-post","status-publish","format-standard","has-post-thumbnail","hentry","category-edzes-es-eletmod"],"yoast_head":"<!-- This site is optimized with the Yoast SEO Premium plugin v25.3 (Yoast SEO v25.9) - https:\/\/yoast.com\/wordpress\/plugins\/seo\/ -->\n<title>K\u00e1v\u00e9: 4 dolog, amit minden biciklisnek tudnia kell - We Love Cycling<\/title>\n<meta name=\"description\" content=\"Szenved\u00e9lyes ker\u00e9kp\u00e1ros vagy? Akkor biztosan sokat tudsz a k\u00e1v\u00e9 \u00e9s a sportol\u00e1s kapcsolat\u00e1r\u00f3l. De mindig lehet \u00fajat tanulni!\" \/>\n<meta name=\"robots\" content=\"index, follow, max-snippet:-1, max-image-preview:large, max-video-preview:-1\" \/>\n<link rel=\"canonical\" href=\"https:\/\/www.welovecycling.com\/hu\/edzes-es-eletmod\/kave-4-dolog-amit-minden-biciklisnek-tudnia-kell\/\" \/>\n<meta property=\"og:locale\" content=\"hu_HU\" \/>\n<meta property=\"og:type\" content=\"article\" \/>\n<meta property=\"og:title\" content=\"K\u00e1v\u00e9: 4 dolog, amit minden biciklisnek tudnia kell\" \/>\n<meta property=\"og:description\" content=\"Szenved\u00e9lyes ker\u00e9kp\u00e1ros vagy? Akkor biztosan sokat tudsz a k\u00e1v\u00e9 \u00e9s a sportol\u00e1s kapcsolat\u00e1r\u00f3l. De mindig lehet \u00fajat tanulni! Ez\u00fattal azt vizsg\u00e1ljuk, hogyan kell v\u00e1ltoztatni k\u00e1v\u00e9z\u00e1si szok\u00e1sainkat \u00e9letkorunk el\u0151rehaladt\u00e1val, illetve hogy a t\u00f6bb vajon jobb-e, \u00e9s hogy mennyi ideig befoly\u00e1solja a teljes\u00edtm\u00e9nyt a koffein.\" \/>\n<meta property=\"og:url\" content=\"https:\/\/www.welovecycling.com\/hu\/edzes-es-eletmod\/kave-4-dolog-amit-minden-biciklisnek-tudnia-kell\/\" \/>\n<meta property=\"og:site_name\" content=\"\u0160koda We Love Cycling - Magyarorsz\u00e1g\" \/>\n<meta property=\"article:publisher\" content=\"https:\/\/www.facebook.com\/WeLoveCyclingHungary\/\" \/>\n<meta property=\"article:published_time\" content=\"2020-11-19T07:00:00+00:00\" \/>\n<meta property=\"og:image\" content=\"https:\/\/d2p6e6u75xmxt8.cloudfront.net\/12\/2020\/11\/Coffee-beans-profimedia-0567503799-CVR.jpg\" \/>\n\t<meta property=\"og:image:width\" content=\"1366\" \/>\n\t<meta property=\"og:image:height\" content=\"600\" \/>\n\t<meta property=\"og:image:type\" content=\"image\/jpeg\" \/>\n<meta name=\"author\" content=\"hegyizs\" \/>\n<meta name=\"twitter:card\" content=\"summary_large_image\" \/>\n<meta name=\"twitter:title\" content=\"K\u00e1v\u00e9: 4 dolog, amit minden biciklisnek tudnia kell\" \/>\n<meta name=\"twitter:label1\" content=\"Written by\" \/>\n\t<meta name=\"twitter:data1\" content=\"Jiri Kaloc\" \/>\n\t<meta name=\"twitter:label2\" content=\"Est. reading time\" \/>\n\t<meta name=\"twitter:data2\" content=\"5\" \/>\n<script type=\"application\/ld+json\" class=\"yoast-schema-graph\">{\"@context\":\"https:\/\/schema.org\",\"@graph\":[{\"@type\":\"WebPage\",\"@id\":\"https:\/\/www.welovecycling.com\/hu\/edzes-es-eletmod\/kave-4-dolog-amit-minden-biciklisnek-tudnia-kell\/\",\"url\":\"https:\/\/www.welovecycling.com\/hu\/edzes-es-eletmod\/kave-4-dolog-amit-minden-biciklisnek-tudnia-kell\/\",\"name\":\"K\u00e1v\u00e9: 4 dolog, amit minden biciklisnek tudnia kell - We Love Cycling\",\"isPartOf\":{\"@id\":\"https:\/\/www.welovecycling.com\/hu\/#website\"},\"primaryImageOfPage\":{\"@id\":\"https:\/\/www.welovecycling.com\/hu\/edzes-es-eletmod\/kave-4-dolog-amit-minden-biciklisnek-tudnia-kell\/#primaryimage\"},\"image\":{\"@id\":\"https:\/\/www.welovecycling.com\/hu\/edzes-es-eletmod\/kave-4-dolog-amit-minden-biciklisnek-tudnia-kell\/#primaryimage\"},\"thumbnailUrl\":\"https:\/\/d2p6e6u75xmxt8.cloudfront.net\/12\/2020\/11\/Coffee-beans-profimedia-0567503799-CVR.jpg\",\"datePublished\":\"2020-11-19T07:00:00+00:00\",\"author\":{\"@id\":\"https:\/\/www.welovecycling.com\/hu\/#\/schema\/person\/414a2aebf1801691a5320edb6468e194\"},\"description\":\"Szenved\u00e9lyes ker\u00e9kp\u00e1ros vagy? Akkor biztosan sokat tudsz a k\u00e1v\u00e9 \u00e9s a sportol\u00e1s kapcsolat\u00e1r\u00f3l. De mindig lehet \u00fajat tanulni!\",\"breadcrumb\":{\"@id\":\"https:\/\/www.welovecycling.com\/hu\/edzes-es-eletmod\/kave-4-dolog-amit-minden-biciklisnek-tudnia-kell\/#breadcrumb\"},\"inLanguage\":\"hu\",\"potentialAction\":[{\"@type\":\"ReadAction\",\"target\":[\"https:\/\/www.welovecycling.com\/hu\/edzes-es-eletmod\/kave-4-dolog-amit-minden-biciklisnek-tudnia-kell\/\"]}]},{\"@type\":\"ImageObject\",\"inLanguage\":\"hu\",\"@id\":\"https:\/\/www.welovecycling.com\/hu\/edzes-es-eletmod\/kave-4-dolog-amit-minden-biciklisnek-tudnia-kell\/#primaryimage\",\"url\":\"https:\/\/d2p6e6u75xmxt8.cloudfront.net\/12\/2020\/11\/Coffee-beans-profimedia-0567503799-CVR.jpg\",\"contentUrl\":\"https:\/\/d2p6e6u75xmxt8.cloudfront.net\/12\/2020\/11\/Coffee-beans-profimedia-0567503799-CVR.jpg\",\"width\":1366,\"height\":600,\"caption\":\"Coffee beans\"},{\"@type\":\"BreadcrumbList\",\"@id\":\"https:\/\/www.welovecycling.com\/hu\/edzes-es-eletmod\/kave-4-dolog-amit-minden-biciklisnek-tudnia-kell\/#breadcrumb\",\"itemListElement\":[{\"@type\":\"ListItem\",\"position\":1,\"name\":\"Home\",\"item\":\"https:\/\/www.welovecycling.com\/hu\/\"},{\"@type\":\"ListItem\",\"position\":2,\"name\":\"K\u00e1v\u00e9: 4 dolog, amit minden biciklisnek tudnia kell\"}]},{\"@type\":\"WebSite\",\"@id\":\"https:\/\/www.welovecycling.com\/hu\/#website\",\"url\":\"https:\/\/www.welovecycling.com\/hu\/\",\"name\":\"\u0160koda We Love Cycling - Magyarorsz\u00e1g\",\"description\":\"\u0160koda WeLoveCycling\",\"potentialAction\":[{\"@type\":\"SearchAction\",\"target\":{\"@type\":\"EntryPoint\",\"urlTemplate\":\"https:\/\/www.welovecycling.com\/hu\/?s={search_term_string}\"},\"query-input\":{\"@type\":\"PropertyValueSpecification\",\"valueRequired\":true,\"valueName\":\"search_term_string\"}}],\"inLanguage\":\"hu\"},{\"@type\":\"Person\",\"@id\":\"https:\/\/www.welovecycling.com\/hu\/#\/schema\/person\/414a2aebf1801691a5320edb6468e194\",\"name\":\"hegyizs\",\"image\":{\"@type\":\"ImageObject\",\"inLanguage\":\"hu\",\"@id\":\"https:\/\/www.welovecycling.com\/hu\/#\/schema\/person\/image\/\",\"url\":\"https:\/\/secure.gravatar.com\/avatar\/02cf8a7906b8cf90cecb4679defac7cfd33a1c2e3b88e4903d947f3bb58eedd3?s=96&d=mm&r=g\",\"contentUrl\":\"https:\/\/secure.gravatar.com\/avatar\/02cf8a7906b8cf90cecb4679defac7cfd33a1c2e3b88e4903d947f3bb58eedd3?s=96&d=mm&r=g\",\"caption\":\"hegyizs\"},\"url\":\"https:\/\/www.welovecycling.com\/hu\/author\/hegyizs\/\"}]}<\/script>\n<!-- \/ Yoast SEO Premium plugin. -->","yoast_head_json":{"title":"K\u00e1v\u00e9: 4 dolog, amit minden biciklisnek tudnia kell - We Love Cycling","description":"Szenved\u00e9lyes ker\u00e9kp\u00e1ros vagy? Akkor biztosan sokat tudsz a k\u00e1v\u00e9 \u00e9s a sportol\u00e1s kapcsolat\u00e1r\u00f3l. De mindig lehet \u00fajat tanulni!","robots":{"index":"index","follow":"follow","max-snippet":"max-snippet:-1","max-image-preview":"max-image-preview:large","max-video-preview":"max-video-preview:-1"},"canonical":"https:\/\/www.welovecycling.com\/hu\/edzes-es-eletmod\/kave-4-dolog-amit-minden-biciklisnek-tudnia-kell\/","og_locale":"hu_HU","og_type":"article","og_title":"K\u00e1v\u00e9: 4 dolog, amit minden biciklisnek tudnia kell","og_description":"Szenved\u00e9lyes ker\u00e9kp\u00e1ros vagy? Akkor biztosan sokat tudsz a k\u00e1v\u00e9 \u00e9s a sportol\u00e1s kapcsolat\u00e1r\u00f3l. De mindig lehet \u00fajat tanulni! Ez\u00fattal azt vizsg\u00e1ljuk, hogyan kell v\u00e1ltoztatni k\u00e1v\u00e9z\u00e1si szok\u00e1sainkat \u00e9letkorunk el\u0151rehaladt\u00e1val, illetve hogy a t\u00f6bb vajon jobb-e, \u00e9s hogy mennyi ideig befoly\u00e1solja a teljes\u00edtm\u00e9nyt a koffein.","og_url":"https:\/\/www.welovecycling.com\/hu\/edzes-es-eletmod\/kave-4-dolog-amit-minden-biciklisnek-tudnia-kell\/","og_site_name":"\u0160koda We Love Cycling - Magyarorsz\u00e1g","article_publisher":"https:\/\/www.facebook.com\/WeLoveCyclingHungary\/","article_published_time":"2020-11-19T07:00:00+00:00","og_image":[{"width":1366,"height":600,"url":"https:\/\/d2p6e6u75xmxt8.cloudfront.net\/12\/2020\/11\/Coffee-beans-profimedia-0567503799-CVR.jpg","type":"image\/jpeg"}],"author":"hegyizs","twitter_card":"summary_large_image","twitter_title":"K\u00e1v\u00e9: 4 dolog, amit minden biciklisnek tudnia kell","twitter_misc":{"Written by":"Jiri Kaloc","Est. reading time":"5"},"schema":{"@context":"https:\/\/schema.org","@graph":[{"@type":"WebPage","@id":"https:\/\/www.welovecycling.com\/hu\/edzes-es-eletmod\/kave-4-dolog-amit-minden-biciklisnek-tudnia-kell\/","url":"https:\/\/www.welovecycling.com\/hu\/edzes-es-eletmod\/kave-4-dolog-amit-minden-biciklisnek-tudnia-kell\/","name":"K\u00e1v\u00e9: 4 dolog, amit minden biciklisnek tudnia kell - We Love Cycling","isPartOf":{"@id":"https:\/\/www.welovecycling.com\/hu\/#website"},"primaryImageOfPage":{"@id":"https:\/\/www.welovecycling.com\/hu\/edzes-es-eletmod\/kave-4-dolog-amit-minden-biciklisnek-tudnia-kell\/#primaryimage"},"image":{"@id":"https:\/\/www.welovecycling.com\/hu\/edzes-es-eletmod\/kave-4-dolog-amit-minden-biciklisnek-tudnia-kell\/#primaryimage"},"thumbnailUrl":"https:\/\/d2p6e6u75xmxt8.cloudfront.net\/12\/2020\/11\/Coffee-beans-profimedia-0567503799-CVR.jpg","datePublished":"2020-11-19T07:00:00+00:00","author":{"@id":"https:\/\/www.welovecycling.com\/hu\/#\/schema\/person\/414a2aebf1801691a5320edb6468e194"},"description":"Szenved\u00e9lyes ker\u00e9kp\u00e1ros vagy? Akkor biztosan sokat tudsz a k\u00e1v\u00e9 \u00e9s a sportol\u00e1s kapcsolat\u00e1r\u00f3l. De mindig lehet \u00fajat tanulni!","breadcrumb":{"@id":"https:\/\/www.welovecycling.com\/hu\/edzes-es-eletmod\/kave-4-dolog-amit-minden-biciklisnek-tudnia-kell\/#breadcrumb"},"inLanguage":"hu","potentialAction":[{"@type":"ReadAction","target":["https:\/\/www.welovecycling.com\/hu\/edzes-es-eletmod\/kave-4-dolog-amit-minden-biciklisnek-tudnia-kell\/"]}]},{"@type":"ImageObject","inLanguage":"hu","@id":"https:\/\/www.welovecycling.com\/hu\/edzes-es-eletmod\/kave-4-dolog-amit-minden-biciklisnek-tudnia-kell\/#primaryimage","url":"https:\/\/d2p6e6u75xmxt8.cloudfront.net\/12\/2020\/11\/Coffee-beans-profimedia-0567503799-CVR.jpg","contentUrl":"https:\/\/d2p6e6u75xmxt8.cloudfront.net\/12\/2020\/11\/Coffee-beans-profimedia-0567503799-CVR.jpg","width":1366,"height":600,"caption":"Coffee beans"},{"@type":"BreadcrumbList","@id":"https:\/\/www.welovecycling.com\/hu\/edzes-es-eletmod\/kave-4-dolog-amit-minden-biciklisnek-tudnia-kell\/#breadcrumb","itemListElement":[{"@type":"ListItem","position":1,"name":"Home","item":"https:\/\/www.welovecycling.com\/hu\/"},{"@type":"ListItem","position":2,"name":"K\u00e1v\u00e9: 4 dolog, amit minden biciklisnek tudnia kell"}]},{"@type":"WebSite","@id":"https:\/\/www.welovecycling.com\/hu\/#website","url":"https:\/\/www.welovecycling.com\/hu\/","name":"\u0160koda We Love Cycling - Magyarorsz\u00e1g","description":"\u0160koda WeLoveCycling","potentialAction":[{"@type":"SearchAction","target":{"@type":"EntryPoint","urlTemplate":"https:\/\/www.welovecycling.com\/hu\/?s={search_term_string}"},"query-input":{"@type":"PropertyValueSpecification","valueRequired":true,"valueName":"search_term_string"}}],"inLanguage":"hu"},{"@type":"Person","@id":"https:\/\/www.welovecycling.com\/hu\/#\/schema\/person\/414a2aebf1801691a5320edb6468e194","name":"hegyizs","image":{"@type":"ImageObject","inLanguage":"hu","@id":"https:\/\/www.welovecycling.com\/hu\/#\/schema\/person\/image\/","url":"https:\/\/secure.gravatar.com\/avatar\/02cf8a7906b8cf90cecb4679defac7cfd33a1c2e3b88e4903d947f3bb58eedd3?s=96&d=mm&r=g","contentUrl":"https:\/\/secure.gravatar.com\/avatar\/02cf8a7906b8cf90cecb4679defac7cfd33a1c2e3b88e4903d947f3bb58eedd3?s=96&d=mm&r=g","caption":"hegyizs"},"url":"https:\/\/www.welovecycling.com\/hu\/author\/hegyizs\/"}]}},"_links":{"self":[{"href":"https:\/\/www.welovecycling.com\/hu\/wp-json\/wp\/v2\/posts\/9374","targetHints":{"allow":["GET"]}}],"collection":[{"href":"https:\/\/www.welovecycling.com\/hu\/wp-json\/wp\/v2\/posts"}],"about":[{"href":"https:\/\/www.welovecycling.com\/hu\/wp-json\/wp\/v2\/types\/post"}],"author":[{"embeddable":true,"href":"https:\/\/www.welovecycling.com\/hu\/wp-json\/wp\/v2\/users\/71"}],"replies":[{"embeddable":true,"href":"https:\/\/www.welovecycling.com\/hu\/wp-json\/wp\/v2\/comments?post=9374"}],"version-history":[{"count":2,"href":"https:\/\/www.welovecycling.com\/hu\/wp-json\/wp\/v2\/posts\/9374\/revisions"}],"predecessor-version":[{"id":9388,"href":"https:\/\/www.welovecycling.com\/hu\/wp-json\/wp\/v2\/posts\/9374\/revisions\/9388"}],"wp:featuredmedia":[{"embeddable":true,"href":"https:\/\/www.welovecycling.com\/hu\/wp-json\/wp\/v2\/media\/9378"}],"wp:attachment":[{"href":"https:\/\/www.welovecycling.com\/hu\/wp-json\/wp\/v2\/media?parent=9374"}],"wp:term":[{"taxonomy":"category","embeddable":true,"href":"https:\/\/www.welovecycling.com\/hu\/wp-json\/wp\/v2\/categories?post=9374"},{"taxonomy":"post_tag","embeddable":true,"href":"https:\/\/www.welovecycling.com\/hu\/wp-json\/wp\/v2\/tags?post=9374"},{"taxonomy":"global-categories","embeddable":true,"href":"https:\/\/www.welovecycling.com\/hu\/wp-json\/wp\/v2\/global-categories?post=9374"}],"curies":[{"name":"wp","href":"https:\/\/api.w.org\/{rel}","templated":true}]}}