{"id":9363,"date":"2020-11-17T08:00:30","date_gmt":"2020-11-17T07:00:30","guid":{"rendered":"https:\/\/www.welovecycling.com\/hu\/?p=9363"},"modified":"2020-11-13T18:44:39","modified_gmt":"2020-11-13T17:44:39","slug":"a-francia-kormany-50-euroval-tamogatja-a-regi-biciklik-felturbozasat","status":"publish","type":"post","link":"https:\/\/www.welovecycling.com\/hu\/kozosseg-es-kultura\/a-francia-kormany-50-euroval-tamogatja-a-regi-biciklik-felturbozasat\/","title":{"rendered":"A francia korm\u00e1ny 50 eur\u00f3val t\u00e1mogatja a r\u00e9gi biciklik felturb\u00f3z\u00e1s\u00e1t"},"content":{"rendered":"<p><strong>P\u00e1rizs a vil\u00e1g egyik legvonz\u00f3bb, egyben a legdr\u00e1g\u00e1bb f\u0151v\u00e1rosa. 50 eur\u00f3\u00e9rt megl\u00e1togathatsz h\u00e1rom t\u00f6rt\u00e9nelmi l\u00e1tv\u00e1nyoss\u00e1got, p\u00e9ld\u00e1ul az Eiffel torony m\u00e1sodik emelet\u00e9t, a Versailles-i palot\u00e1t \u00e9s a Louvre m\u00fazeumot. Ugyanekkora \u00f6sszeget fizet azonban a francia korm\u00e1ny minden \u00e1llampolg\u00e1rnak, aki r\u00e9gi biciklij\u00e9t szeretn\u00e9 fel\u00faj\u00edtani, ezzel is \u00f6szt\u00f6nzik, hogy min\u00e9l t\u00f6bben \u00fcljenek ker\u00e9kp\u00e1rra!<\/strong><\/p>\n<p><!--more--><\/p>\n<p>Nem sokkal azut\u00e1n, hogy a hat\u00f3s\u00e1gok tavasszal karant\u00e9nt rendeltek el, a COVID-19 m\u00e1ris t\u00f6bb embert \u00fcltetetett ker\u00e9kp\u00e1rra, mint b\u00e1rmelyik aktivista n\u00e9h\u00e1ny \u00e9v alatt. Elisabeth Borne kor\u00e1bban meg\u00edg\u00e9rte, hogy megh\u00e1romszorozza a biciklisek sz\u00e1m\u00e1t az orsz\u00e1gban, id\u00e9n pedig a korm\u00e1ny 20 milli\u00f3 eur\u00f3t tervezett k\u00f6lteni a s\u00fcrg\u0151s int\u00e9zked\u00e9sekre, melyek a hirtelen megn\u00f6vekedett \u00e9rdekl\u0151d\u00e9s miatt lettek sz\u00fcks\u00e9gesek. T\u00f6bbek k\u00f6z\u00f6tt a fejenk\u00e9nti 50 doll\u00e1ros t\u00e1mogat\u00e1s is ide tartozik.<\/p>\n<figure id=\"attachment_9364\" aria-describedby=\"caption-attachment-9364\" style=\"width: 1024px\" class=\"wp-caption alignnone\"><a href=\"https:\/\/d2p6e6u75xmxt8.cloudfront.net\/2\/2020\/11\/Paris-lockdown-profimedia-0567539410.jpg\"><img loading=\"lazy\" decoding=\"async\" class=\"size-large wp-image-9364\" src=\"https:\/\/d2p6e6u75xmxt8.cloudfront.net\/12\/2020\/11\/Paris-lockdown-profimedia-0567539410-1024x682.jpg\" alt=\"Paris lockdown cycling\" width=\"1024\" height=\"682\" srcset=\"https:\/\/d2p6e6u75xmxt8.cloudfront.net\/12\/2020\/11\/Paris-lockdown-profimedia-0567539410-1024x682.jpg 1024w, https:\/\/d2p6e6u75xmxt8.cloudfront.net\/12\/2020\/11\/Paris-lockdown-profimedia-0567539410-300x200.jpg 300w, https:\/\/d2p6e6u75xmxt8.cloudfront.net\/12\/2020\/11\/Paris-lockdown-profimedia-0567539410-768x512.jpg 768w, https:\/\/d2p6e6u75xmxt8.cloudfront.net\/12\/2020\/11\/Paris-lockdown-profimedia-0567539410-272x182.jpg 272w, https:\/\/d2p6e6u75xmxt8.cloudfront.net\/12\/2020\/11\/Paris-lockdown-profimedia-0567539410.jpg 1250w\" sizes=\"auto, (max-width: 1024px) 100vw, 1024px\" \/><\/a><figcaption id=\"caption-attachment-9364\" class=\"wp-caption-text\"><em>Egy f\u00e9rfi biciklizik a kihalt p\u00e1rizsi utc\u00e1n, bez\u00e1rt \u00fczletek k\u00f6z\u00f6tt. \u00a9 Profimedia<\/em><\/figcaption><\/figure>\n<p>A j\u00f3 h\u00edr, hogy a b\u00fcdzs\u00e9 m\u00e1r 60 milli\u00f3sra n\u0151tt, \u00edgy m\u00e9g t\u00f6bben profit\u00e1lhatnak a kamp\u00e1nyb\u00f3l. A megl\u00e9v\u0151 biciklik fel\u00faj\u00edt\u00e1sa mellett a korm\u00e1ny \u00faj e-bring\u00e1k beszerz\u00e9s\u00e9t is t\u00e1mogatja. Az \u00d6kol\u00f3giai Miniszt\u00e9rium eln\u00f6ke, Barbara Pompili meger\u0151s\u00edtette, hogy az 50 eur\u00f3s t\u00e1mogat\u00e1s \u00e9v v\u00e9g\u00e9ig lesz ig\u00e9nyelhet\u0151.<\/p>\n<p>A Ker\u00e9kp\u00e1rhaszn\u00e1l\u00f3k Sz\u00f6vets\u00e9g\u00e9vel egy\u00fcttm\u0171k\u00f6d\u00e9sben el\u0151k\u00e9sz\u00edtett kamp\u00e1ny sor\u00e1n a korm\u00e1ny t\u00f6bb mint 3000 helyi szerel\u0151t b\u00edzott meg, akik beleegyeztek abba, hogy a ker\u00e9kp\u00e1rokat az adott k\u00f6lts\u00e9gvet\u00e9snek megfelel\u0151en jav\u00edts\u00e1k meg. A kedvezm\u00e9ny ig\u00e9nybev\u00e9tel\u00e9hez a bring\u00e1soknak regisztr\u00e1lniuk kell magukat egy, erre a c\u00e9lra l\u00e9trehozott weboldalon, \u00e9s egy interakt\u00edv t\u00e9rk\u00e9pen ki kell v\u00e1lasztaniuk a sz\u00e1mukra szimpatikus ker\u00e9kp\u00e1ros \u00fczletet. Az 50 eur\u00f3s k\u00f6lts\u00e9gvet\u00e9s az alapvet\u0151 karbantart\u00e1st fedezi, amely mag\u00e1ban foglalhatja a kopott alkatr\u00e9szek, p\u00e9ld\u00e1ul a r\u00e9gi gumik vagy a l\u00e1nc cser\u00e9j\u00e9t.<\/p>\n<figure id=\"attachment_9365\" aria-describedby=\"caption-attachment-9365\" style=\"width: 1024px\" class=\"wp-caption alignnone\"><a href=\"https:\/\/d2p6e6u75xmxt8.cloudfront.net\/2\/2020\/11\/Barbara-Pompili-profimedia-0557891978.jpg\"><img loading=\"lazy\" decoding=\"async\" class=\"size-large wp-image-9365\" src=\"https:\/\/d2p6e6u75xmxt8.cloudfront.net\/12\/2020\/11\/Barbara-Pompili-profimedia-0557891978-1024x682.jpg\" alt=\"Barbara Pompili\" width=\"1024\" height=\"682\" srcset=\"https:\/\/d2p6e6u75xmxt8.cloudfront.net\/12\/2020\/11\/Barbara-Pompili-profimedia-0557891978-1024x682.jpg 1024w, https:\/\/d2p6e6u75xmxt8.cloudfront.net\/12\/2020\/11\/Barbara-Pompili-profimedia-0557891978-300x200.jpg 300w, https:\/\/d2p6e6u75xmxt8.cloudfront.net\/12\/2020\/11\/Barbara-Pompili-profimedia-0557891978-768x512.jpg 768w, https:\/\/d2p6e6u75xmxt8.cloudfront.net\/12\/2020\/11\/Barbara-Pompili-profimedia-0557891978-272x182.jpg 272w, https:\/\/d2p6e6u75xmxt8.cloudfront.net\/12\/2020\/11\/Barbara-Pompili-profimedia-0557891978.jpg 1250w\" sizes=\"auto, (max-width: 1024px) 100vw, 1024px\" \/><\/a><figcaption id=\"caption-attachment-9365\" class=\"wp-caption-text\"><em>Barbara Pompili, az \u00f6kol\u00f3giai \u00e1t\u00e1ll\u00e1s\u00e9rt felel\u0151s miniszter egy p\u00e1rizsi ker\u00e9kp\u00e1ros boltban. \u00a9 Profimedia<\/em><\/figcaption><\/figure>\n<p>A t\u00e1mogat\u00e1s arra \u00f6szt\u00f6nzi az embereket, hogy v\u00e1ltsanak biciklire a v\u00e1rosi k\u00f6zleked\u00e9s sor\u00e1n is. A c\u00e9l, hogy a szennyezetts\u00e9g olyan alacsony legyen, mint amilyen a karant\u00e9n alatt volt, amikor az aut\u00f3s forgalmat rendk\u00edv\u00fcl lekorl\u00e1tozt\u00e1k.<\/p>\n<p>A leg\u00fajabb int\u00e9zked\u00e9sek ellen\u00e9re Franciaorsz\u00e1gban 100 dolgoz\u00f3b\u00f3l csak h\u00e1rom ing\u00e1zik ker\u00e9kp\u00e1rral. Az aut\u00f3 tov\u00e1bbra is az els\u0151dleges k\u00f6zleked\u00e9si eszk\u00f6z a lakoss\u00e1g 70 sz\u00e1zal\u00e9ka sz\u00e1m\u00e1ra. A bring\u00e1val k\u00f6zleked\u0151k sz\u00e1m\u00e1nak n\u00f6vel\u00e9se \u00e9rdek\u00e9ben az \u00e1llam 350 milli\u00f3 eur\u00f3t k\u00f6lt a ker\u00e9kp\u00e1ros infrastrukt\u00fara jav\u00edt\u00e1s\u00e1ra \u00e9s a ker\u00e9kp\u00e1rosokra vesz\u00e9lyt jelent\u0151 elemek elt\u00e1vol\u00edt\u00e1s\u00e1ra.<\/p>\n<p>Anne Hidalgo polg\u00e1rmester megdupl\u00e1zni tervezte a p\u00e1rizsi ker\u00e9kp\u00e1rutak sz\u00e1m\u00e1t, 700 km-r\u0151l 1400 km-re \u00e9v v\u00e9g\u00e9ig, ebb\u0151l j\u00f6v\u0151 tavaszig k\u00f6r\u00fclbel\u00fcl 1000 \u00faj \u00fat fog megval\u00f3sulni. Annak ellen\u00e9re, hogy az eredeti terveket fel\u00fcl kellett vizsg\u00e1lni, ez m\u00e9g mindig 1000 km-es \u00faj utat jelent.<\/p>\n<figure id=\"attachment_9366\" aria-describedby=\"caption-attachment-9366\" style=\"width: 1024px\" class=\"wp-caption alignnone\"><a href=\"https:\/\/d2p6e6u75xmxt8.cloudfront.net\/2\/2020\/11\/Paris-profimedia-0134015566.jpg\"><img loading=\"lazy\" decoding=\"async\" class=\"wp-image-9366 size-large\" src=\"https:\/\/d2p6e6u75xmxt8.cloudfront.net\/12\/2020\/11\/Paris-profimedia-0134015566-1024x681.jpg\" alt=\"\" width=\"1024\" height=\"681\" srcset=\"https:\/\/d2p6e6u75xmxt8.cloudfront.net\/12\/2020\/11\/Paris-profimedia-0134015566-1024x681.jpg 1024w, https:\/\/d2p6e6u75xmxt8.cloudfront.net\/12\/2020\/11\/Paris-profimedia-0134015566-300x199.jpg 300w, https:\/\/d2p6e6u75xmxt8.cloudfront.net\/12\/2020\/11\/Paris-profimedia-0134015566-768x511.jpg 768w, https:\/\/d2p6e6u75xmxt8.cloudfront.net\/12\/2020\/11\/Paris-profimedia-0134015566-272x182.jpg 272w, https:\/\/d2p6e6u75xmxt8.cloudfront.net\/12\/2020\/11\/Paris-profimedia-0134015566.jpg 1250w\" sizes=\"auto, (max-width: 1024px) 100vw, 1024px\" \/><\/a><figcaption id=\"caption-attachment-9366\" class=\"wp-caption-text\"><em>P\u00e1rizs bejelentette, hogy megdupl\u00e1zza a ker\u00e9kp\u00e1rutak hossz\u00e1t. \u00a9 Profimedia<\/em><\/figcaption><\/figure>\n<p>A tavaszi lez\u00e1r\u00e1s idej\u00e9n P\u00e1rizs lekorl\u00e1tozta a szem\u00e9lyg\u00e9pkocsi-forgalmat a k\u00f6zponti utak egy r\u00e9sz\u00e9n, bele\u00e9rtve a Rue de Rivolit is, amely most k\u00fcl\u00f6n s\u00e1vokkal rendelkezik a ker\u00e9kp\u00e1rok sz\u00e1m\u00e1ra. Az aut\u00f3buszokra, a taxikra, bizonyos sz\u00e1ll\u00edtm\u00e1nyok sz\u00e1ll\u00edt\u00e1s\u00e1ra \u00e9s a ment\u0151j\u00e1rm\u0171vekre bizonyos engedm\u00e9nyek vonatkoztak. Eleinte P\u00e1rizs ezen h\u00edres utc\u00e1ja, amely Bastille-t\u0151l a Concorde-ig tart, csak a j\u00e1rv\u00e1nykorl\u00e1toz\u00e1sok idej\u00e9re volt fenntartva a gyalogosok \u00e9s a ker\u00e9kp\u00e1rosok sz\u00e1m\u00e1ra, azonban az int\u00e9zked\u00e9sek sikeresnek bizonyultak, \u00edgy a hat\u00f3s\u00e1gok meger\u0151s\u00edtett\u00e9k, hogy az aut\u00f3k nem t\u00e9rnek vissza az \u00fatra.<\/p>\n<p>Emellett a REV V ker\u00e9kp\u00e1rh\u00e1l\u00f3zat, ami P\u00e1rizs belv\u00e1ros\u00e1t k\u00f6ti \u00f6ssze a k\u00fclv\u00e1rosokkal is remek lehet\u0151s\u00e9get biztos\u00edt a t\u00e1volabb \u00e9l\u0151k sz\u00e1m\u00e1ra, hogy biciklivel j\u00e1rjanak dolgozni. A j\u00f6v\u0151ben a francia korm\u00e1ny sz\u00e9les, k\u00e9nyelmes ker\u00e9kp\u00e1rutakat k\u00e9pzel el, ahol a bring\u00e1sok f\u00e9lelem n\u00e9lk\u00fcl tekerhetnek. Egyre ink\u00e1bb terjed a \u201ev\u00e9lotaf\u201d kifejez\u00e9s, ami a ker\u00e9kp\u00e1rral val\u00f3 ing\u00e1z\u00e1st jelenti. Ha a folyamat \u00edgy halad tov\u00e1bb, szemtan\u00fai lehet\u00fcnk, ahogy Anne Hidalgo \u00e9s sok m\u00e1s biciklis-bar\u00e1t \u00e1lma val\u00f3ra v\u00e1lik: a c\u00e9l, hogy 2024-re P\u00e1rizs 100%-ban bringa-bar\u00e1t legyen!<\/p>\n","protected":false},"excerpt":{"rendered":"<p>P\u00e1rizs a vil\u00e1g egyik legvonz\u00f3bb, egyben a legdr\u00e1g\u00e1bb f\u0151v\u00e1rosa. 50 eur\u00f3\u00e9rt megl\u00e1togathatsz h\u00e1rom t\u00f6rt\u00e9nelmi l\u00e1tv\u00e1nyoss\u00e1got, p\u00e9ld\u00e1ul az Eiffel torony m\u00e1sodik [&hellip;]<\/p>\n","protected":false},"author":71,"featured_media":9368,"comment_status":"open","ping_status":"open","sticky":false,"template":"","format":"standard","meta":{"footnotes":""},"categories":[12],"tags":[],"global-categories":[],"class_list":["post-9363","post","type-post","status-publish","format-standard","has-post-thumbnail","hentry","category-kozosseg-es-kultura"],"yoast_head":"<!-- This site is optimized with the Yoast SEO Premium plugin v25.3 (Yoast SEO v25.9) - https:\/\/yoast.com\/wordpress\/plugins\/seo\/ -->\n<title>A francia korm\u00e1ny 50 eur\u00f3val t\u00e1mogatja a r\u00e9gi biciklik felturb\u00f3z\u00e1s\u00e1t - \u0160koda We Love Cycling - Magyarorsz\u00e1g<\/title>\n<meta name=\"description\" content=\"P\u00e1rizs a vil\u00e1g egyik legvonz\u00f3bb, egyben a legdr\u00e1g\u00e1bb f\u0151v\u00e1rosa.\" \/>\n<meta name=\"robots\" content=\"index, follow, max-snippet:-1, max-image-preview:large, max-video-preview:-1\" \/>\n<link rel=\"canonical\" href=\"https:\/\/www.welovecycling.com\/hu\/kozosseg-es-kultura\/a-francia-kormany-50-euroval-tamogatja-a-regi-biciklik-felturbozasat\/\" \/>\n<meta property=\"og:locale\" content=\"hu_HU\" \/>\n<meta property=\"og:type\" content=\"article\" \/>\n<meta property=\"og:title\" content=\"A francia korm\u00e1ny 50 eur\u00f3val t\u00e1mogatja a r\u00e9gi biciklik felturb\u00f3z\u00e1s\u00e1t\" \/>\n<meta property=\"og:description\" content=\"P\u00e1rizs a vil\u00e1g egyik legvonz\u00f3bb, egyben a legdr\u00e1g\u00e1bb f\u0151v\u00e1rosa. 50 eur\u00f3\u00e9rt megl\u00e1togathatsz h\u00e1rom t\u00f6rt\u00e9nelmi l\u00e1tv\u00e1nyoss\u00e1got, p\u00e9ld\u00e1ul az Eiffel torony m\u00e1sodik emelet\u00e9t, a Versailles-i palot\u00e1t \u00e9s a Louvre m\u00fazeumot. Ugyanekkora \u00f6sszeget fizet azonban a francia korm\u00e1ny minden \u00e1llampolg\u00e1rnak, aki r\u00e9gi biciklij\u00e9t szeretn\u00e9 fel\u00faj\u00edtani, ezzel is \u00f6szt\u00f6nzik, hogy min\u00e9l t\u00f6bben \u00fcljenek ker\u00e9kp\u00e1rra!\" \/>\n<meta property=\"og:url\" content=\"https:\/\/www.welovecycling.com\/hu\/kozosseg-es-kultura\/a-francia-kormany-50-euroval-tamogatja-a-regi-biciklik-felturbozasat\/\" \/>\n<meta property=\"og:site_name\" content=\"\u0160koda We Love Cycling - Magyarorsz\u00e1g\" \/>\n<meta property=\"article:publisher\" content=\"https:\/\/www.facebook.com\/WeLoveCyclingHungary\/\" \/>\n<meta property=\"article:published_time\" content=\"2020-11-17T07:00:30+00:00\" \/>\n<meta property=\"og:image\" content=\"https:\/\/d2p6e6u75xmxt8.cloudfront.net\/12\/2020\/11\/Paris-cycling-profimedia-0559577022-CVR.jpg\" \/>\n\t<meta property=\"og:image:width\" content=\"1366\" \/>\n\t<meta property=\"og:image:height\" content=\"600\" \/>\n\t<meta property=\"og:image:type\" content=\"image\/jpeg\" \/>\n<meta name=\"author\" content=\"hegyizs\" \/>\n<meta name=\"twitter:card\" content=\"summary_large_image\" \/>\n<meta name=\"twitter:label1\" content=\"Written by\" \/>\n\t<meta name=\"twitter:data1\" content=\"Adam Marsal\" \/>\n\t<meta name=\"twitter:label2\" content=\"Est. reading time\" \/>\n\t<meta name=\"twitter:data2\" content=\"5\" \/>\n<script type=\"application\/ld+json\" class=\"yoast-schema-graph\">{\"@context\":\"https:\/\/schema.org\",\"@graph\":[{\"@type\":\"WebPage\",\"@id\":\"https:\/\/www.welovecycling.com\/hu\/kozosseg-es-kultura\/a-francia-kormany-50-euroval-tamogatja-a-regi-biciklik-felturbozasat\/\",\"url\":\"https:\/\/www.welovecycling.com\/hu\/kozosseg-es-kultura\/a-francia-kormany-50-euroval-tamogatja-a-regi-biciklik-felturbozasat\/\",\"name\":\"A francia korm\u00e1ny 50 eur\u00f3val t\u00e1mogatja a r\u00e9gi biciklik felturb\u00f3z\u00e1s\u00e1t - \u0160koda We Love Cycling - Magyarorsz\u00e1g\",\"isPartOf\":{\"@id\":\"https:\/\/www.welovecycling.com\/hu\/#website\"},\"primaryImageOfPage\":{\"@id\":\"https:\/\/www.welovecycling.com\/hu\/kozosseg-es-kultura\/a-francia-kormany-50-euroval-tamogatja-a-regi-biciklik-felturbozasat\/#primaryimage\"},\"image\":{\"@id\":\"https:\/\/www.welovecycling.com\/hu\/kozosseg-es-kultura\/a-francia-kormany-50-euroval-tamogatja-a-regi-biciklik-felturbozasat\/#primaryimage\"},\"thumbnailUrl\":\"https:\/\/d2p6e6u75xmxt8.cloudfront.net\/12\/2020\/11\/Paris-cycling-profimedia-0559577022-CVR.jpg\",\"datePublished\":\"2020-11-17T07:00:30+00:00\",\"author\":{\"@id\":\"https:\/\/www.welovecycling.com\/hu\/#\/schema\/person\/414a2aebf1801691a5320edb6468e194\"},\"description\":\"P\u00e1rizs a vil\u00e1g egyik legvonz\u00f3bb, egyben a legdr\u00e1g\u00e1bb f\u0151v\u00e1rosa.\",\"breadcrumb\":{\"@id\":\"https:\/\/www.welovecycling.com\/hu\/kozosseg-es-kultura\/a-francia-kormany-50-euroval-tamogatja-a-regi-biciklik-felturbozasat\/#breadcrumb\"},\"inLanguage\":\"hu\",\"potentialAction\":[{\"@type\":\"ReadAction\",\"target\":[\"https:\/\/www.welovecycling.com\/hu\/kozosseg-es-kultura\/a-francia-kormany-50-euroval-tamogatja-a-regi-biciklik-felturbozasat\/\"]}]},{\"@type\":\"ImageObject\",\"inLanguage\":\"hu\",\"@id\":\"https:\/\/www.welovecycling.com\/hu\/kozosseg-es-kultura\/a-francia-kormany-50-euroval-tamogatja-a-regi-biciklik-felturbozasat\/#primaryimage\",\"url\":\"https:\/\/d2p6e6u75xmxt8.cloudfront.net\/12\/2020\/11\/Paris-cycling-profimedia-0559577022-CVR.jpg\",\"contentUrl\":\"https:\/\/d2p6e6u75xmxt8.cloudfront.net\/12\/2020\/11\/Paris-cycling-profimedia-0559577022-CVR.jpg\",\"width\":1366,\"height\":600,\"caption\":\"Paris cycling\"},{\"@type\":\"BreadcrumbList\",\"@id\":\"https:\/\/www.welovecycling.com\/hu\/kozosseg-es-kultura\/a-francia-kormany-50-euroval-tamogatja-a-regi-biciklik-felturbozasat\/#breadcrumb\",\"itemListElement\":[{\"@type\":\"ListItem\",\"position\":1,\"name\":\"Home\",\"item\":\"https:\/\/www.welovecycling.com\/hu\/\"},{\"@type\":\"ListItem\",\"position\":2,\"name\":\"A francia korm\u00e1ny 50 eur\u00f3val t\u00e1mogatja a r\u00e9gi biciklik felturb\u00f3z\u00e1s\u00e1t\"}]},{\"@type\":\"WebSite\",\"@id\":\"https:\/\/www.welovecycling.com\/hu\/#website\",\"url\":\"https:\/\/www.welovecycling.com\/hu\/\",\"name\":\"\u0160koda We Love Cycling - Magyarorsz\u00e1g\",\"description\":\"\u0160koda WeLoveCycling\",\"potentialAction\":[{\"@type\":\"SearchAction\",\"target\":{\"@type\":\"EntryPoint\",\"urlTemplate\":\"https:\/\/www.welovecycling.com\/hu\/?s={search_term_string}\"},\"query-input\":{\"@type\":\"PropertyValueSpecification\",\"valueRequired\":true,\"valueName\":\"search_term_string\"}}],\"inLanguage\":\"hu\"},{\"@type\":\"Person\",\"@id\":\"https:\/\/www.welovecycling.com\/hu\/#\/schema\/person\/414a2aebf1801691a5320edb6468e194\",\"name\":\"hegyizs\",\"image\":{\"@type\":\"ImageObject\",\"inLanguage\":\"hu\",\"@id\":\"https:\/\/www.welovecycling.com\/hu\/#\/schema\/person\/image\/\",\"url\":\"https:\/\/secure.gravatar.com\/avatar\/02cf8a7906b8cf90cecb4679defac7cfd33a1c2e3b88e4903d947f3bb58eedd3?s=96&d=mm&r=g\",\"contentUrl\":\"https:\/\/secure.gravatar.com\/avatar\/02cf8a7906b8cf90cecb4679defac7cfd33a1c2e3b88e4903d947f3bb58eedd3?s=96&d=mm&r=g\",\"caption\":\"hegyizs\"},\"url\":\"https:\/\/www.welovecycling.com\/hu\/author\/hegyizs\/\"}]}<\/script>\n<!-- \/ Yoast SEO Premium plugin. -->","yoast_head_json":{"title":"A francia korm\u00e1ny 50 eur\u00f3val t\u00e1mogatja a r\u00e9gi biciklik felturb\u00f3z\u00e1s\u00e1t - \u0160koda We Love Cycling - Magyarorsz\u00e1g","description":"P\u00e1rizs a vil\u00e1g egyik legvonz\u00f3bb, egyben a legdr\u00e1g\u00e1bb f\u0151v\u00e1rosa.","robots":{"index":"index","follow":"follow","max-snippet":"max-snippet:-1","max-image-preview":"max-image-preview:large","max-video-preview":"max-video-preview:-1"},"canonical":"https:\/\/www.welovecycling.com\/hu\/kozosseg-es-kultura\/a-francia-kormany-50-euroval-tamogatja-a-regi-biciklik-felturbozasat\/","og_locale":"hu_HU","og_type":"article","og_title":"A francia korm\u00e1ny 50 eur\u00f3val t\u00e1mogatja a r\u00e9gi biciklik felturb\u00f3z\u00e1s\u00e1t","og_description":"P\u00e1rizs a vil\u00e1g egyik legvonz\u00f3bb, egyben a legdr\u00e1g\u00e1bb f\u0151v\u00e1rosa. 50 eur\u00f3\u00e9rt megl\u00e1togathatsz h\u00e1rom t\u00f6rt\u00e9nelmi l\u00e1tv\u00e1nyoss\u00e1got, p\u00e9ld\u00e1ul az Eiffel torony m\u00e1sodik emelet\u00e9t, a Versailles-i palot\u00e1t \u00e9s a Louvre m\u00fazeumot. Ugyanekkora \u00f6sszeget fizet azonban a francia korm\u00e1ny minden \u00e1llampolg\u00e1rnak, aki r\u00e9gi biciklij\u00e9t szeretn\u00e9 fel\u00faj\u00edtani, ezzel is \u00f6szt\u00f6nzik, hogy min\u00e9l t\u00f6bben \u00fcljenek ker\u00e9kp\u00e1rra!","og_url":"https:\/\/www.welovecycling.com\/hu\/kozosseg-es-kultura\/a-francia-kormany-50-euroval-tamogatja-a-regi-biciklik-felturbozasat\/","og_site_name":"\u0160koda We Love Cycling - Magyarorsz\u00e1g","article_publisher":"https:\/\/www.facebook.com\/WeLoveCyclingHungary\/","article_published_time":"2020-11-17T07:00:30+00:00","og_image":[{"width":1366,"height":600,"url":"https:\/\/d2p6e6u75xmxt8.cloudfront.net\/12\/2020\/11\/Paris-cycling-profimedia-0559577022-CVR.jpg","type":"image\/jpeg"}],"author":"hegyizs","twitter_card":"summary_large_image","twitter_misc":{"Written by":"Adam Marsal","Est. reading time":"5"},"schema":{"@context":"https:\/\/schema.org","@graph":[{"@type":"WebPage","@id":"https:\/\/www.welovecycling.com\/hu\/kozosseg-es-kultura\/a-francia-kormany-50-euroval-tamogatja-a-regi-biciklik-felturbozasat\/","url":"https:\/\/www.welovecycling.com\/hu\/kozosseg-es-kultura\/a-francia-kormany-50-euroval-tamogatja-a-regi-biciklik-felturbozasat\/","name":"A francia korm\u00e1ny 50 eur\u00f3val t\u00e1mogatja a r\u00e9gi biciklik felturb\u00f3z\u00e1s\u00e1t - \u0160koda We Love Cycling - Magyarorsz\u00e1g","isPartOf":{"@id":"https:\/\/www.welovecycling.com\/hu\/#website"},"primaryImageOfPage":{"@id":"https:\/\/www.welovecycling.com\/hu\/kozosseg-es-kultura\/a-francia-kormany-50-euroval-tamogatja-a-regi-biciklik-felturbozasat\/#primaryimage"},"image":{"@id":"https:\/\/www.welovecycling.com\/hu\/kozosseg-es-kultura\/a-francia-kormany-50-euroval-tamogatja-a-regi-biciklik-felturbozasat\/#primaryimage"},"thumbnailUrl":"https:\/\/d2p6e6u75xmxt8.cloudfront.net\/12\/2020\/11\/Paris-cycling-profimedia-0559577022-CVR.jpg","datePublished":"2020-11-17T07:00:30+00:00","author":{"@id":"https:\/\/www.welovecycling.com\/hu\/#\/schema\/person\/414a2aebf1801691a5320edb6468e194"},"description":"P\u00e1rizs a vil\u00e1g egyik legvonz\u00f3bb, egyben a legdr\u00e1g\u00e1bb f\u0151v\u00e1rosa.","breadcrumb":{"@id":"https:\/\/www.welovecycling.com\/hu\/kozosseg-es-kultura\/a-francia-kormany-50-euroval-tamogatja-a-regi-biciklik-felturbozasat\/#breadcrumb"},"inLanguage":"hu","potentialAction":[{"@type":"ReadAction","target":["https:\/\/www.welovecycling.com\/hu\/kozosseg-es-kultura\/a-francia-kormany-50-euroval-tamogatja-a-regi-biciklik-felturbozasat\/"]}]},{"@type":"ImageObject","inLanguage":"hu","@id":"https:\/\/www.welovecycling.com\/hu\/kozosseg-es-kultura\/a-francia-kormany-50-euroval-tamogatja-a-regi-biciklik-felturbozasat\/#primaryimage","url":"https:\/\/d2p6e6u75xmxt8.cloudfront.net\/12\/2020\/11\/Paris-cycling-profimedia-0559577022-CVR.jpg","contentUrl":"https:\/\/d2p6e6u75xmxt8.cloudfront.net\/12\/2020\/11\/Paris-cycling-profimedia-0559577022-CVR.jpg","width":1366,"height":600,"caption":"Paris cycling"},{"@type":"BreadcrumbList","@id":"https:\/\/www.welovecycling.com\/hu\/kozosseg-es-kultura\/a-francia-kormany-50-euroval-tamogatja-a-regi-biciklik-felturbozasat\/#breadcrumb","itemListElement":[{"@type":"ListItem","position":1,"name":"Home","item":"https:\/\/www.welovecycling.com\/hu\/"},{"@type":"ListItem","position":2,"name":"A francia korm\u00e1ny 50 eur\u00f3val t\u00e1mogatja a r\u00e9gi biciklik felturb\u00f3z\u00e1s\u00e1t"}]},{"@type":"WebSite","@id":"https:\/\/www.welovecycling.com\/hu\/#website","url":"https:\/\/www.welovecycling.com\/hu\/","name":"\u0160koda We Love Cycling - Magyarorsz\u00e1g","description":"\u0160koda WeLoveCycling","potentialAction":[{"@type":"SearchAction","target":{"@type":"EntryPoint","urlTemplate":"https:\/\/www.welovecycling.com\/hu\/?s={search_term_string}"},"query-input":{"@type":"PropertyValueSpecification","valueRequired":true,"valueName":"search_term_string"}}],"inLanguage":"hu"},{"@type":"Person","@id":"https:\/\/www.welovecycling.com\/hu\/#\/schema\/person\/414a2aebf1801691a5320edb6468e194","name":"hegyizs","image":{"@type":"ImageObject","inLanguage":"hu","@id":"https:\/\/www.welovecycling.com\/hu\/#\/schema\/person\/image\/","url":"https:\/\/secure.gravatar.com\/avatar\/02cf8a7906b8cf90cecb4679defac7cfd33a1c2e3b88e4903d947f3bb58eedd3?s=96&d=mm&r=g","contentUrl":"https:\/\/secure.gravatar.com\/avatar\/02cf8a7906b8cf90cecb4679defac7cfd33a1c2e3b88e4903d947f3bb58eedd3?s=96&d=mm&r=g","caption":"hegyizs"},"url":"https:\/\/www.welovecycling.com\/hu\/author\/hegyizs\/"}]}},"_links":{"self":[{"href":"https:\/\/www.welovecycling.com\/hu\/wp-json\/wp\/v2\/posts\/9363","targetHints":{"allow":["GET"]}}],"collection":[{"href":"https:\/\/www.welovecycling.com\/hu\/wp-json\/wp\/v2\/posts"}],"about":[{"href":"https:\/\/www.welovecycling.com\/hu\/wp-json\/wp\/v2\/types\/post"}],"author":[{"embeddable":true,"href":"https:\/\/www.welovecycling.com\/hu\/wp-json\/wp\/v2\/users\/71"}],"replies":[{"embeddable":true,"href":"https:\/\/www.welovecycling.com\/hu\/wp-json\/wp\/v2\/comments?post=9363"}],"version-history":[{"count":2,"href":"https:\/\/www.welovecycling.com\/hu\/wp-json\/wp\/v2\/posts\/9363\/revisions"}],"predecessor-version":[{"id":9386,"href":"https:\/\/www.welovecycling.com\/hu\/wp-json\/wp\/v2\/posts\/9363\/revisions\/9386"}],"wp:featuredmedia":[{"embeddable":true,"href":"https:\/\/www.welovecycling.com\/hu\/wp-json\/wp\/v2\/media\/9368"}],"wp:attachment":[{"href":"https:\/\/www.welovecycling.com\/hu\/wp-json\/wp\/v2\/media?parent=9363"}],"wp:term":[{"taxonomy":"category","embeddable":true,"href":"https:\/\/www.welovecycling.com\/hu\/wp-json\/wp\/v2\/categories?post=9363"},{"taxonomy":"post_tag","embeddable":true,"href":"https:\/\/www.welovecycling.com\/hu\/wp-json\/wp\/v2\/tags?post=9363"},{"taxonomy":"global-categories","embeddable":true,"href":"https:\/\/www.welovecycling.com\/hu\/wp-json\/wp\/v2\/global-categories?post=9363"}],"curies":[{"name":"wp","href":"https:\/\/api.w.org\/{rel}","templated":true}]}}