{"id":9357,"date":"2020-11-16T08:00:25","date_gmt":"2020-11-16T07:00:25","guid":{"rendered":"https:\/\/www.welovecycling.com\/hu\/?p=9357"},"modified":"2020-11-13T18:42:25","modified_gmt":"2020-11-13T17:42:25","slug":"kerekparsav-etikett","status":"publish","type":"post","link":"https:\/\/www.welovecycling.com\/hu\/biztonsag\/kerekparsav-etikett\/","title":{"rendered":"Ker\u00e9kp\u00e1rs\u00e1v-etikett"},"content":{"rendered":"<p><strong>Vil\u00e1gszerte egyre t\u00f6bbet fektetnek a v\u00e1rosok a ker\u00e9kp\u00e1ros infrastrukt\u00fara fejleszt\u00e9s\u00e9be, hiszen sokan v\u00e1lasztj\u00e1k k\u00f6zleked\u00e9si eszk\u00f6zk\u00e9nt a biciklit. A bring\u00e1z\u00e1s n\u00e9pszer\u0171s\u00e9g\u00e9nek megugr\u00e1sa miatt k\u00e9nytelenek voltak a d\u00f6nt\u00e9shoz\u00f3k el\u0151t\u00e9rbe helyezni a ker\u00e9kp\u00e1rutakat, hogy a v\u00e1rosok be tudj\u00e1k fogadni a k\u00e9tkerek\u0171 \u00e1ramlatot. Izgalmas fejl\u0151d\u00e9s ez minden v\u00e1roslak\u00f3 sz\u00e1m\u00e1ra, aki szeretne t\u00f6bbet tekerni, de ahhoz, hogy j\u00f3l m\u0171k\u00f6dj\u00f6n a rendszer, tanulni is kell.<\/strong><\/p>\n<p><!--more--><\/p>\n<p>Ak\u00e1r olyan ker\u00e9kp\u00e1rs\u00e1vokr\u00f3l van sz\u00f3, amik az \u00fattesten osztozkodnak az aut\u00f3kkal, ak\u00e1r v\u00e9dett, elv\u00e1lasztott utakr\u00f3l, sz\u00e1mos \u00edrott \u00e9s \u00edratlan szab\u00e1lyt figyelembe kell venn\u00fcnk, ha biciklivel indulunk \u00fatnak. N\u00e9zz\u00fck \u00e1t a ker\u00e9kp\u00e1rs\u00e1v-etikettet, \u00e9s seg\u00edts\u00fcnk m\u00e1soknak is biztons\u00e1gosan k\u00f6zlekedni!<\/p>\n<div class=\"mceTemp\"><\/div>\n<figure id=\"attachment_9358\" aria-describedby=\"caption-attachment-9358\" style=\"width: 999px\" class=\"wp-caption alignnone\"><a href=\"https:\/\/d2p6e6u75xmxt8.cloudfront.net\/12\/2020\/11\/City-bike-lane-profimedia-0382420049-1.jpg\"><img loading=\"lazy\" decoding=\"async\" class=\"wp-image-9358 size-full\" src=\"https:\/\/d2p6e6u75xmxt8.cloudfront.net\/12\/2020\/11\/City-bike-lane-profimedia-0382420049-1.jpg\" alt=\"Urban Cycling\" width=\"999\" height=\"667\" srcset=\"https:\/\/d2p6e6u75xmxt8.cloudfront.net\/12\/2020\/11\/City-bike-lane-profimedia-0382420049-1.jpg 999w, https:\/\/d2p6e6u75xmxt8.cloudfront.net\/12\/2020\/11\/City-bike-lane-profimedia-0382420049-1-300x200.jpg 300w, https:\/\/d2p6e6u75xmxt8.cloudfront.net\/12\/2020\/11\/City-bike-lane-profimedia-0382420049-1-768x513.jpg 768w, https:\/\/d2p6e6u75xmxt8.cloudfront.net\/12\/2020\/11\/City-bike-lane-profimedia-0382420049-1-272x182.jpg 272w\" sizes=\"auto, (max-width: 999px) 100vw, 999px\" \/><\/a><figcaption id=\"caption-attachment-9358\" class=\"wp-caption-text\"><em>Mindent tudsz a bring\u00e1z\u00e1s illemtan\u00e1r\u00f3l? \u00a9 Profimedia<\/em><\/figcaption><\/figure>\n<h2><strong>Tartsd be a k\u00f6z\u00fati szab\u00e1lyokat!<\/strong><\/h2>\n<p>Ha van jogsid vagy gyalogosk\u00e9nt haszn\u00e1lod a v\u00e1rosi infrastrukt\u00far\u00e1t, val\u00f3sz\u00edn\u0171leg m\u00e1r ismered a KRESZ alapszab\u00e1lyait, \u00edgy k\u00f6nnyen alkalmazhatod ezeket ker\u00e9kp\u00e1roz\u00e1skor is. Az aut\u00f3khoz hasonl\u00f3an biciklivel is az \u00fat jobb oldal\u00e1n kell k\u00f6zlekedni, \u00e9s soha nem mehet\u00fcnk a forgalommal szemben! A piros l\u00e1mp\u00e1kn\u00e1l \u00e1llj meg, figyeld a t\u00e1bl\u00e1kat \u00e9s a gyalogosok l\u00e1mp\u00e1it is! Ha kanyarodsz, jelezd a kezeddel, de csak akkor v\u00e1lts ir\u00e1nyt, ha a ker\u00e9kp\u00e1rs\u00e1v szaggatott felfest\u00e9se megengedi!<\/p>\n<h2><strong>Legyen j\u00f3 \u00e1llapotban a bring\u00e1d!<\/strong><\/h2>\n<p>Mindig c\u00e9lszer\u0171 ellen\u0151rizni, hogy a ker\u00e9kp\u00e1rod megb\u00edzhat\u00f3an m\u0171k\u00f6dik-e, miel\u0151tt elindulsz, ha pedig forgalmas helyeken visz az utad, ez m\u00e9g fontosabb, hiszen a forgalom t\u00f6bbi r\u00e9sztvev\u0151it is befoly\u00e1solod. Ellen\u0151rizd teh\u00e1t, hogy j\u00f3l m\u0171k\u00f6dnek-e a f\u00e9kek, a kerekek nem laposak, \u00e9s a v\u00e1lt\u00f3k is j\u00f3 \u00e1llapotban vannak! Ide\u00e1lis esetben arr\u00f3l is meg kellene gy\u0151z\u0151dn\u00f6d, hogy minden eszk\u00f6zt bepakolt\u00e1l, ami defekt eset\u00e9n kellhet. Nem egyed\u00fcl haszn\u00e1lod a s\u00e1vot, egy technikai probl\u00e9ma pedig ak\u00e1r balesethez is vezethet!<\/p>\n<figure id=\"attachment_9359\" aria-describedby=\"caption-attachment-9359\" style=\"width: 1024px\" class=\"wp-caption alignnone\"><a href=\"https:\/\/d2p6e6u75xmxt8.cloudfront.net\/2\/2020\/11\/Urban-Berlin-profimedia-0555432019.jpg\"><img loading=\"lazy\" decoding=\"async\" class=\"wp-image-9359 size-large\" src=\"https:\/\/d2p6e6u75xmxt8.cloudfront.net\/12\/2020\/11\/Urban-Berlin-profimedia-0555432019-1024x682.jpg\" alt=\"Berlin Cycling\" width=\"1024\" height=\"682\" srcset=\"https:\/\/d2p6e6u75xmxt8.cloudfront.net\/12\/2020\/11\/Urban-Berlin-profimedia-0555432019-1024x682.jpg 1024w, https:\/\/d2p6e6u75xmxt8.cloudfront.net\/12\/2020\/11\/Urban-Berlin-profimedia-0555432019-300x200.jpg 300w, https:\/\/d2p6e6u75xmxt8.cloudfront.net\/12\/2020\/11\/Urban-Berlin-profimedia-0555432019-768x512.jpg 768w, https:\/\/d2p6e6u75xmxt8.cloudfront.net\/12\/2020\/11\/Urban-Berlin-profimedia-0555432019-272x182.jpg 272w, https:\/\/d2p6e6u75xmxt8.cloudfront.net\/12\/2020\/11\/Urban-Berlin-profimedia-0555432019.jpg 1250w\" sizes=\"auto, (max-width: 1024px) 100vw, 1024px\" \/><\/a><figcaption id=\"caption-attachment-9359\" class=\"wp-caption-text\"><em>J\u00f3 \u00e1llapotban van a bring\u00e1d? \u00a9 Profimedia<\/em><\/figcaption><\/figure>\n<h2><strong>Mutass j\u00f3 p\u00e9ld\u00e1t!<\/strong><\/h2>\n<p>Ha betartod a szab\u00e1lyokat, azzal j\u00f3 p\u00e9ld\u00e1t mutatsz m\u00e1sok sz\u00e1m\u00e1ra \u00e9s megk\u00f6nny\u00edted, hogy \u0151k is biztons\u00e1gosan k\u00f6zlekedhessenek. Viselj sisakot, \u00f6lt\u00f6zz az id\u0151j\u00e1r\u00e1snak megfelel\u0151en, legy\u00e9l l\u00e1that\u00f3 \u00e9s haszn\u00e1lj l\u00e1mp\u00e1kat! Mindig legyen n\u00e1lad a telefonod, k\u00e9szp\u00e9nz \u00e9s az igazolv\u00e1nyaid. Mindenre fel kell k\u00e9sz\u00fclni!<\/p>\n<h2><strong>Ne lepj meg m\u00e1sokat!<\/strong><\/h2>\n<p>Az egyik legjobb m\u00f3dja a balesetek elker\u00fcl\u00e9s\u00e9re, ha mindig k\u00f6r\u00fcltekint\u0151en haladunk el m\u00e1sok mellett. Ugyanaz a protokoll \u00e9rv\u00e9nyes itt is, mint az aut\u00f3kn\u00e1l: ha lassabban tekersz, haladj a jobb oldalon, ha pedig el\u0151z\u00f6l, a bal oldalon tedd! Ha befejezted az el\u0151z\u00e9st \u00e9s biztons\u00e1gos t\u00e1vols\u00e1gra vagy a m\u00f6g\u00f6tted halad\u00f3t\u00f3l, h\u00faz\u00f3dj vissza a jobb oldalra! Ha k\u00e9ts\u00e1vos ker\u00e9kp\u00e1r\u00faton biciklizel, k\u00fcl\u00f6n\u00f6sen \u00f3vatosnak kell lenned, hiszen szemb\u0151l is j\u00f6hetnek! Ha l\u00e1tod, hogy valaki j\u00f6n fel\u00e9d, v\u00e1rd meg, hogy elhaladjon melletted, addig pedig mozogj \u00f3vatosan!<\/p>\n<figure id=\"attachment_9360\" aria-describedby=\"caption-attachment-9360\" style=\"width: 1000px\" class=\"wp-caption alignnone\"><a href=\"https:\/\/d2p6e6u75xmxt8.cloudfront.net\/12\/2020\/11\/Copenhagen-rain-profimedia-0537655827.jpg\"><img loading=\"lazy\" decoding=\"async\" class=\"wp-image-9360 size-full\" src=\"https:\/\/d2p6e6u75xmxt8.cloudfront.net\/12\/2020\/11\/Copenhagen-rain-profimedia-0537655827.jpg\" alt=\"Bicycle lane Copenhagen\" width=\"1000\" height=\"667\" srcset=\"https:\/\/d2p6e6u75xmxt8.cloudfront.net\/12\/2020\/11\/Copenhagen-rain-profimedia-0537655827.jpg 1000w, https:\/\/d2p6e6u75xmxt8.cloudfront.net\/12\/2020\/11\/Copenhagen-rain-profimedia-0537655827-300x200.jpg 300w, https:\/\/d2p6e6u75xmxt8.cloudfront.net\/12\/2020\/11\/Copenhagen-rain-profimedia-0537655827-768x512.jpg 768w, https:\/\/d2p6e6u75xmxt8.cloudfront.net\/12\/2020\/11\/Copenhagen-rain-profimedia-0537655827-272x182.jpg 272w\" sizes=\"auto, (max-width: 1000px) 100vw, 1000px\" \/><\/a><figcaption id=\"caption-attachment-9360\" class=\"wp-caption-text\"><em>El\u0151zz k\u00f6r\u00fcltekint\u0151en! \u00a9 Profimedia<\/em><\/figcaption><\/figure>\n<h2><strong>Legy\u00e9l kisz\u00e1m\u00edthat\u00f3!<\/strong><\/h2>\n<p>A v\u00e1rosi ker\u00e9kp\u00e1rs\u00e1v nem az a hely, ahol meg kell mutatnod a vil\u00e1gnak, mire vagy k\u00e9pes. M\u00e9g, ha nincs is nagy forgalom, akkor sem kell rak\u00e9tak\u00e9nt sz\u00e1guldanod. Ezeket az utakat mindennapi haszn\u00e1latra sz\u00e1nt\u00e1k, mindenf\u00e9le biciklis teker rajtuk, \u00e9s mindannyiuknak biztons\u00e1gban kell \u00e9rezni\u00fck magukat. Frusztr\u00e1l\u00f3 tud lenni, ha egy csal\u00e1d vagy egy turistacsoport m\u00f6g\u00e9 szorulunk, ilyenkor eml\u00e9keztesd magad arra, hogy j\u00f3 dolog, hogy egyre t\u00f6bben k\u00f6zlekednek k\u00e9t ker\u00e9ken! Ha nincs el\u0151tted semmi, haladhatsz gyorsabban, de figyelj az esetleges akad\u00e1lyokra, a l\u00e1mp\u00e1kra \u00e9s a lel\u00e9p\u0151 gyalogosokra!<\/p>\n<h2><strong>A biciklis\u00e1v mindenki\u00e9!<\/strong><\/h2>\n<p>Nagyon fontos, hogy szem el\u0151tt tartsuk, hogy nem mindenki lesz olyan tapasztalt, t\u00e1j\u00e9kozott \u00e9s k\u00f6r\u00fcltekint\u0151, aki ker\u00e9ks\u00e1vban teker. A fenntarthat\u00f3s\u00e1g \u00e9s hozz\u00e1f\u00e9rhet\u0151s\u00e9g szellem\u00e9ben \u00e9p\u00fclt ki ez az infrastrukt\u00fara, \u00edgy k\u00f6nnyen lehet, hogy valakinek teljesen m\u00e1st jelent a bicikliz\u00e9s, mint neked. Legy\u00e9l b\u00e1tor\u00edt\u00f3 \u00e9s bar\u00e1ts\u00e1gos m\u00e1s ker\u00e9kp\u00e1rosokkal! Ha l\u00e1tod, hogy mechanikai probl\u00e9m\u00e1val k\u00fczdenek, seg\u00edts nekik, ahogy tudsz! Soha nem tudhatod, mikor lesz neked sz\u00fcks\u00e9ges seg\u00edts\u00e9gre, a karma pedig j\u00f3 dolog is lehet, ha \u00fcgyesen haszn\u00e1lod ki!<\/p>\n","protected":false},"excerpt":{"rendered":"<p>Vil\u00e1gszerte egyre t\u00f6bbet fektetnek a v\u00e1rosok a ker\u00e9kp\u00e1ros infrastrukt\u00fara fejleszt\u00e9s\u00e9be, hiszen sokan v\u00e1lasztj\u00e1k k\u00f6zleked\u00e9si eszk\u00f6zk\u00e9nt a biciklit. A bring\u00e1z\u00e1s n\u00e9pszer\u0171s\u00e9g\u00e9nek [&hellip;]<\/p>\n","protected":false},"author":71,"featured_media":9362,"comment_status":"open","ping_status":"open","sticky":false,"template":"","format":"standard","meta":{"footnotes":""},"categories":[10],"tags":[],"global-categories":[],"class_list":["post-9357","post","type-post","status-publish","format-standard","has-post-thumbnail","hentry","category-biztonsag"],"yoast_head":"<!-- This site is optimized with the Yoast SEO Premium plugin v25.3 (Yoast SEO v25.9) - https:\/\/yoast.com\/wordpress\/plugins\/seo\/ -->\n<title>Ker\u00e9kp\u00e1rs\u00e1v-etikett - \u0160koda We Love Cycling - Magyarorsz\u00e1g<\/title>\n<meta name=\"description\" content=\"Vil\u00e1gszerte egyre t\u00f6bbet fektetnek a v\u00e1rosok a ker\u00e9kp\u00e1ros infrastrukt\u00fara fejleszt\u00e9s\u00e9be, hiszen sokan v\u00e1lasztj\u00e1k k\u00f6zleked\u00e9si eszk\u00f6zk\u00e9nt a biciklit.\" \/>\n<meta name=\"robots\" content=\"index, follow, max-snippet:-1, max-image-preview:large, max-video-preview:-1\" \/>\n<link rel=\"canonical\" href=\"https:\/\/www.welovecycling.com\/hu\/biztonsag\/kerekparsav-etikett\/\" \/>\n<meta property=\"og:locale\" content=\"hu_HU\" \/>\n<meta property=\"og:type\" content=\"article\" \/>\n<meta property=\"og:title\" content=\"Ker\u00e9kp\u00e1rs\u00e1v-etikett\" \/>\n<meta property=\"og:description\" content=\"Vil\u00e1gszerte egyre t\u00f6bbet fektetnek a v\u00e1rosok a ker\u00e9kp\u00e1ros infrastrukt\u00fara fejleszt\u00e9s\u00e9be, hiszen sokan v\u00e1lasztj\u00e1k k\u00f6zleked\u00e9si eszk\u00f6zk\u00e9nt a biciklit. A bring\u00e1z\u00e1s n\u00e9pszer\u0171s\u00e9g\u00e9nek megugr\u00e1sa miatt k\u00e9nytelenek voltak a d\u00f6nt\u00e9shoz\u00f3k el\u0151t\u00e9rbe helyezni a ker\u00e9kp\u00e1rutakat, hogy a v\u00e1rosok be tudj\u00e1k fogadni a k\u00e9tkerek\u0171 \u00e1ramlatot. Izgalmas fejl\u0151d\u00e9s ez minden v\u00e1roslak\u00f3 sz\u00e1m\u00e1ra, aki szeretne t\u00f6bbet tekerni, de ahhoz, hogy j\u00f3l m\u0171k\u00f6dj\u00f6n a rendszer, tanulni is kell.\" \/>\n<meta property=\"og:url\" content=\"https:\/\/www.welovecycling.com\/hu\/biztonsag\/kerekparsav-etikett\/\" \/>\n<meta property=\"og:site_name\" content=\"\u0160koda We Love Cycling - Magyarorsz\u00e1g\" \/>\n<meta property=\"article:publisher\" content=\"https:\/\/www.facebook.com\/WeLoveCyclingHungary\/\" \/>\n<meta property=\"article:published_time\" content=\"2020-11-16T07:00:25+00:00\" \/>\n<meta property=\"og:image\" content=\"https:\/\/d2p6e6u75xmxt8.cloudfront.net\/12\/2020\/11\/Bicycle-lane-profimedia-0564443004-CVR.jpg\" \/>\n\t<meta property=\"og:image:width\" content=\"1366\" \/>\n\t<meta property=\"og:image:height\" content=\"600\" \/>\n\t<meta property=\"og:image:type\" content=\"image\/jpeg\" \/>\n<meta name=\"author\" content=\"hegyizs\" \/>\n<meta name=\"twitter:card\" content=\"summary_large_image\" \/>\n<meta name=\"twitter:label1\" content=\"Written by\" \/>\n\t<meta name=\"twitter:data1\" content=\"Megan Flottorp\" \/>\n\t<meta name=\"twitter:label2\" content=\"Est. reading time\" \/>\n\t<meta name=\"twitter:data2\" content=\"6\" \/>\n<script type=\"application\/ld+json\" class=\"yoast-schema-graph\">{\"@context\":\"https:\/\/schema.org\",\"@graph\":[{\"@type\":\"WebPage\",\"@id\":\"https:\/\/www.welovecycling.com\/hu\/biztonsag\/kerekparsav-etikett\/\",\"url\":\"https:\/\/www.welovecycling.com\/hu\/biztonsag\/kerekparsav-etikett\/\",\"name\":\"Ker\u00e9kp\u00e1rs\u00e1v-etikett - \u0160koda We Love Cycling - Magyarorsz\u00e1g\",\"isPartOf\":{\"@id\":\"https:\/\/www.welovecycling.com\/hu\/#website\"},\"primaryImageOfPage\":{\"@id\":\"https:\/\/www.welovecycling.com\/hu\/biztonsag\/kerekparsav-etikett\/#primaryimage\"},\"image\":{\"@id\":\"https:\/\/www.welovecycling.com\/hu\/biztonsag\/kerekparsav-etikett\/#primaryimage\"},\"thumbnailUrl\":\"https:\/\/d2p6e6u75xmxt8.cloudfront.net\/12\/2020\/11\/Bicycle-lane-profimedia-0564443004-CVR.jpg\",\"datePublished\":\"2020-11-16T07:00:25+00:00\",\"author\":{\"@id\":\"https:\/\/www.welovecycling.com\/hu\/#\/schema\/person\/414a2aebf1801691a5320edb6468e194\"},\"description\":\"Vil\u00e1gszerte egyre t\u00f6bbet fektetnek a v\u00e1rosok a ker\u00e9kp\u00e1ros infrastrukt\u00fara fejleszt\u00e9s\u00e9be, hiszen sokan v\u00e1lasztj\u00e1k k\u00f6zleked\u00e9si eszk\u00f6zk\u00e9nt a biciklit.\",\"breadcrumb\":{\"@id\":\"https:\/\/www.welovecycling.com\/hu\/biztonsag\/kerekparsav-etikett\/#breadcrumb\"},\"inLanguage\":\"hu\",\"potentialAction\":[{\"@type\":\"ReadAction\",\"target\":[\"https:\/\/www.welovecycling.com\/hu\/biztonsag\/kerekparsav-etikett\/\"]}]},{\"@type\":\"ImageObject\",\"inLanguage\":\"hu\",\"@id\":\"https:\/\/www.welovecycling.com\/hu\/biztonsag\/kerekparsav-etikett\/#primaryimage\",\"url\":\"https:\/\/d2p6e6u75xmxt8.cloudfront.net\/12\/2020\/11\/Bicycle-lane-profimedia-0564443004-CVR.jpg\",\"contentUrl\":\"https:\/\/d2p6e6u75xmxt8.cloudfront.net\/12\/2020\/11\/Bicycle-lane-profimedia-0564443004-CVR.jpg\",\"width\":1366,\"height\":600,\"caption\":\"Bicycle lane\"},{\"@type\":\"BreadcrumbList\",\"@id\":\"https:\/\/www.welovecycling.com\/hu\/biztonsag\/kerekparsav-etikett\/#breadcrumb\",\"itemListElement\":[{\"@type\":\"ListItem\",\"position\":1,\"name\":\"Home\",\"item\":\"https:\/\/www.welovecycling.com\/hu\/\"},{\"@type\":\"ListItem\",\"position\":2,\"name\":\"Ker\u00e9kp\u00e1rs\u00e1v-etikett\"}]},{\"@type\":\"WebSite\",\"@id\":\"https:\/\/www.welovecycling.com\/hu\/#website\",\"url\":\"https:\/\/www.welovecycling.com\/hu\/\",\"name\":\"\u0160koda We Love Cycling - Magyarorsz\u00e1g\",\"description\":\"\u0160koda WeLoveCycling\",\"potentialAction\":[{\"@type\":\"SearchAction\",\"target\":{\"@type\":\"EntryPoint\",\"urlTemplate\":\"https:\/\/www.welovecycling.com\/hu\/?s={search_term_string}\"},\"query-input\":{\"@type\":\"PropertyValueSpecification\",\"valueRequired\":true,\"valueName\":\"search_term_string\"}}],\"inLanguage\":\"hu\"},{\"@type\":\"Person\",\"@id\":\"https:\/\/www.welovecycling.com\/hu\/#\/schema\/person\/414a2aebf1801691a5320edb6468e194\",\"name\":\"hegyizs\",\"image\":{\"@type\":\"ImageObject\",\"inLanguage\":\"hu\",\"@id\":\"https:\/\/www.welovecycling.com\/hu\/#\/schema\/person\/image\/\",\"url\":\"https:\/\/secure.gravatar.com\/avatar\/02cf8a7906b8cf90cecb4679defac7cfd33a1c2e3b88e4903d947f3bb58eedd3?s=96&d=mm&r=g\",\"contentUrl\":\"https:\/\/secure.gravatar.com\/avatar\/02cf8a7906b8cf90cecb4679defac7cfd33a1c2e3b88e4903d947f3bb58eedd3?s=96&d=mm&r=g\",\"caption\":\"hegyizs\"},\"url\":\"https:\/\/www.welovecycling.com\/hu\/author\/hegyizs\/\"}]}<\/script>\n<!-- \/ Yoast SEO Premium plugin. -->","yoast_head_json":{"title":"Ker\u00e9kp\u00e1rs\u00e1v-etikett - \u0160koda We Love Cycling - Magyarorsz\u00e1g","description":"Vil\u00e1gszerte egyre t\u00f6bbet fektetnek a v\u00e1rosok a ker\u00e9kp\u00e1ros infrastrukt\u00fara fejleszt\u00e9s\u00e9be, hiszen sokan v\u00e1lasztj\u00e1k k\u00f6zleked\u00e9si eszk\u00f6zk\u00e9nt a biciklit.","robots":{"index":"index","follow":"follow","max-snippet":"max-snippet:-1","max-image-preview":"max-image-preview:large","max-video-preview":"max-video-preview:-1"},"canonical":"https:\/\/www.welovecycling.com\/hu\/biztonsag\/kerekparsav-etikett\/","og_locale":"hu_HU","og_type":"article","og_title":"Ker\u00e9kp\u00e1rs\u00e1v-etikett","og_description":"Vil\u00e1gszerte egyre t\u00f6bbet fektetnek a v\u00e1rosok a ker\u00e9kp\u00e1ros infrastrukt\u00fara fejleszt\u00e9s\u00e9be, hiszen sokan v\u00e1lasztj\u00e1k k\u00f6zleked\u00e9si eszk\u00f6zk\u00e9nt a biciklit. A bring\u00e1z\u00e1s n\u00e9pszer\u0171s\u00e9g\u00e9nek megugr\u00e1sa miatt k\u00e9nytelenek voltak a d\u00f6nt\u00e9shoz\u00f3k el\u0151t\u00e9rbe helyezni a ker\u00e9kp\u00e1rutakat, hogy a v\u00e1rosok be tudj\u00e1k fogadni a k\u00e9tkerek\u0171 \u00e1ramlatot. Izgalmas fejl\u0151d\u00e9s ez minden v\u00e1roslak\u00f3 sz\u00e1m\u00e1ra, aki szeretne t\u00f6bbet tekerni, de ahhoz, hogy j\u00f3l m\u0171k\u00f6dj\u00f6n a rendszer, tanulni is kell.","og_url":"https:\/\/www.welovecycling.com\/hu\/biztonsag\/kerekparsav-etikett\/","og_site_name":"\u0160koda We Love Cycling - Magyarorsz\u00e1g","article_publisher":"https:\/\/www.facebook.com\/WeLoveCyclingHungary\/","article_published_time":"2020-11-16T07:00:25+00:00","og_image":[{"width":1366,"height":600,"url":"https:\/\/d2p6e6u75xmxt8.cloudfront.net\/12\/2020\/11\/Bicycle-lane-profimedia-0564443004-CVR.jpg","type":"image\/jpeg"}],"author":"hegyizs","twitter_card":"summary_large_image","twitter_misc":{"Written by":"Megan Flottorp","Est. reading time":"6"},"schema":{"@context":"https:\/\/schema.org","@graph":[{"@type":"WebPage","@id":"https:\/\/www.welovecycling.com\/hu\/biztonsag\/kerekparsav-etikett\/","url":"https:\/\/www.welovecycling.com\/hu\/biztonsag\/kerekparsav-etikett\/","name":"Ker\u00e9kp\u00e1rs\u00e1v-etikett - \u0160koda We Love Cycling - Magyarorsz\u00e1g","isPartOf":{"@id":"https:\/\/www.welovecycling.com\/hu\/#website"},"primaryImageOfPage":{"@id":"https:\/\/www.welovecycling.com\/hu\/biztonsag\/kerekparsav-etikett\/#primaryimage"},"image":{"@id":"https:\/\/www.welovecycling.com\/hu\/biztonsag\/kerekparsav-etikett\/#primaryimage"},"thumbnailUrl":"https:\/\/d2p6e6u75xmxt8.cloudfront.net\/12\/2020\/11\/Bicycle-lane-profimedia-0564443004-CVR.jpg","datePublished":"2020-11-16T07:00:25+00:00","author":{"@id":"https:\/\/www.welovecycling.com\/hu\/#\/schema\/person\/414a2aebf1801691a5320edb6468e194"},"description":"Vil\u00e1gszerte egyre t\u00f6bbet fektetnek a v\u00e1rosok a ker\u00e9kp\u00e1ros infrastrukt\u00fara fejleszt\u00e9s\u00e9be, hiszen sokan v\u00e1lasztj\u00e1k k\u00f6zleked\u00e9si eszk\u00f6zk\u00e9nt a biciklit.","breadcrumb":{"@id":"https:\/\/www.welovecycling.com\/hu\/biztonsag\/kerekparsav-etikett\/#breadcrumb"},"inLanguage":"hu","potentialAction":[{"@type":"ReadAction","target":["https:\/\/www.welovecycling.com\/hu\/biztonsag\/kerekparsav-etikett\/"]}]},{"@type":"ImageObject","inLanguage":"hu","@id":"https:\/\/www.welovecycling.com\/hu\/biztonsag\/kerekparsav-etikett\/#primaryimage","url":"https:\/\/d2p6e6u75xmxt8.cloudfront.net\/12\/2020\/11\/Bicycle-lane-profimedia-0564443004-CVR.jpg","contentUrl":"https:\/\/d2p6e6u75xmxt8.cloudfront.net\/12\/2020\/11\/Bicycle-lane-profimedia-0564443004-CVR.jpg","width":1366,"height":600,"caption":"Bicycle lane"},{"@type":"BreadcrumbList","@id":"https:\/\/www.welovecycling.com\/hu\/biztonsag\/kerekparsav-etikett\/#breadcrumb","itemListElement":[{"@type":"ListItem","position":1,"name":"Home","item":"https:\/\/www.welovecycling.com\/hu\/"},{"@type":"ListItem","position":2,"name":"Ker\u00e9kp\u00e1rs\u00e1v-etikett"}]},{"@type":"WebSite","@id":"https:\/\/www.welovecycling.com\/hu\/#website","url":"https:\/\/www.welovecycling.com\/hu\/","name":"\u0160koda We Love Cycling - Magyarorsz\u00e1g","description":"\u0160koda WeLoveCycling","potentialAction":[{"@type":"SearchAction","target":{"@type":"EntryPoint","urlTemplate":"https:\/\/www.welovecycling.com\/hu\/?s={search_term_string}"},"query-input":{"@type":"PropertyValueSpecification","valueRequired":true,"valueName":"search_term_string"}}],"inLanguage":"hu"},{"@type":"Person","@id":"https:\/\/www.welovecycling.com\/hu\/#\/schema\/person\/414a2aebf1801691a5320edb6468e194","name":"hegyizs","image":{"@type":"ImageObject","inLanguage":"hu","@id":"https:\/\/www.welovecycling.com\/hu\/#\/schema\/person\/image\/","url":"https:\/\/secure.gravatar.com\/avatar\/02cf8a7906b8cf90cecb4679defac7cfd33a1c2e3b88e4903d947f3bb58eedd3?s=96&d=mm&r=g","contentUrl":"https:\/\/secure.gravatar.com\/avatar\/02cf8a7906b8cf90cecb4679defac7cfd33a1c2e3b88e4903d947f3bb58eedd3?s=96&d=mm&r=g","caption":"hegyizs"},"url":"https:\/\/www.welovecycling.com\/hu\/author\/hegyizs\/"}]}},"_links":{"self":[{"href":"https:\/\/www.welovecycling.com\/hu\/wp-json\/wp\/v2\/posts\/9357","targetHints":{"allow":["GET"]}}],"collection":[{"href":"https:\/\/www.welovecycling.com\/hu\/wp-json\/wp\/v2\/posts"}],"about":[{"href":"https:\/\/www.welovecycling.com\/hu\/wp-json\/wp\/v2\/types\/post"}],"author":[{"embeddable":true,"href":"https:\/\/www.welovecycling.com\/hu\/wp-json\/wp\/v2\/users\/71"}],"replies":[{"embeddable":true,"href":"https:\/\/www.welovecycling.com\/hu\/wp-json\/wp\/v2\/comments?post=9357"}],"version-history":[{"count":2,"href":"https:\/\/www.welovecycling.com\/hu\/wp-json\/wp\/v2\/posts\/9357\/revisions"}],"predecessor-version":[{"id":9385,"href":"https:\/\/www.welovecycling.com\/hu\/wp-json\/wp\/v2\/posts\/9357\/revisions\/9385"}],"wp:featuredmedia":[{"embeddable":true,"href":"https:\/\/www.welovecycling.com\/hu\/wp-json\/wp\/v2\/media\/9362"}],"wp:attachment":[{"href":"https:\/\/www.welovecycling.com\/hu\/wp-json\/wp\/v2\/media?parent=9357"}],"wp:term":[{"taxonomy":"category","embeddable":true,"href":"https:\/\/www.welovecycling.com\/hu\/wp-json\/wp\/v2\/categories?post=9357"},{"taxonomy":"post_tag","embeddable":true,"href":"https:\/\/www.welovecycling.com\/hu\/wp-json\/wp\/v2\/tags?post=9357"},{"taxonomy":"global-categories","embeddable":true,"href":"https:\/\/www.welovecycling.com\/hu\/wp-json\/wp\/v2\/global-categories?post=9357"}],"curies":[{"name":"wp","href":"https:\/\/api.w.org\/{rel}","templated":true}]}}