{"id":933,"date":"2018-05-31T12:36:28","date_gmt":"2018-05-31T12:36:28","guid":{"rendered":"https:\/\/www.welovecycling.com\/hu\/?p=933"},"modified":"2018-05-31T14:59:28","modified_gmt":"2018-05-31T14:59:28","slug":"praktikus-kalauz-igy-utazhatnak-veled-a-gyerekek-a-biciklin","status":"publish","type":"post","link":"https:\/\/www.welovecycling.com\/hu\/csalad\/praktikus-kalauz-igy-utazhatnak-veled-a-gyerekek-a-biciklin\/","title":{"rendered":"Praktikus kalauz: \u00cdgy utazhatnak veled a gyerekek a biciklin"},"content":{"rendered":"<p><strong>A legt\u00f6bb \u00f3vod\u00e1s \u00e9lvezettel tanul meg bring\u00e1zni, de ha te m\u00e9g enn\u00e9l is kor\u00e1bban elkezden\u00e9d r\u00e1szoktatni \u0151t a ker\u00e9kp\u00e1roz\u00e1sra, akkor 4 \u00e9ves kor\u00e1ig viheted magaddal saj\u00e1t biciklin is. A bring\u00e1s gyerek\u00fcl\u00e9sek v\u00e1laszt\u00e9ka egyre nagyobb, ez\u00e9rt \u00e9rdemes kicsit k\u00f6rbej\u00e1rni a t\u00e9m\u00e1t, hogy a legbiztons\u00e1gosabb lehet\u0151s\u00e9get v\u00e1lasszuk, ami m\u00e9g praktikus is.<\/strong><\/p>\n<p><!--more--><\/p>\n<p>Sz\u00e1mos lehet\u0151s\u00e9ged van, a legn\u00e9pszer\u0171bbek a k\u00f6vetkez\u0151k: el\u0151re szerelt \u00fcl\u00e9sek, h\u00e1tulra szerelt \u00fcl\u00e9sek \u00e9s ut\u00e1nfut\u00f3k. Hasonl\u00f3an az \u00f6sszes t\u00f6bbi sz\u00fcl\u0151i d\u00f6nt\u00e9shez, ebben az esetben is r\u00e1d van b\u00edzva, melyik lesz a legmegfelel\u0151bb.<\/p>\n<p>A legt\u00f6bb \u00fcl\u00e9s kilenc h\u00f3napos \u00e9s n\u00e9gy \u00e9ves kor k\u00f6z\u00f6tt haszn\u00e1lhat\u00f3. Az als\u00f3 korhat\u00e1r att\u00f3l f\u00fcgg, mikort\u00f3l tud a baba t\u00e1maszt\u00e9k n\u00e9lk\u00fcl egyed\u00fcl is \u00fclni, m\u00edg a fels\u0151 korhat\u00e1r ink\u00e1bb a gyermek t\u00f6meg\u00e9t\u0151l f\u00fcgg, nehezebb utassal a man\u0151verez\u00e9s is egyre nagyobb kih\u00edv\u00e1st jelent. Az \u00fcl\u00e9seket jellemz\u0151en max. 20 kg-os utasokra m\u00e9retezik.<\/p>\n<h2>Kompatibilis a biciklid \u00e9s a gyermek\u00fcl\u00e9s?<\/h2>\n<p>A neked \u00e9s csal\u00e1dodnak is legmegfelel\u0151bb megold\u00e1s kiv\u00e1laszt\u00e1s\u00e1hoz el\u0151sz\u00f6r is azt kell megfontolni, hogyan kell az \u00fcl\u00e9st a biciklire r\u00e1szerelni. Nem minden bicikli kompatibilis minden gyermek\u00fcl\u00e9ssel, \u00e9s bizonyos ker\u00e9kp\u00e1rokra csak egyes \u00fcl\u00e9st\u00edpusok vagy m\u00e1rk\u00e1k modelljei szerelhet\u0151ek fel. A v\u00e1rosi biciklik, a hibrid \u00e9s munk\u00e1ba j\u00e1r\u00e1shoz k\u00edn\u00e1lt \u201ecommuter\u201d t\u00edpusok a legsokoldal\u00fabbak, az egyedi \u00e9s speci\u00e1lis v\u00e1ltozatok erre a c\u00e9lra nem aj\u00e1nlottak.<\/p>\n<p><strong>Amit \u00e9rdemes ellen\u0151rizni:<\/strong><\/p>\n<p>A csomagtart\u00f3 r\u00f6gz\u00edt\u00e9s\u00e9hez haszn\u00e1lhat\u00f3 furat vagy karika<\/p>\n<p>Olyan k\u00e1bel vagy zsin\u00f3r, ami zavarhatja a felszerel\u00e9st<\/p>\n<p>A h\u00e1tulra szerelt csomagtart\u00f3k r\u00f6gz\u00edt\u00e9se lehet, hogy csak egyes f\u00e9kt\u00edpusokkal kompatibilis<\/p>\n<p>Ellen\u0151rizd, van-e el\u00e9g hely a bicikliden egy el\u0151re szerelt \u00fcl\u00e9shez<\/p>\n<h2>H\u00e1tulra szerelt \u00fcl\u00e9sek<\/h2>\n<p>A h\u00e1tulra szerelt \u00fcl\u00e9seknek alapvet\u0151en h\u00e1rom fajt\u00e1ja van: a nyeregt\u00e1maszon konzolosan t\u00falny\u00fal\u00f3, a h\u00e1ts\u00f3 csomagtart\u00f3ra r\u00f6gz\u00edtett, valamint a k\u00f6zvetlen\u00fcl a nyeregt\u00e1maszra \u00e9s az \u00fcl\u00e9s tart\u00f3ira r\u00f6gz\u00edtett v\u00e1ltozat.<\/p>\n<p>A legalkalmasabb: Magas gyerekeknek, kilenc h\u00f3napos kor felett, illetve hosszabb utakhoz, ha a gyerek \u00a0elaludhat.<\/p>\n<p><a href=\"https:\/\/d2p6e6u75xmxt8.cloudfront.net\/12\/2018\/05\/igy-utazhatnak-veled-a-gyerekek-biciklin.jpg\"><img loading=\"lazy\" decoding=\"async\" class=\"alignnone size-full wp-image-934\" src=\"https:\/\/d2p6e6u75xmxt8.cloudfront.net\/12\/2018\/05\/igy-utazhatnak-veled-a-gyerekek-biciklin.jpg\" alt=\"igy-utazhatnak-veled-a-gyerekek-kerekparon\" width=\"800\" height=\"499\" srcset=\"https:\/\/d2p6e6u75xmxt8.cloudfront.net\/12\/2018\/05\/igy-utazhatnak-veled-a-gyerekek-biciklin.jpg 800w, https:\/\/d2p6e6u75xmxt8.cloudfront.net\/12\/2018\/05\/igy-utazhatnak-veled-a-gyerekek-biciklin-300x187.jpg 300w, https:\/\/d2p6e6u75xmxt8.cloudfront.net\/12\/2018\/05\/igy-utazhatnak-veled-a-gyerekek-biciklin-768x479.jpg 768w\" sizes=\"auto, (max-width: 800px) 100vw, 800px\" \/><\/a><\/p>\n<p><strong>El\u0151ny\u00f6k<\/strong><\/p>\n<ol>\n<li>A legt\u00f6bb \u00fcl\u00e9s kiv\u00e1l\u00f3an passzol k\u00f6zepes \u00e9s nagy biciklikre, hagyom\u00e1nyos fels\u0151 v\u00e1zcs\u0151vel<\/li>\n<li>Ez a legegyszer\u0171bb \u00e9s legnagyobb v\u00e1laszt\u00e9kban el\u00e9rhet\u0151 opci\u00f3.<\/li>\n<li>A legt\u00f6bb ilyen \u00fcl\u00e9st le is lehet csatolni a keretr\u0151l, ami a hordoz\u00f3 ker\u00e9kp\u00e1rra van r\u00f6gz\u00edtve.<\/li>\n<li>Egy tov\u00e1bbi kerettel ilyenkor az \u00fcl\u00e9st k\u00f6nnyen lehet \u00e1ttenni m\u00e1sik biciklire.<\/li>\n<\/ol>\n<p><strong>H\u00e1tr\u00e1nyok<\/strong><\/p>\n<ol>\n<li>Nagyobb gyerekek, illetve hosszan tart\u00f3 haszn\u00e1lat k\u00f6vetkezt\u00e9ben az \u00fcl\u00e9s t\u00fals\u00e1gosan h\u00e1trahajolhat.<\/li>\n<li>Kisebb v\u00e1zak \u00e9s s\u00fcllyesztett fels\u0151 v\u00e1zcs\u0151 eset\u00e9n b\u00e1rmelyik \u00fcl\u00e9sn\u00e9l fell\u00e9phetnek r\u00f6gz\u00edt\u00e9si probl\u00e9m\u00e1k, ha az \u00fcl\u00e9st egy\u00e9bk\u00e9nt nyeregt\u00e1maszra szor\u00edtott kerettel kellene r\u00f6gz\u00edteni.<\/li>\n<li>Nem lehet l\u00e1tni a gyereket, ez\u00e9rt neh\u00e9z vele besz\u00e9lgetni teker\u00e9s k\u00f6zben.<\/li>\n<li>A gyerek\u00fcl\u00e9s \u00e9s a gyermek egy\u00fcttesen h\u00e1tr\u00e9bb h\u00fazza a bicikli s\u00falypontj\u00e1t, ami (legal\u00e1bbis eleinte) furcs\u00e1v\u00e1 teheti a gurul\u00e1st \u00e9s befoly\u00e1solhatja a sz\u00fcl\u0151 \u00e9lm\u00e9ny\u00e9t.<\/li>\n<\/ol>\n<p>Aj\u00e1nlott m\u00e1rk\u00e1k: Hamax, CoPilot, Bobike.<\/p>\n<h2>El\u0151re szerelt \u00fcl\u00e9sek<\/h2>\n<p>Az el\u0151re szerelt \u00fcl\u00e9sek \u00e1ltal\u00e1ban a fels\u0151 v\u00e1zcs\u0151re, egy f\u00f6l\u00e9 r\u00f6gz\u00edtett r\u00fadra, vagy a fejcs\u00f6v\u00f6n l\u00e9v\u0151 keretre csatolhat\u00f3ak. N\u00e9melyik pr\u00e9selt m\u0171anyagb\u00f3l van, de vannak kis nyergek is l\u00e1bt\u00e1maszokkal, amit nagyobb gyerekeknek aj\u00e1nlanak.<\/p>\n<p>A legalkalmasabb: Totyog\u00f3 kor\u00fa gyerekeknek, k\u00f6zepesen vagy nagyon magas feln\u0151ttel.<\/p>\n<p><a href=\"https:\/\/d2p6e6u75xmxt8.cloudfront.net\/12\/2018\/05\/igy-utazhatnak-veled-a-gyerekek-biciklin-01.jpg\"><img loading=\"lazy\" decoding=\"async\" class=\"alignnone size-full wp-image-935\" src=\"https:\/\/d2p6e6u75xmxt8.cloudfront.net\/12\/2018\/05\/igy-utazhatnak-veled-a-gyerekek-biciklin-01.jpg\" alt=\"igy-utazhatnak-veled-a-gyerekek-kerekparon\" width=\"900\" height=\"600\" srcset=\"https:\/\/d2p6e6u75xmxt8.cloudfront.net\/12\/2018\/05\/igy-utazhatnak-veled-a-gyerekek-biciklin-01.jpg 900w, https:\/\/d2p6e6u75xmxt8.cloudfront.net\/12\/2018\/05\/igy-utazhatnak-veled-a-gyerekek-biciklin-01-300x200.jpg 300w, https:\/\/d2p6e6u75xmxt8.cloudfront.net\/12\/2018\/05\/igy-utazhatnak-veled-a-gyerekek-biciklin-01-768x512.jpg 768w, https:\/\/d2p6e6u75xmxt8.cloudfront.net\/12\/2018\/05\/igy-utazhatnak-veled-a-gyerekek-biciklin-01-272x182.jpg 272w\" sizes=\"auto, (max-width: 900px) 100vw, 900px\" \/><\/a><\/p>\n<p><strong>El\u0151ny\u00f6k<\/strong><\/p>\n<ol>\n<li>Lehet\u0151v\u00e9 teszi a besz\u00e9lget\u00e9st, k\u00f6zel tud maradni egym\u00e1shoz a gyermek \u00e9s a feln\u0151tt.<\/li>\n<li>Jobb a gyerek sz\u00e1m\u00e1ra a kil\u00e1t\u00e1s az \u00fat sor\u00e1n.<\/li>\n<li>Nem befoly\u00e1solja annyira az egyens\u00falyt.<\/li>\n<li>\u00c1ltal\u00e1ban egyszer\u0171bb be- \u00e9s kisz\u00e1llni.<\/li>\n<\/ol>\n<p><strong>H\u00e1tr\u00e1nyok<\/strong><\/p>\n<ol>\n<li>Kevesebb hely marad a feln\u0151ttnek, \u00e9s lehet, hogy v\u00e9g\u00fcl csak esetlen\u00fcl, a t\u00e9rdedet kifel\u00e9 ford\u00edtva tudsz ped\u00e1lozni.<\/li>\n<li>Ha elestek, vagy hirtelen kell f\u00e9kezned, a gyermeked k\u00f6zvetlen\u00fcl el\u00e9d ker\u00fcl, mint egy l\u00e9gzs\u00e1k.<\/li>\n<li>A gyereket kiss\u00e9 jobban \u00e9ri a menetsz\u00e9l.<\/li>\n<li>A kis nyereg csak r\u00f6videbb utakra aj\u00e1nlott, mert a f\u00e1radt gyerekek lecs\u00faszhatnak valamelyik oldalra, vagy a l\u00e1buk belel\u00f3ghat az els\u0151 ker\u00e9k \u00fatj\u00e1ba.<\/li>\n<\/ol>\n<p>Aj\u00e1nlott m\u00e1rk\u00e1k: Bobike, Kangaroo, Weeride, Thule.<\/p>\n<h2>T\u00f6bb gyereknek keresel megfelel\u0151 megold\u00e1st?<\/h2>\n<p>B\u00e1r a biciklire lehet egyszerre el\u0151re \u00a0\u00e9s h\u00e1tulra szerelt \u00fcl\u00e9st is rakni, ett\u0151l nagyon neh\u00e9z lesz stabilan tekerni, sz\u00f3val ha t\u00f6bb, mint egy kisgyerekkel utazol, akkor az ut\u00e1nfut\u00f3 egy\u00e9rtelm\u0171en jobb megold\u00e1s lehet.<\/p>\n<p>A gyerekeknek val\u00f3 biciklis ut\u00e1nfut\u00f3 f\u0151 el\u0151nye, hogy &#8211; ellent\u00e9tben az \u00fcl\u00e9sekkel, amihez sz\u00fcks\u00e9ges, hogy a gyerekek m\u00e1r tudj\u00e1k tartani a saj\u00e1t nyakukat &#8211; ezeket t\u00f6bbnyire sokkal fiatalabb porontyok is haszn\u00e1lhatj\u00e1k, k\u00e9nyelmesebb hely\u00fck is van, \u00e9s minden elf\u00e9r, amire sz\u00fcks\u00e9g\u00fck lehet.<\/p>\n<p><a href=\"https:\/\/d2p6e6u75xmxt8.cloudfront.net\/12\/2018\/05\/igy-utazhatnak-veled-a-gyerekek-biciklin-02.jpg\"><img loading=\"lazy\" decoding=\"async\" class=\"alignnone size-extra-large wp-image-936\" src=\"https:\/\/d2p6e6u75xmxt8.cloudfront.net\/12\/2018\/05\/igy-utazhatnak-veled-a-gyerekek-biciklin-02-1920x654.jpg\" alt=\"igy-utazhatnak-veled-a-gyerekek-kerekparon\" width=\"1920\" height=\"654\" srcset=\"https:\/\/d2p6e6u75xmxt8.cloudfront.net\/12\/2018\/05\/igy-utazhatnak-veled-a-gyerekek-biciklin-02-1920x654.jpg 1920w, https:\/\/d2p6e6u75xmxt8.cloudfront.net\/12\/2018\/05\/igy-utazhatnak-veled-a-gyerekek-biciklin-02-300x102.jpg 300w, https:\/\/d2p6e6u75xmxt8.cloudfront.net\/12\/2018\/05\/igy-utazhatnak-veled-a-gyerekek-biciklin-02-768x262.jpg 768w, https:\/\/d2p6e6u75xmxt8.cloudfront.net\/12\/2018\/05\/igy-utazhatnak-veled-a-gyerekek-biciklin-02-1024x349.jpg 1024w, https:\/\/d2p6e6u75xmxt8.cloudfront.net\/12\/2018\/05\/igy-utazhatnak-veled-a-gyerekek-biciklin-02.jpg 1979w, https:\/\/d2p6e6u75xmxt8.cloudfront.net\/12\/2018\/05\/igy-utazhatnak-veled-a-gyerekek-biciklin-02-1920x654.jpg 1920w\" sizes=\"auto, (max-width: 1920px) 100vw, 1920px\" \/><\/a><\/p>\n<p><strong>El\u0151ny\u00f6k<\/strong><\/p>\n<ol>\n<li>Az ut\u00e1nfut\u00f3ban j\u00f3kora hely van (a k\u00e9nyelmesen elf\u00e9r\u0151 gyerek mellett is).<\/li>\n<li>Sokkal k\u00e9nyelmesebb a gyerekek sz\u00e1m\u00e1ra.<\/li>\n<li>Ak\u00e1r a legkisebb bab\u00e1k is sz\u00e1ll\u00edthat\u00f3ak sok csecsem\u0151-ut\u00e1nfut\u00f3 t\u00edpusban (ellen\u0151rizd a konkr\u00e9t t\u00edpusok korhat\u00e1r-el\u0151\u00edr\u00e1sait).<\/li>\n<li>A gyerekek boldogan aludhatnak.<\/li>\n<li>Sok ut\u00e1nfut\u00f3ban k\u00e9t gyerek is elf\u00e9r egym\u00e1s mellett, \u00edgy tudnak egym\u00e1ssal besz\u00e9lgetni.<\/li>\n<li>A bring\u00e1ra szerelt \u00fcl\u00e9s \u00e9s a benne \u00fcl\u0151 gyerek megnehez\u00edthetik az egyens\u00falyoz\u00e1st \u00e9s az ir\u00e1ny\u00edt\u00e1st &#8211; az ut\u00e1nfut\u00f3val nincs ilyen probl\u00e9ma.<\/li>\n<li>Tet\u0151 ker\u00fclhet a gyerekek feje f\u00f6l\u00e9, amit\u0151l nem \u00e1znak meg, \u00e9s a kis kezeiket sem l\u00f3gatj\u00e1k ki \u00fatk\u00f6zben.<\/li>\n<li>Nagyobb s\u00falyt lehet vel\u00fck sz\u00e1ll\u00edtani, mint a gyerek\u00fcl\u00e9sekkel.<\/li>\n<li>Ut\u00e1nfut\u00f3k\u00e9nt tov\u00e1bbra is haszn\u00e1lhat\u00f3ak maradnak, ha a gyerekek id\u0151k\u00f6zben megn\u0151nek.<\/li>\n<li>Sz\u00e1mos olyan modern gyermek-ut\u00e1nfut\u00f3 van, ami babakocsiv\u00e1 alak\u00edthat\u00f3, \u00edgy akkor sem kell felverni az alv\u00f3 gyerk\u0151c\u00f6t, ha k\u00f6zben oda\u00e9rtek a c\u00e9l\u00e1llom\u00e1sra.<\/li>\n<\/ol>\n<p><strong>H\u00e1tr\u00e1nyok<\/strong><\/p>\n<ol>\n<li>Minden ut\u00e1nfut\u00f3nak van meghat\u00e1rozott s\u00falykorl\u00e1tja (de ez az \u00fcl\u00e9sekre is igaz).<\/li>\n<li>Az ut\u00e1nfut\u00f3ban utaz\u00f3 gyerekek m\u00f6g\u00f6tted vannak, \u00edgy nem fogod \u0151ket igaz\u00e1n j\u00f3l hallani, \u00e9s nehezebb ellen\u0151rizni, j\u00f3l vannak-e, mintha k\u00f6zel \u00fcln\u00e9nek egy \u00fcl\u00e9sben &#8211; ezen egy t\u00fck\u00f6rrel lehet seg\u00edteni.<\/li>\n<li>El\u00e9g er\u0151snek \u00e9s fittnek kell lenned, hogy h\u00fazni tudd az ut\u00e1nfut\u00f3t.<\/li>\n<li>Jobban \u00fcgyelni kell arra, milyen poz\u00edci\u00f3ban haladsz az \u00faton, hogy a sof\u0151r\u00f6k l\u00e1ssanak t\u00e9ged \u00e9s az ut\u00e1nfut\u00f3t is.<\/li>\n<\/ol>\n<p>&nbsp;<\/p>\n","protected":false},"excerpt":{"rendered":"<p>A legt\u00f6bb \u00f3vod\u00e1s \u00e9lvezettel tanul meg bring\u00e1zni, de ha te m\u00e9g enn\u00e9l is kor\u00e1bban elkezden\u00e9d r\u00e1szoktatni \u0151t a ker\u00e9kp\u00e1roz\u00e1sra, akkor [&hellip;]<\/p>\n","protected":false},"author":71,"featured_media":938,"comment_status":"open","ping_status":"open","sticky":false,"template":"","format":"standard","meta":{"footnotes":""},"categories":[11],"tags":[17,59,60,16,22,58],"global-categories":[],"class_list":["post-933","post","type-post","status-publish","format-standard","has-post-thumbnail","hentry","category-csalad","tag-bicikli","tag-csomagtarto","tag-hatulra-szerelt-ulesek","tag-kerekpar","tag-kerekparozas","tag-kerekparozas-gyerekekkel"],"yoast_head":"<!-- This site is optimized with the Yoast SEO Premium plugin v25.3 (Yoast SEO v25.9) - https:\/\/yoast.com\/wordpress\/plugins\/seo\/ -->\n<title>Praktikus kalauz: \u00cdgy utazhatnak veled a gyerekek a biciklin - \u0160koda We Love Cycling - Magyarorsz\u00e1g<\/title>\n<meta name=\"description\" content=\"Ha m\u00e1r hat h\u00f3napos kort\u00f3l kb. n\u00e9gy \u00e9ves kor\u00e1ig is biciklin szeretn\u00e9d vinni a cs\u00f6pps\u00e9geket, akkor alaposan ut\u00e1na kell j\u00e1rnod a biztons\u00e1g \u00e9s praktikuss\u00e1g k\u00e9rd\u00e9seinek.\" \/>\n<meta name=\"robots\" content=\"index, follow, max-snippet:-1, max-image-preview:large, max-video-preview:-1\" \/>\n<link rel=\"canonical\" href=\"https:\/\/www.welovecycling.com\/hu\/csalad\/praktikus-kalauz-igy-utazhatnak-veled-a-gyerekek-a-biciklin\/\" \/>\n<meta property=\"og:locale\" content=\"hu_HU\" \/>\n<meta property=\"og:type\" content=\"article\" \/>\n<meta property=\"og:title\" content=\"Praktikus kalauz: \u00cdgy utazhatnak veled a gyerekek a biciklin\" \/>\n<meta property=\"og:description\" content=\"Ha m\u00e1r hat h\u00f3napos kort\u00f3l kb. n\u00e9gy \u00e9ves kor\u00e1ig is biciklin szeretn\u00e9d vinni a cs\u00f6pps\u00e9geket, akkor alaposan ut\u00e1na kell j\u00e1rnod a biztons\u00e1g \u00e9s praktikuss\u00e1g k\u00e9rd\u00e9seinek.\" \/>\n<meta property=\"og:url\" content=\"https:\/\/www.welovecycling.com\/hu\/csalad\/praktikus-kalauz-igy-utazhatnak-veled-a-gyerekek-a-biciklin\/\" \/>\n<meta property=\"og:site_name\" content=\"\u0160koda We Love Cycling - Magyarorsz\u00e1g\" \/>\n<meta property=\"article:publisher\" content=\"https:\/\/www.facebook.com\/WeLoveCyclingHungary\/\" \/>\n<meta property=\"article:published_time\" content=\"2018-05-31T12:36:28+00:00\" \/>\n<meta property=\"article:modified_time\" content=\"2018-05-31T14:59:28+00:00\" \/>\n<meta property=\"og:image\" content=\"https:\/\/d2p6e6u75xmxt8.cloudfront.net\/12\/2018\/05\/igy-utazhatnak-veled-a-gyerekek-biciklin-cover.jpg\" \/>\n\t<meta property=\"og:image:width\" content=\"1366\" \/>\n\t<meta property=\"og:image:height\" content=\"600\" \/>\n\t<meta property=\"og:image:type\" content=\"image\/jpeg\" \/>\n<meta name=\"author\" content=\"hegyizs\" \/>\n<meta name=\"twitter:card\" content=\"summary_large_image\" \/>\n<meta name=\"twitter:label1\" content=\"Written by\" \/>\n\t<meta name=\"twitter:data1\" content=\"hegyizs\" \/>\n\t<meta name=\"twitter:label2\" content=\"Est. reading time\" \/>\n\t<meta name=\"twitter:data2\" content=\"6 minutes\" \/>\n<script type=\"application\/ld+json\" class=\"yoast-schema-graph\">{\"@context\":\"https:\/\/schema.org\",\"@graph\":[{\"@type\":\"WebPage\",\"@id\":\"https:\/\/www.welovecycling.com\/hu\/csalad\/praktikus-kalauz-igy-utazhatnak-veled-a-gyerekek-a-biciklin\/\",\"url\":\"https:\/\/www.welovecycling.com\/hu\/csalad\/praktikus-kalauz-igy-utazhatnak-veled-a-gyerekek-a-biciklin\/\",\"name\":\"Praktikus kalauz: \u00cdgy utazhatnak veled a gyerekek a biciklin - \u0160koda We Love Cycling - Magyarorsz\u00e1g\",\"isPartOf\":{\"@id\":\"https:\/\/www.welovecycling.com\/hu\/#website\"},\"primaryImageOfPage\":{\"@id\":\"https:\/\/www.welovecycling.com\/hu\/csalad\/praktikus-kalauz-igy-utazhatnak-veled-a-gyerekek-a-biciklin\/#primaryimage\"},\"image\":{\"@id\":\"https:\/\/www.welovecycling.com\/hu\/csalad\/praktikus-kalauz-igy-utazhatnak-veled-a-gyerekek-a-biciklin\/#primaryimage\"},\"thumbnailUrl\":\"https:\/\/d2p6e6u75xmxt8.cloudfront.net\/12\/2018\/05\/igy-utazhatnak-veled-a-gyerekek-biciklin-cover.jpg\",\"datePublished\":\"2018-05-31T12:36:28+00:00\",\"dateModified\":\"2018-05-31T14:59:28+00:00\",\"author\":{\"@id\":\"https:\/\/www.welovecycling.com\/hu\/#\/schema\/person\/414a2aebf1801691a5320edb6468e194\"},\"description\":\"Ha m\u00e1r hat h\u00f3napos kort\u00f3l kb. n\u00e9gy \u00e9ves kor\u00e1ig is biciklin szeretn\u00e9d vinni a cs\u00f6pps\u00e9geket, akkor alaposan ut\u00e1na kell j\u00e1rnod a biztons\u00e1g \u00e9s praktikuss\u00e1g k\u00e9rd\u00e9seinek.\",\"breadcrumb\":{\"@id\":\"https:\/\/www.welovecycling.com\/hu\/csalad\/praktikus-kalauz-igy-utazhatnak-veled-a-gyerekek-a-biciklin\/#breadcrumb\"},\"inLanguage\":\"hu\",\"potentialAction\":[{\"@type\":\"ReadAction\",\"target\":[\"https:\/\/www.welovecycling.com\/hu\/csalad\/praktikus-kalauz-igy-utazhatnak-veled-a-gyerekek-a-biciklin\/\"]}]},{\"@type\":\"ImageObject\",\"inLanguage\":\"hu\",\"@id\":\"https:\/\/www.welovecycling.com\/hu\/csalad\/praktikus-kalauz-igy-utazhatnak-veled-a-gyerekek-a-biciklin\/#primaryimage\",\"url\":\"https:\/\/d2p6e6u75xmxt8.cloudfront.net\/12\/2018\/05\/igy-utazhatnak-veled-a-gyerekek-biciklin-cover.jpg\",\"contentUrl\":\"https:\/\/d2p6e6u75xmxt8.cloudfront.net\/12\/2018\/05\/igy-utazhatnak-veled-a-gyerekek-biciklin-cover.jpg\",\"width\":1366,\"height\":600},{\"@type\":\"BreadcrumbList\",\"@id\":\"https:\/\/www.welovecycling.com\/hu\/csalad\/praktikus-kalauz-igy-utazhatnak-veled-a-gyerekek-a-biciklin\/#breadcrumb\",\"itemListElement\":[{\"@type\":\"ListItem\",\"position\":1,\"name\":\"Home\",\"item\":\"https:\/\/www.welovecycling.com\/hu\/\"},{\"@type\":\"ListItem\",\"position\":2,\"name\":\"Praktikus kalauz: \u00cdgy utazhatnak veled a gyerekek a biciklin\"}]},{\"@type\":\"WebSite\",\"@id\":\"https:\/\/www.welovecycling.com\/hu\/#website\",\"url\":\"https:\/\/www.welovecycling.com\/hu\/\",\"name\":\"\u0160koda We Love Cycling - Magyarorsz\u00e1g\",\"description\":\"\u0160koda WeLoveCycling\",\"potentialAction\":[{\"@type\":\"SearchAction\",\"target\":{\"@type\":\"EntryPoint\",\"urlTemplate\":\"https:\/\/www.welovecycling.com\/hu\/?s={search_term_string}\"},\"query-input\":{\"@type\":\"PropertyValueSpecification\",\"valueRequired\":true,\"valueName\":\"search_term_string\"}}],\"inLanguage\":\"hu\"},{\"@type\":\"Person\",\"@id\":\"https:\/\/www.welovecycling.com\/hu\/#\/schema\/person\/414a2aebf1801691a5320edb6468e194\",\"name\":\"hegyizs\",\"image\":{\"@type\":\"ImageObject\",\"inLanguage\":\"hu\",\"@id\":\"https:\/\/www.welovecycling.com\/hu\/#\/schema\/person\/image\/\",\"url\":\"https:\/\/secure.gravatar.com\/avatar\/02cf8a7906b8cf90cecb4679defac7cfd33a1c2e3b88e4903d947f3bb58eedd3?s=96&d=mm&r=g\",\"contentUrl\":\"https:\/\/secure.gravatar.com\/avatar\/02cf8a7906b8cf90cecb4679defac7cfd33a1c2e3b88e4903d947f3bb58eedd3?s=96&d=mm&r=g\",\"caption\":\"hegyizs\"},\"url\":\"https:\/\/www.welovecycling.com\/hu\/author\/hegyizs\/\"}]}<\/script>\n<!-- \/ Yoast SEO Premium plugin. -->","yoast_head_json":{"title":"Praktikus kalauz: \u00cdgy utazhatnak veled a gyerekek a biciklin - \u0160koda We Love Cycling - Magyarorsz\u00e1g","description":"Ha m\u00e1r hat h\u00f3napos kort\u00f3l kb. n\u00e9gy \u00e9ves kor\u00e1ig is biciklin szeretn\u00e9d vinni a cs\u00f6pps\u00e9geket, akkor alaposan ut\u00e1na kell j\u00e1rnod a biztons\u00e1g \u00e9s praktikuss\u00e1g k\u00e9rd\u00e9seinek.","robots":{"index":"index","follow":"follow","max-snippet":"max-snippet:-1","max-image-preview":"max-image-preview:large","max-video-preview":"max-video-preview:-1"},"canonical":"https:\/\/www.welovecycling.com\/hu\/csalad\/praktikus-kalauz-igy-utazhatnak-veled-a-gyerekek-a-biciklin\/","og_locale":"hu_HU","og_type":"article","og_title":"Praktikus kalauz: \u00cdgy utazhatnak veled a gyerekek a biciklin","og_description":"Ha m\u00e1r hat h\u00f3napos kort\u00f3l kb. n\u00e9gy \u00e9ves kor\u00e1ig is biciklin szeretn\u00e9d vinni a cs\u00f6pps\u00e9geket, akkor alaposan ut\u00e1na kell j\u00e1rnod a biztons\u00e1g \u00e9s praktikuss\u00e1g k\u00e9rd\u00e9seinek.","og_url":"https:\/\/www.welovecycling.com\/hu\/csalad\/praktikus-kalauz-igy-utazhatnak-veled-a-gyerekek-a-biciklin\/","og_site_name":"\u0160koda We Love Cycling - Magyarorsz\u00e1g","article_publisher":"https:\/\/www.facebook.com\/WeLoveCyclingHungary\/","article_published_time":"2018-05-31T12:36:28+00:00","article_modified_time":"2018-05-31T14:59:28+00:00","og_image":[{"width":1366,"height":600,"url":"https:\/\/d2p6e6u75xmxt8.cloudfront.net\/12\/2018\/05\/igy-utazhatnak-veled-a-gyerekek-biciklin-cover.jpg","type":"image\/jpeg"}],"author":"hegyizs","twitter_card":"summary_large_image","twitter_misc":{"Written by":"hegyizs","Est. reading time":"6 minutes"},"schema":{"@context":"https:\/\/schema.org","@graph":[{"@type":"WebPage","@id":"https:\/\/www.welovecycling.com\/hu\/csalad\/praktikus-kalauz-igy-utazhatnak-veled-a-gyerekek-a-biciklin\/","url":"https:\/\/www.welovecycling.com\/hu\/csalad\/praktikus-kalauz-igy-utazhatnak-veled-a-gyerekek-a-biciklin\/","name":"Praktikus kalauz: \u00cdgy utazhatnak veled a gyerekek a biciklin - \u0160koda We Love Cycling - Magyarorsz\u00e1g","isPartOf":{"@id":"https:\/\/www.welovecycling.com\/hu\/#website"},"primaryImageOfPage":{"@id":"https:\/\/www.welovecycling.com\/hu\/csalad\/praktikus-kalauz-igy-utazhatnak-veled-a-gyerekek-a-biciklin\/#primaryimage"},"image":{"@id":"https:\/\/www.welovecycling.com\/hu\/csalad\/praktikus-kalauz-igy-utazhatnak-veled-a-gyerekek-a-biciklin\/#primaryimage"},"thumbnailUrl":"https:\/\/d2p6e6u75xmxt8.cloudfront.net\/12\/2018\/05\/igy-utazhatnak-veled-a-gyerekek-biciklin-cover.jpg","datePublished":"2018-05-31T12:36:28+00:00","dateModified":"2018-05-31T14:59:28+00:00","author":{"@id":"https:\/\/www.welovecycling.com\/hu\/#\/schema\/person\/414a2aebf1801691a5320edb6468e194"},"description":"Ha m\u00e1r hat h\u00f3napos kort\u00f3l kb. n\u00e9gy \u00e9ves kor\u00e1ig is biciklin szeretn\u00e9d vinni a cs\u00f6pps\u00e9geket, akkor alaposan ut\u00e1na kell j\u00e1rnod a biztons\u00e1g \u00e9s praktikuss\u00e1g k\u00e9rd\u00e9seinek.","breadcrumb":{"@id":"https:\/\/www.welovecycling.com\/hu\/csalad\/praktikus-kalauz-igy-utazhatnak-veled-a-gyerekek-a-biciklin\/#breadcrumb"},"inLanguage":"hu","potentialAction":[{"@type":"ReadAction","target":["https:\/\/www.welovecycling.com\/hu\/csalad\/praktikus-kalauz-igy-utazhatnak-veled-a-gyerekek-a-biciklin\/"]}]},{"@type":"ImageObject","inLanguage":"hu","@id":"https:\/\/www.welovecycling.com\/hu\/csalad\/praktikus-kalauz-igy-utazhatnak-veled-a-gyerekek-a-biciklin\/#primaryimage","url":"https:\/\/d2p6e6u75xmxt8.cloudfront.net\/12\/2018\/05\/igy-utazhatnak-veled-a-gyerekek-biciklin-cover.jpg","contentUrl":"https:\/\/d2p6e6u75xmxt8.cloudfront.net\/12\/2018\/05\/igy-utazhatnak-veled-a-gyerekek-biciklin-cover.jpg","width":1366,"height":600},{"@type":"BreadcrumbList","@id":"https:\/\/www.welovecycling.com\/hu\/csalad\/praktikus-kalauz-igy-utazhatnak-veled-a-gyerekek-a-biciklin\/#breadcrumb","itemListElement":[{"@type":"ListItem","position":1,"name":"Home","item":"https:\/\/www.welovecycling.com\/hu\/"},{"@type":"ListItem","position":2,"name":"Praktikus kalauz: \u00cdgy utazhatnak veled a gyerekek a biciklin"}]},{"@type":"WebSite","@id":"https:\/\/www.welovecycling.com\/hu\/#website","url":"https:\/\/www.welovecycling.com\/hu\/","name":"\u0160koda We Love Cycling - Magyarorsz\u00e1g","description":"\u0160koda WeLoveCycling","potentialAction":[{"@type":"SearchAction","target":{"@type":"EntryPoint","urlTemplate":"https:\/\/www.welovecycling.com\/hu\/?s={search_term_string}"},"query-input":{"@type":"PropertyValueSpecification","valueRequired":true,"valueName":"search_term_string"}}],"inLanguage":"hu"},{"@type":"Person","@id":"https:\/\/www.welovecycling.com\/hu\/#\/schema\/person\/414a2aebf1801691a5320edb6468e194","name":"hegyizs","image":{"@type":"ImageObject","inLanguage":"hu","@id":"https:\/\/www.welovecycling.com\/hu\/#\/schema\/person\/image\/","url":"https:\/\/secure.gravatar.com\/avatar\/02cf8a7906b8cf90cecb4679defac7cfd33a1c2e3b88e4903d947f3bb58eedd3?s=96&d=mm&r=g","contentUrl":"https:\/\/secure.gravatar.com\/avatar\/02cf8a7906b8cf90cecb4679defac7cfd33a1c2e3b88e4903d947f3bb58eedd3?s=96&d=mm&r=g","caption":"hegyizs"},"url":"https:\/\/www.welovecycling.com\/hu\/author\/hegyizs\/"}]}},"_links":{"self":[{"href":"https:\/\/www.welovecycling.com\/hu\/wp-json\/wp\/v2\/posts\/933","targetHints":{"allow":["GET"]}}],"collection":[{"href":"https:\/\/www.welovecycling.com\/hu\/wp-json\/wp\/v2\/posts"}],"about":[{"href":"https:\/\/www.welovecycling.com\/hu\/wp-json\/wp\/v2\/types\/post"}],"author":[{"embeddable":true,"href":"https:\/\/www.welovecycling.com\/hu\/wp-json\/wp\/v2\/users\/71"}],"replies":[{"embeddable":true,"href":"https:\/\/www.welovecycling.com\/hu\/wp-json\/wp\/v2\/comments?post=933"}],"version-history":[{"count":2,"href":"https:\/\/www.welovecycling.com\/hu\/wp-json\/wp\/v2\/posts\/933\/revisions"}],"predecessor-version":[{"id":945,"href":"https:\/\/www.welovecycling.com\/hu\/wp-json\/wp\/v2\/posts\/933\/revisions\/945"}],"wp:featuredmedia":[{"embeddable":true,"href":"https:\/\/www.welovecycling.com\/hu\/wp-json\/wp\/v2\/media\/938"}],"wp:attachment":[{"href":"https:\/\/www.welovecycling.com\/hu\/wp-json\/wp\/v2\/media?parent=933"}],"wp:term":[{"taxonomy":"category","embeddable":true,"href":"https:\/\/www.welovecycling.com\/hu\/wp-json\/wp\/v2\/categories?post=933"},{"taxonomy":"post_tag","embeddable":true,"href":"https:\/\/www.welovecycling.com\/hu\/wp-json\/wp\/v2\/tags?post=933"},{"taxonomy":"global-categories","embeddable":true,"href":"https:\/\/www.welovecycling.com\/hu\/wp-json\/wp\/v2\/global-categories?post=933"}],"curies":[{"name":"wp","href":"https:\/\/api.w.org\/{rel}","templated":true}]}}