{"id":8951,"date":"2020-11-11T08:00:30","date_gmt":"2020-11-11T07:00:30","guid":{"rendered":"https:\/\/www.welovecycling.com\/hu\/?p=8951"},"modified":"2020-11-11T11:41:50","modified_gmt":"2020-11-11T10:41:50","slug":"a-vuelta-regi-uj-nyertese-maris-a-kovetkezo-szezonra-keszul","status":"publish","type":"post","link":"https:\/\/www.welovecycling.com\/hu\/orszaguti-kerekpar\/a-vuelta-regi-uj-nyertese-maris-a-kovetkezo-szezonra-keszul\/","title":{"rendered":"A Vuelta r\u00e9gi-\u00faj nyertese m\u00e1ris a k\u00f6vetkez\u0151 szezonra k\u00e9sz\u00fcl"},"content":{"rendered":"<p><strong>A 2020-as spanyol verseny nem okozott nagy meglepet\u00e9st: Rogli\u010d megv\u00e9dte c\u00edm\u00e9t \u00e9s megnyerte a pontversenyt. A dobog\u00f3ra azonban Carapaz \u00e9s Hugh Carthy mellett Chris Froome is fell\u00e9phetett, hogy \u00e1tvegye d\u00edj\u00e1t, amit m\u00e9g 2011-ben \u00e9rdemelt ki. <\/strong><!--more--><\/p>\n<p>Kilenc \u00e9vvel els\u0151 Grand Tour versenye ut\u00e1n \u00fcnnepelhette Chris Froome Vuelta-gy\u0151zelm\u00e9t. Miut\u00e1n a verseny eredeti gy\u0151ztes\u00e9t, a spanyol Juan Jos\u00e9 Cobot diszkvalifik\u00e1lt\u00e1k, a m\u00e1sodik helyez\u00e9st el\u00e9r\u0151 Froome ker\u00fclt a hely\u00e9re, a nyertesnek j\u00e1r\u00f3 d\u00edjat azonban csak id\u00e9n vehette \u00e1t.<\/p>\n<blockquote class=\"instagram-media\" style=\"background: #FFF; border: 0; border-radius: 3px; box-shadow: 0 0 1px 0 rgba(0,0,0,0.5),0 1px 10px 0 rgba(0,0,0,0.15); margin: 1px; max-width: 540px; min-width: 326px; padding: 0; width: calc(100% - 2px);\" data-instgrm-captioned=\"\" data-instgrm-permalink=\"https:\/\/www.instagram.com\/p\/CHVFqRinYMx\/?utm_source=ig_embed&amp;utm_campaign=loading\" data-instgrm-version=\"13\">\n<div style=\"padding: 16px;\">\n<p>&nbsp;<\/p>\n<div style=\"display: flex; flex-direction: row; align-items: center;\">\n<div style=\"background-color: #f4f4f4; border-radius: 50%; flex-grow: 0; height: 40px; margin-right: 14px; width: 40px;\"><\/div>\n<div style=\"display: flex; flex-direction: column; flex-grow: 1; justify-content: center;\">\n<div style=\"background-color: #f4f4f4; border-radius: 4px; flex-grow: 0; height: 14px; margin-bottom: 6px; width: 100px;\"><\/div>\n<div style=\"background-color: #f4f4f4; border-radius: 4px; flex-grow: 0; height: 14px; width: 60px;\"><\/div>\n<\/div>\n<\/div>\n<div style=\"padding: 19% 0;\"><\/div>\n<div style=\"display: block; height: 50px; margin: 0 auto 12px; width: 50px;\"><\/div>\n<div style=\"padding-top: 8px;\">\n<div style=\"color: #3897f0; font-family: Arial,sans-serif; font-size: 14px; font-style: normal; font-weight: 550; line-height: 18px;\">A bejegyz\u00e9s megtekint\u00e9se az Instagramon<\/div>\n<\/div>\n<div style=\"padding: 12.5% 0;\"><\/div>\n<div style=\"display: flex; flex-direction: row; margin-bottom: 14px; align-items: center;\">\n<div>\n<div style=\"background-color: #f4f4f4; border-radius: 50%; height: 12.5px; width: 12.5px; transform: translateX(0px) translateY(7px);\"><\/div>\n<div style=\"background-color: #f4f4f4; height: 12.5px; transform: rotate(-45deg) translateX(3px) translateY(1px); width: 12.5px; flex-grow: 0; margin-right: 14px; margin-left: 2px;\"><\/div>\n<div style=\"background-color: #f4f4f4; border-radius: 50%; height: 12.5px; width: 12.5px; transform: translateX(9px) translateY(-18px);\"><\/div>\n<\/div>\n<div style=\"margin-left: 8px;\">\n<div style=\"background-color: #f4f4f4; border-radius: 50%; flex-grow: 0; height: 20px; width: 20px;\"><\/div>\n<div style=\"width: 0; height: 0; border-top: 2px solid transparent; border-left: 6px solid #f4f4f4; border-bottom: 2px solid transparent; transform: translateX(16px) translateY(-4px) rotate(30deg);\"><\/div>\n<\/div>\n<div style=\"margin-left: auto;\">\n<div style=\"width: 0px; border-top: 8px solid #F4F4F4; border-right: 8px solid transparent; transform: translateY(16px);\"><\/div>\n<div style=\"background-color: #f4f4f4; flex-grow: 0; height: 12px; width: 16px; transform: translateY(-4px);\"><\/div>\n<div style=\"width: 0; height: 0; border-top: 8px solid #F4F4F4; border-left: 8px solid transparent; transform: translateY(-4px) translateX(8px);\"><\/div>\n<\/div>\n<\/div>\n<p>&nbsp;<\/p>\n<p style=\"margin: 8px 0 0 0; padding: 0 4px;\"><a style=\"color: #000; font-family: Arial,sans-serif; font-size: 14px; font-style: normal; font-weight: normal; line-height: 17px; text-decoration: none; word-wrap: break-word;\" href=\"https:\/\/www.instagram.com\/p\/CHVFqRinYMx\/?utm_source=ig_embed&amp;utm_campaign=loading\" target=\"_blank\" rel=\"noopener noreferrer\">Thank you to @lavuelta for giving me the opportunity to celebrate my 2011 win today. I first learnt about it while in ICU in June last year not knowing if I\u2019d ever be able to compete again. Today I will complete my first Grand Tour since that crash and although it was not at the level I had hoped &amp; worked for, I\u2019m proud to have completed this step on my journey back to where I want to be. Muchas Gracias \ud83d\ude4f \ud83c\uddea\ud83c\uddf8<\/a><\/p>\n<p style=\"color: #c9c8cd; font-family: Arial,sans-serif; font-size: 14px; line-height: 17px; margin-bottom: 0; margin-top: 8px; overflow: hidden; padding: 8px 0 7px; text-align: center; text-overflow: ellipsis; white-space: nowrap;\"><a style=\"color: #c9c8cd; font-family: Arial,sans-serif; font-size: 14px; font-style: normal; font-weight: normal; line-height: 17px;\" href=\"https:\/\/www.instagram.com\/chrisfroome\/?utm_source=ig_embed&amp;utm_campaign=loading\" target=\"_blank\" rel=\"noopener noreferrer\"> Chris Froome<\/a> (@chrisfroome) \u00e1ltal megosztott bejegyz\u00e9s, <time style=\"font-family: Arial,sans-serif; font-size: 14px; line-height: 17px;\" datetime=\"2020-11-08T12:18:45+00:00\">Nov 8., 2020, id\u0151pont: 4:18 (PST id\u0151z\u00f3na szerint)<\/time><\/p>\n<\/div>\n<\/blockquote>\n<p><script async src=\"\/\/www.instagram.com\/embed.js\"><\/script><\/p>\n<p>Tavaly Froome s\u00falyos balesetet szenvedett: \u00fagy t\u0171nt, v\u00e9get \u00e9r a karrierje. A k\u00f3rh\u00e1zban fek\u00fcdt, amikor megtudta, hogy megnyerte a 8 \u00e9vvel azel\u0151tti versenyt.<\/p>\n<p><em>\u201eEz a gy\u0151zelem nagyon sokat jelent nekem. A 2011-es verseny igaz\u00e1n k\u00fcl\u00f6nleges volt: ekkor j\u00f6ttem r\u00e1, hogy lehetek Grand Tour versenyz\u0151 \u00e9s es\u00e9lyes vagyok a gy\u0151zelemre. Ez a Vuelta adott \u00f6nbizalmat, hogy induljak a Tour de France-on\u201d \u2013 <\/em>nyilatkozta Froome.<\/p>\n<p>Az omin\u00f3zus els\u0151 verseny \u00f3ta Froome neve egyet jelent a Grand Tour-sikerekkel. N\u00e9gyszer nyerte meg a TdF-t, egyszer a Giro-t \u00e9s imm\u00e1r k\u00e9tszer a Vuelta de Espana-t. A 2019-es balesetb\u0151l m\u00e9g mindig a fel\u00e9p\u00fcl\u00e9s \u00fatj\u00e1n halad.<\/p>\n<p>Az idei Vuelt\u00e1n Froome \u00fajra mag\u00e1ra tal\u00e1lt, remek\u00fcl teljes\u00edtett, a verseny v\u00e9gezt\u00e9vel pedig m\u00e1ris a j\u00f6v\u0151be tekint. A 2021-es Tour \u00fatvonal\u00e1t m\u00e1r k\u00f6zz\u00e9tett\u00e9k, \u00e9s a ker\u00e9kp\u00e1ros el is kezdte a k\u00e9sz\u00fcl\u00e9st.<\/p>\n<p><em>\u201eMivel a Vuelta ilyen k\u00e9s\u0151n lett megrendezve, a mostani \u00e1llapotot kell alapnak tekintenem, erre tudok \u00e9p\u00edteni j\u00f6v\u0151re, sz\u00f3val m\u00e1r most k\u00e9sz\u00fcl\u00f6k a Tour de France-ra.\u201d<\/em><\/p>\n<p>A c\u00edmv\u00e9d\u0151 \u00faj csapattal \u00e9s \u00faj felszerel\u00e9ssel \u00e1ll majd a rajthoz, karrierje utols\u00f3 \u00e9veire az Israel Start-Up Nation-hoz csatlakozott. Az izraeli csapatnak t\u00f6bb nagy versenyz\u0151 is al\u00e1\u00edrt, \u00edgy Patrick Bevin, Michael Woods \u00e9s Daryl Impey is csapatt\u00e1rsa lesz Froome-nak \u00e9s Dan Martinnak.<\/p>\n<p><em>\u201eEz egy teljesen \u00faj strukt\u00fara, szinte olyan, mintha tiszta lappal induln\u00e1nk, a semmib\u0151l \u00e9p\u00edthetj\u00fck fel a strat\u00e9gi\u00e1t\u201d<\/em> \u2013 mondta Froome.<\/p>\n<p><em>Forr\u00e1s: <\/em><a href=\"https:\/\/www.cyclingnews.com\/news\/chris-froome-tour-de-france-2021-preparation-starts-now\/\"><em>cyclingnews.com<\/em><\/a><\/p>\n","protected":false},"excerpt":{"rendered":"<p>A 2020-as spanyol verseny nem okozott nagy meglepet\u00e9st: Rogli\u010d megv\u00e9dte c\u00edm\u00e9t \u00e9s megnyerte a pontversenyt. A dobog\u00f3ra azonban Carapaz \u00e9s [&hellip;]<\/p>\n","protected":false},"author":71,"featured_media":8952,"comment_status":"open","ping_status":"open","sticky":false,"template":"","format":"standard","meta":{"footnotes":""},"categories":[8],"tags":[],"global-categories":[],"class_list":["post-8951","post","type-post","status-publish","format-standard","has-post-thumbnail","hentry","category-orszaguti-kerekpar"],"yoast_head":"<!-- This site is optimized with the Yoast SEO Premium plugin v25.3 (Yoast SEO v25.9) - https:\/\/yoast.com\/wordpress\/plugins\/seo\/ -->\n<title>A Vuelta r\u00e9gi-\u00faj nyertese m\u00e1ris a k\u00f6vetkez\u0151 szezonra k\u00e9sz\u00fcl - \u0160koda We Love Cycling - Magyarorsz\u00e1g<\/title>\n<meta name=\"description\" content=\"A 2020-as spanyol verseny nem okozott nagy meglepet\u00e9st: Rogli\u010d megv\u00e9dte c\u00edm\u00e9t \u00e9s megnyerte a pontversenyt.\" \/>\n<meta name=\"robots\" content=\"index, follow, max-snippet:-1, max-image-preview:large, max-video-preview:-1\" \/>\n<link rel=\"canonical\" href=\"https:\/\/www.welovecycling.com\/hu\/orszaguti-kerekpar\/a-vuelta-regi-uj-nyertese-maris-a-kovetkezo-szezonra-keszul\/\" \/>\n<meta property=\"og:locale\" content=\"hu_HU\" \/>\n<meta property=\"og:type\" content=\"article\" \/>\n<meta property=\"og:title\" content=\"A Vuelta r\u00e9gi-\u00faj nyertese m\u00e1ris a k\u00f6vetkez\u0151 szezonra k\u00e9sz\u00fcl\" \/>\n<meta property=\"og:description\" content=\"A 2020-as spanyol verseny nem okozott nagy meglepet\u00e9st: Rogli\u010d megv\u00e9dte c\u00edm\u00e9t \u00e9s megnyerte a pontversenyt. A dobog\u00f3ra azonban Carapaz \u00e9s Hugh Carthy mellett Chris Froome is fell\u00e9phetett, hogy \u00e1tvegye d\u00edj\u00e1t, amit m\u00e9g 2011-ben \u00e9rdemelt ki.\" \/>\n<meta property=\"og:url\" content=\"https:\/\/www.welovecycling.com\/hu\/orszaguti-kerekpar\/a-vuelta-regi-uj-nyertese-maris-a-kovetkezo-szezonra-keszul\/\" \/>\n<meta property=\"og:site_name\" content=\"\u0160koda We Love Cycling - Magyarorsz\u00e1g\" \/>\n<meta property=\"article:publisher\" content=\"https:\/\/www.facebook.com\/WeLoveCyclingHungary\/\" \/>\n<meta property=\"article:published_time\" content=\"2020-11-11T07:00:30+00:00\" \/>\n<meta property=\"article:modified_time\" content=\"2020-11-11T10:41:50+00:00\" \/>\n<meta property=\"og:image\" content=\"https:\/\/d2p6e6u75xmxt8.cloudfront.net\/12\/2020\/11\/wlc_46_vuelta.jpg\" \/>\n\t<meta property=\"og:image:width\" content=\"1348\" \/>\n\t<meta property=\"og:image:height\" content=\"734\" \/>\n\t<meta property=\"og:image:type\" content=\"image\/jpeg\" \/>\n<meta name=\"author\" content=\"hegyizs\" \/>\n<meta name=\"twitter:card\" content=\"summary_large_image\" \/>\n<meta name=\"twitter:label1\" content=\"Written by\" \/>\n\t<meta name=\"twitter:data1\" content=\"WLC\" \/>\n\t<meta name=\"twitter:label2\" content=\"Est. reading time\" \/>\n\t<meta name=\"twitter:data2\" content=\"2 minutes\" \/>\n<script type=\"application\/ld+json\" class=\"yoast-schema-graph\">{\"@context\":\"https:\/\/schema.org\",\"@graph\":[{\"@type\":\"WebPage\",\"@id\":\"https:\/\/www.welovecycling.com\/hu\/orszaguti-kerekpar\/a-vuelta-regi-uj-nyertese-maris-a-kovetkezo-szezonra-keszul\/\",\"url\":\"https:\/\/www.welovecycling.com\/hu\/orszaguti-kerekpar\/a-vuelta-regi-uj-nyertese-maris-a-kovetkezo-szezonra-keszul\/\",\"name\":\"A Vuelta r\u00e9gi-\u00faj nyertese m\u00e1ris a k\u00f6vetkez\u0151 szezonra k\u00e9sz\u00fcl - \u0160koda We Love Cycling - Magyarorsz\u00e1g\",\"isPartOf\":{\"@id\":\"https:\/\/www.welovecycling.com\/hu\/#website\"},\"primaryImageOfPage\":{\"@id\":\"https:\/\/www.welovecycling.com\/hu\/orszaguti-kerekpar\/a-vuelta-regi-uj-nyertese-maris-a-kovetkezo-szezonra-keszul\/#primaryimage\"},\"image\":{\"@id\":\"https:\/\/www.welovecycling.com\/hu\/orszaguti-kerekpar\/a-vuelta-regi-uj-nyertese-maris-a-kovetkezo-szezonra-keszul\/#primaryimage\"},\"thumbnailUrl\":\"https:\/\/d2p6e6u75xmxt8.cloudfront.net\/12\/2020\/11\/wlc_46_vuelta.jpg\",\"datePublished\":\"2020-11-11T07:00:30+00:00\",\"dateModified\":\"2020-11-11T10:41:50+00:00\",\"author\":{\"@id\":\"https:\/\/www.welovecycling.com\/hu\/#\/schema\/person\/414a2aebf1801691a5320edb6468e194\"},\"description\":\"A 2020-as spanyol verseny nem okozott nagy meglepet\u00e9st: Rogli\u010d megv\u00e9dte c\u00edm\u00e9t \u00e9s megnyerte a pontversenyt.\",\"breadcrumb\":{\"@id\":\"https:\/\/www.welovecycling.com\/hu\/orszaguti-kerekpar\/a-vuelta-regi-uj-nyertese-maris-a-kovetkezo-szezonra-keszul\/#breadcrumb\"},\"inLanguage\":\"hu\",\"potentialAction\":[{\"@type\":\"ReadAction\",\"target\":[\"https:\/\/www.welovecycling.com\/hu\/orszaguti-kerekpar\/a-vuelta-regi-uj-nyertese-maris-a-kovetkezo-szezonra-keszul\/\"]}]},{\"@type\":\"ImageObject\",\"inLanguage\":\"hu\",\"@id\":\"https:\/\/www.welovecycling.com\/hu\/orszaguti-kerekpar\/a-vuelta-regi-uj-nyertese-maris-a-kovetkezo-szezonra-keszul\/#primaryimage\",\"url\":\"https:\/\/d2p6e6u75xmxt8.cloudfront.net\/12\/2020\/11\/wlc_46_vuelta.jpg\",\"contentUrl\":\"https:\/\/d2p6e6u75xmxt8.cloudfront.net\/12\/2020\/11\/wlc_46_vuelta.jpg\",\"width\":1348,\"height\":734},{\"@type\":\"BreadcrumbList\",\"@id\":\"https:\/\/www.welovecycling.com\/hu\/orszaguti-kerekpar\/a-vuelta-regi-uj-nyertese-maris-a-kovetkezo-szezonra-keszul\/#breadcrumb\",\"itemListElement\":[{\"@type\":\"ListItem\",\"position\":1,\"name\":\"Home\",\"item\":\"https:\/\/www.welovecycling.com\/hu\/\"},{\"@type\":\"ListItem\",\"position\":2,\"name\":\"A Vuelta r\u00e9gi-\u00faj nyertese m\u00e1ris a k\u00f6vetkez\u0151 szezonra k\u00e9sz\u00fcl\"}]},{\"@type\":\"WebSite\",\"@id\":\"https:\/\/www.welovecycling.com\/hu\/#website\",\"url\":\"https:\/\/www.welovecycling.com\/hu\/\",\"name\":\"\u0160koda We Love Cycling - Magyarorsz\u00e1g\",\"description\":\"\u0160koda WeLoveCycling\",\"potentialAction\":[{\"@type\":\"SearchAction\",\"target\":{\"@type\":\"EntryPoint\",\"urlTemplate\":\"https:\/\/www.welovecycling.com\/hu\/?s={search_term_string}\"},\"query-input\":{\"@type\":\"PropertyValueSpecification\",\"valueRequired\":true,\"valueName\":\"search_term_string\"}}],\"inLanguage\":\"hu\"},{\"@type\":\"Person\",\"@id\":\"https:\/\/www.welovecycling.com\/hu\/#\/schema\/person\/414a2aebf1801691a5320edb6468e194\",\"name\":\"hegyizs\",\"image\":{\"@type\":\"ImageObject\",\"inLanguage\":\"hu\",\"@id\":\"https:\/\/www.welovecycling.com\/hu\/#\/schema\/person\/image\/\",\"url\":\"https:\/\/secure.gravatar.com\/avatar\/02cf8a7906b8cf90cecb4679defac7cfd33a1c2e3b88e4903d947f3bb58eedd3?s=96&d=mm&r=g\",\"contentUrl\":\"https:\/\/secure.gravatar.com\/avatar\/02cf8a7906b8cf90cecb4679defac7cfd33a1c2e3b88e4903d947f3bb58eedd3?s=96&d=mm&r=g\",\"caption\":\"hegyizs\"},\"url\":\"https:\/\/www.welovecycling.com\/hu\/author\/hegyizs\/\"}]}<\/script>\n<!-- \/ Yoast SEO Premium plugin. -->","yoast_head_json":{"title":"A Vuelta r\u00e9gi-\u00faj nyertese m\u00e1ris a k\u00f6vetkez\u0151 szezonra k\u00e9sz\u00fcl - \u0160koda We Love Cycling - Magyarorsz\u00e1g","description":"A 2020-as spanyol verseny nem okozott nagy meglepet\u00e9st: Rogli\u010d megv\u00e9dte c\u00edm\u00e9t \u00e9s megnyerte a pontversenyt.","robots":{"index":"index","follow":"follow","max-snippet":"max-snippet:-1","max-image-preview":"max-image-preview:large","max-video-preview":"max-video-preview:-1"},"canonical":"https:\/\/www.welovecycling.com\/hu\/orszaguti-kerekpar\/a-vuelta-regi-uj-nyertese-maris-a-kovetkezo-szezonra-keszul\/","og_locale":"hu_HU","og_type":"article","og_title":"A Vuelta r\u00e9gi-\u00faj nyertese m\u00e1ris a k\u00f6vetkez\u0151 szezonra k\u00e9sz\u00fcl","og_description":"A 2020-as spanyol verseny nem okozott nagy meglepet\u00e9st: Rogli\u010d megv\u00e9dte c\u00edm\u00e9t \u00e9s megnyerte a pontversenyt. A dobog\u00f3ra azonban Carapaz \u00e9s Hugh Carthy mellett Chris Froome is fell\u00e9phetett, hogy \u00e1tvegye d\u00edj\u00e1t, amit m\u00e9g 2011-ben \u00e9rdemelt ki.","og_url":"https:\/\/www.welovecycling.com\/hu\/orszaguti-kerekpar\/a-vuelta-regi-uj-nyertese-maris-a-kovetkezo-szezonra-keszul\/","og_site_name":"\u0160koda We Love Cycling - Magyarorsz\u00e1g","article_publisher":"https:\/\/www.facebook.com\/WeLoveCyclingHungary\/","article_published_time":"2020-11-11T07:00:30+00:00","article_modified_time":"2020-11-11T10:41:50+00:00","og_image":[{"width":1348,"height":734,"url":"https:\/\/d2p6e6u75xmxt8.cloudfront.net\/12\/2020\/11\/wlc_46_vuelta.jpg","type":"image\/jpeg"}],"author":"hegyizs","twitter_card":"summary_large_image","twitter_misc":{"Written by":"WLC","Est. reading time":"2 minutes"},"schema":{"@context":"https:\/\/schema.org","@graph":[{"@type":"WebPage","@id":"https:\/\/www.welovecycling.com\/hu\/orszaguti-kerekpar\/a-vuelta-regi-uj-nyertese-maris-a-kovetkezo-szezonra-keszul\/","url":"https:\/\/www.welovecycling.com\/hu\/orszaguti-kerekpar\/a-vuelta-regi-uj-nyertese-maris-a-kovetkezo-szezonra-keszul\/","name":"A Vuelta r\u00e9gi-\u00faj nyertese m\u00e1ris a k\u00f6vetkez\u0151 szezonra k\u00e9sz\u00fcl - \u0160koda We Love Cycling - Magyarorsz\u00e1g","isPartOf":{"@id":"https:\/\/www.welovecycling.com\/hu\/#website"},"primaryImageOfPage":{"@id":"https:\/\/www.welovecycling.com\/hu\/orszaguti-kerekpar\/a-vuelta-regi-uj-nyertese-maris-a-kovetkezo-szezonra-keszul\/#primaryimage"},"image":{"@id":"https:\/\/www.welovecycling.com\/hu\/orszaguti-kerekpar\/a-vuelta-regi-uj-nyertese-maris-a-kovetkezo-szezonra-keszul\/#primaryimage"},"thumbnailUrl":"https:\/\/d2p6e6u75xmxt8.cloudfront.net\/12\/2020\/11\/wlc_46_vuelta.jpg","datePublished":"2020-11-11T07:00:30+00:00","dateModified":"2020-11-11T10:41:50+00:00","author":{"@id":"https:\/\/www.welovecycling.com\/hu\/#\/schema\/person\/414a2aebf1801691a5320edb6468e194"},"description":"A 2020-as spanyol verseny nem okozott nagy meglepet\u00e9st: Rogli\u010d megv\u00e9dte c\u00edm\u00e9t \u00e9s megnyerte a pontversenyt.","breadcrumb":{"@id":"https:\/\/www.welovecycling.com\/hu\/orszaguti-kerekpar\/a-vuelta-regi-uj-nyertese-maris-a-kovetkezo-szezonra-keszul\/#breadcrumb"},"inLanguage":"hu","potentialAction":[{"@type":"ReadAction","target":["https:\/\/www.welovecycling.com\/hu\/orszaguti-kerekpar\/a-vuelta-regi-uj-nyertese-maris-a-kovetkezo-szezonra-keszul\/"]}]},{"@type":"ImageObject","inLanguage":"hu","@id":"https:\/\/www.welovecycling.com\/hu\/orszaguti-kerekpar\/a-vuelta-regi-uj-nyertese-maris-a-kovetkezo-szezonra-keszul\/#primaryimage","url":"https:\/\/d2p6e6u75xmxt8.cloudfront.net\/12\/2020\/11\/wlc_46_vuelta.jpg","contentUrl":"https:\/\/d2p6e6u75xmxt8.cloudfront.net\/12\/2020\/11\/wlc_46_vuelta.jpg","width":1348,"height":734},{"@type":"BreadcrumbList","@id":"https:\/\/www.welovecycling.com\/hu\/orszaguti-kerekpar\/a-vuelta-regi-uj-nyertese-maris-a-kovetkezo-szezonra-keszul\/#breadcrumb","itemListElement":[{"@type":"ListItem","position":1,"name":"Home","item":"https:\/\/www.welovecycling.com\/hu\/"},{"@type":"ListItem","position":2,"name":"A Vuelta r\u00e9gi-\u00faj nyertese m\u00e1ris a k\u00f6vetkez\u0151 szezonra k\u00e9sz\u00fcl"}]},{"@type":"WebSite","@id":"https:\/\/www.welovecycling.com\/hu\/#website","url":"https:\/\/www.welovecycling.com\/hu\/","name":"\u0160koda We Love Cycling - Magyarorsz\u00e1g","description":"\u0160koda WeLoveCycling","potentialAction":[{"@type":"SearchAction","target":{"@type":"EntryPoint","urlTemplate":"https:\/\/www.welovecycling.com\/hu\/?s={search_term_string}"},"query-input":{"@type":"PropertyValueSpecification","valueRequired":true,"valueName":"search_term_string"}}],"inLanguage":"hu"},{"@type":"Person","@id":"https:\/\/www.welovecycling.com\/hu\/#\/schema\/person\/414a2aebf1801691a5320edb6468e194","name":"hegyizs","image":{"@type":"ImageObject","inLanguage":"hu","@id":"https:\/\/www.welovecycling.com\/hu\/#\/schema\/person\/image\/","url":"https:\/\/secure.gravatar.com\/avatar\/02cf8a7906b8cf90cecb4679defac7cfd33a1c2e3b88e4903d947f3bb58eedd3?s=96&d=mm&r=g","contentUrl":"https:\/\/secure.gravatar.com\/avatar\/02cf8a7906b8cf90cecb4679defac7cfd33a1c2e3b88e4903d947f3bb58eedd3?s=96&d=mm&r=g","caption":"hegyizs"},"url":"https:\/\/www.welovecycling.com\/hu\/author\/hegyizs\/"}]}},"_links":{"self":[{"href":"https:\/\/www.welovecycling.com\/hu\/wp-json\/wp\/v2\/posts\/8951","targetHints":{"allow":["GET"]}}],"collection":[{"href":"https:\/\/www.welovecycling.com\/hu\/wp-json\/wp\/v2\/posts"}],"about":[{"href":"https:\/\/www.welovecycling.com\/hu\/wp-json\/wp\/v2\/types\/post"}],"author":[{"embeddable":true,"href":"https:\/\/www.welovecycling.com\/hu\/wp-json\/wp\/v2\/users\/71"}],"replies":[{"embeddable":true,"href":"https:\/\/www.welovecycling.com\/hu\/wp-json\/wp\/v2\/comments?post=8951"}],"version-history":[{"count":2,"href":"https:\/\/www.welovecycling.com\/hu\/wp-json\/wp\/v2\/posts\/8951\/revisions"}],"predecessor-version":[{"id":8961,"href":"https:\/\/www.welovecycling.com\/hu\/wp-json\/wp\/v2\/posts\/8951\/revisions\/8961"}],"wp:featuredmedia":[{"embeddable":true,"href":"https:\/\/www.welovecycling.com\/hu\/wp-json\/wp\/v2\/media\/8952"}],"wp:attachment":[{"href":"https:\/\/www.welovecycling.com\/hu\/wp-json\/wp\/v2\/media?parent=8951"}],"wp:term":[{"taxonomy":"category","embeddable":true,"href":"https:\/\/www.welovecycling.com\/hu\/wp-json\/wp\/v2\/categories?post=8951"},{"taxonomy":"post_tag","embeddable":true,"href":"https:\/\/www.welovecycling.com\/hu\/wp-json\/wp\/v2\/tags?post=8951"},{"taxonomy":"global-categories","embeddable":true,"href":"https:\/\/www.welovecycling.com\/hu\/wp-json\/wp\/v2\/global-categories?post=8951"}],"curies":[{"name":"wp","href":"https:\/\/api.w.org\/{rel}","templated":true}]}}