{"id":8943,"date":"2020-11-09T08:00:18","date_gmt":"2020-11-09T07:00:18","guid":{"rendered":"https:\/\/www.welovecycling.com\/hu\/?p=8943"},"modified":"2020-11-06T15:35:06","modified_gmt":"2020-11-06T14:35:06","slug":"gitarozo-fej-nelkuli-biciklis-kisert-massachusetts-utcain","status":"publish","type":"post","link":"https:\/\/www.welovecycling.com\/hu\/kozosseg-es-kultura\/gitarozo-fej-nelkuli-biciklis-kisert-massachusetts-utcain\/","title":{"rendered":"Git\u00e1roz\u00f3, fej n\u00e9lk\u00fcli biciklis k\u00eds\u00e9rt Massachusetts utc\u00e1in"},"content":{"rendered":"<p><strong>Fej n\u00e9lk\u00fcli lovas, biciklin, amit k\u00e9z n\u00e9lk\u00fcl korm\u00e1nyoz, ugyanis m\u00e9g git\u00e1rozik is. A furcsa jelmezbe b\u00fajt Slam Dunkle-t d\u00f6bbent \u00e9s vid\u00e1m arcok k\u00eds\u00e9rik \u00fatj\u00e1n.<\/strong><!--more--><\/p>\n<p>A helyi l\u00e1tv\u00e1nyoss\u00e1g m\u00f6g\u00f6tt Matthew Dunkle, m\u0171v\u00e9sznev\u00e9n Slam Dunkle \u00e1ll. Hetente egyszer-k\u00e9tszer \u00fagy d\u00f6nt, hogy fejetlen lovasnak \u00f6lt\u00f6zik, kez\u00e9be veszi fekete git\u00e1rj\u00e1t \u2013 amit a szemetesben tal\u00e1lt, k\u00e9t darabra t\u00f6rve, saj\u00e1t maga ragasztotta \u00f6ssze \u00e9s festette le &#8211; \u00e9s fekete biciklij\u00e9re \u00fcl, hogy meglepje Massachusetts lak\u00f3it. Ez lehet a h\u00edrhedt fekete lovas eddigi legfurcs\u00e1bb \u2013 \u00e9s legt\u00f6bb vid\u00e1ms\u00e1got kelt\u0151 \u2013 \u00e1br\u00e1zol\u00e1sa.<\/p>\n<p>Ami\u00f3ta belev\u00e1gott zen\u00e9l\u0151 ker\u00e9kp\u00e1ros karrierj\u00e9be, Dunkle egy, a filmbeli karaktert\u0151l elt\u00e9r\u0151 helyi legenda lett: kev\u00e9sb\u00e9 f\u00e9lelmetes \u00e9s nagyon is val\u00f3s\u00e1gos. Az \u00f6tlet \u00f6t \u00e9ve pattant ki a fej\u00e9b\u0151l, kezdetben trombit\u00e1n j\u00e1tszott, majd t\u00f6bbsz\u00f6r is hangszert v\u00e1ltott, beach cruiser biciklije azonban ugyanaz maradt.<\/p>\n<p><em>\u201eKomolyan elkezdtem \u00e9lvezni, ahogy megd\u00f6bbentem az embereket!\u201d<\/em> \u2013 mondta Dunkle a Bicycling magazinnak.<\/p>\n<div class=\"embed-controller-wrapper\">\n<blockquote class=\"twitter-tweet\" data-width=\"500\" data-dnt=\"true\">\n<p lang=\"en\" dir=\"ltr\">In 2020 this is not even on my Top 10 weird stuff I\u2019ve seen list. First thing I saw after dropping my ballot at town hall! <a href=\"https:\/\/t.co\/qPRbWcl0s1\">pic.twitter.com\/qPRbWcl0s1<\/a><\/p>\n<p>&mdash; David Robichaud (@RobiBSU) <a href=\"https:\/\/twitter.com\/RobiBSU\/status\/1318310826692968449?ref_src=twsrc%5Etfw\">October 19, 2020<\/a><\/p><\/blockquote>\n<p><script async data-src=\"https:\/\/platform.twitter.com\/widgets.js\" charset=\"utf-8\"><\/script><\/div>\n<p>&nbsp;<\/p>\n<p>\u00c9lete egy neh\u00e9z szakasz\u00e1val kellett megk\u00fczdenie, amikor figyelemelterel\u00e9sk\u00e9nt biciklizni kezdett. Kezdetben m\u00e9g csak dolgozni j\u00e1rt k\u00e9t ker\u00e9ken, majd egyre gyakrabban tett kit\u00e9r\u0151t, hogy eltekerhessen a h\u00edres \u00edr\u00f3 \u00e9s transzcendentalisa Henry David Thoreau egykori lakhelye mellett.<\/p>\n<p><em>\u201eA transzcendentalizmus <\/em>(filoz\u00f3fiai ir\u00e1nyzat, t\u00f6rekv\u00e9s az egy\u00e9n \u00e9s a vil\u00e1g eredeti kapcsolat\u00e1nak megtal\u00e1l\u00e1s\u00e1ra, p\u00e9ld\u00e1ul a term\u00e9szeten kereszt\u00fcl)<em> arra inspir\u00e1lt, hogy \u00fajrafogalmazzak mindent magam k\u00f6r\u00fcl\u201d<\/em> \u2013 mes\u00e9lte Dunkle.<\/p>\n<p>\u00cdgy h\u00e1t \u00f6sszek\u00f6t\u00f6tte k\u00e9t hobbij\u00e1t, \u00e9s mag\u00e1val vitte ker\u00e9kp\u00e1r\u00fatjaira hangszer\u00e9t, \u00edgy egyszerre tudott gyakorolni \u00e9s tekerni, mik\u00f6zben nem mellesleg v\u00e1rosi legend\u00e1v\u00e1 lett. \u00c9s hogy mi\u00e9rt pont a fej n\u00e9lk\u00fcli lovas?<\/p>\n<p><em>\u201eTavaly Halloweenre vettem a jelmzet, de azt\u00e1n t\u00fal vesz\u00e9lyesnek t\u0171nt, \u00e9s ink\u00e1bb nem vettem fel. Kifejezetten olcs\u00f3 volt. Nem is az a c\u00e9l, hogy \u00fagy n\u00e9zzek ki, mint egy szerepl\u0151 Tim Burton filmjeiben, ink\u00e1bb az ijeszt\u0151 \u00e9s vicces k\u00f6z\u00f6tt szeretn\u00e9k maradni.\u201d<\/em><\/p>\n<p><img loading=\"lazy\" decoding=\"async\" class=\"aligncenter size-full wp-image-8944\" src=\"https:\/\/d2p6e6u75xmxt8.cloudfront.net\/12\/2020\/11\/gettyimages-1229204191.jpg\" alt=\"\" width=\"980\" height=\"684\" srcset=\"https:\/\/d2p6e6u75xmxt8.cloudfront.net\/12\/2020\/11\/gettyimages-1229204191.jpg 980w, https:\/\/d2p6e6u75xmxt8.cloudfront.net\/12\/2020\/11\/gettyimages-1229204191-300x209.jpg 300w, https:\/\/d2p6e6u75xmxt8.cloudfront.net\/12\/2020\/11\/gettyimages-1229204191-768x536.jpg 768w\" sizes=\"auto, (max-width: 980px) 100vw, 980px\" \/><\/p>\n<p>V\u00e9g\u00fcl \u00e1prilisban, a karant\u00e9n kezdete idej\u00e9n sz\u00e1nta r\u00e1 mag\u00e1t, hogy felvegye a jelmezt: \u00fagy \u00e9rezte a zavaros id\u0151kben j\u00f3l j\u00f6n az embereknek egy kis vid\u00e1ms\u00e1g, \u00e9s a forgalom is j\u00f3val kisebb volt, \u00edgy nem f\u00e9lt fej n\u00e9lk\u00fcl fel\u00fclni a biciklire.<\/p>\n<p><em>Forr\u00e1s: <\/em><a href=\"https:\/\/www.bicycling.com\/culture\/a34536142\/headless-horseman-biker-slam-dunkle-the-musical-cyclist\/\"><em>bicycling.com<\/em><\/a><\/p>\n","protected":false},"excerpt":{"rendered":"<p>Fej n\u00e9lk\u00fcli lovas, biciklin, amit k\u00e9z n\u00e9lk\u00fcl korm\u00e1nyoz, ugyanis m\u00e9g git\u00e1rozik is. A furcsa jelmezbe b\u00fajt Slam Dunkle-t d\u00f6bbent \u00e9s [&hellip;]<\/p>\n","protected":false},"author":71,"featured_media":8945,"comment_status":"open","ping_status":"open","sticky":false,"template":"","format":"standard","meta":{"footnotes":""},"categories":[12],"tags":[],"global-categories":[],"class_list":["post-8943","post","type-post","status-publish","format-standard","has-post-thumbnail","hentry","category-kozosseg-es-kultura"],"yoast_head":"<!-- This site is optimized with the Yoast SEO Premium plugin v25.3 (Yoast SEO v25.9) - https:\/\/yoast.com\/wordpress\/plugins\/seo\/ -->\n<title>Git\u00e1roz\u00f3, fej n\u00e9lk\u00fcli biciklis k\u00eds\u00e9rt Massachusetts utc\u00e1in - \u0160koda We Love Cycling - Magyarorsz\u00e1g<\/title>\n<meta name=\"description\" content=\"Fej n\u00e9lk\u00fcli lovas, biciklin, amit k\u00e9z n\u00e9lk\u00fcl korm\u00e1nyoz, ugyanis m\u00e9g git\u00e1rozik is. A furcsa jelmezbe b\u00fajt Slam Dunkle-t d\u00f6bbent \u00e9s vid\u00e1m arcok k\u00eds\u00e9rik \u00fatj\u00e1n.\" \/>\n<meta name=\"robots\" content=\"index, follow, max-snippet:-1, max-image-preview:large, max-video-preview:-1\" \/>\n<link rel=\"canonical\" href=\"https:\/\/www.welovecycling.com\/hu\/kozosseg-es-kultura\/gitarozo-fej-nelkuli-biciklis-kisert-massachusetts-utcain\/\" \/>\n<meta property=\"og:locale\" content=\"hu_HU\" \/>\n<meta property=\"og:type\" content=\"article\" \/>\n<meta property=\"og:title\" content=\"Git\u00e1roz\u00f3, fej n\u00e9lk\u00fcli biciklis k\u00eds\u00e9rt Massachusetts utc\u00e1in\" \/>\n<meta property=\"og:description\" content=\"Fej n\u00e9lk\u00fcli lovas, biciklin, amit k\u00e9z n\u00e9lk\u00fcl korm\u00e1nyoz, ugyanis m\u00e9g git\u00e1rozik is. A furcsa jelmezbe b\u00fajt Slam Dunkle-t d\u00f6bbent \u00e9s vid\u00e1m arcok k\u00eds\u00e9rik \u00fatj\u00e1n.\" \/>\n<meta property=\"og:url\" content=\"https:\/\/www.welovecycling.com\/hu\/kozosseg-es-kultura\/gitarozo-fej-nelkuli-biciklis-kisert-massachusetts-utcain\/\" \/>\n<meta property=\"og:site_name\" content=\"\u0160koda We Love Cycling - Magyarorsz\u00e1g\" \/>\n<meta property=\"article:publisher\" content=\"https:\/\/www.facebook.com\/WeLoveCyclingHungary\/\" \/>\n<meta property=\"article:published_time\" content=\"2020-11-09T07:00:18+00:00\" \/>\n<meta property=\"og:image\" content=\"https:\/\/d2p6e6u75xmxt8.cloudfront.net\/12\/2020\/11\/wlc_gitarozo.jpg\" \/>\n\t<meta property=\"og:image:width\" content=\"1412\" \/>\n\t<meta property=\"og:image:height\" content=\"891\" \/>\n\t<meta property=\"og:image:type\" content=\"image\/jpeg\" \/>\n<meta name=\"author\" content=\"hegyizs\" \/>\n<meta name=\"twitter:card\" content=\"summary_large_image\" \/>\n<meta name=\"twitter:label1\" content=\"Written by\" \/>\n\t<meta name=\"twitter:data1\" content=\"WLC\" \/>\n\t<meta name=\"twitter:label2\" content=\"Est. reading time\" \/>\n\t<meta name=\"twitter:data2\" content=\"2 minutes\" \/>\n<script type=\"application\/ld+json\" class=\"yoast-schema-graph\">{\"@context\":\"https:\/\/schema.org\",\"@graph\":[{\"@type\":\"WebPage\",\"@id\":\"https:\/\/www.welovecycling.com\/hu\/kozosseg-es-kultura\/gitarozo-fej-nelkuli-biciklis-kisert-massachusetts-utcain\/\",\"url\":\"https:\/\/www.welovecycling.com\/hu\/kozosseg-es-kultura\/gitarozo-fej-nelkuli-biciklis-kisert-massachusetts-utcain\/\",\"name\":\"Git\u00e1roz\u00f3, fej n\u00e9lk\u00fcli biciklis k\u00eds\u00e9rt Massachusetts utc\u00e1in - \u0160koda We Love Cycling - Magyarorsz\u00e1g\",\"isPartOf\":{\"@id\":\"https:\/\/www.welovecycling.com\/hu\/#website\"},\"primaryImageOfPage\":{\"@id\":\"https:\/\/www.welovecycling.com\/hu\/kozosseg-es-kultura\/gitarozo-fej-nelkuli-biciklis-kisert-massachusetts-utcain\/#primaryimage\"},\"image\":{\"@id\":\"https:\/\/www.welovecycling.com\/hu\/kozosseg-es-kultura\/gitarozo-fej-nelkuli-biciklis-kisert-massachusetts-utcain\/#primaryimage\"},\"thumbnailUrl\":\"https:\/\/d2p6e6u75xmxt8.cloudfront.net\/12\/2020\/11\/wlc_gitarozo.jpg\",\"datePublished\":\"2020-11-09T07:00:18+00:00\",\"author\":{\"@id\":\"https:\/\/www.welovecycling.com\/hu\/#\/schema\/person\/414a2aebf1801691a5320edb6468e194\"},\"description\":\"Fej n\u00e9lk\u00fcli lovas, biciklin, amit k\u00e9z n\u00e9lk\u00fcl korm\u00e1nyoz, ugyanis m\u00e9g git\u00e1rozik is. A furcsa jelmezbe b\u00fajt Slam Dunkle-t d\u00f6bbent \u00e9s vid\u00e1m arcok k\u00eds\u00e9rik \u00fatj\u00e1n.\",\"breadcrumb\":{\"@id\":\"https:\/\/www.welovecycling.com\/hu\/kozosseg-es-kultura\/gitarozo-fej-nelkuli-biciklis-kisert-massachusetts-utcain\/#breadcrumb\"},\"inLanguage\":\"hu\",\"potentialAction\":[{\"@type\":\"ReadAction\",\"target\":[\"https:\/\/www.welovecycling.com\/hu\/kozosseg-es-kultura\/gitarozo-fej-nelkuli-biciklis-kisert-massachusetts-utcain\/\"]}]},{\"@type\":\"ImageObject\",\"inLanguage\":\"hu\",\"@id\":\"https:\/\/www.welovecycling.com\/hu\/kozosseg-es-kultura\/gitarozo-fej-nelkuli-biciklis-kisert-massachusetts-utcain\/#primaryimage\",\"url\":\"https:\/\/d2p6e6u75xmxt8.cloudfront.net\/12\/2020\/11\/wlc_gitarozo.jpg\",\"contentUrl\":\"https:\/\/d2p6e6u75xmxt8.cloudfront.net\/12\/2020\/11\/wlc_gitarozo.jpg\",\"width\":1412,\"height\":891},{\"@type\":\"BreadcrumbList\",\"@id\":\"https:\/\/www.welovecycling.com\/hu\/kozosseg-es-kultura\/gitarozo-fej-nelkuli-biciklis-kisert-massachusetts-utcain\/#breadcrumb\",\"itemListElement\":[{\"@type\":\"ListItem\",\"position\":1,\"name\":\"Home\",\"item\":\"https:\/\/www.welovecycling.com\/hu\/\"},{\"@type\":\"ListItem\",\"position\":2,\"name\":\"Git\u00e1roz\u00f3, fej n\u00e9lk\u00fcli biciklis k\u00eds\u00e9rt Massachusetts utc\u00e1in\"}]},{\"@type\":\"WebSite\",\"@id\":\"https:\/\/www.welovecycling.com\/hu\/#website\",\"url\":\"https:\/\/www.welovecycling.com\/hu\/\",\"name\":\"\u0160koda We Love Cycling - Magyarorsz\u00e1g\",\"description\":\"\u0160koda WeLoveCycling\",\"potentialAction\":[{\"@type\":\"SearchAction\",\"target\":{\"@type\":\"EntryPoint\",\"urlTemplate\":\"https:\/\/www.welovecycling.com\/hu\/?s={search_term_string}\"},\"query-input\":{\"@type\":\"PropertyValueSpecification\",\"valueRequired\":true,\"valueName\":\"search_term_string\"}}],\"inLanguage\":\"hu\"},{\"@type\":\"Person\",\"@id\":\"https:\/\/www.welovecycling.com\/hu\/#\/schema\/person\/414a2aebf1801691a5320edb6468e194\",\"name\":\"hegyizs\",\"image\":{\"@type\":\"ImageObject\",\"inLanguage\":\"hu\",\"@id\":\"https:\/\/www.welovecycling.com\/hu\/#\/schema\/person\/image\/\",\"url\":\"https:\/\/secure.gravatar.com\/avatar\/02cf8a7906b8cf90cecb4679defac7cfd33a1c2e3b88e4903d947f3bb58eedd3?s=96&d=mm&r=g\",\"contentUrl\":\"https:\/\/secure.gravatar.com\/avatar\/02cf8a7906b8cf90cecb4679defac7cfd33a1c2e3b88e4903d947f3bb58eedd3?s=96&d=mm&r=g\",\"caption\":\"hegyizs\"},\"url\":\"https:\/\/www.welovecycling.com\/hu\/author\/hegyizs\/\"}]}<\/script>\n<!-- \/ Yoast SEO Premium plugin. -->","yoast_head_json":{"title":"Git\u00e1roz\u00f3, fej n\u00e9lk\u00fcli biciklis k\u00eds\u00e9rt Massachusetts utc\u00e1in - \u0160koda We Love Cycling - Magyarorsz\u00e1g","description":"Fej n\u00e9lk\u00fcli lovas, biciklin, amit k\u00e9z n\u00e9lk\u00fcl korm\u00e1nyoz, ugyanis m\u00e9g git\u00e1rozik is. A furcsa jelmezbe b\u00fajt Slam Dunkle-t d\u00f6bbent \u00e9s vid\u00e1m arcok k\u00eds\u00e9rik \u00fatj\u00e1n.","robots":{"index":"index","follow":"follow","max-snippet":"max-snippet:-1","max-image-preview":"max-image-preview:large","max-video-preview":"max-video-preview:-1"},"canonical":"https:\/\/www.welovecycling.com\/hu\/kozosseg-es-kultura\/gitarozo-fej-nelkuli-biciklis-kisert-massachusetts-utcain\/","og_locale":"hu_HU","og_type":"article","og_title":"Git\u00e1roz\u00f3, fej n\u00e9lk\u00fcli biciklis k\u00eds\u00e9rt Massachusetts utc\u00e1in","og_description":"Fej n\u00e9lk\u00fcli lovas, biciklin, amit k\u00e9z n\u00e9lk\u00fcl korm\u00e1nyoz, ugyanis m\u00e9g git\u00e1rozik is. A furcsa jelmezbe b\u00fajt Slam Dunkle-t d\u00f6bbent \u00e9s vid\u00e1m arcok k\u00eds\u00e9rik \u00fatj\u00e1n.","og_url":"https:\/\/www.welovecycling.com\/hu\/kozosseg-es-kultura\/gitarozo-fej-nelkuli-biciklis-kisert-massachusetts-utcain\/","og_site_name":"\u0160koda We Love Cycling - Magyarorsz\u00e1g","article_publisher":"https:\/\/www.facebook.com\/WeLoveCyclingHungary\/","article_published_time":"2020-11-09T07:00:18+00:00","og_image":[{"width":1412,"height":891,"url":"https:\/\/d2p6e6u75xmxt8.cloudfront.net\/12\/2020\/11\/wlc_gitarozo.jpg","type":"image\/jpeg"}],"author":"hegyizs","twitter_card":"summary_large_image","twitter_misc":{"Written by":"WLC","Est. reading time":"2 minutes"},"schema":{"@context":"https:\/\/schema.org","@graph":[{"@type":"WebPage","@id":"https:\/\/www.welovecycling.com\/hu\/kozosseg-es-kultura\/gitarozo-fej-nelkuli-biciklis-kisert-massachusetts-utcain\/","url":"https:\/\/www.welovecycling.com\/hu\/kozosseg-es-kultura\/gitarozo-fej-nelkuli-biciklis-kisert-massachusetts-utcain\/","name":"Git\u00e1roz\u00f3, fej n\u00e9lk\u00fcli biciklis k\u00eds\u00e9rt Massachusetts utc\u00e1in - \u0160koda We Love Cycling - Magyarorsz\u00e1g","isPartOf":{"@id":"https:\/\/www.welovecycling.com\/hu\/#website"},"primaryImageOfPage":{"@id":"https:\/\/www.welovecycling.com\/hu\/kozosseg-es-kultura\/gitarozo-fej-nelkuli-biciklis-kisert-massachusetts-utcain\/#primaryimage"},"image":{"@id":"https:\/\/www.welovecycling.com\/hu\/kozosseg-es-kultura\/gitarozo-fej-nelkuli-biciklis-kisert-massachusetts-utcain\/#primaryimage"},"thumbnailUrl":"https:\/\/d2p6e6u75xmxt8.cloudfront.net\/12\/2020\/11\/wlc_gitarozo.jpg","datePublished":"2020-11-09T07:00:18+00:00","author":{"@id":"https:\/\/www.welovecycling.com\/hu\/#\/schema\/person\/414a2aebf1801691a5320edb6468e194"},"description":"Fej n\u00e9lk\u00fcli lovas, biciklin, amit k\u00e9z n\u00e9lk\u00fcl korm\u00e1nyoz, ugyanis m\u00e9g git\u00e1rozik is. A furcsa jelmezbe b\u00fajt Slam Dunkle-t d\u00f6bbent \u00e9s vid\u00e1m arcok k\u00eds\u00e9rik \u00fatj\u00e1n.","breadcrumb":{"@id":"https:\/\/www.welovecycling.com\/hu\/kozosseg-es-kultura\/gitarozo-fej-nelkuli-biciklis-kisert-massachusetts-utcain\/#breadcrumb"},"inLanguage":"hu","potentialAction":[{"@type":"ReadAction","target":["https:\/\/www.welovecycling.com\/hu\/kozosseg-es-kultura\/gitarozo-fej-nelkuli-biciklis-kisert-massachusetts-utcain\/"]}]},{"@type":"ImageObject","inLanguage":"hu","@id":"https:\/\/www.welovecycling.com\/hu\/kozosseg-es-kultura\/gitarozo-fej-nelkuli-biciklis-kisert-massachusetts-utcain\/#primaryimage","url":"https:\/\/d2p6e6u75xmxt8.cloudfront.net\/12\/2020\/11\/wlc_gitarozo.jpg","contentUrl":"https:\/\/d2p6e6u75xmxt8.cloudfront.net\/12\/2020\/11\/wlc_gitarozo.jpg","width":1412,"height":891},{"@type":"BreadcrumbList","@id":"https:\/\/www.welovecycling.com\/hu\/kozosseg-es-kultura\/gitarozo-fej-nelkuli-biciklis-kisert-massachusetts-utcain\/#breadcrumb","itemListElement":[{"@type":"ListItem","position":1,"name":"Home","item":"https:\/\/www.welovecycling.com\/hu\/"},{"@type":"ListItem","position":2,"name":"Git\u00e1roz\u00f3, fej n\u00e9lk\u00fcli biciklis k\u00eds\u00e9rt Massachusetts utc\u00e1in"}]},{"@type":"WebSite","@id":"https:\/\/www.welovecycling.com\/hu\/#website","url":"https:\/\/www.welovecycling.com\/hu\/","name":"\u0160koda We Love Cycling - Magyarorsz\u00e1g","description":"\u0160koda WeLoveCycling","potentialAction":[{"@type":"SearchAction","target":{"@type":"EntryPoint","urlTemplate":"https:\/\/www.welovecycling.com\/hu\/?s={search_term_string}"},"query-input":{"@type":"PropertyValueSpecification","valueRequired":true,"valueName":"search_term_string"}}],"inLanguage":"hu"},{"@type":"Person","@id":"https:\/\/www.welovecycling.com\/hu\/#\/schema\/person\/414a2aebf1801691a5320edb6468e194","name":"hegyizs","image":{"@type":"ImageObject","inLanguage":"hu","@id":"https:\/\/www.welovecycling.com\/hu\/#\/schema\/person\/image\/","url":"https:\/\/secure.gravatar.com\/avatar\/02cf8a7906b8cf90cecb4679defac7cfd33a1c2e3b88e4903d947f3bb58eedd3?s=96&d=mm&r=g","contentUrl":"https:\/\/secure.gravatar.com\/avatar\/02cf8a7906b8cf90cecb4679defac7cfd33a1c2e3b88e4903d947f3bb58eedd3?s=96&d=mm&r=g","caption":"hegyizs"},"url":"https:\/\/www.welovecycling.com\/hu\/author\/hegyizs\/"}]}},"_links":{"self":[{"href":"https:\/\/www.welovecycling.com\/hu\/wp-json\/wp\/v2\/posts\/8943","targetHints":{"allow":["GET"]}}],"collection":[{"href":"https:\/\/www.welovecycling.com\/hu\/wp-json\/wp\/v2\/posts"}],"about":[{"href":"https:\/\/www.welovecycling.com\/hu\/wp-json\/wp\/v2\/types\/post"}],"author":[{"embeddable":true,"href":"https:\/\/www.welovecycling.com\/hu\/wp-json\/wp\/v2\/users\/71"}],"replies":[{"embeddable":true,"href":"https:\/\/www.welovecycling.com\/hu\/wp-json\/wp\/v2\/comments?post=8943"}],"version-history":[{"count":1,"href":"https:\/\/www.welovecycling.com\/hu\/wp-json\/wp\/v2\/posts\/8943\/revisions"}],"predecessor-version":[{"id":8947,"href":"https:\/\/www.welovecycling.com\/hu\/wp-json\/wp\/v2\/posts\/8943\/revisions\/8947"}],"wp:featuredmedia":[{"embeddable":true,"href":"https:\/\/www.welovecycling.com\/hu\/wp-json\/wp\/v2\/media\/8945"}],"wp:attachment":[{"href":"https:\/\/www.welovecycling.com\/hu\/wp-json\/wp\/v2\/media?parent=8943"}],"wp:term":[{"taxonomy":"category","embeddable":true,"href":"https:\/\/www.welovecycling.com\/hu\/wp-json\/wp\/v2\/categories?post=8943"},{"taxonomy":"post_tag","embeddable":true,"href":"https:\/\/www.welovecycling.com\/hu\/wp-json\/wp\/v2\/tags?post=8943"},{"taxonomy":"global-categories","embeddable":true,"href":"https:\/\/www.welovecycling.com\/hu\/wp-json\/wp\/v2\/global-categories?post=8943"}],"curies":[{"name":"wp","href":"https:\/\/api.w.org\/{rel}","templated":true}]}}