{"id":8931,"date":"2020-11-11T08:00:28","date_gmt":"2020-11-11T07:00:28","guid":{"rendered":"https:\/\/www.welovecycling.com\/hu\/?p=8931"},"modified":"2020-11-06T15:35:52","modified_gmt":"2020-11-06T14:35:52","slug":"a-stoneman-osveny-teljesitese-2-nap-alatt","status":"publish","type":"post","link":"https:\/\/www.welovecycling.com\/hu\/trekking-mtb\/a-stoneman-osveny-teljesitese-2-nap-alatt\/","title":{"rendered":"A Stoneman-\u00f6sv\u00e9ny teljes\u00edt\u00e9se, 2 nap alatt"},"content":{"rendered":"<p><strong>\u00d6reg cimbor\u00e1m, Pavel Cinegr hivat\u00e1sos ortop\u00e9d seb\u00e9sz, akinek m\u00e1r t\u00f6bb orvosi beavatkoz\u00e1s\u00e9rt tartozom k\u00f6sz\u00f6nettel, amelyek s\u00falyos sports\u00e9r\u00fcl\u00e9sek ut\u00e1n seg\u00edtettek fel\u00e9p\u00fclni. Szerencs\u00e9re nem csak v\u00e9szhelyzet eset\u00e9n h\u00edvhatom \u0151t. Amikor utolj\u00e1ra t\u00e1rcs\u00e1ztam a sz\u00e1m\u00e1t, javaslatot akartam tenni neki, hogy menj\u00fcnk Ausztri\u00e1ba \u00e9s vegy\u00fcnk r\u00e9szt a Stoneman Taurista ker\u00e9kp\u00e1ros kih\u00edv\u00e1sban. \u201eHallott\u00e1l m\u00e1r r\u00f3la?\u201d \u2013 k\u00e9rdeztem t\u0151le augusztus v\u00e9g\u00e9n.<\/strong><\/p>\n<p><!--more--><\/p>\n<p>A Salzburger Land nyolc cs\u00facs\u00e1t \u00f6sszek\u00f6t\u0151 Stoneman Taurista az Alpok legnagyobb kih\u00edv\u00e1sait jelent\u0151 MTB-s p\u00e1ly\u00e1k k\u00f6z\u00e9 tartozik. Legel\u0151k\u00f6n, hegyeken \u00e9s tavakon visz kereszt\u00fcl. R\u00e1ad\u00e1sul az \u00fatvonal t\u00f6bb alpesi h\u00e1g\u00f3 \u00e1tkel\u00e9s\u00e9t \u00e9s egy hat m\u00e9ter magas v\u00edzes\u00e9s megl\u00e1togat\u00e1s\u00e1t is mag\u00e1ban foglalja. Mivel val\u00f3sz\u00edn\u0171tlen, hogy a mostani id\u0151szakban szakaszversenyek legyenek, meg\u00e1llapodtunk Pavellel abban, hogy az osztr\u00e1k Alpokba utaz\u00e1s \u00e9s az egy\u00e9ni menet lebonyol\u00edt\u00e1sa \u00e1ltal szerz\u00fcnk \u00faj sport\u00e9lm\u00e9nyeket.<\/p>\n<figure id=\"attachment_8932\" aria-describedby=\"caption-attachment-8932\" style=\"width: 1000px\" class=\"wp-caption alignnone\"><a href=\"https:\/\/d2p6e6u75xmxt8.cloudfront.net\/12\/2020\/11\/Stoneman-2.jpg\"><img loading=\"lazy\" decoding=\"async\" class=\"wp-image-8932 size-full\" src=\"https:\/\/d2p6e6u75xmxt8.cloudfront.net\/12\/2020\/11\/Stoneman-2.jpg\" alt=\"Waterfall Austria\" width=\"1000\" height=\"668\" srcset=\"https:\/\/d2p6e6u75xmxt8.cloudfront.net\/12\/2020\/11\/Stoneman-2.jpg 1000w, https:\/\/d2p6e6u75xmxt8.cloudfront.net\/12\/2020\/11\/Stoneman-2-300x200.jpg 300w, https:\/\/d2p6e6u75xmxt8.cloudfront.net\/12\/2020\/11\/Stoneman-2-768x513.jpg 768w, https:\/\/d2p6e6u75xmxt8.cloudfront.net\/12\/2020\/11\/Stoneman-2-272x182.jpg 272w\" sizes=\"auto, (max-width: 1000px) 100vw, 1000px\" \/><\/a><figcaption id=\"caption-attachment-8932\" class=\"wp-caption-text\"><em>L\u00e1togat\u00e1s a v\u00edzes\u00e9shez.<\/em><\/figcaption><\/figure>\n<p>A p\u00e1lya ellen\u0151rz\u00e9s\u00e9n\u00e9l kider\u00fclt, hogy a neh\u00e9z freeride biciklim tal\u00e1n nem volt a legjobb v\u00e1laszt\u00e1s, de m\u00e1r k\u00e9s\u0151 volt, nem akartunk visszafordulni a kocsival \u00e9s v\u00e1lasztani egy olyat, ami megfelel a 123 km hossz\u00fa \u00f6sv\u00e9nynek.<\/p>\n<p>Annak ellen\u00e9re, hogy tudtam, doki bar\u00e1tom t\u00f6k\u00e9letes eg\u00e9szs\u00e9g\u00fcgyi \u00e1llapotban van, nem sz\u00e1m\u00edtottam arra, hogy id\u00e9n m\u00e1r 4000 km-t teljes\u00edtett. Ekkor d\u00f6bbentem r\u00e1, hogy val\u00f3sz\u00edn\u0171leg hamarosan nagyon be fogok \u00e9gni.<\/p>\n<h2><strong>B\u00e9lyegek<\/strong><\/h2>\n<p>A Stoneman Taurista r\u00e9sztvev\u0151i k\u00e9pess\u00e9geik \u00e9s az id\u0151j\u00e1r\u00e1si k\u00f6r\u00fclm\u00e9nyek f\u00fcggv\u00e9ny\u00e9ben oszthatj\u00e1k fel az eg\u00e9sz t\u00e1vot annyi r\u00e9szre, amennyire csak akarj\u00e1k. Az egyetlen akad\u00e1ly a hegyvid\u00e9ki sz\u00e1ll\u00f3k befogad\u00f3k\u00e9pess\u00e9ge, el\u0151re kellett foglalnunk, hogy \u00e9jszakai sz\u00e1ll\u00e1st tudjunk biztos\u00edtani magunknak. A regisztr\u00e1lt biciklisek kapnak egy k\u00e1rty\u00e1t \u00e9s k\u00f6telesek b\u00e9lyegeket gy\u0171jteni r\u00e1 az ellen\u0151rz\u0151 pontokon, hogy igazolni tudj\u00e1k, csal\u00e1s n\u00e9lk\u00fcl teljes\u00edtett\u00e9k az \u00fatvonalat.<\/p>\n<figure id=\"attachment_8933\" aria-describedby=\"caption-attachment-8933\" style=\"width: 1000px\" class=\"wp-caption alignnone\"><a href=\"https:\/\/d2p6e6u75xmxt8.cloudfront.net\/12\/2020\/11\/M_S-STNMT-70.jpg\"><img loading=\"lazy\" decoding=\"async\" class=\"wp-image-8933 size-full\" src=\"https:\/\/d2p6e6u75xmxt8.cloudfront.net\/12\/2020\/11\/M_S-STNMT-70.jpg\" alt=\"Stoneman cards\" width=\"1000\" height=\"668\" srcset=\"https:\/\/d2p6e6u75xmxt8.cloudfront.net\/12\/2020\/11\/M_S-STNMT-70.jpg 1000w, https:\/\/d2p6e6u75xmxt8.cloudfront.net\/12\/2020\/11\/M_S-STNMT-70-300x200.jpg 300w, https:\/\/d2p6e6u75xmxt8.cloudfront.net\/12\/2020\/11\/M_S-STNMT-70-768x513.jpg 768w, https:\/\/d2p6e6u75xmxt8.cloudfront.net\/12\/2020\/11\/M_S-STNMT-70-272x182.jpg 272w\" sizes=\"auto, (max-width: 1000px) 100vw, 1000px\" \/><\/a><figcaption id=\"caption-attachment-8933\" class=\"wp-caption-text\"><em>Ne felejts el csekkolni az ellen\u0151rz\u0151pontokn\u00e1l!<\/em><\/figcaption><\/figure>\n<p><em>\u201eNos, k\u00e9t nap alatt megcsin\u00e1ljuk, nem?\u201d<\/em> \u2013 k\u00e9rdezte Pavel az \u00e1ltalam ismert orvosokra jellemz\u0151 s\u00f6t\u00e9t humorral. Egyesek ak\u00e1r egyetlen nap alatt is k\u00e9pesek megtenni a teljes \u00fatvonalat. Szerencs\u00e9mre Pavel nem volt ennyire lelkes. A kezdet maga volt a k\u00edn. Az egyik dolog, amire t\u00f6bb \u00f3r\u00e1s izzad\u00e1s ut\u00e1n r\u00e1j\u00f6ttem, hogy Stoneman Taurista nem olyan \u00fcd\u00fcl\u0151hely, ahova valaki a bar\u00e1tn\u0151j\u00e9t szeretn\u00e9 elvinni, hacsak nem egy orsz\u00e1gos XC kupa bajnokkal randizik. Minden m\u00e1s l\u00e1ny hozz\u00e1d v\u00e1gta volna a bicaj\u00e1t n\u00e9h\u00e1ny kilom\u00e9ter ut\u00e1n, vagy miut\u00e1n feltolta a ker\u00e9kp\u00e1rt az Oberhutte-hegyi pihen\u0151ig. \u00c9n sem rajongok a hegym\u00e1sz\u00e1s\u00e9rt, de nem akartam panaszkodni, mert mindenkinek t\u00fal kellett \u00e9lnie ezt a r\u00e9szt.<\/p>\n<p>A tengerszint feletti magass\u00e1g el\u00e9r\u00e9se ut\u00e1n azonban be kellett vallanom, hogy az alpesi t\u00e1jra ny\u00edl\u00f3 l\u00e9legzetel\u00e1ll\u00edt\u00f3 kil\u00e1t\u00e1s minden v\u00e1rakoz\u00e1somat fel\u00fclm\u00falta. Val\u00f3sz\u00edn\u0171leg egy iroda ablak\u00e1b\u00f3l soha nem l\u00e1tn\u00e9k ilyen sz\u00e9pet. Mik\u00f6zben a Hohe Tauern-hegys\u00e9g cs\u00facsain l\u00e1tsz\u00f3 es\u0151felh\u0151ket figyeltem, szinte megfeledkeztem a combomba nyilall\u00f3 f\u00e1jdalomr\u00f3l \u00e9s az izzads\u00e1gcseppekr\u0151l, amelyek \u00e9gett\u00e9k a szememet. Elfogadtam azt is, hogy szabadon legel\u0151 tehenek \u00e9s lovak el\u0151l kellett kit\u00e9rn\u00fcnk, s\u0151t, az eg\u00e9sz \u00f6sv\u00e9nyt belep\u0151 kakijukat is megbocs\u00e1tottam nekik.<\/p>\n<figure id=\"attachment_8934\" aria-describedby=\"caption-attachment-8934\" style=\"width: 1000px\" class=\"wp-caption alignnone\"><a href=\"https:\/\/d2p6e6u75xmxt8.cloudfront.net\/12\/2020\/11\/Stoneman-4.jpg\"><img loading=\"lazy\" decoding=\"async\" class=\"wp-image-8934 size-full\" src=\"https:\/\/d2p6e6u75xmxt8.cloudfront.net\/12\/2020\/11\/Stoneman-4.jpg\" alt=\"Cyclists in mountains\" width=\"1000\" height=\"667\" srcset=\"https:\/\/d2p6e6u75xmxt8.cloudfront.net\/12\/2020\/11\/Stoneman-4.jpg 1000w, https:\/\/d2p6e6u75xmxt8.cloudfront.net\/12\/2020\/11\/Stoneman-4-300x200.jpg 300w, https:\/\/d2p6e6u75xmxt8.cloudfront.net\/12\/2020\/11\/Stoneman-4-768x512.jpg 768w, https:\/\/d2p6e6u75xmxt8.cloudfront.net\/12\/2020\/11\/Stoneman-4-272x182.jpg 272w\" sizes=\"auto, (max-width: 1000px) 100vw, 1000px\" \/><\/a><figcaption id=\"caption-attachment-8934\" class=\"wp-caption-text\"><em>Gy\u00f6ny\u00f6r\u0171 kil\u00e1t\u00e1s az alpesi legel\u0151kr\u0151l.<\/em><\/figcaption><\/figure>\n<h2><strong>Az osztr\u00e1k vend\u00e9gl\u00e1t\u00e1s<\/p>\n<p><\/strong><\/h2>\n<p>A k\u00f6vetkez\u0151 c\u00e9l egy r\u00e9gi fah\u00e1z volt, ami lassan n\u0151tt a szem\u00fcnk el\u0151tt, ahogy egyre k\u00f6zelebb ker\u00fclt\u00fcnk hozz\u00e1. Amikor egy h\u00f6lgy egy t\u00e1l forr\u00f3 levest \u00f6nt\u00f6tt nek\u00fcnk k\u00f6zvetlen\u00fcl a t\u0171zhelyen l\u00e9v\u0151 faz\u00e9kb\u00f3l, \u00fagy \u00e9rezt\u00fck, mintha a mennyorsz\u00e1g nyitotta volna meg kapuit, f\u0151leg, hogy addigra m\u00e1r t\u00e9rer\u0151nk sem volt. Miut\u00e1n elfogyasztottuk a finom \u00e9teleket, a h\u00e1z asszonya elj\u00e1tszott p\u00e1r dalt a harmonik\u00e1n, \u00e9s megk\u00edn\u00e1lt minket h\u00e1zi lik\u0151rrel \u00e9s pir\u00edt\u00f3ssal. Legsz\u00edvesebben az eg\u00e9sz napot itt t\u00f6lt\u00f6tt\u00fck volna, de nem engedhett\u00fck meg magunknak, hogy t\u00e9tlenek maradjunk, \u00e9s tov\u00e1bb \u00e9lvezz\u00fck a helyi vend\u00e9gl\u00e1t\u00e1st.<\/p>\n<p>Mivel \u00fagy d\u00f6nt\u00f6tt\u00fcnk, hogy sz\u0171k k\u00e9t nap alatt megcsin\u00e1ljuk az \u00fatvonalat, nem pazarolhattuk tov\u00e1bb az id\u0151nket.\u00a0 A k\u00f6vetkez\u0151 c\u00e9lunk az volt, hogy megm\u00e1szunk m\u00e9g n\u00e9h\u00e1ny dombot \u00e9s k\u00f6zben minden ellen\u0151rz\u0151ponton lepecs\u00e9telj\u00fck a k\u00e1rty\u00e1inkat. Valamilyen okn\u00e1l fogva a legt\u00f6bb ellen\u0151rz\u00e9si pont a legmagasabb cs\u00facsokon \u00e9s hegygerinceken tal\u00e1lhat\u00f3, \u00edgy sok energi\u00e1ba telt el\u00e9rni \u0151ket. A k\u00e1rty\u00e1inkon l\u00e9v\u0151 b\u00e9lyegek sz\u00e1m\u00e1nak n\u00f6veked\u00e9s\u00e9vel megtudtuk, hogy k\u00f6zel a v\u00e9g, de a legnagyobb kih\u00edv\u00e1s m\u00e9g h\u00e1tra volt.<\/p>\n<figure id=\"attachment_8935\" aria-describedby=\"caption-attachment-8935\" style=\"width: 1000px\" class=\"wp-caption alignnone\"><a href=\"https:\/\/d2p6e6u75xmxt8.cloudfront.net\/12\/2020\/11\/Stoneman-5.jpg\"><img loading=\"lazy\" decoding=\"async\" class=\"wp-image-8935 size-full\" src=\"https:\/\/d2p6e6u75xmxt8.cloudfront.net\/12\/2020\/11\/Stoneman-5.jpg\" alt=\"Cycling in mountains\" width=\"1000\" height=\"667\" srcset=\"https:\/\/d2p6e6u75xmxt8.cloudfront.net\/12\/2020\/11\/Stoneman-5.jpg 1000w, https:\/\/d2p6e6u75xmxt8.cloudfront.net\/12\/2020\/11\/Stoneman-5-300x200.jpg 300w, https:\/\/d2p6e6u75xmxt8.cloudfront.net\/12\/2020\/11\/Stoneman-5-768x512.jpg 768w, https:\/\/d2p6e6u75xmxt8.cloudfront.net\/12\/2020\/11\/Stoneman-5-272x182.jpg 272w\" sizes=\"auto, (max-width: 1000px) 100vw, 1000px\" \/><\/a><figcaption id=\"caption-attachment-8935\" class=\"wp-caption-text\"><em>A legnagyobb kih\u00edv\u00e1s m\u00e9g h\u00e1tra volt.<\/em><\/figcaption><\/figure>\n<p>Soha nem felejtem el a v\u00e9gtelennek t\u0171n\u0151 emelked\u0151t a Hochgrundeck keresztig (1827 m), ahol a t\u00fcd\u0151mben egyszer \u00e9s mindenkorra elfogyott az oxig\u00e9n. M\u00e9g egy utols\u00f3 b\u00e9lyegz\u00e9s, \u00e9s tele is lett a k\u00e1rty\u00e1m. Miut\u00e1n ki\u00fcr\u00edtett\u00fcnk egy kors\u00f3 hideg s\u00f6rt, visszafordultunk a v\u00f6lgybe. Egy ilyen emelked\u0151 ut\u00e1n a sz\u00e9les kavicsos \u00faton val\u00f3 bicikliz\u00e9s kiss\u00e9 ki\u00e1br\u00e1nd\u00edt\u00f3 volt, de minden technik\u00e1sabb lejt\u0151 dr\u00e1ga id\u0151nkbe ker\u00fclt volna, mivel az \u0151szi napok jelent\u0151sen ler\u00f6vid\u00fcltek.<\/p>\n<p>\u00c9hesen, de boldogan a v\u00e9g\u00e9re \u00e9rt\u00fcnk, \u00e9s egy gy\u00f6ny\u00f6r\u0171 tr\u00f3fe\u00e1t kaptunk a teljes\u00edtm\u00e9ny\u00fcnk\u00e9rt. Tekintettel arra, hogy Eur\u00f3p\u00e1ban t\u00f6bb eredeti Stoneman \u00fatvonal is tal\u00e1lhat\u00f3, m\u00e1r most agg\u00f3dom, melyiket v\u00e1lasztja j\u00f6v\u0151re Pavel.<\/p>\n","protected":false},"excerpt":{"rendered":"<p>\u00d6reg cimbor\u00e1m, Pavel Cinegr hivat\u00e1sos ortop\u00e9d seb\u00e9sz, akinek m\u00e1r t\u00f6bb orvosi beavatkoz\u00e1s\u00e9rt tartozom k\u00f6sz\u00f6nettel, amelyek s\u00falyos sports\u00e9r\u00fcl\u00e9sek ut\u00e1n seg\u00edtettek fel\u00e9p\u00fclni. [&hellip;]<\/p>\n","protected":false},"author":71,"featured_media":8937,"comment_status":"open","ping_status":"open","sticky":false,"template":"","format":"standard","meta":{"footnotes":""},"categories":[7],"tags":[],"global-categories":[],"class_list":["post-8931","post","type-post","status-publish","format-standard","has-post-thumbnail","hentry","category-trekking-mtb"],"yoast_head":"<!-- This site is optimized with the Yoast SEO Premium plugin v25.3 (Yoast SEO v25.9) - https:\/\/yoast.com\/wordpress\/plugins\/seo\/ -->\n<title>A Stoneman-\u00f6sv\u00e9ny teljes\u00edt\u00e9se, 2 nap alatt<\/title>\n<meta name=\"description\" content=\"\u00d6reg cimbor\u00e1m, Pavel Cinegr hivat\u00e1sos ortop\u00e9d seb\u00e9sz, akinek m\u00e1r t\u00f6bb orvosi beavatkoz\u00e1s\u00e9rt tartozom k\u00f6sz\u00f6nettel, amelyek s\u00falyos sports\u00e9r\u00fcl\u00e9sek ut\u00e1n seg\u00edtettek fel\u00e9p\u00fclni.\" \/>\n<meta name=\"robots\" content=\"index, follow, max-snippet:-1, max-image-preview:large, max-video-preview:-1\" \/>\n<link rel=\"canonical\" href=\"https:\/\/www.welovecycling.com\/hu\/trekking-mtb\/a-stoneman-osveny-teljesitese-2-nap-alatt\/\" \/>\n<meta property=\"og:locale\" content=\"hu_HU\" \/>\n<meta property=\"og:type\" content=\"article\" \/>\n<meta property=\"og:title\" content=\"A Stoneman-\u00f6sv\u00e9ny teljes\u00edt\u00e9se, 2 nap alatt\" \/>\n<meta property=\"og:description\" content=\"\u00d6reg cimbor\u00e1m, Pavel Cinegr hivat\u00e1sos ortop\u00e9d seb\u00e9sz, akinek m\u00e1r t\u00f6bb orvosi beavatkoz\u00e1s\u00e9rt tartozom k\u00f6sz\u00f6nettel, amelyek s\u00falyos sports\u00e9r\u00fcl\u00e9sek ut\u00e1n seg\u00edtettek fel\u00e9p\u00fclni. Szerencs\u00e9re nem csak v\u00e9szhelyzet eset\u00e9n h\u00edvhatom \u0151t.\" \/>\n<meta property=\"og:url\" content=\"https:\/\/www.welovecycling.com\/hu\/trekking-mtb\/a-stoneman-osveny-teljesitese-2-nap-alatt\/\" \/>\n<meta property=\"og:site_name\" content=\"\u0160koda We Love Cycling - Magyarorsz\u00e1g\" \/>\n<meta property=\"article:publisher\" content=\"https:\/\/www.facebook.com\/WeLoveCyclingHungary\/\" \/>\n<meta property=\"article:published_time\" content=\"2020-11-11T07:00:28+00:00\" \/>\n<meta property=\"og:image\" content=\"https:\/\/d2p6e6u75xmxt8.cloudfront.net\/12\/2020\/11\/Stoneman-CVR.jpg\" \/>\n\t<meta property=\"og:image:width\" content=\"1366\" \/>\n\t<meta property=\"og:image:height\" content=\"600\" \/>\n\t<meta property=\"og:image:type\" content=\"image\/jpeg\" \/>\n<meta name=\"author\" content=\"hegyizs\" \/>\n<meta name=\"twitter:card\" content=\"summary_large_image\" \/>\n<meta name=\"twitter:label1\" content=\"Written by\" \/>\n\t<meta name=\"twitter:data1\" content=\"Adam Marsal\" \/>\n\t<meta name=\"twitter:label2\" content=\"Est. reading time\" \/>\n\t<meta name=\"twitter:data2\" content=\"6\" \/>\n<script type=\"application\/ld+json\" class=\"yoast-schema-graph\">{\"@context\":\"https:\/\/schema.org\",\"@graph\":[{\"@type\":\"WebPage\",\"@id\":\"https:\/\/www.welovecycling.com\/hu\/trekking-mtb\/a-stoneman-osveny-teljesitese-2-nap-alatt\/\",\"url\":\"https:\/\/www.welovecycling.com\/hu\/trekking-mtb\/a-stoneman-osveny-teljesitese-2-nap-alatt\/\",\"name\":\"A Stoneman-\u00f6sv\u00e9ny teljes\u00edt\u00e9se, 2 nap alatt\",\"isPartOf\":{\"@id\":\"https:\/\/www.welovecycling.com\/hu\/#website\"},\"primaryImageOfPage\":{\"@id\":\"https:\/\/www.welovecycling.com\/hu\/trekking-mtb\/a-stoneman-osveny-teljesitese-2-nap-alatt\/#primaryimage\"},\"image\":{\"@id\":\"https:\/\/www.welovecycling.com\/hu\/trekking-mtb\/a-stoneman-osveny-teljesitese-2-nap-alatt\/#primaryimage\"},\"thumbnailUrl\":\"https:\/\/d2p6e6u75xmxt8.cloudfront.net\/12\/2020\/11\/Stoneman-CVR.jpg\",\"datePublished\":\"2020-11-11T07:00:28+00:00\",\"author\":{\"@id\":\"https:\/\/www.welovecycling.com\/hu\/#\/schema\/person\/414a2aebf1801691a5320edb6468e194\"},\"description\":\"\u00d6reg cimbor\u00e1m, Pavel Cinegr hivat\u00e1sos ortop\u00e9d seb\u00e9sz, akinek m\u00e1r t\u00f6bb orvosi beavatkoz\u00e1s\u00e9rt tartozom k\u00f6sz\u00f6nettel, amelyek s\u00falyos sports\u00e9r\u00fcl\u00e9sek ut\u00e1n seg\u00edtettek fel\u00e9p\u00fclni.\",\"breadcrumb\":{\"@id\":\"https:\/\/www.welovecycling.com\/hu\/trekking-mtb\/a-stoneman-osveny-teljesitese-2-nap-alatt\/#breadcrumb\"},\"inLanguage\":\"hu\",\"potentialAction\":[{\"@type\":\"ReadAction\",\"target\":[\"https:\/\/www.welovecycling.com\/hu\/trekking-mtb\/a-stoneman-osveny-teljesitese-2-nap-alatt\/\"]}]},{\"@type\":\"ImageObject\",\"inLanguage\":\"hu\",\"@id\":\"https:\/\/www.welovecycling.com\/hu\/trekking-mtb\/a-stoneman-osveny-teljesitese-2-nap-alatt\/#primaryimage\",\"url\":\"https:\/\/d2p6e6u75xmxt8.cloudfront.net\/12\/2020\/11\/Stoneman-CVR.jpg\",\"contentUrl\":\"https:\/\/d2p6e6u75xmxt8.cloudfront.net\/12\/2020\/11\/Stoneman-CVR.jpg\",\"width\":1366,\"height\":600,\"caption\":\"Stoneman challenge\"},{\"@type\":\"BreadcrumbList\",\"@id\":\"https:\/\/www.welovecycling.com\/hu\/trekking-mtb\/a-stoneman-osveny-teljesitese-2-nap-alatt\/#breadcrumb\",\"itemListElement\":[{\"@type\":\"ListItem\",\"position\":1,\"name\":\"Home\",\"item\":\"https:\/\/www.welovecycling.com\/hu\/\"},{\"@type\":\"ListItem\",\"position\":2,\"name\":\"A Stoneman-\u00f6sv\u00e9ny teljes\u00edt\u00e9se, 2 nap alatt\"}]},{\"@type\":\"WebSite\",\"@id\":\"https:\/\/www.welovecycling.com\/hu\/#website\",\"url\":\"https:\/\/www.welovecycling.com\/hu\/\",\"name\":\"\u0160koda We Love Cycling - Magyarorsz\u00e1g\",\"description\":\"\u0160koda WeLoveCycling\",\"potentialAction\":[{\"@type\":\"SearchAction\",\"target\":{\"@type\":\"EntryPoint\",\"urlTemplate\":\"https:\/\/www.welovecycling.com\/hu\/?s={search_term_string}\"},\"query-input\":{\"@type\":\"PropertyValueSpecification\",\"valueRequired\":true,\"valueName\":\"search_term_string\"}}],\"inLanguage\":\"hu\"},{\"@type\":\"Person\",\"@id\":\"https:\/\/www.welovecycling.com\/hu\/#\/schema\/person\/414a2aebf1801691a5320edb6468e194\",\"name\":\"hegyizs\",\"image\":{\"@type\":\"ImageObject\",\"inLanguage\":\"hu\",\"@id\":\"https:\/\/www.welovecycling.com\/hu\/#\/schema\/person\/image\/\",\"url\":\"https:\/\/secure.gravatar.com\/avatar\/02cf8a7906b8cf90cecb4679defac7cfd33a1c2e3b88e4903d947f3bb58eedd3?s=96&d=mm&r=g\",\"contentUrl\":\"https:\/\/secure.gravatar.com\/avatar\/02cf8a7906b8cf90cecb4679defac7cfd33a1c2e3b88e4903d947f3bb58eedd3?s=96&d=mm&r=g\",\"caption\":\"hegyizs\"},\"url\":\"https:\/\/www.welovecycling.com\/hu\/author\/hegyizs\/\"}]}<\/script>\n<!-- \/ Yoast SEO Premium plugin. -->","yoast_head_json":{"title":"A Stoneman-\u00f6sv\u00e9ny teljes\u00edt\u00e9se, 2 nap alatt","description":"\u00d6reg cimbor\u00e1m, Pavel Cinegr hivat\u00e1sos ortop\u00e9d seb\u00e9sz, akinek m\u00e1r t\u00f6bb orvosi beavatkoz\u00e1s\u00e9rt tartozom k\u00f6sz\u00f6nettel, amelyek s\u00falyos sports\u00e9r\u00fcl\u00e9sek ut\u00e1n seg\u00edtettek fel\u00e9p\u00fclni.","robots":{"index":"index","follow":"follow","max-snippet":"max-snippet:-1","max-image-preview":"max-image-preview:large","max-video-preview":"max-video-preview:-1"},"canonical":"https:\/\/www.welovecycling.com\/hu\/trekking-mtb\/a-stoneman-osveny-teljesitese-2-nap-alatt\/","og_locale":"hu_HU","og_type":"article","og_title":"A Stoneman-\u00f6sv\u00e9ny teljes\u00edt\u00e9se, 2 nap alatt","og_description":"\u00d6reg cimbor\u00e1m, Pavel Cinegr hivat\u00e1sos ortop\u00e9d seb\u00e9sz, akinek m\u00e1r t\u00f6bb orvosi beavatkoz\u00e1s\u00e9rt tartozom k\u00f6sz\u00f6nettel, amelyek s\u00falyos sports\u00e9r\u00fcl\u00e9sek ut\u00e1n seg\u00edtettek fel\u00e9p\u00fclni. Szerencs\u00e9re nem csak v\u00e9szhelyzet eset\u00e9n h\u00edvhatom \u0151t.","og_url":"https:\/\/www.welovecycling.com\/hu\/trekking-mtb\/a-stoneman-osveny-teljesitese-2-nap-alatt\/","og_site_name":"\u0160koda We Love Cycling - Magyarorsz\u00e1g","article_publisher":"https:\/\/www.facebook.com\/WeLoveCyclingHungary\/","article_published_time":"2020-11-11T07:00:28+00:00","og_image":[{"width":1366,"height":600,"url":"https:\/\/d2p6e6u75xmxt8.cloudfront.net\/12\/2020\/11\/Stoneman-CVR.jpg","type":"image\/jpeg"}],"author":"hegyizs","twitter_card":"summary_large_image","twitter_misc":{"Written by":"Adam Marsal","Est. reading time":"6"},"schema":{"@context":"https:\/\/schema.org","@graph":[{"@type":"WebPage","@id":"https:\/\/www.welovecycling.com\/hu\/trekking-mtb\/a-stoneman-osveny-teljesitese-2-nap-alatt\/","url":"https:\/\/www.welovecycling.com\/hu\/trekking-mtb\/a-stoneman-osveny-teljesitese-2-nap-alatt\/","name":"A Stoneman-\u00f6sv\u00e9ny teljes\u00edt\u00e9se, 2 nap alatt","isPartOf":{"@id":"https:\/\/www.welovecycling.com\/hu\/#website"},"primaryImageOfPage":{"@id":"https:\/\/www.welovecycling.com\/hu\/trekking-mtb\/a-stoneman-osveny-teljesitese-2-nap-alatt\/#primaryimage"},"image":{"@id":"https:\/\/www.welovecycling.com\/hu\/trekking-mtb\/a-stoneman-osveny-teljesitese-2-nap-alatt\/#primaryimage"},"thumbnailUrl":"https:\/\/d2p6e6u75xmxt8.cloudfront.net\/12\/2020\/11\/Stoneman-CVR.jpg","datePublished":"2020-11-11T07:00:28+00:00","author":{"@id":"https:\/\/www.welovecycling.com\/hu\/#\/schema\/person\/414a2aebf1801691a5320edb6468e194"},"description":"\u00d6reg cimbor\u00e1m, Pavel Cinegr hivat\u00e1sos ortop\u00e9d seb\u00e9sz, akinek m\u00e1r t\u00f6bb orvosi beavatkoz\u00e1s\u00e9rt tartozom k\u00f6sz\u00f6nettel, amelyek s\u00falyos sports\u00e9r\u00fcl\u00e9sek ut\u00e1n seg\u00edtettek fel\u00e9p\u00fclni.","breadcrumb":{"@id":"https:\/\/www.welovecycling.com\/hu\/trekking-mtb\/a-stoneman-osveny-teljesitese-2-nap-alatt\/#breadcrumb"},"inLanguage":"hu","potentialAction":[{"@type":"ReadAction","target":["https:\/\/www.welovecycling.com\/hu\/trekking-mtb\/a-stoneman-osveny-teljesitese-2-nap-alatt\/"]}]},{"@type":"ImageObject","inLanguage":"hu","@id":"https:\/\/www.welovecycling.com\/hu\/trekking-mtb\/a-stoneman-osveny-teljesitese-2-nap-alatt\/#primaryimage","url":"https:\/\/d2p6e6u75xmxt8.cloudfront.net\/12\/2020\/11\/Stoneman-CVR.jpg","contentUrl":"https:\/\/d2p6e6u75xmxt8.cloudfront.net\/12\/2020\/11\/Stoneman-CVR.jpg","width":1366,"height":600,"caption":"Stoneman challenge"},{"@type":"BreadcrumbList","@id":"https:\/\/www.welovecycling.com\/hu\/trekking-mtb\/a-stoneman-osveny-teljesitese-2-nap-alatt\/#breadcrumb","itemListElement":[{"@type":"ListItem","position":1,"name":"Home","item":"https:\/\/www.welovecycling.com\/hu\/"},{"@type":"ListItem","position":2,"name":"A Stoneman-\u00f6sv\u00e9ny teljes\u00edt\u00e9se, 2 nap alatt"}]},{"@type":"WebSite","@id":"https:\/\/www.welovecycling.com\/hu\/#website","url":"https:\/\/www.welovecycling.com\/hu\/","name":"\u0160koda We Love Cycling - Magyarorsz\u00e1g","description":"\u0160koda WeLoveCycling","potentialAction":[{"@type":"SearchAction","target":{"@type":"EntryPoint","urlTemplate":"https:\/\/www.welovecycling.com\/hu\/?s={search_term_string}"},"query-input":{"@type":"PropertyValueSpecification","valueRequired":true,"valueName":"search_term_string"}}],"inLanguage":"hu"},{"@type":"Person","@id":"https:\/\/www.welovecycling.com\/hu\/#\/schema\/person\/414a2aebf1801691a5320edb6468e194","name":"hegyizs","image":{"@type":"ImageObject","inLanguage":"hu","@id":"https:\/\/www.welovecycling.com\/hu\/#\/schema\/person\/image\/","url":"https:\/\/secure.gravatar.com\/avatar\/02cf8a7906b8cf90cecb4679defac7cfd33a1c2e3b88e4903d947f3bb58eedd3?s=96&d=mm&r=g","contentUrl":"https:\/\/secure.gravatar.com\/avatar\/02cf8a7906b8cf90cecb4679defac7cfd33a1c2e3b88e4903d947f3bb58eedd3?s=96&d=mm&r=g","caption":"hegyizs"},"url":"https:\/\/www.welovecycling.com\/hu\/author\/hegyizs\/"}]}},"_links":{"self":[{"href":"https:\/\/www.welovecycling.com\/hu\/wp-json\/wp\/v2\/posts\/8931","targetHints":{"allow":["GET"]}}],"collection":[{"href":"https:\/\/www.welovecycling.com\/hu\/wp-json\/wp\/v2\/posts"}],"about":[{"href":"https:\/\/www.welovecycling.com\/hu\/wp-json\/wp\/v2\/types\/post"}],"author":[{"embeddable":true,"href":"https:\/\/www.welovecycling.com\/hu\/wp-json\/wp\/v2\/users\/71"}],"replies":[{"embeddable":true,"href":"https:\/\/www.welovecycling.com\/hu\/wp-json\/wp\/v2\/comments?post=8931"}],"version-history":[{"count":2,"href":"https:\/\/www.welovecycling.com\/hu\/wp-json\/wp\/v2\/posts\/8931\/revisions"}],"predecessor-version":[{"id":8942,"href":"https:\/\/www.welovecycling.com\/hu\/wp-json\/wp\/v2\/posts\/8931\/revisions\/8942"}],"wp:featuredmedia":[{"embeddable":true,"href":"https:\/\/www.welovecycling.com\/hu\/wp-json\/wp\/v2\/media\/8937"}],"wp:attachment":[{"href":"https:\/\/www.welovecycling.com\/hu\/wp-json\/wp\/v2\/media?parent=8931"}],"wp:term":[{"taxonomy":"category","embeddable":true,"href":"https:\/\/www.welovecycling.com\/hu\/wp-json\/wp\/v2\/categories?post=8931"},{"taxonomy":"post_tag","embeddable":true,"href":"https:\/\/www.welovecycling.com\/hu\/wp-json\/wp\/v2\/tags?post=8931"},{"taxonomy":"global-categories","embeddable":true,"href":"https:\/\/www.welovecycling.com\/hu\/wp-json\/wp\/v2\/global-categories?post=8931"}],"curies":[{"name":"wp","href":"https:\/\/api.w.org\/{rel}","templated":true}]}}